{"id":13861,"date":"2023-01-27T10:49:06","date_gmt":"2023-01-27T10:49:06","guid":{"rendered":"https:\/\/www.latribunedufaso.net\/?p=13861"},"modified":"2024-06-04T12:54:21","modified_gmt":"2024-06-04T12:54:21","slug":"securite-la-police-nationale-rend-hommage-a-lancien-dg-jean-bosco-kienou","status":"publish","type":"post","link":"https:\/\/www.latribunedufaso.net\/?p=13861","title":{"rendered":"S\u00e9curit\u00e9 : La Police nationale rend hommage \u00e0 l&rsquo;ancien DG Jean Bosco Kienou"},"content":{"rendered":"<div class=\"xdj266r x11i5rnm xat24cr x1mh8g0r x1vvkbs x126k92a\">\n<div dir=\"auto\">MATDS : La Police nationale rend hommage \u00e0 l\u2019Inspecteur G\u00e9n\u00e9ral de Police, Jean Bosco KIENOU, admis \u00e0 la retraite<\/div>\n<\/div>\n<div class=\"x11i5rnm xat24cr x1mh8g0r x1vvkbs xtlvy1s x126k92a\">\n<div dir=\"auto\">La Direction G\u00e9n\u00e9rale de la Police nationale a organis\u00e9, le jeudi 26 janvier 2023, \u00e0 Ouagadougou, une c\u00e9r\u00e9monie d\u2019hommage \u00e0 l\u2019Inspecteur G\u00e9n\u00e9ral de Police, Jean Bosco KIENOU, Conseiller Technique du Ministre de l\u2019Administration Territoriale de la D\u00e9centralisation et de la S\u00e9curit\u00e9 et ancien Directeur G\u00e9n\u00e9ral de la Police nationale, admis \u00e0 la retraite \u00e0 compter de <a tabindex=\"-1\"><\/a>la date du 28 janvier 2023.<\/div>\n<\/div>\n<div class=\"x11i5rnm xat24cr x1mh8g0r x1vvkbs xtlvy1s x126k92a\">\n<div dir=\"auto\">Cette c\u00e9r\u00e9monie d\u2019hommage, riche en \u00e9motion, pr\u00e9sid\u00e9e par le Ministre de l\u2019Administration Territoriale, de la D\u00e9centralisation et de la S\u00e9curit\u00e9, le Colonel Boukar\u00e9 ZOUNGRANA, est la premi\u00e8re du genre, organis\u00e9e pour magnifier le d\u00e9part \u00e0 la retraite d\u2019un ancien Directeur G\u00e9n\u00e9ral de la Police nationale. Le Ministre Boukar\u00e9 ZOUNGRANA a ainsi exprim\u00e9 ses sinc\u00e8res satisfactions pour l\u2019initiative des premiers responsables de la Police nationale.<\/div>\n<div dir=\"auto\">A l\u2019endroit de l\u2019ancien Directeur G\u00e9n\u00e9ral de la Police nationale, Jean Bosco KIENOU, le Colonel ZOUNGRANA a rendu un hommage m\u00e9rit\u00e9 pour le travail qu\u2019il a abattu pendant sa carri\u00e8re et souhait\u00e9 que cette retraite soit pleine tout en souhaitant que l\u2019institution polici\u00e8re continue de b\u00e9n\u00e9ficier de ses conseils avis\u00e9s.<\/div>\n<\/div>\n<div class=\"x11i5rnm xat24cr x1mh8g0r x1vvkbs xtlvy1s x126k92a\">\n<div dir=\"auto\">Le Ministre D\u00e9l\u00e9gu\u00e9, Mahamadou SANA, a \u00e9galement remerci\u00e9 l\u2019Inspecteur G\u00e9n\u00e9ral de Police admis \u00e0 la retraite pour ses \u0153uvres au service de la Police nationale. Il a par ailleurs, laiss\u00e9 entendre que ces genres de c\u00e9r\u00e9monie seront organis\u00e9es d\u00e9sormais pour rendre hommage aux Directeurs G\u00e9n\u00e9raux et aux autres personnels policiers appel\u00e9s \u00e0 faire valoir leur droit \u00e0 la retraite.<\/div>\n<\/div>\n<div class=\"x11i5rnm xat24cr x1mh8g0r x1vvkbs xtlvy1s x126k92a\">\n<div dir=\"auto\">Pour le Directeur G\u00e9n\u00e9ral de la Police nationale, le Contr\u00f4leur G\u00e9n\u00e9ral de Police, Roger OUEDRAOGO, l\u2019Inspecteur G\u00e9n\u00e9ral de Police, Jean Bosco KIENOU, a laiss\u00e9 des traces ind\u00e9l\u00e9biles dans l\u2019histoire de l\u2019institution polici\u00e8re. Selon lui, ces traces vont inspirer les policiers d\u2019aujourd\u2019hui et bien d\u2019autres g\u00e9n\u00e9rations. Il dit retenir de l\u2019ancien DG,<\/div>\n<div dir=\"auto\">\u00ab un Conducteur d\u2019hommes \u00bb qui aura trac\u00e9 des sillions pour l\u2019Administration polici\u00e8re durant son commandement.<\/div>\n<\/div>\n<div class=\"x11i5rnm xat24cr x1mh8g0r x1vvkbs xtlvy1s x126k92a\">\n<div dir=\"auto\">L\u2019Inspecteur G\u00e9n\u00e9ral de Police Jean Bosco KIENOU, a rendu gr\u00e2ce \u00e0 Dieu, le tout puissant, qui a bien voulu ce moment, apr\u00e8s avoir pass\u00e9 35 ans 06 mois et 25 jours de sa vie, \u00e0 la Police nationale. Il a exprim\u00e9 sa profonde reconnaissance \u00e0 tous ceux qui l\u2019ont soutenu durant tous ces moments pass\u00e9s au service de la Nation. Pour lui, cette c\u00e9r\u00e9monie qui est la toute premi\u00e8re dans la Police nationale, est \u00e0 l\u2019honneur de tous les policiers.<\/div>\n<div dir=\"auto\">\u00ab Comme toute \u0153uvre humaine, Il y a eu des insatisfactions durant mes 35 ans de carri\u00e8res. Je voudrais demander pardon \u00e0 tous ceux que j\u2019ai offens\u00e9 \u00bb, s\u2019est-il exprim\u00e9. L\u2019Inspecteur G\u00e9n\u00e9ral de Police a par ailleurs, salu\u00e9 la m\u00e9moire de tous les policiers qui nous ont quitt\u00e9s les armes \u00e0 la main. Il a souhait\u00e9 prompt r\u00e9tablissement aux bless\u00e9s, encourag\u00e9 et f\u00e9licit\u00e9 tous les Policiers qui sont sur le terrain pour leur d\u00e9vouement et leur patriotisme.<\/div>\n<\/div>\n<div class=\"x11i5rnm xat24cr x1mh8g0r x1vvkbs xtlvy1s x126k92a\">\n<div dir=\"auto\">Jean Bosco KIENOU est rentr\u00e9 \u00e0 la Police nationale en 1988. Il a \u00e9t\u00e9 Chef de la Division des Renseignements G\u00e9n\u00e9raux de la Direction de la S\u00fbret\u00e9 de l\u2019Etat en 1999 ; Directeur de la Suret\u00e9 de l\u2019Etat (DSE) en 2008 ; Directeur G\u00e9n\u00e9ral Adjoint de la Police nationale (DGA) en 2009 ; D\u00e9put\u00e9 au Conseil National de la Transition (CNT) en 2015. En 2016, il effectue son retour au Minist\u00e8re de la S\u00e9curit\u00e9 pour d\u2019autres responsabilit\u00e9s. Il est nomm\u00e9 en 2017, Directeur G\u00e9n\u00e9ral de la Police nationale jusqu\u2019en 2022. Il prend sa retraite en \u00e9tant Conseiller Technique du Ministre de l\u2019Administration Territoriale de la D\u00e9centralisation et de la S\u00e9curit\u00e9.<\/div>\n<\/div>\n<div class=\"x11i5rnm xat24cr x1mh8g0r x1vvkbs xtlvy1s x126k92a\">\n<div dir=\"auto\">DCRP\/MATDS<\/div>\n<\/div>\n","protected":false},"excerpt":{"rendered":"<p>MATDS : La Police nationale rend hommage \u00e0 l\u2019Inspecteur G\u00e9n\u00e9ral de Police, Jean Bosco KIENOU, admis \u00e0 la retraite La Direction G\u00e9n\u00e9rale de la Police nationale a organis\u00e9, le jeudi 26 janvier 2023, \u00e0 Ouagadougou, une c\u00e9r\u00e9monie d\u2019hommage \u00e0 l\u2019Inspecteur G\u00e9n\u00e9ral de Police, Jean Bosco KIENOU, Conseiller Technique du Ministre de l\u2019Administration Territoriale de la D\u00e9centralisation et de la S\u00e9curit\u00e9 et ancien Directeur G\u00e9n\u00e9ral de la Police nationale, admis \u00e0 la retraite \u00e0 compter de la date du 28 janvier 2023. Cette c\u00e9r\u00e9monie d\u2019hommage, riche en \u00e9motion, pr\u00e9sid\u00e9e par le Ministre de l\u2019Administration Territoriale, de la D\u00e9centralisation et de la S\u00e9curit\u00e9, le Colonel Boukar\u00e9 ZOUNGRANA, est la premi\u00e8re du genre, organis\u00e9e pour magnifier le d\u00e9part \u00e0 la retraite d\u2019un ancien Directeur G\u00e9n\u00e9ral de la Police nationale. Le Ministre Boukar\u00e9 ZOUNGRANA a ainsi exprim\u00e9 ses sinc\u00e8res satisfactions pour l\u2019initiative des premiers responsables de la Police nationale. A l\u2019endroit de l\u2019ancien Directeur G\u00e9n\u00e9ral de la Police nationale, Jean Bosco KIENOU, le Colonel ZOUNGRANA a rendu un hommage m\u00e9rit\u00e9 pour le travail qu\u2019il a abattu pendant sa carri\u00e8re et souhait\u00e9 que cette retraite soit pleine tout en souhaitant que l\u2019institution polici\u00e8re continue de b\u00e9n\u00e9ficier de ses conseils avis\u00e9s. Le Ministre D\u00e9l\u00e9gu\u00e9, Mahamadou SANA, a \u00e9galement remerci\u00e9 l\u2019Inspecteur G\u00e9n\u00e9ral de Police admis \u00e0 la retraite pour ses \u0153uvres au service de la Police nationale. Il a par ailleurs, laiss\u00e9 entendre que ces genres de c\u00e9r\u00e9monie seront organis\u00e9es d\u00e9sormais pour rendre hommage aux Directeurs G\u00e9n\u00e9raux et aux autres personnels policiers appel\u00e9s \u00e0 faire valoir leur droit \u00e0 la retraite. Pour le Directeur G\u00e9n\u00e9ral de la Police nationale, le Contr\u00f4leur G\u00e9n\u00e9ral de Police, Roger OUEDRAOGO, l\u2019Inspecteur G\u00e9n\u00e9ral de Police, Jean Bosco KIENOU, a laiss\u00e9 des traces ind\u00e9l\u00e9biles dans l\u2019histoire de l\u2019institution polici\u00e8re. Selon lui, ces traces vont inspirer les policiers d\u2019aujourd\u2019hui et bien d\u2019autres g\u00e9n\u00e9rations. Il dit retenir de l\u2019ancien DG, \u00ab un Conducteur d\u2019hommes \u00bb qui aura trac\u00e9 des sillions pour l\u2019Administration polici\u00e8re durant son commandement. L\u2019Inspecteur G\u00e9n\u00e9ral de Police Jean Bosco KIENOU, a rendu gr\u00e2ce \u00e0 Dieu, le tout puissant, qui a bien voulu ce moment, apr\u00e8s avoir pass\u00e9 35 ans 06 mois et 25 jours de sa vie, \u00e0 la Police nationale. Il a exprim\u00e9 sa profonde reconnaissance \u00e0 tous ceux qui l\u2019ont soutenu durant tous ces moments pass\u00e9s au service de la Nation. Pour lui, cette c\u00e9r\u00e9monie qui est la toute premi\u00e8re dans la Police nationale, est \u00e0 l\u2019honneur de tous les policiers. \u00ab Comme toute \u0153uvre humaine, Il y a eu des insatisfactions durant mes 35 ans de carri\u00e8res. Je voudrais demander pardon \u00e0 tous ceux que j\u2019ai offens\u00e9 \u00bb, s\u2019est-il exprim\u00e9. L\u2019Inspecteur G\u00e9n\u00e9ral de Police a par ailleurs, salu\u00e9 la m\u00e9moire de tous les policiers qui nous ont quitt\u00e9s les armes \u00e0 la main. Il a souhait\u00e9 prompt r\u00e9tablissement aux bless\u00e9s, encourag\u00e9 et f\u00e9licit\u00e9 tous les Policiers qui sont sur le terrain pour leur d\u00e9vouement et leur patriotisme. Jean Bosco KIENOU est rentr\u00e9 \u00e0 la Police nationale en 1988. Il a \u00e9t\u00e9 Chef de la Division des Renseignements G\u00e9n\u00e9raux de la Direction de la S\u00fbret\u00e9 de l\u2019Etat en 1999 ; Directeur de la Suret\u00e9 de l\u2019Etat (DSE) en 2008 ; Directeur G\u00e9n\u00e9ral Adjoint de la Police nationale (DGA) en 2009 ; D\u00e9put\u00e9 au Conseil National de la Transition (CNT) en 2015. En 2016, il effectue son retour au Minist\u00e8re de la S\u00e9curit\u00e9 pour d\u2019autres responsabilit\u00e9s. Il est nomm\u00e9 en 2017, Directeur G\u00e9n\u00e9ral de la Police nationale jusqu\u2019en 2022. Il prend sa retraite en \u00e9tant Conseiller Technique du Ministre de l\u2019Administration Territoriale de la D\u00e9centralisation et de la S\u00e9curit\u00e9. DCRP\/MATDS<\/p>\n","protected":false},"author":2,"featured_media":13862,"comment_status":"open","ping_status":"open","sticky":false,"template":"","format":"standard","meta":{"footnotes":""},"categories":[1,8],"tags":[],"class_list":["post-13861","post","type-post","status-publish","format-standard","has-post-thumbnail","hentry","category-actu","category-societe"],"yoast_head":"<!-- This site is optimized with the Yoast SEO plugin v27.5 - https:\/\/yoast.com\/product\/yoast-seo-wordpress\/ -->\n<title>S\u00e9curit\u00e9 : La Police nationale rend hommage \u00e0 l&#039;ancien DG Jean Bosco Kienou - La Tribune du Faso<\/title>\n<meta name=\"robots\" content=\"index, follow, max-snippet:-1, max-image-preview:large, max-video-preview:-1\" \/>\n<link rel=\"canonical\" href=\"https:\/\/www.latribunedufaso.net\/?p=13861\" \/>\n<meta property=\"og:locale\" content=\"fr_FR\" \/>\n<meta property=\"og:type\" content=\"article\" \/>\n<meta property=\"og:title\" content=\"S\u00e9curit\u00e9 : La Police nationale rend hommage \u00e0 l&#039;ancien DG Jean Bosco Kienou - La Tribune du Faso\" \/>\n<meta property=\"og:description\" content=\"MATDS : La Police nationale rend hommage \u00e0 l\u2019Inspecteur G\u00e9n\u00e9ral de Police, Jean Bosco KIENOU, admis \u00e0 la retraite La Direction G\u00e9n\u00e9rale de la Police nationale a organis\u00e9, le jeudi 26 janvier 2023, \u00e0 Ouagadougou, une c\u00e9r\u00e9monie d\u2019hommage \u00e0 l\u2019Inspecteur G\u00e9n\u00e9ral de Police, Jean Bosco KIENOU, Conseiller Technique du Ministre de l\u2019Administration Territoriale de la D\u00e9centralisation et de la S\u00e9curit\u00e9 et ancien Directeur G\u00e9n\u00e9ral de la Police nationale, admis \u00e0 la retraite \u00e0 compter de la date du 28 janvier 2023. Cette c\u00e9r\u00e9monie d\u2019hommage, riche en \u00e9motion, pr\u00e9sid\u00e9e par le Ministre de l\u2019Administration Territoriale, de la D\u00e9centralisation et de la S\u00e9curit\u00e9, le Colonel Boukar\u00e9 ZOUNGRANA, est la premi\u00e8re du genre, organis\u00e9e pour magnifier le d\u00e9part \u00e0 la retraite d\u2019un ancien Directeur G\u00e9n\u00e9ral de la Police nationale. Le Ministre Boukar\u00e9 ZOUNGRANA a ainsi exprim\u00e9 ses sinc\u00e8res satisfactions pour l\u2019initiative des premiers responsables de la Police nationale. A l\u2019endroit de l\u2019ancien Directeur G\u00e9n\u00e9ral de la Police nationale, Jean Bosco KIENOU, le Colonel ZOUNGRANA a rendu un hommage m\u00e9rit\u00e9 pour le travail qu\u2019il a abattu pendant sa carri\u00e8re et souhait\u00e9 que cette retraite soit pleine tout en souhaitant que l\u2019institution polici\u00e8re continue de b\u00e9n\u00e9ficier de ses conseils avis\u00e9s. Le Ministre D\u00e9l\u00e9gu\u00e9, Mahamadou SANA, a \u00e9galement remerci\u00e9 l\u2019Inspecteur G\u00e9n\u00e9ral de Police admis \u00e0 la retraite pour ses \u0153uvres au service de la Police nationale. Il a par ailleurs, laiss\u00e9 entendre que ces genres de c\u00e9r\u00e9monie seront organis\u00e9es d\u00e9sormais pour rendre hommage aux Directeurs G\u00e9n\u00e9raux et aux autres personnels policiers appel\u00e9s \u00e0 faire valoir leur droit \u00e0 la retraite. Pour le Directeur G\u00e9n\u00e9ral de la Police nationale, le Contr\u00f4leur G\u00e9n\u00e9ral de Police, Roger OUEDRAOGO, l\u2019Inspecteur G\u00e9n\u00e9ral de Police, Jean Bosco KIENOU, a laiss\u00e9 des traces ind\u00e9l\u00e9biles dans l\u2019histoire de l\u2019institution polici\u00e8re. Selon lui, ces traces vont inspirer les policiers d\u2019aujourd\u2019hui et bien d\u2019autres g\u00e9n\u00e9rations. Il dit retenir de l\u2019ancien DG, \u00ab un Conducteur d\u2019hommes \u00bb qui aura trac\u00e9 des sillions pour l\u2019Administration polici\u00e8re durant son commandement. L\u2019Inspecteur G\u00e9n\u00e9ral de Police Jean Bosco KIENOU, a rendu gr\u00e2ce \u00e0 Dieu, le tout puissant, qui a bien voulu ce moment, apr\u00e8s avoir pass\u00e9 35 ans 06 mois et 25 jours de sa vie, \u00e0 la Police nationale. Il a exprim\u00e9 sa profonde reconnaissance \u00e0 tous ceux qui l\u2019ont soutenu durant tous ces moments pass\u00e9s au service de la Nation. Pour lui, cette c\u00e9r\u00e9monie qui est la toute premi\u00e8re dans la Police nationale, est \u00e0 l\u2019honneur de tous les policiers. \u00ab Comme toute \u0153uvre humaine, Il y a eu des insatisfactions durant mes 35 ans de carri\u00e8res. Je voudrais demander pardon \u00e0 tous ceux que j\u2019ai offens\u00e9 \u00bb, s\u2019est-il exprim\u00e9. L\u2019Inspecteur G\u00e9n\u00e9ral de Police a par ailleurs, salu\u00e9 la m\u00e9moire de tous les policiers qui nous ont quitt\u00e9s les armes \u00e0 la main. Il a souhait\u00e9 prompt r\u00e9tablissement aux bless\u00e9s, encourag\u00e9 et f\u00e9licit\u00e9 tous les Policiers qui sont sur le terrain pour leur d\u00e9vouement et leur patriotisme. Jean Bosco KIENOU est rentr\u00e9 \u00e0 la Police nationale en 1988. Il a \u00e9t\u00e9 Chef de la Division des Renseignements G\u00e9n\u00e9raux de la Direction de la S\u00fbret\u00e9 de l\u2019Etat en 1999 ; Directeur de la Suret\u00e9 de l\u2019Etat (DSE) en 2008 ; Directeur G\u00e9n\u00e9ral Adjoint de la Police nationale (DGA) en 2009 ; D\u00e9put\u00e9 au Conseil National de la Transition (CNT) en 2015. En 2016, il effectue son retour au Minist\u00e8re de la S\u00e9curit\u00e9 pour d\u2019autres responsabilit\u00e9s. Il est nomm\u00e9 en 2017, Directeur G\u00e9n\u00e9ral de la Police nationale jusqu\u2019en 2022. Il prend sa retraite en \u00e9tant Conseiller Technique du Ministre de l\u2019Administration Territoriale de la D\u00e9centralisation et de la S\u00e9curit\u00e9. DCRP\/MATDS\" \/>\n<meta property=\"og:url\" content=\"https:\/\/www.latribunedufaso.net\/?p=13861\" \/>\n<meta property=\"og:site_name\" content=\"La Tribune du Faso\" \/>\n<meta property=\"article:publisher\" content=\"https:\/\/www.facebook.com\/LatribuneduFaso\/\" \/>\n<meta property=\"article:published_time\" content=\"2023-01-27T10:49:06+00:00\" \/>\n<meta property=\"article:modified_time\" content=\"2024-06-04T12:54:21+00:00\" \/>\n<meta property=\"og:image\" content=\"https:\/\/www.latribunedufaso.net\/wp-content\/uploads\/2024\/06\/326992772_561778979192474_1337191837493961548_n.jpg\" \/>\n\t<meta property=\"og:image:width\" content=\"1280\" \/>\n\t<meta property=\"og:image:height\" content=\"914\" \/>\n\t<meta property=\"og:image:type\" content=\"image\/jpeg\" \/>\n<meta name=\"author\" content=\"Administrateur\" \/>\n<meta name=\"twitter:label1\" content=\"\u00c9crit par\" \/>\n\t<meta name=\"twitter:data1\" content=\"Administrateur\" \/>\n\t<meta name=\"twitter:label2\" content=\"Dur\u00e9e de lecture estim\u00e9e\" \/>\n\t<meta name=\"twitter:data2\" content=\"3 minutes\" \/>\n<script type=\"application\/ld+json\" class=\"yoast-schema-graph\">{\"@context\":\"https:\\\/\\\/schema.org\",\"@graph\":[{\"@type\":\"Article\",\"@id\":\"https:\\\/\\\/www.latribunedufaso.net\\\/?p=13861#article\",\"isPartOf\":{\"@id\":\"https:\\\/\\\/www.latribunedufaso.net\\\/?p=13861\"},\"author\":{\"name\":\"Administrateur\",\"@id\":\"https:\\\/\\\/www.latribunedufaso.net\\\/#\\\/schema\\\/person\\\/a380782d0605bb8aae27c40ea93b35b1\"},\"headline\":\"S\u00e9curit\u00e9 : La Police nationale rend hommage \u00e0 l&rsquo;ancien DG Jean Bosco Kienou\",\"datePublished\":\"2023-01-27T10:49:06+00:00\",\"dateModified\":\"2024-06-04T12:54:21+00:00\",\"mainEntityOfPage\":{\"@id\":\"https:\\\/\\\/www.latribunedufaso.net\\\/?p=13861\"},\"wordCount\":681,\"commentCount\":0,\"publisher\":{\"@id\":\"https:\\\/\\\/www.latribunedufaso.net\\\/#organization\"},\"image\":{\"@id\":\"https:\\\/\\\/www.latribunedufaso.net\\\/?p=13861#primaryimage\"},\"thumbnailUrl\":\"https:\\\/\\\/www.latribunedufaso.net\\\/wp-content\\\/uploads\\\/2024\\\/06\\\/326992772_561778979192474_1337191837493961548_n.jpg\",\"articleSection\":[\"Actualit\u00e9\",\"Soci\u00e9t\u00e9\"],\"inLanguage\":\"fr-FR\",\"potentialAction\":[{\"@type\":\"CommentAction\",\"name\":\"Comment\",\"target\":[\"https:\\\/\\\/www.latribunedufaso.net\\\/?p=13861#respond\"]}]},{\"@type\":\"WebPage\",\"@id\":\"https:\\\/\\\/www.latribunedufaso.net\\\/?p=13861\",\"url\":\"https:\\\/\\\/www.latribunedufaso.net\\\/?p=13861\",\"name\":\"S\u00e9curit\u00e9 : La Police nationale rend hommage \u00e0 l'ancien DG Jean Bosco Kienou - La Tribune du Faso\",\"isPartOf\":{\"@id\":\"https:\\\/\\\/www.latribunedufaso.net\\\/#website\"},\"primaryImageOfPage\":{\"@id\":\"https:\\\/\\\/www.latribunedufaso.net\\\/?p=13861#primaryimage\"},\"image\":{\"@id\":\"https:\\\/\\\/www.latribunedufaso.net\\\/?p=13861#primaryimage\"},\"thumbnailUrl\":\"https:\\\/\\\/www.latribunedufaso.net\\\/wp-content\\\/uploads\\\/2024\\\/06\\\/326992772_561778979192474_1337191837493961548_n.jpg\",\"datePublished\":\"2023-01-27T10:49:06+00:00\",\"dateModified\":\"2024-06-04T12:54:21+00:00\",\"breadcrumb\":{\"@id\":\"https:\\\/\\\/www.latribunedufaso.net\\\/?p=13861#breadcrumb\"},\"inLanguage\":\"fr-FR\",\"potentialAction\":[{\"@type\":\"ReadAction\",\"target\":[\"https:\\\/\\\/www.latribunedufaso.net\\\/?p=13861\"]}]},{\"@type\":\"ImageObject\",\"inLanguage\":\"fr-FR\",\"@id\":\"https:\\\/\\\/www.latribunedufaso.net\\\/?p=13861#primaryimage\",\"url\":\"https:\\\/\\\/www.latribunedufaso.net\\\/wp-content\\\/uploads\\\/2024\\\/06\\\/326992772_561778979192474_1337191837493961548_n.jpg\",\"contentUrl\":\"https:\\\/\\\/www.latribunedufaso.net\\\/wp-content\\\/uploads\\\/2024\\\/06\\\/326992772_561778979192474_1337191837493961548_n.jpg\",\"width\":1280,\"height\":914},{\"@type\":\"BreadcrumbList\",\"@id\":\"https:\\\/\\\/www.latribunedufaso.net\\\/?p=13861#breadcrumb\",\"itemListElement\":[{\"@type\":\"ListItem\",\"position\":1,\"name\":\"Accueil\",\"item\":\"https:\\\/\\\/www.latribunedufaso.net\\\/\"},{\"@type\":\"ListItem\",\"position\":2,\"name\":\"S\u00e9curit\u00e9 : La Police nationale rend hommage \u00e0 l&rsquo;ancien DG Jean Bosco Kienou\"}]},{\"@type\":\"WebSite\",\"@id\":\"https:\\\/\\\/www.latribunedufaso.net\\\/#website\",\"url\":\"https:\\\/\\\/www.latribunedufaso.net\\\/\",\"name\":\"La Tribune du Faso\",\"description\":\"L&#039;information du monde rural en un clic\",\"publisher\":{\"@id\":\"https:\\\/\\\/www.latribunedufaso.net\\\/#organization\"},\"potentialAction\":[{\"@type\":\"SearchAction\",\"target\":{\"@type\":\"EntryPoint\",\"urlTemplate\":\"https:\\\/\\\/www.latribunedufaso.net\\\/?s={search_term_string}\"},\"query-input\":{\"@type\":\"PropertyValueSpecification\",\"valueRequired\":true,\"valueName\":\"search_term_string\"}}],\"inLanguage\":\"fr-FR\"},{\"@type\":\"Organization\",\"@id\":\"https:\\\/\\\/www.latribunedufaso.net\\\/#organization\",\"name\":\"La Tribune du Faso\",\"url\":\"https:\\\/\\\/www.latribunedufaso.net\\\/\",\"logo\":{\"@type\":\"ImageObject\",\"inLanguage\":\"fr-FR\",\"@id\":\"https:\\\/\\\/www.latribunedufaso.net\\\/#\\\/schema\\\/logo\\\/image\\\/\",\"url\":\"https:\\\/\\\/www.latribunedufaso.net\\\/wp-content\\\/uploads\\\/2020\\\/08\\\/Logo-Tribune-du-Faso-final-scaled.jpg\",\"contentUrl\":\"https:\\\/\\\/www.latribunedufaso.net\\\/wp-content\\\/uploads\\\/2020\\\/08\\\/Logo-Tribune-du-Faso-final-scaled.jpg\",\"width\":2560,\"height\":1856,\"caption\":\"La Tribune du Faso\"},\"image\":{\"@id\":\"https:\\\/\\\/www.latribunedufaso.net\\\/#\\\/schema\\\/logo\\\/image\\\/\"},\"sameAs\":[\"https:\\\/\\\/www.facebook.com\\\/LatribuneduFaso\\\/\"]},{\"@type\":\"Person\",\"@id\":\"https:\\\/\\\/www.latribunedufaso.net\\\/#\\\/schema\\\/person\\\/a380782d0605bb8aae27c40ea93b35b1\",\"name\":\"Administrateur\",\"image\":{\"@type\":\"ImageObject\",\"inLanguage\":\"fr-FR\",\"@id\":\"https:\\\/\\\/secure.gravatar.com\\\/avatar\\\/e20266f97d741f0e80ba1f60283074a9b3317fd7bfb727e0d95b51dafbf854a1?s=96&d=mm&r=g\",\"url\":\"https:\\\/\\\/secure.gravatar.com\\\/avatar\\\/e20266f97d741f0e80ba1f60283074a9b3317fd7bfb727e0d95b51dafbf854a1?s=96&d=mm&r=g\",\"contentUrl\":\"https:\\\/\\\/secure.gravatar.com\\\/avatar\\\/e20266f97d741f0e80ba1f60283074a9b3317fd7bfb727e0d95b51dafbf854a1?s=96&d=mm&r=g\",\"caption\":\"Administrateur\"},\"url\":\"https:\\\/\\\/www.latribunedufaso.net\\\/?author=2\"}]}<\/script>\n<!-- \/ Yoast SEO plugin. -->","yoast_head_json":{"title":"S\u00e9curit\u00e9 : La Police nationale rend hommage \u00e0 l'ancien DG Jean Bosco Kienou - La Tribune du Faso","robots":{"index":"index","follow":"follow","max-snippet":"max-snippet:-1","max-image-preview":"max-image-preview:large","max-video-preview":"max-video-preview:-1"},"canonical":"https:\/\/www.latribunedufaso.net\/?p=13861","og_locale":"fr_FR","og_type":"article","og_title":"S\u00e9curit\u00e9 : La Police nationale rend hommage \u00e0 l'ancien DG Jean Bosco Kienou - La Tribune du Faso","og_description":"MATDS : La Police nationale rend hommage \u00e0 l\u2019Inspecteur G\u00e9n\u00e9ral de Police, Jean Bosco KIENOU, admis \u00e0 la retraite La Direction G\u00e9n\u00e9rale de la Police nationale a organis\u00e9, le jeudi 26 janvier 2023, \u00e0 Ouagadougou, une c\u00e9r\u00e9monie d\u2019hommage \u00e0 l\u2019Inspecteur G\u00e9n\u00e9ral de Police, Jean Bosco KIENOU, Conseiller Technique du Ministre de l\u2019Administration Territoriale de la D\u00e9centralisation et de la S\u00e9curit\u00e9 et ancien Directeur G\u00e9n\u00e9ral de la Police nationale, admis \u00e0 la retraite \u00e0 compter de la date du 28 janvier 2023. Cette c\u00e9r\u00e9monie d\u2019hommage, riche en \u00e9motion, pr\u00e9sid\u00e9e par le Ministre de l\u2019Administration Territoriale, de la D\u00e9centralisation et de la S\u00e9curit\u00e9, le Colonel Boukar\u00e9 ZOUNGRANA, est la premi\u00e8re du genre, organis\u00e9e pour magnifier le d\u00e9part \u00e0 la retraite d\u2019un ancien Directeur G\u00e9n\u00e9ral de la Police nationale. Le Ministre Boukar\u00e9 ZOUNGRANA a ainsi exprim\u00e9 ses sinc\u00e8res satisfactions pour l\u2019initiative des premiers responsables de la Police nationale. A l\u2019endroit de l\u2019ancien Directeur G\u00e9n\u00e9ral de la Police nationale, Jean Bosco KIENOU, le Colonel ZOUNGRANA a rendu un hommage m\u00e9rit\u00e9 pour le travail qu\u2019il a abattu pendant sa carri\u00e8re et souhait\u00e9 que cette retraite soit pleine tout en souhaitant que l\u2019institution polici\u00e8re continue de b\u00e9n\u00e9ficier de ses conseils avis\u00e9s. Le Ministre D\u00e9l\u00e9gu\u00e9, Mahamadou SANA, a \u00e9galement remerci\u00e9 l\u2019Inspecteur G\u00e9n\u00e9ral de Police admis \u00e0 la retraite pour ses \u0153uvres au service de la Police nationale. Il a par ailleurs, laiss\u00e9 entendre que ces genres de c\u00e9r\u00e9monie seront organis\u00e9es d\u00e9sormais pour rendre hommage aux Directeurs G\u00e9n\u00e9raux et aux autres personnels policiers appel\u00e9s \u00e0 faire valoir leur droit \u00e0 la retraite. Pour le Directeur G\u00e9n\u00e9ral de la Police nationale, le Contr\u00f4leur G\u00e9n\u00e9ral de Police, Roger OUEDRAOGO, l\u2019Inspecteur G\u00e9n\u00e9ral de Police, Jean Bosco KIENOU, a laiss\u00e9 des traces ind\u00e9l\u00e9biles dans l\u2019histoire de l\u2019institution polici\u00e8re. Selon lui, ces traces vont inspirer les policiers d\u2019aujourd\u2019hui et bien d\u2019autres g\u00e9n\u00e9rations. Il dit retenir de l\u2019ancien DG, \u00ab un Conducteur d\u2019hommes \u00bb qui aura trac\u00e9 des sillions pour l\u2019Administration polici\u00e8re durant son commandement. L\u2019Inspecteur G\u00e9n\u00e9ral de Police Jean Bosco KIENOU, a rendu gr\u00e2ce \u00e0 Dieu, le tout puissant, qui a bien voulu ce moment, apr\u00e8s avoir pass\u00e9 35 ans 06 mois et 25 jours de sa vie, \u00e0 la Police nationale. Il a exprim\u00e9 sa profonde reconnaissance \u00e0 tous ceux qui l\u2019ont soutenu durant tous ces moments pass\u00e9s au service de la Nation. Pour lui, cette c\u00e9r\u00e9monie qui est la toute premi\u00e8re dans la Police nationale, est \u00e0 l\u2019honneur de tous les policiers. \u00ab Comme toute \u0153uvre humaine, Il y a eu des insatisfactions durant mes 35 ans de carri\u00e8res. Je voudrais demander pardon \u00e0 tous ceux que j\u2019ai offens\u00e9 \u00bb, s\u2019est-il exprim\u00e9. L\u2019Inspecteur G\u00e9n\u00e9ral de Police a par ailleurs, salu\u00e9 la m\u00e9moire de tous les policiers qui nous ont quitt\u00e9s les armes \u00e0 la main. Il a souhait\u00e9 prompt r\u00e9tablissement aux bless\u00e9s, encourag\u00e9 et f\u00e9licit\u00e9 tous les Policiers qui sont sur le terrain pour leur d\u00e9vouement et leur patriotisme. Jean Bosco KIENOU est rentr\u00e9 \u00e0 la Police nationale en 1988. Il a \u00e9t\u00e9 Chef de la Division des Renseignements G\u00e9n\u00e9raux de la Direction de la S\u00fbret\u00e9 de l\u2019Etat en 1999 ; Directeur de la Suret\u00e9 de l\u2019Etat (DSE) en 2008 ; Directeur G\u00e9n\u00e9ral Adjoint de la Police nationale (DGA) en 2009 ; D\u00e9put\u00e9 au Conseil National de la Transition (CNT) en 2015. En 2016, il effectue son retour au Minist\u00e8re de la S\u00e9curit\u00e9 pour d\u2019autres responsabilit\u00e9s. Il est nomm\u00e9 en 2017, Directeur G\u00e9n\u00e9ral de la Police nationale jusqu\u2019en 2022. Il prend sa retraite en \u00e9tant Conseiller Technique du Ministre de l\u2019Administration Territoriale de la D\u00e9centralisation et de la S\u00e9curit\u00e9. DCRP\/MATDS","og_url":"https:\/\/www.latribunedufaso.net\/?p=13861","og_site_name":"La Tribune du Faso","article_publisher":"https:\/\/www.facebook.com\/LatribuneduFaso\/","article_published_time":"2023-01-27T10:49:06+00:00","article_modified_time":"2024-06-04T12:54:21+00:00","og_image":[{"width":1280,"height":914,"url":"https:\/\/www.latribunedufaso.net\/wp-content\/uploads\/2024\/06\/326992772_561778979192474_1337191837493961548_n.jpg","type":"image\/jpeg"}],"author":"Administrateur","twitter_misc":{"\u00c9crit par":"Administrateur","Dur\u00e9e de lecture estim\u00e9e":"3 minutes"},"schema":{"@context":"https:\/\/schema.org","@graph":[{"@type":"Article","@id":"https:\/\/www.latribunedufaso.net\/?p=13861#article","isPartOf":{"@id":"https:\/\/www.latribunedufaso.net\/?p=13861"},"author":{"name":"Administrateur","@id":"https:\/\/www.latribunedufaso.net\/#\/schema\/person\/a380782d0605bb8aae27c40ea93b35b1"},"headline":"S\u00e9curit\u00e9 : La Police nationale rend hommage \u00e0 l&rsquo;ancien DG Jean Bosco Kienou","datePublished":"2023-01-27T10:49:06+00:00","dateModified":"2024-06-04T12:54:21+00:00","mainEntityOfPage":{"@id":"https:\/\/www.latribunedufaso.net\/?p=13861"},"wordCount":681,"commentCount":0,"publisher":{"@id":"https:\/\/www.latribunedufaso.net\/#organization"},"image":{"@id":"https:\/\/www.latribunedufaso.net\/?p=13861#primaryimage"},"thumbnailUrl":"https:\/\/www.latribunedufaso.net\/wp-content\/uploads\/2024\/06\/326992772_561778979192474_1337191837493961548_n.jpg","articleSection":["Actualit\u00e9","Soci\u00e9t\u00e9"],"inLanguage":"fr-FR","potentialAction":[{"@type":"CommentAction","name":"Comment","target":["https:\/\/www.latribunedufaso.net\/?p=13861#respond"]}]},{"@type":"WebPage","@id":"https:\/\/www.latribunedufaso.net\/?p=13861","url":"https:\/\/www.latribunedufaso.net\/?p=13861","name":"S\u00e9curit\u00e9 : La Police nationale rend hommage \u00e0 l'ancien DG Jean Bosco Kienou - La Tribune du Faso","isPartOf":{"@id":"https:\/\/www.latribunedufaso.net\/#website"},"primaryImageOfPage":{"@id":"https:\/\/www.latribunedufaso.net\/?p=13861#primaryimage"},"image":{"@id":"https:\/\/www.latribunedufaso.net\/?p=13861#primaryimage"},"thumbnailUrl":"https:\/\/www.latribunedufaso.net\/wp-content\/uploads\/2024\/06\/326992772_561778979192474_1337191837493961548_n.jpg","datePublished":"2023-01-27T10:49:06+00:00","dateModified":"2024-06-04T12:54:21+00:00","breadcrumb":{"@id":"https:\/\/www.latribunedufaso.net\/?p=13861#breadcrumb"},"inLanguage":"fr-FR","potentialAction":[{"@type":"ReadAction","target":["https:\/\/www.latribunedufaso.net\/?p=13861"]}]},{"@type":"ImageObject","inLanguage":"fr-FR","@id":"https:\/\/www.latribunedufaso.net\/?p=13861#primaryimage","url":"https:\/\/www.latribunedufaso.net\/wp-content\/uploads\/2024\/06\/326992772_561778979192474_1337191837493961548_n.jpg","contentUrl":"https:\/\/www.latribunedufaso.net\/wp-content\/uploads\/2024\/06\/326992772_561778979192474_1337191837493961548_n.jpg","width":1280,"height":914},{"@type":"BreadcrumbList","@id":"https:\/\/www.latribunedufaso.net\/?p=13861#breadcrumb","itemListElement":[{"@type":"ListItem","position":1,"name":"Accueil","item":"https:\/\/www.latribunedufaso.net\/"},{"@type":"ListItem","position":2,"name":"S\u00e9curit\u00e9 : La Police nationale rend hommage \u00e0 l&rsquo;ancien DG Jean Bosco Kienou"}]},{"@type":"WebSite","@id":"https:\/\/www.latribunedufaso.net\/#website","url":"https:\/\/www.latribunedufaso.net\/","name":"La Tribune du Faso","description":"L&#039;information du monde rural en un clic","publisher":{"@id":"https:\/\/www.latribunedufaso.net\/#organization"},"potentialAction":[{"@type":"SearchAction","target":{"@type":"EntryPoint","urlTemplate":"https:\/\/www.latribunedufaso.net\/?s={search_term_string}"},"query-input":{"@type":"PropertyValueSpecification","valueRequired":true,"valueName":"search_term_string"}}],"inLanguage":"fr-FR"},{"@type":"Organization","@id":"https:\/\/www.latribunedufaso.net\/#organization","name":"La Tribune du Faso","url":"https:\/\/www.latribunedufaso.net\/","logo":{"@type":"ImageObject","inLanguage":"fr-FR","@id":"https:\/\/www.latribunedufaso.net\/#\/schema\/logo\/image\/","url":"https:\/\/www.latribunedufaso.net\/wp-content\/uploads\/2020\/08\/Logo-Tribune-du-Faso-final-scaled.jpg","contentUrl":"https:\/\/www.latribunedufaso.net\/wp-content\/uploads\/2020\/08\/Logo-Tribune-du-Faso-final-scaled.jpg","width":2560,"height":1856,"caption":"La Tribune du Faso"},"image":{"@id":"https:\/\/www.latribunedufaso.net\/#\/schema\/logo\/image\/"},"sameAs":["https:\/\/www.facebook.com\/LatribuneduFaso\/"]},{"@type":"Person","@id":"https:\/\/www.latribunedufaso.net\/#\/schema\/person\/a380782d0605bb8aae27c40ea93b35b1","name":"Administrateur","image":{"@type":"ImageObject","inLanguage":"fr-FR","@id":"https:\/\/secure.gravatar.com\/avatar\/e20266f97d741f0e80ba1f60283074a9b3317fd7bfb727e0d95b51dafbf854a1?s=96&d=mm&r=g","url":"https:\/\/secure.gravatar.com\/avatar\/e20266f97d741f0e80ba1f60283074a9b3317fd7bfb727e0d95b51dafbf854a1?s=96&d=mm&r=g","contentUrl":"https:\/\/secure.gravatar.com\/avatar\/e20266f97d741f0e80ba1f60283074a9b3317fd7bfb727e0d95b51dafbf854a1?s=96&d=mm&r=g","caption":"Administrateur"},"url":"https:\/\/www.latribunedufaso.net\/?author=2"}]}},"_links":{"self":[{"href":"https:\/\/www.latribunedufaso.net\/index.php?rest_route=\/wp\/v2\/posts\/13861","targetHints":{"allow":["GET"]}}],"collection":[{"href":"https:\/\/www.latribunedufaso.net\/index.php?rest_route=\/wp\/v2\/posts"}],"about":[{"href":"https:\/\/www.latribunedufaso.net\/index.php?rest_route=\/wp\/v2\/types\/post"}],"author":[{"embeddable":true,"href":"https:\/\/www.latribunedufaso.net\/index.php?rest_route=\/wp\/v2\/users\/2"}],"replies":[{"embeddable":true,"href":"https:\/\/www.latribunedufaso.net\/index.php?rest_route=%2Fwp%2Fv2%2Fcomments&post=13861"}],"version-history":[{"count":1,"href":"https:\/\/www.latribunedufaso.net\/index.php?rest_route=\/wp\/v2\/posts\/13861\/revisions"}],"predecessor-version":[{"id":13863,"href":"https:\/\/www.latribunedufaso.net\/index.php?rest_route=\/wp\/v2\/posts\/13861\/revisions\/13863"}],"wp:featuredmedia":[{"embeddable":true,"href":"https:\/\/www.latribunedufaso.net\/index.php?rest_route=\/wp\/v2\/media\/13862"}],"wp:attachment":[{"href":"https:\/\/www.latribunedufaso.net\/index.php?rest_route=%2Fwp%2Fv2%2Fmedia&parent=13861"}],"wp:term":[{"taxonomy":"category","embeddable":true,"href":"https:\/\/www.latribunedufaso.net\/index.php?rest_route=%2Fwp%2Fv2%2Fcategories&post=13861"},{"taxonomy":"post_tag","embeddable":true,"href":"https:\/\/www.latribunedufaso.net\/index.php?rest_route=%2Fwp%2Fv2%2Ftags&post=13861"}],"curies":[{"name":"wp","href":"https:\/\/api.w.org\/{rel}","templated":true}]}}