{"id":13855,"date":"2023-01-14T23:19:42","date_gmt":"2023-01-14T23:19:42","guid":{"rendered":"https:\/\/www.latribunedufaso.net\/?p=13855"},"modified":"2024-06-04T12:25:37","modified_gmt":"2024-06-04T12:25:37","slug":"education-le-syndicat-des-animateurs-de-la-vie-scolaire-chez-le-ministre","status":"publish","type":"post","link":"https:\/\/www.latribunedufaso.net\/?p=13855","title":{"rendered":"Education : Le Syndicat des animateurs de la vie scolaire chez le ministre"},"content":{"rendered":"<div class=\"xdj266r x11i5rnm xat24cr x1mh8g0r x1vvkbs x126k92a\">\n<div dir=\"auto\">Audiences au MENAPLN : le Syndicat National des Animateurs de la Vie scolaire plaide pour plus d\u2019\u00e9galit\u00e9 entre corporations<\/div>\n<\/div>\n<div class=\"x11i5rnm xat24cr x1mh8g0r x1vvkbs xtlvy1s x126k92a\">\n<div dir=\"auto\">Le syndicat national des animateurs de la vie scolaire a \u00e9t\u00e9 re\u00e7u par Joseph Andr\u00e9 OUEDRAOGO, ministre de l&rsquo;Education nationale, ce vendredi 13 janvier 2023. Les \u00e9changes ont port\u00e9 essentiellement sur des questions de carri\u00e8res des travailleurs.<\/div>\n<\/div>\n<div class=\"x11i5rnm xat24cr x1mh8g0r x1vvkbs xtlvy1s x126k92a\">\n<div dir=\"auto\">Il s&rsquo;est agi notamment de l&rsquo;allocation des indemnit\u00e9s de logement, du trousseau p\u00e9dagogique, des examens <a tabindex=\"-1\"><\/a>scolaires, des formations continues, du reversement, du reclassement des Animateurs de la vie scolaire (AVS), et du respect du ratio des effectifs \u00e0 leur charge.<\/div>\n<\/div>\n<div class=\"x11i5rnm xat24cr x1mh8g0r x1vvkbs xtlvy1s x126k92a\">\n<div dir=\"auto\">Selon le Secr\u00e9taire G\u00e9n\u00e9ral du SYNAVS, Charles DIPAMA, certains Assistants d&rsquo;\u00e9ducation seront frapp\u00e9s par la limite d&rsquo;\u00e2ge pour les concours professionnels, malgr\u00e9 la volont\u00e9 affich\u00e9e des autorit\u00e9s pour qu&rsquo;il n&rsquo;y ait plus d&rsquo;assistants d&rsquo;\u00e9ducation d&rsquo;ici \u00e0 2026. Quand aux indemnit\u00e9s de logement, les AVS estiment \u00eatre royalement ignor\u00e9s malgr\u00e9 leur activit\u00e9 \u00ab\u00a0d&rsquo;encadreurs p\u00e9dagogiques\u00a0\u00bb.<\/div>\n<\/div>\n<div class=\"x11i5rnm xat24cr x1mh8g0r x1vvkbs xtlvy1s x126k92a\">\n<div dir=\"auto\">A ces plaintes se greffent le probl\u00e8me de reversement des Conseillers d&rsquo;Education (C.E.), la nomination des C.E. comme chefs d&rsquo;\u00e9tablissement, l&rsquo;inexistence de formations continues pour les AVS et leur implication dans le d\u00e9roulement des examens\/concours scolaires, le respect du ratio de 2 classes par AVS, etc. En un mot ils d\u00e9plorent une in\u00e9galit\u00e9 de traitement des agents d&rsquo;un m\u00eame minist\u00e8re, source de d\u00e9motivation.<\/div>\n<\/div>\n<div class=\"x11i5rnm xat24cr x1mh8g0r x1vvkbs xtlvy1s x126k92a\">\n<div dir=\"auto\">Le Ministre a instruit le DRH in situ de voir la faisabilit\u00e9 de la tenue des formations continues pour les AVS qui ont des probl\u00e8mes sp\u00e9cifiques tout comme les autres corps. \u00a0\u00bb Je vais instruire les Directeurs R\u00e9gionaux et provinciaux ainsi que le Directeur des Examens et Concours \u00e0 vous impliquer dans les examens scolaires d\u00e8s cette ann\u00e9e&#8230; Pour la nomination au corps des chefs d&rsquo;\u00e9tablissement, il y a d\u00e9j\u00e0 un concours \u00e0 cet effet o\u00f9 vous pouvez y prendre part\u2026 Je sais que vos revendications sont l\u00e9gitimes\u00a0\u00bb \u00e0 laiss\u00e9 entre le Ministre.<\/div>\n<\/div>\n<div class=\"x11i5rnm xat24cr x1mh8g0r x1vvkbs xtlvy1s x126k92a\">\n<div dir=\"auto\">Sur le trousseau p\u00e9dagogique, le ministre est rest\u00e9 ferme en indiquant que c&rsquo;est un arr\u00eat\u00e9 qui stipule que seuls les enseignants en classe en sont b\u00e9n\u00e9ficiaires.<\/div>\n<div dir=\"auto\">DCRP\/MENAPLN.<\/div>\n<\/div>\n","protected":false},"excerpt":{"rendered":"<p>Audiences au MENAPLN : le Syndicat National des Animateurs de la Vie scolaire plaide pour plus d\u2019\u00e9galit\u00e9 entre corporations Le syndicat national des animateurs de la vie scolaire a \u00e9t\u00e9 re\u00e7u par Joseph Andr\u00e9 OUEDRAOGO, ministre de l&rsquo;Education nationale, ce vendredi 13 janvier 2023. Les \u00e9changes ont port\u00e9 essentiellement sur des questions de carri\u00e8res des travailleurs. Il s&rsquo;est agi notamment de l&rsquo;allocation des indemnit\u00e9s de logement, du trousseau p\u00e9dagogique, des examens scolaires, des formations continues, du reversement, du reclassement des Animateurs de la vie scolaire (AVS), et du respect du ratio des effectifs \u00e0 leur charge. Selon le Secr\u00e9taire G\u00e9n\u00e9ral du SYNAVS, Charles DIPAMA, certains Assistants d&rsquo;\u00e9ducation seront frapp\u00e9s par la limite d&rsquo;\u00e2ge pour les concours professionnels, malgr\u00e9 la volont\u00e9 affich\u00e9e des autorit\u00e9s pour qu&rsquo;il n&rsquo;y ait plus d&rsquo;assistants d&rsquo;\u00e9ducation d&rsquo;ici \u00e0 2026. Quand aux indemnit\u00e9s de logement, les AVS estiment \u00eatre royalement ignor\u00e9s malgr\u00e9 leur activit\u00e9 \u00ab\u00a0d&rsquo;encadreurs p\u00e9dagogiques\u00a0\u00bb. A ces plaintes se greffent le probl\u00e8me de reversement des Conseillers d&rsquo;Education (C.E.), la nomination des C.E. comme chefs d&rsquo;\u00e9tablissement, l&rsquo;inexistence de formations continues pour les AVS et leur implication dans le d\u00e9roulement des examens\/concours scolaires, le respect du ratio de 2 classes par AVS, etc. En un mot ils d\u00e9plorent une in\u00e9galit\u00e9 de traitement des agents d&rsquo;un m\u00eame minist\u00e8re, source de d\u00e9motivation. Le Ministre a instruit le DRH in situ de voir la faisabilit\u00e9 de la tenue des formations continues pour les AVS qui ont des probl\u00e8mes sp\u00e9cifiques tout comme les autres corps. \u00a0\u00bb Je vais instruire les Directeurs R\u00e9gionaux et provinciaux ainsi que le Directeur des Examens et Concours \u00e0 vous impliquer dans les examens scolaires d\u00e8s cette ann\u00e9e&#8230; Pour la nomination au corps des chefs d&rsquo;\u00e9tablissement, il y a d\u00e9j\u00e0 un concours \u00e0 cet effet o\u00f9 vous pouvez y prendre part\u2026 Je sais que vos revendications sont l\u00e9gitimes\u00a0\u00bb \u00e0 laiss\u00e9 entre le Ministre. Sur le trousseau p\u00e9dagogique, le ministre est rest\u00e9 ferme en indiquant que c&rsquo;est un arr\u00eat\u00e9 qui stipule que seuls les enseignants en classe en sont b\u00e9n\u00e9ficiaires. DCRP\/MENAPLN.<\/p>\n","protected":false},"author":2,"featured_media":13856,"comment_status":"open","ping_status":"open","sticky":false,"template":"","format":"standard","meta":{"footnotes":""},"categories":[1,31],"tags":[],"class_list":["post-13855","post","type-post","status-publish","format-standard","has-post-thumbnail","hentry","category-actu","category-education"],"yoast_head":"<!-- This site is optimized with the Yoast SEO plugin v27.4 - https:\/\/yoast.com\/product\/yoast-seo-wordpress\/ -->\n<title>Education : Le Syndicat des animateurs de la vie scolaire chez le ministre - La Tribune du Faso<\/title>\n<meta name=\"robots\" content=\"index, follow, max-snippet:-1, max-image-preview:large, max-video-preview:-1\" \/>\n<link rel=\"canonical\" href=\"https:\/\/www.latribunedufaso.net\/?p=13855\" \/>\n<meta property=\"og:locale\" content=\"fr_FR\" \/>\n<meta property=\"og:type\" content=\"article\" \/>\n<meta property=\"og:title\" content=\"Education : Le Syndicat des animateurs de la vie scolaire chez le ministre - La Tribune du Faso\" \/>\n<meta property=\"og:description\" content=\"Audiences au MENAPLN : le Syndicat National des Animateurs de la Vie scolaire plaide pour plus d\u2019\u00e9galit\u00e9 entre corporations Le syndicat national des animateurs de la vie scolaire a \u00e9t\u00e9 re\u00e7u par Joseph Andr\u00e9 OUEDRAOGO, ministre de l&rsquo;Education nationale, ce vendredi 13 janvier 2023. Les \u00e9changes ont port\u00e9 essentiellement sur des questions de carri\u00e8res des travailleurs. Il s&rsquo;est agi notamment de l&rsquo;allocation des indemnit\u00e9s de logement, du trousseau p\u00e9dagogique, des examens scolaires, des formations continues, du reversement, du reclassement des Animateurs de la vie scolaire (AVS), et du respect du ratio des effectifs \u00e0 leur charge. Selon le Secr\u00e9taire G\u00e9n\u00e9ral du SYNAVS, Charles DIPAMA, certains Assistants d&rsquo;\u00e9ducation seront frapp\u00e9s par la limite d&rsquo;\u00e2ge pour les concours professionnels, malgr\u00e9 la volont\u00e9 affich\u00e9e des autorit\u00e9s pour qu&rsquo;il n&rsquo;y ait plus d&rsquo;assistants d&rsquo;\u00e9ducation d&rsquo;ici \u00e0 2026. Quand aux indemnit\u00e9s de logement, les AVS estiment \u00eatre royalement ignor\u00e9s malgr\u00e9 leur activit\u00e9 \u00ab\u00a0d&rsquo;encadreurs p\u00e9dagogiques\u00a0\u00bb. A ces plaintes se greffent le probl\u00e8me de reversement des Conseillers d&rsquo;Education (C.E.), la nomination des C.E. comme chefs d&rsquo;\u00e9tablissement, l&rsquo;inexistence de formations continues pour les AVS et leur implication dans le d\u00e9roulement des examens\/concours scolaires, le respect du ratio de 2 classes par AVS, etc. En un mot ils d\u00e9plorent une in\u00e9galit\u00e9 de traitement des agents d&rsquo;un m\u00eame minist\u00e8re, source de d\u00e9motivation. Le Ministre a instruit le DRH in situ de voir la faisabilit\u00e9 de la tenue des formations continues pour les AVS qui ont des probl\u00e8mes sp\u00e9cifiques tout comme les autres corps. \u00a0\u00bb Je vais instruire les Directeurs R\u00e9gionaux et provinciaux ainsi que le Directeur des Examens et Concours \u00e0 vous impliquer dans les examens scolaires d\u00e8s cette ann\u00e9e&#8230; Pour la nomination au corps des chefs d&rsquo;\u00e9tablissement, il y a d\u00e9j\u00e0 un concours \u00e0 cet effet o\u00f9 vous pouvez y prendre part\u2026 Je sais que vos revendications sont l\u00e9gitimes\u00a0\u00bb \u00e0 laiss\u00e9 entre le Ministre. Sur le trousseau p\u00e9dagogique, le ministre est rest\u00e9 ferme en indiquant que c&rsquo;est un arr\u00eat\u00e9 qui stipule que seuls les enseignants en classe en sont b\u00e9n\u00e9ficiaires. DCRP\/MENAPLN.\" \/>\n<meta property=\"og:url\" content=\"https:\/\/www.latribunedufaso.net\/?p=13855\" \/>\n<meta property=\"og:site_name\" content=\"La Tribune du Faso\" \/>\n<meta property=\"article:publisher\" content=\"https:\/\/www.facebook.com\/LatribuneduFaso\/\" \/>\n<meta property=\"article:published_time\" content=\"2023-01-14T23:19:42+00:00\" \/>\n<meta property=\"article:modified_time\" content=\"2024-06-04T12:25:37+00:00\" \/>\n<meta property=\"og:image\" content=\"https:\/\/www.latribunedufaso.net\/wp-content\/uploads\/2024\/06\/322742500_1143578503010559_7014932273738405232_n.jpg\" \/>\n\t<meta property=\"og:image:width\" content=\"832\" \/>\n\t<meta property=\"og:image:height\" content=\"521\" \/>\n\t<meta property=\"og:image:type\" content=\"image\/jpeg\" \/>\n<meta name=\"author\" content=\"Administrateur\" \/>\n<meta name=\"twitter:label1\" content=\"\u00c9crit par\" \/>\n\t<meta name=\"twitter:data1\" content=\"Administrateur\" \/>\n\t<meta name=\"twitter:label2\" content=\"Dur\u00e9e de lecture estim\u00e9e\" \/>\n\t<meta name=\"twitter:data2\" content=\"2 minutes\" \/>\n<script type=\"application\/ld+json\" class=\"yoast-schema-graph\">{\"@context\":\"https:\\\/\\\/schema.org\",\"@graph\":[{\"@type\":\"Article\",\"@id\":\"https:\\\/\\\/www.latribunedufaso.net\\\/?p=13855#article\",\"isPartOf\":{\"@id\":\"https:\\\/\\\/www.latribunedufaso.net\\\/?p=13855\"},\"author\":{\"name\":\"Administrateur\",\"@id\":\"https:\\\/\\\/www.latribunedufaso.net\\\/#\\\/schema\\\/person\\\/a380782d0605bb8aae27c40ea93b35b1\"},\"headline\":\"Education : Le Syndicat des animateurs de la vie scolaire chez le ministre\",\"datePublished\":\"2023-01-14T23:19:42+00:00\",\"dateModified\":\"2024-06-04T12:25:37+00:00\",\"mainEntityOfPage\":{\"@id\":\"https:\\\/\\\/www.latribunedufaso.net\\\/?p=13855\"},\"wordCount\":386,\"commentCount\":0,\"publisher\":{\"@id\":\"https:\\\/\\\/www.latribunedufaso.net\\\/#organization\"},\"image\":{\"@id\":\"https:\\\/\\\/www.latribunedufaso.net\\\/?p=13855#primaryimage\"},\"thumbnailUrl\":\"https:\\\/\\\/www.latribunedufaso.net\\\/wp-content\\\/uploads\\\/2024\\\/06\\\/322742500_1143578503010559_7014932273738405232_n.jpg\",\"articleSection\":[\"Actualit\u00e9\",\"\u00c9ducation\"],\"inLanguage\":\"fr-FR\",\"potentialAction\":[{\"@type\":\"CommentAction\",\"name\":\"Comment\",\"target\":[\"https:\\\/\\\/www.latribunedufaso.net\\\/?p=13855#respond\"]}]},{\"@type\":\"WebPage\",\"@id\":\"https:\\\/\\\/www.latribunedufaso.net\\\/?p=13855\",\"url\":\"https:\\\/\\\/www.latribunedufaso.net\\\/?p=13855\",\"name\":\"Education : Le Syndicat des animateurs de la vie scolaire chez le ministre - La Tribune du Faso\",\"isPartOf\":{\"@id\":\"https:\\\/\\\/www.latribunedufaso.net\\\/#website\"},\"primaryImageOfPage\":{\"@id\":\"https:\\\/\\\/www.latribunedufaso.net\\\/?p=13855#primaryimage\"},\"image\":{\"@id\":\"https:\\\/\\\/www.latribunedufaso.net\\\/?p=13855#primaryimage\"},\"thumbnailUrl\":\"https:\\\/\\\/www.latribunedufaso.net\\\/wp-content\\\/uploads\\\/2024\\\/06\\\/322742500_1143578503010559_7014932273738405232_n.jpg\",\"datePublished\":\"2023-01-14T23:19:42+00:00\",\"dateModified\":\"2024-06-04T12:25:37+00:00\",\"breadcrumb\":{\"@id\":\"https:\\\/\\\/www.latribunedufaso.net\\\/?p=13855#breadcrumb\"},\"inLanguage\":\"fr-FR\",\"potentialAction\":[{\"@type\":\"ReadAction\",\"target\":[\"https:\\\/\\\/www.latribunedufaso.net\\\/?p=13855\"]}]},{\"@type\":\"ImageObject\",\"inLanguage\":\"fr-FR\",\"@id\":\"https:\\\/\\\/www.latribunedufaso.net\\\/?p=13855#primaryimage\",\"url\":\"https:\\\/\\\/www.latribunedufaso.net\\\/wp-content\\\/uploads\\\/2024\\\/06\\\/322742500_1143578503010559_7014932273738405232_n.jpg\",\"contentUrl\":\"https:\\\/\\\/www.latribunedufaso.net\\\/wp-content\\\/uploads\\\/2024\\\/06\\\/322742500_1143578503010559_7014932273738405232_n.jpg\",\"width\":832,\"height\":521},{\"@type\":\"BreadcrumbList\",\"@id\":\"https:\\\/\\\/www.latribunedufaso.net\\\/?p=13855#breadcrumb\",\"itemListElement\":[{\"@type\":\"ListItem\",\"position\":1,\"name\":\"Accueil\",\"item\":\"https:\\\/\\\/www.latribunedufaso.net\\\/\"},{\"@type\":\"ListItem\",\"position\":2,\"name\":\"Education : Le Syndicat des animateurs de la vie scolaire chez le ministre\"}]},{\"@type\":\"WebSite\",\"@id\":\"https:\\\/\\\/www.latribunedufaso.net\\\/#website\",\"url\":\"https:\\\/\\\/www.latribunedufaso.net\\\/\",\"name\":\"La Tribune du Faso\",\"description\":\"L&#039;information du monde rural en un clic\",\"publisher\":{\"@id\":\"https:\\\/\\\/www.latribunedufaso.net\\\/#organization\"},\"potentialAction\":[{\"@type\":\"SearchAction\",\"target\":{\"@type\":\"EntryPoint\",\"urlTemplate\":\"https:\\\/\\\/www.latribunedufaso.net\\\/?s={search_term_string}\"},\"query-input\":{\"@type\":\"PropertyValueSpecification\",\"valueRequired\":true,\"valueName\":\"search_term_string\"}}],\"inLanguage\":\"fr-FR\"},{\"@type\":\"Organization\",\"@id\":\"https:\\\/\\\/www.latribunedufaso.net\\\/#organization\",\"name\":\"La Tribune du Faso\",\"url\":\"https:\\\/\\\/www.latribunedufaso.net\\\/\",\"logo\":{\"@type\":\"ImageObject\",\"inLanguage\":\"fr-FR\",\"@id\":\"https:\\\/\\\/www.latribunedufaso.net\\\/#\\\/schema\\\/logo\\\/image\\\/\",\"url\":\"https:\\\/\\\/www.latribunedufaso.net\\\/wp-content\\\/uploads\\\/2020\\\/08\\\/Logo-Tribune-du-Faso-final-scaled.jpg\",\"contentUrl\":\"https:\\\/\\\/www.latribunedufaso.net\\\/wp-content\\\/uploads\\\/2020\\\/08\\\/Logo-Tribune-du-Faso-final-scaled.jpg\",\"width\":2560,\"height\":1856,\"caption\":\"La Tribune du Faso\"},\"image\":{\"@id\":\"https:\\\/\\\/www.latribunedufaso.net\\\/#\\\/schema\\\/logo\\\/image\\\/\"},\"sameAs\":[\"https:\\\/\\\/www.facebook.com\\\/LatribuneduFaso\\\/\"]},{\"@type\":\"Person\",\"@id\":\"https:\\\/\\\/www.latribunedufaso.net\\\/#\\\/schema\\\/person\\\/a380782d0605bb8aae27c40ea93b35b1\",\"name\":\"Administrateur\",\"image\":{\"@type\":\"ImageObject\",\"inLanguage\":\"fr-FR\",\"@id\":\"https:\\\/\\\/secure.gravatar.com\\\/avatar\\\/e20266f97d741f0e80ba1f60283074a9b3317fd7bfb727e0d95b51dafbf854a1?s=96&d=mm&r=g\",\"url\":\"https:\\\/\\\/secure.gravatar.com\\\/avatar\\\/e20266f97d741f0e80ba1f60283074a9b3317fd7bfb727e0d95b51dafbf854a1?s=96&d=mm&r=g\",\"contentUrl\":\"https:\\\/\\\/secure.gravatar.com\\\/avatar\\\/e20266f97d741f0e80ba1f60283074a9b3317fd7bfb727e0d95b51dafbf854a1?s=96&d=mm&r=g\",\"caption\":\"Administrateur\"},\"url\":\"https:\\\/\\\/www.latribunedufaso.net\\\/?author=2\"}]}<\/script>\n<!-- \/ Yoast SEO plugin. -->","yoast_head_json":{"title":"Education : Le Syndicat des animateurs de la vie scolaire chez le ministre - La Tribune du Faso","robots":{"index":"index","follow":"follow","max-snippet":"max-snippet:-1","max-image-preview":"max-image-preview:large","max-video-preview":"max-video-preview:-1"},"canonical":"https:\/\/www.latribunedufaso.net\/?p=13855","og_locale":"fr_FR","og_type":"article","og_title":"Education : Le Syndicat des animateurs de la vie scolaire chez le ministre - La Tribune du Faso","og_description":"Audiences au MENAPLN : le Syndicat National des Animateurs de la Vie scolaire plaide pour plus d\u2019\u00e9galit\u00e9 entre corporations Le syndicat national des animateurs de la vie scolaire a \u00e9t\u00e9 re\u00e7u par Joseph Andr\u00e9 OUEDRAOGO, ministre de l&rsquo;Education nationale, ce vendredi 13 janvier 2023. Les \u00e9changes ont port\u00e9 essentiellement sur des questions de carri\u00e8res des travailleurs. Il s&rsquo;est agi notamment de l&rsquo;allocation des indemnit\u00e9s de logement, du trousseau p\u00e9dagogique, des examens scolaires, des formations continues, du reversement, du reclassement des Animateurs de la vie scolaire (AVS), et du respect du ratio des effectifs \u00e0 leur charge. Selon le Secr\u00e9taire G\u00e9n\u00e9ral du SYNAVS, Charles DIPAMA, certains Assistants d&rsquo;\u00e9ducation seront frapp\u00e9s par la limite d&rsquo;\u00e2ge pour les concours professionnels, malgr\u00e9 la volont\u00e9 affich\u00e9e des autorit\u00e9s pour qu&rsquo;il n&rsquo;y ait plus d&rsquo;assistants d&rsquo;\u00e9ducation d&rsquo;ici \u00e0 2026. Quand aux indemnit\u00e9s de logement, les AVS estiment \u00eatre royalement ignor\u00e9s malgr\u00e9 leur activit\u00e9 \u00ab\u00a0d&rsquo;encadreurs p\u00e9dagogiques\u00a0\u00bb. A ces plaintes se greffent le probl\u00e8me de reversement des Conseillers d&rsquo;Education (C.E.), la nomination des C.E. comme chefs d&rsquo;\u00e9tablissement, l&rsquo;inexistence de formations continues pour les AVS et leur implication dans le d\u00e9roulement des examens\/concours scolaires, le respect du ratio de 2 classes par AVS, etc. En un mot ils d\u00e9plorent une in\u00e9galit\u00e9 de traitement des agents d&rsquo;un m\u00eame minist\u00e8re, source de d\u00e9motivation. Le Ministre a instruit le DRH in situ de voir la faisabilit\u00e9 de la tenue des formations continues pour les AVS qui ont des probl\u00e8mes sp\u00e9cifiques tout comme les autres corps. \u00a0\u00bb Je vais instruire les Directeurs R\u00e9gionaux et provinciaux ainsi que le Directeur des Examens et Concours \u00e0 vous impliquer dans les examens scolaires d\u00e8s cette ann\u00e9e&#8230; Pour la nomination au corps des chefs d&rsquo;\u00e9tablissement, il y a d\u00e9j\u00e0 un concours \u00e0 cet effet o\u00f9 vous pouvez y prendre part\u2026 Je sais que vos revendications sont l\u00e9gitimes\u00a0\u00bb \u00e0 laiss\u00e9 entre le Ministre. Sur le trousseau p\u00e9dagogique, le ministre est rest\u00e9 ferme en indiquant que c&rsquo;est un arr\u00eat\u00e9 qui stipule que seuls les enseignants en classe en sont b\u00e9n\u00e9ficiaires. DCRP\/MENAPLN.","og_url":"https:\/\/www.latribunedufaso.net\/?p=13855","og_site_name":"La Tribune du Faso","article_publisher":"https:\/\/www.facebook.com\/LatribuneduFaso\/","article_published_time":"2023-01-14T23:19:42+00:00","article_modified_time":"2024-06-04T12:25:37+00:00","og_image":[{"width":832,"height":521,"url":"https:\/\/www.latribunedufaso.net\/wp-content\/uploads\/2024\/06\/322742500_1143578503010559_7014932273738405232_n.jpg","type":"image\/jpeg"}],"author":"Administrateur","twitter_misc":{"\u00c9crit par":"Administrateur","Dur\u00e9e de lecture estim\u00e9e":"2 minutes"},"schema":{"@context":"https:\/\/schema.org","@graph":[{"@type":"Article","@id":"https:\/\/www.latribunedufaso.net\/?p=13855#article","isPartOf":{"@id":"https:\/\/www.latribunedufaso.net\/?p=13855"},"author":{"name":"Administrateur","@id":"https:\/\/www.latribunedufaso.net\/#\/schema\/person\/a380782d0605bb8aae27c40ea93b35b1"},"headline":"Education : Le Syndicat des animateurs de la vie scolaire chez le ministre","datePublished":"2023-01-14T23:19:42+00:00","dateModified":"2024-06-04T12:25:37+00:00","mainEntityOfPage":{"@id":"https:\/\/www.latribunedufaso.net\/?p=13855"},"wordCount":386,"commentCount":0,"publisher":{"@id":"https:\/\/www.latribunedufaso.net\/#organization"},"image":{"@id":"https:\/\/www.latribunedufaso.net\/?p=13855#primaryimage"},"thumbnailUrl":"https:\/\/www.latribunedufaso.net\/wp-content\/uploads\/2024\/06\/322742500_1143578503010559_7014932273738405232_n.jpg","articleSection":["Actualit\u00e9","\u00c9ducation"],"inLanguage":"fr-FR","potentialAction":[{"@type":"CommentAction","name":"Comment","target":["https:\/\/www.latribunedufaso.net\/?p=13855#respond"]}]},{"@type":"WebPage","@id":"https:\/\/www.latribunedufaso.net\/?p=13855","url":"https:\/\/www.latribunedufaso.net\/?p=13855","name":"Education : Le Syndicat des animateurs de la vie scolaire chez le ministre - La Tribune du Faso","isPartOf":{"@id":"https:\/\/www.latribunedufaso.net\/#website"},"primaryImageOfPage":{"@id":"https:\/\/www.latribunedufaso.net\/?p=13855#primaryimage"},"image":{"@id":"https:\/\/www.latribunedufaso.net\/?p=13855#primaryimage"},"thumbnailUrl":"https:\/\/www.latribunedufaso.net\/wp-content\/uploads\/2024\/06\/322742500_1143578503010559_7014932273738405232_n.jpg","datePublished":"2023-01-14T23:19:42+00:00","dateModified":"2024-06-04T12:25:37+00:00","breadcrumb":{"@id":"https:\/\/www.latribunedufaso.net\/?p=13855#breadcrumb"},"inLanguage":"fr-FR","potentialAction":[{"@type":"ReadAction","target":["https:\/\/www.latribunedufaso.net\/?p=13855"]}]},{"@type":"ImageObject","inLanguage":"fr-FR","@id":"https:\/\/www.latribunedufaso.net\/?p=13855#primaryimage","url":"https:\/\/www.latribunedufaso.net\/wp-content\/uploads\/2024\/06\/322742500_1143578503010559_7014932273738405232_n.jpg","contentUrl":"https:\/\/www.latribunedufaso.net\/wp-content\/uploads\/2024\/06\/322742500_1143578503010559_7014932273738405232_n.jpg","width":832,"height":521},{"@type":"BreadcrumbList","@id":"https:\/\/www.latribunedufaso.net\/?p=13855#breadcrumb","itemListElement":[{"@type":"ListItem","position":1,"name":"Accueil","item":"https:\/\/www.latribunedufaso.net\/"},{"@type":"ListItem","position":2,"name":"Education : Le Syndicat des animateurs de la vie scolaire chez le ministre"}]},{"@type":"WebSite","@id":"https:\/\/www.latribunedufaso.net\/#website","url":"https:\/\/www.latribunedufaso.net\/","name":"La Tribune du Faso","description":"L&#039;information du monde rural en un clic","publisher":{"@id":"https:\/\/www.latribunedufaso.net\/#organization"},"potentialAction":[{"@type":"SearchAction","target":{"@type":"EntryPoint","urlTemplate":"https:\/\/www.latribunedufaso.net\/?s={search_term_string}"},"query-input":{"@type":"PropertyValueSpecification","valueRequired":true,"valueName":"search_term_string"}}],"inLanguage":"fr-FR"},{"@type":"Organization","@id":"https:\/\/www.latribunedufaso.net\/#organization","name":"La Tribune du Faso","url":"https:\/\/www.latribunedufaso.net\/","logo":{"@type":"ImageObject","inLanguage":"fr-FR","@id":"https:\/\/www.latribunedufaso.net\/#\/schema\/logo\/image\/","url":"https:\/\/www.latribunedufaso.net\/wp-content\/uploads\/2020\/08\/Logo-Tribune-du-Faso-final-scaled.jpg","contentUrl":"https:\/\/www.latribunedufaso.net\/wp-content\/uploads\/2020\/08\/Logo-Tribune-du-Faso-final-scaled.jpg","width":2560,"height":1856,"caption":"La Tribune du Faso"},"image":{"@id":"https:\/\/www.latribunedufaso.net\/#\/schema\/logo\/image\/"},"sameAs":["https:\/\/www.facebook.com\/LatribuneduFaso\/"]},{"@type":"Person","@id":"https:\/\/www.latribunedufaso.net\/#\/schema\/person\/a380782d0605bb8aae27c40ea93b35b1","name":"Administrateur","image":{"@type":"ImageObject","inLanguage":"fr-FR","@id":"https:\/\/secure.gravatar.com\/avatar\/e20266f97d741f0e80ba1f60283074a9b3317fd7bfb727e0d95b51dafbf854a1?s=96&d=mm&r=g","url":"https:\/\/secure.gravatar.com\/avatar\/e20266f97d741f0e80ba1f60283074a9b3317fd7bfb727e0d95b51dafbf854a1?s=96&d=mm&r=g","contentUrl":"https:\/\/secure.gravatar.com\/avatar\/e20266f97d741f0e80ba1f60283074a9b3317fd7bfb727e0d95b51dafbf854a1?s=96&d=mm&r=g","caption":"Administrateur"},"url":"https:\/\/www.latribunedufaso.net\/?author=2"}]}},"_links":{"self":[{"href":"https:\/\/www.latribunedufaso.net\/index.php?rest_route=\/wp\/v2\/posts\/13855","targetHints":{"allow":["GET"]}}],"collection":[{"href":"https:\/\/www.latribunedufaso.net\/index.php?rest_route=\/wp\/v2\/posts"}],"about":[{"href":"https:\/\/www.latribunedufaso.net\/index.php?rest_route=\/wp\/v2\/types\/post"}],"author":[{"embeddable":true,"href":"https:\/\/www.latribunedufaso.net\/index.php?rest_route=\/wp\/v2\/users\/2"}],"replies":[{"embeddable":true,"href":"https:\/\/www.latribunedufaso.net\/index.php?rest_route=%2Fwp%2Fv2%2Fcomments&post=13855"}],"version-history":[{"count":2,"href":"https:\/\/www.latribunedufaso.net\/index.php?rest_route=\/wp\/v2\/posts\/13855\/revisions"}],"predecessor-version":[{"id":14408,"href":"https:\/\/www.latribunedufaso.net\/index.php?rest_route=\/wp\/v2\/posts\/13855\/revisions\/14408"}],"wp:featuredmedia":[{"embeddable":true,"href":"https:\/\/www.latribunedufaso.net\/index.php?rest_route=\/wp\/v2\/media\/13856"}],"wp:attachment":[{"href":"https:\/\/www.latribunedufaso.net\/index.php?rest_route=%2Fwp%2Fv2%2Fmedia&parent=13855"}],"wp:term":[{"taxonomy":"category","embeddable":true,"href":"https:\/\/www.latribunedufaso.net\/index.php?rest_route=%2Fwp%2Fv2%2Fcategories&post=13855"},{"taxonomy":"post_tag","embeddable":true,"href":"https:\/\/www.latribunedufaso.net\/index.php?rest_route=%2Fwp%2Fv2%2Ftags&post=13855"}],"curies":[{"name":"wp","href":"https:\/\/api.w.org\/{rel}","templated":true}]}}