{"id":13851,"date":"2023-01-27T08:08:36","date_gmt":"2023-01-27T08:08:36","guid":{"rendered":"https:\/\/www.latribunedufaso.net\/?p=13851"},"modified":"2024-06-04T12:18:58","modified_gmt":"2024-06-04T12:18:58","slug":"ministere-de-leducation-le-ministre-recoit-des-encadreurs-pedagogiques-et-des-inspecteurs","status":"publish","type":"post","link":"https:\/\/www.latribunedufaso.net\/?p=13851","title":{"rendered":"Minist\u00e8re de l&rsquo;Education : Le ministre re\u00e7oit des encadreurs p\u00e9dagogiques et des inspecteurs"},"content":{"rendered":"<div class=\"xdj266r x11i5rnm xat24cr x1mh8g0r x1vvkbs x126k92a\">\n<div dir=\"auto\"><a href=\"https:\/\/www.latribunedufaso.net\/wp-content\/uploads\/2024\/06\/324581465_868199991071034_3580254241600037548_n.jpg\"><img loading=\"lazy\" decoding=\"async\" class=\"alignnone size-medium wp-image-13852\" src=\"https:\/\/www.latribunedufaso.net\/wp-content\/uploads\/2024\/06\/324581465_868199991071034_3580254241600037548_n-300x225.jpg\" alt=\"\" width=\"300\" height=\"225\" srcset=\"https:\/\/www.latribunedufaso.net\/wp-content\/uploads\/2024\/06\/324581465_868199991071034_3580254241600037548_n-300x225.jpg 300w, https:\/\/www.latribunedufaso.net\/wp-content\/uploads\/2024\/06\/324581465_868199991071034_3580254241600037548_n-768x576.jpg 768w, https:\/\/www.latribunedufaso.net\/wp-content\/uploads\/2024\/06\/324581465_868199991071034_3580254241600037548_n.jpg 992w\" sizes=\"auto, (max-width: 300px) 100vw, 300px\" \/><\/a><\/div>\n<\/div>\n<div class=\"x11i5rnm xat24cr x1mh8g0r x1vvkbs xtlvy1s x126k92a\">\n<div dir=\"auto\">Ce jeudi 26 janvier 2023, le ministre Joseph Andr\u00e9 Ou\u00e9draogo a re\u00e7u en audience les repr\u00e9sentants des inspecteurs de l&rsquo;enseignement primaire et de l&rsquo;\u00e9ducation Non formelle et celui des encadreurs p\u00e9dagogiques de l&rsquo;enseignement secondaire. Au menu, des \u00e9changes relatifs aux conditions de vie et de travail des encadreurs p\u00e9dagogiques<\/div>\n<\/div>\n<div class=\"x11i5rnm xat24cr x1mh8g0r x1vvkbs xtlvy1s x126k92a\">\n<div dir=\"auto\">Les inspecteurs de <a tabindex=\"-1\"><\/a>l&rsquo;enseignement primaire et de l&rsquo;\u00e9ducation Non formelle ont fait un plaidoyer en lien avec les examens sp\u00e9ciaux. Effectivement, cette d\u00e9l\u00e9gation dit \u00eatre venue plaider pour le maintien des indemnit\u00e9s durant le stage. Pour eux, la suspension de ces indemnit\u00e9s impacte n\u00e9gativement la formation des inspecteurs ainsi que leur prestation sur le terrain.<\/div>\n<\/div>\n<div class=\"x11i5rnm xat24cr x1mh8g0r x1vvkbs xtlvy1s x126k92a\">\n<div dir=\"auto\">Le Syndicat National des encadreurs P\u00e9dagogiques de l&rsquo;enseignement secondaire (SYNEPES) quant \u00e0 lui, a pos\u00e9 des pr\u00e9occupations portant sur l&rsquo;am\u00e9lioration des conditions de travail des encadreurs, la r\u00e9vision de la grille salariale des cat\u00e9gories PC et PB par la correction des pas d&rsquo;avancement, l&rsquo;am\u00e9lioration des conditions de participation aux examens professionnels et scolaires et la relecture des textes r\u00e9glementaires sur l&rsquo;examen du BAC afin de donner \u00e0 l&rsquo;encadreur toute sa place.<\/div>\n<\/div>\n<div class=\"x11i5rnm xat24cr x1mh8g0r x1vvkbs xtlvy1s x126k92a\">\n<div dir=\"auto\">Le premier responsable du d\u00e9partement a salu\u00e9 la d\u00e9marche des partenaires sociaux et leur a promis d&rsquo; examiner minutieusement avec ses collaborateurs leurs diff\u00e9rentes dol\u00e9ances au grand b\u00e9n\u00e9fice du syst\u00e8me \u00e9ducatif Burkinab\u00e8.<\/div>\n<div dir=\"auto\">DCRP\/MENAPLN.<\/div>\n<\/div>\n","protected":false},"excerpt":{"rendered":"<p>Ce jeudi 26 janvier 2023, le ministre Joseph Andr\u00e9 Ou\u00e9draogo a re\u00e7u en audience les repr\u00e9sentants des inspecteurs de l&rsquo;enseignement primaire et de l&rsquo;\u00e9ducation Non formelle et celui des encadreurs p\u00e9dagogiques de l&rsquo;enseignement secondaire. Au menu, des \u00e9changes relatifs aux conditions de vie et de travail des encadreurs p\u00e9dagogiques Les inspecteurs de l&rsquo;enseignement primaire et de l&rsquo;\u00e9ducation Non formelle ont fait un plaidoyer en lien avec les examens sp\u00e9ciaux. Effectivement, cette d\u00e9l\u00e9gation dit \u00eatre venue plaider pour le maintien des indemnit\u00e9s durant le stage. Pour eux, la suspension de ces indemnit\u00e9s impacte n\u00e9gativement la formation des inspecteurs ainsi que leur prestation sur le terrain. Le Syndicat National des encadreurs P\u00e9dagogiques de l&rsquo;enseignement secondaire (SYNEPES) quant \u00e0 lui, a pos\u00e9 des pr\u00e9occupations portant sur l&rsquo;am\u00e9lioration des conditions de travail des encadreurs, la r\u00e9vision de la grille salariale des cat\u00e9gories PC et PB par la correction des pas d&rsquo;avancement, l&rsquo;am\u00e9lioration des conditions de participation aux examens professionnels et scolaires et la relecture des textes r\u00e9glementaires sur l&rsquo;examen du BAC afin de donner \u00e0 l&rsquo;encadreur toute sa place. Le premier responsable du d\u00e9partement a salu\u00e9 la d\u00e9marche des partenaires sociaux et leur a promis d&rsquo; examiner minutieusement avec ses collaborateurs leurs diff\u00e9rentes dol\u00e9ances au grand b\u00e9n\u00e9fice du syst\u00e8me \u00e9ducatif Burkinab\u00e8. DCRP\/MENAPLN.<\/p>\n","protected":false},"author":2,"featured_media":13853,"comment_status":"open","ping_status":"open","sticky":false,"template":"","format":"standard","meta":{"footnotes":""},"categories":[13,1,31],"tags":[],"class_list":["post-13851","post","type-post","status-publish","format-standard","has-post-thumbnail","hentry","category-une","category-actu","category-education"],"yoast_head":"<!-- This site is optimized with the Yoast SEO plugin v27.4 - https:\/\/yoast.com\/product\/yoast-seo-wordpress\/ -->\n<title>Minist\u00e8re de l&#039;Education : Le ministre re\u00e7oit des encadreurs p\u00e9dagogiques et des inspecteurs - La Tribune du Faso<\/title>\n<meta name=\"robots\" content=\"index, follow, max-snippet:-1, max-image-preview:large, max-video-preview:-1\" \/>\n<link rel=\"canonical\" href=\"https:\/\/www.latribunedufaso.net\/?p=13851\" \/>\n<meta property=\"og:locale\" content=\"fr_FR\" \/>\n<meta property=\"og:type\" content=\"article\" \/>\n<meta property=\"og:title\" content=\"Minist\u00e8re de l&#039;Education : Le ministre re\u00e7oit des encadreurs p\u00e9dagogiques et des inspecteurs - La Tribune du Faso\" \/>\n<meta property=\"og:description\" content=\"Ce jeudi 26 janvier 2023, le ministre Joseph Andr\u00e9 Ou\u00e9draogo a re\u00e7u en audience les repr\u00e9sentants des inspecteurs de l&rsquo;enseignement primaire et de l&rsquo;\u00e9ducation Non formelle et celui des encadreurs p\u00e9dagogiques de l&rsquo;enseignement secondaire. Au menu, des \u00e9changes relatifs aux conditions de vie et de travail des encadreurs p\u00e9dagogiques Les inspecteurs de l&rsquo;enseignement primaire et de l&rsquo;\u00e9ducation Non formelle ont fait un plaidoyer en lien avec les examens sp\u00e9ciaux. Effectivement, cette d\u00e9l\u00e9gation dit \u00eatre venue plaider pour le maintien des indemnit\u00e9s durant le stage. Pour eux, la suspension de ces indemnit\u00e9s impacte n\u00e9gativement la formation des inspecteurs ainsi que leur prestation sur le terrain. Le Syndicat National des encadreurs P\u00e9dagogiques de l&rsquo;enseignement secondaire (SYNEPES) quant \u00e0 lui, a pos\u00e9 des pr\u00e9occupations portant sur l&rsquo;am\u00e9lioration des conditions de travail des encadreurs, la r\u00e9vision de la grille salariale des cat\u00e9gories PC et PB par la correction des pas d&rsquo;avancement, l&rsquo;am\u00e9lioration des conditions de participation aux examens professionnels et scolaires et la relecture des textes r\u00e9glementaires sur l&rsquo;examen du BAC afin de donner \u00e0 l&rsquo;encadreur toute sa place. Le premier responsable du d\u00e9partement a salu\u00e9 la d\u00e9marche des partenaires sociaux et leur a promis d&rsquo; examiner minutieusement avec ses collaborateurs leurs diff\u00e9rentes dol\u00e9ances au grand b\u00e9n\u00e9fice du syst\u00e8me \u00e9ducatif Burkinab\u00e8. DCRP\/MENAPLN.\" \/>\n<meta property=\"og:url\" content=\"https:\/\/www.latribunedufaso.net\/?p=13851\" \/>\n<meta property=\"og:site_name\" content=\"La Tribune du Faso\" \/>\n<meta property=\"article:publisher\" content=\"https:\/\/www.facebook.com\/LatribuneduFaso\/\" \/>\n<meta property=\"article:published_time\" content=\"2023-01-27T08:08:36+00:00\" \/>\n<meta property=\"article:modified_time\" content=\"2024-06-04T12:18:58+00:00\" \/>\n<meta property=\"og:image\" content=\"https:\/\/www.latribunedufaso.net\/wp-content\/uploads\/2024\/06\/326965755_721441279346981_8468548874911230495_n.jpg\" \/>\n\t<meta property=\"og:image:width\" content=\"1080\" \/>\n\t<meta property=\"og:image:height\" content=\"666\" \/>\n\t<meta property=\"og:image:type\" content=\"image\/jpeg\" \/>\n<meta name=\"author\" content=\"Administrateur\" \/>\n<meta name=\"twitter:label1\" content=\"\u00c9crit par\" \/>\n\t<meta name=\"twitter:data1\" content=\"Administrateur\" \/>\n\t<meta name=\"twitter:label2\" content=\"Dur\u00e9e de lecture estim\u00e9e\" \/>\n\t<meta name=\"twitter:data2\" content=\"1 minute\" \/>\n<script type=\"application\/ld+json\" class=\"yoast-schema-graph\">{\"@context\":\"https:\\\/\\\/schema.org\",\"@graph\":[{\"@type\":\"Article\",\"@id\":\"https:\\\/\\\/www.latribunedufaso.net\\\/?p=13851#article\",\"isPartOf\":{\"@id\":\"https:\\\/\\\/www.latribunedufaso.net\\\/?p=13851\"},\"author\":{\"name\":\"Administrateur\",\"@id\":\"https:\\\/\\\/www.latribunedufaso.net\\\/#\\\/schema\\\/person\\\/a380782d0605bb8aae27c40ea93b35b1\"},\"headline\":\"Minist\u00e8re de l&rsquo;Education : Le ministre re\u00e7oit des encadreurs p\u00e9dagogiques et des inspecteurs\",\"datePublished\":\"2023-01-27T08:08:36+00:00\",\"dateModified\":\"2024-06-04T12:18:58+00:00\",\"mainEntityOfPage\":{\"@id\":\"https:\\\/\\\/www.latribunedufaso.net\\\/?p=13851\"},\"wordCount\":257,\"commentCount\":0,\"publisher\":{\"@id\":\"https:\\\/\\\/www.latribunedufaso.net\\\/#organization\"},\"image\":{\"@id\":\"https:\\\/\\\/www.latribunedufaso.net\\\/?p=13851#primaryimage\"},\"thumbnailUrl\":\"https:\\\/\\\/www.latribunedufaso.net\\\/wp-content\\\/uploads\\\/2024\\\/06\\\/326965755_721441279346981_8468548874911230495_n.jpg\",\"articleSection\":[\"A la une\",\"Actualit\u00e9\",\"\u00c9ducation\"],\"inLanguage\":\"fr-FR\",\"potentialAction\":[{\"@type\":\"CommentAction\",\"name\":\"Comment\",\"target\":[\"https:\\\/\\\/www.latribunedufaso.net\\\/?p=13851#respond\"]}]},{\"@type\":\"WebPage\",\"@id\":\"https:\\\/\\\/www.latribunedufaso.net\\\/?p=13851\",\"url\":\"https:\\\/\\\/www.latribunedufaso.net\\\/?p=13851\",\"name\":\"Minist\u00e8re de l'Education : Le ministre re\u00e7oit des encadreurs p\u00e9dagogiques et des inspecteurs - La Tribune du Faso\",\"isPartOf\":{\"@id\":\"https:\\\/\\\/www.latribunedufaso.net\\\/#website\"},\"primaryImageOfPage\":{\"@id\":\"https:\\\/\\\/www.latribunedufaso.net\\\/?p=13851#primaryimage\"},\"image\":{\"@id\":\"https:\\\/\\\/www.latribunedufaso.net\\\/?p=13851#primaryimage\"},\"thumbnailUrl\":\"https:\\\/\\\/www.latribunedufaso.net\\\/wp-content\\\/uploads\\\/2024\\\/06\\\/326965755_721441279346981_8468548874911230495_n.jpg\",\"datePublished\":\"2023-01-27T08:08:36+00:00\",\"dateModified\":\"2024-06-04T12:18:58+00:00\",\"breadcrumb\":{\"@id\":\"https:\\\/\\\/www.latribunedufaso.net\\\/?p=13851#breadcrumb\"},\"inLanguage\":\"fr-FR\",\"potentialAction\":[{\"@type\":\"ReadAction\",\"target\":[\"https:\\\/\\\/www.latribunedufaso.net\\\/?p=13851\"]}]},{\"@type\":\"ImageObject\",\"inLanguage\":\"fr-FR\",\"@id\":\"https:\\\/\\\/www.latribunedufaso.net\\\/?p=13851#primaryimage\",\"url\":\"https:\\\/\\\/www.latribunedufaso.net\\\/wp-content\\\/uploads\\\/2024\\\/06\\\/326965755_721441279346981_8468548874911230495_n.jpg\",\"contentUrl\":\"https:\\\/\\\/www.latribunedufaso.net\\\/wp-content\\\/uploads\\\/2024\\\/06\\\/326965755_721441279346981_8468548874911230495_n.jpg\",\"width\":1080,\"height\":666},{\"@type\":\"BreadcrumbList\",\"@id\":\"https:\\\/\\\/www.latribunedufaso.net\\\/?p=13851#breadcrumb\",\"itemListElement\":[{\"@type\":\"ListItem\",\"position\":1,\"name\":\"Accueil\",\"item\":\"https:\\\/\\\/www.latribunedufaso.net\\\/\"},{\"@type\":\"ListItem\",\"position\":2,\"name\":\"Minist\u00e8re de l&rsquo;Education : Le ministre re\u00e7oit des encadreurs p\u00e9dagogiques et des inspecteurs\"}]},{\"@type\":\"WebSite\",\"@id\":\"https:\\\/\\\/www.latribunedufaso.net\\\/#website\",\"url\":\"https:\\\/\\\/www.latribunedufaso.net\\\/\",\"name\":\"La Tribune du Faso\",\"description\":\"L&#039;information du monde rural en un clic\",\"publisher\":{\"@id\":\"https:\\\/\\\/www.latribunedufaso.net\\\/#organization\"},\"potentialAction\":[{\"@type\":\"SearchAction\",\"target\":{\"@type\":\"EntryPoint\",\"urlTemplate\":\"https:\\\/\\\/www.latribunedufaso.net\\\/?s={search_term_string}\"},\"query-input\":{\"@type\":\"PropertyValueSpecification\",\"valueRequired\":true,\"valueName\":\"search_term_string\"}}],\"inLanguage\":\"fr-FR\"},{\"@type\":\"Organization\",\"@id\":\"https:\\\/\\\/www.latribunedufaso.net\\\/#organization\",\"name\":\"La Tribune du Faso\",\"url\":\"https:\\\/\\\/www.latribunedufaso.net\\\/\",\"logo\":{\"@type\":\"ImageObject\",\"inLanguage\":\"fr-FR\",\"@id\":\"https:\\\/\\\/www.latribunedufaso.net\\\/#\\\/schema\\\/logo\\\/image\\\/\",\"url\":\"https:\\\/\\\/www.latribunedufaso.net\\\/wp-content\\\/uploads\\\/2020\\\/08\\\/Logo-Tribune-du-Faso-final-scaled.jpg\",\"contentUrl\":\"https:\\\/\\\/www.latribunedufaso.net\\\/wp-content\\\/uploads\\\/2020\\\/08\\\/Logo-Tribune-du-Faso-final-scaled.jpg\",\"width\":2560,\"height\":1856,\"caption\":\"La Tribune du Faso\"},\"image\":{\"@id\":\"https:\\\/\\\/www.latribunedufaso.net\\\/#\\\/schema\\\/logo\\\/image\\\/\"},\"sameAs\":[\"https:\\\/\\\/www.facebook.com\\\/LatribuneduFaso\\\/\"]},{\"@type\":\"Person\",\"@id\":\"https:\\\/\\\/www.latribunedufaso.net\\\/#\\\/schema\\\/person\\\/a380782d0605bb8aae27c40ea93b35b1\",\"name\":\"Administrateur\",\"image\":{\"@type\":\"ImageObject\",\"inLanguage\":\"fr-FR\",\"@id\":\"https:\\\/\\\/secure.gravatar.com\\\/avatar\\\/e20266f97d741f0e80ba1f60283074a9b3317fd7bfb727e0d95b51dafbf854a1?s=96&d=mm&r=g\",\"url\":\"https:\\\/\\\/secure.gravatar.com\\\/avatar\\\/e20266f97d741f0e80ba1f60283074a9b3317fd7bfb727e0d95b51dafbf854a1?s=96&d=mm&r=g\",\"contentUrl\":\"https:\\\/\\\/secure.gravatar.com\\\/avatar\\\/e20266f97d741f0e80ba1f60283074a9b3317fd7bfb727e0d95b51dafbf854a1?s=96&d=mm&r=g\",\"caption\":\"Administrateur\"},\"url\":\"https:\\\/\\\/www.latribunedufaso.net\\\/?author=2\"}]}<\/script>\n<!-- \/ Yoast SEO plugin. -->","yoast_head_json":{"title":"Minist\u00e8re de l'Education : Le ministre re\u00e7oit des encadreurs p\u00e9dagogiques et des inspecteurs - La Tribune du Faso","robots":{"index":"index","follow":"follow","max-snippet":"max-snippet:-1","max-image-preview":"max-image-preview:large","max-video-preview":"max-video-preview:-1"},"canonical":"https:\/\/www.latribunedufaso.net\/?p=13851","og_locale":"fr_FR","og_type":"article","og_title":"Minist\u00e8re de l'Education : Le ministre re\u00e7oit des encadreurs p\u00e9dagogiques et des inspecteurs - La Tribune du Faso","og_description":"Ce jeudi 26 janvier 2023, le ministre Joseph Andr\u00e9 Ou\u00e9draogo a re\u00e7u en audience les repr\u00e9sentants des inspecteurs de l&rsquo;enseignement primaire et de l&rsquo;\u00e9ducation Non formelle et celui des encadreurs p\u00e9dagogiques de l&rsquo;enseignement secondaire. Au menu, des \u00e9changes relatifs aux conditions de vie et de travail des encadreurs p\u00e9dagogiques Les inspecteurs de l&rsquo;enseignement primaire et de l&rsquo;\u00e9ducation Non formelle ont fait un plaidoyer en lien avec les examens sp\u00e9ciaux. Effectivement, cette d\u00e9l\u00e9gation dit \u00eatre venue plaider pour le maintien des indemnit\u00e9s durant le stage. Pour eux, la suspension de ces indemnit\u00e9s impacte n\u00e9gativement la formation des inspecteurs ainsi que leur prestation sur le terrain. Le Syndicat National des encadreurs P\u00e9dagogiques de l&rsquo;enseignement secondaire (SYNEPES) quant \u00e0 lui, a pos\u00e9 des pr\u00e9occupations portant sur l&rsquo;am\u00e9lioration des conditions de travail des encadreurs, la r\u00e9vision de la grille salariale des cat\u00e9gories PC et PB par la correction des pas d&rsquo;avancement, l&rsquo;am\u00e9lioration des conditions de participation aux examens professionnels et scolaires et la relecture des textes r\u00e9glementaires sur l&rsquo;examen du BAC afin de donner \u00e0 l&rsquo;encadreur toute sa place. Le premier responsable du d\u00e9partement a salu\u00e9 la d\u00e9marche des partenaires sociaux et leur a promis d&rsquo; examiner minutieusement avec ses collaborateurs leurs diff\u00e9rentes dol\u00e9ances au grand b\u00e9n\u00e9fice du syst\u00e8me \u00e9ducatif Burkinab\u00e8. DCRP\/MENAPLN.","og_url":"https:\/\/www.latribunedufaso.net\/?p=13851","og_site_name":"La Tribune du Faso","article_publisher":"https:\/\/www.facebook.com\/LatribuneduFaso\/","article_published_time":"2023-01-27T08:08:36+00:00","article_modified_time":"2024-06-04T12:18:58+00:00","og_image":[{"width":1080,"height":666,"url":"https:\/\/www.latribunedufaso.net\/wp-content\/uploads\/2024\/06\/326965755_721441279346981_8468548874911230495_n.jpg","type":"image\/jpeg"}],"author":"Administrateur","twitter_misc":{"\u00c9crit par":"Administrateur","Dur\u00e9e de lecture estim\u00e9e":"1 minute"},"schema":{"@context":"https:\/\/schema.org","@graph":[{"@type":"Article","@id":"https:\/\/www.latribunedufaso.net\/?p=13851#article","isPartOf":{"@id":"https:\/\/www.latribunedufaso.net\/?p=13851"},"author":{"name":"Administrateur","@id":"https:\/\/www.latribunedufaso.net\/#\/schema\/person\/a380782d0605bb8aae27c40ea93b35b1"},"headline":"Minist\u00e8re de l&rsquo;Education : Le ministre re\u00e7oit des encadreurs p\u00e9dagogiques et des inspecteurs","datePublished":"2023-01-27T08:08:36+00:00","dateModified":"2024-06-04T12:18:58+00:00","mainEntityOfPage":{"@id":"https:\/\/www.latribunedufaso.net\/?p=13851"},"wordCount":257,"commentCount":0,"publisher":{"@id":"https:\/\/www.latribunedufaso.net\/#organization"},"image":{"@id":"https:\/\/www.latribunedufaso.net\/?p=13851#primaryimage"},"thumbnailUrl":"https:\/\/www.latribunedufaso.net\/wp-content\/uploads\/2024\/06\/326965755_721441279346981_8468548874911230495_n.jpg","articleSection":["A la une","Actualit\u00e9","\u00c9ducation"],"inLanguage":"fr-FR","potentialAction":[{"@type":"CommentAction","name":"Comment","target":["https:\/\/www.latribunedufaso.net\/?p=13851#respond"]}]},{"@type":"WebPage","@id":"https:\/\/www.latribunedufaso.net\/?p=13851","url":"https:\/\/www.latribunedufaso.net\/?p=13851","name":"Minist\u00e8re de l'Education : Le ministre re\u00e7oit des encadreurs p\u00e9dagogiques et des inspecteurs - La Tribune du Faso","isPartOf":{"@id":"https:\/\/www.latribunedufaso.net\/#website"},"primaryImageOfPage":{"@id":"https:\/\/www.latribunedufaso.net\/?p=13851#primaryimage"},"image":{"@id":"https:\/\/www.latribunedufaso.net\/?p=13851#primaryimage"},"thumbnailUrl":"https:\/\/www.latribunedufaso.net\/wp-content\/uploads\/2024\/06\/326965755_721441279346981_8468548874911230495_n.jpg","datePublished":"2023-01-27T08:08:36+00:00","dateModified":"2024-06-04T12:18:58+00:00","breadcrumb":{"@id":"https:\/\/www.latribunedufaso.net\/?p=13851#breadcrumb"},"inLanguage":"fr-FR","potentialAction":[{"@type":"ReadAction","target":["https:\/\/www.latribunedufaso.net\/?p=13851"]}]},{"@type":"ImageObject","inLanguage":"fr-FR","@id":"https:\/\/www.latribunedufaso.net\/?p=13851#primaryimage","url":"https:\/\/www.latribunedufaso.net\/wp-content\/uploads\/2024\/06\/326965755_721441279346981_8468548874911230495_n.jpg","contentUrl":"https:\/\/www.latribunedufaso.net\/wp-content\/uploads\/2024\/06\/326965755_721441279346981_8468548874911230495_n.jpg","width":1080,"height":666},{"@type":"BreadcrumbList","@id":"https:\/\/www.latribunedufaso.net\/?p=13851#breadcrumb","itemListElement":[{"@type":"ListItem","position":1,"name":"Accueil","item":"https:\/\/www.latribunedufaso.net\/"},{"@type":"ListItem","position":2,"name":"Minist\u00e8re de l&rsquo;Education : Le ministre re\u00e7oit des encadreurs p\u00e9dagogiques et des inspecteurs"}]},{"@type":"WebSite","@id":"https:\/\/www.latribunedufaso.net\/#website","url":"https:\/\/www.latribunedufaso.net\/","name":"La Tribune du Faso","description":"L&#039;information du monde rural en un clic","publisher":{"@id":"https:\/\/www.latribunedufaso.net\/#organization"},"potentialAction":[{"@type":"SearchAction","target":{"@type":"EntryPoint","urlTemplate":"https:\/\/www.latribunedufaso.net\/?s={search_term_string}"},"query-input":{"@type":"PropertyValueSpecification","valueRequired":true,"valueName":"search_term_string"}}],"inLanguage":"fr-FR"},{"@type":"Organization","@id":"https:\/\/www.latribunedufaso.net\/#organization","name":"La Tribune du Faso","url":"https:\/\/www.latribunedufaso.net\/","logo":{"@type":"ImageObject","inLanguage":"fr-FR","@id":"https:\/\/www.latribunedufaso.net\/#\/schema\/logo\/image\/","url":"https:\/\/www.latribunedufaso.net\/wp-content\/uploads\/2020\/08\/Logo-Tribune-du-Faso-final-scaled.jpg","contentUrl":"https:\/\/www.latribunedufaso.net\/wp-content\/uploads\/2020\/08\/Logo-Tribune-du-Faso-final-scaled.jpg","width":2560,"height":1856,"caption":"La Tribune du Faso"},"image":{"@id":"https:\/\/www.latribunedufaso.net\/#\/schema\/logo\/image\/"},"sameAs":["https:\/\/www.facebook.com\/LatribuneduFaso\/"]},{"@type":"Person","@id":"https:\/\/www.latribunedufaso.net\/#\/schema\/person\/a380782d0605bb8aae27c40ea93b35b1","name":"Administrateur","image":{"@type":"ImageObject","inLanguage":"fr-FR","@id":"https:\/\/secure.gravatar.com\/avatar\/e20266f97d741f0e80ba1f60283074a9b3317fd7bfb727e0d95b51dafbf854a1?s=96&d=mm&r=g","url":"https:\/\/secure.gravatar.com\/avatar\/e20266f97d741f0e80ba1f60283074a9b3317fd7bfb727e0d95b51dafbf854a1?s=96&d=mm&r=g","contentUrl":"https:\/\/secure.gravatar.com\/avatar\/e20266f97d741f0e80ba1f60283074a9b3317fd7bfb727e0d95b51dafbf854a1?s=96&d=mm&r=g","caption":"Administrateur"},"url":"https:\/\/www.latribunedufaso.net\/?author=2"}]}},"_links":{"self":[{"href":"https:\/\/www.latribunedufaso.net\/index.php?rest_route=\/wp\/v2\/posts\/13851","targetHints":{"allow":["GET"]}}],"collection":[{"href":"https:\/\/www.latribunedufaso.net\/index.php?rest_route=\/wp\/v2\/posts"}],"about":[{"href":"https:\/\/www.latribunedufaso.net\/index.php?rest_route=\/wp\/v2\/types\/post"}],"author":[{"embeddable":true,"href":"https:\/\/www.latribunedufaso.net\/index.php?rest_route=\/wp\/v2\/users\/2"}],"replies":[{"embeddable":true,"href":"https:\/\/www.latribunedufaso.net\/index.php?rest_route=%2Fwp%2Fv2%2Fcomments&post=13851"}],"version-history":[{"count":1,"href":"https:\/\/www.latribunedufaso.net\/index.php?rest_route=\/wp\/v2\/posts\/13851\/revisions"}],"predecessor-version":[{"id":13854,"href":"https:\/\/www.latribunedufaso.net\/index.php?rest_route=\/wp\/v2\/posts\/13851\/revisions\/13854"}],"wp:featuredmedia":[{"embeddable":true,"href":"https:\/\/www.latribunedufaso.net\/index.php?rest_route=\/wp\/v2\/media\/13853"}],"wp:attachment":[{"href":"https:\/\/www.latribunedufaso.net\/index.php?rest_route=%2Fwp%2Fv2%2Fmedia&parent=13851"}],"wp:term":[{"taxonomy":"category","embeddable":true,"href":"https:\/\/www.latribunedufaso.net\/index.php?rest_route=%2Fwp%2Fv2%2Fcategories&post=13851"},{"taxonomy":"post_tag","embeddable":true,"href":"https:\/\/www.latribunedufaso.net\/index.php?rest_route=%2Fwp%2Fv2%2Ftags&post=13851"}],"curies":[{"name":"wp","href":"https:\/\/api.w.org\/{rel}","templated":true}]}}