{"id":13841,"date":"2023-01-16T21:53:26","date_gmt":"2023-01-16T21:53:26","guid":{"rendered":"https:\/\/www.latribunedufaso.net\/?p=13841"},"modified":"2024-06-04T11:55:43","modified_gmt":"2024-06-04T11:55:43","slug":"solidarite-le-cbc-fait-parler-son-coeur","status":"publish","type":"post","link":"https:\/\/www.latribunedufaso.net\/?p=13841","title":{"rendered":"Solidarit\u00e9 : Le CBC fait parler son coeur"},"content":{"rendered":"<p>Hier, 15 janvier 2023, le Conseil Burkinab\u00e8 des Chargeurs (CBC) a organis\u00e9, dans les locaux du Service social de Sig-Noghin, une remise de dons au profit des d\u00e9plac\u00e9s internes du quartier de Bassinko. Cette remise fait suite \u00e0 l&rsquo;appel du gouvernement \u00e0 soutenir nos fr\u00e8res et soeurs en difficult\u00e9 du fait de la crise s\u00e9curitaire. Compos\u00e9s de 100 sacs de riz, 100 cartons d&rsquo;huile, 100 cartons de savons et des effets d&rsquo;habillement, ces dons ont \u00e9t\u00e9 remis au cours d&rsquo;une c\u00e9r\u00e9monie <a tabindex=\"-1\"><\/a>soft, en pr\u00e9sence du Directeur R\u00e9gional du Centre, du Chef de service social de Sig-Noghin, du personnel du CBC et des repr\u00e9sentants des b\u00e9n\u00e9ficiaires. En d\u00e9placement hors du pays, le Directeur G\u00e9n\u00e9ral du CBC, Dr Kassoum TRAORE, s\u2019est fait repr\u00e9sent\u00e9 par Monsieur Ernest SOW, Directeur des Finances et de la Comptabilit\u00e9.<\/p>\n","protected":false},"excerpt":{"rendered":"<p>Hier, 15 janvier 2023, le Conseil Burkinab\u00e8 des Chargeurs (CBC) a organis\u00e9, dans les locaux du Service social de Sig-Noghin, une remise de dons au profit des d\u00e9plac\u00e9s internes du quartier de Bassinko. Cette remise fait suite \u00e0 l&rsquo;appel du gouvernement \u00e0 soutenir nos fr\u00e8res et soeurs en difficult\u00e9 du fait de la crise s\u00e9curitaire. Compos\u00e9s de 100 sacs de riz, 100 cartons d&rsquo;huile, 100 cartons de savons et des effets d&rsquo;habillement, ces dons ont \u00e9t\u00e9 remis au cours d&rsquo;une c\u00e9r\u00e9monie soft, en pr\u00e9sence du Directeur R\u00e9gional du Centre, du Chef de service social de Sig-Noghin, du personnel du CBC et des repr\u00e9sentants des b\u00e9n\u00e9ficiaires. En d\u00e9placement hors du pays, le Directeur G\u00e9n\u00e9ral du CBC, Dr Kassoum TRAORE, s\u2019est fait repr\u00e9sent\u00e9 par Monsieur Ernest SOW, Directeur des Finances et de la Comptabilit\u00e9.<\/p>\n","protected":false},"author":2,"featured_media":13842,"comment_status":"open","ping_status":"open","sticky":false,"template":"","format":"standard","meta":{"footnotes":""},"categories":[13,1,8],"tags":[],"class_list":["post-13841","post","type-post","status-publish","format-standard","has-post-thumbnail","hentry","category-une","category-actu","category-societe"],"yoast_head":"<!-- This site is optimized with the Yoast SEO plugin v27.5 - https:\/\/yoast.com\/product\/yoast-seo-wordpress\/ -->\n<title>Solidarit\u00e9 : Le CBC fait parler son coeur - La Tribune du Faso<\/title>\n<meta name=\"robots\" content=\"index, follow, max-snippet:-1, max-image-preview:large, max-video-preview:-1\" \/>\n<link rel=\"canonical\" href=\"https:\/\/www.latribunedufaso.net\/?p=13841\" \/>\n<meta property=\"og:locale\" content=\"fr_FR\" \/>\n<meta property=\"og:type\" content=\"article\" \/>\n<meta property=\"og:title\" content=\"Solidarit\u00e9 : Le CBC fait parler son coeur - La Tribune du Faso\" \/>\n<meta property=\"og:description\" content=\"Hier, 15 janvier 2023, le Conseil Burkinab\u00e8 des Chargeurs (CBC) a organis\u00e9, dans les locaux du Service social de Sig-Noghin, une remise de dons au profit des d\u00e9plac\u00e9s internes du quartier de Bassinko. Cette remise fait suite \u00e0 l&rsquo;appel du gouvernement \u00e0 soutenir nos fr\u00e8res et soeurs en difficult\u00e9 du fait de la crise s\u00e9curitaire. Compos\u00e9s de 100 sacs de riz, 100 cartons d&rsquo;huile, 100 cartons de savons et des effets d&rsquo;habillement, ces dons ont \u00e9t\u00e9 remis au cours d&rsquo;une c\u00e9r\u00e9monie soft, en pr\u00e9sence du Directeur R\u00e9gional du Centre, du Chef de service social de Sig-Noghin, du personnel du CBC et des repr\u00e9sentants des b\u00e9n\u00e9ficiaires. En d\u00e9placement hors du pays, le Directeur G\u00e9n\u00e9ral du CBC, Dr Kassoum TRAORE, s\u2019est fait repr\u00e9sent\u00e9 par Monsieur Ernest SOW, Directeur des Finances et de la Comptabilit\u00e9.\" \/>\n<meta property=\"og:url\" content=\"https:\/\/www.latribunedufaso.net\/?p=13841\" \/>\n<meta property=\"og:site_name\" content=\"La Tribune du Faso\" \/>\n<meta property=\"article:publisher\" content=\"https:\/\/www.facebook.com\/LatribuneduFaso\/\" \/>\n<meta property=\"article:published_time\" content=\"2023-01-16T21:53:26+00:00\" \/>\n<meta property=\"article:modified_time\" content=\"2024-06-04T11:55:43+00:00\" \/>\n<meta property=\"og:image\" content=\"https:\/\/www.latribunedufaso.net\/wp-content\/uploads\/2024\/06\/323261715_874669560527949_297093376633242717_n.jpg\" \/>\n\t<meta property=\"og:image:width\" content=\"2048\" \/>\n\t<meta property=\"og:image:height\" content=\"1365\" \/>\n\t<meta property=\"og:image:type\" content=\"image\/jpeg\" \/>\n<meta name=\"author\" content=\"Administrateur\" \/>\n<meta name=\"twitter:label1\" content=\"\u00c9crit par\" \/>\n\t<meta name=\"twitter:data1\" content=\"Administrateur\" \/>\n\t<meta name=\"twitter:label2\" content=\"Dur\u00e9e de lecture estim\u00e9e\" \/>\n\t<meta name=\"twitter:data2\" content=\"1 minute\" \/>\n<script type=\"application\/ld+json\" class=\"yoast-schema-graph\">{\"@context\":\"https:\\\/\\\/schema.org\",\"@graph\":[{\"@type\":\"Article\",\"@id\":\"https:\\\/\\\/www.latribunedufaso.net\\\/?p=13841#article\",\"isPartOf\":{\"@id\":\"https:\\\/\\\/www.latribunedufaso.net\\\/?p=13841\"},\"author\":{\"name\":\"Administrateur\",\"@id\":\"https:\\\/\\\/www.latribunedufaso.net\\\/#\\\/schema\\\/person\\\/a380782d0605bb8aae27c40ea93b35b1\"},\"headline\":\"Solidarit\u00e9 : Le CBC fait parler son coeur\",\"datePublished\":\"2023-01-16T21:53:26+00:00\",\"dateModified\":\"2024-06-04T11:55:43+00:00\",\"mainEntityOfPage\":{\"@id\":\"https:\\\/\\\/www.latribunedufaso.net\\\/?p=13841\"},\"wordCount\":153,\"commentCount\":0,\"publisher\":{\"@id\":\"https:\\\/\\\/www.latribunedufaso.net\\\/#organization\"},\"image\":{\"@id\":\"https:\\\/\\\/www.latribunedufaso.net\\\/?p=13841#primaryimage\"},\"thumbnailUrl\":\"https:\\\/\\\/www.latribunedufaso.net\\\/wp-content\\\/uploads\\\/2024\\\/06\\\/323261715_874669560527949_297093376633242717_n.jpg\",\"articleSection\":[\"A la une\",\"Actualit\u00e9\",\"Soci\u00e9t\u00e9\"],\"inLanguage\":\"fr-FR\",\"potentialAction\":[{\"@type\":\"CommentAction\",\"name\":\"Comment\",\"target\":[\"https:\\\/\\\/www.latribunedufaso.net\\\/?p=13841#respond\"]}]},{\"@type\":\"WebPage\",\"@id\":\"https:\\\/\\\/www.latribunedufaso.net\\\/?p=13841\",\"url\":\"https:\\\/\\\/www.latribunedufaso.net\\\/?p=13841\",\"name\":\"Solidarit\u00e9 : Le CBC fait parler son coeur - La Tribune du Faso\",\"isPartOf\":{\"@id\":\"https:\\\/\\\/www.latribunedufaso.net\\\/#website\"},\"primaryImageOfPage\":{\"@id\":\"https:\\\/\\\/www.latribunedufaso.net\\\/?p=13841#primaryimage\"},\"image\":{\"@id\":\"https:\\\/\\\/www.latribunedufaso.net\\\/?p=13841#primaryimage\"},\"thumbnailUrl\":\"https:\\\/\\\/www.latribunedufaso.net\\\/wp-content\\\/uploads\\\/2024\\\/06\\\/323261715_874669560527949_297093376633242717_n.jpg\",\"datePublished\":\"2023-01-16T21:53:26+00:00\",\"dateModified\":\"2024-06-04T11:55:43+00:00\",\"breadcrumb\":{\"@id\":\"https:\\\/\\\/www.latribunedufaso.net\\\/?p=13841#breadcrumb\"},\"inLanguage\":\"fr-FR\",\"potentialAction\":[{\"@type\":\"ReadAction\",\"target\":[\"https:\\\/\\\/www.latribunedufaso.net\\\/?p=13841\"]}]},{\"@type\":\"ImageObject\",\"inLanguage\":\"fr-FR\",\"@id\":\"https:\\\/\\\/www.latribunedufaso.net\\\/?p=13841#primaryimage\",\"url\":\"https:\\\/\\\/www.latribunedufaso.net\\\/wp-content\\\/uploads\\\/2024\\\/06\\\/323261715_874669560527949_297093376633242717_n.jpg\",\"contentUrl\":\"https:\\\/\\\/www.latribunedufaso.net\\\/wp-content\\\/uploads\\\/2024\\\/06\\\/323261715_874669560527949_297093376633242717_n.jpg\",\"width\":2048,\"height\":1365},{\"@type\":\"BreadcrumbList\",\"@id\":\"https:\\\/\\\/www.latribunedufaso.net\\\/?p=13841#breadcrumb\",\"itemListElement\":[{\"@type\":\"ListItem\",\"position\":1,\"name\":\"Accueil\",\"item\":\"https:\\\/\\\/www.latribunedufaso.net\\\/\"},{\"@type\":\"ListItem\",\"position\":2,\"name\":\"Solidarit\u00e9 : Le CBC fait parler son coeur\"}]},{\"@type\":\"WebSite\",\"@id\":\"https:\\\/\\\/www.latribunedufaso.net\\\/#website\",\"url\":\"https:\\\/\\\/www.latribunedufaso.net\\\/\",\"name\":\"La Tribune du Faso\",\"description\":\"L&#039;information du monde rural en un clic\",\"publisher\":{\"@id\":\"https:\\\/\\\/www.latribunedufaso.net\\\/#organization\"},\"potentialAction\":[{\"@type\":\"SearchAction\",\"target\":{\"@type\":\"EntryPoint\",\"urlTemplate\":\"https:\\\/\\\/www.latribunedufaso.net\\\/?s={search_term_string}\"},\"query-input\":{\"@type\":\"PropertyValueSpecification\",\"valueRequired\":true,\"valueName\":\"search_term_string\"}}],\"inLanguage\":\"fr-FR\"},{\"@type\":\"Organization\",\"@id\":\"https:\\\/\\\/www.latribunedufaso.net\\\/#organization\",\"name\":\"La Tribune du Faso\",\"url\":\"https:\\\/\\\/www.latribunedufaso.net\\\/\",\"logo\":{\"@type\":\"ImageObject\",\"inLanguage\":\"fr-FR\",\"@id\":\"https:\\\/\\\/www.latribunedufaso.net\\\/#\\\/schema\\\/logo\\\/image\\\/\",\"url\":\"https:\\\/\\\/www.latribunedufaso.net\\\/wp-content\\\/uploads\\\/2020\\\/08\\\/Logo-Tribune-du-Faso-final-scaled.jpg\",\"contentUrl\":\"https:\\\/\\\/www.latribunedufaso.net\\\/wp-content\\\/uploads\\\/2020\\\/08\\\/Logo-Tribune-du-Faso-final-scaled.jpg\",\"width\":2560,\"height\":1856,\"caption\":\"La Tribune du Faso\"},\"image\":{\"@id\":\"https:\\\/\\\/www.latribunedufaso.net\\\/#\\\/schema\\\/logo\\\/image\\\/\"},\"sameAs\":[\"https:\\\/\\\/www.facebook.com\\\/LatribuneduFaso\\\/\"]},{\"@type\":\"Person\",\"@id\":\"https:\\\/\\\/www.latribunedufaso.net\\\/#\\\/schema\\\/person\\\/a380782d0605bb8aae27c40ea93b35b1\",\"name\":\"Administrateur\",\"image\":{\"@type\":\"ImageObject\",\"inLanguage\":\"fr-FR\",\"@id\":\"https:\\\/\\\/secure.gravatar.com\\\/avatar\\\/e20266f97d741f0e80ba1f60283074a9b3317fd7bfb727e0d95b51dafbf854a1?s=96&d=mm&r=g\",\"url\":\"https:\\\/\\\/secure.gravatar.com\\\/avatar\\\/e20266f97d741f0e80ba1f60283074a9b3317fd7bfb727e0d95b51dafbf854a1?s=96&d=mm&r=g\",\"contentUrl\":\"https:\\\/\\\/secure.gravatar.com\\\/avatar\\\/e20266f97d741f0e80ba1f60283074a9b3317fd7bfb727e0d95b51dafbf854a1?s=96&d=mm&r=g\",\"caption\":\"Administrateur\"},\"url\":\"https:\\\/\\\/www.latribunedufaso.net\\\/?author=2\"}]}<\/script>\n<!-- \/ Yoast SEO plugin. -->","yoast_head_json":{"title":"Solidarit\u00e9 : Le CBC fait parler son coeur - La Tribune du Faso","robots":{"index":"index","follow":"follow","max-snippet":"max-snippet:-1","max-image-preview":"max-image-preview:large","max-video-preview":"max-video-preview:-1"},"canonical":"https:\/\/www.latribunedufaso.net\/?p=13841","og_locale":"fr_FR","og_type":"article","og_title":"Solidarit\u00e9 : Le CBC fait parler son coeur - La Tribune du Faso","og_description":"Hier, 15 janvier 2023, le Conseil Burkinab\u00e8 des Chargeurs (CBC) a organis\u00e9, dans les locaux du Service social de Sig-Noghin, une remise de dons au profit des d\u00e9plac\u00e9s internes du quartier de Bassinko. Cette remise fait suite \u00e0 l&rsquo;appel du gouvernement \u00e0 soutenir nos fr\u00e8res et soeurs en difficult\u00e9 du fait de la crise s\u00e9curitaire. Compos\u00e9s de 100 sacs de riz, 100 cartons d&rsquo;huile, 100 cartons de savons et des effets d&rsquo;habillement, ces dons ont \u00e9t\u00e9 remis au cours d&rsquo;une c\u00e9r\u00e9monie soft, en pr\u00e9sence du Directeur R\u00e9gional du Centre, du Chef de service social de Sig-Noghin, du personnel du CBC et des repr\u00e9sentants des b\u00e9n\u00e9ficiaires. En d\u00e9placement hors du pays, le Directeur G\u00e9n\u00e9ral du CBC, Dr Kassoum TRAORE, s\u2019est fait repr\u00e9sent\u00e9 par Monsieur Ernest SOW, Directeur des Finances et de la Comptabilit\u00e9.","og_url":"https:\/\/www.latribunedufaso.net\/?p=13841","og_site_name":"La Tribune du Faso","article_publisher":"https:\/\/www.facebook.com\/LatribuneduFaso\/","article_published_time":"2023-01-16T21:53:26+00:00","article_modified_time":"2024-06-04T11:55:43+00:00","og_image":[{"width":2048,"height":1365,"url":"https:\/\/www.latribunedufaso.net\/wp-content\/uploads\/2024\/06\/323261715_874669560527949_297093376633242717_n.jpg","type":"image\/jpeg"}],"author":"Administrateur","twitter_misc":{"\u00c9crit par":"Administrateur","Dur\u00e9e de lecture estim\u00e9e":"1 minute"},"schema":{"@context":"https:\/\/schema.org","@graph":[{"@type":"Article","@id":"https:\/\/www.latribunedufaso.net\/?p=13841#article","isPartOf":{"@id":"https:\/\/www.latribunedufaso.net\/?p=13841"},"author":{"name":"Administrateur","@id":"https:\/\/www.latribunedufaso.net\/#\/schema\/person\/a380782d0605bb8aae27c40ea93b35b1"},"headline":"Solidarit\u00e9 : Le CBC fait parler son coeur","datePublished":"2023-01-16T21:53:26+00:00","dateModified":"2024-06-04T11:55:43+00:00","mainEntityOfPage":{"@id":"https:\/\/www.latribunedufaso.net\/?p=13841"},"wordCount":153,"commentCount":0,"publisher":{"@id":"https:\/\/www.latribunedufaso.net\/#organization"},"image":{"@id":"https:\/\/www.latribunedufaso.net\/?p=13841#primaryimage"},"thumbnailUrl":"https:\/\/www.latribunedufaso.net\/wp-content\/uploads\/2024\/06\/323261715_874669560527949_297093376633242717_n.jpg","articleSection":["A la une","Actualit\u00e9","Soci\u00e9t\u00e9"],"inLanguage":"fr-FR","potentialAction":[{"@type":"CommentAction","name":"Comment","target":["https:\/\/www.latribunedufaso.net\/?p=13841#respond"]}]},{"@type":"WebPage","@id":"https:\/\/www.latribunedufaso.net\/?p=13841","url":"https:\/\/www.latribunedufaso.net\/?p=13841","name":"Solidarit\u00e9 : Le CBC fait parler son coeur - La Tribune du Faso","isPartOf":{"@id":"https:\/\/www.latribunedufaso.net\/#website"},"primaryImageOfPage":{"@id":"https:\/\/www.latribunedufaso.net\/?p=13841#primaryimage"},"image":{"@id":"https:\/\/www.latribunedufaso.net\/?p=13841#primaryimage"},"thumbnailUrl":"https:\/\/www.latribunedufaso.net\/wp-content\/uploads\/2024\/06\/323261715_874669560527949_297093376633242717_n.jpg","datePublished":"2023-01-16T21:53:26+00:00","dateModified":"2024-06-04T11:55:43+00:00","breadcrumb":{"@id":"https:\/\/www.latribunedufaso.net\/?p=13841#breadcrumb"},"inLanguage":"fr-FR","potentialAction":[{"@type":"ReadAction","target":["https:\/\/www.latribunedufaso.net\/?p=13841"]}]},{"@type":"ImageObject","inLanguage":"fr-FR","@id":"https:\/\/www.latribunedufaso.net\/?p=13841#primaryimage","url":"https:\/\/www.latribunedufaso.net\/wp-content\/uploads\/2024\/06\/323261715_874669560527949_297093376633242717_n.jpg","contentUrl":"https:\/\/www.latribunedufaso.net\/wp-content\/uploads\/2024\/06\/323261715_874669560527949_297093376633242717_n.jpg","width":2048,"height":1365},{"@type":"BreadcrumbList","@id":"https:\/\/www.latribunedufaso.net\/?p=13841#breadcrumb","itemListElement":[{"@type":"ListItem","position":1,"name":"Accueil","item":"https:\/\/www.latribunedufaso.net\/"},{"@type":"ListItem","position":2,"name":"Solidarit\u00e9 : Le CBC fait parler son coeur"}]},{"@type":"WebSite","@id":"https:\/\/www.latribunedufaso.net\/#website","url":"https:\/\/www.latribunedufaso.net\/","name":"La Tribune du Faso","description":"L&#039;information du monde rural en un clic","publisher":{"@id":"https:\/\/www.latribunedufaso.net\/#organization"},"potentialAction":[{"@type":"SearchAction","target":{"@type":"EntryPoint","urlTemplate":"https:\/\/www.latribunedufaso.net\/?s={search_term_string}"},"query-input":{"@type":"PropertyValueSpecification","valueRequired":true,"valueName":"search_term_string"}}],"inLanguage":"fr-FR"},{"@type":"Organization","@id":"https:\/\/www.latribunedufaso.net\/#organization","name":"La Tribune du Faso","url":"https:\/\/www.latribunedufaso.net\/","logo":{"@type":"ImageObject","inLanguage":"fr-FR","@id":"https:\/\/www.latribunedufaso.net\/#\/schema\/logo\/image\/","url":"https:\/\/www.latribunedufaso.net\/wp-content\/uploads\/2020\/08\/Logo-Tribune-du-Faso-final-scaled.jpg","contentUrl":"https:\/\/www.latribunedufaso.net\/wp-content\/uploads\/2020\/08\/Logo-Tribune-du-Faso-final-scaled.jpg","width":2560,"height":1856,"caption":"La Tribune du Faso"},"image":{"@id":"https:\/\/www.latribunedufaso.net\/#\/schema\/logo\/image\/"},"sameAs":["https:\/\/www.facebook.com\/LatribuneduFaso\/"]},{"@type":"Person","@id":"https:\/\/www.latribunedufaso.net\/#\/schema\/person\/a380782d0605bb8aae27c40ea93b35b1","name":"Administrateur","image":{"@type":"ImageObject","inLanguage":"fr-FR","@id":"https:\/\/secure.gravatar.com\/avatar\/e20266f97d741f0e80ba1f60283074a9b3317fd7bfb727e0d95b51dafbf854a1?s=96&d=mm&r=g","url":"https:\/\/secure.gravatar.com\/avatar\/e20266f97d741f0e80ba1f60283074a9b3317fd7bfb727e0d95b51dafbf854a1?s=96&d=mm&r=g","contentUrl":"https:\/\/secure.gravatar.com\/avatar\/e20266f97d741f0e80ba1f60283074a9b3317fd7bfb727e0d95b51dafbf854a1?s=96&d=mm&r=g","caption":"Administrateur"},"url":"https:\/\/www.latribunedufaso.net\/?author=2"}]}},"_links":{"self":[{"href":"https:\/\/www.latribunedufaso.net\/index.php?rest_route=\/wp\/v2\/posts\/13841","targetHints":{"allow":["GET"]}}],"collection":[{"href":"https:\/\/www.latribunedufaso.net\/index.php?rest_route=\/wp\/v2\/posts"}],"about":[{"href":"https:\/\/www.latribunedufaso.net\/index.php?rest_route=\/wp\/v2\/types\/post"}],"author":[{"embeddable":true,"href":"https:\/\/www.latribunedufaso.net\/index.php?rest_route=\/wp\/v2\/users\/2"}],"replies":[{"embeddable":true,"href":"https:\/\/www.latribunedufaso.net\/index.php?rest_route=%2Fwp%2Fv2%2Fcomments&post=13841"}],"version-history":[{"count":1,"href":"https:\/\/www.latribunedufaso.net\/index.php?rest_route=\/wp\/v2\/posts\/13841\/revisions"}],"predecessor-version":[{"id":13843,"href":"https:\/\/www.latribunedufaso.net\/index.php?rest_route=\/wp\/v2\/posts\/13841\/revisions\/13843"}],"wp:featuredmedia":[{"embeddable":true,"href":"https:\/\/www.latribunedufaso.net\/index.php?rest_route=\/wp\/v2\/media\/13842"}],"wp:attachment":[{"href":"https:\/\/www.latribunedufaso.net\/index.php?rest_route=%2Fwp%2Fv2%2Fmedia&parent=13841"}],"wp:term":[{"taxonomy":"category","embeddable":true,"href":"https:\/\/www.latribunedufaso.net\/index.php?rest_route=%2Fwp%2Fv2%2Fcategories&post=13841"},{"taxonomy":"post_tag","embeddable":true,"href":"https:\/\/www.latribunedufaso.net\/index.php?rest_route=%2Fwp%2Fv2%2Ftags&post=13841"}],"curies":[{"name":"wp","href":"https:\/\/api.w.org\/{rel}","templated":true}]}}