{"id":13838,"date":"2023-02-03T09:15:31","date_gmt":"2023-02-03T09:15:31","guid":{"rendered":"https:\/\/www.latribunedufaso.net\/?p=13838"},"modified":"2024-06-04T09:17:55","modified_gmt":"2024-06-04T09:17:55","slug":"parc-urbain-bangr-weogo-la-gouvernance-en-question","status":"publish","type":"post","link":"https:\/\/www.latribunedufaso.net\/?p=13838","title":{"rendered":"Parc urbain Bangr-W\u00e9ogo : La gouvernance en question"},"content":{"rendered":"<div class=\"teaser-text\">\n<p>Le ministre de l\u2019Environnement, de l\u2019Eau et de l\u2019Assainissement, le Dr Augustin KABORE a pr\u00e9sid\u00e9 ce jeudi 2 f\u00e9vrier 2023 dans la matin\u00e9e, une rencontre tripartite regroupant, le minist\u00e8re en charge de l\u2019Environnement, la commune de Ouagadougou et le conseil scientifique et technique du parc urbain Bangr-W\u00e9ogo. L\u2019objectif est d\u2019engager des concertations autour de la gouvernance du Parc urbain Bangr-W\u00e9ogo qui est confront\u00e9e \u00e0 plusieurs difficult\u00e9s.<\/p>\n<\/div>\n<div id=\"c1571\" class=\"frame frame-default frame-type-text frame-layout-0 frame-background-none frame-no-backgroundimage frame-space-before-none frame-space-after-none\">\n<div class=\"frame-container\">\n<div class=\"frame-inner\">\n<p class=\"text-justify\">Cr\u00e9\u00e9 en 1917 sur une superficie initiale de 90 ha et \u00e9largie en 1941 sur une superficie de 265 ha, la for\u00eat class\u00e9e des barrages de Ouagadougou a connu des \u00e9volutions au niveau de son cadre juridique et intentionnel.<\/p>\n<p class=\"text-justify\">C\u2019est ainsi qu\u2019en 2001, le parc urbain Bangr-w\u00e9ogo a \u00e9t\u00e9 \u00e9rig\u00e9 en son sein sur une superficie de 240 ha et confi\u00e9 pour gestion \u00e0 la commune de Ouagadougou \u00e0 travers un protocole de gestion assorti d\u2019un cahier de charge. En 20 ans d\u2019existence, la gouvernance de ce parc coupl\u00e9e \u00e0 celle de la for\u00eat class\u00e9e de 25 ha fait face aujourd\u2019hui \u00e0 des difficult\u00e9s d\u2019o\u00f9 la tenue de la rencontre pour permettre aux parties prenantes de faire de propositions de solutions et des recommandations \u00e0 m\u00eame de redonner \u00e0 la gouvernance du parc son lustre d\u2019antan.\u00a0<\/p>\n<\/div>\n<\/div>\n<\/div>\n<div id=\"c1572\" class=\"frame frame-default frame-type-image frame-layout-0 frame-background-none frame-no-backgroundimage frame-space-before-none frame-space-after-none\">\n<div class=\"frame-container\">\n<div class=\"frame-inner\">\n<div class=\"gallery-row\">\n<div class=\"gallery-item gallery-item-size-2\">\n<figure class=\"image\"><a href=\"https:\/\/www.environnement.gov.bf\/fileadmin\/user_upload\/storages\/images\/mediatheque\/accueil\/bangreweogo.03.jpeg\" title=\"\" data-lightbox-caption=\"\" class=\"lightbox\" data-lightbox-width=\"1280\" data-lightbox-height=\"853\" rel=\"lightbox-group-1572\"><picture><source srcset=\"\/fileadmin\/user_upload\/storages\/images\/mediatheque\/accueil\/bangreweogo.03.jpeg\" media=\"(min-width: 1200px)\" data-variant=\"default\" data-maxwidth=\"542\" \/><source srcset=\"\/fileadmin\/user_upload\/storages\/images\/mediatheque\/accueil\/bangreweogo.03.jpeg\" media=\"(min-width: 992px)\" data-variant=\"large\" data-maxwidth=\"452\" \/><source srcset=\"\/fileadmin\/user_upload\/storages\/images\/mediatheque\/accueil\/bangreweogo.03.jpeg\" media=\"(min-width: 768px)\" data-variant=\"medium\" data-maxwidth=\"332\" \/><source srcset=\"\/fileadmin\/user_upload\/storages\/images\/mediatheque\/accueil\/bangreweogo.03.jpeg\" media=\"(min-width: 576px)\" data-variant=\"small\" data-maxwidth=\"242\" \/><source srcset=\"\/fileadmin\/user_upload\/storages\/images\/mediatheque\/accueil\/bangreweogo.03.jpeg\" data-variant=\"extrasmall\" data-maxwidth=\"179\" \/><img decoding=\"async\" title=\"\" src=\"https:\/\/www.environnement.gov.bf\/fileadmin\/user_upload\/storages\/images\/mediatheque\/accueil\/bangreweogo.03.jpeg\" alt=\"\" \/><\/picture><\/a><\/figure>\n<\/div>\n<div class=\"gallery-item gallery-item-size-2\">\n<figure class=\"image\"><a href=\"https:\/\/www.environnement.gov.bf\/fileadmin\/user_upload\/storages\/images\/mediatheque\/accueil\/bangreweogo.04.jpeg\" title=\"\" data-lightbox-caption=\"\" class=\"lightbox\" data-lightbox-width=\"1280\" data-lightbox-height=\"853\" rel=\"lightbox-group-1572\"><picture><source srcset=\"\/fileadmin\/user_upload\/storages\/images\/mediatheque\/accueil\/bangreweogo.04.jpeg\" media=\"(min-width: 1200px)\" data-variant=\"default\" data-maxwidth=\"542\" \/><source srcset=\"\/fileadmin\/user_upload\/storages\/images\/mediatheque\/accueil\/bangreweogo.04.jpeg\" media=\"(min-width: 992px)\" data-variant=\"large\" data-maxwidth=\"452\" \/><source srcset=\"\/fileadmin\/user_upload\/storages\/images\/mediatheque\/accueil\/bangreweogo.04.jpeg\" media=\"(min-width: 768px)\" data-variant=\"medium\" data-maxwidth=\"332\" \/><source srcset=\"\/fileadmin\/user_upload\/storages\/images\/mediatheque\/accueil\/bangreweogo.04.jpeg\" media=\"(min-width: 576px)\" data-variant=\"small\" data-maxwidth=\"242\" \/><source srcset=\"\/fileadmin\/user_upload\/storages\/images\/mediatheque\/accueil\/bangreweogo.04.jpeg\" data-variant=\"extrasmall\" data-maxwidth=\"179\" \/><img decoding=\"async\" title=\"\" src=\"https:\/\/www.environnement.gov.bf\/fileadmin\/user_upload\/storages\/images\/mediatheque\/accueil\/bangreweogo.04.jpeg\" alt=\"\" \/><\/picture><\/a><\/figure>\n<\/div>\n<\/div>\n<\/div>\n<\/div>\n<\/div>\n<div id=\"c1573\" class=\"frame frame-default frame-type-text frame-layout-0 frame-background-none frame-no-backgroundimage frame-space-before-none frame-space-after-none\">\n<div class=\"frame-container\">\n<div class=\"frame-inner\">\n<p class=\"text-justify\">Des pr\u00e9sentations faites sur le cadre juridique et institutionnel du parc\u00a0 par le minist\u00e8re ainsi que de sa gestion par la commune de Ouagadougou suivi d\u2019\u00e9changes, il ressort des acquis mais aussi des insuffisances. En terme d\u2019acquis, il ressort des travaux d\u2019entretien du parc op\u00e9r\u00e9s par la commune de Ouagadougou dans le cadre de la coop\u00e9ration d\u00e9centralis\u00e9e, des perspectives telles que l\u2019\u00e9laboration en 2019 d\u2019un plan de r\u00e9habilitation et de gestion assorti d\u2019un plan d\u2019urgence.<\/p>\n<p class=\"text-justify\">Pour les insuffisances, il s\u2019agit entre autres des inondations du 1er septembre 2009 qui ont affect\u00e9 le parc, des probl\u00e8mes d\u2019effectifs du personnel de surveillance, la non-conformit\u00e9 du protocole de gestion avec le code forestier, l\u2019ins\u00e9curit\u00e9 grandissante, l\u2019existence d\u2019un cahier de charge de port\u00e9e g\u00e9n\u00e9rale qui ne pr\u00e9cise pas les droits et devoirs des acteurs.<\/p>\n<\/div>\n<\/div>\n<\/div>\n<div id=\"c1575\" class=\"frame frame-default frame-type-text frame-layout-0 frame-background-none frame-no-backgroundimage frame-space-before-none frame-space-after-none\">\n<div class=\"frame-container\">\n<div class=\"frame-inner\">\n<p class=\"text-justify\">Au regard des difficult\u00e9s \u00e9grain\u00e9es, le ministre KABORE a instruit la mise en place d\u2019un comit\u00e9 conjoint qui sera charg\u00e9, dans de plus brefs d\u00e9lais, de r\u00e9fl\u00e9chir sur une vision claire pour le parc, son statut actuel, les textes r\u00e9glementaires qui r\u00e9gissent sa gestion en tenant compte du contexte s\u00e9curitaire et de l\u2019assainissement de la ville de Ouagadougou.<\/p>\n<p class=\"text-justify\">\u00a0\u00ab Il faudrait qu\u2019on soit tr\u00e8s claire, il y\u2019a des probl\u00e8mes et nous devons nous asseoir pour trouver ensemble des solutions. Nous sommes aujourd\u2019hui des acteurs de gouvernance de ce parc urbain et s\u2019il y\u2019a des probl\u00e8mes nous devons en toute responsabilit\u00e9 faire le diagnostic et ensemble voire comment lever ses difficult\u00e9s pour donner une orientation tr\u00e8s claire en mati\u00e8re de gouvernance foresti\u00e8re, financi\u00e8re ou physique du parc \u00bb, a-t-il soulign\u00e9<\/p>\n<\/div>\n<\/div>\n<\/div>\n<div id=\"c1576\" class=\"frame frame-default frame-type-text frame-layout-0 frame-background-none frame-no-backgroundimage frame-space-before-none frame-space-after-none\">\n<div class=\"frame-container\">\n<div class=\"frame-inner\">\n<p class=\"text-center\"><strong><em>Le Minist\u00e8re de l&rsquo;Environnement, de l&rsquo;Eau et de l&rsquo;Assainissement<\/em><\/strong><\/p>\n<\/div>\n<\/div>\n<\/div>\n","protected":false},"excerpt":{"rendered":"<p>Le ministre de l\u2019Environnement, de l\u2019Eau et de l\u2019Assainissement, le Dr Augustin KABORE a pr\u00e9sid\u00e9 ce jeudi 2 f\u00e9vrier 2023 dans la matin\u00e9e, une rencontre tripartite regroupant, le minist\u00e8re en charge de l\u2019Environnement, la commune de Ouagadougou et le conseil scientifique et technique du parc urbain Bangr-W\u00e9ogo. L\u2019objectif est d\u2019engager des concertations autour de la gouvernance du Parc urbain Bangr-W\u00e9ogo qui est confront\u00e9e \u00e0 plusieurs difficult\u00e9s. Cr\u00e9\u00e9 en 1917 sur une superficie initiale de 90 ha et \u00e9largie en 1941 sur une superficie de 265 ha, la for\u00eat class\u00e9e des barrages de Ouagadougou a connu des \u00e9volutions au niveau de son cadre juridique et intentionnel. C\u2019est ainsi qu\u2019en 2001, le parc urbain Bangr-w\u00e9ogo a \u00e9t\u00e9 \u00e9rig\u00e9 en son sein sur une superficie de 240 ha et confi\u00e9 pour gestion \u00e0 la commune de Ouagadougou \u00e0 travers un protocole de gestion assorti d\u2019un cahier de charge. En 20 ans d\u2019existence, la gouvernance de ce parc coupl\u00e9e \u00e0 celle de la for\u00eat class\u00e9e de 25 ha fait face aujourd\u2019hui \u00e0 des difficult\u00e9s d\u2019o\u00f9 la tenue de la rencontre pour permettre aux parties prenantes de faire de propositions de solutions et des recommandations \u00e0 m\u00eame de redonner \u00e0 la gouvernance du parc son lustre d\u2019antan.\u00a0 Des pr\u00e9sentations faites sur le cadre juridique et institutionnel du parc\u00a0 par le minist\u00e8re ainsi que de sa gestion par la commune de Ouagadougou suivi d\u2019\u00e9changes, il ressort des acquis mais aussi des insuffisances. En terme d\u2019acquis, il ressort des travaux d\u2019entretien du parc op\u00e9r\u00e9s par la commune de Ouagadougou dans le cadre de la coop\u00e9ration d\u00e9centralis\u00e9e, des perspectives telles que l\u2019\u00e9laboration en 2019 d\u2019un plan de r\u00e9habilitation et de gestion assorti d\u2019un plan d\u2019urgence. Pour les insuffisances, il s\u2019agit entre autres des inondations du 1er septembre 2009 qui ont affect\u00e9 le parc, des probl\u00e8mes d\u2019effectifs du personnel de surveillance, la non-conformit\u00e9 du protocole de gestion avec le code forestier, l\u2019ins\u00e9curit\u00e9 grandissante, l\u2019existence d\u2019un cahier de charge de port\u00e9e g\u00e9n\u00e9rale qui ne pr\u00e9cise pas les droits et devoirs des acteurs. Au regard des difficult\u00e9s \u00e9grain\u00e9es, le ministre KABORE a instruit la mise en place d\u2019un comit\u00e9 conjoint qui sera charg\u00e9, dans de plus brefs d\u00e9lais, de r\u00e9fl\u00e9chir sur une vision claire pour le parc, son statut actuel, les textes r\u00e9glementaires qui r\u00e9gissent sa gestion en tenant compte du contexte s\u00e9curitaire et de l\u2019assainissement de la ville de Ouagadougou. \u00a0\u00ab Il faudrait qu\u2019on soit tr\u00e8s claire, il y\u2019a des probl\u00e8mes et nous devons nous asseoir pour trouver ensemble des solutions. Nous sommes aujourd\u2019hui des acteurs de gouvernance de ce parc urbain et s\u2019il y\u2019a des probl\u00e8mes nous devons en toute responsabilit\u00e9 faire le diagnostic et ensemble voire comment lever ses difficult\u00e9s pour donner une orientation tr\u00e8s claire en mati\u00e8re de gouvernance foresti\u00e8re, financi\u00e8re ou physique du parc \u00bb, a-t-il soulign\u00e9 Le Minist\u00e8re de l&rsquo;Environnement, de l&rsquo;Eau et de l&rsquo;Assainissement<\/p>\n","protected":false},"author":2,"featured_media":13839,"comment_status":"open","ping_status":"open","sticky":false,"template":"","format":"standard","meta":{"footnotes":""},"categories":[1,5],"tags":[],"class_list":["post-13838","post","type-post","status-publish","format-standard","has-post-thumbnail","hentry","category-actu","category-envir"],"yoast_head":"<!-- This site is optimized with the Yoast SEO plugin v27.5 - https:\/\/yoast.com\/product\/yoast-seo-wordpress\/ -->\n<title>Parc urbain Bangr-W\u00e9ogo : La gouvernance en question - La Tribune du Faso<\/title>\n<meta name=\"robots\" content=\"index, follow, max-snippet:-1, max-image-preview:large, max-video-preview:-1\" \/>\n<link rel=\"canonical\" href=\"https:\/\/www.latribunedufaso.net\/?p=13838\" \/>\n<meta property=\"og:locale\" content=\"fr_FR\" \/>\n<meta property=\"og:type\" content=\"article\" \/>\n<meta property=\"og:title\" content=\"Parc urbain Bangr-W\u00e9ogo : La gouvernance en question - La Tribune du Faso\" \/>\n<meta property=\"og:description\" content=\"Le ministre de l\u2019Environnement, de l\u2019Eau et de l\u2019Assainissement, le Dr Augustin KABORE a pr\u00e9sid\u00e9 ce jeudi 2 f\u00e9vrier 2023 dans la matin\u00e9e, une rencontre tripartite regroupant, le minist\u00e8re en charge de l\u2019Environnement, la commune de Ouagadougou et le conseil scientifique et technique du parc urbain Bangr-W\u00e9ogo. L\u2019objectif est d\u2019engager des concertations autour de la gouvernance du Parc urbain Bangr-W\u00e9ogo qui est confront\u00e9e \u00e0 plusieurs difficult\u00e9s. Cr\u00e9\u00e9 en 1917 sur une superficie initiale de 90 ha et \u00e9largie en 1941 sur une superficie de 265 ha, la for\u00eat class\u00e9e des barrages de Ouagadougou a connu des \u00e9volutions au niveau de son cadre juridique et intentionnel. C\u2019est ainsi qu\u2019en 2001, le parc urbain Bangr-w\u00e9ogo a \u00e9t\u00e9 \u00e9rig\u00e9 en son sein sur une superficie de 240 ha et confi\u00e9 pour gestion \u00e0 la commune de Ouagadougou \u00e0 travers un protocole de gestion assorti d\u2019un cahier de charge. En 20 ans d\u2019existence, la gouvernance de ce parc coupl\u00e9e \u00e0 celle de la for\u00eat class\u00e9e de 25 ha fait face aujourd\u2019hui \u00e0 des difficult\u00e9s d\u2019o\u00f9 la tenue de la rencontre pour permettre aux parties prenantes de faire de propositions de solutions et des recommandations \u00e0 m\u00eame de redonner \u00e0 la gouvernance du parc son lustre d\u2019antan.\u00a0 Des pr\u00e9sentations faites sur le cadre juridique et institutionnel du parc\u00a0 par le minist\u00e8re ainsi que de sa gestion par la commune de Ouagadougou suivi d\u2019\u00e9changes, il ressort des acquis mais aussi des insuffisances. En terme d\u2019acquis, il ressort des travaux d\u2019entretien du parc op\u00e9r\u00e9s par la commune de Ouagadougou dans le cadre de la coop\u00e9ration d\u00e9centralis\u00e9e, des perspectives telles que l\u2019\u00e9laboration en 2019 d\u2019un plan de r\u00e9habilitation et de gestion assorti d\u2019un plan d\u2019urgence. Pour les insuffisances, il s\u2019agit entre autres des inondations du 1er septembre 2009 qui ont affect\u00e9 le parc, des probl\u00e8mes d\u2019effectifs du personnel de surveillance, la non-conformit\u00e9 du protocole de gestion avec le code forestier, l\u2019ins\u00e9curit\u00e9 grandissante, l\u2019existence d\u2019un cahier de charge de port\u00e9e g\u00e9n\u00e9rale qui ne pr\u00e9cise pas les droits et devoirs des acteurs. Au regard des difficult\u00e9s \u00e9grain\u00e9es, le ministre KABORE a instruit la mise en place d\u2019un comit\u00e9 conjoint qui sera charg\u00e9, dans de plus brefs d\u00e9lais, de r\u00e9fl\u00e9chir sur une vision claire pour le parc, son statut actuel, les textes r\u00e9glementaires qui r\u00e9gissent sa gestion en tenant compte du contexte s\u00e9curitaire et de l\u2019assainissement de la ville de Ouagadougou. \u00a0\u00ab Il faudrait qu\u2019on soit tr\u00e8s claire, il y\u2019a des probl\u00e8mes et nous devons nous asseoir pour trouver ensemble des solutions. Nous sommes aujourd\u2019hui des acteurs de gouvernance de ce parc urbain et s\u2019il y\u2019a des probl\u00e8mes nous devons en toute responsabilit\u00e9 faire le diagnostic et ensemble voire comment lever ses difficult\u00e9s pour donner une orientation tr\u00e8s claire en mati\u00e8re de gouvernance foresti\u00e8re, financi\u00e8re ou physique du parc \u00bb, a-t-il soulign\u00e9 Le Minist\u00e8re de l&rsquo;Environnement, de l&rsquo;Eau et de l&rsquo;Assainissement\" \/>\n<meta property=\"og:url\" content=\"https:\/\/www.latribunedufaso.net\/?p=13838\" \/>\n<meta property=\"og:site_name\" content=\"La Tribune du Faso\" \/>\n<meta property=\"article:publisher\" content=\"https:\/\/www.facebook.com\/LatribuneduFaso\/\" \/>\n<meta property=\"article:published_time\" content=\"2023-02-03T09:15:31+00:00\" \/>\n<meta property=\"article:modified_time\" content=\"2024-06-04T09:17:55+00:00\" \/>\n<meta property=\"og:image\" content=\"https:\/\/www.latribunedufaso.net\/wp-content\/uploads\/2024\/06\/bangreweogo.01.jpeg\" \/>\n\t<meta property=\"og:image:width\" content=\"1280\" \/>\n\t<meta property=\"og:image:height\" content=\"853\" \/>\n\t<meta property=\"og:image:type\" content=\"image\/jpeg\" \/>\n<meta name=\"author\" content=\"Administrateur\" \/>\n<meta name=\"twitter:label1\" content=\"\u00c9crit par\" \/>\n\t<meta name=\"twitter:data1\" content=\"Administrateur\" \/>\n\t<meta name=\"twitter:label2\" content=\"Dur\u00e9e de lecture estim\u00e9e\" \/>\n\t<meta name=\"twitter:data2\" content=\"3 minutes\" \/>\n<script type=\"application\/ld+json\" class=\"yoast-schema-graph\">{\"@context\":\"https:\\\/\\\/schema.org\",\"@graph\":[{\"@type\":\"Article\",\"@id\":\"https:\\\/\\\/www.latribunedufaso.net\\\/?p=13838#article\",\"isPartOf\":{\"@id\":\"https:\\\/\\\/www.latribunedufaso.net\\\/?p=13838\"},\"author\":{\"name\":\"Administrateur\",\"@id\":\"https:\\\/\\\/www.latribunedufaso.net\\\/#\\\/schema\\\/person\\\/a380782d0605bb8aae27c40ea93b35b1\"},\"headline\":\"Parc urbain Bangr-W\u00e9ogo : La gouvernance en question\",\"datePublished\":\"2023-02-03T09:15:31+00:00\",\"dateModified\":\"2024-06-04T09:17:55+00:00\",\"mainEntityOfPage\":{\"@id\":\"https:\\\/\\\/www.latribunedufaso.net\\\/?p=13838\"},\"wordCount\":539,\"commentCount\":0,\"publisher\":{\"@id\":\"https:\\\/\\\/www.latribunedufaso.net\\\/#organization\"},\"image\":{\"@id\":\"https:\\\/\\\/www.latribunedufaso.net\\\/?p=13838#primaryimage\"},\"thumbnailUrl\":\"https:\\\/\\\/www.latribunedufaso.net\\\/wp-content\\\/uploads\\\/2024\\\/06\\\/bangreweogo.01.jpeg\",\"articleSection\":[\"Actualit\u00e9\",\"Environnement\"],\"inLanguage\":\"fr-FR\",\"potentialAction\":[{\"@type\":\"CommentAction\",\"name\":\"Comment\",\"target\":[\"https:\\\/\\\/www.latribunedufaso.net\\\/?p=13838#respond\"]}]},{\"@type\":\"WebPage\",\"@id\":\"https:\\\/\\\/www.latribunedufaso.net\\\/?p=13838\",\"url\":\"https:\\\/\\\/www.latribunedufaso.net\\\/?p=13838\",\"name\":\"Parc urbain Bangr-W\u00e9ogo : La gouvernance en question - La Tribune du Faso\",\"isPartOf\":{\"@id\":\"https:\\\/\\\/www.latribunedufaso.net\\\/#website\"},\"primaryImageOfPage\":{\"@id\":\"https:\\\/\\\/www.latribunedufaso.net\\\/?p=13838#primaryimage\"},\"image\":{\"@id\":\"https:\\\/\\\/www.latribunedufaso.net\\\/?p=13838#primaryimage\"},\"thumbnailUrl\":\"https:\\\/\\\/www.latribunedufaso.net\\\/wp-content\\\/uploads\\\/2024\\\/06\\\/bangreweogo.01.jpeg\",\"datePublished\":\"2023-02-03T09:15:31+00:00\",\"dateModified\":\"2024-06-04T09:17:55+00:00\",\"breadcrumb\":{\"@id\":\"https:\\\/\\\/www.latribunedufaso.net\\\/?p=13838#breadcrumb\"},\"inLanguage\":\"fr-FR\",\"potentialAction\":[{\"@type\":\"ReadAction\",\"target\":[\"https:\\\/\\\/www.latribunedufaso.net\\\/?p=13838\"]}]},{\"@type\":\"ImageObject\",\"inLanguage\":\"fr-FR\",\"@id\":\"https:\\\/\\\/www.latribunedufaso.net\\\/?p=13838#primaryimage\",\"url\":\"https:\\\/\\\/www.latribunedufaso.net\\\/wp-content\\\/uploads\\\/2024\\\/06\\\/bangreweogo.01.jpeg\",\"contentUrl\":\"https:\\\/\\\/www.latribunedufaso.net\\\/wp-content\\\/uploads\\\/2024\\\/06\\\/bangreweogo.01.jpeg\",\"width\":1280,\"height\":853},{\"@type\":\"BreadcrumbList\",\"@id\":\"https:\\\/\\\/www.latribunedufaso.net\\\/?p=13838#breadcrumb\",\"itemListElement\":[{\"@type\":\"ListItem\",\"position\":1,\"name\":\"Accueil\",\"item\":\"https:\\\/\\\/www.latribunedufaso.net\\\/\"},{\"@type\":\"ListItem\",\"position\":2,\"name\":\"Parc urbain Bangr-W\u00e9ogo : La gouvernance en question\"}]},{\"@type\":\"WebSite\",\"@id\":\"https:\\\/\\\/www.latribunedufaso.net\\\/#website\",\"url\":\"https:\\\/\\\/www.latribunedufaso.net\\\/\",\"name\":\"La Tribune du Faso\",\"description\":\"L&#039;information du monde rural en un clic\",\"publisher\":{\"@id\":\"https:\\\/\\\/www.latribunedufaso.net\\\/#organization\"},\"potentialAction\":[{\"@type\":\"SearchAction\",\"target\":{\"@type\":\"EntryPoint\",\"urlTemplate\":\"https:\\\/\\\/www.latribunedufaso.net\\\/?s={search_term_string}\"},\"query-input\":{\"@type\":\"PropertyValueSpecification\",\"valueRequired\":true,\"valueName\":\"search_term_string\"}}],\"inLanguage\":\"fr-FR\"},{\"@type\":\"Organization\",\"@id\":\"https:\\\/\\\/www.latribunedufaso.net\\\/#organization\",\"name\":\"La Tribune du Faso\",\"url\":\"https:\\\/\\\/www.latribunedufaso.net\\\/\",\"logo\":{\"@type\":\"ImageObject\",\"inLanguage\":\"fr-FR\",\"@id\":\"https:\\\/\\\/www.latribunedufaso.net\\\/#\\\/schema\\\/logo\\\/image\\\/\",\"url\":\"https:\\\/\\\/www.latribunedufaso.net\\\/wp-content\\\/uploads\\\/2020\\\/08\\\/Logo-Tribune-du-Faso-final-scaled.jpg\",\"contentUrl\":\"https:\\\/\\\/www.latribunedufaso.net\\\/wp-content\\\/uploads\\\/2020\\\/08\\\/Logo-Tribune-du-Faso-final-scaled.jpg\",\"width\":2560,\"height\":1856,\"caption\":\"La Tribune du Faso\"},\"image\":{\"@id\":\"https:\\\/\\\/www.latribunedufaso.net\\\/#\\\/schema\\\/logo\\\/image\\\/\"},\"sameAs\":[\"https:\\\/\\\/www.facebook.com\\\/LatribuneduFaso\\\/\"]},{\"@type\":\"Person\",\"@id\":\"https:\\\/\\\/www.latribunedufaso.net\\\/#\\\/schema\\\/person\\\/a380782d0605bb8aae27c40ea93b35b1\",\"name\":\"Administrateur\",\"image\":{\"@type\":\"ImageObject\",\"inLanguage\":\"fr-FR\",\"@id\":\"https:\\\/\\\/secure.gravatar.com\\\/avatar\\\/e20266f97d741f0e80ba1f60283074a9b3317fd7bfb727e0d95b51dafbf854a1?s=96&d=mm&r=g\",\"url\":\"https:\\\/\\\/secure.gravatar.com\\\/avatar\\\/e20266f97d741f0e80ba1f60283074a9b3317fd7bfb727e0d95b51dafbf854a1?s=96&d=mm&r=g\",\"contentUrl\":\"https:\\\/\\\/secure.gravatar.com\\\/avatar\\\/e20266f97d741f0e80ba1f60283074a9b3317fd7bfb727e0d95b51dafbf854a1?s=96&d=mm&r=g\",\"caption\":\"Administrateur\"},\"url\":\"https:\\\/\\\/www.latribunedufaso.net\\\/?author=2\"}]}<\/script>\n<!-- \/ Yoast SEO plugin. -->","yoast_head_json":{"title":"Parc urbain Bangr-W\u00e9ogo : La gouvernance en question - La Tribune du Faso","robots":{"index":"index","follow":"follow","max-snippet":"max-snippet:-1","max-image-preview":"max-image-preview:large","max-video-preview":"max-video-preview:-1"},"canonical":"https:\/\/www.latribunedufaso.net\/?p=13838","og_locale":"fr_FR","og_type":"article","og_title":"Parc urbain Bangr-W\u00e9ogo : La gouvernance en question - La Tribune du Faso","og_description":"Le ministre de l\u2019Environnement, de l\u2019Eau et de l\u2019Assainissement, le Dr Augustin KABORE a pr\u00e9sid\u00e9 ce jeudi 2 f\u00e9vrier 2023 dans la matin\u00e9e, une rencontre tripartite regroupant, le minist\u00e8re en charge de l\u2019Environnement, la commune de Ouagadougou et le conseil scientifique et technique du parc urbain Bangr-W\u00e9ogo. L\u2019objectif est d\u2019engager des concertations autour de la gouvernance du Parc urbain Bangr-W\u00e9ogo qui est confront\u00e9e \u00e0 plusieurs difficult\u00e9s. Cr\u00e9\u00e9 en 1917 sur une superficie initiale de 90 ha et \u00e9largie en 1941 sur une superficie de 265 ha, la for\u00eat class\u00e9e des barrages de Ouagadougou a connu des \u00e9volutions au niveau de son cadre juridique et intentionnel. C\u2019est ainsi qu\u2019en 2001, le parc urbain Bangr-w\u00e9ogo a \u00e9t\u00e9 \u00e9rig\u00e9 en son sein sur une superficie de 240 ha et confi\u00e9 pour gestion \u00e0 la commune de Ouagadougou \u00e0 travers un protocole de gestion assorti d\u2019un cahier de charge. En 20 ans d\u2019existence, la gouvernance de ce parc coupl\u00e9e \u00e0 celle de la for\u00eat class\u00e9e de 25 ha fait face aujourd\u2019hui \u00e0 des difficult\u00e9s d\u2019o\u00f9 la tenue de la rencontre pour permettre aux parties prenantes de faire de propositions de solutions et des recommandations \u00e0 m\u00eame de redonner \u00e0 la gouvernance du parc son lustre d\u2019antan.\u00a0 Des pr\u00e9sentations faites sur le cadre juridique et institutionnel du parc\u00a0 par le minist\u00e8re ainsi que de sa gestion par la commune de Ouagadougou suivi d\u2019\u00e9changes, il ressort des acquis mais aussi des insuffisances. En terme d\u2019acquis, il ressort des travaux d\u2019entretien du parc op\u00e9r\u00e9s par la commune de Ouagadougou dans le cadre de la coop\u00e9ration d\u00e9centralis\u00e9e, des perspectives telles que l\u2019\u00e9laboration en 2019 d\u2019un plan de r\u00e9habilitation et de gestion assorti d\u2019un plan d\u2019urgence. Pour les insuffisances, il s\u2019agit entre autres des inondations du 1er septembre 2009 qui ont affect\u00e9 le parc, des probl\u00e8mes d\u2019effectifs du personnel de surveillance, la non-conformit\u00e9 du protocole de gestion avec le code forestier, l\u2019ins\u00e9curit\u00e9 grandissante, l\u2019existence d\u2019un cahier de charge de port\u00e9e g\u00e9n\u00e9rale qui ne pr\u00e9cise pas les droits et devoirs des acteurs. Au regard des difficult\u00e9s \u00e9grain\u00e9es, le ministre KABORE a instruit la mise en place d\u2019un comit\u00e9 conjoint qui sera charg\u00e9, dans de plus brefs d\u00e9lais, de r\u00e9fl\u00e9chir sur une vision claire pour le parc, son statut actuel, les textes r\u00e9glementaires qui r\u00e9gissent sa gestion en tenant compte du contexte s\u00e9curitaire et de l\u2019assainissement de la ville de Ouagadougou. \u00a0\u00ab Il faudrait qu\u2019on soit tr\u00e8s claire, il y\u2019a des probl\u00e8mes et nous devons nous asseoir pour trouver ensemble des solutions. Nous sommes aujourd\u2019hui des acteurs de gouvernance de ce parc urbain et s\u2019il y\u2019a des probl\u00e8mes nous devons en toute responsabilit\u00e9 faire le diagnostic et ensemble voire comment lever ses difficult\u00e9s pour donner une orientation tr\u00e8s claire en mati\u00e8re de gouvernance foresti\u00e8re, financi\u00e8re ou physique du parc \u00bb, a-t-il soulign\u00e9 Le Minist\u00e8re de l&rsquo;Environnement, de l&rsquo;Eau et de l&rsquo;Assainissement","og_url":"https:\/\/www.latribunedufaso.net\/?p=13838","og_site_name":"La Tribune du Faso","article_publisher":"https:\/\/www.facebook.com\/LatribuneduFaso\/","article_published_time":"2023-02-03T09:15:31+00:00","article_modified_time":"2024-06-04T09:17:55+00:00","og_image":[{"width":1280,"height":853,"url":"https:\/\/www.latribunedufaso.net\/wp-content\/uploads\/2024\/06\/bangreweogo.01.jpeg","type":"image\/jpeg"}],"author":"Administrateur","twitter_misc":{"\u00c9crit par":"Administrateur","Dur\u00e9e de lecture estim\u00e9e":"3 minutes"},"schema":{"@context":"https:\/\/schema.org","@graph":[{"@type":"Article","@id":"https:\/\/www.latribunedufaso.net\/?p=13838#article","isPartOf":{"@id":"https:\/\/www.latribunedufaso.net\/?p=13838"},"author":{"name":"Administrateur","@id":"https:\/\/www.latribunedufaso.net\/#\/schema\/person\/a380782d0605bb8aae27c40ea93b35b1"},"headline":"Parc urbain Bangr-W\u00e9ogo : La gouvernance en question","datePublished":"2023-02-03T09:15:31+00:00","dateModified":"2024-06-04T09:17:55+00:00","mainEntityOfPage":{"@id":"https:\/\/www.latribunedufaso.net\/?p=13838"},"wordCount":539,"commentCount":0,"publisher":{"@id":"https:\/\/www.latribunedufaso.net\/#organization"},"image":{"@id":"https:\/\/www.latribunedufaso.net\/?p=13838#primaryimage"},"thumbnailUrl":"https:\/\/www.latribunedufaso.net\/wp-content\/uploads\/2024\/06\/bangreweogo.01.jpeg","articleSection":["Actualit\u00e9","Environnement"],"inLanguage":"fr-FR","potentialAction":[{"@type":"CommentAction","name":"Comment","target":["https:\/\/www.latribunedufaso.net\/?p=13838#respond"]}]},{"@type":"WebPage","@id":"https:\/\/www.latribunedufaso.net\/?p=13838","url":"https:\/\/www.latribunedufaso.net\/?p=13838","name":"Parc urbain Bangr-W\u00e9ogo : La gouvernance en question - La Tribune du Faso","isPartOf":{"@id":"https:\/\/www.latribunedufaso.net\/#website"},"primaryImageOfPage":{"@id":"https:\/\/www.latribunedufaso.net\/?p=13838#primaryimage"},"image":{"@id":"https:\/\/www.latribunedufaso.net\/?p=13838#primaryimage"},"thumbnailUrl":"https:\/\/www.latribunedufaso.net\/wp-content\/uploads\/2024\/06\/bangreweogo.01.jpeg","datePublished":"2023-02-03T09:15:31+00:00","dateModified":"2024-06-04T09:17:55+00:00","breadcrumb":{"@id":"https:\/\/www.latribunedufaso.net\/?p=13838#breadcrumb"},"inLanguage":"fr-FR","potentialAction":[{"@type":"ReadAction","target":["https:\/\/www.latribunedufaso.net\/?p=13838"]}]},{"@type":"ImageObject","inLanguage":"fr-FR","@id":"https:\/\/www.latribunedufaso.net\/?p=13838#primaryimage","url":"https:\/\/www.latribunedufaso.net\/wp-content\/uploads\/2024\/06\/bangreweogo.01.jpeg","contentUrl":"https:\/\/www.latribunedufaso.net\/wp-content\/uploads\/2024\/06\/bangreweogo.01.jpeg","width":1280,"height":853},{"@type":"BreadcrumbList","@id":"https:\/\/www.latribunedufaso.net\/?p=13838#breadcrumb","itemListElement":[{"@type":"ListItem","position":1,"name":"Accueil","item":"https:\/\/www.latribunedufaso.net\/"},{"@type":"ListItem","position":2,"name":"Parc urbain Bangr-W\u00e9ogo : La gouvernance en question"}]},{"@type":"WebSite","@id":"https:\/\/www.latribunedufaso.net\/#website","url":"https:\/\/www.latribunedufaso.net\/","name":"La Tribune du Faso","description":"L&#039;information du monde rural en un clic","publisher":{"@id":"https:\/\/www.latribunedufaso.net\/#organization"},"potentialAction":[{"@type":"SearchAction","target":{"@type":"EntryPoint","urlTemplate":"https:\/\/www.latribunedufaso.net\/?s={search_term_string}"},"query-input":{"@type":"PropertyValueSpecification","valueRequired":true,"valueName":"search_term_string"}}],"inLanguage":"fr-FR"},{"@type":"Organization","@id":"https:\/\/www.latribunedufaso.net\/#organization","name":"La Tribune du Faso","url":"https:\/\/www.latribunedufaso.net\/","logo":{"@type":"ImageObject","inLanguage":"fr-FR","@id":"https:\/\/www.latribunedufaso.net\/#\/schema\/logo\/image\/","url":"https:\/\/www.latribunedufaso.net\/wp-content\/uploads\/2020\/08\/Logo-Tribune-du-Faso-final-scaled.jpg","contentUrl":"https:\/\/www.latribunedufaso.net\/wp-content\/uploads\/2020\/08\/Logo-Tribune-du-Faso-final-scaled.jpg","width":2560,"height":1856,"caption":"La Tribune du Faso"},"image":{"@id":"https:\/\/www.latribunedufaso.net\/#\/schema\/logo\/image\/"},"sameAs":["https:\/\/www.facebook.com\/LatribuneduFaso\/"]},{"@type":"Person","@id":"https:\/\/www.latribunedufaso.net\/#\/schema\/person\/a380782d0605bb8aae27c40ea93b35b1","name":"Administrateur","image":{"@type":"ImageObject","inLanguage":"fr-FR","@id":"https:\/\/secure.gravatar.com\/avatar\/e20266f97d741f0e80ba1f60283074a9b3317fd7bfb727e0d95b51dafbf854a1?s=96&d=mm&r=g","url":"https:\/\/secure.gravatar.com\/avatar\/e20266f97d741f0e80ba1f60283074a9b3317fd7bfb727e0d95b51dafbf854a1?s=96&d=mm&r=g","contentUrl":"https:\/\/secure.gravatar.com\/avatar\/e20266f97d741f0e80ba1f60283074a9b3317fd7bfb727e0d95b51dafbf854a1?s=96&d=mm&r=g","caption":"Administrateur"},"url":"https:\/\/www.latribunedufaso.net\/?author=2"}]}},"_links":{"self":[{"href":"https:\/\/www.latribunedufaso.net\/index.php?rest_route=\/wp\/v2\/posts\/13838","targetHints":{"allow":["GET"]}}],"collection":[{"href":"https:\/\/www.latribunedufaso.net\/index.php?rest_route=\/wp\/v2\/posts"}],"about":[{"href":"https:\/\/www.latribunedufaso.net\/index.php?rest_route=\/wp\/v2\/types\/post"}],"author":[{"embeddable":true,"href":"https:\/\/www.latribunedufaso.net\/index.php?rest_route=\/wp\/v2\/users\/2"}],"replies":[{"embeddable":true,"href":"https:\/\/www.latribunedufaso.net\/index.php?rest_route=%2Fwp%2Fv2%2Fcomments&post=13838"}],"version-history":[{"count":1,"href":"https:\/\/www.latribunedufaso.net\/index.php?rest_route=\/wp\/v2\/posts\/13838\/revisions"}],"predecessor-version":[{"id":13840,"href":"https:\/\/www.latribunedufaso.net\/index.php?rest_route=\/wp\/v2\/posts\/13838\/revisions\/13840"}],"wp:featuredmedia":[{"embeddable":true,"href":"https:\/\/www.latribunedufaso.net\/index.php?rest_route=\/wp\/v2\/media\/13839"}],"wp:attachment":[{"href":"https:\/\/www.latribunedufaso.net\/index.php?rest_route=%2Fwp%2Fv2%2Fmedia&parent=13838"}],"wp:term":[{"taxonomy":"category","embeddable":true,"href":"https:\/\/www.latribunedufaso.net\/index.php?rest_route=%2Fwp%2Fv2%2Fcategories&post=13838"},{"taxonomy":"post_tag","embeddable":true,"href":"https:\/\/www.latribunedufaso.net\/index.php?rest_route=%2Fwp%2Fv2%2Ftags&post=13838"}],"curies":[{"name":"wp","href":"https:\/\/api.w.org\/{rel}","templated":true}]}}