{"id":13793,"date":"2023-01-14T00:38:32","date_gmt":"2023-01-14T00:38:32","guid":{"rendered":"https:\/\/www.latribunedufaso.net\/?p=13793"},"modified":"2024-06-20T08:25:39","modified_gmt":"2024-06-20T08:25:39","slug":"filiere-karite-linterprofessionnel-au-rapport-chez-le-ministre-de-lenvironnement","status":"publish","type":"post","link":"https:\/\/www.latribunedufaso.net\/?p=13793","title":{"rendered":"Fili\u00e8re karit\u00e9 : L&rsquo;interprofessionnel au rapport chez le ministre de l&rsquo;Environnement"},"content":{"rendered":"<div class=\"teaser-text\">\n<p><strong>Le jeudi 12 janvier 2023, le ministre de l\u2019Environnement de l\u2019Eau et de l\u2019Assainissement, Dr Augustin Kabore, a re\u00e7u en audience une d\u00e9l\u00e9gation de l\u2019Interprofession Table fili\u00e8re karit\u00e9.<\/strong><\/p>\n<p>La d\u00e9l\u00e9gation conduite par Th\u00e9ophane Bougouma, pr\u00e9sident de l&rsquo;interprofession est venue exposer les difficult\u00e9s qui minent la profession et proposer des solutions pour leur r\u00e9solution au ministre. L&rsquo;une des plus grande difficult\u00e9 est le p<span style=\"font-size: 1.0625rem;\">robl\u00e8me de financement des activit\u00e9s. <\/span><\/p>\n<p><span style=\"font-size: 1.0625rem;\">Selon le pr\u00e9sident de l\u2019Interprofession Table fili\u00e8re karit\u00e9, la solution est de faire un plaidoyer aupr\u00e8s de l\u2019autorit\u00e9 en faveur de la mise en place d\u2019une contribution forfaitaire obligatoire pour les acteurs de la fili\u00e8re. <\/span><span style=\"font-size: 1.0625rem;\">Ce pr\u00e9l\u00e8vement sur la base des amandes de karit\u00e9 et ses produits d\u00e9riv\u00e9s demeure un enjeu de taille pour la survie de l\u2019Interprofession Table fili\u00e8re karit\u00e9 parce qu&rsquo;il permettra\u00a0 d\u2019engager des r\u00e9formes pour une souverainet\u00e9 financi\u00e8re afin de financer des activit\u00e9s de leur\u00a0 interprofession notamment la r\u00e9g\u00e9n\u00e9rescence du karit\u00e9 et tous les programmes au tour de l\u2019arbre \u00e0 karit\u00e9.<\/span><\/p>\n<\/div>\n<div id=\"c1544\" class=\"frame frame-default frame-type-text frame-layout-0 frame-background-none frame-no-backgroundimage frame-space-before-none frame-space-after-none\">\n<div class=\"frame-container\">\n<div class=\"frame-inner\">\n<p class=\"text-justify\">L\u2019Interprofession dit avoir trouv\u00e9 une oreille attentive\u00a0 du Dr Augustin Kabor\u00e9, qui est dispos\u00e9 \u00e0 les accompagner.<\/p>\n<p>Issouf Tapsoba\u00a0<\/p>\n<p>Latribunedufaso.net<\/p>\n<p>Source : DCRP\/MEEA<\/p>\n<\/div>\n<\/div>\n<\/div>\n","protected":false},"excerpt":{"rendered":"<p>Le jeudi 12 janvier 2023, le ministre de l\u2019Environnement de l\u2019Eau et de l\u2019Assainissement, Dr Augustin Kabore, a re\u00e7u en audience une d\u00e9l\u00e9gation de l\u2019Interprofession Table fili\u00e8re karit\u00e9. La d\u00e9l\u00e9gation conduite par Th\u00e9ophane Bougouma, pr\u00e9sident de l&rsquo;interprofession est venue exposer les difficult\u00e9s qui minent la profession et proposer des solutions pour leur r\u00e9solution au ministre. L&rsquo;une des plus grande difficult\u00e9 est le probl\u00e8me de financement des activit\u00e9s. Selon le pr\u00e9sident de l\u2019Interprofession Table fili\u00e8re karit\u00e9, la solution est de faire un plaidoyer aupr\u00e8s de l\u2019autorit\u00e9 en faveur de la mise en place d\u2019une contribution forfaitaire obligatoire pour les acteurs de la fili\u00e8re. Ce pr\u00e9l\u00e8vement sur la base des amandes de karit\u00e9 et ses produits d\u00e9riv\u00e9s demeure un enjeu de taille pour la survie de l\u2019Interprofession Table fili\u00e8re karit\u00e9 parce qu&rsquo;il permettra\u00a0 d\u2019engager des r\u00e9formes pour une souverainet\u00e9 financi\u00e8re afin de financer des activit\u00e9s de leur\u00a0 interprofession notamment la r\u00e9g\u00e9n\u00e9rescence du karit\u00e9 et tous les programmes au tour de l\u2019arbre \u00e0 karit\u00e9. L\u2019Interprofession dit avoir trouv\u00e9 une oreille attentive\u00a0 du Dr Augustin Kabor\u00e9, qui est dispos\u00e9 \u00e0 les accompagner. Issouf Tapsoba\u00a0 Latribunedufaso.net Source : DCRP\/MEEA<\/p>\n","protected":false},"author":2,"featured_media":13794,"comment_status":"open","ping_status":"open","sticky":false,"template":"","format":"standard","meta":{"footnotes":""},"categories":[13,1,5],"tags":[],"class_list":["post-13793","post","type-post","status-publish","format-standard","has-post-thumbnail","hentry","category-une","category-actu","category-envir"],"yoast_head":"<!-- This site is optimized with the Yoast SEO plugin v27.5 - https:\/\/yoast.com\/product\/yoast-seo-wordpress\/ -->\n<title>Fili\u00e8re karit\u00e9 : L&#039;interprofessionnel au rapport chez le ministre de l&#039;Environnement - La Tribune du Faso<\/title>\n<meta name=\"robots\" content=\"index, follow, max-snippet:-1, max-image-preview:large, max-video-preview:-1\" \/>\n<link rel=\"canonical\" href=\"https:\/\/www.latribunedufaso.net\/?p=13793\" \/>\n<meta property=\"og:locale\" content=\"fr_FR\" \/>\n<meta property=\"og:type\" content=\"article\" \/>\n<meta property=\"og:title\" content=\"Fili\u00e8re karit\u00e9 : L&#039;interprofessionnel au rapport chez le ministre de l&#039;Environnement - La Tribune du Faso\" \/>\n<meta property=\"og:description\" content=\"Le jeudi 12 janvier 2023, le ministre de l\u2019Environnement de l\u2019Eau et de l\u2019Assainissement, Dr Augustin Kabore, a re\u00e7u en audience une d\u00e9l\u00e9gation de l\u2019Interprofession Table fili\u00e8re karit\u00e9. La d\u00e9l\u00e9gation conduite par Th\u00e9ophane Bougouma, pr\u00e9sident de l&rsquo;interprofession est venue exposer les difficult\u00e9s qui minent la profession et proposer des solutions pour leur r\u00e9solution au ministre. L&rsquo;une des plus grande difficult\u00e9 est le probl\u00e8me de financement des activit\u00e9s. Selon le pr\u00e9sident de l\u2019Interprofession Table fili\u00e8re karit\u00e9, la solution est de faire un plaidoyer aupr\u00e8s de l\u2019autorit\u00e9 en faveur de la mise en place d\u2019une contribution forfaitaire obligatoire pour les acteurs de la fili\u00e8re. Ce pr\u00e9l\u00e8vement sur la base des amandes de karit\u00e9 et ses produits d\u00e9riv\u00e9s demeure un enjeu de taille pour la survie de l\u2019Interprofession Table fili\u00e8re karit\u00e9 parce qu&rsquo;il permettra\u00a0 d\u2019engager des r\u00e9formes pour une souverainet\u00e9 financi\u00e8re afin de financer des activit\u00e9s de leur\u00a0 interprofession notamment la r\u00e9g\u00e9n\u00e9rescence du karit\u00e9 et tous les programmes au tour de l\u2019arbre \u00e0 karit\u00e9. L\u2019Interprofession dit avoir trouv\u00e9 une oreille attentive\u00a0 du Dr Augustin Kabor\u00e9, qui est dispos\u00e9 \u00e0 les accompagner. Issouf Tapsoba\u00a0 Latribunedufaso.net Source : DCRP\/MEEA\" \/>\n<meta property=\"og:url\" content=\"https:\/\/www.latribunedufaso.net\/?p=13793\" \/>\n<meta property=\"og:site_name\" content=\"La Tribune du Faso\" \/>\n<meta property=\"article:publisher\" content=\"https:\/\/www.facebook.com\/LatribuneduFaso\/\" \/>\n<meta property=\"article:published_time\" content=\"2023-01-14T00:38:32+00:00\" \/>\n<meta property=\"article:modified_time\" content=\"2024-06-20T08:25:39+00:00\" \/>\n<meta property=\"og:image\" content=\"https:\/\/www.latribunedufaso.net\/wp-content\/uploads\/2024\/06\/filiere_karite.01.jpeg\" \/>\n\t<meta property=\"og:image:width\" content=\"1280\" \/>\n\t<meta property=\"og:image:height\" content=\"847\" \/>\n\t<meta property=\"og:image:type\" content=\"image\/jpeg\" \/>\n<meta name=\"author\" content=\"Administrateur\" \/>\n<meta name=\"twitter:label1\" content=\"\u00c9crit par\" \/>\n\t<meta name=\"twitter:data1\" content=\"Administrateur\" \/>\n\t<meta name=\"twitter:label2\" content=\"Dur\u00e9e de lecture estim\u00e9e\" \/>\n\t<meta name=\"twitter:data2\" content=\"1 minute\" \/>\n<script type=\"application\/ld+json\" class=\"yoast-schema-graph\">{\"@context\":\"https:\\\/\\\/schema.org\",\"@graph\":[{\"@type\":\"Article\",\"@id\":\"https:\\\/\\\/www.latribunedufaso.net\\\/?p=13793#article\",\"isPartOf\":{\"@id\":\"https:\\\/\\\/www.latribunedufaso.net\\\/?p=13793\"},\"author\":{\"name\":\"Administrateur\",\"@id\":\"https:\\\/\\\/www.latribunedufaso.net\\\/#\\\/schema\\\/person\\\/a380782d0605bb8aae27c40ea93b35b1\"},\"headline\":\"Fili\u00e8re karit\u00e9 : L&rsquo;interprofessionnel au rapport chez le ministre de l&rsquo;Environnement\",\"datePublished\":\"2023-01-14T00:38:32+00:00\",\"dateModified\":\"2024-06-20T08:25:39+00:00\",\"mainEntityOfPage\":{\"@id\":\"https:\\\/\\\/www.latribunedufaso.net\\\/?p=13793\"},\"wordCount\":235,\"commentCount\":0,\"publisher\":{\"@id\":\"https:\\\/\\\/www.latribunedufaso.net\\\/#organization\"},\"image\":{\"@id\":\"https:\\\/\\\/www.latribunedufaso.net\\\/?p=13793#primaryimage\"},\"thumbnailUrl\":\"https:\\\/\\\/www.latribunedufaso.net\\\/wp-content\\\/uploads\\\/2024\\\/06\\\/filiere_karite.01.jpeg\",\"articleSection\":[\"A la une\",\"Actualit\u00e9\",\"Environnement\"],\"inLanguage\":\"fr-FR\",\"potentialAction\":[{\"@type\":\"CommentAction\",\"name\":\"Comment\",\"target\":[\"https:\\\/\\\/www.latribunedufaso.net\\\/?p=13793#respond\"]}]},{\"@type\":\"WebPage\",\"@id\":\"https:\\\/\\\/www.latribunedufaso.net\\\/?p=13793\",\"url\":\"https:\\\/\\\/www.latribunedufaso.net\\\/?p=13793\",\"name\":\"Fili\u00e8re karit\u00e9 : L'interprofessionnel au rapport chez le ministre de l'Environnement - La Tribune du Faso\",\"isPartOf\":{\"@id\":\"https:\\\/\\\/www.latribunedufaso.net\\\/#website\"},\"primaryImageOfPage\":{\"@id\":\"https:\\\/\\\/www.latribunedufaso.net\\\/?p=13793#primaryimage\"},\"image\":{\"@id\":\"https:\\\/\\\/www.latribunedufaso.net\\\/?p=13793#primaryimage\"},\"thumbnailUrl\":\"https:\\\/\\\/www.latribunedufaso.net\\\/wp-content\\\/uploads\\\/2024\\\/06\\\/filiere_karite.01.jpeg\",\"datePublished\":\"2023-01-14T00:38:32+00:00\",\"dateModified\":\"2024-06-20T08:25:39+00:00\",\"breadcrumb\":{\"@id\":\"https:\\\/\\\/www.latribunedufaso.net\\\/?p=13793#breadcrumb\"},\"inLanguage\":\"fr-FR\",\"potentialAction\":[{\"@type\":\"ReadAction\",\"target\":[\"https:\\\/\\\/www.latribunedufaso.net\\\/?p=13793\"]}]},{\"@type\":\"ImageObject\",\"inLanguage\":\"fr-FR\",\"@id\":\"https:\\\/\\\/www.latribunedufaso.net\\\/?p=13793#primaryimage\",\"url\":\"https:\\\/\\\/www.latribunedufaso.net\\\/wp-content\\\/uploads\\\/2024\\\/06\\\/filiere_karite.01.jpeg\",\"contentUrl\":\"https:\\\/\\\/www.latribunedufaso.net\\\/wp-content\\\/uploads\\\/2024\\\/06\\\/filiere_karite.01.jpeg\",\"width\":1280,\"height\":847},{\"@type\":\"BreadcrumbList\",\"@id\":\"https:\\\/\\\/www.latribunedufaso.net\\\/?p=13793#breadcrumb\",\"itemListElement\":[{\"@type\":\"ListItem\",\"position\":1,\"name\":\"Accueil\",\"item\":\"https:\\\/\\\/www.latribunedufaso.net\\\/\"},{\"@type\":\"ListItem\",\"position\":2,\"name\":\"Fili\u00e8re karit\u00e9 : L&rsquo;interprofessionnel au rapport chez le ministre de l&rsquo;Environnement\"}]},{\"@type\":\"WebSite\",\"@id\":\"https:\\\/\\\/www.latribunedufaso.net\\\/#website\",\"url\":\"https:\\\/\\\/www.latribunedufaso.net\\\/\",\"name\":\"La Tribune du Faso\",\"description\":\"L&#039;information du monde rural en un clic\",\"publisher\":{\"@id\":\"https:\\\/\\\/www.latribunedufaso.net\\\/#organization\"},\"potentialAction\":[{\"@type\":\"SearchAction\",\"target\":{\"@type\":\"EntryPoint\",\"urlTemplate\":\"https:\\\/\\\/www.latribunedufaso.net\\\/?s={search_term_string}\"},\"query-input\":{\"@type\":\"PropertyValueSpecification\",\"valueRequired\":true,\"valueName\":\"search_term_string\"}}],\"inLanguage\":\"fr-FR\"},{\"@type\":\"Organization\",\"@id\":\"https:\\\/\\\/www.latribunedufaso.net\\\/#organization\",\"name\":\"La Tribune du Faso\",\"url\":\"https:\\\/\\\/www.latribunedufaso.net\\\/\",\"logo\":{\"@type\":\"ImageObject\",\"inLanguage\":\"fr-FR\",\"@id\":\"https:\\\/\\\/www.latribunedufaso.net\\\/#\\\/schema\\\/logo\\\/image\\\/\",\"url\":\"https:\\\/\\\/www.latribunedufaso.net\\\/wp-content\\\/uploads\\\/2020\\\/08\\\/Logo-Tribune-du-Faso-final-scaled.jpg\",\"contentUrl\":\"https:\\\/\\\/www.latribunedufaso.net\\\/wp-content\\\/uploads\\\/2020\\\/08\\\/Logo-Tribune-du-Faso-final-scaled.jpg\",\"width\":2560,\"height\":1856,\"caption\":\"La Tribune du Faso\"},\"image\":{\"@id\":\"https:\\\/\\\/www.latribunedufaso.net\\\/#\\\/schema\\\/logo\\\/image\\\/\"},\"sameAs\":[\"https:\\\/\\\/www.facebook.com\\\/LatribuneduFaso\\\/\"]},{\"@type\":\"Person\",\"@id\":\"https:\\\/\\\/www.latribunedufaso.net\\\/#\\\/schema\\\/person\\\/a380782d0605bb8aae27c40ea93b35b1\",\"name\":\"Administrateur\",\"image\":{\"@type\":\"ImageObject\",\"inLanguage\":\"fr-FR\",\"@id\":\"https:\\\/\\\/secure.gravatar.com\\\/avatar\\\/e20266f97d741f0e80ba1f60283074a9b3317fd7bfb727e0d95b51dafbf854a1?s=96&d=mm&r=g\",\"url\":\"https:\\\/\\\/secure.gravatar.com\\\/avatar\\\/e20266f97d741f0e80ba1f60283074a9b3317fd7bfb727e0d95b51dafbf854a1?s=96&d=mm&r=g\",\"contentUrl\":\"https:\\\/\\\/secure.gravatar.com\\\/avatar\\\/e20266f97d741f0e80ba1f60283074a9b3317fd7bfb727e0d95b51dafbf854a1?s=96&d=mm&r=g\",\"caption\":\"Administrateur\"},\"url\":\"https:\\\/\\\/www.latribunedufaso.net\\\/?author=2\"}]}<\/script>\n<!-- \/ Yoast SEO plugin. -->","yoast_head_json":{"title":"Fili\u00e8re karit\u00e9 : L'interprofessionnel au rapport chez le ministre de l'Environnement - La Tribune du Faso","robots":{"index":"index","follow":"follow","max-snippet":"max-snippet:-1","max-image-preview":"max-image-preview:large","max-video-preview":"max-video-preview:-1"},"canonical":"https:\/\/www.latribunedufaso.net\/?p=13793","og_locale":"fr_FR","og_type":"article","og_title":"Fili\u00e8re karit\u00e9 : L'interprofessionnel au rapport chez le ministre de l'Environnement - La Tribune du Faso","og_description":"Le jeudi 12 janvier 2023, le ministre de l\u2019Environnement de l\u2019Eau et de l\u2019Assainissement, Dr Augustin Kabore, a re\u00e7u en audience une d\u00e9l\u00e9gation de l\u2019Interprofession Table fili\u00e8re karit\u00e9. La d\u00e9l\u00e9gation conduite par Th\u00e9ophane Bougouma, pr\u00e9sident de l&rsquo;interprofession est venue exposer les difficult\u00e9s qui minent la profession et proposer des solutions pour leur r\u00e9solution au ministre. L&rsquo;une des plus grande difficult\u00e9 est le probl\u00e8me de financement des activit\u00e9s. Selon le pr\u00e9sident de l\u2019Interprofession Table fili\u00e8re karit\u00e9, la solution est de faire un plaidoyer aupr\u00e8s de l\u2019autorit\u00e9 en faveur de la mise en place d\u2019une contribution forfaitaire obligatoire pour les acteurs de la fili\u00e8re. Ce pr\u00e9l\u00e8vement sur la base des amandes de karit\u00e9 et ses produits d\u00e9riv\u00e9s demeure un enjeu de taille pour la survie de l\u2019Interprofession Table fili\u00e8re karit\u00e9 parce qu&rsquo;il permettra\u00a0 d\u2019engager des r\u00e9formes pour une souverainet\u00e9 financi\u00e8re afin de financer des activit\u00e9s de leur\u00a0 interprofession notamment la r\u00e9g\u00e9n\u00e9rescence du karit\u00e9 et tous les programmes au tour de l\u2019arbre \u00e0 karit\u00e9. L\u2019Interprofession dit avoir trouv\u00e9 une oreille attentive\u00a0 du Dr Augustin Kabor\u00e9, qui est dispos\u00e9 \u00e0 les accompagner. Issouf Tapsoba\u00a0 Latribunedufaso.net Source : DCRP\/MEEA","og_url":"https:\/\/www.latribunedufaso.net\/?p=13793","og_site_name":"La Tribune du Faso","article_publisher":"https:\/\/www.facebook.com\/LatribuneduFaso\/","article_published_time":"2023-01-14T00:38:32+00:00","article_modified_time":"2024-06-20T08:25:39+00:00","og_image":[{"width":1280,"height":847,"url":"https:\/\/www.latribunedufaso.net\/wp-content\/uploads\/2024\/06\/filiere_karite.01.jpeg","type":"image\/jpeg"}],"author":"Administrateur","twitter_misc":{"\u00c9crit par":"Administrateur","Dur\u00e9e de lecture estim\u00e9e":"1 minute"},"schema":{"@context":"https:\/\/schema.org","@graph":[{"@type":"Article","@id":"https:\/\/www.latribunedufaso.net\/?p=13793#article","isPartOf":{"@id":"https:\/\/www.latribunedufaso.net\/?p=13793"},"author":{"name":"Administrateur","@id":"https:\/\/www.latribunedufaso.net\/#\/schema\/person\/a380782d0605bb8aae27c40ea93b35b1"},"headline":"Fili\u00e8re karit\u00e9 : L&rsquo;interprofessionnel au rapport chez le ministre de l&rsquo;Environnement","datePublished":"2023-01-14T00:38:32+00:00","dateModified":"2024-06-20T08:25:39+00:00","mainEntityOfPage":{"@id":"https:\/\/www.latribunedufaso.net\/?p=13793"},"wordCount":235,"commentCount":0,"publisher":{"@id":"https:\/\/www.latribunedufaso.net\/#organization"},"image":{"@id":"https:\/\/www.latribunedufaso.net\/?p=13793#primaryimage"},"thumbnailUrl":"https:\/\/www.latribunedufaso.net\/wp-content\/uploads\/2024\/06\/filiere_karite.01.jpeg","articleSection":["A la une","Actualit\u00e9","Environnement"],"inLanguage":"fr-FR","potentialAction":[{"@type":"CommentAction","name":"Comment","target":["https:\/\/www.latribunedufaso.net\/?p=13793#respond"]}]},{"@type":"WebPage","@id":"https:\/\/www.latribunedufaso.net\/?p=13793","url":"https:\/\/www.latribunedufaso.net\/?p=13793","name":"Fili\u00e8re karit\u00e9 : L'interprofessionnel au rapport chez le ministre de l'Environnement - La Tribune du Faso","isPartOf":{"@id":"https:\/\/www.latribunedufaso.net\/#website"},"primaryImageOfPage":{"@id":"https:\/\/www.latribunedufaso.net\/?p=13793#primaryimage"},"image":{"@id":"https:\/\/www.latribunedufaso.net\/?p=13793#primaryimage"},"thumbnailUrl":"https:\/\/www.latribunedufaso.net\/wp-content\/uploads\/2024\/06\/filiere_karite.01.jpeg","datePublished":"2023-01-14T00:38:32+00:00","dateModified":"2024-06-20T08:25:39+00:00","breadcrumb":{"@id":"https:\/\/www.latribunedufaso.net\/?p=13793#breadcrumb"},"inLanguage":"fr-FR","potentialAction":[{"@type":"ReadAction","target":["https:\/\/www.latribunedufaso.net\/?p=13793"]}]},{"@type":"ImageObject","inLanguage":"fr-FR","@id":"https:\/\/www.latribunedufaso.net\/?p=13793#primaryimage","url":"https:\/\/www.latribunedufaso.net\/wp-content\/uploads\/2024\/06\/filiere_karite.01.jpeg","contentUrl":"https:\/\/www.latribunedufaso.net\/wp-content\/uploads\/2024\/06\/filiere_karite.01.jpeg","width":1280,"height":847},{"@type":"BreadcrumbList","@id":"https:\/\/www.latribunedufaso.net\/?p=13793#breadcrumb","itemListElement":[{"@type":"ListItem","position":1,"name":"Accueil","item":"https:\/\/www.latribunedufaso.net\/"},{"@type":"ListItem","position":2,"name":"Fili\u00e8re karit\u00e9 : L&rsquo;interprofessionnel au rapport chez le ministre de l&rsquo;Environnement"}]},{"@type":"WebSite","@id":"https:\/\/www.latribunedufaso.net\/#website","url":"https:\/\/www.latribunedufaso.net\/","name":"La Tribune du Faso","description":"L&#039;information du monde rural en un clic","publisher":{"@id":"https:\/\/www.latribunedufaso.net\/#organization"},"potentialAction":[{"@type":"SearchAction","target":{"@type":"EntryPoint","urlTemplate":"https:\/\/www.latribunedufaso.net\/?s={search_term_string}"},"query-input":{"@type":"PropertyValueSpecification","valueRequired":true,"valueName":"search_term_string"}}],"inLanguage":"fr-FR"},{"@type":"Organization","@id":"https:\/\/www.latribunedufaso.net\/#organization","name":"La Tribune du Faso","url":"https:\/\/www.latribunedufaso.net\/","logo":{"@type":"ImageObject","inLanguage":"fr-FR","@id":"https:\/\/www.latribunedufaso.net\/#\/schema\/logo\/image\/","url":"https:\/\/www.latribunedufaso.net\/wp-content\/uploads\/2020\/08\/Logo-Tribune-du-Faso-final-scaled.jpg","contentUrl":"https:\/\/www.latribunedufaso.net\/wp-content\/uploads\/2020\/08\/Logo-Tribune-du-Faso-final-scaled.jpg","width":2560,"height":1856,"caption":"La Tribune du Faso"},"image":{"@id":"https:\/\/www.latribunedufaso.net\/#\/schema\/logo\/image\/"},"sameAs":["https:\/\/www.facebook.com\/LatribuneduFaso\/"]},{"@type":"Person","@id":"https:\/\/www.latribunedufaso.net\/#\/schema\/person\/a380782d0605bb8aae27c40ea93b35b1","name":"Administrateur","image":{"@type":"ImageObject","inLanguage":"fr-FR","@id":"https:\/\/secure.gravatar.com\/avatar\/e20266f97d741f0e80ba1f60283074a9b3317fd7bfb727e0d95b51dafbf854a1?s=96&d=mm&r=g","url":"https:\/\/secure.gravatar.com\/avatar\/e20266f97d741f0e80ba1f60283074a9b3317fd7bfb727e0d95b51dafbf854a1?s=96&d=mm&r=g","contentUrl":"https:\/\/secure.gravatar.com\/avatar\/e20266f97d741f0e80ba1f60283074a9b3317fd7bfb727e0d95b51dafbf854a1?s=96&d=mm&r=g","caption":"Administrateur"},"url":"https:\/\/www.latribunedufaso.net\/?author=2"}]}},"_links":{"self":[{"href":"https:\/\/www.latribunedufaso.net\/index.php?rest_route=\/wp\/v2\/posts\/13793","targetHints":{"allow":["GET"]}}],"collection":[{"href":"https:\/\/www.latribunedufaso.net\/index.php?rest_route=\/wp\/v2\/posts"}],"about":[{"href":"https:\/\/www.latribunedufaso.net\/index.php?rest_route=\/wp\/v2\/types\/post"}],"author":[{"embeddable":true,"href":"https:\/\/www.latribunedufaso.net\/index.php?rest_route=\/wp\/v2\/users\/2"}],"replies":[{"embeddable":true,"href":"https:\/\/www.latribunedufaso.net\/index.php?rest_route=%2Fwp%2Fv2%2Fcomments&post=13793"}],"version-history":[{"count":3,"href":"https:\/\/www.latribunedufaso.net\/index.php?rest_route=\/wp\/v2\/posts\/13793\/revisions"}],"predecessor-version":[{"id":14404,"href":"https:\/\/www.latribunedufaso.net\/index.php?rest_route=\/wp\/v2\/posts\/13793\/revisions\/14404"}],"wp:featuredmedia":[{"embeddable":true,"href":"https:\/\/www.latribunedufaso.net\/index.php?rest_route=\/wp\/v2\/media\/13794"}],"wp:attachment":[{"href":"https:\/\/www.latribunedufaso.net\/index.php?rest_route=%2Fwp%2Fv2%2Fmedia&parent=13793"}],"wp:term":[{"taxonomy":"category","embeddable":true,"href":"https:\/\/www.latribunedufaso.net\/index.php?rest_route=%2Fwp%2Fv2%2Fcategories&post=13793"},{"taxonomy":"post_tag","embeddable":true,"href":"https:\/\/www.latribunedufaso.net\/index.php?rest_route=%2Fwp%2Fv2%2Ftags&post=13793"}],"curies":[{"name":"wp","href":"https:\/\/api.w.org\/{rel}","templated":true}]}}