{"id":13777,"date":"2023-01-27T11:28:12","date_gmt":"2023-01-27T11:28:12","guid":{"rendered":"https:\/\/www.latribunedufaso.net\/?p=13777"},"modified":"2024-06-03T09:31:28","modified_gmt":"2024-06-03T09:31:28","slug":"koulouba-le-chef-de-letat-recoit-lasecna","status":"publish","type":"post","link":"https:\/\/www.latribunedufaso.net\/?p=13777","title":{"rendered":"Koulouba : Le chef de l&rsquo;Etat re\u00e7oit l&rsquo;ASECNA"},"content":{"rendered":"<div class=\"x11i5rnm xat24cr x1mh8g0r x1vvkbs xtlvy1s x126k92a\">\n<div dir=\"auto\">(Ouagadougou, 26 janvier 2023). Le Pr\u00e9sident de la Transition, Chef de l\u2019Etat, le Capitaine Ibrahim TRAORE a accord\u00e9 une audience, en fin de matin\u00e9e, \u00e0 une d\u00e9l\u00e9gation de l\u2019Agence pour la S\u00e9curit\u00e9 de la Navigation a\u00e9rienne en Afrique et \u00e0 Madagascar (ASECNA).<\/div>\n<\/div>\n<div class=\"x11i5rnm xat24cr x1mh8g0r x1vvkbs xtlvy1s x126k92a\">\n<div dir=\"auto\">A l\u2019issue de l\u2019entretien, le Directeur g\u00e9n\u00e9ral de l\u2019ASECNA, Mohamed Moussa a d\u00e9clar\u00e9 que la d\u00e9l\u00e9gation est venue parler du d\u00e9veloppement du secteur des Transports avec le Chef de l\u2019Etat, notamment la situation de l\u2019a\u00e9roport de Bobo-Dioulasso et des a\u00e9roports secondaires.<\/div>\n<div dir=\"auto\">Selon lui, la volont\u00e9 exprim\u00e9e par le Pr\u00e9sident de la Transition est que l\u2019a\u00e9roport de Bobo-Dioulasso puisse fonctionner 24h sur 24. \u00ab La deuxi\u00e8me demande est de faire en sorte que cet a\u00e9roport puisse s\u2019agrandir afin d\u2019accueillir des activit\u00e9s \u00e9conomiques d\u2019une envergure sous-r\u00e9gionale \u00bb, a pr\u00e9cis\u00e9 Mohamed Moussa.<\/div>\n<\/div>\n<div class=\"x11i5rnm xat24cr x1mh8g0r x1vvkbs xtlvy1s x126k92a\">\n<div dir=\"auto\">En effet, l\u2019Agence pour la s\u00e9curit\u00e9 de la navigation a\u00e9rienne g\u00e8re doublement l\u2019a\u00e9roport de Bobo-Dioulasso, en tant qu\u2019a\u00e9roport communautaire et en tant qu\u2019a\u00e9roport gestionnaire des activit\u00e9s a\u00e9ronautiques nationales.<\/div>\n<div dir=\"auto\">C\u2019est pour cela que \u00ab nous venons donc de prendre les engagements de donner suite aux demandes du Pr\u00e9sident de la Transition en ce qui concerne l\u2019a\u00e9roport de Bobo-Dioulasso \u00bb, a indiqu\u00e9 le DG de l\u2019ASECNA.<\/div>\n<\/div>\n<div class=\"x11i5rnm xat24cr x1mh8g0r x1vvkbs xtlvy1s x126k92a\">\n<div dir=\"auto\">L\u2019autre aspect important est le fonctionnement des a\u00e9roports secondaires et \u00ab l\u00e0 \u00e9galement nous allons nous atteler \u00e0 apporter les r\u00e9ponses les plus urgentes possibles \u00bb, a ajout\u00e9 le DG de l\u2019ASECNA, soulignant l\u2019importance pour ces a\u00e9roports des autres villes de pouvoir fonctionner avec des capacit\u00e9s techniques d\u2019accueillir des avions et en toute s\u00e9curit\u00e9.<\/div>\n<div dir=\"auto\">\u00ab Nous avons donn\u00e9 toutes les assurances \u00e0 monsieur le Pr\u00e9sident de la R\u00e9publique que nous mettrons tous nos efforts ensemble avec ceux du minist\u00e8re pour donner suite \u00e0 ses demandes dans les meilleurs d\u00e9lais possibles \u00bb, a conclu Mohamed Moussa.<\/div>\n<\/div>\n<div class=\"x11i5rnm xat24cr x1mh8g0r x1vvkbs xtlvy1s x126k92a\">\n<div dir=\"auto\">La d\u00e9l\u00e9gation a \u00e9galement re\u00e7u des conseils du Pr\u00e9sident de la Transition pour une meilleure conduite des activit\u00e9s pour le d\u00e9veloppement v\u00e9ritable du secteur des transports sur le continent africain.<\/div>\n<\/div>\n<div class=\"x11i5rnm xat24cr x1mh8g0r x1vvkbs xtlvy1s x126k92a\">\n<div dir=\"auto\">Direction de la Communication de la Pr\u00e9sidence du Faso<\/div>\n<\/div>\n","protected":false},"excerpt":{"rendered":"<p>(Ouagadougou, 26 janvier 2023). Le Pr\u00e9sident de la Transition, Chef de l\u2019Etat, le Capitaine Ibrahim TRAORE a accord\u00e9 une audience, en fin de matin\u00e9e, \u00e0 une d\u00e9l\u00e9gation de l\u2019Agence pour la S\u00e9curit\u00e9 de la Navigation a\u00e9rienne en Afrique et \u00e0 Madagascar (ASECNA). A l\u2019issue de l\u2019entretien, le Directeur g\u00e9n\u00e9ral de l\u2019ASECNA, Mohamed Moussa a d\u00e9clar\u00e9 que la d\u00e9l\u00e9gation est venue parler du d\u00e9veloppement du secteur des Transports avec le Chef de l\u2019Etat, notamment la situation de l\u2019a\u00e9roport de Bobo-Dioulasso et des a\u00e9roports secondaires. Selon lui, la volont\u00e9 exprim\u00e9e par le Pr\u00e9sident de la Transition est que l\u2019a\u00e9roport de Bobo-Dioulasso puisse fonctionner 24h sur 24. \u00ab La deuxi\u00e8me demande est de faire en sorte que cet a\u00e9roport puisse s\u2019agrandir afin d\u2019accueillir des activit\u00e9s \u00e9conomiques d\u2019une envergure sous-r\u00e9gionale \u00bb, a pr\u00e9cis\u00e9 Mohamed Moussa. En effet, l\u2019Agence pour la s\u00e9curit\u00e9 de la navigation a\u00e9rienne g\u00e8re doublement l\u2019a\u00e9roport de Bobo-Dioulasso, en tant qu\u2019a\u00e9roport communautaire et en tant qu\u2019a\u00e9roport gestionnaire des activit\u00e9s a\u00e9ronautiques nationales. C\u2019est pour cela que \u00ab nous venons donc de prendre les engagements de donner suite aux demandes du Pr\u00e9sident de la Transition en ce qui concerne l\u2019a\u00e9roport de Bobo-Dioulasso \u00bb, a indiqu\u00e9 le DG de l\u2019ASECNA. L\u2019autre aspect important est le fonctionnement des a\u00e9roports secondaires et \u00ab l\u00e0 \u00e9galement nous allons nous atteler \u00e0 apporter les r\u00e9ponses les plus urgentes possibles \u00bb, a ajout\u00e9 le DG de l\u2019ASECNA, soulignant l\u2019importance pour ces a\u00e9roports des autres villes de pouvoir fonctionner avec des capacit\u00e9s techniques d\u2019accueillir des avions et en toute s\u00e9curit\u00e9. \u00ab Nous avons donn\u00e9 toutes les assurances \u00e0 monsieur le Pr\u00e9sident de la R\u00e9publique que nous mettrons tous nos efforts ensemble avec ceux du minist\u00e8re pour donner suite \u00e0 ses demandes dans les meilleurs d\u00e9lais possibles \u00bb, a conclu Mohamed Moussa. La d\u00e9l\u00e9gation a \u00e9galement re\u00e7u des conseils du Pr\u00e9sident de la Transition pour une meilleure conduite des activit\u00e9s pour le d\u00e9veloppement v\u00e9ritable du secteur des transports sur le continent africain. Direction de la Communication de la Pr\u00e9sidence du Faso<\/p>\n","protected":false},"author":2,"featured_media":13778,"comment_status":"open","ping_status":"open","sticky":false,"template":"","format":"standard","meta":{"footnotes":""},"categories":[1,8],"tags":[],"class_list":["post-13777","post","type-post","status-publish","format-standard","has-post-thumbnail","hentry","category-actu","category-societe"],"yoast_head":"<!-- This site is optimized with the Yoast SEO plugin v27.5 - https:\/\/yoast.com\/product\/yoast-seo-wordpress\/ -->\n<title>Koulouba : Le chef de l&#039;Etat re\u00e7oit l&#039;ASECNA - La Tribune du Faso<\/title>\n<meta name=\"robots\" content=\"index, follow, max-snippet:-1, max-image-preview:large, max-video-preview:-1\" \/>\n<link rel=\"canonical\" href=\"https:\/\/www.latribunedufaso.net\/?p=13777\" \/>\n<meta property=\"og:locale\" content=\"fr_FR\" \/>\n<meta property=\"og:type\" content=\"article\" \/>\n<meta property=\"og:title\" content=\"Koulouba : Le chef de l&#039;Etat re\u00e7oit l&#039;ASECNA - La Tribune du Faso\" \/>\n<meta property=\"og:description\" content=\"(Ouagadougou, 26 janvier 2023). Le Pr\u00e9sident de la Transition, Chef de l\u2019Etat, le Capitaine Ibrahim TRAORE a accord\u00e9 une audience, en fin de matin\u00e9e, \u00e0 une d\u00e9l\u00e9gation de l\u2019Agence pour la S\u00e9curit\u00e9 de la Navigation a\u00e9rienne en Afrique et \u00e0 Madagascar (ASECNA). A l\u2019issue de l\u2019entretien, le Directeur g\u00e9n\u00e9ral de l\u2019ASECNA, Mohamed Moussa a d\u00e9clar\u00e9 que la d\u00e9l\u00e9gation est venue parler du d\u00e9veloppement du secteur des Transports avec le Chef de l\u2019Etat, notamment la situation de l\u2019a\u00e9roport de Bobo-Dioulasso et des a\u00e9roports secondaires. Selon lui, la volont\u00e9 exprim\u00e9e par le Pr\u00e9sident de la Transition est que l\u2019a\u00e9roport de Bobo-Dioulasso puisse fonctionner 24h sur 24. \u00ab La deuxi\u00e8me demande est de faire en sorte que cet a\u00e9roport puisse s\u2019agrandir afin d\u2019accueillir des activit\u00e9s \u00e9conomiques d\u2019une envergure sous-r\u00e9gionale \u00bb, a pr\u00e9cis\u00e9 Mohamed Moussa. En effet, l\u2019Agence pour la s\u00e9curit\u00e9 de la navigation a\u00e9rienne g\u00e8re doublement l\u2019a\u00e9roport de Bobo-Dioulasso, en tant qu\u2019a\u00e9roport communautaire et en tant qu\u2019a\u00e9roport gestionnaire des activit\u00e9s a\u00e9ronautiques nationales. C\u2019est pour cela que \u00ab nous venons donc de prendre les engagements de donner suite aux demandes du Pr\u00e9sident de la Transition en ce qui concerne l\u2019a\u00e9roport de Bobo-Dioulasso \u00bb, a indiqu\u00e9 le DG de l\u2019ASECNA. L\u2019autre aspect important est le fonctionnement des a\u00e9roports secondaires et \u00ab l\u00e0 \u00e9galement nous allons nous atteler \u00e0 apporter les r\u00e9ponses les plus urgentes possibles \u00bb, a ajout\u00e9 le DG de l\u2019ASECNA, soulignant l\u2019importance pour ces a\u00e9roports des autres villes de pouvoir fonctionner avec des capacit\u00e9s techniques d\u2019accueillir des avions et en toute s\u00e9curit\u00e9. \u00ab Nous avons donn\u00e9 toutes les assurances \u00e0 monsieur le Pr\u00e9sident de la R\u00e9publique que nous mettrons tous nos efforts ensemble avec ceux du minist\u00e8re pour donner suite \u00e0 ses demandes dans les meilleurs d\u00e9lais possibles \u00bb, a conclu Mohamed Moussa. La d\u00e9l\u00e9gation a \u00e9galement re\u00e7u des conseils du Pr\u00e9sident de la Transition pour une meilleure conduite des activit\u00e9s pour le d\u00e9veloppement v\u00e9ritable du secteur des transports sur le continent africain. Direction de la Communication de la Pr\u00e9sidence du Faso\" \/>\n<meta property=\"og:url\" content=\"https:\/\/www.latribunedufaso.net\/?p=13777\" \/>\n<meta property=\"og:site_name\" content=\"La Tribune du Faso\" \/>\n<meta property=\"article:publisher\" content=\"https:\/\/www.facebook.com\/LatribuneduFaso\/\" \/>\n<meta property=\"article:published_time\" content=\"2023-01-27T11:28:12+00:00\" \/>\n<meta property=\"article:modified_time\" content=\"2024-06-03T09:31:28+00:00\" \/>\n<meta property=\"og:image\" content=\"https:\/\/www.latribunedufaso.net\/wp-content\/uploads\/2024\/06\/326900673_579507223995385_8448178334932970280_n-1080x540-1.jpg\" \/>\n\t<meta property=\"og:image:width\" content=\"1080\" \/>\n\t<meta property=\"og:image:height\" content=\"540\" \/>\n\t<meta property=\"og:image:type\" content=\"image\/jpeg\" \/>\n<meta name=\"author\" content=\"Administrateur\" \/>\n<meta name=\"twitter:label1\" content=\"\u00c9crit par\" \/>\n\t<meta name=\"twitter:data1\" content=\"Administrateur\" \/>\n\t<meta name=\"twitter:label2\" content=\"Dur\u00e9e de lecture estim\u00e9e\" \/>\n\t<meta name=\"twitter:data2\" content=\"2 minutes\" \/>\n<script type=\"application\/ld+json\" class=\"yoast-schema-graph\">{\"@context\":\"https:\\\/\\\/schema.org\",\"@graph\":[{\"@type\":\"Article\",\"@id\":\"https:\\\/\\\/www.latribunedufaso.net\\\/?p=13777#article\",\"isPartOf\":{\"@id\":\"https:\\\/\\\/www.latribunedufaso.net\\\/?p=13777\"},\"author\":{\"name\":\"Administrateur\",\"@id\":\"https:\\\/\\\/www.latribunedufaso.net\\\/#\\\/schema\\\/person\\\/a380782d0605bb8aae27c40ea93b35b1\"},\"headline\":\"Koulouba : Le chef de l&rsquo;Etat re\u00e7oit l&rsquo;ASECNA\",\"datePublished\":\"2023-01-27T11:28:12+00:00\",\"dateModified\":\"2024-06-03T09:31:28+00:00\",\"mainEntityOfPage\":{\"@id\":\"https:\\\/\\\/www.latribunedufaso.net\\\/?p=13777\"},\"wordCount\":394,\"commentCount\":0,\"publisher\":{\"@id\":\"https:\\\/\\\/www.latribunedufaso.net\\\/#organization\"},\"image\":{\"@id\":\"https:\\\/\\\/www.latribunedufaso.net\\\/?p=13777#primaryimage\"},\"thumbnailUrl\":\"https:\\\/\\\/www.latribunedufaso.net\\\/wp-content\\\/uploads\\\/2024\\\/06\\\/326900673_579507223995385_8448178334932970280_n-1080x540-1.jpg\",\"articleSection\":[\"Actualit\u00e9\",\"Soci\u00e9t\u00e9\"],\"inLanguage\":\"fr-FR\",\"potentialAction\":[{\"@type\":\"CommentAction\",\"name\":\"Comment\",\"target\":[\"https:\\\/\\\/www.latribunedufaso.net\\\/?p=13777#respond\"]}]},{\"@type\":\"WebPage\",\"@id\":\"https:\\\/\\\/www.latribunedufaso.net\\\/?p=13777\",\"url\":\"https:\\\/\\\/www.latribunedufaso.net\\\/?p=13777\",\"name\":\"Koulouba : Le chef de l'Etat re\u00e7oit l'ASECNA - La Tribune du Faso\",\"isPartOf\":{\"@id\":\"https:\\\/\\\/www.latribunedufaso.net\\\/#website\"},\"primaryImageOfPage\":{\"@id\":\"https:\\\/\\\/www.latribunedufaso.net\\\/?p=13777#primaryimage\"},\"image\":{\"@id\":\"https:\\\/\\\/www.latribunedufaso.net\\\/?p=13777#primaryimage\"},\"thumbnailUrl\":\"https:\\\/\\\/www.latribunedufaso.net\\\/wp-content\\\/uploads\\\/2024\\\/06\\\/326900673_579507223995385_8448178334932970280_n-1080x540-1.jpg\",\"datePublished\":\"2023-01-27T11:28:12+00:00\",\"dateModified\":\"2024-06-03T09:31:28+00:00\",\"breadcrumb\":{\"@id\":\"https:\\\/\\\/www.latribunedufaso.net\\\/?p=13777#breadcrumb\"},\"inLanguage\":\"fr-FR\",\"potentialAction\":[{\"@type\":\"ReadAction\",\"target\":[\"https:\\\/\\\/www.latribunedufaso.net\\\/?p=13777\"]}]},{\"@type\":\"ImageObject\",\"inLanguage\":\"fr-FR\",\"@id\":\"https:\\\/\\\/www.latribunedufaso.net\\\/?p=13777#primaryimage\",\"url\":\"https:\\\/\\\/www.latribunedufaso.net\\\/wp-content\\\/uploads\\\/2024\\\/06\\\/326900673_579507223995385_8448178334932970280_n-1080x540-1.jpg\",\"contentUrl\":\"https:\\\/\\\/www.latribunedufaso.net\\\/wp-content\\\/uploads\\\/2024\\\/06\\\/326900673_579507223995385_8448178334932970280_n-1080x540-1.jpg\",\"width\":1080,\"height\":540},{\"@type\":\"BreadcrumbList\",\"@id\":\"https:\\\/\\\/www.latribunedufaso.net\\\/?p=13777#breadcrumb\",\"itemListElement\":[{\"@type\":\"ListItem\",\"position\":1,\"name\":\"Accueil\",\"item\":\"https:\\\/\\\/www.latribunedufaso.net\\\/\"},{\"@type\":\"ListItem\",\"position\":2,\"name\":\"Koulouba : Le chef de l&rsquo;Etat re\u00e7oit l&rsquo;ASECNA\"}]},{\"@type\":\"WebSite\",\"@id\":\"https:\\\/\\\/www.latribunedufaso.net\\\/#website\",\"url\":\"https:\\\/\\\/www.latribunedufaso.net\\\/\",\"name\":\"La Tribune du Faso\",\"description\":\"L&#039;information du monde rural en un clic\",\"publisher\":{\"@id\":\"https:\\\/\\\/www.latribunedufaso.net\\\/#organization\"},\"potentialAction\":[{\"@type\":\"SearchAction\",\"target\":{\"@type\":\"EntryPoint\",\"urlTemplate\":\"https:\\\/\\\/www.latribunedufaso.net\\\/?s={search_term_string}\"},\"query-input\":{\"@type\":\"PropertyValueSpecification\",\"valueRequired\":true,\"valueName\":\"search_term_string\"}}],\"inLanguage\":\"fr-FR\"},{\"@type\":\"Organization\",\"@id\":\"https:\\\/\\\/www.latribunedufaso.net\\\/#organization\",\"name\":\"La Tribune du Faso\",\"url\":\"https:\\\/\\\/www.latribunedufaso.net\\\/\",\"logo\":{\"@type\":\"ImageObject\",\"inLanguage\":\"fr-FR\",\"@id\":\"https:\\\/\\\/www.latribunedufaso.net\\\/#\\\/schema\\\/logo\\\/image\\\/\",\"url\":\"https:\\\/\\\/www.latribunedufaso.net\\\/wp-content\\\/uploads\\\/2020\\\/08\\\/Logo-Tribune-du-Faso-final-scaled.jpg\",\"contentUrl\":\"https:\\\/\\\/www.latribunedufaso.net\\\/wp-content\\\/uploads\\\/2020\\\/08\\\/Logo-Tribune-du-Faso-final-scaled.jpg\",\"width\":2560,\"height\":1856,\"caption\":\"La Tribune du Faso\"},\"image\":{\"@id\":\"https:\\\/\\\/www.latribunedufaso.net\\\/#\\\/schema\\\/logo\\\/image\\\/\"},\"sameAs\":[\"https:\\\/\\\/www.facebook.com\\\/LatribuneduFaso\\\/\"]},{\"@type\":\"Person\",\"@id\":\"https:\\\/\\\/www.latribunedufaso.net\\\/#\\\/schema\\\/person\\\/a380782d0605bb8aae27c40ea93b35b1\",\"name\":\"Administrateur\",\"image\":{\"@type\":\"ImageObject\",\"inLanguage\":\"fr-FR\",\"@id\":\"https:\\\/\\\/secure.gravatar.com\\\/avatar\\\/e20266f97d741f0e80ba1f60283074a9b3317fd7bfb727e0d95b51dafbf854a1?s=96&d=mm&r=g\",\"url\":\"https:\\\/\\\/secure.gravatar.com\\\/avatar\\\/e20266f97d741f0e80ba1f60283074a9b3317fd7bfb727e0d95b51dafbf854a1?s=96&d=mm&r=g\",\"contentUrl\":\"https:\\\/\\\/secure.gravatar.com\\\/avatar\\\/e20266f97d741f0e80ba1f60283074a9b3317fd7bfb727e0d95b51dafbf854a1?s=96&d=mm&r=g\",\"caption\":\"Administrateur\"},\"url\":\"https:\\\/\\\/www.latribunedufaso.net\\\/?author=2\"}]}<\/script>\n<!-- \/ Yoast SEO plugin. -->","yoast_head_json":{"title":"Koulouba : Le chef de l'Etat re\u00e7oit l'ASECNA - La Tribune du Faso","robots":{"index":"index","follow":"follow","max-snippet":"max-snippet:-1","max-image-preview":"max-image-preview:large","max-video-preview":"max-video-preview:-1"},"canonical":"https:\/\/www.latribunedufaso.net\/?p=13777","og_locale":"fr_FR","og_type":"article","og_title":"Koulouba : Le chef de l'Etat re\u00e7oit l'ASECNA - La Tribune du Faso","og_description":"(Ouagadougou, 26 janvier 2023). Le Pr\u00e9sident de la Transition, Chef de l\u2019Etat, le Capitaine Ibrahim TRAORE a accord\u00e9 une audience, en fin de matin\u00e9e, \u00e0 une d\u00e9l\u00e9gation de l\u2019Agence pour la S\u00e9curit\u00e9 de la Navigation a\u00e9rienne en Afrique et \u00e0 Madagascar (ASECNA). A l\u2019issue de l\u2019entretien, le Directeur g\u00e9n\u00e9ral de l\u2019ASECNA, Mohamed Moussa a d\u00e9clar\u00e9 que la d\u00e9l\u00e9gation est venue parler du d\u00e9veloppement du secteur des Transports avec le Chef de l\u2019Etat, notamment la situation de l\u2019a\u00e9roport de Bobo-Dioulasso et des a\u00e9roports secondaires. Selon lui, la volont\u00e9 exprim\u00e9e par le Pr\u00e9sident de la Transition est que l\u2019a\u00e9roport de Bobo-Dioulasso puisse fonctionner 24h sur 24. \u00ab La deuxi\u00e8me demande est de faire en sorte que cet a\u00e9roport puisse s\u2019agrandir afin d\u2019accueillir des activit\u00e9s \u00e9conomiques d\u2019une envergure sous-r\u00e9gionale \u00bb, a pr\u00e9cis\u00e9 Mohamed Moussa. En effet, l\u2019Agence pour la s\u00e9curit\u00e9 de la navigation a\u00e9rienne g\u00e8re doublement l\u2019a\u00e9roport de Bobo-Dioulasso, en tant qu\u2019a\u00e9roport communautaire et en tant qu\u2019a\u00e9roport gestionnaire des activit\u00e9s a\u00e9ronautiques nationales. C\u2019est pour cela que \u00ab nous venons donc de prendre les engagements de donner suite aux demandes du Pr\u00e9sident de la Transition en ce qui concerne l\u2019a\u00e9roport de Bobo-Dioulasso \u00bb, a indiqu\u00e9 le DG de l\u2019ASECNA. L\u2019autre aspect important est le fonctionnement des a\u00e9roports secondaires et \u00ab l\u00e0 \u00e9galement nous allons nous atteler \u00e0 apporter les r\u00e9ponses les plus urgentes possibles \u00bb, a ajout\u00e9 le DG de l\u2019ASECNA, soulignant l\u2019importance pour ces a\u00e9roports des autres villes de pouvoir fonctionner avec des capacit\u00e9s techniques d\u2019accueillir des avions et en toute s\u00e9curit\u00e9. \u00ab Nous avons donn\u00e9 toutes les assurances \u00e0 monsieur le Pr\u00e9sident de la R\u00e9publique que nous mettrons tous nos efforts ensemble avec ceux du minist\u00e8re pour donner suite \u00e0 ses demandes dans les meilleurs d\u00e9lais possibles \u00bb, a conclu Mohamed Moussa. La d\u00e9l\u00e9gation a \u00e9galement re\u00e7u des conseils du Pr\u00e9sident de la Transition pour une meilleure conduite des activit\u00e9s pour le d\u00e9veloppement v\u00e9ritable du secteur des transports sur le continent africain. Direction de la Communication de la Pr\u00e9sidence du Faso","og_url":"https:\/\/www.latribunedufaso.net\/?p=13777","og_site_name":"La Tribune du Faso","article_publisher":"https:\/\/www.facebook.com\/LatribuneduFaso\/","article_published_time":"2023-01-27T11:28:12+00:00","article_modified_time":"2024-06-03T09:31:28+00:00","og_image":[{"width":1080,"height":540,"url":"https:\/\/www.latribunedufaso.net\/wp-content\/uploads\/2024\/06\/326900673_579507223995385_8448178334932970280_n-1080x540-1.jpg","type":"image\/jpeg"}],"author":"Administrateur","twitter_misc":{"\u00c9crit par":"Administrateur","Dur\u00e9e de lecture estim\u00e9e":"2 minutes"},"schema":{"@context":"https:\/\/schema.org","@graph":[{"@type":"Article","@id":"https:\/\/www.latribunedufaso.net\/?p=13777#article","isPartOf":{"@id":"https:\/\/www.latribunedufaso.net\/?p=13777"},"author":{"name":"Administrateur","@id":"https:\/\/www.latribunedufaso.net\/#\/schema\/person\/a380782d0605bb8aae27c40ea93b35b1"},"headline":"Koulouba : Le chef de l&rsquo;Etat re\u00e7oit l&rsquo;ASECNA","datePublished":"2023-01-27T11:28:12+00:00","dateModified":"2024-06-03T09:31:28+00:00","mainEntityOfPage":{"@id":"https:\/\/www.latribunedufaso.net\/?p=13777"},"wordCount":394,"commentCount":0,"publisher":{"@id":"https:\/\/www.latribunedufaso.net\/#organization"},"image":{"@id":"https:\/\/www.latribunedufaso.net\/?p=13777#primaryimage"},"thumbnailUrl":"https:\/\/www.latribunedufaso.net\/wp-content\/uploads\/2024\/06\/326900673_579507223995385_8448178334932970280_n-1080x540-1.jpg","articleSection":["Actualit\u00e9","Soci\u00e9t\u00e9"],"inLanguage":"fr-FR","potentialAction":[{"@type":"CommentAction","name":"Comment","target":["https:\/\/www.latribunedufaso.net\/?p=13777#respond"]}]},{"@type":"WebPage","@id":"https:\/\/www.latribunedufaso.net\/?p=13777","url":"https:\/\/www.latribunedufaso.net\/?p=13777","name":"Koulouba : Le chef de l'Etat re\u00e7oit l'ASECNA - La Tribune du Faso","isPartOf":{"@id":"https:\/\/www.latribunedufaso.net\/#website"},"primaryImageOfPage":{"@id":"https:\/\/www.latribunedufaso.net\/?p=13777#primaryimage"},"image":{"@id":"https:\/\/www.latribunedufaso.net\/?p=13777#primaryimage"},"thumbnailUrl":"https:\/\/www.latribunedufaso.net\/wp-content\/uploads\/2024\/06\/326900673_579507223995385_8448178334932970280_n-1080x540-1.jpg","datePublished":"2023-01-27T11:28:12+00:00","dateModified":"2024-06-03T09:31:28+00:00","breadcrumb":{"@id":"https:\/\/www.latribunedufaso.net\/?p=13777#breadcrumb"},"inLanguage":"fr-FR","potentialAction":[{"@type":"ReadAction","target":["https:\/\/www.latribunedufaso.net\/?p=13777"]}]},{"@type":"ImageObject","inLanguage":"fr-FR","@id":"https:\/\/www.latribunedufaso.net\/?p=13777#primaryimage","url":"https:\/\/www.latribunedufaso.net\/wp-content\/uploads\/2024\/06\/326900673_579507223995385_8448178334932970280_n-1080x540-1.jpg","contentUrl":"https:\/\/www.latribunedufaso.net\/wp-content\/uploads\/2024\/06\/326900673_579507223995385_8448178334932970280_n-1080x540-1.jpg","width":1080,"height":540},{"@type":"BreadcrumbList","@id":"https:\/\/www.latribunedufaso.net\/?p=13777#breadcrumb","itemListElement":[{"@type":"ListItem","position":1,"name":"Accueil","item":"https:\/\/www.latribunedufaso.net\/"},{"@type":"ListItem","position":2,"name":"Koulouba : Le chef de l&rsquo;Etat re\u00e7oit l&rsquo;ASECNA"}]},{"@type":"WebSite","@id":"https:\/\/www.latribunedufaso.net\/#website","url":"https:\/\/www.latribunedufaso.net\/","name":"La Tribune du Faso","description":"L&#039;information du monde rural en un clic","publisher":{"@id":"https:\/\/www.latribunedufaso.net\/#organization"},"potentialAction":[{"@type":"SearchAction","target":{"@type":"EntryPoint","urlTemplate":"https:\/\/www.latribunedufaso.net\/?s={search_term_string}"},"query-input":{"@type":"PropertyValueSpecification","valueRequired":true,"valueName":"search_term_string"}}],"inLanguage":"fr-FR"},{"@type":"Organization","@id":"https:\/\/www.latribunedufaso.net\/#organization","name":"La Tribune du Faso","url":"https:\/\/www.latribunedufaso.net\/","logo":{"@type":"ImageObject","inLanguage":"fr-FR","@id":"https:\/\/www.latribunedufaso.net\/#\/schema\/logo\/image\/","url":"https:\/\/www.latribunedufaso.net\/wp-content\/uploads\/2020\/08\/Logo-Tribune-du-Faso-final-scaled.jpg","contentUrl":"https:\/\/www.latribunedufaso.net\/wp-content\/uploads\/2020\/08\/Logo-Tribune-du-Faso-final-scaled.jpg","width":2560,"height":1856,"caption":"La Tribune du Faso"},"image":{"@id":"https:\/\/www.latribunedufaso.net\/#\/schema\/logo\/image\/"},"sameAs":["https:\/\/www.facebook.com\/LatribuneduFaso\/"]},{"@type":"Person","@id":"https:\/\/www.latribunedufaso.net\/#\/schema\/person\/a380782d0605bb8aae27c40ea93b35b1","name":"Administrateur","image":{"@type":"ImageObject","inLanguage":"fr-FR","@id":"https:\/\/secure.gravatar.com\/avatar\/e20266f97d741f0e80ba1f60283074a9b3317fd7bfb727e0d95b51dafbf854a1?s=96&d=mm&r=g","url":"https:\/\/secure.gravatar.com\/avatar\/e20266f97d741f0e80ba1f60283074a9b3317fd7bfb727e0d95b51dafbf854a1?s=96&d=mm&r=g","contentUrl":"https:\/\/secure.gravatar.com\/avatar\/e20266f97d741f0e80ba1f60283074a9b3317fd7bfb727e0d95b51dafbf854a1?s=96&d=mm&r=g","caption":"Administrateur"},"url":"https:\/\/www.latribunedufaso.net\/?author=2"}]}},"_links":{"self":[{"href":"https:\/\/www.latribunedufaso.net\/index.php?rest_route=\/wp\/v2\/posts\/13777","targetHints":{"allow":["GET"]}}],"collection":[{"href":"https:\/\/www.latribunedufaso.net\/index.php?rest_route=\/wp\/v2\/posts"}],"about":[{"href":"https:\/\/www.latribunedufaso.net\/index.php?rest_route=\/wp\/v2\/types\/post"}],"author":[{"embeddable":true,"href":"https:\/\/www.latribunedufaso.net\/index.php?rest_route=\/wp\/v2\/users\/2"}],"replies":[{"embeddable":true,"href":"https:\/\/www.latribunedufaso.net\/index.php?rest_route=%2Fwp%2Fv2%2Fcomments&post=13777"}],"version-history":[{"count":1,"href":"https:\/\/www.latribunedufaso.net\/index.php?rest_route=\/wp\/v2\/posts\/13777\/revisions"}],"predecessor-version":[{"id":13779,"href":"https:\/\/www.latribunedufaso.net\/index.php?rest_route=\/wp\/v2\/posts\/13777\/revisions\/13779"}],"wp:featuredmedia":[{"embeddable":true,"href":"https:\/\/www.latribunedufaso.net\/index.php?rest_route=\/wp\/v2\/media\/13778"}],"wp:attachment":[{"href":"https:\/\/www.latribunedufaso.net\/index.php?rest_route=%2Fwp%2Fv2%2Fmedia&parent=13777"}],"wp:term":[{"taxonomy":"category","embeddable":true,"href":"https:\/\/www.latribunedufaso.net\/index.php?rest_route=%2Fwp%2Fv2%2Fcategories&post=13777"},{"taxonomy":"post_tag","embeddable":true,"href":"https:\/\/www.latribunedufaso.net\/index.php?rest_route=%2Fwp%2Fv2%2Ftags&post=13777"}],"curies":[{"name":"wp","href":"https:\/\/api.w.org\/{rel}","templated":true}]}}