{"id":13747,"date":"2023-01-14T23:55:51","date_gmt":"2023-01-14T23:55:51","guid":{"rendered":"https:\/\/www.latribunedufaso.net\/?p=13747"},"modified":"2024-06-03T08:06:48","modified_gmt":"2024-06-03T08:06:48","slug":"transition-la-conference-episcopale-burkina-niger-veut-apporter-sa-priere","status":"publish","type":"post","link":"https:\/\/www.latribunedufaso.net\/?p=13747","title":{"rendered":"Transition : La conf\u00e9rence \u00e9piscopale Burkina-Niger veut apporter \u00ab\u00a0sa pri\u00e8re\u00a0\u00bb"},"content":{"rendered":"<div class=\"x11i5rnm xat24cr x1mh8g0r x1vvkbs xdj266r x126k92a\">\n<div dir=\"auto\">(Ouagadougou, 13 janvier 2023). Le Pr\u00e9sident de la Transition, Chef de l\u2019\u00c9tat, le Capitaine Ibrahim TRAORE, a re\u00e7u, ce vendredi en audience, une d\u00e9l\u00e9gation de la Conf\u00e9rence \u00e9piscopale Burkina Faso-Niger conduite par son Vice-pr\u00e9sident Monseigneur Gabriel SAYAOGO.<\/div>\n<\/div>\n<div class=\"x11i5rnm xat24cr x1mh8g0r x1vvkbs xtlvy1s x126k92a\">\n<div dir=\"auto\">Cette audience a \u00e9t\u00e9 une opportunit\u00e9 d\u2019\u00e9changes avec le Chef de l\u2019\u00c9tat sur la vie de la Nation, selon Mgr Gabriel SAYAOGO. \u00ab Le Pr\u00e9sident de la Transition nous a expliqu\u00e9 la situation actuelle de notre pays et nous avons demand\u00e9 que le Seigneur tout-puissant donne la paix au Burkina Faso \u00bb, a d\u00e9clar\u00e9 le Vice-pr\u00e9sident de la Conf\u00e9rence \u00e9piscopale Burkina Faso-Niger \u00e0 l\u2019issue de l\u2019entretien avec le Chef de l\u2019\u00c9tat.<\/div>\n<\/div>\n<div class=\"x11i5rnm xat24cr x1mh8g0r x1vvkbs xtlvy1s x126k92a\">\n<div dir=\"auto\">Les repr\u00e9sentants de l\u2019\u00c9glise catholique ont exprim\u00e9 leur disponibilit\u00e9 \u00e0 accompagner le Chef de l\u2019\u00c9tat dans sa mission et implor\u00e9 Dieu afin que tous les Burkinab\u00e8 travaillent main dans la main, dans la coh\u00e9sion, dans l\u2019accueil mutuel pour construire le Burkina Faso dans un d\u00e9veloppement vrai et durable.<\/div>\n<\/div>\n<div class=\"x11i5rnm xat24cr x1mh8g0r x1vvkbs xtlvy1s x126k92a\">\n<div dir=\"auto\">Mgr SAYAOGO a soulign\u00e9 que l\u2019audience a \u00e9t\u00e9, par ailleurs, une occasion pour pr\u00e9senter les v\u0153ux de toute l\u2019\u00c9glise catholique et les v\u0153ux de tous les fid\u00e8les au Pr\u00e9sident de la Transition.<\/div>\n<\/div>\n<div class=\"x11i5rnm xat24cr x1mh8g0r x1vvkbs xtlvy1s x126k92a\">\n<div dir=\"auto\">Direction de la communication de la Pr\u00e9sidence du Faso<\/div>\n<\/div>\n","protected":false},"excerpt":{"rendered":"<p>(Ouagadougou, 13 janvier 2023). Le Pr\u00e9sident de la Transition, Chef de l\u2019\u00c9tat, le Capitaine Ibrahim TRAORE, a re\u00e7u, ce vendredi en audience, une d\u00e9l\u00e9gation de la Conf\u00e9rence \u00e9piscopale Burkina Faso-Niger conduite par son Vice-pr\u00e9sident Monseigneur Gabriel SAYAOGO. Cette audience a \u00e9t\u00e9 une opportunit\u00e9 d\u2019\u00e9changes avec le Chef de l\u2019\u00c9tat sur la vie de la Nation, selon Mgr Gabriel SAYAOGO. \u00ab Le Pr\u00e9sident de la Transition nous a expliqu\u00e9 la situation actuelle de notre pays et nous avons demand\u00e9 que le Seigneur tout-puissant donne la paix au Burkina Faso \u00bb, a d\u00e9clar\u00e9 le Vice-pr\u00e9sident de la Conf\u00e9rence \u00e9piscopale Burkina Faso-Niger \u00e0 l\u2019issue de l\u2019entretien avec le Chef de l\u2019\u00c9tat. Les repr\u00e9sentants de l\u2019\u00c9glise catholique ont exprim\u00e9 leur disponibilit\u00e9 \u00e0 accompagner le Chef de l\u2019\u00c9tat dans sa mission et implor\u00e9 Dieu afin que tous les Burkinab\u00e8 travaillent main dans la main, dans la coh\u00e9sion, dans l\u2019accueil mutuel pour construire le Burkina Faso dans un d\u00e9veloppement vrai et durable. Mgr SAYAOGO a soulign\u00e9 que l\u2019audience a \u00e9t\u00e9, par ailleurs, une occasion pour pr\u00e9senter les v\u0153ux de toute l\u2019\u00c9glise catholique et les v\u0153ux de tous les fid\u00e8les au Pr\u00e9sident de la Transition. Direction de la communication de la Pr\u00e9sidence du Faso<\/p>\n","protected":false},"author":2,"featured_media":13748,"comment_status":"open","ping_status":"open","sticky":false,"template":"","format":"standard","meta":{"footnotes":""},"categories":[13,1,8],"tags":[],"class_list":["post-13747","post","type-post","status-publish","format-standard","has-post-thumbnail","hentry","category-une","category-actu","category-societe"],"yoast_head":"<!-- This site is optimized with the Yoast SEO plugin v27.5 - https:\/\/yoast.com\/product\/yoast-seo-wordpress\/ -->\n<title>Transition : La conf\u00e9rence \u00e9piscopale Burkina-Niger veut apporter &quot;sa pri\u00e8re&quot; - La Tribune du Faso<\/title>\n<meta name=\"robots\" content=\"index, follow, max-snippet:-1, max-image-preview:large, max-video-preview:-1\" \/>\n<link rel=\"canonical\" href=\"https:\/\/www.latribunedufaso.net\/?p=13747\" \/>\n<meta property=\"og:locale\" content=\"fr_FR\" \/>\n<meta property=\"og:type\" content=\"article\" \/>\n<meta property=\"og:title\" content=\"Transition : La conf\u00e9rence \u00e9piscopale Burkina-Niger veut apporter &quot;sa pri\u00e8re&quot; - La Tribune du Faso\" \/>\n<meta property=\"og:description\" content=\"(Ouagadougou, 13 janvier 2023). Le Pr\u00e9sident de la Transition, Chef de l\u2019\u00c9tat, le Capitaine Ibrahim TRAORE, a re\u00e7u, ce vendredi en audience, une d\u00e9l\u00e9gation de la Conf\u00e9rence \u00e9piscopale Burkina Faso-Niger conduite par son Vice-pr\u00e9sident Monseigneur Gabriel SAYAOGO. Cette audience a \u00e9t\u00e9 une opportunit\u00e9 d\u2019\u00e9changes avec le Chef de l\u2019\u00c9tat sur la vie de la Nation, selon Mgr Gabriel SAYAOGO. \u00ab Le Pr\u00e9sident de la Transition nous a expliqu\u00e9 la situation actuelle de notre pays et nous avons demand\u00e9 que le Seigneur tout-puissant donne la paix au Burkina Faso \u00bb, a d\u00e9clar\u00e9 le Vice-pr\u00e9sident de la Conf\u00e9rence \u00e9piscopale Burkina Faso-Niger \u00e0 l\u2019issue de l\u2019entretien avec le Chef de l\u2019\u00c9tat. Les repr\u00e9sentants de l\u2019\u00c9glise catholique ont exprim\u00e9 leur disponibilit\u00e9 \u00e0 accompagner le Chef de l\u2019\u00c9tat dans sa mission et implor\u00e9 Dieu afin que tous les Burkinab\u00e8 travaillent main dans la main, dans la coh\u00e9sion, dans l\u2019accueil mutuel pour construire le Burkina Faso dans un d\u00e9veloppement vrai et durable. Mgr SAYAOGO a soulign\u00e9 que l\u2019audience a \u00e9t\u00e9, par ailleurs, une occasion pour pr\u00e9senter les v\u0153ux de toute l\u2019\u00c9glise catholique et les v\u0153ux de tous les fid\u00e8les au Pr\u00e9sident de la Transition. Direction de la communication de la Pr\u00e9sidence du Faso\" \/>\n<meta property=\"og:url\" content=\"https:\/\/www.latribunedufaso.net\/?p=13747\" \/>\n<meta property=\"og:site_name\" content=\"La Tribune du Faso\" \/>\n<meta property=\"article:publisher\" content=\"https:\/\/www.facebook.com\/LatribuneduFaso\/\" \/>\n<meta property=\"article:published_time\" content=\"2023-01-14T23:55:51+00:00\" \/>\n<meta property=\"article:modified_time\" content=\"2024-06-03T08:06:48+00:00\" \/>\n<meta property=\"og:image\" content=\"https:\/\/www.latribunedufaso.net\/wp-content\/uploads\/2024\/06\/322391242_709359040765007_6249393973359476986_n-960x480-1.jpg\" \/>\n\t<meta property=\"og:image:width\" content=\"960\" \/>\n\t<meta property=\"og:image:height\" content=\"480\" \/>\n\t<meta property=\"og:image:type\" content=\"image\/jpeg\" \/>\n<meta name=\"author\" content=\"Administrateur\" \/>\n<meta name=\"twitter:label1\" content=\"\u00c9crit par\" \/>\n\t<meta name=\"twitter:data1\" content=\"Administrateur\" \/>\n\t<meta name=\"twitter:label2\" content=\"Dur\u00e9e de lecture estim\u00e9e\" \/>\n\t<meta name=\"twitter:data2\" content=\"1 minute\" \/>\n<script type=\"application\/ld+json\" class=\"yoast-schema-graph\">{\"@context\":\"https:\\\/\\\/schema.org\",\"@graph\":[{\"@type\":\"Article\",\"@id\":\"https:\\\/\\\/www.latribunedufaso.net\\\/?p=13747#article\",\"isPartOf\":{\"@id\":\"https:\\\/\\\/www.latribunedufaso.net\\\/?p=13747\"},\"author\":{\"name\":\"Administrateur\",\"@id\":\"https:\\\/\\\/www.latribunedufaso.net\\\/#\\\/schema\\\/person\\\/a380782d0605bb8aae27c40ea93b35b1\"},\"headline\":\"Transition : La conf\u00e9rence \u00e9piscopale Burkina-Niger veut apporter \u00ab\u00a0sa pri\u00e8re\u00a0\u00bb\",\"datePublished\":\"2023-01-14T23:55:51+00:00\",\"dateModified\":\"2024-06-03T08:06:48+00:00\",\"mainEntityOfPage\":{\"@id\":\"https:\\\/\\\/www.latribunedufaso.net\\\/?p=13747\"},\"wordCount\":232,\"commentCount\":0,\"publisher\":{\"@id\":\"https:\\\/\\\/www.latribunedufaso.net\\\/#organization\"},\"image\":{\"@id\":\"https:\\\/\\\/www.latribunedufaso.net\\\/?p=13747#primaryimage\"},\"thumbnailUrl\":\"https:\\\/\\\/www.latribunedufaso.net\\\/wp-content\\\/uploads\\\/2024\\\/06\\\/322391242_709359040765007_6249393973359476986_n-960x480-1.jpg\",\"articleSection\":[\"A la une\",\"Actualit\u00e9\",\"Soci\u00e9t\u00e9\"],\"inLanguage\":\"fr-FR\",\"potentialAction\":[{\"@type\":\"CommentAction\",\"name\":\"Comment\",\"target\":[\"https:\\\/\\\/www.latribunedufaso.net\\\/?p=13747#respond\"]}]},{\"@type\":\"WebPage\",\"@id\":\"https:\\\/\\\/www.latribunedufaso.net\\\/?p=13747\",\"url\":\"https:\\\/\\\/www.latribunedufaso.net\\\/?p=13747\",\"name\":\"Transition : La conf\u00e9rence \u00e9piscopale Burkina-Niger veut apporter \\\"sa pri\u00e8re\\\" - La Tribune du Faso\",\"isPartOf\":{\"@id\":\"https:\\\/\\\/www.latribunedufaso.net\\\/#website\"},\"primaryImageOfPage\":{\"@id\":\"https:\\\/\\\/www.latribunedufaso.net\\\/?p=13747#primaryimage\"},\"image\":{\"@id\":\"https:\\\/\\\/www.latribunedufaso.net\\\/?p=13747#primaryimage\"},\"thumbnailUrl\":\"https:\\\/\\\/www.latribunedufaso.net\\\/wp-content\\\/uploads\\\/2024\\\/06\\\/322391242_709359040765007_6249393973359476986_n-960x480-1.jpg\",\"datePublished\":\"2023-01-14T23:55:51+00:00\",\"dateModified\":\"2024-06-03T08:06:48+00:00\",\"breadcrumb\":{\"@id\":\"https:\\\/\\\/www.latribunedufaso.net\\\/?p=13747#breadcrumb\"},\"inLanguage\":\"fr-FR\",\"potentialAction\":[{\"@type\":\"ReadAction\",\"target\":[\"https:\\\/\\\/www.latribunedufaso.net\\\/?p=13747\"]}]},{\"@type\":\"ImageObject\",\"inLanguage\":\"fr-FR\",\"@id\":\"https:\\\/\\\/www.latribunedufaso.net\\\/?p=13747#primaryimage\",\"url\":\"https:\\\/\\\/www.latribunedufaso.net\\\/wp-content\\\/uploads\\\/2024\\\/06\\\/322391242_709359040765007_6249393973359476986_n-960x480-1.jpg\",\"contentUrl\":\"https:\\\/\\\/www.latribunedufaso.net\\\/wp-content\\\/uploads\\\/2024\\\/06\\\/322391242_709359040765007_6249393973359476986_n-960x480-1.jpg\",\"width\":960,\"height\":480},{\"@type\":\"BreadcrumbList\",\"@id\":\"https:\\\/\\\/www.latribunedufaso.net\\\/?p=13747#breadcrumb\",\"itemListElement\":[{\"@type\":\"ListItem\",\"position\":1,\"name\":\"Accueil\",\"item\":\"https:\\\/\\\/www.latribunedufaso.net\\\/\"},{\"@type\":\"ListItem\",\"position\":2,\"name\":\"Transition : La conf\u00e9rence \u00e9piscopale Burkina-Niger veut apporter \u00ab\u00a0sa pri\u00e8re\u00a0\u00bb\"}]},{\"@type\":\"WebSite\",\"@id\":\"https:\\\/\\\/www.latribunedufaso.net\\\/#website\",\"url\":\"https:\\\/\\\/www.latribunedufaso.net\\\/\",\"name\":\"La Tribune du Faso\",\"description\":\"L&#039;information du monde rural en un clic\",\"publisher\":{\"@id\":\"https:\\\/\\\/www.latribunedufaso.net\\\/#organization\"},\"potentialAction\":[{\"@type\":\"SearchAction\",\"target\":{\"@type\":\"EntryPoint\",\"urlTemplate\":\"https:\\\/\\\/www.latribunedufaso.net\\\/?s={search_term_string}\"},\"query-input\":{\"@type\":\"PropertyValueSpecification\",\"valueRequired\":true,\"valueName\":\"search_term_string\"}}],\"inLanguage\":\"fr-FR\"},{\"@type\":\"Organization\",\"@id\":\"https:\\\/\\\/www.latribunedufaso.net\\\/#organization\",\"name\":\"La Tribune du Faso\",\"url\":\"https:\\\/\\\/www.latribunedufaso.net\\\/\",\"logo\":{\"@type\":\"ImageObject\",\"inLanguage\":\"fr-FR\",\"@id\":\"https:\\\/\\\/www.latribunedufaso.net\\\/#\\\/schema\\\/logo\\\/image\\\/\",\"url\":\"https:\\\/\\\/www.latribunedufaso.net\\\/wp-content\\\/uploads\\\/2020\\\/08\\\/Logo-Tribune-du-Faso-final-scaled.jpg\",\"contentUrl\":\"https:\\\/\\\/www.latribunedufaso.net\\\/wp-content\\\/uploads\\\/2020\\\/08\\\/Logo-Tribune-du-Faso-final-scaled.jpg\",\"width\":2560,\"height\":1856,\"caption\":\"La Tribune du Faso\"},\"image\":{\"@id\":\"https:\\\/\\\/www.latribunedufaso.net\\\/#\\\/schema\\\/logo\\\/image\\\/\"},\"sameAs\":[\"https:\\\/\\\/www.facebook.com\\\/LatribuneduFaso\\\/\"]},{\"@type\":\"Person\",\"@id\":\"https:\\\/\\\/www.latribunedufaso.net\\\/#\\\/schema\\\/person\\\/a380782d0605bb8aae27c40ea93b35b1\",\"name\":\"Administrateur\",\"image\":{\"@type\":\"ImageObject\",\"inLanguage\":\"fr-FR\",\"@id\":\"https:\\\/\\\/secure.gravatar.com\\\/avatar\\\/e20266f97d741f0e80ba1f60283074a9b3317fd7bfb727e0d95b51dafbf854a1?s=96&d=mm&r=g\",\"url\":\"https:\\\/\\\/secure.gravatar.com\\\/avatar\\\/e20266f97d741f0e80ba1f60283074a9b3317fd7bfb727e0d95b51dafbf854a1?s=96&d=mm&r=g\",\"contentUrl\":\"https:\\\/\\\/secure.gravatar.com\\\/avatar\\\/e20266f97d741f0e80ba1f60283074a9b3317fd7bfb727e0d95b51dafbf854a1?s=96&d=mm&r=g\",\"caption\":\"Administrateur\"},\"url\":\"https:\\\/\\\/www.latribunedufaso.net\\\/?author=2\"}]}<\/script>\n<!-- \/ Yoast SEO plugin. -->","yoast_head_json":{"title":"Transition : La conf\u00e9rence \u00e9piscopale Burkina-Niger veut apporter \"sa pri\u00e8re\" - La Tribune du Faso","robots":{"index":"index","follow":"follow","max-snippet":"max-snippet:-1","max-image-preview":"max-image-preview:large","max-video-preview":"max-video-preview:-1"},"canonical":"https:\/\/www.latribunedufaso.net\/?p=13747","og_locale":"fr_FR","og_type":"article","og_title":"Transition : La conf\u00e9rence \u00e9piscopale Burkina-Niger veut apporter \"sa pri\u00e8re\" - La Tribune du Faso","og_description":"(Ouagadougou, 13 janvier 2023). Le Pr\u00e9sident de la Transition, Chef de l\u2019\u00c9tat, le Capitaine Ibrahim TRAORE, a re\u00e7u, ce vendredi en audience, une d\u00e9l\u00e9gation de la Conf\u00e9rence \u00e9piscopale Burkina Faso-Niger conduite par son Vice-pr\u00e9sident Monseigneur Gabriel SAYAOGO. Cette audience a \u00e9t\u00e9 une opportunit\u00e9 d\u2019\u00e9changes avec le Chef de l\u2019\u00c9tat sur la vie de la Nation, selon Mgr Gabriel SAYAOGO. \u00ab Le Pr\u00e9sident de la Transition nous a expliqu\u00e9 la situation actuelle de notre pays et nous avons demand\u00e9 que le Seigneur tout-puissant donne la paix au Burkina Faso \u00bb, a d\u00e9clar\u00e9 le Vice-pr\u00e9sident de la Conf\u00e9rence \u00e9piscopale Burkina Faso-Niger \u00e0 l\u2019issue de l\u2019entretien avec le Chef de l\u2019\u00c9tat. Les repr\u00e9sentants de l\u2019\u00c9glise catholique ont exprim\u00e9 leur disponibilit\u00e9 \u00e0 accompagner le Chef de l\u2019\u00c9tat dans sa mission et implor\u00e9 Dieu afin que tous les Burkinab\u00e8 travaillent main dans la main, dans la coh\u00e9sion, dans l\u2019accueil mutuel pour construire le Burkina Faso dans un d\u00e9veloppement vrai et durable. Mgr SAYAOGO a soulign\u00e9 que l\u2019audience a \u00e9t\u00e9, par ailleurs, une occasion pour pr\u00e9senter les v\u0153ux de toute l\u2019\u00c9glise catholique et les v\u0153ux de tous les fid\u00e8les au Pr\u00e9sident de la Transition. Direction de la communication de la Pr\u00e9sidence du Faso","og_url":"https:\/\/www.latribunedufaso.net\/?p=13747","og_site_name":"La Tribune du Faso","article_publisher":"https:\/\/www.facebook.com\/LatribuneduFaso\/","article_published_time":"2023-01-14T23:55:51+00:00","article_modified_time":"2024-06-03T08:06:48+00:00","og_image":[{"width":960,"height":480,"url":"https:\/\/www.latribunedufaso.net\/wp-content\/uploads\/2024\/06\/322391242_709359040765007_6249393973359476986_n-960x480-1.jpg","type":"image\/jpeg"}],"author":"Administrateur","twitter_misc":{"\u00c9crit par":"Administrateur","Dur\u00e9e de lecture estim\u00e9e":"1 minute"},"schema":{"@context":"https:\/\/schema.org","@graph":[{"@type":"Article","@id":"https:\/\/www.latribunedufaso.net\/?p=13747#article","isPartOf":{"@id":"https:\/\/www.latribunedufaso.net\/?p=13747"},"author":{"name":"Administrateur","@id":"https:\/\/www.latribunedufaso.net\/#\/schema\/person\/a380782d0605bb8aae27c40ea93b35b1"},"headline":"Transition : La conf\u00e9rence \u00e9piscopale Burkina-Niger veut apporter \u00ab\u00a0sa pri\u00e8re\u00a0\u00bb","datePublished":"2023-01-14T23:55:51+00:00","dateModified":"2024-06-03T08:06:48+00:00","mainEntityOfPage":{"@id":"https:\/\/www.latribunedufaso.net\/?p=13747"},"wordCount":232,"commentCount":0,"publisher":{"@id":"https:\/\/www.latribunedufaso.net\/#organization"},"image":{"@id":"https:\/\/www.latribunedufaso.net\/?p=13747#primaryimage"},"thumbnailUrl":"https:\/\/www.latribunedufaso.net\/wp-content\/uploads\/2024\/06\/322391242_709359040765007_6249393973359476986_n-960x480-1.jpg","articleSection":["A la une","Actualit\u00e9","Soci\u00e9t\u00e9"],"inLanguage":"fr-FR","potentialAction":[{"@type":"CommentAction","name":"Comment","target":["https:\/\/www.latribunedufaso.net\/?p=13747#respond"]}]},{"@type":"WebPage","@id":"https:\/\/www.latribunedufaso.net\/?p=13747","url":"https:\/\/www.latribunedufaso.net\/?p=13747","name":"Transition : La conf\u00e9rence \u00e9piscopale Burkina-Niger veut apporter \"sa pri\u00e8re\" - La Tribune du Faso","isPartOf":{"@id":"https:\/\/www.latribunedufaso.net\/#website"},"primaryImageOfPage":{"@id":"https:\/\/www.latribunedufaso.net\/?p=13747#primaryimage"},"image":{"@id":"https:\/\/www.latribunedufaso.net\/?p=13747#primaryimage"},"thumbnailUrl":"https:\/\/www.latribunedufaso.net\/wp-content\/uploads\/2024\/06\/322391242_709359040765007_6249393973359476986_n-960x480-1.jpg","datePublished":"2023-01-14T23:55:51+00:00","dateModified":"2024-06-03T08:06:48+00:00","breadcrumb":{"@id":"https:\/\/www.latribunedufaso.net\/?p=13747#breadcrumb"},"inLanguage":"fr-FR","potentialAction":[{"@type":"ReadAction","target":["https:\/\/www.latribunedufaso.net\/?p=13747"]}]},{"@type":"ImageObject","inLanguage":"fr-FR","@id":"https:\/\/www.latribunedufaso.net\/?p=13747#primaryimage","url":"https:\/\/www.latribunedufaso.net\/wp-content\/uploads\/2024\/06\/322391242_709359040765007_6249393973359476986_n-960x480-1.jpg","contentUrl":"https:\/\/www.latribunedufaso.net\/wp-content\/uploads\/2024\/06\/322391242_709359040765007_6249393973359476986_n-960x480-1.jpg","width":960,"height":480},{"@type":"BreadcrumbList","@id":"https:\/\/www.latribunedufaso.net\/?p=13747#breadcrumb","itemListElement":[{"@type":"ListItem","position":1,"name":"Accueil","item":"https:\/\/www.latribunedufaso.net\/"},{"@type":"ListItem","position":2,"name":"Transition : La conf\u00e9rence \u00e9piscopale Burkina-Niger veut apporter \u00ab\u00a0sa pri\u00e8re\u00a0\u00bb"}]},{"@type":"WebSite","@id":"https:\/\/www.latribunedufaso.net\/#website","url":"https:\/\/www.latribunedufaso.net\/","name":"La Tribune du Faso","description":"L&#039;information du monde rural en un clic","publisher":{"@id":"https:\/\/www.latribunedufaso.net\/#organization"},"potentialAction":[{"@type":"SearchAction","target":{"@type":"EntryPoint","urlTemplate":"https:\/\/www.latribunedufaso.net\/?s={search_term_string}"},"query-input":{"@type":"PropertyValueSpecification","valueRequired":true,"valueName":"search_term_string"}}],"inLanguage":"fr-FR"},{"@type":"Organization","@id":"https:\/\/www.latribunedufaso.net\/#organization","name":"La Tribune du Faso","url":"https:\/\/www.latribunedufaso.net\/","logo":{"@type":"ImageObject","inLanguage":"fr-FR","@id":"https:\/\/www.latribunedufaso.net\/#\/schema\/logo\/image\/","url":"https:\/\/www.latribunedufaso.net\/wp-content\/uploads\/2020\/08\/Logo-Tribune-du-Faso-final-scaled.jpg","contentUrl":"https:\/\/www.latribunedufaso.net\/wp-content\/uploads\/2020\/08\/Logo-Tribune-du-Faso-final-scaled.jpg","width":2560,"height":1856,"caption":"La Tribune du Faso"},"image":{"@id":"https:\/\/www.latribunedufaso.net\/#\/schema\/logo\/image\/"},"sameAs":["https:\/\/www.facebook.com\/LatribuneduFaso\/"]},{"@type":"Person","@id":"https:\/\/www.latribunedufaso.net\/#\/schema\/person\/a380782d0605bb8aae27c40ea93b35b1","name":"Administrateur","image":{"@type":"ImageObject","inLanguage":"fr-FR","@id":"https:\/\/secure.gravatar.com\/avatar\/e20266f97d741f0e80ba1f60283074a9b3317fd7bfb727e0d95b51dafbf854a1?s=96&d=mm&r=g","url":"https:\/\/secure.gravatar.com\/avatar\/e20266f97d741f0e80ba1f60283074a9b3317fd7bfb727e0d95b51dafbf854a1?s=96&d=mm&r=g","contentUrl":"https:\/\/secure.gravatar.com\/avatar\/e20266f97d741f0e80ba1f60283074a9b3317fd7bfb727e0d95b51dafbf854a1?s=96&d=mm&r=g","caption":"Administrateur"},"url":"https:\/\/www.latribunedufaso.net\/?author=2"}]}},"_links":{"self":[{"href":"https:\/\/www.latribunedufaso.net\/index.php?rest_route=\/wp\/v2\/posts\/13747","targetHints":{"allow":["GET"]}}],"collection":[{"href":"https:\/\/www.latribunedufaso.net\/index.php?rest_route=\/wp\/v2\/posts"}],"about":[{"href":"https:\/\/www.latribunedufaso.net\/index.php?rest_route=\/wp\/v2\/types\/post"}],"author":[{"embeddable":true,"href":"https:\/\/www.latribunedufaso.net\/index.php?rest_route=\/wp\/v2\/users\/2"}],"replies":[{"embeddable":true,"href":"https:\/\/www.latribunedufaso.net\/index.php?rest_route=%2Fwp%2Fv2%2Fcomments&post=13747"}],"version-history":[{"count":1,"href":"https:\/\/www.latribunedufaso.net\/index.php?rest_route=\/wp\/v2\/posts\/13747\/revisions"}],"predecessor-version":[{"id":13749,"href":"https:\/\/www.latribunedufaso.net\/index.php?rest_route=\/wp\/v2\/posts\/13747\/revisions\/13749"}],"wp:featuredmedia":[{"embeddable":true,"href":"https:\/\/www.latribunedufaso.net\/index.php?rest_route=\/wp\/v2\/media\/13748"}],"wp:attachment":[{"href":"https:\/\/www.latribunedufaso.net\/index.php?rest_route=%2Fwp%2Fv2%2Fmedia&parent=13747"}],"wp:term":[{"taxonomy":"category","embeddable":true,"href":"https:\/\/www.latribunedufaso.net\/index.php?rest_route=%2Fwp%2Fv2%2Fcategories&post=13747"},{"taxonomy":"post_tag","embeddable":true,"href":"https:\/\/www.latribunedufaso.net\/index.php?rest_route=%2Fwp%2Fv2%2Ftags&post=13747"}],"curies":[{"name":"wp","href":"https:\/\/api.w.org\/{rel}","templated":true}]}}