{"id":13737,"date":"2023-01-11T20:24:59","date_gmt":"2023-01-11T20:24:59","guid":{"rendered":"https:\/\/www.latribunedufaso.net\/?p=13737"},"modified":"2024-06-20T06:33:15","modified_gmt":"2024-06-20T06:33:15","slug":"cooperation-le-president-de-la-guinee-bissau-umaro-sissoco-a-ouagadougou","status":"publish","type":"post","link":"https:\/\/www.latribunedufaso.net\/?p=13737","title":{"rendered":"Coop\u00e9ration : Le Pr\u00e9sident de la Guin\u00e9e Bissau, Umaro Sissoco \u00e0 Ouagadougou"},"content":{"rendered":"<p><strong>Le mercredi 11 janvier 2023, le Pr\u00e9sident de la de Guin\u00e9e Bissau, Umaro Sissoco Embalo, Pr\u00e9sident en exercice de la Conf\u00e9rence des Chefs d\u2019Etat et de gouvernement de la Communaut\u00e9 \u00e9conomique des Etats de l\u2019Afrique de l\u2019Ouest (CEDEAO), est arriv\u00e9 \u00e0 Ouagadougou.<\/strong><!--more--><\/p>\n<p>C&rsquo;est le Pr\u00e9sident de la Transition, le Capitaine Ibrahim TRAORE, qui a accueilli son h\u00f4te du jour sur le tarmac de l&rsquo;a\u00e9roport international de Ouagadougou. Apr\u00e8s une s\u00e9ance de travail \u00e9largie \u00e0 leurs d\u00e9l\u00e9gations, le G\u00e9n\u00e9ral Ambalo et le Capitaine Traor\u00e9 ont eu un t\u00eate-\u00e0-t\u00eate. <span style=\"font-size: 1.0625rem;\">A l\u2019issue des \u00e9changes avec le Chef de l\u2019Etat, le Pr\u00e9sident en exercice de la CEDEAO, qui a \u00e9t\u00e9 rassur\u00e9 de la bonne conduite de la Transition, a r\u00e9affirm\u00e9 la disponibilit\u00e9 de l\u2019organisation ouest africaine \u00e0 soutenir et \u00e0 accompagner le Burkina Faso dans la lutte engag\u00e9e contre le terrorisme.<\/span><\/p>\n<p>\u00ab Lors du sommet de la CEDEAO, le 4 d\u00e9cembre dernier, tous les Chefs d\u2019Etat \u00e9taient unanimes pour soutenir les dol\u00e9ances et les requ\u00eates que le Pr\u00e9sident de la Transition avait formul\u00e9es \u00e0 la CEDEAO\u00bb, a laiss\u00e9 Pr\u00e9sident de la Guin\u00e9e Bissau. Il dit avoir <span style=\"font-size: 1.0625rem;\">compris beaucoup choses qui se passent au pays des Hommes int\u00e8gres pays. Pour se faire, il compte faire le point de sa mission au prochain sommet de la CEDEAO afin que des d\u00e9cisions urgentes puissent \u00eatre prises pour accompagner le Burkina.<\/span><\/p>\n<p>C&rsquo;est dans ce sens qu&rsquo;il a soulign\u00e9 la n\u00e9cessit\u00e9 de poursuivre les \u00e9changes avec les chefs d\u2019Etat de la CEDEAO et aussi avec les diff\u00e9rents partenaires pour apporter du soutien dans les meilleurs d\u00e9lais au pays qui fait face \u00e0 des d\u00e9fis s\u00e9curitaire et humanitaire.<\/p>\n<p><strong>Alima Zonou\u00a0<\/strong><\/p>\n<p><strong>Latribunedufaso.net<\/strong><\/p>\n<p><strong>Source : DirCom Pr\u00e9sidence du Faso<\/strong><\/p>\n","protected":false},"excerpt":{"rendered":"<p>Le mercredi 11 janvier 2023, le Pr\u00e9sident de la de Guin\u00e9e Bissau, Umaro Sissoco Embalo, Pr\u00e9sident en exercice de la Conf\u00e9rence des Chefs d\u2019Etat et de gouvernement de la Communaut\u00e9 \u00e9conomique des Etats de l\u2019Afrique de l\u2019Ouest (CEDEAO), est arriv\u00e9 \u00e0 Ouagadougou.<\/p>\n","protected":false},"author":2,"featured_media":13738,"comment_status":"open","ping_status":"open","sticky":false,"template":"","format":"standard","meta":{"footnotes":""},"categories":[1,8],"tags":[],"class_list":["post-13737","post","type-post","status-publish","format-standard","has-post-thumbnail","hentry","category-actu","category-societe"],"yoast_head":"<!-- This site is optimized with the Yoast SEO plugin v27.5 - https:\/\/yoast.com\/product\/yoast-seo-wordpress\/ -->\n<title>Coop\u00e9ration : Le Pr\u00e9sident de la Guin\u00e9e Bissau, Umaro Sissoco \u00e0 Ouagadougou - La Tribune du Faso<\/title>\n<meta name=\"robots\" content=\"index, follow, max-snippet:-1, max-image-preview:large, max-video-preview:-1\" \/>\n<link rel=\"canonical\" href=\"https:\/\/www.latribunedufaso.net\/?p=13737\" \/>\n<meta property=\"og:locale\" content=\"fr_FR\" \/>\n<meta property=\"og:type\" content=\"article\" \/>\n<meta property=\"og:title\" content=\"Coop\u00e9ration : Le Pr\u00e9sident de la Guin\u00e9e Bissau, Umaro Sissoco \u00e0 Ouagadougou - La Tribune du Faso\" \/>\n<meta property=\"og:description\" content=\"Le mercredi 11 janvier 2023, le Pr\u00e9sident de la de Guin\u00e9e Bissau, Umaro Sissoco Embalo, Pr\u00e9sident en exercice de la Conf\u00e9rence des Chefs d\u2019Etat et de gouvernement de la Communaut\u00e9 \u00e9conomique des Etats de l\u2019Afrique de l\u2019Ouest (CEDEAO), est arriv\u00e9 \u00e0 Ouagadougou.\" \/>\n<meta property=\"og:url\" content=\"https:\/\/www.latribunedufaso.net\/?p=13737\" \/>\n<meta property=\"og:site_name\" content=\"La Tribune du Faso\" \/>\n<meta property=\"article:publisher\" content=\"https:\/\/www.facebook.com\/LatribuneduFaso\/\" \/>\n<meta property=\"article:published_time\" content=\"2023-01-11T20:24:59+00:00\" \/>\n<meta property=\"article:modified_time\" content=\"2024-06-20T06:33:15+00:00\" \/>\n<meta property=\"og:image\" content=\"https:\/\/www.latribunedufaso.net\/wp-content\/uploads\/2024\/06\/322187224_1630473967455613_2614246593141142099_n-734x367-1.jpg\" \/>\n\t<meta property=\"og:image:width\" content=\"734\" \/>\n\t<meta property=\"og:image:height\" content=\"367\" \/>\n\t<meta property=\"og:image:type\" content=\"image\/jpeg\" \/>\n<meta name=\"author\" content=\"Administrateur\" \/>\n<meta name=\"twitter:label1\" content=\"\u00c9crit par\" \/>\n\t<meta name=\"twitter:data1\" content=\"Administrateur\" \/>\n\t<meta name=\"twitter:label2\" content=\"Dur\u00e9e de lecture estim\u00e9e\" \/>\n\t<meta name=\"twitter:data2\" content=\"2 minutes\" \/>\n<script type=\"application\/ld+json\" class=\"yoast-schema-graph\">{\"@context\":\"https:\\\/\\\/schema.org\",\"@graph\":[{\"@type\":\"Article\",\"@id\":\"https:\\\/\\\/www.latribunedufaso.net\\\/?p=13737#article\",\"isPartOf\":{\"@id\":\"https:\\\/\\\/www.latribunedufaso.net\\\/?p=13737\"},\"author\":{\"name\":\"Administrateur\",\"@id\":\"https:\\\/\\\/www.latribunedufaso.net\\\/#\\\/schema\\\/person\\\/a380782d0605bb8aae27c40ea93b35b1\"},\"headline\":\"Coop\u00e9ration : Le Pr\u00e9sident de la Guin\u00e9e Bissau, Umaro Sissoco \u00e0 Ouagadougou\",\"datePublished\":\"2023-01-11T20:24:59+00:00\",\"dateModified\":\"2024-06-20T06:33:15+00:00\",\"mainEntityOfPage\":{\"@id\":\"https:\\\/\\\/www.latribunedufaso.net\\\/?p=13737\"},\"wordCount\":326,\"commentCount\":0,\"publisher\":{\"@id\":\"https:\\\/\\\/www.latribunedufaso.net\\\/#organization\"},\"image\":{\"@id\":\"https:\\\/\\\/www.latribunedufaso.net\\\/?p=13737#primaryimage\"},\"thumbnailUrl\":\"https:\\\/\\\/www.latribunedufaso.net\\\/wp-content\\\/uploads\\\/2024\\\/06\\\/322187224_1630473967455613_2614246593141142099_n-734x367-1.jpg\",\"articleSection\":[\"Actualit\u00e9\",\"Soci\u00e9t\u00e9\"],\"inLanguage\":\"fr-FR\",\"potentialAction\":[{\"@type\":\"CommentAction\",\"name\":\"Comment\",\"target\":[\"https:\\\/\\\/www.latribunedufaso.net\\\/?p=13737#respond\"]}]},{\"@type\":\"WebPage\",\"@id\":\"https:\\\/\\\/www.latribunedufaso.net\\\/?p=13737\",\"url\":\"https:\\\/\\\/www.latribunedufaso.net\\\/?p=13737\",\"name\":\"Coop\u00e9ration : Le Pr\u00e9sident de la Guin\u00e9e Bissau, Umaro Sissoco \u00e0 Ouagadougou - La Tribune du Faso\",\"isPartOf\":{\"@id\":\"https:\\\/\\\/www.latribunedufaso.net\\\/#website\"},\"primaryImageOfPage\":{\"@id\":\"https:\\\/\\\/www.latribunedufaso.net\\\/?p=13737#primaryimage\"},\"image\":{\"@id\":\"https:\\\/\\\/www.latribunedufaso.net\\\/?p=13737#primaryimage\"},\"thumbnailUrl\":\"https:\\\/\\\/www.latribunedufaso.net\\\/wp-content\\\/uploads\\\/2024\\\/06\\\/322187224_1630473967455613_2614246593141142099_n-734x367-1.jpg\",\"datePublished\":\"2023-01-11T20:24:59+00:00\",\"dateModified\":\"2024-06-20T06:33:15+00:00\",\"breadcrumb\":{\"@id\":\"https:\\\/\\\/www.latribunedufaso.net\\\/?p=13737#breadcrumb\"},\"inLanguage\":\"fr-FR\",\"potentialAction\":[{\"@type\":\"ReadAction\",\"target\":[\"https:\\\/\\\/www.latribunedufaso.net\\\/?p=13737\"]}]},{\"@type\":\"ImageObject\",\"inLanguage\":\"fr-FR\",\"@id\":\"https:\\\/\\\/www.latribunedufaso.net\\\/?p=13737#primaryimage\",\"url\":\"https:\\\/\\\/www.latribunedufaso.net\\\/wp-content\\\/uploads\\\/2024\\\/06\\\/322187224_1630473967455613_2614246593141142099_n-734x367-1.jpg\",\"contentUrl\":\"https:\\\/\\\/www.latribunedufaso.net\\\/wp-content\\\/uploads\\\/2024\\\/06\\\/322187224_1630473967455613_2614246593141142099_n-734x367-1.jpg\",\"width\":734,\"height\":367},{\"@type\":\"BreadcrumbList\",\"@id\":\"https:\\\/\\\/www.latribunedufaso.net\\\/?p=13737#breadcrumb\",\"itemListElement\":[{\"@type\":\"ListItem\",\"position\":1,\"name\":\"Accueil\",\"item\":\"https:\\\/\\\/www.latribunedufaso.net\\\/\"},{\"@type\":\"ListItem\",\"position\":2,\"name\":\"Coop\u00e9ration : Le Pr\u00e9sident de la Guin\u00e9e Bissau, Umaro Sissoco \u00e0 Ouagadougou\"}]},{\"@type\":\"WebSite\",\"@id\":\"https:\\\/\\\/www.latribunedufaso.net\\\/#website\",\"url\":\"https:\\\/\\\/www.latribunedufaso.net\\\/\",\"name\":\"La Tribune du Faso\",\"description\":\"L&#039;information du monde rural en un clic\",\"publisher\":{\"@id\":\"https:\\\/\\\/www.latribunedufaso.net\\\/#organization\"},\"potentialAction\":[{\"@type\":\"SearchAction\",\"target\":{\"@type\":\"EntryPoint\",\"urlTemplate\":\"https:\\\/\\\/www.latribunedufaso.net\\\/?s={search_term_string}\"},\"query-input\":{\"@type\":\"PropertyValueSpecification\",\"valueRequired\":true,\"valueName\":\"search_term_string\"}}],\"inLanguage\":\"fr-FR\"},{\"@type\":\"Organization\",\"@id\":\"https:\\\/\\\/www.latribunedufaso.net\\\/#organization\",\"name\":\"La Tribune du Faso\",\"url\":\"https:\\\/\\\/www.latribunedufaso.net\\\/\",\"logo\":{\"@type\":\"ImageObject\",\"inLanguage\":\"fr-FR\",\"@id\":\"https:\\\/\\\/www.latribunedufaso.net\\\/#\\\/schema\\\/logo\\\/image\\\/\",\"url\":\"https:\\\/\\\/www.latribunedufaso.net\\\/wp-content\\\/uploads\\\/2020\\\/08\\\/Logo-Tribune-du-Faso-final-scaled.jpg\",\"contentUrl\":\"https:\\\/\\\/www.latribunedufaso.net\\\/wp-content\\\/uploads\\\/2020\\\/08\\\/Logo-Tribune-du-Faso-final-scaled.jpg\",\"width\":2560,\"height\":1856,\"caption\":\"La Tribune du Faso\"},\"image\":{\"@id\":\"https:\\\/\\\/www.latribunedufaso.net\\\/#\\\/schema\\\/logo\\\/image\\\/\"},\"sameAs\":[\"https:\\\/\\\/www.facebook.com\\\/LatribuneduFaso\\\/\"]},{\"@type\":\"Person\",\"@id\":\"https:\\\/\\\/www.latribunedufaso.net\\\/#\\\/schema\\\/person\\\/a380782d0605bb8aae27c40ea93b35b1\",\"name\":\"Administrateur\",\"image\":{\"@type\":\"ImageObject\",\"inLanguage\":\"fr-FR\",\"@id\":\"https:\\\/\\\/secure.gravatar.com\\\/avatar\\\/e20266f97d741f0e80ba1f60283074a9b3317fd7bfb727e0d95b51dafbf854a1?s=96&d=mm&r=g\",\"url\":\"https:\\\/\\\/secure.gravatar.com\\\/avatar\\\/e20266f97d741f0e80ba1f60283074a9b3317fd7bfb727e0d95b51dafbf854a1?s=96&d=mm&r=g\",\"contentUrl\":\"https:\\\/\\\/secure.gravatar.com\\\/avatar\\\/e20266f97d741f0e80ba1f60283074a9b3317fd7bfb727e0d95b51dafbf854a1?s=96&d=mm&r=g\",\"caption\":\"Administrateur\"},\"url\":\"https:\\\/\\\/www.latribunedufaso.net\\\/?author=2\"}]}<\/script>\n<!-- \/ Yoast SEO plugin. -->","yoast_head_json":{"title":"Coop\u00e9ration : Le Pr\u00e9sident de la Guin\u00e9e Bissau, Umaro Sissoco \u00e0 Ouagadougou - La Tribune du Faso","robots":{"index":"index","follow":"follow","max-snippet":"max-snippet:-1","max-image-preview":"max-image-preview:large","max-video-preview":"max-video-preview:-1"},"canonical":"https:\/\/www.latribunedufaso.net\/?p=13737","og_locale":"fr_FR","og_type":"article","og_title":"Coop\u00e9ration : Le Pr\u00e9sident de la Guin\u00e9e Bissau, Umaro Sissoco \u00e0 Ouagadougou - La Tribune du Faso","og_description":"Le mercredi 11 janvier 2023, le Pr\u00e9sident de la de Guin\u00e9e Bissau, Umaro Sissoco Embalo, Pr\u00e9sident en exercice de la Conf\u00e9rence des Chefs d\u2019Etat et de gouvernement de la Communaut\u00e9 \u00e9conomique des Etats de l\u2019Afrique de l\u2019Ouest (CEDEAO), est arriv\u00e9 \u00e0 Ouagadougou.","og_url":"https:\/\/www.latribunedufaso.net\/?p=13737","og_site_name":"La Tribune du Faso","article_publisher":"https:\/\/www.facebook.com\/LatribuneduFaso\/","article_published_time":"2023-01-11T20:24:59+00:00","article_modified_time":"2024-06-20T06:33:15+00:00","og_image":[{"width":734,"height":367,"url":"https:\/\/www.latribunedufaso.net\/wp-content\/uploads\/2024\/06\/322187224_1630473967455613_2614246593141142099_n-734x367-1.jpg","type":"image\/jpeg"}],"author":"Administrateur","twitter_misc":{"\u00c9crit par":"Administrateur","Dur\u00e9e de lecture estim\u00e9e":"2 minutes"},"schema":{"@context":"https:\/\/schema.org","@graph":[{"@type":"Article","@id":"https:\/\/www.latribunedufaso.net\/?p=13737#article","isPartOf":{"@id":"https:\/\/www.latribunedufaso.net\/?p=13737"},"author":{"name":"Administrateur","@id":"https:\/\/www.latribunedufaso.net\/#\/schema\/person\/a380782d0605bb8aae27c40ea93b35b1"},"headline":"Coop\u00e9ration : Le Pr\u00e9sident de la Guin\u00e9e Bissau, Umaro Sissoco \u00e0 Ouagadougou","datePublished":"2023-01-11T20:24:59+00:00","dateModified":"2024-06-20T06:33:15+00:00","mainEntityOfPage":{"@id":"https:\/\/www.latribunedufaso.net\/?p=13737"},"wordCount":326,"commentCount":0,"publisher":{"@id":"https:\/\/www.latribunedufaso.net\/#organization"},"image":{"@id":"https:\/\/www.latribunedufaso.net\/?p=13737#primaryimage"},"thumbnailUrl":"https:\/\/www.latribunedufaso.net\/wp-content\/uploads\/2024\/06\/322187224_1630473967455613_2614246593141142099_n-734x367-1.jpg","articleSection":["Actualit\u00e9","Soci\u00e9t\u00e9"],"inLanguage":"fr-FR","potentialAction":[{"@type":"CommentAction","name":"Comment","target":["https:\/\/www.latribunedufaso.net\/?p=13737#respond"]}]},{"@type":"WebPage","@id":"https:\/\/www.latribunedufaso.net\/?p=13737","url":"https:\/\/www.latribunedufaso.net\/?p=13737","name":"Coop\u00e9ration : Le Pr\u00e9sident de la Guin\u00e9e Bissau, Umaro Sissoco \u00e0 Ouagadougou - La Tribune du Faso","isPartOf":{"@id":"https:\/\/www.latribunedufaso.net\/#website"},"primaryImageOfPage":{"@id":"https:\/\/www.latribunedufaso.net\/?p=13737#primaryimage"},"image":{"@id":"https:\/\/www.latribunedufaso.net\/?p=13737#primaryimage"},"thumbnailUrl":"https:\/\/www.latribunedufaso.net\/wp-content\/uploads\/2024\/06\/322187224_1630473967455613_2614246593141142099_n-734x367-1.jpg","datePublished":"2023-01-11T20:24:59+00:00","dateModified":"2024-06-20T06:33:15+00:00","breadcrumb":{"@id":"https:\/\/www.latribunedufaso.net\/?p=13737#breadcrumb"},"inLanguage":"fr-FR","potentialAction":[{"@type":"ReadAction","target":["https:\/\/www.latribunedufaso.net\/?p=13737"]}]},{"@type":"ImageObject","inLanguage":"fr-FR","@id":"https:\/\/www.latribunedufaso.net\/?p=13737#primaryimage","url":"https:\/\/www.latribunedufaso.net\/wp-content\/uploads\/2024\/06\/322187224_1630473967455613_2614246593141142099_n-734x367-1.jpg","contentUrl":"https:\/\/www.latribunedufaso.net\/wp-content\/uploads\/2024\/06\/322187224_1630473967455613_2614246593141142099_n-734x367-1.jpg","width":734,"height":367},{"@type":"BreadcrumbList","@id":"https:\/\/www.latribunedufaso.net\/?p=13737#breadcrumb","itemListElement":[{"@type":"ListItem","position":1,"name":"Accueil","item":"https:\/\/www.latribunedufaso.net\/"},{"@type":"ListItem","position":2,"name":"Coop\u00e9ration : Le Pr\u00e9sident de la Guin\u00e9e Bissau, Umaro Sissoco \u00e0 Ouagadougou"}]},{"@type":"WebSite","@id":"https:\/\/www.latribunedufaso.net\/#website","url":"https:\/\/www.latribunedufaso.net\/","name":"La Tribune du Faso","description":"L&#039;information du monde rural en un clic","publisher":{"@id":"https:\/\/www.latribunedufaso.net\/#organization"},"potentialAction":[{"@type":"SearchAction","target":{"@type":"EntryPoint","urlTemplate":"https:\/\/www.latribunedufaso.net\/?s={search_term_string}"},"query-input":{"@type":"PropertyValueSpecification","valueRequired":true,"valueName":"search_term_string"}}],"inLanguage":"fr-FR"},{"@type":"Organization","@id":"https:\/\/www.latribunedufaso.net\/#organization","name":"La Tribune du Faso","url":"https:\/\/www.latribunedufaso.net\/","logo":{"@type":"ImageObject","inLanguage":"fr-FR","@id":"https:\/\/www.latribunedufaso.net\/#\/schema\/logo\/image\/","url":"https:\/\/www.latribunedufaso.net\/wp-content\/uploads\/2020\/08\/Logo-Tribune-du-Faso-final-scaled.jpg","contentUrl":"https:\/\/www.latribunedufaso.net\/wp-content\/uploads\/2020\/08\/Logo-Tribune-du-Faso-final-scaled.jpg","width":2560,"height":1856,"caption":"La Tribune du Faso"},"image":{"@id":"https:\/\/www.latribunedufaso.net\/#\/schema\/logo\/image\/"},"sameAs":["https:\/\/www.facebook.com\/LatribuneduFaso\/"]},{"@type":"Person","@id":"https:\/\/www.latribunedufaso.net\/#\/schema\/person\/a380782d0605bb8aae27c40ea93b35b1","name":"Administrateur","image":{"@type":"ImageObject","inLanguage":"fr-FR","@id":"https:\/\/secure.gravatar.com\/avatar\/e20266f97d741f0e80ba1f60283074a9b3317fd7bfb727e0d95b51dafbf854a1?s=96&d=mm&r=g","url":"https:\/\/secure.gravatar.com\/avatar\/e20266f97d741f0e80ba1f60283074a9b3317fd7bfb727e0d95b51dafbf854a1?s=96&d=mm&r=g","contentUrl":"https:\/\/secure.gravatar.com\/avatar\/e20266f97d741f0e80ba1f60283074a9b3317fd7bfb727e0d95b51dafbf854a1?s=96&d=mm&r=g","caption":"Administrateur"},"url":"https:\/\/www.latribunedufaso.net\/?author=2"}]}},"_links":{"self":[{"href":"https:\/\/www.latribunedufaso.net\/index.php?rest_route=\/wp\/v2\/posts\/13737","targetHints":{"allow":["GET"]}}],"collection":[{"href":"https:\/\/www.latribunedufaso.net\/index.php?rest_route=\/wp\/v2\/posts"}],"about":[{"href":"https:\/\/www.latribunedufaso.net\/index.php?rest_route=\/wp\/v2\/types\/post"}],"author":[{"embeddable":true,"href":"https:\/\/www.latribunedufaso.net\/index.php?rest_route=\/wp\/v2\/users\/2"}],"replies":[{"embeddable":true,"href":"https:\/\/www.latribunedufaso.net\/index.php?rest_route=%2Fwp%2Fv2%2Fcomments&post=13737"}],"version-history":[{"count":3,"href":"https:\/\/www.latribunedufaso.net\/index.php?rest_route=\/wp\/v2\/posts\/13737\/revisions"}],"predecessor-version":[{"id":14390,"href":"https:\/\/www.latribunedufaso.net\/index.php?rest_route=\/wp\/v2\/posts\/13737\/revisions\/14390"}],"wp:featuredmedia":[{"embeddable":true,"href":"https:\/\/www.latribunedufaso.net\/index.php?rest_route=\/wp\/v2\/media\/13738"}],"wp:attachment":[{"href":"https:\/\/www.latribunedufaso.net\/index.php?rest_route=%2Fwp%2Fv2%2Fmedia&parent=13737"}],"wp:term":[{"taxonomy":"category","embeddable":true,"href":"https:\/\/www.latribunedufaso.net\/index.php?rest_route=%2Fwp%2Fv2%2Fcategories&post=13737"},{"taxonomy":"post_tag","embeddable":true,"href":"https:\/\/www.latribunedufaso.net\/index.php?rest_route=%2Fwp%2Fv2%2Ftags&post=13737"}],"curies":[{"name":"wp","href":"https:\/\/api.w.org\/{rel}","templated":true}]}}