{"id":13703,"date":"2024-06-02T20:31:20","date_gmt":"2024-06-02T20:31:20","guid":{"rendered":"https:\/\/www.latribunedufaso.net\/?p=13703"},"modified":"2024-06-03T00:33:37","modified_gmt":"2024-06-03T00:33:37","slug":"pharma-expo-bf-2024-un-panel-sur-la-digitalisation-dans-le-secteur-de-la-pharmacie","status":"publish","type":"post","link":"https:\/\/www.latribunedufaso.net\/?p=13703","title":{"rendered":"Pharma expo BF 2024 : Un panel sur la digitalisation dans le secteur de la pharmacie\u00a0"},"content":{"rendered":"<p><strong><span style=\"font-size: 1.0625rem;\">La 2e \u00e9dition du salon international de la pharmacie et de la parapharmacie (Pharma expo BF) a eu lieu du 30 mai au 1er juin 2024 dans la capitale burkinab\u00e8. Dans l\u2019apr\u00e8s midi du vendredi 31 mai 2024, un panel s\u2019est tenu sous le th\u00e8me \u00ab Le digital dans le secteur pharmaceutique : opportunit\u00e9 ou menace pour le monopole pharmaceutique \u00bb.<\/span><\/strong><br \/><!--more--><\/p>\n<p>Pour faciliter les \u00e9changes, le th\u00e8me a \u00e9t\u00e9 subdivis\u00e9 en trois sous th\u00e9matiques que sont \u00ab La digitalisation et les r\u00e9glementations pharmaceutiques en vigueur : Facilit\u00e9s et entraves \u00bb, \u00ab Le digital face aux d\u00e9fis de la protection des donn\u00e9es personnelles et de sant\u00e9 \u00bb et \u00ab Le digital : menace ou opportunit\u00e9 pour l\u2019employabilit\u00e9 des pharmaciens \u00bb.<\/p>\n<p>Ces sous th\u00e8mes ont \u00e9t\u00e9 anim\u00e9s respectivement par le Directeur g\u00e9n\u00e9ral de l\u2019Agence nationale de r\u00e9gulation pharmaceutique (ANRP), Dr Issiaka Soulama, Ebou Haoua Yaro\/Bassol\u00e9, conseill\u00e8re juridique \u00e0 la Commission de l\u2019informatique et des libert\u00e9s (CIL), et le Secr\u00e9taire permanent du Forum Pharmaceutique International, Dr Alfred Sandouidi.<\/p>\n<figure id=\"attachment_13704\" aria-describedby=\"caption-attachment-13704\" style=\"width: 300px\" class=\"wp-caption alignleft\"><a href=\"https:\/\/www.latribunedufaso.net\/wp-content\/uploads\/2024\/06\/IMG-20240603-WA0004.jpg\"><img loading=\"lazy\" decoding=\"async\" class=\"size-medium wp-image-13704\" src=\"https:\/\/www.latribunedufaso.net\/wp-content\/uploads\/2024\/06\/IMG-20240603-WA0004-300x226.jpg\" alt=\"\" width=\"300\" height=\"226\" srcset=\"https:\/\/www.latribunedufaso.net\/wp-content\/uploads\/2024\/06\/IMG-20240603-WA0004-300x226.jpg 300w, https:\/\/www.latribunedufaso.net\/wp-content\/uploads\/2024\/06\/IMG-20240603-WA0004-768x578.jpg 768w, https:\/\/www.latribunedufaso.net\/wp-content\/uploads\/2024\/06\/IMG-20240603-WA0004.jpg 1020w\" sizes=\"auto, (max-width: 300px) 100vw, 300px\" \/><\/a><figcaption id=\"caption-attachment-13704\" class=\"wp-caption-text\">Photo de famille des panelistes et du mod\u00e9rateur<\/figcaption><\/figure>\n<p>Des diff\u00e9rentes communications, on retient qu\u2019il y a deux volets lorsqu\u2019on parle de digitalisation dans le secteur de la pharmacie. Le premier volet revient aux agences nationales de r\u00e9gulation pharmaceutique, \u00ab qui sont normalement sens\u00e9es digitaliser leur propre fonction r\u00e8glementaire \u00bb, a indiqu\u00e9 le Dr Issiaka Soulama. C\u2019est-\u00e0-dire , dit-il, que toutes les activit\u00e9s qu\u2019elles m\u00e8nent doivent \u00eatre d\u00e9mat\u00e9rialis\u00e9es, de mani\u00e8re \u00e0 faciliter l\u2019utilisation par les clients et les services externes de l\u2019agence.\u00a0\u00a0<\/p>\n<p>Dans ce sens, le r\u00e9gulateur pharmaceutique a fait savoir qu\u2019\u00e0 leur niveau, ils sont engag\u00e9s \u00e0 d\u00e9mat\u00e9rialiser le syst\u00e8me, surtout dans l\u2019autorisation de mise sur le march\u00e9, qui concerne les laboratoires, qui par exemple vont enregistrer les m\u00e9dicaments au Burkina Faso. \u00ab Au lieu d\u2019avoir toute une documentation en papier que vous d\u00e9poser et qu\u2019on valide, on va ouvrir ce syst\u00e8me \u00e9lectronique en ligne o\u00f9 les gens peuvent d\u00e9poser leurs dossiers et tout le traitement se fera en ligne \u00bb, a-t-il soutenu. A l\u2019entendre, cela permettra d\u2019aller plus vite dans la mise en place des m\u00e9dicaments disponibles pour les diff\u00e9rents patients.<\/p>\n<p>Le second volet, concerne l\u2019externe. C\u2019est-\u00e0-dire, comment les services, comme la pharmacie en ligne peuvent se mettre en place dans un pays pour permettre, non seulement de faciliter l\u2019acc\u00e8s aux m\u00e9dicaments, mais aussi de r\u00e9duire les co\u00fbts, parce que les patients ne courront pas de distances et surtout ils feront moins d\u2019efforts pour acc\u00e9der \u00e0 ces m\u00e9dicaments, les informations \u00e9tant d\u00e9j\u00e0 disponibles en ligne.\u00a0<\/p>\n<p>Plusieurs param\u00e8tres sont \u00e0 prendre en compte quand on veut aller \u00e0 une digitalisation des services pharmaceutiques, selon le Dr Issiaka Soulama. Il s\u2019agit notamment de la sauvegarde des donn\u00e9es ainsi que leur confidentialit\u00e9.\u00a0<\/p>\n<figure id=\"attachment_13705\" aria-describedby=\"caption-attachment-13705\" style=\"width: 300px\" class=\"wp-caption alignleft\"><a href=\"https:\/\/www.latribunedufaso.net\/wp-content\/uploads\/2024\/06\/IMG-20240603-WA0003.jpg\"><img loading=\"lazy\" decoding=\"async\" class=\"size-medium wp-image-13705\" src=\"https:\/\/www.latribunedufaso.net\/wp-content\/uploads\/2024\/06\/IMG-20240603-WA0003-300x225.jpg\" alt=\"\" width=\"300\" height=\"225\" srcset=\"https:\/\/www.latribunedufaso.net\/wp-content\/uploads\/2024\/06\/IMG-20240603-WA0003-300x225.jpg 300w, https:\/\/www.latribunedufaso.net\/wp-content\/uploads\/2024\/06\/IMG-20240603-WA0003-1024x768.jpg 1024w, https:\/\/www.latribunedufaso.net\/wp-content\/uploads\/2024\/06\/IMG-20240603-WA0003-768x576.jpg 768w, https:\/\/www.latribunedufaso.net\/wp-content\/uploads\/2024\/06\/IMG-20240603-WA0003.jpg 1080w\" sizes=\"auto, (max-width: 300px) 100vw, 300px\" \/><\/a><figcaption id=\"caption-attachment-13705\" class=\"wp-caption-text\">Le Directeur g\u00e9n\u00e9ral de l\u2019Agence nationale de r\u00e9gulation pharmaceutique (ANRP), Dr Issiaka Soulama<\/figcaption><\/figure>\n<p>\u00ab La premi\u00e8re des choses, c\u2019est quel format \u00e9lectronique vous voulez utiliser ? Est-ce que vous voulez vous baser sur les donn\u00e9es qu\u2019on appelle les Big data ? Est-ce que vous voulez baser votre infrastructure \u00e9lectronique sur <span style=\"font-size: 1.0625rem;\">l\u2019intelligence artificielle ? Est-ce que vous \u00eates s\u00fbr du type de donn\u00e9es que vous voulez conserver ? Est-ce que vous \u00eates s\u00fbr qu\u2019en r\u00e9alit\u00e9, vous assurez la confidentialit\u00e9 de ces donn\u00e9es ? Ensuite, est-ce que vous \u00eates s\u00fbr du levier de distribution que vous voulez utiliser? Il faut prendre en compte tous ces param\u00e8tres \u00bb, a-t-il expliqu\u00e9.<\/span><\/p>\n<p>Et c&rsquo;est pour cela d&rsquo;ailleurs, ajoute-t-il, que j\u2019ai dit qu\u2019il y a des pi\u00e8ges \u00e0 \u00e9viter. Il ne faut pas simplement lancer une plateforme de digitalisation sans ma\u00eetriser ses contours et sans \u00e9carter l\u2019environnement externe dans lequel cette plateforme doit \u00eatre int\u00e9gr\u00e9e.<\/p>\n<figure id=\"attachment_13706\" aria-describedby=\"caption-attachment-13706\" style=\"width: 300px\" class=\"wp-caption alignleft\"><a href=\"https:\/\/www.latribunedufaso.net\/wp-content\/uploads\/2024\/06\/IMG-20240603-WA0002.jpg\"><img loading=\"lazy\" decoding=\"async\" class=\"wp-image-13706 size-medium\" src=\"https:\/\/www.latribunedufaso.net\/wp-content\/uploads\/2024\/06\/IMG-20240603-WA0002-300x226.jpg\" width=\"300\" height=\"226\" srcset=\"https:\/\/www.latribunedufaso.net\/wp-content\/uploads\/2024\/06\/IMG-20240603-WA0002-300x226.jpg 300w, https:\/\/www.latribunedufaso.net\/wp-content\/uploads\/2024\/06\/IMG-20240603-WA0002-768x578.jpg 768w, https:\/\/www.latribunedufaso.net\/wp-content\/uploads\/2024\/06\/IMG-20240603-WA0002.jpg 1020w\" sizes=\"auto, (max-width: 300px) 100vw, 300px\" \/><\/a><figcaption id=\"caption-attachment-13706\" class=\"wp-caption-text\">Les acteurs du secteur ont particip\u00e9 aux \u00e9changes<\/figcaption><\/figure>\n<p>Dr Soulama a surtout insist\u00e9 sur l\u2019objectif recherch\u00e9 \u00e0 travers la digitalisation des services. \u00ab Il faut d\u00e9fendre des valeurs parce qu\u2019en r\u00e9alit\u00e9 en le faisant, ne regarder pas imm\u00e9diatement le co\u00fbt et le gain, mais regardez tout le c\u00f4t\u00e9 \u00e9thique, d\u00e9ontologique, la confidentialit\u00e9 des donn\u00e9es et m\u00eame l&rsquo;int\u00e9grit\u00e9 que vous-m\u00eame, vous mettez dedans pour vous rassurer que vous faites un travail professionnel au profit de la sant\u00e9 publique \u00bb, a-t-il martel\u00e9.<\/p>\n<p>Et parlant de la confidentialit\u00e9 des donn\u00e9es, \u00ab Au Burkina Faso, le traitement des donn\u00e9es \u00e0 caract\u00e8re personnel ou de sant\u00e9 est soumis au respect de principes, r\u00e9gis par la loi du 30 mars 2021, portant protection des personnes \u00e0 l\u2019\u00e9gard du traitement des donn\u00e9es \u00e0 caract\u00e8re personnel \u00bb, a laiss\u00e9 entendre Ebou Haoua Yaro\/Bassol\u00e9, conseill\u00e8re juridique \u00e0 la CIL. Toute contravention \u00e0 ces principes connait des sanctions pouvant aller des paiements d\u2019amandes jusqu\u2019\u00e0 des peines d\u2019emprisonnement. Parmi ces principes on note le principe de Lic\u00e9it\u00e9 et de Loyaut\u00e9, le principe de Consentement et de L\u00e9gitimit\u00e9. C\u2019est dire par exemple qu\u2019on ne peut pas utiliser les donn\u00e9es m\u00e9dicales (ordonnances, r\u00e9sultats d\u2019examen, carnet de sant\u00e9\u2026) d\u2019une personnes peut importe la finalit\u00e9, sans au pr\u00e9alable avoir eu son consentement ou, dans certains cas, une autorisation de la CIL.\u00a0<\/p>\n<p><strong>Quel est l\u2019impact du digital sur l\u2019employabilit\u00e9 des pharmaciens ?<\/strong><\/p>\n<p>Pour Dr Sandouidi qui s\u2019est attard\u00e9 sur cette th\u00e9matique, \u00ab Le digital : menace ou opportunit\u00e9 pour l\u2019employabilit\u00e9 des pharmaciens \u00bb, le num\u00e9rique et le digital sont des choses essentielles aujourd\u2019hui pour le pharmacien . \u00ab On ne peut plus concevoir une officine sans logiciel de gestion \u00bb, peut-on l\u2019entendre. Cependant, \u00e0 l\u2019officine, on ne peut plus travailler seul au regarde des charges, la gestion de stocks et au regard des nouvelles missions qu\u2019ont le pharmacien. Et donc, je suis s\u00fbr, rassure t-il, qu\u2019au niveau de l\u2019employabilit\u00e9 on aura besoin de nouveaux pharmaciens pour faire le job .<\/p>\n<p>Pour information, il y a d\u00e9j\u00e0 des exemples de plateforme digitale au Burkina Faso qui offrent des services pharmaceutiques. C\u2019est le cas par exemple de \u00ab Alliance Pharma \u00bb. Initi\u00e9e par le pharmacien certifi\u00e9 en sant\u00e9 digitale et en dispositifs m\u00e9dicaux, Dr Kaleb Kapioko, Alliance Pharma est une application qui aide les populations \u00e0 trouver la pharmacie la plus proche, que ce soit en temps de garde ou pas, \u00e0 trouver leurs m\u00e9dicaments dans la pharmacie la plus proche 24h\/24 et aussi \u00e0 avoir les informations sur leur assurance sant\u00e9. Lanc\u00e9 en 2021, puis en 2023 pour ce qui concerne la version publique, Alliance Pharma est pr\u00e9sentement fonctionnelle \u00e0 Ouagadougou, Bobo Dioulasso et Koudougou . L\u2019application est disponible sur Play store ( Android) et Appstor ( iPhone ). Pour l\u2019utiliser, il faut juste rentrer le nom du m\u00e9dicament et lancer la recherche. Les pharmacies \u00e0 proximit\u00e9 o\u00f9 le produit est disponible apparaissent ensuite sur l\u2019\u00e9cran.<\/p>\n<figure id=\"attachment_13708\" aria-describedby=\"caption-attachment-13708\" style=\"width: 300px\" class=\"wp-caption alignleft\"><a href=\"https:\/\/www.latribunedufaso.net\/wp-content\/uploads\/2024\/06\/IMG-20240603-WA0000.jpg\"><img loading=\"lazy\" decoding=\"async\" class=\"size-medium wp-image-13708\" src=\"https:\/\/www.latribunedufaso.net\/wp-content\/uploads\/2024\/06\/IMG-20240603-WA0000-300x226.jpg\" alt=\"\" width=\"300\" height=\"226\" srcset=\"https:\/\/www.latribunedufaso.net\/wp-content\/uploads\/2024\/06\/IMG-20240603-WA0000-300x226.jpg 300w, https:\/\/www.latribunedufaso.net\/wp-content\/uploads\/2024\/06\/IMG-20240603-WA0000-768x578.jpg 768w, https:\/\/www.latribunedufaso.net\/wp-content\/uploads\/2024\/06\/IMG-20240603-WA0000.jpg 1020w\" sizes=\"auto, (max-width: 300px) 100vw, 300px\" \/><\/a><figcaption id=\"caption-attachment-13708\" class=\"wp-caption-text\">Dr Khaleb Kapioko, pharmacien certifi\u00e9 en sant\u00e9 digitale et en dispositif m\u00e9dicaux. Il est le promoteur de l&rsquo;application \u00ab Alliance Pharma \u00bb<\/figcaption><\/figure>\n<p>\u00ab Les populations ont des besoins, et nous pharmaciens sociales, nous avons pris un engagement social, qui est d\u2019aider les populations \u00e0 se soigner. Le digital vient comme un outil, qui va permettre au pharmacien d\u2019atteindre ce but. Faciliter les soins aux populations, r\u00e9duire le stress en p\u00e9riode de maladie pour gu\u00e9rir rapidement \u00bb, a signifi\u00e9 Dr Kaleb Kapioko sur les avantages du digital pour le pharmacien ainsi que les populations, certainement une des raisons qui a pr\u00e9valu \u00e0 la mise en place de Alliance Pharma.<\/p>\n<p><strong>Rosana Astride Kiendrebeogo\u00a0<\/strong><\/p>\n<p><strong>Latribunedufaso.net<\/strong><\/p>\n","protected":false},"excerpt":{"rendered":"<p>La 2e \u00e9dition du salon international de la pharmacie et de la parapharmacie (Pharma expo BF) a eu lieu du 30 mai au 1er juin 2024 dans la capitale burkinab\u00e8. Dans l\u2019apr\u00e8s midi du vendredi 31 mai 2024, un panel s\u2019est tenu sous le th\u00e8me \u00ab Le digital dans le secteur pharmaceutique : opportunit\u00e9 ou menace pour le monopole pharmaceutique \u00bb.<\/p>\n","protected":false},"author":5,"featured_media":13707,"comment_status":"open","ping_status":"open","sticky":false,"template":"","format":"standard","meta":{"footnotes":""},"categories":[13,1,7],"tags":[],"class_list":["post-13703","post","type-post","status-publish","format-standard","has-post-thumbnail","hentry","category-une","category-actu","category-sante"],"yoast_head":"<!-- This site is optimized with the Yoast SEO plugin v27.4 - https:\/\/yoast.com\/product\/yoast-seo-wordpress\/ -->\n<title>Pharma expo BF 2024 : Un panel sur la digitalisation dans le secteur de la pharmacie\u00a0 - La Tribune du Faso<\/title>\n<meta name=\"robots\" content=\"index, follow, max-snippet:-1, max-image-preview:large, max-video-preview:-1\" \/>\n<link rel=\"canonical\" href=\"https:\/\/www.latribunedufaso.net\/?p=13703\" \/>\n<meta property=\"og:locale\" content=\"fr_FR\" \/>\n<meta property=\"og:type\" content=\"article\" \/>\n<meta property=\"og:title\" content=\"Pharma expo BF 2024 : Un panel sur la digitalisation dans le secteur de la pharmacie\u00a0 - La Tribune du Faso\" \/>\n<meta property=\"og:description\" content=\"La 2e \u00e9dition du salon international de la pharmacie et de la parapharmacie (Pharma expo BF) a eu lieu du 30 mai au 1er juin 2024 dans la capitale burkinab\u00e8. Dans l\u2019apr\u00e8s midi du vendredi 31 mai 2024, un panel s\u2019est tenu sous le th\u00e8me \u00ab Le digital dans le secteur pharmaceutique : opportunit\u00e9 ou menace pour le monopole pharmaceutique \u00bb.\" \/>\n<meta property=\"og:url\" content=\"https:\/\/www.latribunedufaso.net\/?p=13703\" \/>\n<meta property=\"og:site_name\" content=\"La Tribune du Faso\" \/>\n<meta property=\"article:publisher\" content=\"https:\/\/www.facebook.com\/LatribuneduFaso\/\" \/>\n<meta property=\"article:published_time\" content=\"2024-06-02T20:31:20+00:00\" \/>\n<meta property=\"article:modified_time\" content=\"2024-06-03T00:33:37+00:00\" \/>\n<meta property=\"og:image\" content=\"https:\/\/www.latribunedufaso.net\/wp-content\/uploads\/2024\/06\/IMG-20240603-WA0001.jpg\" \/>\n\t<meta property=\"og:image:width\" content=\"1020\" \/>\n\t<meta property=\"og:image:height\" content=\"768\" \/>\n\t<meta property=\"og:image:type\" content=\"image\/jpeg\" \/>\n<meta name=\"author\" content=\"Issouf Tapsoba\" \/>\n<meta name=\"twitter:label1\" content=\"\u00c9crit par\" \/>\n\t<meta name=\"twitter:data1\" content=\"Issouf Tapsoba\" \/>\n\t<meta name=\"twitter:label2\" content=\"Dur\u00e9e de lecture estim\u00e9e\" \/>\n\t<meta name=\"twitter:data2\" content=\"6 minutes\" \/>\n<script type=\"application\/ld+json\" class=\"yoast-schema-graph\">{\"@context\":\"https:\\\/\\\/schema.org\",\"@graph\":[{\"@type\":\"Article\",\"@id\":\"https:\\\/\\\/www.latribunedufaso.net\\\/?p=13703#article\",\"isPartOf\":{\"@id\":\"https:\\\/\\\/www.latribunedufaso.net\\\/?p=13703\"},\"author\":{\"name\":\"Issouf Tapsoba\",\"@id\":\"https:\\\/\\\/www.latribunedufaso.net\\\/#\\\/schema\\\/person\\\/e54e64c5778a7e72cf80a318b7a622b0\"},\"headline\":\"Pharma expo BF 2024 : Un panel sur la digitalisation dans le secteur de la pharmacie\u00a0\",\"datePublished\":\"2024-06-02T20:31:20+00:00\",\"dateModified\":\"2024-06-03T00:33:37+00:00\",\"mainEntityOfPage\":{\"@id\":\"https:\\\/\\\/www.latribunedufaso.net\\\/?p=13703\"},\"wordCount\":1316,\"commentCount\":0,\"publisher\":{\"@id\":\"https:\\\/\\\/www.latribunedufaso.net\\\/#organization\"},\"image\":{\"@id\":\"https:\\\/\\\/www.latribunedufaso.net\\\/?p=13703#primaryimage\"},\"thumbnailUrl\":\"https:\\\/\\\/www.latribunedufaso.net\\\/wp-content\\\/uploads\\\/2024\\\/06\\\/IMG-20240603-WA0001.jpg\",\"articleSection\":[\"A la une\",\"Actualit\u00e9\",\"Sant\u00e9\"],\"inLanguage\":\"fr-FR\",\"potentialAction\":[{\"@type\":\"CommentAction\",\"name\":\"Comment\",\"target\":[\"https:\\\/\\\/www.latribunedufaso.net\\\/?p=13703#respond\"]}]},{\"@type\":\"WebPage\",\"@id\":\"https:\\\/\\\/www.latribunedufaso.net\\\/?p=13703\",\"url\":\"https:\\\/\\\/www.latribunedufaso.net\\\/?p=13703\",\"name\":\"Pharma expo BF 2024 : Un panel sur la digitalisation dans le secteur de la pharmacie\u00a0 - La Tribune du Faso\",\"isPartOf\":{\"@id\":\"https:\\\/\\\/www.latribunedufaso.net\\\/#website\"},\"primaryImageOfPage\":{\"@id\":\"https:\\\/\\\/www.latribunedufaso.net\\\/?p=13703#primaryimage\"},\"image\":{\"@id\":\"https:\\\/\\\/www.latribunedufaso.net\\\/?p=13703#primaryimage\"},\"thumbnailUrl\":\"https:\\\/\\\/www.latribunedufaso.net\\\/wp-content\\\/uploads\\\/2024\\\/06\\\/IMG-20240603-WA0001.jpg\",\"datePublished\":\"2024-06-02T20:31:20+00:00\",\"dateModified\":\"2024-06-03T00:33:37+00:00\",\"breadcrumb\":{\"@id\":\"https:\\\/\\\/www.latribunedufaso.net\\\/?p=13703#breadcrumb\"},\"inLanguage\":\"fr-FR\",\"potentialAction\":[{\"@type\":\"ReadAction\",\"target\":[\"https:\\\/\\\/www.latribunedufaso.net\\\/?p=13703\"]}]},{\"@type\":\"ImageObject\",\"inLanguage\":\"fr-FR\",\"@id\":\"https:\\\/\\\/www.latribunedufaso.net\\\/?p=13703#primaryimage\",\"url\":\"https:\\\/\\\/www.latribunedufaso.net\\\/wp-content\\\/uploads\\\/2024\\\/06\\\/IMG-20240603-WA0001.jpg\",\"contentUrl\":\"https:\\\/\\\/www.latribunedufaso.net\\\/wp-content\\\/uploads\\\/2024\\\/06\\\/IMG-20240603-WA0001.jpg\",\"width\":1020,\"height\":768},{\"@type\":\"BreadcrumbList\",\"@id\":\"https:\\\/\\\/www.latribunedufaso.net\\\/?p=13703#breadcrumb\",\"itemListElement\":[{\"@type\":\"ListItem\",\"position\":1,\"name\":\"Accueil\",\"item\":\"https:\\\/\\\/www.latribunedufaso.net\\\/\"},{\"@type\":\"ListItem\",\"position\":2,\"name\":\"Pharma expo BF 2024 : Un panel sur la digitalisation dans le secteur de la pharmacie\u00a0\"}]},{\"@type\":\"WebSite\",\"@id\":\"https:\\\/\\\/www.latribunedufaso.net\\\/#website\",\"url\":\"https:\\\/\\\/www.latribunedufaso.net\\\/\",\"name\":\"La Tribune du Faso\",\"description\":\"L&#039;information du monde rural en un clic\",\"publisher\":{\"@id\":\"https:\\\/\\\/www.latribunedufaso.net\\\/#organization\"},\"potentialAction\":[{\"@type\":\"SearchAction\",\"target\":{\"@type\":\"EntryPoint\",\"urlTemplate\":\"https:\\\/\\\/www.latribunedufaso.net\\\/?s={search_term_string}\"},\"query-input\":{\"@type\":\"PropertyValueSpecification\",\"valueRequired\":true,\"valueName\":\"search_term_string\"}}],\"inLanguage\":\"fr-FR\"},{\"@type\":\"Organization\",\"@id\":\"https:\\\/\\\/www.latribunedufaso.net\\\/#organization\",\"name\":\"La Tribune du Faso\",\"url\":\"https:\\\/\\\/www.latribunedufaso.net\\\/\",\"logo\":{\"@type\":\"ImageObject\",\"inLanguage\":\"fr-FR\",\"@id\":\"https:\\\/\\\/www.latribunedufaso.net\\\/#\\\/schema\\\/logo\\\/image\\\/\",\"url\":\"https:\\\/\\\/www.latribunedufaso.net\\\/wp-content\\\/uploads\\\/2020\\\/08\\\/Logo-Tribune-du-Faso-final-scaled.jpg\",\"contentUrl\":\"https:\\\/\\\/www.latribunedufaso.net\\\/wp-content\\\/uploads\\\/2020\\\/08\\\/Logo-Tribune-du-Faso-final-scaled.jpg\",\"width\":2560,\"height\":1856,\"caption\":\"La Tribune du Faso\"},\"image\":{\"@id\":\"https:\\\/\\\/www.latribunedufaso.net\\\/#\\\/schema\\\/logo\\\/image\\\/\"},\"sameAs\":[\"https:\\\/\\\/www.facebook.com\\\/LatribuneduFaso\\\/\"]},{\"@type\":\"Person\",\"@id\":\"https:\\\/\\\/www.latribunedufaso.net\\\/#\\\/schema\\\/person\\\/e54e64c5778a7e72cf80a318b7a622b0\",\"name\":\"Issouf Tapsoba\",\"image\":{\"@type\":\"ImageObject\",\"inLanguage\":\"fr-FR\",\"@id\":\"https:\\\/\\\/secure.gravatar.com\\\/avatar\\\/5e6c05150ce3230247d167f5b94d678eb05936197436d69b7921e3a95c9107ac?s=96&d=mm&r=g\",\"url\":\"https:\\\/\\\/secure.gravatar.com\\\/avatar\\\/5e6c05150ce3230247d167f5b94d678eb05936197436d69b7921e3a95c9107ac?s=96&d=mm&r=g\",\"contentUrl\":\"https:\\\/\\\/secure.gravatar.com\\\/avatar\\\/5e6c05150ce3230247d167f5b94d678eb05936197436d69b7921e3a95c9107ac?s=96&d=mm&r=g\",\"caption\":\"Issouf Tapsoba\"},\"url\":\"https:\\\/\\\/www.latribunedufaso.net\\\/?author=5\"}]}<\/script>\n<!-- \/ Yoast SEO plugin. -->","yoast_head_json":{"title":"Pharma expo BF 2024 : Un panel sur la digitalisation dans le secteur de la pharmacie\u00a0 - La Tribune du Faso","robots":{"index":"index","follow":"follow","max-snippet":"max-snippet:-1","max-image-preview":"max-image-preview:large","max-video-preview":"max-video-preview:-1"},"canonical":"https:\/\/www.latribunedufaso.net\/?p=13703","og_locale":"fr_FR","og_type":"article","og_title":"Pharma expo BF 2024 : Un panel sur la digitalisation dans le secteur de la pharmacie\u00a0 - La Tribune du Faso","og_description":"La 2e \u00e9dition du salon international de la pharmacie et de la parapharmacie (Pharma expo BF) a eu lieu du 30 mai au 1er juin 2024 dans la capitale burkinab\u00e8. Dans l\u2019apr\u00e8s midi du vendredi 31 mai 2024, un panel s\u2019est tenu sous le th\u00e8me \u00ab Le digital dans le secteur pharmaceutique : opportunit\u00e9 ou menace pour le monopole pharmaceutique \u00bb.","og_url":"https:\/\/www.latribunedufaso.net\/?p=13703","og_site_name":"La Tribune du Faso","article_publisher":"https:\/\/www.facebook.com\/LatribuneduFaso\/","article_published_time":"2024-06-02T20:31:20+00:00","article_modified_time":"2024-06-03T00:33:37+00:00","og_image":[{"width":1020,"height":768,"url":"https:\/\/www.latribunedufaso.net\/wp-content\/uploads\/2024\/06\/IMG-20240603-WA0001.jpg","type":"image\/jpeg"}],"author":"Issouf Tapsoba","twitter_misc":{"\u00c9crit par":"Issouf Tapsoba","Dur\u00e9e de lecture estim\u00e9e":"6 minutes"},"schema":{"@context":"https:\/\/schema.org","@graph":[{"@type":"Article","@id":"https:\/\/www.latribunedufaso.net\/?p=13703#article","isPartOf":{"@id":"https:\/\/www.latribunedufaso.net\/?p=13703"},"author":{"name":"Issouf Tapsoba","@id":"https:\/\/www.latribunedufaso.net\/#\/schema\/person\/e54e64c5778a7e72cf80a318b7a622b0"},"headline":"Pharma expo BF 2024 : Un panel sur la digitalisation dans le secteur de la pharmacie\u00a0","datePublished":"2024-06-02T20:31:20+00:00","dateModified":"2024-06-03T00:33:37+00:00","mainEntityOfPage":{"@id":"https:\/\/www.latribunedufaso.net\/?p=13703"},"wordCount":1316,"commentCount":0,"publisher":{"@id":"https:\/\/www.latribunedufaso.net\/#organization"},"image":{"@id":"https:\/\/www.latribunedufaso.net\/?p=13703#primaryimage"},"thumbnailUrl":"https:\/\/www.latribunedufaso.net\/wp-content\/uploads\/2024\/06\/IMG-20240603-WA0001.jpg","articleSection":["A la une","Actualit\u00e9","Sant\u00e9"],"inLanguage":"fr-FR","potentialAction":[{"@type":"CommentAction","name":"Comment","target":["https:\/\/www.latribunedufaso.net\/?p=13703#respond"]}]},{"@type":"WebPage","@id":"https:\/\/www.latribunedufaso.net\/?p=13703","url":"https:\/\/www.latribunedufaso.net\/?p=13703","name":"Pharma expo BF 2024 : Un panel sur la digitalisation dans le secteur de la pharmacie\u00a0 - La Tribune du Faso","isPartOf":{"@id":"https:\/\/www.latribunedufaso.net\/#website"},"primaryImageOfPage":{"@id":"https:\/\/www.latribunedufaso.net\/?p=13703#primaryimage"},"image":{"@id":"https:\/\/www.latribunedufaso.net\/?p=13703#primaryimage"},"thumbnailUrl":"https:\/\/www.latribunedufaso.net\/wp-content\/uploads\/2024\/06\/IMG-20240603-WA0001.jpg","datePublished":"2024-06-02T20:31:20+00:00","dateModified":"2024-06-03T00:33:37+00:00","breadcrumb":{"@id":"https:\/\/www.latribunedufaso.net\/?p=13703#breadcrumb"},"inLanguage":"fr-FR","potentialAction":[{"@type":"ReadAction","target":["https:\/\/www.latribunedufaso.net\/?p=13703"]}]},{"@type":"ImageObject","inLanguage":"fr-FR","@id":"https:\/\/www.latribunedufaso.net\/?p=13703#primaryimage","url":"https:\/\/www.latribunedufaso.net\/wp-content\/uploads\/2024\/06\/IMG-20240603-WA0001.jpg","contentUrl":"https:\/\/www.latribunedufaso.net\/wp-content\/uploads\/2024\/06\/IMG-20240603-WA0001.jpg","width":1020,"height":768},{"@type":"BreadcrumbList","@id":"https:\/\/www.latribunedufaso.net\/?p=13703#breadcrumb","itemListElement":[{"@type":"ListItem","position":1,"name":"Accueil","item":"https:\/\/www.latribunedufaso.net\/"},{"@type":"ListItem","position":2,"name":"Pharma expo BF 2024 : Un panel sur la digitalisation dans le secteur de la pharmacie\u00a0"}]},{"@type":"WebSite","@id":"https:\/\/www.latribunedufaso.net\/#website","url":"https:\/\/www.latribunedufaso.net\/","name":"La Tribune du Faso","description":"L&#039;information du monde rural en un clic","publisher":{"@id":"https:\/\/www.latribunedufaso.net\/#organization"},"potentialAction":[{"@type":"SearchAction","target":{"@type":"EntryPoint","urlTemplate":"https:\/\/www.latribunedufaso.net\/?s={search_term_string}"},"query-input":{"@type":"PropertyValueSpecification","valueRequired":true,"valueName":"search_term_string"}}],"inLanguage":"fr-FR"},{"@type":"Organization","@id":"https:\/\/www.latribunedufaso.net\/#organization","name":"La Tribune du Faso","url":"https:\/\/www.latribunedufaso.net\/","logo":{"@type":"ImageObject","inLanguage":"fr-FR","@id":"https:\/\/www.latribunedufaso.net\/#\/schema\/logo\/image\/","url":"https:\/\/www.latribunedufaso.net\/wp-content\/uploads\/2020\/08\/Logo-Tribune-du-Faso-final-scaled.jpg","contentUrl":"https:\/\/www.latribunedufaso.net\/wp-content\/uploads\/2020\/08\/Logo-Tribune-du-Faso-final-scaled.jpg","width":2560,"height":1856,"caption":"La Tribune du Faso"},"image":{"@id":"https:\/\/www.latribunedufaso.net\/#\/schema\/logo\/image\/"},"sameAs":["https:\/\/www.facebook.com\/LatribuneduFaso\/"]},{"@type":"Person","@id":"https:\/\/www.latribunedufaso.net\/#\/schema\/person\/e54e64c5778a7e72cf80a318b7a622b0","name":"Issouf Tapsoba","image":{"@type":"ImageObject","inLanguage":"fr-FR","@id":"https:\/\/secure.gravatar.com\/avatar\/5e6c05150ce3230247d167f5b94d678eb05936197436d69b7921e3a95c9107ac?s=96&d=mm&r=g","url":"https:\/\/secure.gravatar.com\/avatar\/5e6c05150ce3230247d167f5b94d678eb05936197436d69b7921e3a95c9107ac?s=96&d=mm&r=g","contentUrl":"https:\/\/secure.gravatar.com\/avatar\/5e6c05150ce3230247d167f5b94d678eb05936197436d69b7921e3a95c9107ac?s=96&d=mm&r=g","caption":"Issouf Tapsoba"},"url":"https:\/\/www.latribunedufaso.net\/?author=5"}]}},"_links":{"self":[{"href":"https:\/\/www.latribunedufaso.net\/index.php?rest_route=\/wp\/v2\/posts\/13703","targetHints":{"allow":["GET"]}}],"collection":[{"href":"https:\/\/www.latribunedufaso.net\/index.php?rest_route=\/wp\/v2\/posts"}],"about":[{"href":"https:\/\/www.latribunedufaso.net\/index.php?rest_route=\/wp\/v2\/types\/post"}],"author":[{"embeddable":true,"href":"https:\/\/www.latribunedufaso.net\/index.php?rest_route=\/wp\/v2\/users\/5"}],"replies":[{"embeddable":true,"href":"https:\/\/www.latribunedufaso.net\/index.php?rest_route=%2Fwp%2Fv2%2Fcomments&post=13703"}],"version-history":[{"count":1,"href":"https:\/\/www.latribunedufaso.net\/index.php?rest_route=\/wp\/v2\/posts\/13703\/revisions"}],"predecessor-version":[{"id":13709,"href":"https:\/\/www.latribunedufaso.net\/index.php?rest_route=\/wp\/v2\/posts\/13703\/revisions\/13709"}],"wp:featuredmedia":[{"embeddable":true,"href":"https:\/\/www.latribunedufaso.net\/index.php?rest_route=\/wp\/v2\/media\/13707"}],"wp:attachment":[{"href":"https:\/\/www.latribunedufaso.net\/index.php?rest_route=%2Fwp%2Fv2%2Fmedia&parent=13703"}],"wp:term":[{"taxonomy":"category","embeddable":true,"href":"https:\/\/www.latribunedufaso.net\/index.php?rest_route=%2Fwp%2Fv2%2Fcategories&post=13703"},{"taxonomy":"post_tag","embeddable":true,"href":"https:\/\/www.latribunedufaso.net\/index.php?rest_route=%2Fwp%2Fv2%2Ftags&post=13703"}],"curies":[{"name":"wp","href":"https:\/\/api.w.org\/{rel}","templated":true}]}}