{"id":13627,"date":"2024-05-31T00:52:37","date_gmt":"2024-05-31T00:52:37","guid":{"rendered":"https:\/\/www.latribunedufaso.net\/?p=13627"},"modified":"2024-05-31T00:52:37","modified_gmt":"2024-05-31T00:52:37","slug":"affaire-me-guy-herve-kam-lordre-des-avocats-exige-le-respect-des-regles-relatives-aux-arrestations-poursuites-auditions-et-interrogatoires","status":"publish","type":"post","link":"https:\/\/www.latribunedufaso.net\/?p=13627","title":{"rendered":"Affaire Me Guy Herv\u00e9 Kam : L\u2019ordre des avocats \u00ab exige le respect des r\u00e8gles relatives aux arrestations, poursuites, auditions et interrogatoires\u2026\u00bb"},"content":{"rendered":"<p><strong><span style=\"font-size: 1.0625rem;\">Dans une d\u00e9claration en date de ce jeudi 30 mai 2024, l\u2019Ordre des avocats du Burkina Faso d\u00e9plore \u00ab les atteintes \u00e0 la libert\u00e9 fondamentale \u00bb de Me Guy Herv\u00e9 Kam qui est, selon lui, \u00ab s\u00e9questr\u00e9 \u00bb depuis le 24 janvier 2024. L\u2019Ordre consid\u00e8re cette situation comme le refus de la par de l\u2019Etat du respect de la d\u00e9cision du juge administratif ordonnant la lib\u00e9ration du sieur Kam a l\u2019issu des proc\u00e9dures de r\u00e9f\u00e9r\u00e9-libert\u00e9 qui a \u00e9t\u00e9 engag\u00e9es par ses avocats.<\/span><\/strong><br \/><!--more--><\/p>\n<p>\u00ab Dans la nuit du 29 au 30 mai 2024, marquant le 128eme jour de sa s\u00e9questration, des t\u00e9moins et membres de la famille de Guy Herv\u00e9 KAM ont aper\u00e7u des hommes embarqu\u00e9s et \u00e0 v\u00e9hicule, se stationner dans un espace en face de son domicile. Ils ont reconnu Guy Herv\u00e9 KAM \u00e0 sa sortie du v\u00e9hicule.<\/p>\n<p>Un autre v\u00e9hicule qui est arriv\u00e9 imm\u00e9diatement et s\u2019est stationn\u00e9 non loin de l\u00e0, s\u2019est avanc\u00e9. Contre toute attente, des hommes qui en sont sortis l\u2019ont embarqu\u00e9 dans cet autre v\u00e9hicule et sont partis en trombe avec lui, sous le regard m\u00e9dus\u00e9 de son \u00e9pouse et de son enfant \u00bb, peut-on lire dans la d\u00e9claration.<\/p>\n<p>Toujours selon la d\u00e9claration de l\u2019Ordre, \u00ab des personnes qui ont suivi le v\u00e9hicule ont pu constater qu\u2019il a \u00e9t\u00e9 emmen\u00e9 \u00e0 la Section de recherches de la Gendarmerie Nationale \u00bb.<\/p>\n<p>Dans la suite de la d\u00e9claration, il ressort que Me Guy Herv\u00e9 Kam a comparu devant le juge d\u2019instruction du cabinet num\u00e9ro 2 du Tribunal militaire, puis conduit vers la Maison d\u2019arr\u00eat et de correction des Arm\u00e9es (MACA) o\u00f9 il est incarc\u00e9r\u00e9 depuis ce jeudi 30 mai 2024.<\/p>\n<p>Notant que cela n\u2019est rien d\u2019autre que la persistance du refus d\u2019ex\u00e9cuter une d\u00e9cision de justice, le bareau :<\/p>\n<p><strong>&#8211; D\u00e9plore les atteintes aux libert\u00e9s fondamentales dont sont victimes des citoyens en m\u00e9connaissance des r\u00e8gles ; <\/strong><\/p>\n<p><strong>&#8211; Condamne avec fermet\u00e9 le refus d\u2019ex\u00e9cuter des d\u00e9cisions de justice ; <\/strong><\/p>\n<p><strong>&#8211; Exige le respect des r\u00e8gles relatives aux arrestations, poursuites, auditions et interrogatoires de tout citoyen de ce pays ; <\/strong><\/p>\n<p><strong>&#8211; Convie l\u2019ensemble des avocats \u00e0 une Assembl\u00e9e G\u00e9n\u00e9rale Extraordinaire le Lundi 03 Juin 2024 \u00e0 09h00 minutes \u00e0 la Maison de l\u2019Avocat. <\/strong><\/p>\n<p><strong>Latribunedufaso.net <\/strong><\/p>\n<p><strong>Source : L\u2019Ordre des avocats du Burkina Faso<\/strong><\/p>\n<p><a href=\"https:\/\/www.latribunedufaso.net\/wp-content\/uploads\/2024\/05\/Screenshot_20240531-004822.png\"><img loading=\"lazy\" decoding=\"async\" class=\"size-medium wp-image-13628 alignleft\" src=\"https:\/\/www.latribunedufaso.net\/wp-content\/uploads\/2024\/05\/Screenshot_20240531-004822-132x300.png\" alt=\"\" width=\"132\" height=\"300\" srcset=\"https:\/\/www.latribunedufaso.net\/wp-content\/uploads\/2024\/05\/Screenshot_20240531-004822-132x300.png 132w, https:\/\/www.latribunedufaso.net\/wp-content\/uploads\/2024\/05\/Screenshot_20240531-004822-450x1024.png 450w, https:\/\/www.latribunedufaso.net\/wp-content\/uploads\/2024\/05\/Screenshot_20240531-004822-674x1536.png 674w, https:\/\/www.latribunedufaso.net\/wp-content\/uploads\/2024\/05\/Screenshot_20240531-004822.png 720w\" sizes=\"auto, (max-width: 132px) 100vw, 132px\" \/><\/a> <a href=\"https:\/\/www.latribunedufaso.net\/wp-content\/uploads\/2024\/05\/Screenshot_20240531-004835.png\"><img loading=\"lazy\" decoding=\"async\" class=\"size-medium wp-image-13629 alignleft\" src=\"https:\/\/www.latribunedufaso.net\/wp-content\/uploads\/2024\/05\/Screenshot_20240531-004835-132x300.png\" alt=\"\" width=\"132\" height=\"300\" srcset=\"https:\/\/www.latribunedufaso.net\/wp-content\/uploads\/2024\/05\/Screenshot_20240531-004835-132x300.png 132w, https:\/\/www.latribunedufaso.net\/wp-content\/uploads\/2024\/05\/Screenshot_20240531-004835-450x1024.png 450w, https:\/\/www.latribunedufaso.net\/wp-content\/uploads\/2024\/05\/Screenshot_20240531-004835-674x1536.png 674w, https:\/\/www.latribunedufaso.net\/wp-content\/uploads\/2024\/05\/Screenshot_20240531-004835.png 720w\" sizes=\"auto, (max-width: 132px) 100vw, 132px\" \/><\/a><\/p>\n<p>&nbsp;<\/p>\n<p>&nbsp;<\/p>\n<p>&nbsp;<\/p>\n<p>&nbsp;<\/p>\n","protected":false},"excerpt":{"rendered":"<p>Dans une d\u00e9claration en date de ce jeudi 30 mai 2024, l\u2019Ordre des avocats du Burkina Faso d\u00e9plore \u00ab les atteintes \u00e0 la libert\u00e9 fondamentale \u00bb de Me Guy Herv\u00e9 Kam qui est, selon lui, \u00ab s\u00e9questr\u00e9 \u00bb depuis le 24 janvier 2024. L\u2019Ordre consid\u00e8re cette situation comme le refus de la par de l\u2019Etat du respect de la d\u00e9cision du juge administratif ordonnant la lib\u00e9ration du sieur Kam a l\u2019issu des proc\u00e9dures de r\u00e9f\u00e9r\u00e9-libert\u00e9 qui a \u00e9t\u00e9 engag\u00e9es par ses avocats.<\/p>\n","protected":false},"author":5,"featured_media":13630,"comment_status":"open","ping_status":"open","sticky":false,"template":"","format":"standard","meta":{"footnotes":""},"categories":[13,1,8],"tags":[],"class_list":["post-13627","post","type-post","status-publish","format-standard","has-post-thumbnail","hentry","category-une","category-actu","category-societe"],"yoast_head":"<!-- This site is optimized with the Yoast SEO plugin v27.4 - https:\/\/yoast.com\/product\/yoast-seo-wordpress\/ -->\n<title>Affaire Me Guy Herv\u00e9 Kam : L\u2019ordre des avocats \u00ab exige le respect des r\u00e8gles relatives aux arrestations, poursuites, auditions et interrogatoires\u2026\u00bb - La Tribune du Faso<\/title>\n<meta name=\"robots\" content=\"index, follow, max-snippet:-1, max-image-preview:large, max-video-preview:-1\" \/>\n<link rel=\"canonical\" href=\"https:\/\/www.latribunedufaso.net\/?p=13627\" \/>\n<meta property=\"og:locale\" content=\"fr_FR\" \/>\n<meta property=\"og:type\" content=\"article\" \/>\n<meta property=\"og:title\" content=\"Affaire Me Guy Herv\u00e9 Kam : L\u2019ordre des avocats \u00ab exige le respect des r\u00e8gles relatives aux arrestations, poursuites, auditions et interrogatoires\u2026\u00bb - La Tribune du Faso\" \/>\n<meta property=\"og:description\" content=\"Dans une d\u00e9claration en date de ce jeudi 30 mai 2024, l\u2019Ordre des avocats du Burkina Faso d\u00e9plore \u00ab les atteintes \u00e0 la libert\u00e9 fondamentale \u00bb de Me Guy Herv\u00e9 Kam qui est, selon lui, \u00ab s\u00e9questr\u00e9 \u00bb depuis le 24 janvier 2024. L\u2019Ordre consid\u00e8re cette situation comme le refus de la par de l\u2019Etat du respect de la d\u00e9cision du juge administratif ordonnant la lib\u00e9ration du sieur Kam a l\u2019issu des proc\u00e9dures de r\u00e9f\u00e9r\u00e9-libert\u00e9 qui a \u00e9t\u00e9 engag\u00e9es par ses avocats.\" \/>\n<meta property=\"og:url\" content=\"https:\/\/www.latribunedufaso.net\/?p=13627\" \/>\n<meta property=\"og:site_name\" content=\"La Tribune du Faso\" \/>\n<meta property=\"article:publisher\" content=\"https:\/\/www.facebook.com\/LatribuneduFaso\/\" \/>\n<meta property=\"article:published_time\" content=\"2024-05-31T00:52:37+00:00\" \/>\n<meta property=\"og:image\" content=\"https:\/\/www.latribunedufaso.net\/wp-content\/uploads\/2024\/05\/cropped-favicon.jpg\" \/>\n\t<meta property=\"og:image:width\" content=\"512\" \/>\n\t<meta property=\"og:image:height\" content=\"512\" \/>\n\t<meta property=\"og:image:type\" content=\"image\/jpeg\" \/>\n<meta name=\"author\" content=\"Issouf Tapsoba\" \/>\n<meta name=\"twitter:label1\" content=\"\u00c9crit par\" \/>\n\t<meta name=\"twitter:data1\" content=\"Issouf Tapsoba\" \/>\n\t<meta name=\"twitter:label2\" content=\"Dur\u00e9e de lecture estim\u00e9e\" \/>\n\t<meta name=\"twitter:data2\" content=\"2 minutes\" \/>\n<script type=\"application\/ld+json\" class=\"yoast-schema-graph\">{\"@context\":\"https:\\\/\\\/schema.org\",\"@graph\":[{\"@type\":\"Article\",\"@id\":\"https:\\\/\\\/www.latribunedufaso.net\\\/?p=13627#article\",\"isPartOf\":{\"@id\":\"https:\\\/\\\/www.latribunedufaso.net\\\/?p=13627\"},\"author\":{\"name\":\"Issouf Tapsoba\",\"@id\":\"https:\\\/\\\/www.latribunedufaso.net\\\/#\\\/schema\\\/person\\\/e54e64c5778a7e72cf80a318b7a622b0\"},\"headline\":\"Affaire Me Guy Herv\u00e9 Kam : L\u2019ordre des avocats \u00ab exige le respect des r\u00e8gles relatives aux arrestations, poursuites, auditions et interrogatoires\u2026\u00bb\",\"datePublished\":\"2024-05-31T00:52:37+00:00\",\"mainEntityOfPage\":{\"@id\":\"https:\\\/\\\/www.latribunedufaso.net\\\/?p=13627\"},\"wordCount\":427,\"commentCount\":0,\"publisher\":{\"@id\":\"https:\\\/\\\/www.latribunedufaso.net\\\/#organization\"},\"image\":{\"@id\":\"https:\\\/\\\/www.latribunedufaso.net\\\/?p=13627#primaryimage\"},\"thumbnailUrl\":\"https:\\\/\\\/www.latribunedufaso.net\\\/wp-content\\\/uploads\\\/2024\\\/05\\\/cropped-favicon.jpg\",\"articleSection\":[\"A la une\",\"Actualit\u00e9\",\"Soci\u00e9t\u00e9\"],\"inLanguage\":\"fr-FR\",\"potentialAction\":[{\"@type\":\"CommentAction\",\"name\":\"Comment\",\"target\":[\"https:\\\/\\\/www.latribunedufaso.net\\\/?p=13627#respond\"]}]},{\"@type\":\"WebPage\",\"@id\":\"https:\\\/\\\/www.latribunedufaso.net\\\/?p=13627\",\"url\":\"https:\\\/\\\/www.latribunedufaso.net\\\/?p=13627\",\"name\":\"Affaire Me Guy Herv\u00e9 Kam : L\u2019ordre des avocats \u00ab exige le respect des r\u00e8gles relatives aux arrestations, poursuites, auditions et interrogatoires\u2026\u00bb - La Tribune du Faso\",\"isPartOf\":{\"@id\":\"https:\\\/\\\/www.latribunedufaso.net\\\/#website\"},\"primaryImageOfPage\":{\"@id\":\"https:\\\/\\\/www.latribunedufaso.net\\\/?p=13627#primaryimage\"},\"image\":{\"@id\":\"https:\\\/\\\/www.latribunedufaso.net\\\/?p=13627#primaryimage\"},\"thumbnailUrl\":\"https:\\\/\\\/www.latribunedufaso.net\\\/wp-content\\\/uploads\\\/2024\\\/05\\\/cropped-favicon.jpg\",\"datePublished\":\"2024-05-31T00:52:37+00:00\",\"breadcrumb\":{\"@id\":\"https:\\\/\\\/www.latribunedufaso.net\\\/?p=13627#breadcrumb\"},\"inLanguage\":\"fr-FR\",\"potentialAction\":[{\"@type\":\"ReadAction\",\"target\":[\"https:\\\/\\\/www.latribunedufaso.net\\\/?p=13627\"]}]},{\"@type\":\"ImageObject\",\"inLanguage\":\"fr-FR\",\"@id\":\"https:\\\/\\\/www.latribunedufaso.net\\\/?p=13627#primaryimage\",\"url\":\"https:\\\/\\\/www.latribunedufaso.net\\\/wp-content\\\/uploads\\\/2024\\\/05\\\/cropped-favicon.jpg\",\"contentUrl\":\"https:\\\/\\\/www.latribunedufaso.net\\\/wp-content\\\/uploads\\\/2024\\\/05\\\/cropped-favicon.jpg\",\"width\":512,\"height\":512},{\"@type\":\"BreadcrumbList\",\"@id\":\"https:\\\/\\\/www.latribunedufaso.net\\\/?p=13627#breadcrumb\",\"itemListElement\":[{\"@type\":\"ListItem\",\"position\":1,\"name\":\"Accueil\",\"item\":\"https:\\\/\\\/www.latribunedufaso.net\\\/\"},{\"@type\":\"ListItem\",\"position\":2,\"name\":\"Affaire Me Guy Herv\u00e9 Kam : L\u2019ordre des avocats \u00ab exige le respect des r\u00e8gles relatives aux arrestations, poursuites, auditions et interrogatoires\u2026\u00bb\"}]},{\"@type\":\"WebSite\",\"@id\":\"https:\\\/\\\/www.latribunedufaso.net\\\/#website\",\"url\":\"https:\\\/\\\/www.latribunedufaso.net\\\/\",\"name\":\"La Tribune du Faso\",\"description\":\"L&#039;information du monde rural en un clic\",\"publisher\":{\"@id\":\"https:\\\/\\\/www.latribunedufaso.net\\\/#organization\"},\"potentialAction\":[{\"@type\":\"SearchAction\",\"target\":{\"@type\":\"EntryPoint\",\"urlTemplate\":\"https:\\\/\\\/www.latribunedufaso.net\\\/?s={search_term_string}\"},\"query-input\":{\"@type\":\"PropertyValueSpecification\",\"valueRequired\":true,\"valueName\":\"search_term_string\"}}],\"inLanguage\":\"fr-FR\"},{\"@type\":\"Organization\",\"@id\":\"https:\\\/\\\/www.latribunedufaso.net\\\/#organization\",\"name\":\"La Tribune du Faso\",\"url\":\"https:\\\/\\\/www.latribunedufaso.net\\\/\",\"logo\":{\"@type\":\"ImageObject\",\"inLanguage\":\"fr-FR\",\"@id\":\"https:\\\/\\\/www.latribunedufaso.net\\\/#\\\/schema\\\/logo\\\/image\\\/\",\"url\":\"https:\\\/\\\/www.latribunedufaso.net\\\/wp-content\\\/uploads\\\/2020\\\/08\\\/Logo-Tribune-du-Faso-final-scaled.jpg\",\"contentUrl\":\"https:\\\/\\\/www.latribunedufaso.net\\\/wp-content\\\/uploads\\\/2020\\\/08\\\/Logo-Tribune-du-Faso-final-scaled.jpg\",\"width\":2560,\"height\":1856,\"caption\":\"La Tribune du Faso\"},\"image\":{\"@id\":\"https:\\\/\\\/www.latribunedufaso.net\\\/#\\\/schema\\\/logo\\\/image\\\/\"},\"sameAs\":[\"https:\\\/\\\/www.facebook.com\\\/LatribuneduFaso\\\/\"]},{\"@type\":\"Person\",\"@id\":\"https:\\\/\\\/www.latribunedufaso.net\\\/#\\\/schema\\\/person\\\/e54e64c5778a7e72cf80a318b7a622b0\",\"name\":\"Issouf Tapsoba\",\"image\":{\"@type\":\"ImageObject\",\"inLanguage\":\"fr-FR\",\"@id\":\"https:\\\/\\\/secure.gravatar.com\\\/avatar\\\/5e6c05150ce3230247d167f5b94d678eb05936197436d69b7921e3a95c9107ac?s=96&d=mm&r=g\",\"url\":\"https:\\\/\\\/secure.gravatar.com\\\/avatar\\\/5e6c05150ce3230247d167f5b94d678eb05936197436d69b7921e3a95c9107ac?s=96&d=mm&r=g\",\"contentUrl\":\"https:\\\/\\\/secure.gravatar.com\\\/avatar\\\/5e6c05150ce3230247d167f5b94d678eb05936197436d69b7921e3a95c9107ac?s=96&d=mm&r=g\",\"caption\":\"Issouf Tapsoba\"},\"url\":\"https:\\\/\\\/www.latribunedufaso.net\\\/?author=5\"}]}<\/script>\n<!-- \/ Yoast SEO plugin. -->","yoast_head_json":{"title":"Affaire Me Guy Herv\u00e9 Kam : L\u2019ordre des avocats \u00ab exige le respect des r\u00e8gles relatives aux arrestations, poursuites, auditions et interrogatoires\u2026\u00bb - La Tribune du Faso","robots":{"index":"index","follow":"follow","max-snippet":"max-snippet:-1","max-image-preview":"max-image-preview:large","max-video-preview":"max-video-preview:-1"},"canonical":"https:\/\/www.latribunedufaso.net\/?p=13627","og_locale":"fr_FR","og_type":"article","og_title":"Affaire Me Guy Herv\u00e9 Kam : L\u2019ordre des avocats \u00ab exige le respect des r\u00e8gles relatives aux arrestations, poursuites, auditions et interrogatoires\u2026\u00bb - La Tribune du Faso","og_description":"Dans une d\u00e9claration en date de ce jeudi 30 mai 2024, l\u2019Ordre des avocats du Burkina Faso d\u00e9plore \u00ab les atteintes \u00e0 la libert\u00e9 fondamentale \u00bb de Me Guy Herv\u00e9 Kam qui est, selon lui, \u00ab s\u00e9questr\u00e9 \u00bb depuis le 24 janvier 2024. L\u2019Ordre consid\u00e8re cette situation comme le refus de la par de l\u2019Etat du respect de la d\u00e9cision du juge administratif ordonnant la lib\u00e9ration du sieur Kam a l\u2019issu des proc\u00e9dures de r\u00e9f\u00e9r\u00e9-libert\u00e9 qui a \u00e9t\u00e9 engag\u00e9es par ses avocats.","og_url":"https:\/\/www.latribunedufaso.net\/?p=13627","og_site_name":"La Tribune du Faso","article_publisher":"https:\/\/www.facebook.com\/LatribuneduFaso\/","article_published_time":"2024-05-31T00:52:37+00:00","og_image":[{"width":512,"height":512,"url":"https:\/\/www.latribunedufaso.net\/wp-content\/uploads\/2024\/05\/cropped-favicon.jpg","type":"image\/jpeg"}],"author":"Issouf Tapsoba","twitter_misc":{"\u00c9crit par":"Issouf Tapsoba","Dur\u00e9e de lecture estim\u00e9e":"2 minutes"},"schema":{"@context":"https:\/\/schema.org","@graph":[{"@type":"Article","@id":"https:\/\/www.latribunedufaso.net\/?p=13627#article","isPartOf":{"@id":"https:\/\/www.latribunedufaso.net\/?p=13627"},"author":{"name":"Issouf Tapsoba","@id":"https:\/\/www.latribunedufaso.net\/#\/schema\/person\/e54e64c5778a7e72cf80a318b7a622b0"},"headline":"Affaire Me Guy Herv\u00e9 Kam : L\u2019ordre des avocats \u00ab exige le respect des r\u00e8gles relatives aux arrestations, poursuites, auditions et interrogatoires\u2026\u00bb","datePublished":"2024-05-31T00:52:37+00:00","mainEntityOfPage":{"@id":"https:\/\/www.latribunedufaso.net\/?p=13627"},"wordCount":427,"commentCount":0,"publisher":{"@id":"https:\/\/www.latribunedufaso.net\/#organization"},"image":{"@id":"https:\/\/www.latribunedufaso.net\/?p=13627#primaryimage"},"thumbnailUrl":"https:\/\/www.latribunedufaso.net\/wp-content\/uploads\/2024\/05\/cropped-favicon.jpg","articleSection":["A la une","Actualit\u00e9","Soci\u00e9t\u00e9"],"inLanguage":"fr-FR","potentialAction":[{"@type":"CommentAction","name":"Comment","target":["https:\/\/www.latribunedufaso.net\/?p=13627#respond"]}]},{"@type":"WebPage","@id":"https:\/\/www.latribunedufaso.net\/?p=13627","url":"https:\/\/www.latribunedufaso.net\/?p=13627","name":"Affaire Me Guy Herv\u00e9 Kam : L\u2019ordre des avocats \u00ab exige le respect des r\u00e8gles relatives aux arrestations, poursuites, auditions et interrogatoires\u2026\u00bb - La Tribune du Faso","isPartOf":{"@id":"https:\/\/www.latribunedufaso.net\/#website"},"primaryImageOfPage":{"@id":"https:\/\/www.latribunedufaso.net\/?p=13627#primaryimage"},"image":{"@id":"https:\/\/www.latribunedufaso.net\/?p=13627#primaryimage"},"thumbnailUrl":"https:\/\/www.latribunedufaso.net\/wp-content\/uploads\/2024\/05\/cropped-favicon.jpg","datePublished":"2024-05-31T00:52:37+00:00","breadcrumb":{"@id":"https:\/\/www.latribunedufaso.net\/?p=13627#breadcrumb"},"inLanguage":"fr-FR","potentialAction":[{"@type":"ReadAction","target":["https:\/\/www.latribunedufaso.net\/?p=13627"]}]},{"@type":"ImageObject","inLanguage":"fr-FR","@id":"https:\/\/www.latribunedufaso.net\/?p=13627#primaryimage","url":"https:\/\/www.latribunedufaso.net\/wp-content\/uploads\/2024\/05\/cropped-favicon.jpg","contentUrl":"https:\/\/www.latribunedufaso.net\/wp-content\/uploads\/2024\/05\/cropped-favicon.jpg","width":512,"height":512},{"@type":"BreadcrumbList","@id":"https:\/\/www.latribunedufaso.net\/?p=13627#breadcrumb","itemListElement":[{"@type":"ListItem","position":1,"name":"Accueil","item":"https:\/\/www.latribunedufaso.net\/"},{"@type":"ListItem","position":2,"name":"Affaire Me Guy Herv\u00e9 Kam : L\u2019ordre des avocats \u00ab exige le respect des r\u00e8gles relatives aux arrestations, poursuites, auditions et interrogatoires\u2026\u00bb"}]},{"@type":"WebSite","@id":"https:\/\/www.latribunedufaso.net\/#website","url":"https:\/\/www.latribunedufaso.net\/","name":"La Tribune du Faso","description":"L&#039;information du monde rural en un clic","publisher":{"@id":"https:\/\/www.latribunedufaso.net\/#organization"},"potentialAction":[{"@type":"SearchAction","target":{"@type":"EntryPoint","urlTemplate":"https:\/\/www.latribunedufaso.net\/?s={search_term_string}"},"query-input":{"@type":"PropertyValueSpecification","valueRequired":true,"valueName":"search_term_string"}}],"inLanguage":"fr-FR"},{"@type":"Organization","@id":"https:\/\/www.latribunedufaso.net\/#organization","name":"La Tribune du Faso","url":"https:\/\/www.latribunedufaso.net\/","logo":{"@type":"ImageObject","inLanguage":"fr-FR","@id":"https:\/\/www.latribunedufaso.net\/#\/schema\/logo\/image\/","url":"https:\/\/www.latribunedufaso.net\/wp-content\/uploads\/2020\/08\/Logo-Tribune-du-Faso-final-scaled.jpg","contentUrl":"https:\/\/www.latribunedufaso.net\/wp-content\/uploads\/2020\/08\/Logo-Tribune-du-Faso-final-scaled.jpg","width":2560,"height":1856,"caption":"La Tribune du Faso"},"image":{"@id":"https:\/\/www.latribunedufaso.net\/#\/schema\/logo\/image\/"},"sameAs":["https:\/\/www.facebook.com\/LatribuneduFaso\/"]},{"@type":"Person","@id":"https:\/\/www.latribunedufaso.net\/#\/schema\/person\/e54e64c5778a7e72cf80a318b7a622b0","name":"Issouf Tapsoba","image":{"@type":"ImageObject","inLanguage":"fr-FR","@id":"https:\/\/secure.gravatar.com\/avatar\/5e6c05150ce3230247d167f5b94d678eb05936197436d69b7921e3a95c9107ac?s=96&d=mm&r=g","url":"https:\/\/secure.gravatar.com\/avatar\/5e6c05150ce3230247d167f5b94d678eb05936197436d69b7921e3a95c9107ac?s=96&d=mm&r=g","contentUrl":"https:\/\/secure.gravatar.com\/avatar\/5e6c05150ce3230247d167f5b94d678eb05936197436d69b7921e3a95c9107ac?s=96&d=mm&r=g","caption":"Issouf Tapsoba"},"url":"https:\/\/www.latribunedufaso.net\/?author=5"}]}},"_links":{"self":[{"href":"https:\/\/www.latribunedufaso.net\/index.php?rest_route=\/wp\/v2\/posts\/13627","targetHints":{"allow":["GET"]}}],"collection":[{"href":"https:\/\/www.latribunedufaso.net\/index.php?rest_route=\/wp\/v2\/posts"}],"about":[{"href":"https:\/\/www.latribunedufaso.net\/index.php?rest_route=\/wp\/v2\/types\/post"}],"author":[{"embeddable":true,"href":"https:\/\/www.latribunedufaso.net\/index.php?rest_route=\/wp\/v2\/users\/5"}],"replies":[{"embeddable":true,"href":"https:\/\/www.latribunedufaso.net\/index.php?rest_route=%2Fwp%2Fv2%2Fcomments&post=13627"}],"version-history":[{"count":1,"href":"https:\/\/www.latribunedufaso.net\/index.php?rest_route=\/wp\/v2\/posts\/13627\/revisions"}],"predecessor-version":[{"id":13631,"href":"https:\/\/www.latribunedufaso.net\/index.php?rest_route=\/wp\/v2\/posts\/13627\/revisions\/13631"}],"wp:featuredmedia":[{"embeddable":true,"href":"https:\/\/www.latribunedufaso.net\/index.php?rest_route=\/wp\/v2\/media\/13630"}],"wp:attachment":[{"href":"https:\/\/www.latribunedufaso.net\/index.php?rest_route=%2Fwp%2Fv2%2Fmedia&parent=13627"}],"wp:term":[{"taxonomy":"category","embeddable":true,"href":"https:\/\/www.latribunedufaso.net\/index.php?rest_route=%2Fwp%2Fv2%2Fcategories&post=13627"},{"taxonomy":"post_tag","embeddable":true,"href":"https:\/\/www.latribunedufaso.net\/index.php?rest_route=%2Fwp%2Fv2%2Ftags&post=13627"}],"curies":[{"name":"wp","href":"https:\/\/api.w.org\/{rel}","templated":true}]}}