{"id":13594,"date":"2024-05-29T21:35:00","date_gmt":"2024-05-29T21:35:00","guid":{"rendered":"https:\/\/www.latribunedufaso.net\/?p=13594"},"modified":"2024-05-29T21:35:00","modified_gmt":"2024-05-29T21:35:00","slug":"excellence-scolaire-le-lycee-municipal-venegre-recompense-ses-meilleurs-eleves","status":"publish","type":"post","link":"https:\/\/www.latribunedufaso.net\/?p=13594","title":{"rendered":"Excellence scolaire : Le Lyc\u00e9e municipal V\u00e9n\u00e9gr\u00e9 r\u00e9compense ses meilleurs \u00e9l\u00e8ves\u00a0"},"content":{"rendered":"<p><strong><span style=\"font-size: 1.0625rem;\">Le Lyc\u00e9e municipal V\u00e9n\u00e9gr\u00e9 (LMV) a organis\u00e9 une journ\u00e9e d\u2019excellence, le mercredi 29 mai 2024 \u00e0 Ouagadougou. Cette c\u00e9r\u00e9monie a connu la mobilisation des parents d\u2019\u00e9l\u00e8ves et des anciens \u00e9l\u00e8ves du lyc\u00e9e.\u00a0<\/span><\/strong><br \/><!--more--><\/p>\n<p>A travers cette journ\u00e9e, plac\u00e9e sous le th\u00e8me \u00ab L\u2019excellence, facteur de r\u00e9silience dans un contexte de crise s\u00e9curitaire \u00bb, il s\u2019agissait pour l\u2019\u00e9cole, de reconna\u00eetre le m\u00e9rite des \u00e9l\u00e8ves qui se sont d\u00e9marqu\u00e9s par leur travail durant l\u2019ann\u00e9e scolaire 2023-2024.<\/p>\n<figure id=\"attachment_13599\" aria-describedby=\"caption-attachment-13599\" style=\"width: 300px\" class=\"wp-caption alignleft\"><a href=\"https:\/\/www.latribunedufaso.net\/wp-content\/uploads\/2024\/05\/IMG-20240529-WA0072.jpg\"><img loading=\"lazy\" decoding=\"async\" class=\"wp-image-13599 size-medium\" src=\"https:\/\/www.latribunedufaso.net\/wp-content\/uploads\/2024\/05\/IMG-20240529-WA0072-300x226.jpg\" width=\"300\" height=\"226\" srcset=\"https:\/\/www.latribunedufaso.net\/wp-content\/uploads\/2024\/05\/IMG-20240529-WA0072-300x226.jpg 300w, https:\/\/www.latribunedufaso.net\/wp-content\/uploads\/2024\/05\/IMG-20240529-WA0072-768x578.jpg 768w, https:\/\/www.latribunedufaso.net\/wp-content\/uploads\/2024\/05\/IMG-20240529-WA0072.jpg 1020w\" sizes=\"auto, (max-width: 300px) 100vw, 300px\" \/><\/a><figcaption id=\"caption-attachment-13599\" class=\"wp-caption-text\">La c\u00e9r\u00e9monie a connu la pr\u00e9sence des anciens \u00e9l\u00e8ves et du personnel du lyc\u00e9e<\/figcaption><\/figure>\n<p>Ainsi, au total 102 \u00e9l\u00e8ves ont \u00e9t\u00e9 r\u00e9compens\u00e9s. Il s\u2019agit des 3 premiers de chaque classe (de la 6e \u00e0 la terminale), de l\u2019\u00e9l\u00e8ve ayant obtenu la meilleure moyenne de l\u2019\u00e9cole, etc. Ils ont re\u00e7u entre autres, des kits scolaires, des v\u00e9los, des enveloppes d\u2019argent, des bons d\u2019abonnement \u00e0 la librairie, \u00e0 la cantine.<\/p>\n<figure id=\"attachment_13596\" aria-describedby=\"caption-attachment-13596\" style=\"width: 300px\" class=\"wp-caption alignnone\"><a href=\"https:\/\/www.latribunedufaso.net\/wp-content\/uploads\/2024\/05\/IMG-20240529-WA0069.jpg\"><img loading=\"lazy\" decoding=\"async\" class=\"size-medium wp-image-13596\" src=\"https:\/\/www.latribunedufaso.net\/wp-content\/uploads\/2024\/05\/IMG-20240529-WA0069-300x226.jpg\" alt=\"\" width=\"300\" height=\"226\" srcset=\"https:\/\/www.latribunedufaso.net\/wp-content\/uploads\/2024\/05\/IMG-20240529-WA0069-300x226.jpg 300w, https:\/\/www.latribunedufaso.net\/wp-content\/uploads\/2024\/05\/IMG-20240529-WA0069-768x578.jpg 768w, https:\/\/www.latribunedufaso.net\/wp-content\/uploads\/2024\/05\/IMG-20240529-WA0069.jpg 1020w\" sizes=\"auto, (max-width: 300px) 100vw, 300px\" \/><\/a><figcaption id=\"caption-attachment-13596\" class=\"wp-caption-text\">Le personnel du lyc\u00e9e a re\u00e7u des attestations de reconnaissance pour le travail abbatu<\/figcaption><\/figure>\n<p>Il faut dire que le LMV n\u2019est pas \u00e0 sa premi\u00e8re pour de telles manifestations. Pour cette ann\u00e9e particuli\u00e8rement, au-del\u00e0 des meilleurs \u00e9l\u00e8ves, des membres du personnel ont \u00e9galement re\u00e7u des attestations de reconnaissance pour le \u00ab bon \u00bb travail abattu au cours de l\u2019ann\u00e9e.<\/p>\n<p>A l\u2019issue de l\u2019ann\u00e9e 2023-2024, le LMV pr\u00e9sente le bilan suivant, en classe de 6e, sur 507 \u00e9l\u00e8ves, 418 passent en classe sup\u00e9rieure. En 5e , sur 472 \u00e9l\u00e8ves, 368 passent en classe sup\u00e9rieure. Pour la classe de 4e , sur 381 \u00e9l\u00e8ves, 275 passent en classe sup\u00e9rieure. En 2nde A , sur 101 \u00e9l\u00e8ves, 74 passent en classe sup\u00e9rieure. En 2nde C, sur 368 \u00e9l\u00e8ves, 223 passent en classe sup\u00e9rieure. En 1\u00e8re A, sur 85 \u00e9l\u00e8ves, 51 passent en classe sup\u00e9rieure. En 1\u00e8re D, sur 218 \u00e9l\u00e8ves, 170 passent en classe sup\u00e9rieure. La meilleur moyenne de l\u2019\u00e9cole est de 18,48\/20. Elle a \u00e9t\u00e9 obtenue par Kambou Alex, \u00e9l\u00e8ve en classe de 6e .<\/p>\n<figure id=\"attachment_13595\" aria-describedby=\"caption-attachment-13595\" style=\"width: 300px\" class=\"wp-caption alignleft\"><a href=\"https:\/\/www.latribunedufaso.net\/wp-content\/uploads\/2024\/05\/IMG-20240529-WA0068.jpg\"><img loading=\"lazy\" decoding=\"async\" class=\"size-medium wp-image-13595\" src=\"https:\/\/www.latribunedufaso.net\/wp-content\/uploads\/2024\/05\/IMG-20240529-WA0068-300x226.jpg\" alt=\"\" width=\"300\" height=\"226\" srcset=\"https:\/\/www.latribunedufaso.net\/wp-content\/uploads\/2024\/05\/IMG-20240529-WA0068-300x226.jpg 300w, https:\/\/www.latribunedufaso.net\/wp-content\/uploads\/2024\/05\/IMG-20240529-WA0068-768x578.jpg 768w, https:\/\/www.latribunedufaso.net\/wp-content\/uploads\/2024\/05\/IMG-20240529-WA0068.jpg 1020w\" sizes=\"auto, (max-width: 300px) 100vw, 300px\" \/><\/a><figcaption id=\"caption-attachment-13595\" class=\"wp-caption-text\">Le proviseur du Lyc\u00e9e municipal V\u00e9n\u00e9gr\u00e9, Charles Roger Yabr\u00e9<\/figcaption><\/figure>\n<p>Le proviseur de l\u2019\u00e9cole, Charles Roger Yabr\u00e9 dit \u00eatre tr\u00e8s satisfait de ces r\u00e9sultats obtenus. \u00ab Pour cette ann\u00e9e scolaire nous n\u2019avons pas d\u00e9rog\u00e9 \u00e0 la r\u00e8gle. Ici, au V\u00e9n\u00e9gr\u00e9, c\u2019est la culture de l\u2019excellence . Nous ne sommes pas tr\u00e8s \u00e9tonn\u00e9s de ces r\u00e9sultats. Nous en sommes d\u2019ailleurs tr\u00e8s satisfaits et disons merci \u00e0 l\u2019ensemble du personnel et aux \u00e9l\u00e8ves pour tous les efforts consentis \u00bb, a-t-il signifi\u00e9.<\/p>\n<figure id=\"attachment_13598\" aria-describedby=\"caption-attachment-13598\" style=\"width: 300px\" class=\"wp-caption alignleft\"><a href=\"https:\/\/www.latribunedufaso.net\/wp-content\/uploads\/2024\/05\/IMG-20240529-WA0071.jpg\"><img loading=\"lazy\" decoding=\"async\" class=\"size-medium wp-image-13598\" src=\"https:\/\/www.latribunedufaso.net\/wp-content\/uploads\/2024\/05\/IMG-20240529-WA0071-300x226.jpg\" alt=\"\" width=\"300\" height=\"226\" srcset=\"https:\/\/www.latribunedufaso.net\/wp-content\/uploads\/2024\/05\/IMG-20240529-WA0071-300x226.jpg 300w, https:\/\/www.latribunedufaso.net\/wp-content\/uploads\/2024\/05\/IMG-20240529-WA0071-768x578.jpg 768w, https:\/\/www.latribunedufaso.net\/wp-content\/uploads\/2024\/05\/IMG-20240529-WA0071.jpg 1020w\" sizes=\"auto, (max-width: 300px) 100vw, 300px\" \/><\/a><figcaption id=\"caption-attachment-13598\" class=\"wp-caption-text\">Le parrain de la c\u00e9r\u00e9monie et par ailleurs ancien \u00e9l\u00e8ve du lyc\u00e9e, Mahamoudou Kiemtor\u00e9<\/figcaption><\/figure>\n<p>Le parrain de la pr\u00e9sente journ\u00e9e et par ailleurs ancien \u00e9l\u00e8ve du lyc\u00e9e, Mahamoudou Kiemtor\u00e9 a, pour sa part, invit\u00e9 les \u00e9l\u00e8ves \u00e0 plus de travail afin de maintenir le V\u00e9n\u00e9gr\u00e9 dans son niveau d\u2019excellence.<\/p>\n<figure id=\"attachment_13601\" aria-describedby=\"caption-attachment-13601\" style=\"width: 300px\" class=\"wp-caption alignleft\"><a href=\"https:\/\/www.latribunedufaso.net\/wp-content\/uploads\/2024\/05\/IMG-20240529-WA0074.jpg\"><img loading=\"lazy\" decoding=\"async\" class=\"size-medium wp-image-13601\" src=\"https:\/\/www.latribunedufaso.net\/wp-content\/uploads\/2024\/05\/IMG-20240529-WA0074-300x226.jpg\" alt=\"\" width=\"300\" height=\"226\" srcset=\"https:\/\/www.latribunedufaso.net\/wp-content\/uploads\/2024\/05\/IMG-20240529-WA0074-300x226.jpg 300w, https:\/\/www.latribunedufaso.net\/wp-content\/uploads\/2024\/05\/IMG-20240529-WA0074-768x578.jpg 768w, https:\/\/www.latribunedufaso.net\/wp-content\/uploads\/2024\/05\/IMG-20240529-WA0074.jpg 1020w\" sizes=\"auto, (max-width: 300px) 100vw, 300px\" \/><\/a><figcaption id=\"caption-attachment-13601\" class=\"wp-caption-text\">Les v\u00e9los offerts aux laur\u00e9ats<\/figcaption><\/figure>\n<p>Il faut noter que l\u2019\u00e9cole pr\u00e9sente cette ann\u00e9e, 337 candidats au BEPC, 52 candidats au BAC A et 135 candidats au BAC D. Charles Roger Yabr\u00e9 dit \u00eatre confiant quant \u00e0 de bons r\u00e9sultats. \u00ab Au regard des moyennes, nous ne pouvons qu\u2019\u00eatre confiants. Et nous ne pouvons que leur souhaiter de tr\u00e8s bons examens. Qu\u2019ils nous reviennent avec de tr\u00e8s bons r\u00e9sultat \u00bb, a-t-il indiqu\u00e9.<\/p>\n<p><strong>Rosana Astride Kiendrebeogo\u00a0<\/strong><\/p>\n<p><strong>Latribunedufaso.net<a href=\"https:\/\/www.latribunedufaso.net\/wp-content\/uploads\/2024\/05\/IMG-20240529-WA0073.jpg\"><img loading=\"lazy\" decoding=\"async\" class=\"size-medium wp-image-13600 alignleft\" src=\"https:\/\/www.latribunedufaso.net\/wp-content\/uploads\/2024\/05\/IMG-20240529-WA0073-300x226.jpg\" alt=\"\" width=\"300\" height=\"226\" srcset=\"https:\/\/www.latribunedufaso.net\/wp-content\/uploads\/2024\/05\/IMG-20240529-WA0073-300x226.jpg 300w, https:\/\/www.latribunedufaso.net\/wp-content\/uploads\/2024\/05\/IMG-20240529-WA0073-768x578.jpg 768w, https:\/\/www.latribunedufaso.net\/wp-content\/uploads\/2024\/05\/IMG-20240529-WA0073.jpg 1020w\" sizes=\"auto, (max-width: 300px) 100vw, 300px\" \/><\/a><\/strong><\/p>\n","protected":false},"excerpt":{"rendered":"<p>Le Lyc\u00e9e municipal V\u00e9n\u00e9gr\u00e9 (LMV) a organis\u00e9 une journ\u00e9e d\u2019excellence, le mercredi 29 mai 2024 \u00e0 Ouagadougou. Cette c\u00e9r\u00e9monie a connu la mobilisation des parents d\u2019\u00e9l\u00e8ves et des anciens \u00e9l\u00e8ves du lyc\u00e9e.\u00a0<\/p>\n","protected":false},"author":5,"featured_media":13597,"comment_status":"open","ping_status":"open","sticky":false,"template":"","format":"standard","meta":{"footnotes":""},"categories":[13,1,31],"tags":[],"class_list":["post-13594","post","type-post","status-publish","format-standard","has-post-thumbnail","hentry","category-une","category-actu","category-education"],"yoast_head":"<!-- This site is optimized with the Yoast SEO plugin v27.4 - https:\/\/yoast.com\/product\/yoast-seo-wordpress\/ -->\n<title>Excellence scolaire : Le Lyc\u00e9e municipal V\u00e9n\u00e9gr\u00e9 r\u00e9compense ses meilleurs \u00e9l\u00e8ves\u00a0 - La Tribune du Faso<\/title>\n<meta name=\"robots\" content=\"index, follow, max-snippet:-1, max-image-preview:large, max-video-preview:-1\" \/>\n<link rel=\"canonical\" href=\"https:\/\/www.latribunedufaso.net\/?p=13594\" \/>\n<meta property=\"og:locale\" content=\"fr_FR\" \/>\n<meta property=\"og:type\" content=\"article\" \/>\n<meta property=\"og:title\" content=\"Excellence scolaire : Le Lyc\u00e9e municipal V\u00e9n\u00e9gr\u00e9 r\u00e9compense ses meilleurs \u00e9l\u00e8ves\u00a0 - La Tribune du Faso\" \/>\n<meta property=\"og:description\" content=\"Le Lyc\u00e9e municipal V\u00e9n\u00e9gr\u00e9 (LMV) a organis\u00e9 une journ\u00e9e d\u2019excellence, le mercredi 29 mai 2024 \u00e0 Ouagadougou. Cette c\u00e9r\u00e9monie a connu la mobilisation des parents d\u2019\u00e9l\u00e8ves et des anciens \u00e9l\u00e8ves du lyc\u00e9e.\u00a0\" \/>\n<meta property=\"og:url\" content=\"https:\/\/www.latribunedufaso.net\/?p=13594\" \/>\n<meta property=\"og:site_name\" content=\"La Tribune du Faso\" \/>\n<meta property=\"article:publisher\" content=\"https:\/\/www.facebook.com\/LatribuneduFaso\/\" \/>\n<meta property=\"article:published_time\" content=\"2024-05-29T21:35:00+00:00\" \/>\n<meta property=\"og:image\" content=\"https:\/\/www.latribunedufaso.net\/wp-content\/uploads\/2024\/05\/IMG-20240529-WA0070.jpg\" \/>\n\t<meta property=\"og:image:width\" content=\"1020\" \/>\n\t<meta property=\"og:image:height\" content=\"768\" \/>\n\t<meta property=\"og:image:type\" content=\"image\/jpeg\" \/>\n<meta name=\"author\" content=\"Issouf Tapsoba\" \/>\n<meta name=\"twitter:label1\" content=\"\u00c9crit par\" \/>\n\t<meta name=\"twitter:data1\" content=\"Issouf Tapsoba\" \/>\n\t<meta name=\"twitter:label2\" content=\"Dur\u00e9e de lecture estim\u00e9e\" \/>\n\t<meta name=\"twitter:data2\" content=\"3 minutes\" \/>\n<script type=\"application\/ld+json\" class=\"yoast-schema-graph\">{\"@context\":\"https:\\\/\\\/schema.org\",\"@graph\":[{\"@type\":\"Article\",\"@id\":\"https:\\\/\\\/www.latribunedufaso.net\\\/?p=13594#article\",\"isPartOf\":{\"@id\":\"https:\\\/\\\/www.latribunedufaso.net\\\/?p=13594\"},\"author\":{\"name\":\"Issouf Tapsoba\",\"@id\":\"https:\\\/\\\/www.latribunedufaso.net\\\/#\\\/schema\\\/person\\\/e54e64c5778a7e72cf80a318b7a622b0\"},\"headline\":\"Excellence scolaire : Le Lyc\u00e9e municipal V\u00e9n\u00e9gr\u00e9 r\u00e9compense ses meilleurs \u00e9l\u00e8ves\u00a0\",\"datePublished\":\"2024-05-29T21:35:00+00:00\",\"mainEntityOfPage\":{\"@id\":\"https:\\\/\\\/www.latribunedufaso.net\\\/?p=13594\"},\"wordCount\":639,\"commentCount\":0,\"publisher\":{\"@id\":\"https:\\\/\\\/www.latribunedufaso.net\\\/#organization\"},\"image\":{\"@id\":\"https:\\\/\\\/www.latribunedufaso.net\\\/?p=13594#primaryimage\"},\"thumbnailUrl\":\"https:\\\/\\\/www.latribunedufaso.net\\\/wp-content\\\/uploads\\\/2024\\\/05\\\/IMG-20240529-WA0070.jpg\",\"articleSection\":[\"A la une\",\"Actualit\u00e9\",\"\u00c9ducation\"],\"inLanguage\":\"fr-FR\",\"potentialAction\":[{\"@type\":\"CommentAction\",\"name\":\"Comment\",\"target\":[\"https:\\\/\\\/www.latribunedufaso.net\\\/?p=13594#respond\"]}]},{\"@type\":\"WebPage\",\"@id\":\"https:\\\/\\\/www.latribunedufaso.net\\\/?p=13594\",\"url\":\"https:\\\/\\\/www.latribunedufaso.net\\\/?p=13594\",\"name\":\"Excellence scolaire : Le Lyc\u00e9e municipal V\u00e9n\u00e9gr\u00e9 r\u00e9compense ses meilleurs \u00e9l\u00e8ves\u00a0 - La Tribune du Faso\",\"isPartOf\":{\"@id\":\"https:\\\/\\\/www.latribunedufaso.net\\\/#website\"},\"primaryImageOfPage\":{\"@id\":\"https:\\\/\\\/www.latribunedufaso.net\\\/?p=13594#primaryimage\"},\"image\":{\"@id\":\"https:\\\/\\\/www.latribunedufaso.net\\\/?p=13594#primaryimage\"},\"thumbnailUrl\":\"https:\\\/\\\/www.latribunedufaso.net\\\/wp-content\\\/uploads\\\/2024\\\/05\\\/IMG-20240529-WA0070.jpg\",\"datePublished\":\"2024-05-29T21:35:00+00:00\",\"breadcrumb\":{\"@id\":\"https:\\\/\\\/www.latribunedufaso.net\\\/?p=13594#breadcrumb\"},\"inLanguage\":\"fr-FR\",\"potentialAction\":[{\"@type\":\"ReadAction\",\"target\":[\"https:\\\/\\\/www.latribunedufaso.net\\\/?p=13594\"]}]},{\"@type\":\"ImageObject\",\"inLanguage\":\"fr-FR\",\"@id\":\"https:\\\/\\\/www.latribunedufaso.net\\\/?p=13594#primaryimage\",\"url\":\"https:\\\/\\\/www.latribunedufaso.net\\\/wp-content\\\/uploads\\\/2024\\\/05\\\/IMG-20240529-WA0070.jpg\",\"contentUrl\":\"https:\\\/\\\/www.latribunedufaso.net\\\/wp-content\\\/uploads\\\/2024\\\/05\\\/IMG-20240529-WA0070.jpg\",\"width\":1020,\"height\":768},{\"@type\":\"BreadcrumbList\",\"@id\":\"https:\\\/\\\/www.latribunedufaso.net\\\/?p=13594#breadcrumb\",\"itemListElement\":[{\"@type\":\"ListItem\",\"position\":1,\"name\":\"Accueil\",\"item\":\"https:\\\/\\\/www.latribunedufaso.net\\\/\"},{\"@type\":\"ListItem\",\"position\":2,\"name\":\"Excellence scolaire : Le Lyc\u00e9e municipal V\u00e9n\u00e9gr\u00e9 r\u00e9compense ses meilleurs \u00e9l\u00e8ves\u00a0\"}]},{\"@type\":\"WebSite\",\"@id\":\"https:\\\/\\\/www.latribunedufaso.net\\\/#website\",\"url\":\"https:\\\/\\\/www.latribunedufaso.net\\\/\",\"name\":\"La Tribune du Faso\",\"description\":\"L&#039;information du monde rural en un clic\",\"publisher\":{\"@id\":\"https:\\\/\\\/www.latribunedufaso.net\\\/#organization\"},\"potentialAction\":[{\"@type\":\"SearchAction\",\"target\":{\"@type\":\"EntryPoint\",\"urlTemplate\":\"https:\\\/\\\/www.latribunedufaso.net\\\/?s={search_term_string}\"},\"query-input\":{\"@type\":\"PropertyValueSpecification\",\"valueRequired\":true,\"valueName\":\"search_term_string\"}}],\"inLanguage\":\"fr-FR\"},{\"@type\":\"Organization\",\"@id\":\"https:\\\/\\\/www.latribunedufaso.net\\\/#organization\",\"name\":\"La Tribune du Faso\",\"url\":\"https:\\\/\\\/www.latribunedufaso.net\\\/\",\"logo\":{\"@type\":\"ImageObject\",\"inLanguage\":\"fr-FR\",\"@id\":\"https:\\\/\\\/www.latribunedufaso.net\\\/#\\\/schema\\\/logo\\\/image\\\/\",\"url\":\"https:\\\/\\\/www.latribunedufaso.net\\\/wp-content\\\/uploads\\\/2020\\\/08\\\/Logo-Tribune-du-Faso-final-scaled.jpg\",\"contentUrl\":\"https:\\\/\\\/www.latribunedufaso.net\\\/wp-content\\\/uploads\\\/2020\\\/08\\\/Logo-Tribune-du-Faso-final-scaled.jpg\",\"width\":2560,\"height\":1856,\"caption\":\"La Tribune du Faso\"},\"image\":{\"@id\":\"https:\\\/\\\/www.latribunedufaso.net\\\/#\\\/schema\\\/logo\\\/image\\\/\"},\"sameAs\":[\"https:\\\/\\\/www.facebook.com\\\/LatribuneduFaso\\\/\"]},{\"@type\":\"Person\",\"@id\":\"https:\\\/\\\/www.latribunedufaso.net\\\/#\\\/schema\\\/person\\\/e54e64c5778a7e72cf80a318b7a622b0\",\"name\":\"Issouf Tapsoba\",\"image\":{\"@type\":\"ImageObject\",\"inLanguage\":\"fr-FR\",\"@id\":\"https:\\\/\\\/secure.gravatar.com\\\/avatar\\\/5e6c05150ce3230247d167f5b94d678eb05936197436d69b7921e3a95c9107ac?s=96&d=mm&r=g\",\"url\":\"https:\\\/\\\/secure.gravatar.com\\\/avatar\\\/5e6c05150ce3230247d167f5b94d678eb05936197436d69b7921e3a95c9107ac?s=96&d=mm&r=g\",\"contentUrl\":\"https:\\\/\\\/secure.gravatar.com\\\/avatar\\\/5e6c05150ce3230247d167f5b94d678eb05936197436d69b7921e3a95c9107ac?s=96&d=mm&r=g\",\"caption\":\"Issouf Tapsoba\"},\"url\":\"https:\\\/\\\/www.latribunedufaso.net\\\/?author=5\"}]}<\/script>\n<!-- \/ Yoast SEO plugin. -->","yoast_head_json":{"title":"Excellence scolaire : Le Lyc\u00e9e municipal V\u00e9n\u00e9gr\u00e9 r\u00e9compense ses meilleurs \u00e9l\u00e8ves\u00a0 - La Tribune du Faso","robots":{"index":"index","follow":"follow","max-snippet":"max-snippet:-1","max-image-preview":"max-image-preview:large","max-video-preview":"max-video-preview:-1"},"canonical":"https:\/\/www.latribunedufaso.net\/?p=13594","og_locale":"fr_FR","og_type":"article","og_title":"Excellence scolaire : Le Lyc\u00e9e municipal V\u00e9n\u00e9gr\u00e9 r\u00e9compense ses meilleurs \u00e9l\u00e8ves\u00a0 - La Tribune du Faso","og_description":"Le Lyc\u00e9e municipal V\u00e9n\u00e9gr\u00e9 (LMV) a organis\u00e9 une journ\u00e9e d\u2019excellence, le mercredi 29 mai 2024 \u00e0 Ouagadougou. Cette c\u00e9r\u00e9monie a connu la mobilisation des parents d\u2019\u00e9l\u00e8ves et des anciens \u00e9l\u00e8ves du lyc\u00e9e.\u00a0","og_url":"https:\/\/www.latribunedufaso.net\/?p=13594","og_site_name":"La Tribune du Faso","article_publisher":"https:\/\/www.facebook.com\/LatribuneduFaso\/","article_published_time":"2024-05-29T21:35:00+00:00","og_image":[{"width":1020,"height":768,"url":"https:\/\/www.latribunedufaso.net\/wp-content\/uploads\/2024\/05\/IMG-20240529-WA0070.jpg","type":"image\/jpeg"}],"author":"Issouf Tapsoba","twitter_misc":{"\u00c9crit par":"Issouf Tapsoba","Dur\u00e9e de lecture estim\u00e9e":"3 minutes"},"schema":{"@context":"https:\/\/schema.org","@graph":[{"@type":"Article","@id":"https:\/\/www.latribunedufaso.net\/?p=13594#article","isPartOf":{"@id":"https:\/\/www.latribunedufaso.net\/?p=13594"},"author":{"name":"Issouf Tapsoba","@id":"https:\/\/www.latribunedufaso.net\/#\/schema\/person\/e54e64c5778a7e72cf80a318b7a622b0"},"headline":"Excellence scolaire : Le Lyc\u00e9e municipal V\u00e9n\u00e9gr\u00e9 r\u00e9compense ses meilleurs \u00e9l\u00e8ves\u00a0","datePublished":"2024-05-29T21:35:00+00:00","mainEntityOfPage":{"@id":"https:\/\/www.latribunedufaso.net\/?p=13594"},"wordCount":639,"commentCount":0,"publisher":{"@id":"https:\/\/www.latribunedufaso.net\/#organization"},"image":{"@id":"https:\/\/www.latribunedufaso.net\/?p=13594#primaryimage"},"thumbnailUrl":"https:\/\/www.latribunedufaso.net\/wp-content\/uploads\/2024\/05\/IMG-20240529-WA0070.jpg","articleSection":["A la une","Actualit\u00e9","\u00c9ducation"],"inLanguage":"fr-FR","potentialAction":[{"@type":"CommentAction","name":"Comment","target":["https:\/\/www.latribunedufaso.net\/?p=13594#respond"]}]},{"@type":"WebPage","@id":"https:\/\/www.latribunedufaso.net\/?p=13594","url":"https:\/\/www.latribunedufaso.net\/?p=13594","name":"Excellence scolaire : Le Lyc\u00e9e municipal V\u00e9n\u00e9gr\u00e9 r\u00e9compense ses meilleurs \u00e9l\u00e8ves\u00a0 - La Tribune du Faso","isPartOf":{"@id":"https:\/\/www.latribunedufaso.net\/#website"},"primaryImageOfPage":{"@id":"https:\/\/www.latribunedufaso.net\/?p=13594#primaryimage"},"image":{"@id":"https:\/\/www.latribunedufaso.net\/?p=13594#primaryimage"},"thumbnailUrl":"https:\/\/www.latribunedufaso.net\/wp-content\/uploads\/2024\/05\/IMG-20240529-WA0070.jpg","datePublished":"2024-05-29T21:35:00+00:00","breadcrumb":{"@id":"https:\/\/www.latribunedufaso.net\/?p=13594#breadcrumb"},"inLanguage":"fr-FR","potentialAction":[{"@type":"ReadAction","target":["https:\/\/www.latribunedufaso.net\/?p=13594"]}]},{"@type":"ImageObject","inLanguage":"fr-FR","@id":"https:\/\/www.latribunedufaso.net\/?p=13594#primaryimage","url":"https:\/\/www.latribunedufaso.net\/wp-content\/uploads\/2024\/05\/IMG-20240529-WA0070.jpg","contentUrl":"https:\/\/www.latribunedufaso.net\/wp-content\/uploads\/2024\/05\/IMG-20240529-WA0070.jpg","width":1020,"height":768},{"@type":"BreadcrumbList","@id":"https:\/\/www.latribunedufaso.net\/?p=13594#breadcrumb","itemListElement":[{"@type":"ListItem","position":1,"name":"Accueil","item":"https:\/\/www.latribunedufaso.net\/"},{"@type":"ListItem","position":2,"name":"Excellence scolaire : Le Lyc\u00e9e municipal V\u00e9n\u00e9gr\u00e9 r\u00e9compense ses meilleurs \u00e9l\u00e8ves\u00a0"}]},{"@type":"WebSite","@id":"https:\/\/www.latribunedufaso.net\/#website","url":"https:\/\/www.latribunedufaso.net\/","name":"La Tribune du Faso","description":"L&#039;information du monde rural en un clic","publisher":{"@id":"https:\/\/www.latribunedufaso.net\/#organization"},"potentialAction":[{"@type":"SearchAction","target":{"@type":"EntryPoint","urlTemplate":"https:\/\/www.latribunedufaso.net\/?s={search_term_string}"},"query-input":{"@type":"PropertyValueSpecification","valueRequired":true,"valueName":"search_term_string"}}],"inLanguage":"fr-FR"},{"@type":"Organization","@id":"https:\/\/www.latribunedufaso.net\/#organization","name":"La Tribune du Faso","url":"https:\/\/www.latribunedufaso.net\/","logo":{"@type":"ImageObject","inLanguage":"fr-FR","@id":"https:\/\/www.latribunedufaso.net\/#\/schema\/logo\/image\/","url":"https:\/\/www.latribunedufaso.net\/wp-content\/uploads\/2020\/08\/Logo-Tribune-du-Faso-final-scaled.jpg","contentUrl":"https:\/\/www.latribunedufaso.net\/wp-content\/uploads\/2020\/08\/Logo-Tribune-du-Faso-final-scaled.jpg","width":2560,"height":1856,"caption":"La Tribune du Faso"},"image":{"@id":"https:\/\/www.latribunedufaso.net\/#\/schema\/logo\/image\/"},"sameAs":["https:\/\/www.facebook.com\/LatribuneduFaso\/"]},{"@type":"Person","@id":"https:\/\/www.latribunedufaso.net\/#\/schema\/person\/e54e64c5778a7e72cf80a318b7a622b0","name":"Issouf Tapsoba","image":{"@type":"ImageObject","inLanguage":"fr-FR","@id":"https:\/\/secure.gravatar.com\/avatar\/5e6c05150ce3230247d167f5b94d678eb05936197436d69b7921e3a95c9107ac?s=96&d=mm&r=g","url":"https:\/\/secure.gravatar.com\/avatar\/5e6c05150ce3230247d167f5b94d678eb05936197436d69b7921e3a95c9107ac?s=96&d=mm&r=g","contentUrl":"https:\/\/secure.gravatar.com\/avatar\/5e6c05150ce3230247d167f5b94d678eb05936197436d69b7921e3a95c9107ac?s=96&d=mm&r=g","caption":"Issouf Tapsoba"},"url":"https:\/\/www.latribunedufaso.net\/?author=5"}]}},"_links":{"self":[{"href":"https:\/\/www.latribunedufaso.net\/index.php?rest_route=\/wp\/v2\/posts\/13594","targetHints":{"allow":["GET"]}}],"collection":[{"href":"https:\/\/www.latribunedufaso.net\/index.php?rest_route=\/wp\/v2\/posts"}],"about":[{"href":"https:\/\/www.latribunedufaso.net\/index.php?rest_route=\/wp\/v2\/types\/post"}],"author":[{"embeddable":true,"href":"https:\/\/www.latribunedufaso.net\/index.php?rest_route=\/wp\/v2\/users\/5"}],"replies":[{"embeddable":true,"href":"https:\/\/www.latribunedufaso.net\/index.php?rest_route=%2Fwp%2Fv2%2Fcomments&post=13594"}],"version-history":[{"count":3,"href":"https:\/\/www.latribunedufaso.net\/index.php?rest_route=\/wp\/v2\/posts\/13594\/revisions"}],"predecessor-version":[{"id":13604,"href":"https:\/\/www.latribunedufaso.net\/index.php?rest_route=\/wp\/v2\/posts\/13594\/revisions\/13604"}],"wp:featuredmedia":[{"embeddable":true,"href":"https:\/\/www.latribunedufaso.net\/index.php?rest_route=\/wp\/v2\/media\/13597"}],"wp:attachment":[{"href":"https:\/\/www.latribunedufaso.net\/index.php?rest_route=%2Fwp%2Fv2%2Fmedia&parent=13594"}],"wp:term":[{"taxonomy":"category","embeddable":true,"href":"https:\/\/www.latribunedufaso.net\/index.php?rest_route=%2Fwp%2Fv2%2Fcategories&post=13594"},{"taxonomy":"post_tag","embeddable":true,"href":"https:\/\/www.latribunedufaso.net\/index.php?rest_route=%2Fwp%2Fv2%2Ftags&post=13594"}],"curies":[{"name":"wp","href":"https:\/\/api.w.org\/{rel}","templated":true}]}}