{"id":13505,"date":"2024-05-23T14:58:03","date_gmt":"2024-05-23T14:58:03","guid":{"rendered":"https:\/\/www.latribunedufaso.net\/?p=13505"},"modified":"2024-05-23T14:58:03","modified_gmt":"2024-05-23T14:58:03","slug":"6eme-edition-de-la-journee-nationale-de-larbre-jna-rendez-vous-le-22-juin-2024-a-bobo-dioulasso","status":"publish","type":"post","link":"https:\/\/www.latribunedufaso.net\/?p=13505","title":{"rendered":"6\u00e8me \u00e9dition de la Journ\u00e9e nationale de l&rsquo;arbre (JNA) : Rendez-vous le 22 juin 2024 \u00e0 Bobo-Dioulasso"},"content":{"rendered":"<p><strong><span style=\"font-size: 1.0625rem;\">Le comit\u00e9 National d\u2019Organisation (CNO) de la Journ\u00e9e Nationale de l\u2019Arbre (JNA) \u00e9dition 2024, a tenu le mercredi 22 mai 2024 \u00e0 Ouagadougou, une rencontre pr\u00e9sid\u00e9e par le Ministre l\u2019Environnement de l\u2019Eau et l\u2019Assainissement, Roger Baro. L&rsquo;objectif de cette rencontre est de permettre aux membres du CNO de se concerter sur l&rsquo;organisation de l&rsquo;\u00e9v\u00e9nement.<\/span><\/strong><br \/><!--more--><\/p>\n<p><a href=\"https:\/\/www.latribunedufaso.net\/wp-content\/uploads\/2024\/05\/FB_IMG_1716475988520.jpg\"><img loading=\"lazy\" decoding=\"async\" class=\"size-medium wp-image-13508 alignleft\" src=\"https:\/\/www.latribunedufaso.net\/wp-content\/uploads\/2024\/05\/FB_IMG_1716475988520-300x200.jpg\" alt=\"\" width=\"300\" height=\"200\" srcset=\"https:\/\/www.latribunedufaso.net\/wp-content\/uploads\/2024\/05\/FB_IMG_1716475988520-300x200.jpg 300w, https:\/\/www.latribunedufaso.net\/wp-content\/uploads\/2024\/05\/FB_IMG_1716475988520-120x80.jpg 120w, https:\/\/www.latribunedufaso.net\/wp-content\/uploads\/2024\/05\/FB_IMG_1716475988520-360x240.jpg 360w, https:\/\/www.latribunedufaso.net\/wp-content\/uploads\/2024\/05\/FB_IMG_1716475988520-600x400.jpg 600w, https:\/\/www.latribunedufaso.net\/wp-content\/uploads\/2024\/05\/FB_IMG_1716475988520.jpg 720w\" sizes=\"auto, (max-width: 300px) 100vw, 300px\" \/><\/a>A \u00e9couter le Secr\u00e9taire G\u00e9n\u00e9ral, Boura\u00efma KOANDA pr\u00e9sident du CNO, \u00ab les questions de l\u2019arbre occupent une grande place pour le Chef de l\u2019Etat et le Premier Ministre. Il faut donc bien peaufiner les choses \u00bb.\u00a0<\/p>\n<p>La Communication, les activit\u00e9s de plantation d\u2019arbres, l\u2019organisation des panels, la nuit de l\u2019arbre d\u00e9nomm\u00e9e \u2018Tree Night\u2019, la foire d\u2019exposition, sont entre autres activit\u00e9s qui sont pass\u00e9es en revue par la CNO qui a rassur\u00e9 de la bonne organisation de l\u2019\u00e9v\u00e8nement.<\/p>\n<p><a href=\"https:\/\/www.latribunedufaso.net\/wp-content\/uploads\/2024\/05\/FB_IMG_1716476021844.jpg\"><img loading=\"lazy\" decoding=\"async\" class=\"size-medium wp-image-13507 alignleft\" src=\"https:\/\/www.latribunedufaso.net\/wp-content\/uploads\/2024\/05\/FB_IMG_1716476021844-300x200.jpg\" alt=\"\" width=\"300\" height=\"200\" srcset=\"https:\/\/www.latribunedufaso.net\/wp-content\/uploads\/2024\/05\/FB_IMG_1716476021844-300x200.jpg 300w, https:\/\/www.latribunedufaso.net\/wp-content\/uploads\/2024\/05\/FB_IMG_1716476021844-120x80.jpg 120w, https:\/\/www.latribunedufaso.net\/wp-content\/uploads\/2024\/05\/FB_IMG_1716476021844-360x240.jpg 360w, https:\/\/www.latribunedufaso.net\/wp-content\/uploads\/2024\/05\/FB_IMG_1716476021844-600x400.jpg 600w, https:\/\/www.latribunedufaso.net\/wp-content\/uploads\/2024\/05\/FB_IMG_1716476021844.jpg 720w\" sizes=\"auto, (max-width: 300px) 100vw, 300px\" \/><\/a>Notons que la 6e \u00e9dition de la Journ\u00e9e Nationale de l\u2019arbre se tiendra sous le tr\u00e8s haut patronage du Chef de l\u2019Etat, le Capitaine Ibrahim TRAORE le 22 Juin prochain \u00e0 Bobo Dioulasso. Cette c\u00e9l\u00e9bration est plac\u00e9e sous le th\u00e8me : \u00ab Arbre capitale de r\u00e9silience pour un d\u00e9veloppement endog\u00e8ne\u00bb, servira de lancement officiel de la campagne nationale de reforestation 2024.<\/p>\n<p><strong>Latribunedufaso.net\u00a0<\/strong><\/p>\n<p><strong>So<span style=\"font-size: 1.0625rem;\">urce : DCRP\/MEEA<a href=\"https:\/\/www.latribunedufaso.net\/wp-content\/uploads\/2024\/05\/FB_IMG_1716476028178.jpg\"><img loading=\"lazy\" decoding=\"async\" class=\"size-medium wp-image-13506 alignleft\" src=\"https:\/\/www.latribunedufaso.net\/wp-content\/uploads\/2024\/05\/FB_IMG_1716476028178-300x200.jpg\" alt=\"\" width=\"300\" height=\"200\" srcset=\"https:\/\/www.latribunedufaso.net\/wp-content\/uploads\/2024\/05\/FB_IMG_1716476028178-300x200.jpg 300w, https:\/\/www.latribunedufaso.net\/wp-content\/uploads\/2024\/05\/FB_IMG_1716476028178-120x80.jpg 120w, https:\/\/www.latribunedufaso.net\/wp-content\/uploads\/2024\/05\/FB_IMG_1716476028178-360x240.jpg 360w, https:\/\/www.latribunedufaso.net\/wp-content\/uploads\/2024\/05\/FB_IMG_1716476028178-600x400.jpg 600w, https:\/\/www.latribunedufaso.net\/wp-content\/uploads\/2024\/05\/FB_IMG_1716476028178.jpg 720w\" sizes=\"auto, (max-width: 300px) 100vw, 300px\" \/><\/a><\/span><\/strong><\/p>\n","protected":false},"excerpt":{"rendered":"<p>Le comit\u00e9 National d\u2019Organisation (CNO) de la Journ\u00e9e Nationale de l\u2019Arbre (JNA) \u00e9dition 2024, a tenu le mercredi 22 mai 2024 \u00e0 Ouagadougou, une rencontre pr\u00e9sid\u00e9e par le Ministre l\u2019Environnement de l\u2019Eau et l\u2019Assainissement, Roger Baro. L&rsquo;objectif de cette rencontre est de permettre aux membres du CNO de se concerter sur l&rsquo;organisation de l&rsquo;\u00e9v\u00e9nement.<\/p>\n","protected":false},"author":5,"featured_media":13509,"comment_status":"open","ping_status":"open","sticky":false,"template":"","format":"standard","meta":{"footnotes":""},"categories":[13,1,5],"tags":[],"class_list":["post-13505","post","type-post","status-publish","format-standard","has-post-thumbnail","hentry","category-une","category-actu","category-envir"],"yoast_head":"<!-- This site is optimized with the Yoast SEO plugin v27.5 - https:\/\/yoast.com\/product\/yoast-seo-wordpress\/ -->\n<title>6\u00e8me \u00e9dition de la Journ\u00e9e nationale de l&#039;arbre (JNA) : Rendez-vous le 22 juin 2024 \u00e0 Bobo-Dioulasso - La Tribune du Faso<\/title>\n<meta name=\"robots\" content=\"index, follow, max-snippet:-1, max-image-preview:large, max-video-preview:-1\" \/>\n<link rel=\"canonical\" href=\"https:\/\/www.latribunedufaso.net\/?p=13505\" \/>\n<meta property=\"og:locale\" content=\"fr_FR\" \/>\n<meta property=\"og:type\" content=\"article\" \/>\n<meta property=\"og:title\" content=\"6\u00e8me \u00e9dition de la Journ\u00e9e nationale de l&#039;arbre (JNA) : Rendez-vous le 22 juin 2024 \u00e0 Bobo-Dioulasso - La Tribune du Faso\" \/>\n<meta property=\"og:description\" content=\"Le comit\u00e9 National d\u2019Organisation (CNO) de la Journ\u00e9e Nationale de l\u2019Arbre (JNA) \u00e9dition 2024, a tenu le mercredi 22 mai 2024 \u00e0 Ouagadougou, une rencontre pr\u00e9sid\u00e9e par le Ministre l\u2019Environnement de l\u2019Eau et l\u2019Assainissement, Roger Baro. L&rsquo;objectif de cette rencontre est de permettre aux membres du CNO de se concerter sur l&rsquo;organisation de l&rsquo;\u00e9v\u00e9nement.\" \/>\n<meta property=\"og:url\" content=\"https:\/\/www.latribunedufaso.net\/?p=13505\" \/>\n<meta property=\"og:site_name\" content=\"La Tribune du Faso\" \/>\n<meta property=\"article:publisher\" content=\"https:\/\/www.facebook.com\/LatribuneduFaso\/\" \/>\n<meta property=\"article:published_time\" content=\"2024-05-23T14:58:03+00:00\" \/>\n<meta property=\"og:image\" content=\"https:\/\/www.latribunedufaso.net\/wp-content\/uploads\/2024\/05\/FB_IMG_1716475978987.jpg\" \/>\n\t<meta property=\"og:image:width\" content=\"720\" \/>\n\t<meta property=\"og:image:height\" content=\"376\" \/>\n\t<meta property=\"og:image:type\" content=\"image\/jpeg\" \/>\n<meta name=\"author\" content=\"Issouf Tapsoba\" \/>\n<meta name=\"twitter:label1\" content=\"\u00c9crit par\" \/>\n\t<meta name=\"twitter:data1\" content=\"Issouf Tapsoba\" \/>\n\t<meta name=\"twitter:label2\" content=\"Dur\u00e9e de lecture estim\u00e9e\" \/>\n\t<meta name=\"twitter:data2\" content=\"1 minute\" \/>\n<script type=\"application\/ld+json\" class=\"yoast-schema-graph\">{\"@context\":\"https:\\\/\\\/schema.org\",\"@graph\":[{\"@type\":\"Article\",\"@id\":\"https:\\\/\\\/www.latribunedufaso.net\\\/?p=13505#article\",\"isPartOf\":{\"@id\":\"https:\\\/\\\/www.latribunedufaso.net\\\/?p=13505\"},\"author\":{\"name\":\"Issouf Tapsoba\",\"@id\":\"https:\\\/\\\/www.latribunedufaso.net\\\/#\\\/schema\\\/person\\\/e54e64c5778a7e72cf80a318b7a622b0\"},\"headline\":\"6\u00e8me \u00e9dition de la Journ\u00e9e nationale de l&rsquo;arbre (JNA) : Rendez-vous le 22 juin 2024 \u00e0 Bobo-Dioulasso\",\"datePublished\":\"2024-05-23T14:58:03+00:00\",\"mainEntityOfPage\":{\"@id\":\"https:\\\/\\\/www.latribunedufaso.net\\\/?p=13505\"},\"wordCount\":242,\"commentCount\":0,\"publisher\":{\"@id\":\"https:\\\/\\\/www.latribunedufaso.net\\\/#organization\"},\"image\":{\"@id\":\"https:\\\/\\\/www.latribunedufaso.net\\\/?p=13505#primaryimage\"},\"thumbnailUrl\":\"https:\\\/\\\/www.latribunedufaso.net\\\/wp-content\\\/uploads\\\/2024\\\/05\\\/FB_IMG_1716475978987.jpg\",\"articleSection\":[\"A la une\",\"Actualit\u00e9\",\"Environnement\"],\"inLanguage\":\"fr-FR\",\"potentialAction\":[{\"@type\":\"CommentAction\",\"name\":\"Comment\",\"target\":[\"https:\\\/\\\/www.latribunedufaso.net\\\/?p=13505#respond\"]}]},{\"@type\":\"WebPage\",\"@id\":\"https:\\\/\\\/www.latribunedufaso.net\\\/?p=13505\",\"url\":\"https:\\\/\\\/www.latribunedufaso.net\\\/?p=13505\",\"name\":\"6\u00e8me \u00e9dition de la Journ\u00e9e nationale de l'arbre (JNA) : Rendez-vous le 22 juin 2024 \u00e0 Bobo-Dioulasso - La Tribune du Faso\",\"isPartOf\":{\"@id\":\"https:\\\/\\\/www.latribunedufaso.net\\\/#website\"},\"primaryImageOfPage\":{\"@id\":\"https:\\\/\\\/www.latribunedufaso.net\\\/?p=13505#primaryimage\"},\"image\":{\"@id\":\"https:\\\/\\\/www.latribunedufaso.net\\\/?p=13505#primaryimage\"},\"thumbnailUrl\":\"https:\\\/\\\/www.latribunedufaso.net\\\/wp-content\\\/uploads\\\/2024\\\/05\\\/FB_IMG_1716475978987.jpg\",\"datePublished\":\"2024-05-23T14:58:03+00:00\",\"breadcrumb\":{\"@id\":\"https:\\\/\\\/www.latribunedufaso.net\\\/?p=13505#breadcrumb\"},\"inLanguage\":\"fr-FR\",\"potentialAction\":[{\"@type\":\"ReadAction\",\"target\":[\"https:\\\/\\\/www.latribunedufaso.net\\\/?p=13505\"]}]},{\"@type\":\"ImageObject\",\"inLanguage\":\"fr-FR\",\"@id\":\"https:\\\/\\\/www.latribunedufaso.net\\\/?p=13505#primaryimage\",\"url\":\"https:\\\/\\\/www.latribunedufaso.net\\\/wp-content\\\/uploads\\\/2024\\\/05\\\/FB_IMG_1716475978987.jpg\",\"contentUrl\":\"https:\\\/\\\/www.latribunedufaso.net\\\/wp-content\\\/uploads\\\/2024\\\/05\\\/FB_IMG_1716475978987.jpg\",\"width\":720,\"height\":376},{\"@type\":\"BreadcrumbList\",\"@id\":\"https:\\\/\\\/www.latribunedufaso.net\\\/?p=13505#breadcrumb\",\"itemListElement\":[{\"@type\":\"ListItem\",\"position\":1,\"name\":\"Accueil\",\"item\":\"https:\\\/\\\/www.latribunedufaso.net\\\/\"},{\"@type\":\"ListItem\",\"position\":2,\"name\":\"6\u00e8me \u00e9dition de la Journ\u00e9e nationale de l&rsquo;arbre (JNA) : Rendez-vous le 22 juin 2024 \u00e0 Bobo-Dioulasso\"}]},{\"@type\":\"WebSite\",\"@id\":\"https:\\\/\\\/www.latribunedufaso.net\\\/#website\",\"url\":\"https:\\\/\\\/www.latribunedufaso.net\\\/\",\"name\":\"La Tribune du Faso\",\"description\":\"L&#039;information du monde rural en un clic\",\"publisher\":{\"@id\":\"https:\\\/\\\/www.latribunedufaso.net\\\/#organization\"},\"potentialAction\":[{\"@type\":\"SearchAction\",\"target\":{\"@type\":\"EntryPoint\",\"urlTemplate\":\"https:\\\/\\\/www.latribunedufaso.net\\\/?s={search_term_string}\"},\"query-input\":{\"@type\":\"PropertyValueSpecification\",\"valueRequired\":true,\"valueName\":\"search_term_string\"}}],\"inLanguage\":\"fr-FR\"},{\"@type\":\"Organization\",\"@id\":\"https:\\\/\\\/www.latribunedufaso.net\\\/#organization\",\"name\":\"La Tribune du Faso\",\"url\":\"https:\\\/\\\/www.latribunedufaso.net\\\/\",\"logo\":{\"@type\":\"ImageObject\",\"inLanguage\":\"fr-FR\",\"@id\":\"https:\\\/\\\/www.latribunedufaso.net\\\/#\\\/schema\\\/logo\\\/image\\\/\",\"url\":\"https:\\\/\\\/www.latribunedufaso.net\\\/wp-content\\\/uploads\\\/2020\\\/08\\\/Logo-Tribune-du-Faso-final-scaled.jpg\",\"contentUrl\":\"https:\\\/\\\/www.latribunedufaso.net\\\/wp-content\\\/uploads\\\/2020\\\/08\\\/Logo-Tribune-du-Faso-final-scaled.jpg\",\"width\":2560,\"height\":1856,\"caption\":\"La Tribune du Faso\"},\"image\":{\"@id\":\"https:\\\/\\\/www.latribunedufaso.net\\\/#\\\/schema\\\/logo\\\/image\\\/\"},\"sameAs\":[\"https:\\\/\\\/www.facebook.com\\\/LatribuneduFaso\\\/\"]},{\"@type\":\"Person\",\"@id\":\"https:\\\/\\\/www.latribunedufaso.net\\\/#\\\/schema\\\/person\\\/e54e64c5778a7e72cf80a318b7a622b0\",\"name\":\"Issouf Tapsoba\",\"image\":{\"@type\":\"ImageObject\",\"inLanguage\":\"fr-FR\",\"@id\":\"https:\\\/\\\/secure.gravatar.com\\\/avatar\\\/5e6c05150ce3230247d167f5b94d678eb05936197436d69b7921e3a95c9107ac?s=96&d=mm&r=g\",\"url\":\"https:\\\/\\\/secure.gravatar.com\\\/avatar\\\/5e6c05150ce3230247d167f5b94d678eb05936197436d69b7921e3a95c9107ac?s=96&d=mm&r=g\",\"contentUrl\":\"https:\\\/\\\/secure.gravatar.com\\\/avatar\\\/5e6c05150ce3230247d167f5b94d678eb05936197436d69b7921e3a95c9107ac?s=96&d=mm&r=g\",\"caption\":\"Issouf Tapsoba\"},\"url\":\"https:\\\/\\\/www.latribunedufaso.net\\\/?author=5\"}]}<\/script>\n<!-- \/ Yoast SEO plugin. -->","yoast_head_json":{"title":"6\u00e8me \u00e9dition de la Journ\u00e9e nationale de l'arbre (JNA) : Rendez-vous le 22 juin 2024 \u00e0 Bobo-Dioulasso - La Tribune du Faso","robots":{"index":"index","follow":"follow","max-snippet":"max-snippet:-1","max-image-preview":"max-image-preview:large","max-video-preview":"max-video-preview:-1"},"canonical":"https:\/\/www.latribunedufaso.net\/?p=13505","og_locale":"fr_FR","og_type":"article","og_title":"6\u00e8me \u00e9dition de la Journ\u00e9e nationale de l'arbre (JNA) : Rendez-vous le 22 juin 2024 \u00e0 Bobo-Dioulasso - La Tribune du Faso","og_description":"Le comit\u00e9 National d\u2019Organisation (CNO) de la Journ\u00e9e Nationale de l\u2019Arbre (JNA) \u00e9dition 2024, a tenu le mercredi 22 mai 2024 \u00e0 Ouagadougou, une rencontre pr\u00e9sid\u00e9e par le Ministre l\u2019Environnement de l\u2019Eau et l\u2019Assainissement, Roger Baro. L&rsquo;objectif de cette rencontre est de permettre aux membres du CNO de se concerter sur l&rsquo;organisation de l&rsquo;\u00e9v\u00e9nement.","og_url":"https:\/\/www.latribunedufaso.net\/?p=13505","og_site_name":"La Tribune du Faso","article_publisher":"https:\/\/www.facebook.com\/LatribuneduFaso\/","article_published_time":"2024-05-23T14:58:03+00:00","og_image":[{"width":720,"height":376,"url":"https:\/\/www.latribunedufaso.net\/wp-content\/uploads\/2024\/05\/FB_IMG_1716475978987.jpg","type":"image\/jpeg"}],"author":"Issouf Tapsoba","twitter_misc":{"\u00c9crit par":"Issouf Tapsoba","Dur\u00e9e de lecture estim\u00e9e":"1 minute"},"schema":{"@context":"https:\/\/schema.org","@graph":[{"@type":"Article","@id":"https:\/\/www.latribunedufaso.net\/?p=13505#article","isPartOf":{"@id":"https:\/\/www.latribunedufaso.net\/?p=13505"},"author":{"name":"Issouf Tapsoba","@id":"https:\/\/www.latribunedufaso.net\/#\/schema\/person\/e54e64c5778a7e72cf80a318b7a622b0"},"headline":"6\u00e8me \u00e9dition de la Journ\u00e9e nationale de l&rsquo;arbre (JNA) : Rendez-vous le 22 juin 2024 \u00e0 Bobo-Dioulasso","datePublished":"2024-05-23T14:58:03+00:00","mainEntityOfPage":{"@id":"https:\/\/www.latribunedufaso.net\/?p=13505"},"wordCount":242,"commentCount":0,"publisher":{"@id":"https:\/\/www.latribunedufaso.net\/#organization"},"image":{"@id":"https:\/\/www.latribunedufaso.net\/?p=13505#primaryimage"},"thumbnailUrl":"https:\/\/www.latribunedufaso.net\/wp-content\/uploads\/2024\/05\/FB_IMG_1716475978987.jpg","articleSection":["A la une","Actualit\u00e9","Environnement"],"inLanguage":"fr-FR","potentialAction":[{"@type":"CommentAction","name":"Comment","target":["https:\/\/www.latribunedufaso.net\/?p=13505#respond"]}]},{"@type":"WebPage","@id":"https:\/\/www.latribunedufaso.net\/?p=13505","url":"https:\/\/www.latribunedufaso.net\/?p=13505","name":"6\u00e8me \u00e9dition de la Journ\u00e9e nationale de l'arbre (JNA) : Rendez-vous le 22 juin 2024 \u00e0 Bobo-Dioulasso - La Tribune du Faso","isPartOf":{"@id":"https:\/\/www.latribunedufaso.net\/#website"},"primaryImageOfPage":{"@id":"https:\/\/www.latribunedufaso.net\/?p=13505#primaryimage"},"image":{"@id":"https:\/\/www.latribunedufaso.net\/?p=13505#primaryimage"},"thumbnailUrl":"https:\/\/www.latribunedufaso.net\/wp-content\/uploads\/2024\/05\/FB_IMG_1716475978987.jpg","datePublished":"2024-05-23T14:58:03+00:00","breadcrumb":{"@id":"https:\/\/www.latribunedufaso.net\/?p=13505#breadcrumb"},"inLanguage":"fr-FR","potentialAction":[{"@type":"ReadAction","target":["https:\/\/www.latribunedufaso.net\/?p=13505"]}]},{"@type":"ImageObject","inLanguage":"fr-FR","@id":"https:\/\/www.latribunedufaso.net\/?p=13505#primaryimage","url":"https:\/\/www.latribunedufaso.net\/wp-content\/uploads\/2024\/05\/FB_IMG_1716475978987.jpg","contentUrl":"https:\/\/www.latribunedufaso.net\/wp-content\/uploads\/2024\/05\/FB_IMG_1716475978987.jpg","width":720,"height":376},{"@type":"BreadcrumbList","@id":"https:\/\/www.latribunedufaso.net\/?p=13505#breadcrumb","itemListElement":[{"@type":"ListItem","position":1,"name":"Accueil","item":"https:\/\/www.latribunedufaso.net\/"},{"@type":"ListItem","position":2,"name":"6\u00e8me \u00e9dition de la Journ\u00e9e nationale de l&rsquo;arbre (JNA) : Rendez-vous le 22 juin 2024 \u00e0 Bobo-Dioulasso"}]},{"@type":"WebSite","@id":"https:\/\/www.latribunedufaso.net\/#website","url":"https:\/\/www.latribunedufaso.net\/","name":"La Tribune du Faso","description":"L&#039;information du monde rural en un clic","publisher":{"@id":"https:\/\/www.latribunedufaso.net\/#organization"},"potentialAction":[{"@type":"SearchAction","target":{"@type":"EntryPoint","urlTemplate":"https:\/\/www.latribunedufaso.net\/?s={search_term_string}"},"query-input":{"@type":"PropertyValueSpecification","valueRequired":true,"valueName":"search_term_string"}}],"inLanguage":"fr-FR"},{"@type":"Organization","@id":"https:\/\/www.latribunedufaso.net\/#organization","name":"La Tribune du Faso","url":"https:\/\/www.latribunedufaso.net\/","logo":{"@type":"ImageObject","inLanguage":"fr-FR","@id":"https:\/\/www.latribunedufaso.net\/#\/schema\/logo\/image\/","url":"https:\/\/www.latribunedufaso.net\/wp-content\/uploads\/2020\/08\/Logo-Tribune-du-Faso-final-scaled.jpg","contentUrl":"https:\/\/www.latribunedufaso.net\/wp-content\/uploads\/2020\/08\/Logo-Tribune-du-Faso-final-scaled.jpg","width":2560,"height":1856,"caption":"La Tribune du Faso"},"image":{"@id":"https:\/\/www.latribunedufaso.net\/#\/schema\/logo\/image\/"},"sameAs":["https:\/\/www.facebook.com\/LatribuneduFaso\/"]},{"@type":"Person","@id":"https:\/\/www.latribunedufaso.net\/#\/schema\/person\/e54e64c5778a7e72cf80a318b7a622b0","name":"Issouf Tapsoba","image":{"@type":"ImageObject","inLanguage":"fr-FR","@id":"https:\/\/secure.gravatar.com\/avatar\/5e6c05150ce3230247d167f5b94d678eb05936197436d69b7921e3a95c9107ac?s=96&d=mm&r=g","url":"https:\/\/secure.gravatar.com\/avatar\/5e6c05150ce3230247d167f5b94d678eb05936197436d69b7921e3a95c9107ac?s=96&d=mm&r=g","contentUrl":"https:\/\/secure.gravatar.com\/avatar\/5e6c05150ce3230247d167f5b94d678eb05936197436d69b7921e3a95c9107ac?s=96&d=mm&r=g","caption":"Issouf Tapsoba"},"url":"https:\/\/www.latribunedufaso.net\/?author=5"}]}},"_links":{"self":[{"href":"https:\/\/www.latribunedufaso.net\/index.php?rest_route=\/wp\/v2\/posts\/13505","targetHints":{"allow":["GET"]}}],"collection":[{"href":"https:\/\/www.latribunedufaso.net\/index.php?rest_route=\/wp\/v2\/posts"}],"about":[{"href":"https:\/\/www.latribunedufaso.net\/index.php?rest_route=\/wp\/v2\/types\/post"}],"author":[{"embeddable":true,"href":"https:\/\/www.latribunedufaso.net\/index.php?rest_route=\/wp\/v2\/users\/5"}],"replies":[{"embeddable":true,"href":"https:\/\/www.latribunedufaso.net\/index.php?rest_route=%2Fwp%2Fv2%2Fcomments&post=13505"}],"version-history":[{"count":1,"href":"https:\/\/www.latribunedufaso.net\/index.php?rest_route=\/wp\/v2\/posts\/13505\/revisions"}],"predecessor-version":[{"id":13510,"href":"https:\/\/www.latribunedufaso.net\/index.php?rest_route=\/wp\/v2\/posts\/13505\/revisions\/13510"}],"wp:featuredmedia":[{"embeddable":true,"href":"https:\/\/www.latribunedufaso.net\/index.php?rest_route=\/wp\/v2\/media\/13509"}],"wp:attachment":[{"href":"https:\/\/www.latribunedufaso.net\/index.php?rest_route=%2Fwp%2Fv2%2Fmedia&parent=13505"}],"wp:term":[{"taxonomy":"category","embeddable":true,"href":"https:\/\/www.latribunedufaso.net\/index.php?rest_route=%2Fwp%2Fv2%2Fcategories&post=13505"},{"taxonomy":"post_tag","embeddable":true,"href":"https:\/\/www.latribunedufaso.net\/index.php?rest_route=%2Fwp%2Fv2%2Ftags&post=13505"}],"curies":[{"name":"wp","href":"https:\/\/api.w.org\/{rel}","templated":true}]}}