{"id":13479,"date":"2024-05-23T12:14:13","date_gmt":"2024-05-23T12:14:13","guid":{"rendered":"https:\/\/www.latribunedufaso.net\/?p=13479"},"modified":"2024-05-23T12:14:13","modified_gmt":"2024-05-23T12:14:13","slug":"1er-casem-ordinaire-2024-du-ministere-des-mines-les-acteurs-reflechissent-sur-une-strategie-dencadrement-des-artisans-miniers-pour-plus-de-retombees-socioeconomiques","status":"publish","type":"post","link":"https:\/\/www.latribunedufaso.net\/?p=13479","title":{"rendered":"1er CASEM ordinaire 2024 du minist\u00e8re des Mines : Les acteurs r\u00e9fl\u00e9chissent sur une strat\u00e9gie d\u2019encadrement des artisans miniers pour plus de retomb\u00e9es socio\u00e9conomiques"},"content":{"rendered":"<p><strong><span style=\"font-size: 1.0625rem;\">Le minist\u00e8re de l\u2019Energie, des Mines et des Carri\u00e8res ( MEMC), tient ce jeudi 23 mai 2024 \u00e0 Ouagadougou, sa premi\u00e8re session ordinaire 2024 du Conseil d\u2019administration du secteur minist\u00e9riel (CASEM). L\u2019ouverture des travaux a \u00e9t\u00e9 pr\u00e9sid\u00e9e par le premier responsable du d\u00e9partement, Yacouba Zabr\u00e9 Gouba.<\/span><\/strong><!--more--><\/p>\n<p>\u00ab Artisanat minier : quelle strat\u00e9gie d\u2019encadrement des artisans miniers pour plus de retomb\u00e9es socio\u00e9conomiques \u00bb, tel est le th\u00e8me de la pr\u00e9sente session.<\/p>\n<p>\u00c0 travers ce th\u00e8me, selon le ministre Yacouba Gouba, il est question pour son d\u00e9partement, de voir comment identifier et r\u00e9pertorier tous les sites artisanaux que regorgent le pays, d\u2019\u00e9changer sur l\u2019organisation des artisans miniers en coop\u00e9ratives pour un meilleur encadrement et g\u00e9rer les \u00e9ventuels conflits.<\/p>\n<p><a href=\"https:\/\/www.latribunedufaso.net\/wp-content\/uploads\/2024\/05\/IMG-20240523-WA0008.jpg\"><img loading=\"lazy\" decoding=\"async\" class=\"size-medium wp-image-13480 alignleft\" src=\"https:\/\/www.latribunedufaso.net\/wp-content\/uploads\/2024\/05\/IMG-20240523-WA0008-300x271.jpg\" alt=\"\" width=\"300\" height=\"271\" srcset=\"https:\/\/www.latribunedufaso.net\/wp-content\/uploads\/2024\/05\/IMG-20240523-WA0008-300x271.jpg 300w, https:\/\/www.latribunedufaso.net\/wp-content\/uploads\/2024\/05\/IMG-20240523-WA0008-768x694.jpg 768w, https:\/\/www.latribunedufaso.net\/wp-content\/uploads\/2024\/05\/IMG-20240523-WA0008.jpg 863w\" sizes=\"auto, (max-width: 300px) 100vw, 300px\" \/><\/a>\u00ab Ce qui nous permettra de limiter les impacts n\u00e9fastes de l\u2019exploitation artisanale de l\u2019or et des substances de carri\u00e8res dans l\u2019environnement pour parvenir \u00e0 un ass\u00e8chement d\u2019une source potentielle de financement du terrorisme en attendant de meilleures perspectives qui d\u00e9couleraient de l\u2019am\u00e9lioration de la situation s\u00e9curitaire \u00bb, a-t-il ajout\u00e9.<\/p>\n<p>Il faut noter qu\u2019au cours de ce CASEM, il s\u2019agira \u00e9galement pour les participants, d\u2019\u00e9valuer les actions men\u00e9es par le minist\u00e8re au 31 d\u00e9cembre 2023, d\u2019identifier les difficult\u00e9s de mise en \u0153uvre et de proposer les solutions n\u00e9cessaires.\u00a0<\/p>\n<p>D\u00e9j\u00e0, en termes de bilan, le MEMC est parvenu au 31 d\u00e9cembre 2023, \u00e0 des taux moyens d\u2019ex\u00e9cution physique et financi\u00e8re des activit\u00e9s, respectivement de 53,2% et de 93,62%.\u00a0<\/p>\n<p>Ces r\u00e9sultats sont le fruit de la mise en \u0153uvre de plusieurs actions. Au niveau du domaine minier et des carri\u00e8re, il s\u2019agit entre autres, de l\u2019adoption par l\u2019Assembl\u00e9e l\u00e9gislative de Transition, de la loi portant modification du code minier de 2015 en vue d\u2019affecter une partie des ressources du Fonds minier de d\u00e9veloppement local (FMDL) pour le financement du Fonds de soutien patriotique (FSP) et l\u2019adoption par le Conseil des ministres du projet de loi portant contenu local dans le secteur minier pour am\u00e9liorer l\u2019impact de l\u2019exploitation mini\u00e8re dans le pays \u00e0 travers la valorisation de l\u2019expertise nationale et des produits locaux.<\/p>\n<p><a href=\"https:\/\/www.latribunedufaso.net\/wp-content\/uploads\/2024\/05\/IMG-20240523-WA0005.jpg\"><img loading=\"lazy\" decoding=\"async\" class=\"size-medium wp-image-13483 alignleft\" src=\"https:\/\/www.latribunedufaso.net\/wp-content\/uploads\/2024\/05\/IMG-20240523-WA0005-300x225.jpg\" alt=\"\" width=\"300\" height=\"225\" srcset=\"https:\/\/www.latribunedufaso.net\/wp-content\/uploads\/2024\/05\/IMG-20240523-WA0005-300x225.jpg 300w, https:\/\/www.latribunedufaso.net\/wp-content\/uploads\/2024\/05\/IMG-20240523-WA0005-1024x768.jpg 1024w, https:\/\/www.latribunedufaso.net\/wp-content\/uploads\/2024\/05\/IMG-20240523-WA0005-768x576.jpg 768w, https:\/\/www.latribunedufaso.net\/wp-content\/uploads\/2024\/05\/IMG-20240523-WA0005.jpg 1040w\" sizes=\"auto, (max-width: 300px) 100vw, 300px\" \/><\/a>On note aussi la signature d\u2019un arr\u00eat\u00e9 portant organigramme des directions r\u00e9gionales ainsi que la nomination et l\u2019installation de 06 directeurs r\u00e9gionaux, le d\u00e9veloppement des applications num\u00e9riques \u00ab sibnaf \u00bb et \u00ab Alertebnaf \u00bb dans le cadre de la lutte contre la fraude de l\u2019or, la fermeture des sites miniers artisanaux dans les zones d\u2019ins\u00e9curit\u00e9, l\u2019\u00e9laboration d\u2019une Strat\u00e9gie nationale de lutte contre la fraude de l\u2019or, le blanchiment de capitaux et le financement du terrorisme (SNLFO-BC\/FT 2024-2028) et son plan d\u2019actions triennal 2024-2026.<\/p>\n<p>Au niveau du domaine de l\u2019\u00e9nergie, il s\u2019agit notamment du d\u00e9ploiement dans plusieurs localit\u00e9s inaccessibles de groupes tractables pour assurer la continuit\u00e9 de la fourniture de l\u2019\u00e9lectricit\u00e9, le contr\u00f4le de 554 infrastructures de distribution de produits p\u00e9troliers, l\u2019installation de 719 \u00e9clairages publics solaires \u00e0 la sortie de Ouaga et Bobo. Aussi, on note l\u2019\u00e9laboration d\u2019une strat\u00e9gie nationale de l\u2019\u00e9lectrification pour la p\u00e9riode 2024-2028 assortie d\u2019un plan d\u2019actions 2024-2026, la signature d\u2019un M\u00e9morandum d\u2019entente avec la R\u00e9publique du Ghana le 17 aout 2023 pour la construction d\u2019un Pipeline multi produits Bolgatanga-P\u00f4 et d\u2019un d\u00e9p\u00f4t d\u2019hydrocarbures \u00e0 P\u00f4 , le d\u00e9ploiement de 172 syst\u00e8mes solaires au profit des \u00e9coles et des CSPS dans des localit\u00e9s rurales.<\/p>\n<p><a href=\"https:\/\/www.latribunedufaso.net\/wp-content\/uploads\/2024\/05\/IMG-20240523-WA0007.jpg\"><img loading=\"lazy\" decoding=\"async\" class=\"size-medium wp-image-13481 alignleft\" src=\"https:\/\/www.latribunedufaso.net\/wp-content\/uploads\/2024\/05\/IMG-20240523-WA0007-300x225.jpg\" alt=\"\" width=\"300\" height=\"225\" srcset=\"https:\/\/www.latribunedufaso.net\/wp-content\/uploads\/2024\/05\/IMG-20240523-WA0007-300x225.jpg 300w, https:\/\/www.latribunedufaso.net\/wp-content\/uploads\/2024\/05\/IMG-20240523-WA0007-1024x768.jpg 1024w, https:\/\/www.latribunedufaso.net\/wp-content\/uploads\/2024\/05\/IMG-20240523-WA0007-768x576.jpg 768w, https:\/\/www.latribunedufaso.net\/wp-content\/uploads\/2024\/05\/IMG-20240523-WA0007.jpg 1040w\" sizes=\"auto, (max-width: 300px) 100vw, 300px\" \/><\/a>Comme perspectives pour 2024, selon Yacouba Gouba , la mise en \u0153uvre du programmes d\u2019activit\u00e9s, doit tenir compte prioritairement des mesures\/actions inscrites dans son contrats d\u2019objectifs afin de mieux ex\u00e9cuter les grands chantiers et les r\u00e9formes engag\u00e9s par la Transition.\u00a0<\/p>\n<p><strong>Rosana Astride Kiendrebeogo\u00a0<\/strong><\/p>\n<p><strong>Latribunedufa<span style=\"font-size: 1.0625rem;\">so.net<\/span><\/strong><\/p>\n","protected":false},"excerpt":{"rendered":"<p>Le minist\u00e8re de l\u2019Energie, des Mines et des Carri\u00e8res ( MEMC), tient ce jeudi 23 mai 2024 \u00e0 Ouagadougou, sa premi\u00e8re session ordinaire 2024 du Conseil d\u2019administration du secteur minist\u00e9riel (CASEM). L\u2019ouverture des travaux a \u00e9t\u00e9 pr\u00e9sid\u00e9e par le premier responsable du d\u00e9partement, Yacouba Zabr\u00e9 Gouba.<\/p>\n","protected":false},"author":5,"featured_media":13482,"comment_status":"open","ping_status":"open","sticky":false,"template":"","format":"standard","meta":{"footnotes":""},"categories":[13,1,19],"tags":[],"class_list":["post-13479","post","type-post","status-publish","format-standard","has-post-thumbnail","hentry","category-une","category-actu","category-mines-et-carrieres"],"yoast_head":"<!-- This site is optimized with the Yoast SEO plugin v27.4 - https:\/\/yoast.com\/product\/yoast-seo-wordpress\/ -->\n<title>1er CASEM ordinaire 2024 du minist\u00e8re des Mines : Les acteurs r\u00e9fl\u00e9chissent sur une strat\u00e9gie d\u2019encadrement des artisans miniers pour plus de retomb\u00e9es socio\u00e9conomiques - La Tribune du Faso<\/title>\n<meta name=\"robots\" content=\"index, follow, max-snippet:-1, max-image-preview:large, max-video-preview:-1\" \/>\n<link rel=\"canonical\" href=\"https:\/\/www.latribunedufaso.net\/?p=13479\" \/>\n<meta property=\"og:locale\" content=\"fr_FR\" \/>\n<meta property=\"og:type\" content=\"article\" \/>\n<meta property=\"og:title\" content=\"1er CASEM ordinaire 2024 du minist\u00e8re des Mines : Les acteurs r\u00e9fl\u00e9chissent sur une strat\u00e9gie d\u2019encadrement des artisans miniers pour plus de retomb\u00e9es socio\u00e9conomiques - La Tribune du Faso\" \/>\n<meta property=\"og:description\" content=\"Le minist\u00e8re de l\u2019Energie, des Mines et des Carri\u00e8res ( MEMC), tient ce jeudi 23 mai 2024 \u00e0 Ouagadougou, sa premi\u00e8re session ordinaire 2024 du Conseil d\u2019administration du secteur minist\u00e9riel (CASEM). L\u2019ouverture des travaux a \u00e9t\u00e9 pr\u00e9sid\u00e9e par le premier responsable du d\u00e9partement, Yacouba Zabr\u00e9 Gouba.\" \/>\n<meta property=\"og:url\" content=\"https:\/\/www.latribunedufaso.net\/?p=13479\" \/>\n<meta property=\"og:site_name\" content=\"La Tribune du Faso\" \/>\n<meta property=\"article:publisher\" content=\"https:\/\/www.facebook.com\/LatribuneduFaso\/\" \/>\n<meta property=\"article:published_time\" content=\"2024-05-23T12:14:13+00:00\" \/>\n<meta property=\"og:image\" content=\"https:\/\/www.latribunedufaso.net\/wp-content\/uploads\/2024\/05\/IMG-20240523-WA0006.jpg\" \/>\n\t<meta property=\"og:image:width\" content=\"1040\" \/>\n\t<meta property=\"og:image:height\" content=\"780\" \/>\n\t<meta property=\"og:image:type\" content=\"image\/jpeg\" \/>\n<meta name=\"author\" content=\"Issouf Tapsoba\" \/>\n<meta name=\"twitter:label1\" content=\"\u00c9crit par\" \/>\n\t<meta name=\"twitter:data1\" content=\"Issouf Tapsoba\" \/>\n\t<meta name=\"twitter:label2\" content=\"Dur\u00e9e de lecture estim\u00e9e\" \/>\n\t<meta name=\"twitter:data2\" content=\"3 minutes\" \/>\n<script type=\"application\/ld+json\" class=\"yoast-schema-graph\">{\"@context\":\"https:\\\/\\\/schema.org\",\"@graph\":[{\"@type\":\"Article\",\"@id\":\"https:\\\/\\\/www.latribunedufaso.net\\\/?p=13479#article\",\"isPartOf\":{\"@id\":\"https:\\\/\\\/www.latribunedufaso.net\\\/?p=13479\"},\"author\":{\"name\":\"Issouf Tapsoba\",\"@id\":\"https:\\\/\\\/www.latribunedufaso.net\\\/#\\\/schema\\\/person\\\/e54e64c5778a7e72cf80a318b7a622b0\"},\"headline\":\"1er CASEM ordinaire 2024 du minist\u00e8re des Mines : Les acteurs r\u00e9fl\u00e9chissent sur une strat\u00e9gie d\u2019encadrement des artisans miniers pour plus de retomb\u00e9es socio\u00e9conomiques\",\"datePublished\":\"2024-05-23T12:14:13+00:00\",\"mainEntityOfPage\":{\"@id\":\"https:\\\/\\\/www.latribunedufaso.net\\\/?p=13479\"},\"wordCount\":685,\"commentCount\":0,\"publisher\":{\"@id\":\"https:\\\/\\\/www.latribunedufaso.net\\\/#organization\"},\"image\":{\"@id\":\"https:\\\/\\\/www.latribunedufaso.net\\\/?p=13479#primaryimage\"},\"thumbnailUrl\":\"https:\\\/\\\/www.latribunedufaso.net\\\/wp-content\\\/uploads\\\/2024\\\/05\\\/IMG-20240523-WA0006.jpg\",\"articleSection\":[\"A la une\",\"Actualit\u00e9\",\"Mines et Carri\u00e8res\"],\"inLanguage\":\"fr-FR\",\"potentialAction\":[{\"@type\":\"CommentAction\",\"name\":\"Comment\",\"target\":[\"https:\\\/\\\/www.latribunedufaso.net\\\/?p=13479#respond\"]}]},{\"@type\":\"WebPage\",\"@id\":\"https:\\\/\\\/www.latribunedufaso.net\\\/?p=13479\",\"url\":\"https:\\\/\\\/www.latribunedufaso.net\\\/?p=13479\",\"name\":\"1er CASEM ordinaire 2024 du minist\u00e8re des Mines : Les acteurs r\u00e9fl\u00e9chissent sur une strat\u00e9gie d\u2019encadrement des artisans miniers pour plus de retomb\u00e9es socio\u00e9conomiques - La Tribune du Faso\",\"isPartOf\":{\"@id\":\"https:\\\/\\\/www.latribunedufaso.net\\\/#website\"},\"primaryImageOfPage\":{\"@id\":\"https:\\\/\\\/www.latribunedufaso.net\\\/?p=13479#primaryimage\"},\"image\":{\"@id\":\"https:\\\/\\\/www.latribunedufaso.net\\\/?p=13479#primaryimage\"},\"thumbnailUrl\":\"https:\\\/\\\/www.latribunedufaso.net\\\/wp-content\\\/uploads\\\/2024\\\/05\\\/IMG-20240523-WA0006.jpg\",\"datePublished\":\"2024-05-23T12:14:13+00:00\",\"breadcrumb\":{\"@id\":\"https:\\\/\\\/www.latribunedufaso.net\\\/?p=13479#breadcrumb\"},\"inLanguage\":\"fr-FR\",\"potentialAction\":[{\"@type\":\"ReadAction\",\"target\":[\"https:\\\/\\\/www.latribunedufaso.net\\\/?p=13479\"]}]},{\"@type\":\"ImageObject\",\"inLanguage\":\"fr-FR\",\"@id\":\"https:\\\/\\\/www.latribunedufaso.net\\\/?p=13479#primaryimage\",\"url\":\"https:\\\/\\\/www.latribunedufaso.net\\\/wp-content\\\/uploads\\\/2024\\\/05\\\/IMG-20240523-WA0006.jpg\",\"contentUrl\":\"https:\\\/\\\/www.latribunedufaso.net\\\/wp-content\\\/uploads\\\/2024\\\/05\\\/IMG-20240523-WA0006.jpg\",\"width\":1040,\"height\":780},{\"@type\":\"BreadcrumbList\",\"@id\":\"https:\\\/\\\/www.latribunedufaso.net\\\/?p=13479#breadcrumb\",\"itemListElement\":[{\"@type\":\"ListItem\",\"position\":1,\"name\":\"Accueil\",\"item\":\"https:\\\/\\\/www.latribunedufaso.net\\\/\"},{\"@type\":\"ListItem\",\"position\":2,\"name\":\"1er CASEM ordinaire 2024 du minist\u00e8re des Mines : Les acteurs r\u00e9fl\u00e9chissent sur une strat\u00e9gie d\u2019encadrement des artisans miniers pour plus de retomb\u00e9es socio\u00e9conomiques\"}]},{\"@type\":\"WebSite\",\"@id\":\"https:\\\/\\\/www.latribunedufaso.net\\\/#website\",\"url\":\"https:\\\/\\\/www.latribunedufaso.net\\\/\",\"name\":\"La Tribune du Faso\",\"description\":\"L&#039;information du monde rural en un clic\",\"publisher\":{\"@id\":\"https:\\\/\\\/www.latribunedufaso.net\\\/#organization\"},\"potentialAction\":[{\"@type\":\"SearchAction\",\"target\":{\"@type\":\"EntryPoint\",\"urlTemplate\":\"https:\\\/\\\/www.latribunedufaso.net\\\/?s={search_term_string}\"},\"query-input\":{\"@type\":\"PropertyValueSpecification\",\"valueRequired\":true,\"valueName\":\"search_term_string\"}}],\"inLanguage\":\"fr-FR\"},{\"@type\":\"Organization\",\"@id\":\"https:\\\/\\\/www.latribunedufaso.net\\\/#organization\",\"name\":\"La Tribune du Faso\",\"url\":\"https:\\\/\\\/www.latribunedufaso.net\\\/\",\"logo\":{\"@type\":\"ImageObject\",\"inLanguage\":\"fr-FR\",\"@id\":\"https:\\\/\\\/www.latribunedufaso.net\\\/#\\\/schema\\\/logo\\\/image\\\/\",\"url\":\"https:\\\/\\\/www.latribunedufaso.net\\\/wp-content\\\/uploads\\\/2020\\\/08\\\/Logo-Tribune-du-Faso-final-scaled.jpg\",\"contentUrl\":\"https:\\\/\\\/www.latribunedufaso.net\\\/wp-content\\\/uploads\\\/2020\\\/08\\\/Logo-Tribune-du-Faso-final-scaled.jpg\",\"width\":2560,\"height\":1856,\"caption\":\"La Tribune du Faso\"},\"image\":{\"@id\":\"https:\\\/\\\/www.latribunedufaso.net\\\/#\\\/schema\\\/logo\\\/image\\\/\"},\"sameAs\":[\"https:\\\/\\\/www.facebook.com\\\/LatribuneduFaso\\\/\"]},{\"@type\":\"Person\",\"@id\":\"https:\\\/\\\/www.latribunedufaso.net\\\/#\\\/schema\\\/person\\\/e54e64c5778a7e72cf80a318b7a622b0\",\"name\":\"Issouf Tapsoba\",\"image\":{\"@type\":\"ImageObject\",\"inLanguage\":\"fr-FR\",\"@id\":\"https:\\\/\\\/secure.gravatar.com\\\/avatar\\\/5e6c05150ce3230247d167f5b94d678eb05936197436d69b7921e3a95c9107ac?s=96&d=mm&r=g\",\"url\":\"https:\\\/\\\/secure.gravatar.com\\\/avatar\\\/5e6c05150ce3230247d167f5b94d678eb05936197436d69b7921e3a95c9107ac?s=96&d=mm&r=g\",\"contentUrl\":\"https:\\\/\\\/secure.gravatar.com\\\/avatar\\\/5e6c05150ce3230247d167f5b94d678eb05936197436d69b7921e3a95c9107ac?s=96&d=mm&r=g\",\"caption\":\"Issouf Tapsoba\"},\"url\":\"https:\\\/\\\/www.latribunedufaso.net\\\/?author=5\"}]}<\/script>\n<!-- \/ Yoast SEO plugin. -->","yoast_head_json":{"title":"1er CASEM ordinaire 2024 du minist\u00e8re des Mines : Les acteurs r\u00e9fl\u00e9chissent sur une strat\u00e9gie d\u2019encadrement des artisans miniers pour plus de retomb\u00e9es socio\u00e9conomiques - La Tribune du Faso","robots":{"index":"index","follow":"follow","max-snippet":"max-snippet:-1","max-image-preview":"max-image-preview:large","max-video-preview":"max-video-preview:-1"},"canonical":"https:\/\/www.latribunedufaso.net\/?p=13479","og_locale":"fr_FR","og_type":"article","og_title":"1er CASEM ordinaire 2024 du minist\u00e8re des Mines : Les acteurs r\u00e9fl\u00e9chissent sur une strat\u00e9gie d\u2019encadrement des artisans miniers pour plus de retomb\u00e9es socio\u00e9conomiques - La Tribune du Faso","og_description":"Le minist\u00e8re de l\u2019Energie, des Mines et des Carri\u00e8res ( MEMC), tient ce jeudi 23 mai 2024 \u00e0 Ouagadougou, sa premi\u00e8re session ordinaire 2024 du Conseil d\u2019administration du secteur minist\u00e9riel (CASEM). L\u2019ouverture des travaux a \u00e9t\u00e9 pr\u00e9sid\u00e9e par le premier responsable du d\u00e9partement, Yacouba Zabr\u00e9 Gouba.","og_url":"https:\/\/www.latribunedufaso.net\/?p=13479","og_site_name":"La Tribune du Faso","article_publisher":"https:\/\/www.facebook.com\/LatribuneduFaso\/","article_published_time":"2024-05-23T12:14:13+00:00","og_image":[{"width":1040,"height":780,"url":"https:\/\/www.latribunedufaso.net\/wp-content\/uploads\/2024\/05\/IMG-20240523-WA0006.jpg","type":"image\/jpeg"}],"author":"Issouf Tapsoba","twitter_misc":{"\u00c9crit par":"Issouf Tapsoba","Dur\u00e9e de lecture estim\u00e9e":"3 minutes"},"schema":{"@context":"https:\/\/schema.org","@graph":[{"@type":"Article","@id":"https:\/\/www.latribunedufaso.net\/?p=13479#article","isPartOf":{"@id":"https:\/\/www.latribunedufaso.net\/?p=13479"},"author":{"name":"Issouf Tapsoba","@id":"https:\/\/www.latribunedufaso.net\/#\/schema\/person\/e54e64c5778a7e72cf80a318b7a622b0"},"headline":"1er CASEM ordinaire 2024 du minist\u00e8re des Mines : Les acteurs r\u00e9fl\u00e9chissent sur une strat\u00e9gie d\u2019encadrement des artisans miniers pour plus de retomb\u00e9es socio\u00e9conomiques","datePublished":"2024-05-23T12:14:13+00:00","mainEntityOfPage":{"@id":"https:\/\/www.latribunedufaso.net\/?p=13479"},"wordCount":685,"commentCount":0,"publisher":{"@id":"https:\/\/www.latribunedufaso.net\/#organization"},"image":{"@id":"https:\/\/www.latribunedufaso.net\/?p=13479#primaryimage"},"thumbnailUrl":"https:\/\/www.latribunedufaso.net\/wp-content\/uploads\/2024\/05\/IMG-20240523-WA0006.jpg","articleSection":["A la une","Actualit\u00e9","Mines et Carri\u00e8res"],"inLanguage":"fr-FR","potentialAction":[{"@type":"CommentAction","name":"Comment","target":["https:\/\/www.latribunedufaso.net\/?p=13479#respond"]}]},{"@type":"WebPage","@id":"https:\/\/www.latribunedufaso.net\/?p=13479","url":"https:\/\/www.latribunedufaso.net\/?p=13479","name":"1er CASEM ordinaire 2024 du minist\u00e8re des Mines : Les acteurs r\u00e9fl\u00e9chissent sur une strat\u00e9gie d\u2019encadrement des artisans miniers pour plus de retomb\u00e9es socio\u00e9conomiques - La Tribune du Faso","isPartOf":{"@id":"https:\/\/www.latribunedufaso.net\/#website"},"primaryImageOfPage":{"@id":"https:\/\/www.latribunedufaso.net\/?p=13479#primaryimage"},"image":{"@id":"https:\/\/www.latribunedufaso.net\/?p=13479#primaryimage"},"thumbnailUrl":"https:\/\/www.latribunedufaso.net\/wp-content\/uploads\/2024\/05\/IMG-20240523-WA0006.jpg","datePublished":"2024-05-23T12:14:13+00:00","breadcrumb":{"@id":"https:\/\/www.latribunedufaso.net\/?p=13479#breadcrumb"},"inLanguage":"fr-FR","potentialAction":[{"@type":"ReadAction","target":["https:\/\/www.latribunedufaso.net\/?p=13479"]}]},{"@type":"ImageObject","inLanguage":"fr-FR","@id":"https:\/\/www.latribunedufaso.net\/?p=13479#primaryimage","url":"https:\/\/www.latribunedufaso.net\/wp-content\/uploads\/2024\/05\/IMG-20240523-WA0006.jpg","contentUrl":"https:\/\/www.latribunedufaso.net\/wp-content\/uploads\/2024\/05\/IMG-20240523-WA0006.jpg","width":1040,"height":780},{"@type":"BreadcrumbList","@id":"https:\/\/www.latribunedufaso.net\/?p=13479#breadcrumb","itemListElement":[{"@type":"ListItem","position":1,"name":"Accueil","item":"https:\/\/www.latribunedufaso.net\/"},{"@type":"ListItem","position":2,"name":"1er CASEM ordinaire 2024 du minist\u00e8re des Mines : Les acteurs r\u00e9fl\u00e9chissent sur une strat\u00e9gie d\u2019encadrement des artisans miniers pour plus de retomb\u00e9es socio\u00e9conomiques"}]},{"@type":"WebSite","@id":"https:\/\/www.latribunedufaso.net\/#website","url":"https:\/\/www.latribunedufaso.net\/","name":"La Tribune du Faso","description":"L&#039;information du monde rural en un clic","publisher":{"@id":"https:\/\/www.latribunedufaso.net\/#organization"},"potentialAction":[{"@type":"SearchAction","target":{"@type":"EntryPoint","urlTemplate":"https:\/\/www.latribunedufaso.net\/?s={search_term_string}"},"query-input":{"@type":"PropertyValueSpecification","valueRequired":true,"valueName":"search_term_string"}}],"inLanguage":"fr-FR"},{"@type":"Organization","@id":"https:\/\/www.latribunedufaso.net\/#organization","name":"La Tribune du Faso","url":"https:\/\/www.latribunedufaso.net\/","logo":{"@type":"ImageObject","inLanguage":"fr-FR","@id":"https:\/\/www.latribunedufaso.net\/#\/schema\/logo\/image\/","url":"https:\/\/www.latribunedufaso.net\/wp-content\/uploads\/2020\/08\/Logo-Tribune-du-Faso-final-scaled.jpg","contentUrl":"https:\/\/www.latribunedufaso.net\/wp-content\/uploads\/2020\/08\/Logo-Tribune-du-Faso-final-scaled.jpg","width":2560,"height":1856,"caption":"La Tribune du Faso"},"image":{"@id":"https:\/\/www.latribunedufaso.net\/#\/schema\/logo\/image\/"},"sameAs":["https:\/\/www.facebook.com\/LatribuneduFaso\/"]},{"@type":"Person","@id":"https:\/\/www.latribunedufaso.net\/#\/schema\/person\/e54e64c5778a7e72cf80a318b7a622b0","name":"Issouf Tapsoba","image":{"@type":"ImageObject","inLanguage":"fr-FR","@id":"https:\/\/secure.gravatar.com\/avatar\/5e6c05150ce3230247d167f5b94d678eb05936197436d69b7921e3a95c9107ac?s=96&d=mm&r=g","url":"https:\/\/secure.gravatar.com\/avatar\/5e6c05150ce3230247d167f5b94d678eb05936197436d69b7921e3a95c9107ac?s=96&d=mm&r=g","contentUrl":"https:\/\/secure.gravatar.com\/avatar\/5e6c05150ce3230247d167f5b94d678eb05936197436d69b7921e3a95c9107ac?s=96&d=mm&r=g","caption":"Issouf Tapsoba"},"url":"https:\/\/www.latribunedufaso.net\/?author=5"}]}},"_links":{"self":[{"href":"https:\/\/www.latribunedufaso.net\/index.php?rest_route=\/wp\/v2\/posts\/13479","targetHints":{"allow":["GET"]}}],"collection":[{"href":"https:\/\/www.latribunedufaso.net\/index.php?rest_route=\/wp\/v2\/posts"}],"about":[{"href":"https:\/\/www.latribunedufaso.net\/index.php?rest_route=\/wp\/v2\/types\/post"}],"author":[{"embeddable":true,"href":"https:\/\/www.latribunedufaso.net\/index.php?rest_route=\/wp\/v2\/users\/5"}],"replies":[{"embeddable":true,"href":"https:\/\/www.latribunedufaso.net\/index.php?rest_route=%2Fwp%2Fv2%2Fcomments&post=13479"}],"version-history":[{"count":2,"href":"https:\/\/www.latribunedufaso.net\/index.php?rest_route=\/wp\/v2\/posts\/13479\/revisions"}],"predecessor-version":[{"id":13486,"href":"https:\/\/www.latribunedufaso.net\/index.php?rest_route=\/wp\/v2\/posts\/13479\/revisions\/13486"}],"wp:featuredmedia":[{"embeddable":true,"href":"https:\/\/www.latribunedufaso.net\/index.php?rest_route=\/wp\/v2\/media\/13482"}],"wp:attachment":[{"href":"https:\/\/www.latribunedufaso.net\/index.php?rest_route=%2Fwp%2Fv2%2Fmedia&parent=13479"}],"wp:term":[{"taxonomy":"category","embeddable":true,"href":"https:\/\/www.latribunedufaso.net\/index.php?rest_route=%2Fwp%2Fv2%2Fcategories&post=13479"},{"taxonomy":"post_tag","embeddable":true,"href":"https:\/\/www.latribunedufaso.net\/index.php?rest_route=%2Fwp%2Fv2%2Ftags&post=13479"}],"curies":[{"name":"wp","href":"https:\/\/api.w.org\/{rel}","templated":true}]}}