{"id":13456,"date":"2024-05-22T00:41:04","date_gmt":"2024-05-22T00:41:04","guid":{"rendered":"https:\/\/www.latribunedufaso.net\/?p=13456"},"modified":"2024-05-22T00:41:04","modified_gmt":"2024-05-22T00:41:04","slug":"oeuvres-dart-made-in-burkina-le-ministere-des-affaires-etrangeres-en-beneficie-au-profit-des-missions-diplomatiques","status":"publish","type":"post","link":"https:\/\/www.latribunedufaso.net\/?p=13456","title":{"rendered":"\u0152uvres d&rsquo;art made in Burkina : Le minist\u00e8re des affaires \u00e9trang\u00e8res en b\u00e9n\u00e9ficie au profit des missions diplomatiques\u00a0"},"content":{"rendered":"<p><strong style=\"font-size: 1.0625rem;\">Le ministre des Affaires \u00e9trang\u00e8res, Karamoko Jean Marie Traor\u00e9, a pr\u00e9sid\u00e9 ce mardi 21 Mai 2024, la c\u00e9r\u00e9monie de remise officielle des \u0153uvres de la 4\u00e8me \u00e9dition du \u00ab m\u00e9canisme d\u2019acquisition des \u0153uvres d\u2019art au profit des \u00e9difices publics \u00bb. C\u2019\u00e9tait en pr\u00e9sence du ministre de la Communication, des arts et du tourisme, Jean Emmanuel Ou\u00e9draogo.<\/strong><\/p>\n<p><!--more--><\/p>\n<p><a href=\"https:\/\/www.latribunedufaso.net\/wp-content\/uploads\/2024\/05\/IMG-20240522-WA0011.jpg\"><img loading=\"lazy\" decoding=\"async\" class=\"size-medium wp-image-13461 alignleft\" src=\"https:\/\/www.latribunedufaso.net\/wp-content\/uploads\/2024\/05\/IMG-20240522-WA0011-300x169.jpg\" alt=\"\" width=\"300\" height=\"169\" srcset=\"https:\/\/www.latribunedufaso.net\/wp-content\/uploads\/2024\/05\/IMG-20240522-WA0011-300x169.jpg 300w, https:\/\/www.latribunedufaso.net\/wp-content\/uploads\/2024\/05\/IMG-20240522-WA0011-768x432.jpg 768w, https:\/\/www.latribunedufaso.net\/wp-content\/uploads\/2024\/05\/IMG-20240522-WA0011.jpg 1000w\" sizes=\"auto, (max-width: 300px) 100vw, 300px\" \/><\/a>Ce sont 70 pi\u00e8ces originales compos\u00e9es de sculptures, de peintures, de Batiks, de photographies et de dessins d\u2019art qui ont \u00e9t\u00e9 acquises par le minist\u00e8re de la Communication et mises \u00e0 la disposition du minist\u00e8re des Affaires \u00e9trang\u00e8res au profit des \u00e9difices abritant les missions diplomatiques.<\/p>\n<p>A \u00e9couter le ministre de la Communication, Jean Emmanuel Ou\u00e9draogo, cet acte combien noble interpelle une fois de plus \u00e0 devenir de v\u00e9ritables ambassadeurs de la culture, levier de d\u00e9veloppement endog\u00e8ne durable de la patrie.<\/p>\n<p><a href=\"https:\/\/www.latribunedufaso.net\/wp-content\/uploads\/2024\/05\/IMG-20240522-WA0009.jpg\"><img loading=\"lazy\" decoding=\"async\" class=\"size-medium wp-image-13458 alignleft\" src=\"https:\/\/www.latribunedufaso.net\/wp-content\/uploads\/2024\/05\/IMG-20240522-WA0009-300x169.jpg\" alt=\"\" width=\"300\" height=\"169\" srcset=\"https:\/\/www.latribunedufaso.net\/wp-content\/uploads\/2024\/05\/IMG-20240522-WA0009-300x169.jpg 300w, https:\/\/www.latribunedufaso.net\/wp-content\/uploads\/2024\/05\/IMG-20240522-WA0009-768x432.jpg 768w, https:\/\/www.latribunedufaso.net\/wp-content\/uploads\/2024\/05\/IMG-20240522-WA0009.jpg 1000w\" sizes=\"auto, (max-width: 300px) 100vw, 300px\" \/><\/a>\u00ab Pour ma part, je mettrai en \u0153uvre un dispositif facilitant la transmission dans de meilleurs d\u00e9lais des \u0153uvres aux repr\u00e9sentations diplomatiques identifi\u00e9es tout en les engageant \u00e0 garantir le plus grand soin et une meilleure exploitation \u00e0 ces pr\u00e9cieuses cr\u00e9ations \u00bb a-t-il signifi\u00e9.<\/p>\n<p>Le choix de mettre \u00e0 la disposition des ambassades du Burkina cette collection, se justifie par une volont\u00e9 de faciliter l\u2019acc\u00e8s aux \u0153uvres d\u2019art aux compatriotes en leur permettant de se sentir chez eux une fois dans ces ambassades, de donner une visibilit\u00e9 et faire la promotion des artistes Burkinab\u00e8.<\/p>\n<p><a href=\"https:\/\/www.latribunedufaso.net\/wp-content\/uploads\/2024\/05\/IMG-20240522-WA0010.jpg\"><img loading=\"lazy\" decoding=\"async\" class=\"size-medium wp-image-13459 alignleft\" src=\"https:\/\/www.latribunedufaso.net\/wp-content\/uploads\/2024\/05\/IMG-20240522-WA0010-300x169.jpg\" alt=\"\" width=\"300\" height=\"169\" srcset=\"https:\/\/www.latribunedufaso.net\/wp-content\/uploads\/2024\/05\/IMG-20240522-WA0010-300x169.jpg 300w, https:\/\/www.latribunedufaso.net\/wp-content\/uploads\/2024\/05\/IMG-20240522-WA0010-768x432.jpg 768w, https:\/\/www.latribunedufaso.net\/wp-content\/uploads\/2024\/05\/IMG-20240522-WA0010.jpg 1000w\" sizes=\"auto, (max-width: 300px) 100vw, 300px\" \/><\/a>Le ministre des Affaires \u00e9trang\u00e8res, Karamoko Jean Marie Traor\u00e9, a traduit sa reconnaissance en recevant ces \u0153uvres d\u2019art au minist\u00e8re de la Communication, auteur de ce don.<\/p>\n<p>Notons que dans l\u2019optique de continuer \u00e0 faire la promotion de la culture burkinab\u00e8, le minist\u00e8re des Affaires \u00e9trang\u00e8res entend d\u00e9sormais organiser chaque ann\u00e9e, une exposition au sein du d\u00e9partement au b\u00e9n\u00e9fice des artistes et artisans, une exposition \u00e0 laquelle seront invit\u00e9s les Missions diplomatiques install\u00e9es au Burkina Faso.<\/p>\n<p><span style=\"font-size: 1.0625rem;\"><a href=\"https:\/\/www.latribunedufaso.net\/wp-content\/uploads\/2024\/05\/IMG-20240522-WA0012.jpg\"><img loading=\"lazy\" decoding=\"async\" class=\"size-medium wp-image-13460 alignleft\" src=\"https:\/\/www.latribunedufaso.net\/wp-content\/uploads\/2024\/05\/IMG-20240522-WA0012-300x169.jpg\" alt=\"\" width=\"300\" height=\"169\" srcset=\"https:\/\/www.latribunedufaso.net\/wp-content\/uploads\/2024\/05\/IMG-20240522-WA0012-300x169.jpg 300w, https:\/\/www.latribunedufaso.net\/wp-content\/uploads\/2024\/05\/IMG-20240522-WA0012-768x432.jpg 768w, https:\/\/www.latribunedufaso.net\/wp-content\/uploads\/2024\/05\/IMG-20240522-WA0012.jpg 1000w\" sizes=\"auto, (max-width: 300px) 100vw, 300px\" \/><\/a>En rappel, la 3\u00e8me \u00e9dition a eu lieu en 2021 avec au total 193 \u0153uvres mises \u00e0 la disposition de 13 d\u00e9partements minist\u00e9riels.<\/span><\/p>\n<p><strong>Ines Tougma\u00a0<\/strong><\/p>\n<p><strong>Latribuned<span style=\"font-size: 1.0625rem;\">ufaso.net\u00a0<\/span><\/strong><\/p>\n","protected":false},"excerpt":{"rendered":"<p>Le ministre des Affaires \u00e9trang\u00e8res, Karamoko Jean Marie Traor\u00e9, a pr\u00e9sid\u00e9 ce mardi 21 Mai 2024, la c\u00e9r\u00e9monie de remise officielle des \u0153uvres de la 4\u00e8me \u00e9dition du \u00ab m\u00e9canisme d\u2019acquisition des \u0153uvres d\u2019art au profit des \u00e9difices publics \u00bb. C\u2019\u00e9tait en pr\u00e9sence du ministre de la Communication, des arts et du tourisme, Jean Emmanuel Ou\u00e9draogo.<\/p>\n","protected":false},"author":5,"featured_media":13457,"comment_status":"open","ping_status":"open","sticky":false,"template":"","format":"standard","meta":{"footnotes":""},"categories":[13,1,30],"tags":[],"class_list":["post-13456","post","type-post","status-publish","format-standard","has-post-thumbnail","hentry","category-une","category-actu","category-art-et-culture"],"yoast_head":"<!-- This site is optimized with the Yoast SEO plugin v27.5 - https:\/\/yoast.com\/product\/yoast-seo-wordpress\/ -->\n<title>\u0152uvres d&#039;art made in Burkina : Le minist\u00e8re des affaires \u00e9trang\u00e8res en b\u00e9n\u00e9ficie au profit des missions diplomatiques\u00a0 - La Tribune du Faso<\/title>\n<meta name=\"robots\" content=\"index, follow, max-snippet:-1, max-image-preview:large, max-video-preview:-1\" \/>\n<link rel=\"canonical\" href=\"https:\/\/www.latribunedufaso.net\/?p=13456\" \/>\n<meta property=\"og:locale\" content=\"fr_FR\" \/>\n<meta property=\"og:type\" content=\"article\" \/>\n<meta property=\"og:title\" content=\"\u0152uvres d&#039;art made in Burkina : Le minist\u00e8re des affaires \u00e9trang\u00e8res en b\u00e9n\u00e9ficie au profit des missions diplomatiques\u00a0 - La Tribune du Faso\" \/>\n<meta property=\"og:description\" content=\"Le ministre des Affaires \u00e9trang\u00e8res, Karamoko Jean Marie Traor\u00e9, a pr\u00e9sid\u00e9 ce mardi 21 Mai 2024, la c\u00e9r\u00e9monie de remise officielle des \u0153uvres de la 4\u00e8me \u00e9dition du \u00ab m\u00e9canisme d\u2019acquisition des \u0153uvres d\u2019art au profit des \u00e9difices publics \u00bb. C\u2019\u00e9tait en pr\u00e9sence du ministre de la Communication, des arts et du tourisme, Jean Emmanuel Ou\u00e9draogo.\" \/>\n<meta property=\"og:url\" content=\"https:\/\/www.latribunedufaso.net\/?p=13456\" \/>\n<meta property=\"og:site_name\" content=\"La Tribune du Faso\" \/>\n<meta property=\"article:publisher\" content=\"https:\/\/www.facebook.com\/LatribuneduFaso\/\" \/>\n<meta property=\"article:published_time\" content=\"2024-05-22T00:41:04+00:00\" \/>\n<meta property=\"og:image\" content=\"https:\/\/www.latribunedufaso.net\/wp-content\/uploads\/2024\/05\/IMG-20240522-WA0008.jpg\" \/>\n\t<meta property=\"og:image:width\" content=\"1000\" \/>\n\t<meta property=\"og:image:height\" content=\"563\" \/>\n\t<meta property=\"og:image:type\" content=\"image\/jpeg\" \/>\n<meta name=\"author\" content=\"Issouf Tapsoba\" \/>\n<meta name=\"twitter:label1\" content=\"\u00c9crit par\" \/>\n\t<meta name=\"twitter:data1\" content=\"Issouf Tapsoba\" \/>\n\t<meta name=\"twitter:label2\" content=\"Dur\u00e9e de lecture estim\u00e9e\" \/>\n\t<meta name=\"twitter:data2\" content=\"2 minutes\" \/>\n<script type=\"application\/ld+json\" class=\"yoast-schema-graph\">{\"@context\":\"https:\\\/\\\/schema.org\",\"@graph\":[{\"@type\":\"Article\",\"@id\":\"https:\\\/\\\/www.latribunedufaso.net\\\/?p=13456#article\",\"isPartOf\":{\"@id\":\"https:\\\/\\\/www.latribunedufaso.net\\\/?p=13456\"},\"author\":{\"name\":\"Issouf Tapsoba\",\"@id\":\"https:\\\/\\\/www.latribunedufaso.net\\\/#\\\/schema\\\/person\\\/e54e64c5778a7e72cf80a318b7a622b0\"},\"headline\":\"\u0152uvres d&rsquo;art made in Burkina : Le minist\u00e8re des affaires \u00e9trang\u00e8res en b\u00e9n\u00e9ficie au profit des missions diplomatiques\u00a0\",\"datePublished\":\"2024-05-22T00:41:04+00:00\",\"mainEntityOfPage\":{\"@id\":\"https:\\\/\\\/www.latribunedufaso.net\\\/?p=13456\"},\"wordCount\":381,\"commentCount\":0,\"publisher\":{\"@id\":\"https:\\\/\\\/www.latribunedufaso.net\\\/#organization\"},\"image\":{\"@id\":\"https:\\\/\\\/www.latribunedufaso.net\\\/?p=13456#primaryimage\"},\"thumbnailUrl\":\"https:\\\/\\\/www.latribunedufaso.net\\\/wp-content\\\/uploads\\\/2024\\\/05\\\/IMG-20240522-WA0008.jpg\",\"articleSection\":[\"A la une\",\"Actualit\u00e9\",\"Art et Culture\"],\"inLanguage\":\"fr-FR\",\"potentialAction\":[{\"@type\":\"CommentAction\",\"name\":\"Comment\",\"target\":[\"https:\\\/\\\/www.latribunedufaso.net\\\/?p=13456#respond\"]}]},{\"@type\":\"WebPage\",\"@id\":\"https:\\\/\\\/www.latribunedufaso.net\\\/?p=13456\",\"url\":\"https:\\\/\\\/www.latribunedufaso.net\\\/?p=13456\",\"name\":\"\u0152uvres d'art made in Burkina : Le minist\u00e8re des affaires \u00e9trang\u00e8res en b\u00e9n\u00e9ficie au profit des missions diplomatiques\u00a0 - La Tribune du Faso\",\"isPartOf\":{\"@id\":\"https:\\\/\\\/www.latribunedufaso.net\\\/#website\"},\"primaryImageOfPage\":{\"@id\":\"https:\\\/\\\/www.latribunedufaso.net\\\/?p=13456#primaryimage\"},\"image\":{\"@id\":\"https:\\\/\\\/www.latribunedufaso.net\\\/?p=13456#primaryimage\"},\"thumbnailUrl\":\"https:\\\/\\\/www.latribunedufaso.net\\\/wp-content\\\/uploads\\\/2024\\\/05\\\/IMG-20240522-WA0008.jpg\",\"datePublished\":\"2024-05-22T00:41:04+00:00\",\"breadcrumb\":{\"@id\":\"https:\\\/\\\/www.latribunedufaso.net\\\/?p=13456#breadcrumb\"},\"inLanguage\":\"fr-FR\",\"potentialAction\":[{\"@type\":\"ReadAction\",\"target\":[\"https:\\\/\\\/www.latribunedufaso.net\\\/?p=13456\"]}]},{\"@type\":\"ImageObject\",\"inLanguage\":\"fr-FR\",\"@id\":\"https:\\\/\\\/www.latribunedufaso.net\\\/?p=13456#primaryimage\",\"url\":\"https:\\\/\\\/www.latribunedufaso.net\\\/wp-content\\\/uploads\\\/2024\\\/05\\\/IMG-20240522-WA0008.jpg\",\"contentUrl\":\"https:\\\/\\\/www.latribunedufaso.net\\\/wp-content\\\/uploads\\\/2024\\\/05\\\/IMG-20240522-WA0008.jpg\",\"width\":1000,\"height\":563},{\"@type\":\"BreadcrumbList\",\"@id\":\"https:\\\/\\\/www.latribunedufaso.net\\\/?p=13456#breadcrumb\",\"itemListElement\":[{\"@type\":\"ListItem\",\"position\":1,\"name\":\"Accueil\",\"item\":\"https:\\\/\\\/www.latribunedufaso.net\\\/\"},{\"@type\":\"ListItem\",\"position\":2,\"name\":\"\u0152uvres d&rsquo;art made in Burkina : Le minist\u00e8re des affaires \u00e9trang\u00e8res en b\u00e9n\u00e9ficie au profit des missions diplomatiques\u00a0\"}]},{\"@type\":\"WebSite\",\"@id\":\"https:\\\/\\\/www.latribunedufaso.net\\\/#website\",\"url\":\"https:\\\/\\\/www.latribunedufaso.net\\\/\",\"name\":\"La Tribune du Faso\",\"description\":\"L&#039;information du monde rural en un clic\",\"publisher\":{\"@id\":\"https:\\\/\\\/www.latribunedufaso.net\\\/#organization\"},\"potentialAction\":[{\"@type\":\"SearchAction\",\"target\":{\"@type\":\"EntryPoint\",\"urlTemplate\":\"https:\\\/\\\/www.latribunedufaso.net\\\/?s={search_term_string}\"},\"query-input\":{\"@type\":\"PropertyValueSpecification\",\"valueRequired\":true,\"valueName\":\"search_term_string\"}}],\"inLanguage\":\"fr-FR\"},{\"@type\":\"Organization\",\"@id\":\"https:\\\/\\\/www.latribunedufaso.net\\\/#organization\",\"name\":\"La Tribune du Faso\",\"url\":\"https:\\\/\\\/www.latribunedufaso.net\\\/\",\"logo\":{\"@type\":\"ImageObject\",\"inLanguage\":\"fr-FR\",\"@id\":\"https:\\\/\\\/www.latribunedufaso.net\\\/#\\\/schema\\\/logo\\\/image\\\/\",\"url\":\"https:\\\/\\\/www.latribunedufaso.net\\\/wp-content\\\/uploads\\\/2020\\\/08\\\/Logo-Tribune-du-Faso-final-scaled.jpg\",\"contentUrl\":\"https:\\\/\\\/www.latribunedufaso.net\\\/wp-content\\\/uploads\\\/2020\\\/08\\\/Logo-Tribune-du-Faso-final-scaled.jpg\",\"width\":2560,\"height\":1856,\"caption\":\"La Tribune du Faso\"},\"image\":{\"@id\":\"https:\\\/\\\/www.latribunedufaso.net\\\/#\\\/schema\\\/logo\\\/image\\\/\"},\"sameAs\":[\"https:\\\/\\\/www.facebook.com\\\/LatribuneduFaso\\\/\"]},{\"@type\":\"Person\",\"@id\":\"https:\\\/\\\/www.latribunedufaso.net\\\/#\\\/schema\\\/person\\\/e54e64c5778a7e72cf80a318b7a622b0\",\"name\":\"Issouf Tapsoba\",\"image\":{\"@type\":\"ImageObject\",\"inLanguage\":\"fr-FR\",\"@id\":\"https:\\\/\\\/secure.gravatar.com\\\/avatar\\\/5e6c05150ce3230247d167f5b94d678eb05936197436d69b7921e3a95c9107ac?s=96&d=mm&r=g\",\"url\":\"https:\\\/\\\/secure.gravatar.com\\\/avatar\\\/5e6c05150ce3230247d167f5b94d678eb05936197436d69b7921e3a95c9107ac?s=96&d=mm&r=g\",\"contentUrl\":\"https:\\\/\\\/secure.gravatar.com\\\/avatar\\\/5e6c05150ce3230247d167f5b94d678eb05936197436d69b7921e3a95c9107ac?s=96&d=mm&r=g\",\"caption\":\"Issouf Tapsoba\"},\"url\":\"https:\\\/\\\/www.latribunedufaso.net\\\/?author=5\"}]}<\/script>\n<!-- \/ Yoast SEO plugin. -->","yoast_head_json":{"title":"\u0152uvres d'art made in Burkina : Le minist\u00e8re des affaires \u00e9trang\u00e8res en b\u00e9n\u00e9ficie au profit des missions diplomatiques\u00a0 - La Tribune du Faso","robots":{"index":"index","follow":"follow","max-snippet":"max-snippet:-1","max-image-preview":"max-image-preview:large","max-video-preview":"max-video-preview:-1"},"canonical":"https:\/\/www.latribunedufaso.net\/?p=13456","og_locale":"fr_FR","og_type":"article","og_title":"\u0152uvres d'art made in Burkina : Le minist\u00e8re des affaires \u00e9trang\u00e8res en b\u00e9n\u00e9ficie au profit des missions diplomatiques\u00a0 - La Tribune du Faso","og_description":"Le ministre des Affaires \u00e9trang\u00e8res, Karamoko Jean Marie Traor\u00e9, a pr\u00e9sid\u00e9 ce mardi 21 Mai 2024, la c\u00e9r\u00e9monie de remise officielle des \u0153uvres de la 4\u00e8me \u00e9dition du \u00ab m\u00e9canisme d\u2019acquisition des \u0153uvres d\u2019art au profit des \u00e9difices publics \u00bb. C\u2019\u00e9tait en pr\u00e9sence du ministre de la Communication, des arts et du tourisme, Jean Emmanuel Ou\u00e9draogo.","og_url":"https:\/\/www.latribunedufaso.net\/?p=13456","og_site_name":"La Tribune du Faso","article_publisher":"https:\/\/www.facebook.com\/LatribuneduFaso\/","article_published_time":"2024-05-22T00:41:04+00:00","og_image":[{"width":1000,"height":563,"url":"https:\/\/www.latribunedufaso.net\/wp-content\/uploads\/2024\/05\/IMG-20240522-WA0008.jpg","type":"image\/jpeg"}],"author":"Issouf Tapsoba","twitter_misc":{"\u00c9crit par":"Issouf Tapsoba","Dur\u00e9e de lecture estim\u00e9e":"2 minutes"},"schema":{"@context":"https:\/\/schema.org","@graph":[{"@type":"Article","@id":"https:\/\/www.latribunedufaso.net\/?p=13456#article","isPartOf":{"@id":"https:\/\/www.latribunedufaso.net\/?p=13456"},"author":{"name":"Issouf Tapsoba","@id":"https:\/\/www.latribunedufaso.net\/#\/schema\/person\/e54e64c5778a7e72cf80a318b7a622b0"},"headline":"\u0152uvres d&rsquo;art made in Burkina : Le minist\u00e8re des affaires \u00e9trang\u00e8res en b\u00e9n\u00e9ficie au profit des missions diplomatiques\u00a0","datePublished":"2024-05-22T00:41:04+00:00","mainEntityOfPage":{"@id":"https:\/\/www.latribunedufaso.net\/?p=13456"},"wordCount":381,"commentCount":0,"publisher":{"@id":"https:\/\/www.latribunedufaso.net\/#organization"},"image":{"@id":"https:\/\/www.latribunedufaso.net\/?p=13456#primaryimage"},"thumbnailUrl":"https:\/\/www.latribunedufaso.net\/wp-content\/uploads\/2024\/05\/IMG-20240522-WA0008.jpg","articleSection":["A la une","Actualit\u00e9","Art et Culture"],"inLanguage":"fr-FR","potentialAction":[{"@type":"CommentAction","name":"Comment","target":["https:\/\/www.latribunedufaso.net\/?p=13456#respond"]}]},{"@type":"WebPage","@id":"https:\/\/www.latribunedufaso.net\/?p=13456","url":"https:\/\/www.latribunedufaso.net\/?p=13456","name":"\u0152uvres d'art made in Burkina : Le minist\u00e8re des affaires \u00e9trang\u00e8res en b\u00e9n\u00e9ficie au profit des missions diplomatiques\u00a0 - La Tribune du Faso","isPartOf":{"@id":"https:\/\/www.latribunedufaso.net\/#website"},"primaryImageOfPage":{"@id":"https:\/\/www.latribunedufaso.net\/?p=13456#primaryimage"},"image":{"@id":"https:\/\/www.latribunedufaso.net\/?p=13456#primaryimage"},"thumbnailUrl":"https:\/\/www.latribunedufaso.net\/wp-content\/uploads\/2024\/05\/IMG-20240522-WA0008.jpg","datePublished":"2024-05-22T00:41:04+00:00","breadcrumb":{"@id":"https:\/\/www.latribunedufaso.net\/?p=13456#breadcrumb"},"inLanguage":"fr-FR","potentialAction":[{"@type":"ReadAction","target":["https:\/\/www.latribunedufaso.net\/?p=13456"]}]},{"@type":"ImageObject","inLanguage":"fr-FR","@id":"https:\/\/www.latribunedufaso.net\/?p=13456#primaryimage","url":"https:\/\/www.latribunedufaso.net\/wp-content\/uploads\/2024\/05\/IMG-20240522-WA0008.jpg","contentUrl":"https:\/\/www.latribunedufaso.net\/wp-content\/uploads\/2024\/05\/IMG-20240522-WA0008.jpg","width":1000,"height":563},{"@type":"BreadcrumbList","@id":"https:\/\/www.latribunedufaso.net\/?p=13456#breadcrumb","itemListElement":[{"@type":"ListItem","position":1,"name":"Accueil","item":"https:\/\/www.latribunedufaso.net\/"},{"@type":"ListItem","position":2,"name":"\u0152uvres d&rsquo;art made in Burkina : Le minist\u00e8re des affaires \u00e9trang\u00e8res en b\u00e9n\u00e9ficie au profit des missions diplomatiques\u00a0"}]},{"@type":"WebSite","@id":"https:\/\/www.latribunedufaso.net\/#website","url":"https:\/\/www.latribunedufaso.net\/","name":"La Tribune du Faso","description":"L&#039;information du monde rural en un clic","publisher":{"@id":"https:\/\/www.latribunedufaso.net\/#organization"},"potentialAction":[{"@type":"SearchAction","target":{"@type":"EntryPoint","urlTemplate":"https:\/\/www.latribunedufaso.net\/?s={search_term_string}"},"query-input":{"@type":"PropertyValueSpecification","valueRequired":true,"valueName":"search_term_string"}}],"inLanguage":"fr-FR"},{"@type":"Organization","@id":"https:\/\/www.latribunedufaso.net\/#organization","name":"La Tribune du Faso","url":"https:\/\/www.latribunedufaso.net\/","logo":{"@type":"ImageObject","inLanguage":"fr-FR","@id":"https:\/\/www.latribunedufaso.net\/#\/schema\/logo\/image\/","url":"https:\/\/www.latribunedufaso.net\/wp-content\/uploads\/2020\/08\/Logo-Tribune-du-Faso-final-scaled.jpg","contentUrl":"https:\/\/www.latribunedufaso.net\/wp-content\/uploads\/2020\/08\/Logo-Tribune-du-Faso-final-scaled.jpg","width":2560,"height":1856,"caption":"La Tribune du Faso"},"image":{"@id":"https:\/\/www.latribunedufaso.net\/#\/schema\/logo\/image\/"},"sameAs":["https:\/\/www.facebook.com\/LatribuneduFaso\/"]},{"@type":"Person","@id":"https:\/\/www.latribunedufaso.net\/#\/schema\/person\/e54e64c5778a7e72cf80a318b7a622b0","name":"Issouf Tapsoba","image":{"@type":"ImageObject","inLanguage":"fr-FR","@id":"https:\/\/secure.gravatar.com\/avatar\/5e6c05150ce3230247d167f5b94d678eb05936197436d69b7921e3a95c9107ac?s=96&d=mm&r=g","url":"https:\/\/secure.gravatar.com\/avatar\/5e6c05150ce3230247d167f5b94d678eb05936197436d69b7921e3a95c9107ac?s=96&d=mm&r=g","contentUrl":"https:\/\/secure.gravatar.com\/avatar\/5e6c05150ce3230247d167f5b94d678eb05936197436d69b7921e3a95c9107ac?s=96&d=mm&r=g","caption":"Issouf Tapsoba"},"url":"https:\/\/www.latribunedufaso.net\/?author=5"}]}},"_links":{"self":[{"href":"https:\/\/www.latribunedufaso.net\/index.php?rest_route=\/wp\/v2\/posts\/13456","targetHints":{"allow":["GET"]}}],"collection":[{"href":"https:\/\/www.latribunedufaso.net\/index.php?rest_route=\/wp\/v2\/posts"}],"about":[{"href":"https:\/\/www.latribunedufaso.net\/index.php?rest_route=\/wp\/v2\/types\/post"}],"author":[{"embeddable":true,"href":"https:\/\/www.latribunedufaso.net\/index.php?rest_route=\/wp\/v2\/users\/5"}],"replies":[{"embeddable":true,"href":"https:\/\/www.latribunedufaso.net\/index.php?rest_route=%2Fwp%2Fv2%2Fcomments&post=13456"}],"version-history":[{"count":1,"href":"https:\/\/www.latribunedufaso.net\/index.php?rest_route=\/wp\/v2\/posts\/13456\/revisions"}],"predecessor-version":[{"id":13462,"href":"https:\/\/www.latribunedufaso.net\/index.php?rest_route=\/wp\/v2\/posts\/13456\/revisions\/13462"}],"wp:featuredmedia":[{"embeddable":true,"href":"https:\/\/www.latribunedufaso.net\/index.php?rest_route=\/wp\/v2\/media\/13457"}],"wp:attachment":[{"href":"https:\/\/www.latribunedufaso.net\/index.php?rest_route=%2Fwp%2Fv2%2Fmedia&parent=13456"}],"wp:term":[{"taxonomy":"category","embeddable":true,"href":"https:\/\/www.latribunedufaso.net\/index.php?rest_route=%2Fwp%2Fv2%2Fcategories&post=13456"},{"taxonomy":"post_tag","embeddable":true,"href":"https:\/\/www.latribunedufaso.net\/index.php?rest_route=%2Fwp%2Fv2%2Ftags&post=13456"}],"curies":[{"name":"wp","href":"https:\/\/api.w.org\/{rel}","templated":true}]}}