{"id":1344,"date":"2020-09-21T10:07:44","date_gmt":"2020-09-21T10:07:44","guid":{"rendered":"https:\/\/www.latribunedufaso.net\/?p=1344"},"modified":"2020-09-23T11:35:49","modified_gmt":"2020-09-23T11:35:49","slug":"id-day-une-premiere-au-burkina-faso","status":"publish","type":"post","link":"https:\/\/www.latribunedufaso.net\/?p=1344","title":{"rendered":"ID DAY : Une premi\u00e8re au Burkina Faso \u00a0"},"content":{"rendered":"<p><strong>Le Burkina Faso, \u00e0 travers l\u2019Office national d\u2019identification (ONI), a c\u00e9l\u00e9br\u00e9 jeudi 17 septembre 2020, \u00e0 Ouagadougou sa premi\u00e8re Journ\u00e9e internationale de l\u2019identit\u00e9 \u00a0(ID DAY) depuis son instauration \u00e0 Abuja, le 24 Avril 2018. \u00ab\u00a0B\u00e2tir une infrastructure d\u2019identification au service du bien public\u00a0\u00bb, c\u2019est le th\u00e8me alors retenu pour cet ID DAY \u00e9dition 1. La c\u00e9r\u00e9monie officielle, pr\u00e9sid\u00e9e par le premier ministre, Christophe Dabir\u00e9, en pr\u00e9sence du ministre de la s\u00e9curit\u00e9, Ouss\u00e9ni Compaor\u00e9.<\/strong><!--more--><\/p>\n<p><a href=\"https:\/\/latribunedufaso.net\/wp-content\/uploads\/2020\/09\/IMG-20200917-WA0013.jpg\"><img loading=\"lazy\" decoding=\"async\" class=\" wp-image-1350 aligncenter\" src=\"https:\/\/latribunedufaso.net\/wp-content\/uploads\/2020\/09\/IMG-20200917-WA0013-300x187.jpg\" alt=\"\" width=\"479\" height=\"298\" srcset=\"https:\/\/www.latribunedufaso.net\/wp-content\/uploads\/2020\/09\/IMG-20200917-WA0013-300x187.jpg 300w, https:\/\/www.latribunedufaso.net\/wp-content\/uploads\/2020\/09\/IMG-20200917-WA0013-1024x639.jpg 1024w, https:\/\/www.latribunedufaso.net\/wp-content\/uploads\/2020\/09\/IMG-20200917-WA0013-768x479.jpg 768w, https:\/\/www.latribunedufaso.net\/wp-content\/uploads\/2020\/09\/IMG-20200917-WA0013-600x374.jpg 600w, https:\/\/www.latribunedufaso.net\/wp-content\/uploads\/2020\/09\/IMG-20200917-WA0013.jpg 1080w\" sizes=\"auto, (max-width: 479px) 100vw, 479px\" \/><\/a><\/p>\n<p>L\u2019objectif d\u2019une telle journ\u00e9e, selon le Directeur g\u00e9n\u00e9ral de l\u2019Office nationale d\u2019identification (ONI), Aristide B\u00e9r\u00e9 , est de sensibiliser d\u2019une part les d\u00e9cideurs politique sur le r\u00f4le fondamental que joue l\u2019identit\u00e9 \u00e0 l\u2019effet de rendre les personnes visibles tout en leur permettant d\u2019exercer leurs droits civiques ainsi que leur inclusion sociale et financi\u00e8re et d\u2019autre part, sur la probl\u00e9matique de l\u2019identification des populations. Et de poursuivre \u00a0\u00e9galement avec les fonctions majeures de l\u2019identification qui sont d\u2019ordres juridique, statistique et administrative. Faisant alors cas de l\u2019importance de l\u2019identification, il affirme\u00a0: \u00ab\u00a0Au-del\u00e0 de l\u2019aspect mondial de la comm\u00e9moration, le Burkina Faso se doit \u00e9galement d\u2019assurer une identification optimale de ses citoyens au vu de son importance\u00a0\u00bb.<\/p>\n<p><a href=\"https:\/\/latribunedufaso.net\/wp-content\/uploads\/2020\/09\/IMG-20200917-WA0007.jpg\"><img loading=\"lazy\" decoding=\"async\" class=\" wp-image-1351 aligncenter\" src=\"https:\/\/latribunedufaso.net\/wp-content\/uploads\/2020\/09\/IMG-20200917-WA0007-300x210.jpg\" alt=\"\" width=\"481\" height=\"337\" srcset=\"https:\/\/www.latribunedufaso.net\/wp-content\/uploads\/2020\/09\/IMG-20200917-WA0007-300x210.jpg 300w, https:\/\/www.latribunedufaso.net\/wp-content\/uploads\/2020\/09\/IMG-20200917-WA0007-768x536.jpg 768w, https:\/\/www.latribunedufaso.net\/wp-content\/uploads\/2020\/09\/IMG-20200917-WA0007-600x419.jpg 600w, https:\/\/www.latribunedufaso.net\/wp-content\/uploads\/2020\/09\/IMG-20200917-WA0007.jpg 955w\" sizes=\"auto, (max-width: 481px) 100vw, 481px\" \/><\/a><\/p>\n<p>Cette premi\u00e8re comm\u00e9moration de l\u2019ID DAY au Burkina Faso se fait dans un contexte difficile teint\u00e9 d\u2019ins\u00e9curit\u00e9, d\u2019\u00e9ch\u00e9ances \u00e9lectorales et dans un d\u00e9fi de modernisation de l\u2019\u00e9tat civil. \u00ab L\u2019ins\u00e9curit\u00e9 grandissante dans certaine partie du pays a occasionn\u00e9 des d\u00e9placements internes de certains citoyens laissant parfois derri\u00e8re eux tous documents pouvant permettre leur indentification. Dans ce contexte d\u2019ins\u00e9curit\u00e9, une v\u00e9rification fiable des identit\u00e9s s\u2019impose \u00bb, a-t-il ajout\u00e9 avant de faire savoir que l\u2019Office nationale d\u2019identification (ONI) travaille \u00e0 ce que toute personne remplissant les conditions puisse \u00eatre en possession d\u2019un document d\u2019identit\u00e9. Il en veut pour preuve, la d\u00e9centralisation de sa structure dans cinq r\u00e9gions du pays (l\u2019Est, le Centre-nord, le Nord, la Boucle du mouhoun et le Sud-ouest). \u00c0 ce jour, le nombre de Burkinab\u00e8 poss\u00e9dant une pi\u00e8ce d\u2019identit\u00e9 est estim\u00e9 \u00e0 12\u00a0000 000, et \u00e0 environ 1\u00a0000 000 celui des Burkinab\u00e8 de plus de 15 ans ne d\u00e9tenant pas une identification.<\/p>\n<p><a href=\"https:\/\/latribunedufaso.net\/wp-content\/uploads\/2020\/09\/IMG-20200917-WA0006.jpg\"><img loading=\"lazy\" decoding=\"async\" class=\" wp-image-1349 aligncenter\" src=\"https:\/\/latribunedufaso.net\/wp-content\/uploads\/2020\/09\/IMG-20200917-WA0006-300x199.jpg\" alt=\"\" width=\"480\" height=\"318\" srcset=\"https:\/\/www.latribunedufaso.net\/wp-content\/uploads\/2020\/09\/IMG-20200917-WA0006-300x199.jpg 300w, https:\/\/www.latribunedufaso.net\/wp-content\/uploads\/2020\/09\/IMG-20200917-WA0006-1024x681.jpg 1024w, https:\/\/www.latribunedufaso.net\/wp-content\/uploads\/2020\/09\/IMG-20200917-WA0006-768x511.jpg 768w, https:\/\/www.latribunedufaso.net\/wp-content\/uploads\/2020\/09\/IMG-20200917-WA0006-600x399.jpg 600w, https:\/\/www.latribunedufaso.net\/wp-content\/uploads\/2020\/09\/IMG-20200917-WA0006-120x80.jpg 120w, https:\/\/www.latribunedufaso.net\/wp-content\/uploads\/2020\/09\/IMG-20200917-WA0006-360x240.jpg 360w, https:\/\/www.latribunedufaso.net\/wp-content\/uploads\/2020\/09\/IMG-20200917-WA0006.jpg 1080w\" sizes=\"auto, (max-width: 480px) 100vw, 480px\" \/><\/a><\/p>\n<p>Le ministre de la s\u00e9curit\u00e9, Ouss\u00e9ni Compaor\u00e9, a \u00e9galement \u00e9voqu\u00e9 le r\u00f4le tr\u00e8s important de l\u2019identit\u00e9. \u00ab\u00a0L\u2019identit\u00e9 est indispensable \u00e0 la vie, car elle permet aux individus d\u2019exercer leur droit, responsabilit\u00e9 de mani\u00e8re juste et \u00e9quitable\u00a0\u00bb, a-t-il soutenu. Il estime que l\u2019identit\u00e9 fait partie int\u00e9grante de la vie humaine. \u00ab\u00a0L\u2019identit\u00e9 est un \u00e9l\u00e9ment tr\u00e8s essentiel de notre vie, de notre naissance, \u00e0 notre mort et m\u00eame apr\u00e8s notre mort, puisque de son vivant l\u2019homme a besoin de l\u2019identit\u00e9 pour poser des actes juridiques de la vie et apr\u00e8s sa mort, l\u2019acte de d\u00e9c\u00e8s est \u00e9tabli gr\u00e2ce au document d\u2019identit\u00e9\u00a0\u00bb, a-t-il expliqu\u00e9. Il invite donc tous les citoyens remplissant les conditions d\u2019identification \u00e0 le faire parce que, sans document d\u2019identit\u00e9, ils sont d\u2019aucune nation, par cons\u00e9quent, ils n\u2019existent pas.<\/p>\n<p><a href=\"https:\/\/latribunedufaso.net\/wp-content\/uploads\/2020\/09\/IMG-20200917-WA0005.jpg\"><img loading=\"lazy\" decoding=\"async\" class=\" wp-image-1352 aligncenter\" src=\"https:\/\/latribunedufaso.net\/wp-content\/uploads\/2020\/09\/IMG-20200917-WA0005-300x210.jpg\" alt=\"\" width=\"480\" height=\"336\" srcset=\"https:\/\/www.latribunedufaso.net\/wp-content\/uploads\/2020\/09\/IMG-20200917-WA0005-300x210.jpg 300w, https:\/\/www.latribunedufaso.net\/wp-content\/uploads\/2020\/09\/IMG-20200917-WA0005-1024x716.jpg 1024w, https:\/\/www.latribunedufaso.net\/wp-content\/uploads\/2020\/09\/IMG-20200917-WA0005-768x537.jpg 768w, https:\/\/www.latribunedufaso.net\/wp-content\/uploads\/2020\/09\/IMG-20200917-WA0005-600x419.jpg 600w, https:\/\/www.latribunedufaso.net\/wp-content\/uploads\/2020\/09\/IMG-20200917-WA0005.jpg 1080w\" sizes=\"auto, (max-width: 480px) 100vw, 480px\" \/><\/a><\/p>\n<p>Pr\u00e9sident de la pr\u00e9sente c\u00e9r\u00e9monie, le premier ministre, Christophe Dabir\u00e9, \u00a0soutient cette dynamique de production de document d\u2019identit\u00e9 de l\u2019ONI. D\u2019avis avec le fait que tout Burkinab\u00e8 de plus de 15 ans, doit poss\u00e9der une carte nationale d\u2019identit\u00e9, il a rassur\u00e9 de ce que son gouvernement mettra tous les moyens n\u00e9cessaires \u00e0 la disposition de l\u2019ONI pour l\u2019atteinte de ses objectifs.<\/p>\n<p>En rappel, l\u2019ONI a d\u00e9livr\u00e9 environ 1 350\u00a0000 cartes d\u2019identit\u00e9s en 2019 et compte en d\u00e9livrer 1\u00a0900\u00a0000 en 2020. La journ\u00e9e internationale de l\u2019identit\u00e9 (ID DAY) a \u00e9t\u00e9 instaur\u00e9e en rapport avec les Objectifs du d\u00e9veloppement durable (ODD) 16 .9, qui appelle \u00e0 une identit\u00e9 juridique pour tous, y compris l\u2019enregistrement des naissances d\u2019ici 2030.<\/p>\n<p><strong>Tiba Kassamse Ou\u00e9draogo (Stagiaire)<\/strong><\/p>\n<p><strong>Latribunedufaso.net <\/strong><\/p>\n","protected":false},"excerpt":{"rendered":"<p>Le Burkina Faso, \u00e0 travers l\u2019Office national d\u2019identification (ONI), a c\u00e9l\u00e9br\u00e9 jeudi 17 septembre 2020, \u00e0 Ouagadougou sa premi\u00e8re Journ\u00e9e internationale de l\u2019identit\u00e9 \u00a0(ID DAY) depuis son instauration \u00e0 Abuja, le 24 Avril 2018. \u00ab\u00a0B\u00e2tir une infrastructure d\u2019identification au service du bien public\u00a0\u00bb, c\u2019est le th\u00e8me alors retenu pour cet ID DAY \u00e9dition 1. La c\u00e9r\u00e9monie officielle, pr\u00e9sid\u00e9e par le premier ministre, Christophe Dabir\u00e9, en pr\u00e9sence du ministre de la s\u00e9curit\u00e9, Ouss\u00e9ni Compaor\u00e9.<\/p>\n","protected":false},"author":2,"featured_media":1345,"comment_status":"open","ping_status":"open","sticky":false,"template":"","format":"standard","meta":{"footnotes":""},"categories":[1,8],"tags":[],"class_list":["post-1344","post","type-post","status-publish","format-standard","has-post-thumbnail","hentry","category-actu","category-societe"],"yoast_head":"<!-- This site is optimized with the Yoast SEO plugin v27.5 - https:\/\/yoast.com\/product\/yoast-seo-wordpress\/ -->\n<title>ID DAY : Une premi\u00e8re au Burkina Faso \u00a0 - La Tribune du Faso<\/title>\n<meta name=\"robots\" content=\"index, follow, max-snippet:-1, max-image-preview:large, max-video-preview:-1\" \/>\n<link rel=\"canonical\" href=\"https:\/\/www.latribunedufaso.net\/?p=1344\" \/>\n<meta property=\"og:locale\" content=\"fr_FR\" \/>\n<meta property=\"og:type\" content=\"article\" \/>\n<meta property=\"og:title\" content=\"ID DAY : Une premi\u00e8re au Burkina Faso \u00a0 - La Tribune du Faso\" \/>\n<meta property=\"og:description\" content=\"Le Burkina Faso, \u00e0 travers l\u2019Office national d\u2019identification (ONI), a c\u00e9l\u00e9br\u00e9 jeudi 17 septembre 2020, \u00e0 Ouagadougou sa premi\u00e8re Journ\u00e9e internationale de l\u2019identit\u00e9 \u00a0(ID DAY) depuis son instauration \u00e0 Abuja, le 24 Avril 2018. \u00ab\u00a0B\u00e2tir une infrastructure d\u2019identification au service du bien public\u00a0\u00bb, c\u2019est le th\u00e8me alors retenu pour cet ID DAY \u00e9dition 1. La c\u00e9r\u00e9monie officielle, pr\u00e9sid\u00e9e par le premier ministre, Christophe Dabir\u00e9, en pr\u00e9sence du ministre de la s\u00e9curit\u00e9, Ouss\u00e9ni Compaor\u00e9.\" \/>\n<meta property=\"og:url\" content=\"https:\/\/www.latribunedufaso.net\/?p=1344\" \/>\n<meta property=\"og:site_name\" content=\"La Tribune du Faso\" \/>\n<meta property=\"article:publisher\" content=\"https:\/\/www.facebook.com\/LatribuneduFaso\/\" \/>\n<meta property=\"article:published_time\" content=\"2020-09-21T10:07:44+00:00\" \/>\n<meta property=\"article:modified_time\" content=\"2020-09-23T11:35:49+00:00\" \/>\n<meta property=\"og:image\" content=\"https:\/\/latribunedufaso.net\/wp-content\/uploads\/2020\/09\/IMG-20200917-WA0011.jpg\" \/>\n\t<meta property=\"og:image:width\" content=\"1080\" \/>\n\t<meta property=\"og:image:height\" content=\"623\" \/>\n\t<meta property=\"og:image:type\" content=\"image\/jpeg\" \/>\n<meta name=\"author\" content=\"Administrateur\" \/>\n<meta name=\"twitter:label1\" content=\"\u00c9crit par\" \/>\n\t<meta name=\"twitter:data1\" content=\"Administrateur\" \/>\n\t<meta name=\"twitter:label2\" content=\"Dur\u00e9e de lecture estim\u00e9e\" \/>\n\t<meta name=\"twitter:data2\" content=\"3 minutes\" \/>\n<script type=\"application\/ld+json\" class=\"yoast-schema-graph\">{\"@context\":\"https:\\\/\\\/schema.org\",\"@graph\":[{\"@type\":\"Article\",\"@id\":\"https:\\\/\\\/www.latribunedufaso.net\\\/?p=1344#article\",\"isPartOf\":{\"@id\":\"https:\\\/\\\/www.latribunedufaso.net\\\/?p=1344\"},\"author\":{\"name\":\"Administrateur\",\"@id\":\"https:\\\/\\\/www.latribunedufaso.net\\\/#\\\/schema\\\/person\\\/a380782d0605bb8aae27c40ea93b35b1\"},\"headline\":\"ID DAY : Une premi\u00e8re au Burkina Faso \u00a0\",\"datePublished\":\"2020-09-21T10:07:44+00:00\",\"dateModified\":\"2020-09-23T11:35:49+00:00\",\"mainEntityOfPage\":{\"@id\":\"https:\\\/\\\/www.latribunedufaso.net\\\/?p=1344\"},\"wordCount\":687,\"commentCount\":0,\"publisher\":{\"@id\":\"https:\\\/\\\/www.latribunedufaso.net\\\/#organization\"},\"image\":{\"@id\":\"https:\\\/\\\/www.latribunedufaso.net\\\/?p=1344#primaryimage\"},\"thumbnailUrl\":\"https:\\\/\\\/www.latribunedufaso.net\\\/wp-content\\\/uploads\\\/2020\\\/09\\\/IMG-20200917-WA0011.jpg\",\"articleSection\":[\"Actualit\u00e9\",\"Soci\u00e9t\u00e9\"],\"inLanguage\":\"fr-FR\",\"potentialAction\":[{\"@type\":\"CommentAction\",\"name\":\"Comment\",\"target\":[\"https:\\\/\\\/www.latribunedufaso.net\\\/?p=1344#respond\"]}]},{\"@type\":\"WebPage\",\"@id\":\"https:\\\/\\\/www.latribunedufaso.net\\\/?p=1344\",\"url\":\"https:\\\/\\\/www.latribunedufaso.net\\\/?p=1344\",\"name\":\"ID DAY : Une premi\u00e8re au Burkina Faso \u00a0 - La Tribune du Faso\",\"isPartOf\":{\"@id\":\"https:\\\/\\\/www.latribunedufaso.net\\\/#website\"},\"primaryImageOfPage\":{\"@id\":\"https:\\\/\\\/www.latribunedufaso.net\\\/?p=1344#primaryimage\"},\"image\":{\"@id\":\"https:\\\/\\\/www.latribunedufaso.net\\\/?p=1344#primaryimage\"},\"thumbnailUrl\":\"https:\\\/\\\/www.latribunedufaso.net\\\/wp-content\\\/uploads\\\/2020\\\/09\\\/IMG-20200917-WA0011.jpg\",\"datePublished\":\"2020-09-21T10:07:44+00:00\",\"dateModified\":\"2020-09-23T11:35:49+00:00\",\"breadcrumb\":{\"@id\":\"https:\\\/\\\/www.latribunedufaso.net\\\/?p=1344#breadcrumb\"},\"inLanguage\":\"fr-FR\",\"potentialAction\":[{\"@type\":\"ReadAction\",\"target\":[\"https:\\\/\\\/www.latribunedufaso.net\\\/?p=1344\"]}]},{\"@type\":\"ImageObject\",\"inLanguage\":\"fr-FR\",\"@id\":\"https:\\\/\\\/www.latribunedufaso.net\\\/?p=1344#primaryimage\",\"url\":\"https:\\\/\\\/www.latribunedufaso.net\\\/wp-content\\\/uploads\\\/2020\\\/09\\\/IMG-20200917-WA0011.jpg\",\"contentUrl\":\"https:\\\/\\\/www.latribunedufaso.net\\\/wp-content\\\/uploads\\\/2020\\\/09\\\/IMG-20200917-WA0011.jpg\",\"width\":1080,\"height\":623},{\"@type\":\"BreadcrumbList\",\"@id\":\"https:\\\/\\\/www.latribunedufaso.net\\\/?p=1344#breadcrumb\",\"itemListElement\":[{\"@type\":\"ListItem\",\"position\":1,\"name\":\"Accueil\",\"item\":\"https:\\\/\\\/www.latribunedufaso.net\\\/\"},{\"@type\":\"ListItem\",\"position\":2,\"name\":\"ID DAY : Une premi\u00e8re au Burkina Faso \u00a0\"}]},{\"@type\":\"WebSite\",\"@id\":\"https:\\\/\\\/www.latribunedufaso.net\\\/#website\",\"url\":\"https:\\\/\\\/www.latribunedufaso.net\\\/\",\"name\":\"La Tribune du Faso\",\"description\":\"L&#039;information du monde rural en un clic\",\"publisher\":{\"@id\":\"https:\\\/\\\/www.latribunedufaso.net\\\/#organization\"},\"potentialAction\":[{\"@type\":\"SearchAction\",\"target\":{\"@type\":\"EntryPoint\",\"urlTemplate\":\"https:\\\/\\\/www.latribunedufaso.net\\\/?s={search_term_string}\"},\"query-input\":{\"@type\":\"PropertyValueSpecification\",\"valueRequired\":true,\"valueName\":\"search_term_string\"}}],\"inLanguage\":\"fr-FR\"},{\"@type\":\"Organization\",\"@id\":\"https:\\\/\\\/www.latribunedufaso.net\\\/#organization\",\"name\":\"La Tribune du Faso\",\"url\":\"https:\\\/\\\/www.latribunedufaso.net\\\/\",\"logo\":{\"@type\":\"ImageObject\",\"inLanguage\":\"fr-FR\",\"@id\":\"https:\\\/\\\/www.latribunedufaso.net\\\/#\\\/schema\\\/logo\\\/image\\\/\",\"url\":\"https:\\\/\\\/www.latribunedufaso.net\\\/wp-content\\\/uploads\\\/2020\\\/08\\\/Logo-Tribune-du-Faso-final-scaled.jpg\",\"contentUrl\":\"https:\\\/\\\/www.latribunedufaso.net\\\/wp-content\\\/uploads\\\/2020\\\/08\\\/Logo-Tribune-du-Faso-final-scaled.jpg\",\"width\":2560,\"height\":1856,\"caption\":\"La Tribune du Faso\"},\"image\":{\"@id\":\"https:\\\/\\\/www.latribunedufaso.net\\\/#\\\/schema\\\/logo\\\/image\\\/\"},\"sameAs\":[\"https:\\\/\\\/www.facebook.com\\\/LatribuneduFaso\\\/\"]},{\"@type\":\"Person\",\"@id\":\"https:\\\/\\\/www.latribunedufaso.net\\\/#\\\/schema\\\/person\\\/a380782d0605bb8aae27c40ea93b35b1\",\"name\":\"Administrateur\",\"image\":{\"@type\":\"ImageObject\",\"inLanguage\":\"fr-FR\",\"@id\":\"https:\\\/\\\/secure.gravatar.com\\\/avatar\\\/e20266f97d741f0e80ba1f60283074a9b3317fd7bfb727e0d95b51dafbf854a1?s=96&d=mm&r=g\",\"url\":\"https:\\\/\\\/secure.gravatar.com\\\/avatar\\\/e20266f97d741f0e80ba1f60283074a9b3317fd7bfb727e0d95b51dafbf854a1?s=96&d=mm&r=g\",\"contentUrl\":\"https:\\\/\\\/secure.gravatar.com\\\/avatar\\\/e20266f97d741f0e80ba1f60283074a9b3317fd7bfb727e0d95b51dafbf854a1?s=96&d=mm&r=g\",\"caption\":\"Administrateur\"},\"url\":\"https:\\\/\\\/www.latribunedufaso.net\\\/?author=2\"}]}<\/script>\n<!-- \/ Yoast SEO plugin. -->","yoast_head_json":{"title":"ID DAY : Une premi\u00e8re au Burkina Faso \u00a0 - La Tribune du Faso","robots":{"index":"index","follow":"follow","max-snippet":"max-snippet:-1","max-image-preview":"max-image-preview:large","max-video-preview":"max-video-preview:-1"},"canonical":"https:\/\/www.latribunedufaso.net\/?p=1344","og_locale":"fr_FR","og_type":"article","og_title":"ID DAY : Une premi\u00e8re au Burkina Faso \u00a0 - La Tribune du Faso","og_description":"Le Burkina Faso, \u00e0 travers l\u2019Office national d\u2019identification (ONI), a c\u00e9l\u00e9br\u00e9 jeudi 17 septembre 2020, \u00e0 Ouagadougou sa premi\u00e8re Journ\u00e9e internationale de l\u2019identit\u00e9 \u00a0(ID DAY) depuis son instauration \u00e0 Abuja, le 24 Avril 2018. \u00ab\u00a0B\u00e2tir une infrastructure d\u2019identification au service du bien public\u00a0\u00bb, c\u2019est le th\u00e8me alors retenu pour cet ID DAY \u00e9dition 1. La c\u00e9r\u00e9monie officielle, pr\u00e9sid\u00e9e par le premier ministre, Christophe Dabir\u00e9, en pr\u00e9sence du ministre de la s\u00e9curit\u00e9, Ouss\u00e9ni Compaor\u00e9.","og_url":"https:\/\/www.latribunedufaso.net\/?p=1344","og_site_name":"La Tribune du Faso","article_publisher":"https:\/\/www.facebook.com\/LatribuneduFaso\/","article_published_time":"2020-09-21T10:07:44+00:00","article_modified_time":"2020-09-23T11:35:49+00:00","og_image":[{"width":1080,"height":623,"url":"https:\/\/latribunedufaso.net\/wp-content\/uploads\/2020\/09\/IMG-20200917-WA0011.jpg","type":"image\/jpeg"}],"author":"Administrateur","twitter_misc":{"\u00c9crit par":"Administrateur","Dur\u00e9e de lecture estim\u00e9e":"3 minutes"},"schema":{"@context":"https:\/\/schema.org","@graph":[{"@type":"Article","@id":"https:\/\/www.latribunedufaso.net\/?p=1344#article","isPartOf":{"@id":"https:\/\/www.latribunedufaso.net\/?p=1344"},"author":{"name":"Administrateur","@id":"https:\/\/www.latribunedufaso.net\/#\/schema\/person\/a380782d0605bb8aae27c40ea93b35b1"},"headline":"ID DAY : Une premi\u00e8re au Burkina Faso \u00a0","datePublished":"2020-09-21T10:07:44+00:00","dateModified":"2020-09-23T11:35:49+00:00","mainEntityOfPage":{"@id":"https:\/\/www.latribunedufaso.net\/?p=1344"},"wordCount":687,"commentCount":0,"publisher":{"@id":"https:\/\/www.latribunedufaso.net\/#organization"},"image":{"@id":"https:\/\/www.latribunedufaso.net\/?p=1344#primaryimage"},"thumbnailUrl":"https:\/\/www.latribunedufaso.net\/wp-content\/uploads\/2020\/09\/IMG-20200917-WA0011.jpg","articleSection":["Actualit\u00e9","Soci\u00e9t\u00e9"],"inLanguage":"fr-FR","potentialAction":[{"@type":"CommentAction","name":"Comment","target":["https:\/\/www.latribunedufaso.net\/?p=1344#respond"]}]},{"@type":"WebPage","@id":"https:\/\/www.latribunedufaso.net\/?p=1344","url":"https:\/\/www.latribunedufaso.net\/?p=1344","name":"ID DAY : Une premi\u00e8re au Burkina Faso \u00a0 - La Tribune du Faso","isPartOf":{"@id":"https:\/\/www.latribunedufaso.net\/#website"},"primaryImageOfPage":{"@id":"https:\/\/www.latribunedufaso.net\/?p=1344#primaryimage"},"image":{"@id":"https:\/\/www.latribunedufaso.net\/?p=1344#primaryimage"},"thumbnailUrl":"https:\/\/www.latribunedufaso.net\/wp-content\/uploads\/2020\/09\/IMG-20200917-WA0011.jpg","datePublished":"2020-09-21T10:07:44+00:00","dateModified":"2020-09-23T11:35:49+00:00","breadcrumb":{"@id":"https:\/\/www.latribunedufaso.net\/?p=1344#breadcrumb"},"inLanguage":"fr-FR","potentialAction":[{"@type":"ReadAction","target":["https:\/\/www.latribunedufaso.net\/?p=1344"]}]},{"@type":"ImageObject","inLanguage":"fr-FR","@id":"https:\/\/www.latribunedufaso.net\/?p=1344#primaryimage","url":"https:\/\/www.latribunedufaso.net\/wp-content\/uploads\/2020\/09\/IMG-20200917-WA0011.jpg","contentUrl":"https:\/\/www.latribunedufaso.net\/wp-content\/uploads\/2020\/09\/IMG-20200917-WA0011.jpg","width":1080,"height":623},{"@type":"BreadcrumbList","@id":"https:\/\/www.latribunedufaso.net\/?p=1344#breadcrumb","itemListElement":[{"@type":"ListItem","position":1,"name":"Accueil","item":"https:\/\/www.latribunedufaso.net\/"},{"@type":"ListItem","position":2,"name":"ID DAY : Une premi\u00e8re au Burkina Faso \u00a0"}]},{"@type":"WebSite","@id":"https:\/\/www.latribunedufaso.net\/#website","url":"https:\/\/www.latribunedufaso.net\/","name":"La Tribune du Faso","description":"L&#039;information du monde rural en un clic","publisher":{"@id":"https:\/\/www.latribunedufaso.net\/#organization"},"potentialAction":[{"@type":"SearchAction","target":{"@type":"EntryPoint","urlTemplate":"https:\/\/www.latribunedufaso.net\/?s={search_term_string}"},"query-input":{"@type":"PropertyValueSpecification","valueRequired":true,"valueName":"search_term_string"}}],"inLanguage":"fr-FR"},{"@type":"Organization","@id":"https:\/\/www.latribunedufaso.net\/#organization","name":"La Tribune du Faso","url":"https:\/\/www.latribunedufaso.net\/","logo":{"@type":"ImageObject","inLanguage":"fr-FR","@id":"https:\/\/www.latribunedufaso.net\/#\/schema\/logo\/image\/","url":"https:\/\/www.latribunedufaso.net\/wp-content\/uploads\/2020\/08\/Logo-Tribune-du-Faso-final-scaled.jpg","contentUrl":"https:\/\/www.latribunedufaso.net\/wp-content\/uploads\/2020\/08\/Logo-Tribune-du-Faso-final-scaled.jpg","width":2560,"height":1856,"caption":"La Tribune du Faso"},"image":{"@id":"https:\/\/www.latribunedufaso.net\/#\/schema\/logo\/image\/"},"sameAs":["https:\/\/www.facebook.com\/LatribuneduFaso\/"]},{"@type":"Person","@id":"https:\/\/www.latribunedufaso.net\/#\/schema\/person\/a380782d0605bb8aae27c40ea93b35b1","name":"Administrateur","image":{"@type":"ImageObject","inLanguage":"fr-FR","@id":"https:\/\/secure.gravatar.com\/avatar\/e20266f97d741f0e80ba1f60283074a9b3317fd7bfb727e0d95b51dafbf854a1?s=96&d=mm&r=g","url":"https:\/\/secure.gravatar.com\/avatar\/e20266f97d741f0e80ba1f60283074a9b3317fd7bfb727e0d95b51dafbf854a1?s=96&d=mm&r=g","contentUrl":"https:\/\/secure.gravatar.com\/avatar\/e20266f97d741f0e80ba1f60283074a9b3317fd7bfb727e0d95b51dafbf854a1?s=96&d=mm&r=g","caption":"Administrateur"},"url":"https:\/\/www.latribunedufaso.net\/?author=2"}]}},"_links":{"self":[{"href":"https:\/\/www.latribunedufaso.net\/index.php?rest_route=\/wp\/v2\/posts\/1344","targetHints":{"allow":["GET"]}}],"collection":[{"href":"https:\/\/www.latribunedufaso.net\/index.php?rest_route=\/wp\/v2\/posts"}],"about":[{"href":"https:\/\/www.latribunedufaso.net\/index.php?rest_route=\/wp\/v2\/types\/post"}],"author":[{"embeddable":true,"href":"https:\/\/www.latribunedufaso.net\/index.php?rest_route=\/wp\/v2\/users\/2"}],"replies":[{"embeddable":true,"href":"https:\/\/www.latribunedufaso.net\/index.php?rest_route=%2Fwp%2Fv2%2Fcomments&post=1344"}],"version-history":[{"count":1,"href":"https:\/\/www.latribunedufaso.net\/index.php?rest_route=\/wp\/v2\/posts\/1344\/revisions"}],"predecessor-version":[{"id":1353,"href":"https:\/\/www.latribunedufaso.net\/index.php?rest_route=\/wp\/v2\/posts\/1344\/revisions\/1353"}],"wp:featuredmedia":[{"embeddable":true,"href":"https:\/\/www.latribunedufaso.net\/index.php?rest_route=\/wp\/v2\/media\/1345"}],"wp:attachment":[{"href":"https:\/\/www.latribunedufaso.net\/index.php?rest_route=%2Fwp%2Fv2%2Fmedia&parent=1344"}],"wp:term":[{"taxonomy":"category","embeddable":true,"href":"https:\/\/www.latribunedufaso.net\/index.php?rest_route=%2Fwp%2Fv2%2Fcategories&post=1344"},{"taxonomy":"post_tag","embeddable":true,"href":"https:\/\/www.latribunedufaso.net\/index.php?rest_route=%2Fwp%2Fv2%2Ftags&post=1344"}],"curies":[{"name":"wp","href":"https:\/\/api.w.org\/{rel}","templated":true}]}}