{"id":13419,"date":"2024-05-20T18:34:41","date_gmt":"2024-05-20T18:34:41","guid":{"rendered":"https:\/\/www.latribunedufaso.net\/?p=13419"},"modified":"2024-05-20T18:34:41","modified_gmt":"2024-05-20T18:34:41","slug":"dispositif-de-suivi-de-lamelioration-du-climat-des-affaires-au-burkina-faso-le-comite-de-pilotage-tient-sa-session-ordinaire-2024","status":"publish","type":"post","link":"https:\/\/www.latribunedufaso.net\/?p=13419","title":{"rendered":"Dispositif de suivi de l\u2019am\u00e9lioration du climat des affaires au Burkina Faso : Le comit\u00e9 de pilotage tient sa session ordinaire 2024"},"content":{"rendered":"<p><strong><span style=\"font-size: 1.0625rem;\">Le comit\u00e9 de pilotage du dispositif institutionnel de suivi de l\u2019am\u00e9lioration du climat des affaires au Burkina Faso a tenu sa session ordinaire de l\u2019ann\u00e9e, ce lundi 20 mai 2024 \u00e0 Ouagadougou. La rencontre a \u00e9t\u00e9 pr\u00e9sid\u00e9e par le Premier ministre, Me Appolinaire Ky\u00e9lem. Cela, en pr\u00e9sence du ministre du D\u00e9veloppement industriel, du Commerce, de l\u2019Artisanat et des Petites et moyennes entreprises, Serge Poda.<\/span><\/strong><br \/><!--more--><\/p>\n<p><a href=\"https:\/\/www.latribunedufaso.net\/wp-content\/uploads\/2024\/05\/IMG-20240520-WA0025.jpg\"><img loading=\"lazy\" decoding=\"async\" class=\"size-medium wp-image-13422 alignleft\" src=\"https:\/\/www.latribunedufaso.net\/wp-content\/uploads\/2024\/05\/IMG-20240520-WA0025-300x187.jpg\" alt=\"\" width=\"300\" height=\"187\" srcset=\"https:\/\/www.latribunedufaso.net\/wp-content\/uploads\/2024\/05\/IMG-20240520-WA0025-300x187.jpg 300w, https:\/\/www.latribunedufaso.net\/wp-content\/uploads\/2024\/05\/IMG-20240520-WA0025-1024x637.jpg 1024w, https:\/\/www.latribunedufaso.net\/wp-content\/uploads\/2024\/05\/IMG-20240520-WA0025-768x478.jpg 768w, https:\/\/www.latribunedufaso.net\/wp-content\/uploads\/2024\/05\/IMG-20240520-WA0025.jpg 1280w\" sizes=\"auto, (max-width: 300px) 100vw, 300px\" \/><\/a>Pour cette pr\u00e9sente session, il s\u2019est agi pour le comit\u00e9, d\u2019examiner et d\u2019adopter le projet de rapport de mise en \u0153uvre au 31 d\u00e9cembre 2023 du plan de r\u00e9formes 2023. Il a \u00e9t\u00e9 \u00e9galement question, d\u2019examiner et d\u2019adopter le projet de plan de r\u00e9formes 2024.<\/p>\n<p>Pour le rapport de mise en \u0153uvre 2023, selon le ministre Serge Poda, sur 53 r\u00e9formes qui avaient \u00e9t\u00e9 arr\u00eat\u00e9es, le taux de r\u00e9alisation est de 67,23%. Un taux qu\u2019il juge important et encourageant car il vient cr\u00e9er les conditions pour un secteur priv\u00e9 plus participatif et plus r\u00e9silient.<\/p>\n<p><a href=\"https:\/\/www.latribunedufaso.net\/wp-content\/uploads\/2024\/05\/IMG-20240520-WA0023.jpg\"><img loading=\"lazy\" decoding=\"async\" class=\"size-medium wp-image-13424 alignleft\" src=\"https:\/\/www.latribunedufaso.net\/wp-content\/uploads\/2024\/05\/IMG-20240520-WA0023-300x206.jpg\" alt=\"\" width=\"300\" height=\"206\" srcset=\"https:\/\/www.latribunedufaso.net\/wp-content\/uploads\/2024\/05\/IMG-20240520-WA0023-300x206.jpg 300w, https:\/\/www.latribunedufaso.net\/wp-content\/uploads\/2024\/05\/IMG-20240520-WA0023-1024x705.jpg 1024w, https:\/\/www.latribunedufaso.net\/wp-content\/uploads\/2024\/05\/IMG-20240520-WA0023-768x529.jpg 768w, https:\/\/www.latribunedufaso.net\/wp-content\/uploads\/2024\/05\/IMG-20240520-WA0023.jpg 1280w\" sizes=\"auto, (max-width: 300px) 100vw, 300px\" \/><\/a>En ce qui concerne le projet de plan de r\u00e9formes 2024, plusieurs activit\u00e9s sont en vue. Il s\u2019agit entre autres, de la digitalisation de toutes les proc\u00e9dures en mati\u00e8re de d\u00e9livrance de certains actes importants pour le secteur priv\u00e9, la rationalisation de toutes les proc\u00e9dures en mati\u00e8re de documentation apport\u00e9e et l\u2019interconnexion entre certains services qui concourent \u00e0 la d\u00e9livrance des licences d\u2019affaires.<\/p>\n<p><a href=\"https:\/\/www.latribunedufaso.net\/wp-content\/uploads\/2024\/05\/IMG-20240520-WA0026.jpg\"><img loading=\"lazy\" decoding=\"async\" class=\"size-medium wp-image-13421 alignleft\" src=\"https:\/\/www.latribunedufaso.net\/wp-content\/uploads\/2024\/05\/IMG-20240520-WA0026-300x178.jpg\" alt=\"\" width=\"300\" height=\"178\" srcset=\"https:\/\/www.latribunedufaso.net\/wp-content\/uploads\/2024\/05\/IMG-20240520-WA0026-300x178.jpg 300w, https:\/\/www.latribunedufaso.net\/wp-content\/uploads\/2024\/05\/IMG-20240520-WA0026-1024x607.jpg 1024w, https:\/\/www.latribunedufaso.net\/wp-content\/uploads\/2024\/05\/IMG-20240520-WA0026-768x455.jpg 768w, https:\/\/www.latribunedufaso.net\/wp-content\/uploads\/2024\/05\/IMG-20240520-WA0026.jpg 1280w\" sizes=\"auto, (max-width: 300px) 100vw, 300px\" \/><\/a>\u00ab Toutes ces r\u00e9formes ont \u00e9t\u00e9 arr\u00eat\u00e9es sur la tranche annuelle de 2024. Les structures ont \u00e9t\u00e9 identifi\u00e9es, les budgets aussi ont \u00e9t\u00e9 arr\u00eat\u00e9s pour pouvoir les mettre en \u0153uvre pour le bonheur de notre secteur priv\u00e9 national \u00bb, a laiss\u00e9 entendre le ministre.<\/p>\n<p><strong>Rosana Astride Kiendrebeogo\u00a0<\/strong><\/p>\n<p><strong>Latribunedufaso.net<a href=\"https:\/\/www.latribunedufaso.net\/wp-content\/uploads\/2024\/05\/IMG-20240520-WA0027.jpg\"><img loading=\"lazy\" decoding=\"async\" class=\"size-medium wp-image-13420 alignleft\" src=\"https:\/\/www.latribunedufaso.net\/wp-content\/uploads\/2024\/05\/IMG-20240520-WA0027-300x190.jpg\" alt=\"\" width=\"300\" height=\"190\" srcset=\"https:\/\/www.latribunedufaso.net\/wp-content\/uploads\/2024\/05\/IMG-20240520-WA0027-300x190.jpg 300w, https:\/\/www.latribunedufaso.net\/wp-content\/uploads\/2024\/05\/IMG-20240520-WA0027-1024x649.jpg 1024w, https:\/\/www.latribunedufaso.net\/wp-content\/uploads\/2024\/05\/IMG-20240520-WA0027-768x487.jpg 768w, https:\/\/www.latribunedufaso.net\/wp-content\/uploads\/2024\/05\/IMG-20240520-WA0027.jpg 1280w\" sizes=\"auto, (max-width: 300px) 100vw, 300px\" \/><\/a><\/strong><\/p>\n","protected":false},"excerpt":{"rendered":"<p>Le comit\u00e9 de pilotage du dispositif institutionnel de suivi de l\u2019am\u00e9lioration du climat des affaires au Burkina Faso a tenu sa session ordinaire de l\u2019ann\u00e9e, ce lundi 20 mai 2024 \u00e0 Ouagadougou. La rencontre a \u00e9t\u00e9 pr\u00e9sid\u00e9e par le Premier ministre, Me Appolinaire Ky\u00e9lem. Cela, en pr\u00e9sence du ministre du D\u00e9veloppement industriel, du Commerce, de l\u2019Artisanat et des Petites et moyennes entreprises, Serge Poda.<\/p>\n","protected":false},"author":5,"featured_media":13423,"comment_status":"open","ping_status":"open","sticky":false,"template":"","format":"standard","meta":{"footnotes":""},"categories":[13,1,10],"tags":[],"class_list":["post-13419","post","type-post","status-publish","format-standard","has-post-thumbnail","hentry","category-une","category-actu","category-eco"],"yoast_head":"<!-- This site is optimized with the Yoast SEO plugin v27.4 - https:\/\/yoast.com\/product\/yoast-seo-wordpress\/ -->\n<title>Dispositif de suivi de l\u2019am\u00e9lioration du climat des affaires au Burkina Faso : Le comit\u00e9 de pilotage tient sa session ordinaire 2024 - La Tribune du Faso<\/title>\n<meta name=\"robots\" content=\"index, follow, max-snippet:-1, max-image-preview:large, max-video-preview:-1\" \/>\n<link rel=\"canonical\" href=\"https:\/\/www.latribunedufaso.net\/?p=13419\" \/>\n<meta property=\"og:locale\" content=\"fr_FR\" \/>\n<meta property=\"og:type\" content=\"article\" \/>\n<meta property=\"og:title\" content=\"Dispositif de suivi de l\u2019am\u00e9lioration du climat des affaires au Burkina Faso : Le comit\u00e9 de pilotage tient sa session ordinaire 2024 - La Tribune du Faso\" \/>\n<meta property=\"og:description\" content=\"Le comit\u00e9 de pilotage du dispositif institutionnel de suivi de l\u2019am\u00e9lioration du climat des affaires au Burkina Faso a tenu sa session ordinaire de l\u2019ann\u00e9e, ce lundi 20 mai 2024 \u00e0 Ouagadougou. La rencontre a \u00e9t\u00e9 pr\u00e9sid\u00e9e par le Premier ministre, Me Appolinaire Ky\u00e9lem. Cela, en pr\u00e9sence du ministre du D\u00e9veloppement industriel, du Commerce, de l\u2019Artisanat et des Petites et moyennes entreprises, Serge Poda.\" \/>\n<meta property=\"og:url\" content=\"https:\/\/www.latribunedufaso.net\/?p=13419\" \/>\n<meta property=\"og:site_name\" content=\"La Tribune du Faso\" \/>\n<meta property=\"article:publisher\" content=\"https:\/\/www.facebook.com\/LatribuneduFaso\/\" \/>\n<meta property=\"article:published_time\" content=\"2024-05-20T18:34:41+00:00\" \/>\n<meta property=\"og:image\" content=\"https:\/\/www.latribunedufaso.net\/wp-content\/uploads\/2024\/05\/IMG-20240520-WA0024.jpg\" \/>\n\t<meta property=\"og:image:width\" content=\"1280\" \/>\n\t<meta property=\"og:image:height\" content=\"750\" \/>\n\t<meta property=\"og:image:type\" content=\"image\/jpeg\" \/>\n<meta name=\"author\" content=\"Issouf Tapsoba\" \/>\n<meta name=\"twitter:label1\" content=\"\u00c9crit par\" \/>\n\t<meta name=\"twitter:data1\" content=\"Issouf Tapsoba\" \/>\n\t<meta name=\"twitter:label2\" content=\"Dur\u00e9e de lecture estim\u00e9e\" \/>\n\t<meta name=\"twitter:data2\" content=\"1 minute\" \/>\n<script type=\"application\/ld+json\" class=\"yoast-schema-graph\">{\"@context\":\"https:\\\/\\\/schema.org\",\"@graph\":[{\"@type\":\"Article\",\"@id\":\"https:\\\/\\\/www.latribunedufaso.net\\\/?p=13419#article\",\"isPartOf\":{\"@id\":\"https:\\\/\\\/www.latribunedufaso.net\\\/?p=13419\"},\"author\":{\"name\":\"Issouf Tapsoba\",\"@id\":\"https:\\\/\\\/www.latribunedufaso.net\\\/#\\\/schema\\\/person\\\/e54e64c5778a7e72cf80a318b7a622b0\"},\"headline\":\"Dispositif de suivi de l\u2019am\u00e9lioration du climat des affaires au Burkina Faso : Le comit\u00e9 de pilotage tient sa session ordinaire 2024\",\"datePublished\":\"2024-05-20T18:34:41+00:00\",\"mainEntityOfPage\":{\"@id\":\"https:\\\/\\\/www.latribunedufaso.net\\\/?p=13419\"},\"wordCount\":321,\"commentCount\":0,\"publisher\":{\"@id\":\"https:\\\/\\\/www.latribunedufaso.net\\\/#organization\"},\"image\":{\"@id\":\"https:\\\/\\\/www.latribunedufaso.net\\\/?p=13419#primaryimage\"},\"thumbnailUrl\":\"https:\\\/\\\/www.latribunedufaso.net\\\/wp-content\\\/uploads\\\/2024\\\/05\\\/IMG-20240520-WA0024.jpg\",\"articleSection\":[\"A la une\",\"Actualit\u00e9\",\"Economie\"],\"inLanguage\":\"fr-FR\",\"potentialAction\":[{\"@type\":\"CommentAction\",\"name\":\"Comment\",\"target\":[\"https:\\\/\\\/www.latribunedufaso.net\\\/?p=13419#respond\"]}]},{\"@type\":\"WebPage\",\"@id\":\"https:\\\/\\\/www.latribunedufaso.net\\\/?p=13419\",\"url\":\"https:\\\/\\\/www.latribunedufaso.net\\\/?p=13419\",\"name\":\"Dispositif de suivi de l\u2019am\u00e9lioration du climat des affaires au Burkina Faso : Le comit\u00e9 de pilotage tient sa session ordinaire 2024 - La Tribune du Faso\",\"isPartOf\":{\"@id\":\"https:\\\/\\\/www.latribunedufaso.net\\\/#website\"},\"primaryImageOfPage\":{\"@id\":\"https:\\\/\\\/www.latribunedufaso.net\\\/?p=13419#primaryimage\"},\"image\":{\"@id\":\"https:\\\/\\\/www.latribunedufaso.net\\\/?p=13419#primaryimage\"},\"thumbnailUrl\":\"https:\\\/\\\/www.latribunedufaso.net\\\/wp-content\\\/uploads\\\/2024\\\/05\\\/IMG-20240520-WA0024.jpg\",\"datePublished\":\"2024-05-20T18:34:41+00:00\",\"breadcrumb\":{\"@id\":\"https:\\\/\\\/www.latribunedufaso.net\\\/?p=13419#breadcrumb\"},\"inLanguage\":\"fr-FR\",\"potentialAction\":[{\"@type\":\"ReadAction\",\"target\":[\"https:\\\/\\\/www.latribunedufaso.net\\\/?p=13419\"]}]},{\"@type\":\"ImageObject\",\"inLanguage\":\"fr-FR\",\"@id\":\"https:\\\/\\\/www.latribunedufaso.net\\\/?p=13419#primaryimage\",\"url\":\"https:\\\/\\\/www.latribunedufaso.net\\\/wp-content\\\/uploads\\\/2024\\\/05\\\/IMG-20240520-WA0024.jpg\",\"contentUrl\":\"https:\\\/\\\/www.latribunedufaso.net\\\/wp-content\\\/uploads\\\/2024\\\/05\\\/IMG-20240520-WA0024.jpg\",\"width\":1280,\"height\":750},{\"@type\":\"BreadcrumbList\",\"@id\":\"https:\\\/\\\/www.latribunedufaso.net\\\/?p=13419#breadcrumb\",\"itemListElement\":[{\"@type\":\"ListItem\",\"position\":1,\"name\":\"Accueil\",\"item\":\"https:\\\/\\\/www.latribunedufaso.net\\\/\"},{\"@type\":\"ListItem\",\"position\":2,\"name\":\"Dispositif de suivi de l\u2019am\u00e9lioration du climat des affaires au Burkina Faso : Le comit\u00e9 de pilotage tient sa session ordinaire 2024\"}]},{\"@type\":\"WebSite\",\"@id\":\"https:\\\/\\\/www.latribunedufaso.net\\\/#website\",\"url\":\"https:\\\/\\\/www.latribunedufaso.net\\\/\",\"name\":\"La Tribune du Faso\",\"description\":\"L&#039;information du monde rural en un clic\",\"publisher\":{\"@id\":\"https:\\\/\\\/www.latribunedufaso.net\\\/#organization\"},\"potentialAction\":[{\"@type\":\"SearchAction\",\"target\":{\"@type\":\"EntryPoint\",\"urlTemplate\":\"https:\\\/\\\/www.latribunedufaso.net\\\/?s={search_term_string}\"},\"query-input\":{\"@type\":\"PropertyValueSpecification\",\"valueRequired\":true,\"valueName\":\"search_term_string\"}}],\"inLanguage\":\"fr-FR\"},{\"@type\":\"Organization\",\"@id\":\"https:\\\/\\\/www.latribunedufaso.net\\\/#organization\",\"name\":\"La Tribune du Faso\",\"url\":\"https:\\\/\\\/www.latribunedufaso.net\\\/\",\"logo\":{\"@type\":\"ImageObject\",\"inLanguage\":\"fr-FR\",\"@id\":\"https:\\\/\\\/www.latribunedufaso.net\\\/#\\\/schema\\\/logo\\\/image\\\/\",\"url\":\"https:\\\/\\\/www.latribunedufaso.net\\\/wp-content\\\/uploads\\\/2020\\\/08\\\/Logo-Tribune-du-Faso-final-scaled.jpg\",\"contentUrl\":\"https:\\\/\\\/www.latribunedufaso.net\\\/wp-content\\\/uploads\\\/2020\\\/08\\\/Logo-Tribune-du-Faso-final-scaled.jpg\",\"width\":2560,\"height\":1856,\"caption\":\"La Tribune du Faso\"},\"image\":{\"@id\":\"https:\\\/\\\/www.latribunedufaso.net\\\/#\\\/schema\\\/logo\\\/image\\\/\"},\"sameAs\":[\"https:\\\/\\\/www.facebook.com\\\/LatribuneduFaso\\\/\"]},{\"@type\":\"Person\",\"@id\":\"https:\\\/\\\/www.latribunedufaso.net\\\/#\\\/schema\\\/person\\\/e54e64c5778a7e72cf80a318b7a622b0\",\"name\":\"Issouf Tapsoba\",\"image\":{\"@type\":\"ImageObject\",\"inLanguage\":\"fr-FR\",\"@id\":\"https:\\\/\\\/secure.gravatar.com\\\/avatar\\\/5e6c05150ce3230247d167f5b94d678eb05936197436d69b7921e3a95c9107ac?s=96&d=mm&r=g\",\"url\":\"https:\\\/\\\/secure.gravatar.com\\\/avatar\\\/5e6c05150ce3230247d167f5b94d678eb05936197436d69b7921e3a95c9107ac?s=96&d=mm&r=g\",\"contentUrl\":\"https:\\\/\\\/secure.gravatar.com\\\/avatar\\\/5e6c05150ce3230247d167f5b94d678eb05936197436d69b7921e3a95c9107ac?s=96&d=mm&r=g\",\"caption\":\"Issouf Tapsoba\"},\"url\":\"https:\\\/\\\/www.latribunedufaso.net\\\/?author=5\"}]}<\/script>\n<!-- \/ Yoast SEO plugin. -->","yoast_head_json":{"title":"Dispositif de suivi de l\u2019am\u00e9lioration du climat des affaires au Burkina Faso : Le comit\u00e9 de pilotage tient sa session ordinaire 2024 - La Tribune du Faso","robots":{"index":"index","follow":"follow","max-snippet":"max-snippet:-1","max-image-preview":"max-image-preview:large","max-video-preview":"max-video-preview:-1"},"canonical":"https:\/\/www.latribunedufaso.net\/?p=13419","og_locale":"fr_FR","og_type":"article","og_title":"Dispositif de suivi de l\u2019am\u00e9lioration du climat des affaires au Burkina Faso : Le comit\u00e9 de pilotage tient sa session ordinaire 2024 - La Tribune du Faso","og_description":"Le comit\u00e9 de pilotage du dispositif institutionnel de suivi de l\u2019am\u00e9lioration du climat des affaires au Burkina Faso a tenu sa session ordinaire de l\u2019ann\u00e9e, ce lundi 20 mai 2024 \u00e0 Ouagadougou. La rencontre a \u00e9t\u00e9 pr\u00e9sid\u00e9e par le Premier ministre, Me Appolinaire Ky\u00e9lem. Cela, en pr\u00e9sence du ministre du D\u00e9veloppement industriel, du Commerce, de l\u2019Artisanat et des Petites et moyennes entreprises, Serge Poda.","og_url":"https:\/\/www.latribunedufaso.net\/?p=13419","og_site_name":"La Tribune du Faso","article_publisher":"https:\/\/www.facebook.com\/LatribuneduFaso\/","article_published_time":"2024-05-20T18:34:41+00:00","og_image":[{"width":1280,"height":750,"url":"https:\/\/www.latribunedufaso.net\/wp-content\/uploads\/2024\/05\/IMG-20240520-WA0024.jpg","type":"image\/jpeg"}],"author":"Issouf Tapsoba","twitter_misc":{"\u00c9crit par":"Issouf Tapsoba","Dur\u00e9e de lecture estim\u00e9e":"1 minute"},"schema":{"@context":"https:\/\/schema.org","@graph":[{"@type":"Article","@id":"https:\/\/www.latribunedufaso.net\/?p=13419#article","isPartOf":{"@id":"https:\/\/www.latribunedufaso.net\/?p=13419"},"author":{"name":"Issouf Tapsoba","@id":"https:\/\/www.latribunedufaso.net\/#\/schema\/person\/e54e64c5778a7e72cf80a318b7a622b0"},"headline":"Dispositif de suivi de l\u2019am\u00e9lioration du climat des affaires au Burkina Faso : Le comit\u00e9 de pilotage tient sa session ordinaire 2024","datePublished":"2024-05-20T18:34:41+00:00","mainEntityOfPage":{"@id":"https:\/\/www.latribunedufaso.net\/?p=13419"},"wordCount":321,"commentCount":0,"publisher":{"@id":"https:\/\/www.latribunedufaso.net\/#organization"},"image":{"@id":"https:\/\/www.latribunedufaso.net\/?p=13419#primaryimage"},"thumbnailUrl":"https:\/\/www.latribunedufaso.net\/wp-content\/uploads\/2024\/05\/IMG-20240520-WA0024.jpg","articleSection":["A la une","Actualit\u00e9","Economie"],"inLanguage":"fr-FR","potentialAction":[{"@type":"CommentAction","name":"Comment","target":["https:\/\/www.latribunedufaso.net\/?p=13419#respond"]}]},{"@type":"WebPage","@id":"https:\/\/www.latribunedufaso.net\/?p=13419","url":"https:\/\/www.latribunedufaso.net\/?p=13419","name":"Dispositif de suivi de l\u2019am\u00e9lioration du climat des affaires au Burkina Faso : Le comit\u00e9 de pilotage tient sa session ordinaire 2024 - La Tribune du Faso","isPartOf":{"@id":"https:\/\/www.latribunedufaso.net\/#website"},"primaryImageOfPage":{"@id":"https:\/\/www.latribunedufaso.net\/?p=13419#primaryimage"},"image":{"@id":"https:\/\/www.latribunedufaso.net\/?p=13419#primaryimage"},"thumbnailUrl":"https:\/\/www.latribunedufaso.net\/wp-content\/uploads\/2024\/05\/IMG-20240520-WA0024.jpg","datePublished":"2024-05-20T18:34:41+00:00","breadcrumb":{"@id":"https:\/\/www.latribunedufaso.net\/?p=13419#breadcrumb"},"inLanguage":"fr-FR","potentialAction":[{"@type":"ReadAction","target":["https:\/\/www.latribunedufaso.net\/?p=13419"]}]},{"@type":"ImageObject","inLanguage":"fr-FR","@id":"https:\/\/www.latribunedufaso.net\/?p=13419#primaryimage","url":"https:\/\/www.latribunedufaso.net\/wp-content\/uploads\/2024\/05\/IMG-20240520-WA0024.jpg","contentUrl":"https:\/\/www.latribunedufaso.net\/wp-content\/uploads\/2024\/05\/IMG-20240520-WA0024.jpg","width":1280,"height":750},{"@type":"BreadcrumbList","@id":"https:\/\/www.latribunedufaso.net\/?p=13419#breadcrumb","itemListElement":[{"@type":"ListItem","position":1,"name":"Accueil","item":"https:\/\/www.latribunedufaso.net\/"},{"@type":"ListItem","position":2,"name":"Dispositif de suivi de l\u2019am\u00e9lioration du climat des affaires au Burkina Faso : Le comit\u00e9 de pilotage tient sa session ordinaire 2024"}]},{"@type":"WebSite","@id":"https:\/\/www.latribunedufaso.net\/#website","url":"https:\/\/www.latribunedufaso.net\/","name":"La Tribune du Faso","description":"L&#039;information du monde rural en un clic","publisher":{"@id":"https:\/\/www.latribunedufaso.net\/#organization"},"potentialAction":[{"@type":"SearchAction","target":{"@type":"EntryPoint","urlTemplate":"https:\/\/www.latribunedufaso.net\/?s={search_term_string}"},"query-input":{"@type":"PropertyValueSpecification","valueRequired":true,"valueName":"search_term_string"}}],"inLanguage":"fr-FR"},{"@type":"Organization","@id":"https:\/\/www.latribunedufaso.net\/#organization","name":"La Tribune du Faso","url":"https:\/\/www.latribunedufaso.net\/","logo":{"@type":"ImageObject","inLanguage":"fr-FR","@id":"https:\/\/www.latribunedufaso.net\/#\/schema\/logo\/image\/","url":"https:\/\/www.latribunedufaso.net\/wp-content\/uploads\/2020\/08\/Logo-Tribune-du-Faso-final-scaled.jpg","contentUrl":"https:\/\/www.latribunedufaso.net\/wp-content\/uploads\/2020\/08\/Logo-Tribune-du-Faso-final-scaled.jpg","width":2560,"height":1856,"caption":"La Tribune du Faso"},"image":{"@id":"https:\/\/www.latribunedufaso.net\/#\/schema\/logo\/image\/"},"sameAs":["https:\/\/www.facebook.com\/LatribuneduFaso\/"]},{"@type":"Person","@id":"https:\/\/www.latribunedufaso.net\/#\/schema\/person\/e54e64c5778a7e72cf80a318b7a622b0","name":"Issouf Tapsoba","image":{"@type":"ImageObject","inLanguage":"fr-FR","@id":"https:\/\/secure.gravatar.com\/avatar\/5e6c05150ce3230247d167f5b94d678eb05936197436d69b7921e3a95c9107ac?s=96&d=mm&r=g","url":"https:\/\/secure.gravatar.com\/avatar\/5e6c05150ce3230247d167f5b94d678eb05936197436d69b7921e3a95c9107ac?s=96&d=mm&r=g","contentUrl":"https:\/\/secure.gravatar.com\/avatar\/5e6c05150ce3230247d167f5b94d678eb05936197436d69b7921e3a95c9107ac?s=96&d=mm&r=g","caption":"Issouf Tapsoba"},"url":"https:\/\/www.latribunedufaso.net\/?author=5"}]}},"_links":{"self":[{"href":"https:\/\/www.latribunedufaso.net\/index.php?rest_route=\/wp\/v2\/posts\/13419","targetHints":{"allow":["GET"]}}],"collection":[{"href":"https:\/\/www.latribunedufaso.net\/index.php?rest_route=\/wp\/v2\/posts"}],"about":[{"href":"https:\/\/www.latribunedufaso.net\/index.php?rest_route=\/wp\/v2\/types\/post"}],"author":[{"embeddable":true,"href":"https:\/\/www.latribunedufaso.net\/index.php?rest_route=\/wp\/v2\/users\/5"}],"replies":[{"embeddable":true,"href":"https:\/\/www.latribunedufaso.net\/index.php?rest_route=%2Fwp%2Fv2%2Fcomments&post=13419"}],"version-history":[{"count":2,"href":"https:\/\/www.latribunedufaso.net\/index.php?rest_route=\/wp\/v2\/posts\/13419\/revisions"}],"predecessor-version":[{"id":13427,"href":"https:\/\/www.latribunedufaso.net\/index.php?rest_route=\/wp\/v2\/posts\/13419\/revisions\/13427"}],"wp:featuredmedia":[{"embeddable":true,"href":"https:\/\/www.latribunedufaso.net\/index.php?rest_route=\/wp\/v2\/media\/13423"}],"wp:attachment":[{"href":"https:\/\/www.latribunedufaso.net\/index.php?rest_route=%2Fwp%2Fv2%2Fmedia&parent=13419"}],"wp:term":[{"taxonomy":"category","embeddable":true,"href":"https:\/\/www.latribunedufaso.net\/index.php?rest_route=%2Fwp%2Fv2%2Fcategories&post=13419"},{"taxonomy":"post_tag","embeddable":true,"href":"https:\/\/www.latribunedufaso.net\/index.php?rest_route=%2Fwp%2Fv2%2Ftags&post=13419"}],"curies":[{"name":"wp","href":"https:\/\/api.w.org\/{rel}","templated":true}]}}