{"id":13411,"date":"2024-05-19T10:47:30","date_gmt":"2024-05-19T10:47:30","guid":{"rendered":"https:\/\/www.latribunedufaso.net\/?p=13411"},"modified":"2024-05-19T10:47:30","modified_gmt":"2024-05-19T10:47:30","slug":"mois-du-patrimoine-burkinabe-les-rideaux-se-referment-sur-la-2e-edition","status":"publish","type":"post","link":"https:\/\/www.latribunedufaso.net\/?p=13411","title":{"rendered":"Mois du Patrimoine Burkinab\u00e8 : Les rideaux se referment sur la 2e \u00e9dition"},"content":{"rendered":"<p><strong><span style=\"font-size: 1.0625rem;\">Le Ministre d&rsquo;\u00c9tat, Ministre de la Communication, de la Culture, des Arts et du Tourisme, Jean Emmanuel OU\u00c9DRAOGO, a pr\u00e9sid\u00e9 ce samedi 18 mai 2024, \u00e0 Koup\u00e9la dans la r\u00e9gion du Centre-Est, la c\u00e9r\u00e9monie officielle d&rsquo;ouverture de la c\u00e9l\u00e9bration de la journ\u00e9e internationale des mus\u00e9es, marquant la cl\u00f4ture de la 2e \u00e9dition du Mois du Patrimoine Burkinab\u00e8.\u00a0<\/span><\/strong><br \/><!--more--><\/p>\n<p>Cette c\u00e9r\u00e9monie a connu la pr\u00e9sence des autorit\u00e9s administratives, coutumi\u00e8res et religieuses de la cit\u00e9 de Naaba YEMDE, ainsi que des cadres du Minist\u00e8re en charge de la Culture.\u00a0<\/p>\n<p>Plac\u00e9e sous le th\u00e8me : \u00ab Mus\u00e9es pour l\u2019\u00e9ducation et la recherche \u00bb, cette c\u00e9l\u00e9bration offre l\u2019opportunit\u00e9 d\u2019inviter l\u2019ensemble des acteurs \u00e0 r\u00e9fl\u00e9chir sur le r\u00f4le du mus\u00e9e en mati\u00e8re d\u2019\u00e9ducation et de recherche. Un th\u00e8me qui met en avant les institutions mus\u00e9ales comme des lieux par excellence d\u2019apprentissage et de partage d\u2019exp\u00e9riences \u00e0 travers lesquels la tradition et la modernit\u00e9 se conjuguent pour faire des mus\u00e9es des p\u00f4les de d\u00e9couverte.\u00a0<\/p>\n<p><a href=\"https:\/\/www.latribunedufaso.net\/wp-content\/uploads\/2024\/05\/FB_IMG_1716115417987.jpg\"><img loading=\"lazy\" decoding=\"async\" class=\"size-medium wp-image-13412 alignleft\" src=\"https:\/\/www.latribunedufaso.net\/wp-content\/uploads\/2024\/05\/FB_IMG_1716115417987-300x200.jpg\" alt=\"\" width=\"300\" height=\"200\" srcset=\"https:\/\/www.latribunedufaso.net\/wp-content\/uploads\/2024\/05\/FB_IMG_1716115417987-300x200.jpg 300w, https:\/\/www.latribunedufaso.net\/wp-content\/uploads\/2024\/05\/FB_IMG_1716115417987-120x80.jpg 120w, https:\/\/www.latribunedufaso.net\/wp-content\/uploads\/2024\/05\/FB_IMG_1716115417987-360x240.jpg 360w, https:\/\/www.latribunedufaso.net\/wp-content\/uploads\/2024\/05\/FB_IMG_1716115417987-600x400.jpg 600w, https:\/\/www.latribunedufaso.net\/wp-content\/uploads\/2024\/05\/FB_IMG_1716115417987.jpg 720w\" sizes=\"auto, (max-width: 300px) 100vw, 300px\" \/><\/a>Dans son allocution, le Chef du d\u00e9partement en charge de la Culture a indiqu\u00e9 que les mus\u00e9es peuvent rassembler et contribuer \u00e0 induire les changements n\u00e9cessaires \u00e0 l\u2019\u00e9dification d\u2019une soci\u00e9t\u00e9 de paix et de coh\u00e9sion sociale, dans un monde o\u00f9 le vivre-ensemble, le droit \u00e0 la diff\u00e9rence et la tol\u00e9rance sont souvent mis \u00e0 rude \u00e9preuve.\u00a0<\/p>\n<p>Pour y parvenir, selon lui, les mus\u00e9es doivent davantage se rapprocher des communaut\u00e9s et \u00eatre des espaces d\u2019expressions culturelles vivantes et diversifi\u00e9es.<\/p>\n<p>C&rsquo;est pourquoi il a invit\u00e9 l\u2019ensemble des Burkinab\u00e8 \u00e0 faire de cette journ\u00e9e, des moments de rencontres, de partages et de promotion du discours mus\u00e9al dans un contexte o\u00f9 l\u2019innovation et la cr\u00e9ativit\u00e9 doivent n\u00e9cessairement s\u2019allier \u00e0 nos coutumes pour la construction d\u2019une nation de paix et de solidarit\u00e9.<\/p>\n<p><a href=\"https:\/\/www.latribunedufaso.net\/wp-content\/uploads\/2024\/05\/FB_IMG_1716115501438.jpg\"><img loading=\"lazy\" decoding=\"async\" class=\"size-medium wp-image-13414 alignleft\" src=\"https:\/\/www.latribunedufaso.net\/wp-content\/uploads\/2024\/05\/FB_IMG_1716115501438-300x200.jpg\" alt=\"\" width=\"300\" height=\"200\" srcset=\"https:\/\/www.latribunedufaso.net\/wp-content\/uploads\/2024\/05\/FB_IMG_1716115501438-300x200.jpg 300w, https:\/\/www.latribunedufaso.net\/wp-content\/uploads\/2024\/05\/FB_IMG_1716115501438-120x80.jpg 120w, https:\/\/www.latribunedufaso.net\/wp-content\/uploads\/2024\/05\/FB_IMG_1716115501438-360x240.jpg 360w, https:\/\/www.latribunedufaso.net\/wp-content\/uploads\/2024\/05\/FB_IMG_1716115501438-600x400.jpg 600w, https:\/\/www.latribunedufaso.net\/wp-content\/uploads\/2024\/05\/FB_IMG_1716115501438.jpg 720w\" sizes=\"auto, (max-width: 300px) 100vw, 300px\" \/><\/a>Avant de d\u00e9clarer closes les activit\u00e9s entrant dans le cadre de cette 2e \u00e9dition du Mois du Patrimoine Burkinab\u00e8, le Ministre d&rsquo;\u00c9tat a remerci\u00e9 toutes les personnes qui ont pris d\u2019assaut les sites et monuments afin de d\u00e9couvrir les curiosit\u00e9s de notre tr\u00e8s riche patrimoine.\u00a0<\/p>\n<p><strong>Latribunedufaso.net<\/strong><\/p>\n<p><strong>Source : DCRP\/MCCAT<a href=\"https:\/\/www.latribunedufaso.net\/wp-content\/uploads\/2024\/05\/FB_IMG_1716115513130.jpg\"><img loading=\"lazy\" decoding=\"async\" class=\"size-medium wp-image-13415 alignleft\" src=\"https:\/\/www.latribunedufaso.net\/wp-content\/uploads\/2024\/05\/FB_IMG_1716115513130-300x188.jpg\" alt=\"\" width=\"300\" height=\"188\" srcset=\"https:\/\/www.latribunedufaso.net\/wp-content\/uploads\/2024\/05\/FB_IMG_1716115513130-300x188.jpg 300w, https:\/\/www.latribunedufaso.net\/wp-content\/uploads\/2024\/05\/FB_IMG_1716115513130.jpg 720w\" sizes=\"auto, (max-width: 300px) 100vw, 300px\" \/><\/a><\/strong><\/p>\n","protected":false},"excerpt":{"rendered":"<p>Le Ministre d&rsquo;\u00c9tat, Ministre de la Communication, de la Culture, des Arts et du Tourisme, Jean Emmanuel OU\u00c9DRAOGO, a pr\u00e9sid\u00e9 ce samedi 18 mai 2024, \u00e0 Koup\u00e9la dans la r\u00e9gion du Centre-Est, la c\u00e9r\u00e9monie officielle d&rsquo;ouverture de la c\u00e9l\u00e9bration de la journ\u00e9e internationale des mus\u00e9es, marquant la cl\u00f4ture de la 2e \u00e9dition du Mois du Patrimoine Burkinab\u00e8.\u00a0<\/p>\n","protected":false},"author":5,"featured_media":13413,"comment_status":"open","ping_status":"open","sticky":false,"template":"","format":"standard","meta":{"footnotes":""},"categories":[13,1,30],"tags":[],"class_list":["post-13411","post","type-post","status-publish","format-standard","has-post-thumbnail","hentry","category-une","category-actu","category-art-et-culture"],"yoast_head":"<!-- This site is optimized with the Yoast SEO plugin v27.5 - https:\/\/yoast.com\/product\/yoast-seo-wordpress\/ -->\n<title>Mois du Patrimoine Burkinab\u00e8 : Les rideaux se referment sur la 2e \u00e9dition - La Tribune du Faso<\/title>\n<meta name=\"robots\" content=\"index, follow, max-snippet:-1, max-image-preview:large, max-video-preview:-1\" \/>\n<link rel=\"canonical\" href=\"https:\/\/www.latribunedufaso.net\/?p=13411\" \/>\n<meta property=\"og:locale\" content=\"fr_FR\" \/>\n<meta property=\"og:type\" content=\"article\" \/>\n<meta property=\"og:title\" content=\"Mois du Patrimoine Burkinab\u00e8 : Les rideaux se referment sur la 2e \u00e9dition - La Tribune du Faso\" \/>\n<meta property=\"og:description\" content=\"Le Ministre d&rsquo;\u00c9tat, Ministre de la Communication, de la Culture, des Arts et du Tourisme, Jean Emmanuel OU\u00c9DRAOGO, a pr\u00e9sid\u00e9 ce samedi 18 mai 2024, \u00e0 Koup\u00e9la dans la r\u00e9gion du Centre-Est, la c\u00e9r\u00e9monie officielle d&rsquo;ouverture de la c\u00e9l\u00e9bration de la journ\u00e9e internationale des mus\u00e9es, marquant la cl\u00f4ture de la 2e \u00e9dition du Mois du Patrimoine Burkinab\u00e8.\u00a0\" \/>\n<meta property=\"og:url\" content=\"https:\/\/www.latribunedufaso.net\/?p=13411\" \/>\n<meta property=\"og:site_name\" content=\"La Tribune du Faso\" \/>\n<meta property=\"article:publisher\" content=\"https:\/\/www.facebook.com\/LatribuneduFaso\/\" \/>\n<meta property=\"article:published_time\" content=\"2024-05-19T10:47:30+00:00\" \/>\n<meta property=\"og:image\" content=\"https:\/\/www.latribunedufaso.net\/wp-content\/uploads\/2024\/05\/FB_IMG_1716115408139.jpg\" \/>\n\t<meta property=\"og:image:width\" content=\"720\" \/>\n\t<meta property=\"og:image:height\" content=\"468\" \/>\n\t<meta property=\"og:image:type\" content=\"image\/jpeg\" \/>\n<meta name=\"author\" content=\"Issouf Tapsoba\" \/>\n<meta name=\"twitter:label1\" content=\"\u00c9crit par\" \/>\n\t<meta name=\"twitter:data1\" content=\"Issouf Tapsoba\" \/>\n\t<meta name=\"twitter:label2\" content=\"Dur\u00e9e de lecture estim\u00e9e\" \/>\n\t<meta name=\"twitter:data2\" content=\"2 minutes\" \/>\n<script type=\"application\/ld+json\" class=\"yoast-schema-graph\">{\"@context\":\"https:\\\/\\\/schema.org\",\"@graph\":[{\"@type\":\"Article\",\"@id\":\"https:\\\/\\\/www.latribunedufaso.net\\\/?p=13411#article\",\"isPartOf\":{\"@id\":\"https:\\\/\\\/www.latribunedufaso.net\\\/?p=13411\"},\"author\":{\"name\":\"Issouf Tapsoba\",\"@id\":\"https:\\\/\\\/www.latribunedufaso.net\\\/#\\\/schema\\\/person\\\/e54e64c5778a7e72cf80a318b7a622b0\"},\"headline\":\"Mois du Patrimoine Burkinab\u00e8 : Les rideaux se referment sur la 2e \u00e9dition\",\"datePublished\":\"2024-05-19T10:47:30+00:00\",\"mainEntityOfPage\":{\"@id\":\"https:\\\/\\\/www.latribunedufaso.net\\\/?p=13411\"},\"wordCount\":403,\"commentCount\":0,\"publisher\":{\"@id\":\"https:\\\/\\\/www.latribunedufaso.net\\\/#organization\"},\"image\":{\"@id\":\"https:\\\/\\\/www.latribunedufaso.net\\\/?p=13411#primaryimage\"},\"thumbnailUrl\":\"https:\\\/\\\/www.latribunedufaso.net\\\/wp-content\\\/uploads\\\/2024\\\/05\\\/FB_IMG_1716115408139.jpg\",\"articleSection\":[\"A la une\",\"Actualit\u00e9\",\"Art et Culture\"],\"inLanguage\":\"fr-FR\",\"potentialAction\":[{\"@type\":\"CommentAction\",\"name\":\"Comment\",\"target\":[\"https:\\\/\\\/www.latribunedufaso.net\\\/?p=13411#respond\"]}]},{\"@type\":\"WebPage\",\"@id\":\"https:\\\/\\\/www.latribunedufaso.net\\\/?p=13411\",\"url\":\"https:\\\/\\\/www.latribunedufaso.net\\\/?p=13411\",\"name\":\"Mois du Patrimoine Burkinab\u00e8 : Les rideaux se referment sur la 2e \u00e9dition - La Tribune du Faso\",\"isPartOf\":{\"@id\":\"https:\\\/\\\/www.latribunedufaso.net\\\/#website\"},\"primaryImageOfPage\":{\"@id\":\"https:\\\/\\\/www.latribunedufaso.net\\\/?p=13411#primaryimage\"},\"image\":{\"@id\":\"https:\\\/\\\/www.latribunedufaso.net\\\/?p=13411#primaryimage\"},\"thumbnailUrl\":\"https:\\\/\\\/www.latribunedufaso.net\\\/wp-content\\\/uploads\\\/2024\\\/05\\\/FB_IMG_1716115408139.jpg\",\"datePublished\":\"2024-05-19T10:47:30+00:00\",\"breadcrumb\":{\"@id\":\"https:\\\/\\\/www.latribunedufaso.net\\\/?p=13411#breadcrumb\"},\"inLanguage\":\"fr-FR\",\"potentialAction\":[{\"@type\":\"ReadAction\",\"target\":[\"https:\\\/\\\/www.latribunedufaso.net\\\/?p=13411\"]}]},{\"@type\":\"ImageObject\",\"inLanguage\":\"fr-FR\",\"@id\":\"https:\\\/\\\/www.latribunedufaso.net\\\/?p=13411#primaryimage\",\"url\":\"https:\\\/\\\/www.latribunedufaso.net\\\/wp-content\\\/uploads\\\/2024\\\/05\\\/FB_IMG_1716115408139.jpg\",\"contentUrl\":\"https:\\\/\\\/www.latribunedufaso.net\\\/wp-content\\\/uploads\\\/2024\\\/05\\\/FB_IMG_1716115408139.jpg\",\"width\":720,\"height\":468},{\"@type\":\"BreadcrumbList\",\"@id\":\"https:\\\/\\\/www.latribunedufaso.net\\\/?p=13411#breadcrumb\",\"itemListElement\":[{\"@type\":\"ListItem\",\"position\":1,\"name\":\"Accueil\",\"item\":\"https:\\\/\\\/www.latribunedufaso.net\\\/\"},{\"@type\":\"ListItem\",\"position\":2,\"name\":\"Mois du Patrimoine Burkinab\u00e8 : Les rideaux se referment sur la 2e \u00e9dition\"}]},{\"@type\":\"WebSite\",\"@id\":\"https:\\\/\\\/www.latribunedufaso.net\\\/#website\",\"url\":\"https:\\\/\\\/www.latribunedufaso.net\\\/\",\"name\":\"La Tribune du Faso\",\"description\":\"L&#039;information du monde rural en un clic\",\"publisher\":{\"@id\":\"https:\\\/\\\/www.latribunedufaso.net\\\/#organization\"},\"potentialAction\":[{\"@type\":\"SearchAction\",\"target\":{\"@type\":\"EntryPoint\",\"urlTemplate\":\"https:\\\/\\\/www.latribunedufaso.net\\\/?s={search_term_string}\"},\"query-input\":{\"@type\":\"PropertyValueSpecification\",\"valueRequired\":true,\"valueName\":\"search_term_string\"}}],\"inLanguage\":\"fr-FR\"},{\"@type\":\"Organization\",\"@id\":\"https:\\\/\\\/www.latribunedufaso.net\\\/#organization\",\"name\":\"La Tribune du Faso\",\"url\":\"https:\\\/\\\/www.latribunedufaso.net\\\/\",\"logo\":{\"@type\":\"ImageObject\",\"inLanguage\":\"fr-FR\",\"@id\":\"https:\\\/\\\/www.latribunedufaso.net\\\/#\\\/schema\\\/logo\\\/image\\\/\",\"url\":\"https:\\\/\\\/www.latribunedufaso.net\\\/wp-content\\\/uploads\\\/2020\\\/08\\\/Logo-Tribune-du-Faso-final-scaled.jpg\",\"contentUrl\":\"https:\\\/\\\/www.latribunedufaso.net\\\/wp-content\\\/uploads\\\/2020\\\/08\\\/Logo-Tribune-du-Faso-final-scaled.jpg\",\"width\":2560,\"height\":1856,\"caption\":\"La Tribune du Faso\"},\"image\":{\"@id\":\"https:\\\/\\\/www.latribunedufaso.net\\\/#\\\/schema\\\/logo\\\/image\\\/\"},\"sameAs\":[\"https:\\\/\\\/www.facebook.com\\\/LatribuneduFaso\\\/\"]},{\"@type\":\"Person\",\"@id\":\"https:\\\/\\\/www.latribunedufaso.net\\\/#\\\/schema\\\/person\\\/e54e64c5778a7e72cf80a318b7a622b0\",\"name\":\"Issouf Tapsoba\",\"image\":{\"@type\":\"ImageObject\",\"inLanguage\":\"fr-FR\",\"@id\":\"https:\\\/\\\/secure.gravatar.com\\\/avatar\\\/5e6c05150ce3230247d167f5b94d678eb05936197436d69b7921e3a95c9107ac?s=96&d=mm&r=g\",\"url\":\"https:\\\/\\\/secure.gravatar.com\\\/avatar\\\/5e6c05150ce3230247d167f5b94d678eb05936197436d69b7921e3a95c9107ac?s=96&d=mm&r=g\",\"contentUrl\":\"https:\\\/\\\/secure.gravatar.com\\\/avatar\\\/5e6c05150ce3230247d167f5b94d678eb05936197436d69b7921e3a95c9107ac?s=96&d=mm&r=g\",\"caption\":\"Issouf Tapsoba\"},\"url\":\"https:\\\/\\\/www.latribunedufaso.net\\\/?author=5\"}]}<\/script>\n<!-- \/ Yoast SEO plugin. -->","yoast_head_json":{"title":"Mois du Patrimoine Burkinab\u00e8 : Les rideaux se referment sur la 2e \u00e9dition - La Tribune du Faso","robots":{"index":"index","follow":"follow","max-snippet":"max-snippet:-1","max-image-preview":"max-image-preview:large","max-video-preview":"max-video-preview:-1"},"canonical":"https:\/\/www.latribunedufaso.net\/?p=13411","og_locale":"fr_FR","og_type":"article","og_title":"Mois du Patrimoine Burkinab\u00e8 : Les rideaux se referment sur la 2e \u00e9dition - La Tribune du Faso","og_description":"Le Ministre d&rsquo;\u00c9tat, Ministre de la Communication, de la Culture, des Arts et du Tourisme, Jean Emmanuel OU\u00c9DRAOGO, a pr\u00e9sid\u00e9 ce samedi 18 mai 2024, \u00e0 Koup\u00e9la dans la r\u00e9gion du Centre-Est, la c\u00e9r\u00e9monie officielle d&rsquo;ouverture de la c\u00e9l\u00e9bration de la journ\u00e9e internationale des mus\u00e9es, marquant la cl\u00f4ture de la 2e \u00e9dition du Mois du Patrimoine Burkinab\u00e8.\u00a0","og_url":"https:\/\/www.latribunedufaso.net\/?p=13411","og_site_name":"La Tribune du Faso","article_publisher":"https:\/\/www.facebook.com\/LatribuneduFaso\/","article_published_time":"2024-05-19T10:47:30+00:00","og_image":[{"width":720,"height":468,"url":"https:\/\/www.latribunedufaso.net\/wp-content\/uploads\/2024\/05\/FB_IMG_1716115408139.jpg","type":"image\/jpeg"}],"author":"Issouf Tapsoba","twitter_misc":{"\u00c9crit par":"Issouf Tapsoba","Dur\u00e9e de lecture estim\u00e9e":"2 minutes"},"schema":{"@context":"https:\/\/schema.org","@graph":[{"@type":"Article","@id":"https:\/\/www.latribunedufaso.net\/?p=13411#article","isPartOf":{"@id":"https:\/\/www.latribunedufaso.net\/?p=13411"},"author":{"name":"Issouf Tapsoba","@id":"https:\/\/www.latribunedufaso.net\/#\/schema\/person\/e54e64c5778a7e72cf80a318b7a622b0"},"headline":"Mois du Patrimoine Burkinab\u00e8 : Les rideaux se referment sur la 2e \u00e9dition","datePublished":"2024-05-19T10:47:30+00:00","mainEntityOfPage":{"@id":"https:\/\/www.latribunedufaso.net\/?p=13411"},"wordCount":403,"commentCount":0,"publisher":{"@id":"https:\/\/www.latribunedufaso.net\/#organization"},"image":{"@id":"https:\/\/www.latribunedufaso.net\/?p=13411#primaryimage"},"thumbnailUrl":"https:\/\/www.latribunedufaso.net\/wp-content\/uploads\/2024\/05\/FB_IMG_1716115408139.jpg","articleSection":["A la une","Actualit\u00e9","Art et Culture"],"inLanguage":"fr-FR","potentialAction":[{"@type":"CommentAction","name":"Comment","target":["https:\/\/www.latribunedufaso.net\/?p=13411#respond"]}]},{"@type":"WebPage","@id":"https:\/\/www.latribunedufaso.net\/?p=13411","url":"https:\/\/www.latribunedufaso.net\/?p=13411","name":"Mois du Patrimoine Burkinab\u00e8 : Les rideaux se referment sur la 2e \u00e9dition - La Tribune du Faso","isPartOf":{"@id":"https:\/\/www.latribunedufaso.net\/#website"},"primaryImageOfPage":{"@id":"https:\/\/www.latribunedufaso.net\/?p=13411#primaryimage"},"image":{"@id":"https:\/\/www.latribunedufaso.net\/?p=13411#primaryimage"},"thumbnailUrl":"https:\/\/www.latribunedufaso.net\/wp-content\/uploads\/2024\/05\/FB_IMG_1716115408139.jpg","datePublished":"2024-05-19T10:47:30+00:00","breadcrumb":{"@id":"https:\/\/www.latribunedufaso.net\/?p=13411#breadcrumb"},"inLanguage":"fr-FR","potentialAction":[{"@type":"ReadAction","target":["https:\/\/www.latribunedufaso.net\/?p=13411"]}]},{"@type":"ImageObject","inLanguage":"fr-FR","@id":"https:\/\/www.latribunedufaso.net\/?p=13411#primaryimage","url":"https:\/\/www.latribunedufaso.net\/wp-content\/uploads\/2024\/05\/FB_IMG_1716115408139.jpg","contentUrl":"https:\/\/www.latribunedufaso.net\/wp-content\/uploads\/2024\/05\/FB_IMG_1716115408139.jpg","width":720,"height":468},{"@type":"BreadcrumbList","@id":"https:\/\/www.latribunedufaso.net\/?p=13411#breadcrumb","itemListElement":[{"@type":"ListItem","position":1,"name":"Accueil","item":"https:\/\/www.latribunedufaso.net\/"},{"@type":"ListItem","position":2,"name":"Mois du Patrimoine Burkinab\u00e8 : Les rideaux se referment sur la 2e \u00e9dition"}]},{"@type":"WebSite","@id":"https:\/\/www.latribunedufaso.net\/#website","url":"https:\/\/www.latribunedufaso.net\/","name":"La Tribune du Faso","description":"L&#039;information du monde rural en un clic","publisher":{"@id":"https:\/\/www.latribunedufaso.net\/#organization"},"potentialAction":[{"@type":"SearchAction","target":{"@type":"EntryPoint","urlTemplate":"https:\/\/www.latribunedufaso.net\/?s={search_term_string}"},"query-input":{"@type":"PropertyValueSpecification","valueRequired":true,"valueName":"search_term_string"}}],"inLanguage":"fr-FR"},{"@type":"Organization","@id":"https:\/\/www.latribunedufaso.net\/#organization","name":"La Tribune du Faso","url":"https:\/\/www.latribunedufaso.net\/","logo":{"@type":"ImageObject","inLanguage":"fr-FR","@id":"https:\/\/www.latribunedufaso.net\/#\/schema\/logo\/image\/","url":"https:\/\/www.latribunedufaso.net\/wp-content\/uploads\/2020\/08\/Logo-Tribune-du-Faso-final-scaled.jpg","contentUrl":"https:\/\/www.latribunedufaso.net\/wp-content\/uploads\/2020\/08\/Logo-Tribune-du-Faso-final-scaled.jpg","width":2560,"height":1856,"caption":"La Tribune du Faso"},"image":{"@id":"https:\/\/www.latribunedufaso.net\/#\/schema\/logo\/image\/"},"sameAs":["https:\/\/www.facebook.com\/LatribuneduFaso\/"]},{"@type":"Person","@id":"https:\/\/www.latribunedufaso.net\/#\/schema\/person\/e54e64c5778a7e72cf80a318b7a622b0","name":"Issouf Tapsoba","image":{"@type":"ImageObject","inLanguage":"fr-FR","@id":"https:\/\/secure.gravatar.com\/avatar\/5e6c05150ce3230247d167f5b94d678eb05936197436d69b7921e3a95c9107ac?s=96&d=mm&r=g","url":"https:\/\/secure.gravatar.com\/avatar\/5e6c05150ce3230247d167f5b94d678eb05936197436d69b7921e3a95c9107ac?s=96&d=mm&r=g","contentUrl":"https:\/\/secure.gravatar.com\/avatar\/5e6c05150ce3230247d167f5b94d678eb05936197436d69b7921e3a95c9107ac?s=96&d=mm&r=g","caption":"Issouf Tapsoba"},"url":"https:\/\/www.latribunedufaso.net\/?author=5"}]}},"_links":{"self":[{"href":"https:\/\/www.latribunedufaso.net\/index.php?rest_route=\/wp\/v2\/posts\/13411","targetHints":{"allow":["GET"]}}],"collection":[{"href":"https:\/\/www.latribunedufaso.net\/index.php?rest_route=\/wp\/v2\/posts"}],"about":[{"href":"https:\/\/www.latribunedufaso.net\/index.php?rest_route=\/wp\/v2\/types\/post"}],"author":[{"embeddable":true,"href":"https:\/\/www.latribunedufaso.net\/index.php?rest_route=\/wp\/v2\/users\/5"}],"replies":[{"embeddable":true,"href":"https:\/\/www.latribunedufaso.net\/index.php?rest_route=%2Fwp%2Fv2%2Fcomments&post=13411"}],"version-history":[{"count":1,"href":"https:\/\/www.latribunedufaso.net\/index.php?rest_route=\/wp\/v2\/posts\/13411\/revisions"}],"predecessor-version":[{"id":13416,"href":"https:\/\/www.latribunedufaso.net\/index.php?rest_route=\/wp\/v2\/posts\/13411\/revisions\/13416"}],"wp:featuredmedia":[{"embeddable":true,"href":"https:\/\/www.latribunedufaso.net\/index.php?rest_route=\/wp\/v2\/media\/13413"}],"wp:attachment":[{"href":"https:\/\/www.latribunedufaso.net\/index.php?rest_route=%2Fwp%2Fv2%2Fmedia&parent=13411"}],"wp:term":[{"taxonomy":"category","embeddable":true,"href":"https:\/\/www.latribunedufaso.net\/index.php?rest_route=%2Fwp%2Fv2%2Fcategories&post=13411"},{"taxonomy":"post_tag","embeddable":true,"href":"https:\/\/www.latribunedufaso.net\/index.php?rest_route=%2Fwp%2Fv2%2Ftags&post=13411"}],"curies":[{"name":"wp","href":"https:\/\/api.w.org\/{rel}","templated":true}]}}