{"id":13349,"date":"2024-05-16T15:58:39","date_gmt":"2024-05-16T15:58:39","guid":{"rendered":"https:\/\/www.latribunedufaso.net\/?p=13349"},"modified":"2024-05-16T20:58:56","modified_gmt":"2024-05-16T20:58:56","slug":"seera-2024-le-defi-du-stockage-denergie-pour-une-transition-energetique-reussie-en-afrique-au-coeur-des-echanges","status":"publish","type":"post","link":"https:\/\/www.latribunedufaso.net\/?p=13349","title":{"rendered":"SEERA 2024 : Le d\u00e9fi du stockage d&rsquo;\u00e9nergie pour une transition \u00e9nerg\u00e9tique r\u00e9ussie en Afrique au coeur des \u00e9changes\u00a0"},"content":{"rendered":"<p><strong><span style=\"font-size: 1.0625rem;\">La 5e \u00e9dition de la Semaine des \u00e9nergies et \u00e9nergies renouvelables d\u2019Afrique (SEERA) se tient du 16 au 18 mai 2024 \u00e0 Ouagadougou sous le th\u00e8me : \u00ab Stockage d&rsquo;\u00e9nergie et efficacit\u00e9 \u00e9nerg\u00e9tique : levier d&rsquo;une transition \u00e9nerg\u00e9tique r\u00e9ussie \u00bb. Elle est plac\u00e9e sous le tr\u00e8s haut patronage du Pr\u00e9sident de la Transition, le Capitaine Ibrahim Traor\u00e9. Cette rencontre vise \u00e0 trouver des solutions aux d\u00e9fis afin d\u2019assurer une transition \u00e9nerg\u00e9tique r\u00e9ussie en Afrique, en g\u00e9n\u00e9ral, et au Burkina Faso en particulier.<\/span><\/strong><br \/><!--more--><\/p>\n<p>Les autorit\u00e9s burkinab\u00e8 font de l&rsquo;acc\u00e8s \u00e0 l&rsquo;\u00e9nergie \u00e0 tous les citoyens leur priorit\u00e9. Elles sont engag\u00e9es dans la transition \u00e9nerg\u00e9tique avec le d\u00e9veloppement des sources d&rsquo;\u00e9nergie renouvelable. \u00ab A ce jours, le pays dispose de 6 centrales solaires photovolta\u00efques en \u00e9tat de fonctionnement avec une capacit\u00e9 install\u00e9es de 155 M\u00e9gawatts \u00bb, a laiss\u00e9 entendre le ministre de l&rsquo;Energie, des Mines et des Carri\u00e8res, Yacouba Zabr\u00e9 Gouba.<\/p>\n<p><a href=\"https:\/\/www.latribunedufaso.net\/wp-content\/uploads\/2024\/05\/IMG-20240516-WA0025.jpg\"><img loading=\"lazy\" decoding=\"async\" class=\"size-medium wp-image-13352 alignleft\" src=\"https:\/\/www.latribunedufaso.net\/wp-content\/uploads\/2024\/05\/IMG-20240516-WA0025-300x169.jpg\" alt=\"\" width=\"300\" height=\"169\" srcset=\"https:\/\/www.latribunedufaso.net\/wp-content\/uploads\/2024\/05\/IMG-20240516-WA0025-300x169.jpg 300w, https:\/\/www.latribunedufaso.net\/wp-content\/uploads\/2024\/05\/IMG-20240516-WA0025-768x432.jpg 768w, https:\/\/www.latribunedufaso.net\/wp-content\/uploads\/2024\/05\/IMG-20240516-WA0025.jpg 1008w\" sizes=\"auto, (max-width: 300px) 100vw, 300px\" \/><\/a>Cependant, le v\u00e9ritable d\u00e9fi est le stockage de l&rsquo;\u00e9nergie de ces centrales.\u00ab Notre ambition est de pouvoir allier ces centrales avec les m\u00e9canismes de stockage pour pouvoir stocker de l&rsquo;\u00e9nergie et la r\u00e9injecter plutard dans le circuit lorsqu&rsquo;on aura plus de soleil \u00bb, a-t-il ajout\u00e9.<\/p>\n<p>C&rsquo;est dans ce contexte que se tient la pr\u00e9sente \u00e9dition de la SEERA. Pour le parrain, Pr Fr\u00e9d\u00e9ric Ouattara, par ailleurs ancien ministre de l&rsquo;Enseignement sup\u00e9rieur, le th\u00e8me de l&rsquo;activit\u00e9 est interpellateur. Il a invit\u00e9 les chercheurs et inventeurs \u00e0 envisager des solutions ou des technologies endog\u00e8nes en phase avec les r\u00e9alit\u00e9s du pays, capables d&rsquo;assurer une transition vers l&rsquo;\u00e9nergie propre.<\/p>\n<p><a href=\"https:\/\/www.latribunedufaso.net\/wp-content\/uploads\/2024\/05\/IMG_20240516_091118_432-scaled.jpg\"><img loading=\"lazy\" decoding=\"async\" class=\"size-medium wp-image-13353 alignleft\" src=\"https:\/\/www.latribunedufaso.net\/wp-content\/uploads\/2024\/05\/IMG_20240516_091118_432-300x225.jpg\" alt=\"\" width=\"300\" height=\"225\" srcset=\"https:\/\/www.latribunedufaso.net\/wp-content\/uploads\/2024\/05\/IMG_20240516_091118_432-300x225.jpg 300w, https:\/\/www.latribunedufaso.net\/wp-content\/uploads\/2024\/05\/IMG_20240516_091118_432-1024x768.jpg 1024w, https:\/\/www.latribunedufaso.net\/wp-content\/uploads\/2024\/05\/IMG_20240516_091118_432-768x576.jpg 768w, https:\/\/www.latribunedufaso.net\/wp-content\/uploads\/2024\/05\/IMG_20240516_091118_432-1536x1152.jpg 1536w, https:\/\/www.latribunedufaso.net\/wp-content\/uploads\/2024\/05\/IMG_20240516_091118_432-2048x1536.jpg 2048w\" sizes=\"auto, (max-width: 300px) 100vw, 300px\" \/><\/a>Pendant 72h, la SEERA va r\u00e9unir plus de 1 500 participants et exposants et des milliers de visiteurs autour d\u2019un agenda riche et vari\u00e9 sur les \u00e9nergies et \u00e9nergies renouvelables. En effet, il est pr\u00e9vu des panels, des rencontres B to B, des stands d&rsquo;exposition et une visite de centrale solaire. A cela s&rsquo;ajoutent un concours du meilleur projet \u00ab Innovations Energies \u00bb et une soir\u00e9e de distinction qui mettra fin aux travaux.<\/p>\n<p>Notons que la pr\u00e9sente \u00e9dition de la SEERA est plac\u00e9e sous le tr\u00e8s haut patronage du Pr\u00e9sident de la Transition, le Capitaine Ibrahim Traor\u00e9, repr\u00e9sent\u00e9 par le ministre de l\u2019Energie, des Mines et des Carri\u00e8res, Yacouba Zabr\u00e9 Gouba.\u00a0<\/p>\n<p>Dans son discours, lu par le ministre Gouba, il ressort que la rencontre se tient dans un contexte particulier marqu\u00e9 par une crise sans pr\u00e9c\u00e9dent dans le domaine de la fourniture de l\u2019\u00e9nergie \u00e9lectrique, particuli\u00e8rement, dans les pays de l\u2019Alliance des Etats du Sahel (AES).<\/p>\n<p><a href=\"https:\/\/www.latribunedufaso.net\/wp-content\/uploads\/2024\/05\/IMG_20240516_091043_671-scaled.jpg\"><img loading=\"lazy\" decoding=\"async\" class=\"size-medium wp-image-13354 alignleft\" src=\"https:\/\/www.latribunedufaso.net\/wp-content\/uploads\/2024\/05\/IMG_20240516_091043_671-300x225.jpg\" alt=\"\" width=\"300\" height=\"225\" srcset=\"https:\/\/www.latribunedufaso.net\/wp-content\/uploads\/2024\/05\/IMG_20240516_091043_671-300x225.jpg 300w, https:\/\/www.latribunedufaso.net\/wp-content\/uploads\/2024\/05\/IMG_20240516_091043_671-1024x768.jpg 1024w, https:\/\/www.latribunedufaso.net\/wp-content\/uploads\/2024\/05\/IMG_20240516_091043_671-768x576.jpg 768w, https:\/\/www.latribunedufaso.net\/wp-content\/uploads\/2024\/05\/IMG_20240516_091043_671-1536x1152.jpg 1536w, https:\/\/www.latribunedufaso.net\/wp-content\/uploads\/2024\/05\/IMG_20240516_091043_671-2048x1536.jpg 2048w\" sizes=\"auto, (max-width: 300px) 100vw, 300px\" \/><\/a>A l\u2019\u00e9couter, cette rencontre permettra aux acteurs de r\u00e9fl\u00e9chir sur des solutions endog\u00e8nes ou bas\u00e9es sur la coop\u00e9ration avec les partenaires qui peuvent apporter des solutions durables aux d\u00e9fis li\u00e9s \u00e0 la promotion \u00e9nerg\u00e9tique.<\/p>\n<p>Le pays invit\u00e9 d&rsquo;honneur de cette SEERA est le Niger qui \u00e9tait repr\u00e9sent\u00e9 par son ministre de l&rsquo;Energie, le Pr Haoua Adamou.<\/p>\n<p><strong>Issouf Tapsoba\u00a0<\/strong><\/p>\n<p><strong>Latribunedufaso.net<a href=\"https:\/\/www.latribunedufaso.net\/wp-content\/uploads\/2024\/05\/IMG-20240516-WA0042.jpg\"><img loading=\"lazy\" decoding=\"async\" class=\"size-medium wp-image-13351 alignleft\" src=\"https:\/\/www.latribunedufaso.net\/wp-content\/uploads\/2024\/05\/IMG-20240516-WA0042-300x200.jpg\" alt=\"\" width=\"300\" height=\"200\" srcset=\"https:\/\/www.latribunedufaso.net\/wp-content\/uploads\/2024\/05\/IMG-20240516-WA0042-300x200.jpg 300w, https:\/\/www.latribunedufaso.net\/wp-content\/uploads\/2024\/05\/IMG-20240516-WA0042-1024x682.jpg 1024w, https:\/\/www.latribunedufaso.net\/wp-content\/uploads\/2024\/05\/IMG-20240516-WA0042-768x512.jpg 768w, https:\/\/www.latribunedufaso.net\/wp-content\/uploads\/2024\/05\/IMG-20240516-WA0042-840x560.jpg 840w, https:\/\/www.latribunedufaso.net\/wp-content\/uploads\/2024\/05\/IMG-20240516-WA0042-120x80.jpg 120w, https:\/\/www.latribunedufaso.net\/wp-content\/uploads\/2024\/05\/IMG-20240516-WA0042-360x240.jpg 360w, https:\/\/www.latribunedufaso.net\/wp-content\/uploads\/2024\/05\/IMG-20240516-WA0042-600x400.jpg 600w, https:\/\/www.latribunedufaso.net\/wp-content\/uploads\/2024\/05\/IMG-20240516-WA0042.jpg 1280w\" sizes=\"auto, (max-width: 300px) 100vw, 300px\" \/><\/a><\/strong><\/p>\n","protected":false},"excerpt":{"rendered":"<p>La 5e \u00e9dition de la Semaine des \u00e9nergies et \u00e9nergies renouvelables d\u2019Afrique (SEERA) se tient du 16 au 18 mai 2024 \u00e0 Ouagadougou sous le th\u00e8me : \u00ab Stockage d&rsquo;\u00e9nergie et efficacit\u00e9 \u00e9nerg\u00e9tique : levier d&rsquo;une transition \u00e9nerg\u00e9tique r\u00e9ussie \u00bb. Elle est plac\u00e9e sous le tr\u00e8s haut patronage du Pr\u00e9sident de la Transition, le Capitaine Ibrahim Traor\u00e9. Cette rencontre vise \u00e0 trouver des solutions aux d\u00e9fis afin d\u2019assurer une transition \u00e9nerg\u00e9tique r\u00e9ussie en Afrique, en g\u00e9n\u00e9ral, et au Burkina Faso en particulier.<\/p>\n","protected":false},"author":5,"featured_media":13350,"comment_status":"open","ping_status":"open","sticky":false,"template":"","format":"standard","meta":{"footnotes":""},"categories":[13,1,20],"tags":[],"class_list":["post-13349","post","type-post","status-publish","format-standard","has-post-thumbnail","hentry","category-une","category-actu","category-energie"],"yoast_head":"<!-- This site is optimized with the Yoast SEO plugin v27.5 - https:\/\/yoast.com\/product\/yoast-seo-wordpress\/ -->\n<title>SEERA 2024 : Le d\u00e9fi du stockage d&#039;\u00e9nergie pour une transition \u00e9nerg\u00e9tique r\u00e9ussie en Afrique au coeur des \u00e9changes\u00a0 - La Tribune du Faso<\/title>\n<meta name=\"robots\" content=\"index, follow, max-snippet:-1, max-image-preview:large, max-video-preview:-1\" \/>\n<link rel=\"canonical\" href=\"https:\/\/www.latribunedufaso.net\/?p=13349\" \/>\n<meta property=\"og:locale\" content=\"fr_FR\" \/>\n<meta property=\"og:type\" content=\"article\" \/>\n<meta property=\"og:title\" content=\"SEERA 2024 : Le d\u00e9fi du stockage d&#039;\u00e9nergie pour une transition \u00e9nerg\u00e9tique r\u00e9ussie en Afrique au coeur des \u00e9changes\u00a0 - La Tribune du Faso\" \/>\n<meta property=\"og:description\" content=\"La 5e \u00e9dition de la Semaine des \u00e9nergies et \u00e9nergies renouvelables d\u2019Afrique (SEERA) se tient du 16 au 18 mai 2024 \u00e0 Ouagadougou sous le th\u00e8me : \u00ab Stockage d&rsquo;\u00e9nergie et efficacit\u00e9 \u00e9nerg\u00e9tique : levier d&rsquo;une transition \u00e9nerg\u00e9tique r\u00e9ussie \u00bb. Elle est plac\u00e9e sous le tr\u00e8s haut patronage du Pr\u00e9sident de la Transition, le Capitaine Ibrahim Traor\u00e9. Cette rencontre vise \u00e0 trouver des solutions aux d\u00e9fis afin d\u2019assurer une transition \u00e9nerg\u00e9tique r\u00e9ussie en Afrique, en g\u00e9n\u00e9ral, et au Burkina Faso en particulier.\" \/>\n<meta property=\"og:url\" content=\"https:\/\/www.latribunedufaso.net\/?p=13349\" \/>\n<meta property=\"og:site_name\" content=\"La Tribune du Faso\" \/>\n<meta property=\"article:publisher\" content=\"https:\/\/www.facebook.com\/LatribuneduFaso\/\" \/>\n<meta property=\"article:published_time\" content=\"2024-05-16T15:58:39+00:00\" \/>\n<meta property=\"article:modified_time\" content=\"2024-05-16T20:58:56+00:00\" \/>\n<meta property=\"og:image\" content=\"https:\/\/www.latribunedufaso.net\/wp-content\/uploads\/2024\/05\/IMG-20240516-WA0043.jpg\" \/>\n\t<meta property=\"og:image:width\" content=\"1280\" \/>\n\t<meta property=\"og:image:height\" content=\"853\" \/>\n\t<meta property=\"og:image:type\" content=\"image\/jpeg\" \/>\n<meta name=\"author\" content=\"Issouf Tapsoba\" \/>\n<meta name=\"twitter:label1\" content=\"\u00c9crit par\" \/>\n\t<meta name=\"twitter:data1\" content=\"Issouf Tapsoba\" \/>\n\t<meta name=\"twitter:label2\" content=\"Dur\u00e9e de lecture estim\u00e9e\" \/>\n\t<meta name=\"twitter:data2\" content=\"3 minutes\" \/>\n<script type=\"application\/ld+json\" class=\"yoast-schema-graph\">{\"@context\":\"https:\\\/\\\/schema.org\",\"@graph\":[{\"@type\":\"Article\",\"@id\":\"https:\\\/\\\/www.latribunedufaso.net\\\/?p=13349#article\",\"isPartOf\":{\"@id\":\"https:\\\/\\\/www.latribunedufaso.net\\\/?p=13349\"},\"author\":{\"name\":\"Issouf Tapsoba\",\"@id\":\"https:\\\/\\\/www.latribunedufaso.net\\\/#\\\/schema\\\/person\\\/e54e64c5778a7e72cf80a318b7a622b0\"},\"headline\":\"SEERA 2024 : Le d\u00e9fi du stockage d&rsquo;\u00e9nergie pour une transition \u00e9nerg\u00e9tique r\u00e9ussie en Afrique au coeur des \u00e9changes\u00a0\",\"datePublished\":\"2024-05-16T15:58:39+00:00\",\"dateModified\":\"2024-05-16T20:58:56+00:00\",\"mainEntityOfPage\":{\"@id\":\"https:\\\/\\\/www.latribunedufaso.net\\\/?p=13349\"},\"wordCount\":549,\"commentCount\":0,\"publisher\":{\"@id\":\"https:\\\/\\\/www.latribunedufaso.net\\\/#organization\"},\"image\":{\"@id\":\"https:\\\/\\\/www.latribunedufaso.net\\\/?p=13349#primaryimage\"},\"thumbnailUrl\":\"https:\\\/\\\/www.latribunedufaso.net\\\/wp-content\\\/uploads\\\/2024\\\/05\\\/IMG-20240516-WA0043.jpg\",\"articleSection\":[\"A la une\",\"Actualit\u00e9\",\"Energie\"],\"inLanguage\":\"fr-FR\",\"potentialAction\":[{\"@type\":\"CommentAction\",\"name\":\"Comment\",\"target\":[\"https:\\\/\\\/www.latribunedufaso.net\\\/?p=13349#respond\"]}]},{\"@type\":\"WebPage\",\"@id\":\"https:\\\/\\\/www.latribunedufaso.net\\\/?p=13349\",\"url\":\"https:\\\/\\\/www.latribunedufaso.net\\\/?p=13349\",\"name\":\"SEERA 2024 : Le d\u00e9fi du stockage d'\u00e9nergie pour une transition \u00e9nerg\u00e9tique r\u00e9ussie en Afrique au coeur des \u00e9changes\u00a0 - La Tribune du Faso\",\"isPartOf\":{\"@id\":\"https:\\\/\\\/www.latribunedufaso.net\\\/#website\"},\"primaryImageOfPage\":{\"@id\":\"https:\\\/\\\/www.latribunedufaso.net\\\/?p=13349#primaryimage\"},\"image\":{\"@id\":\"https:\\\/\\\/www.latribunedufaso.net\\\/?p=13349#primaryimage\"},\"thumbnailUrl\":\"https:\\\/\\\/www.latribunedufaso.net\\\/wp-content\\\/uploads\\\/2024\\\/05\\\/IMG-20240516-WA0043.jpg\",\"datePublished\":\"2024-05-16T15:58:39+00:00\",\"dateModified\":\"2024-05-16T20:58:56+00:00\",\"breadcrumb\":{\"@id\":\"https:\\\/\\\/www.latribunedufaso.net\\\/?p=13349#breadcrumb\"},\"inLanguage\":\"fr-FR\",\"potentialAction\":[{\"@type\":\"ReadAction\",\"target\":[\"https:\\\/\\\/www.latribunedufaso.net\\\/?p=13349\"]}]},{\"@type\":\"ImageObject\",\"inLanguage\":\"fr-FR\",\"@id\":\"https:\\\/\\\/www.latribunedufaso.net\\\/?p=13349#primaryimage\",\"url\":\"https:\\\/\\\/www.latribunedufaso.net\\\/wp-content\\\/uploads\\\/2024\\\/05\\\/IMG-20240516-WA0043.jpg\",\"contentUrl\":\"https:\\\/\\\/www.latribunedufaso.net\\\/wp-content\\\/uploads\\\/2024\\\/05\\\/IMG-20240516-WA0043.jpg\",\"width\":1280,\"height\":853},{\"@type\":\"BreadcrumbList\",\"@id\":\"https:\\\/\\\/www.latribunedufaso.net\\\/?p=13349#breadcrumb\",\"itemListElement\":[{\"@type\":\"ListItem\",\"position\":1,\"name\":\"Accueil\",\"item\":\"https:\\\/\\\/www.latribunedufaso.net\\\/\"},{\"@type\":\"ListItem\",\"position\":2,\"name\":\"SEERA 2024 : Le d\u00e9fi du stockage d&rsquo;\u00e9nergie pour une transition \u00e9nerg\u00e9tique r\u00e9ussie en Afrique au coeur des \u00e9changes\u00a0\"}]},{\"@type\":\"WebSite\",\"@id\":\"https:\\\/\\\/www.latribunedufaso.net\\\/#website\",\"url\":\"https:\\\/\\\/www.latribunedufaso.net\\\/\",\"name\":\"La Tribune du Faso\",\"description\":\"L&#039;information du monde rural en un clic\",\"publisher\":{\"@id\":\"https:\\\/\\\/www.latribunedufaso.net\\\/#organization\"},\"potentialAction\":[{\"@type\":\"SearchAction\",\"target\":{\"@type\":\"EntryPoint\",\"urlTemplate\":\"https:\\\/\\\/www.latribunedufaso.net\\\/?s={search_term_string}\"},\"query-input\":{\"@type\":\"PropertyValueSpecification\",\"valueRequired\":true,\"valueName\":\"search_term_string\"}}],\"inLanguage\":\"fr-FR\"},{\"@type\":\"Organization\",\"@id\":\"https:\\\/\\\/www.latribunedufaso.net\\\/#organization\",\"name\":\"La Tribune du Faso\",\"url\":\"https:\\\/\\\/www.latribunedufaso.net\\\/\",\"logo\":{\"@type\":\"ImageObject\",\"inLanguage\":\"fr-FR\",\"@id\":\"https:\\\/\\\/www.latribunedufaso.net\\\/#\\\/schema\\\/logo\\\/image\\\/\",\"url\":\"https:\\\/\\\/www.latribunedufaso.net\\\/wp-content\\\/uploads\\\/2020\\\/08\\\/Logo-Tribune-du-Faso-final-scaled.jpg\",\"contentUrl\":\"https:\\\/\\\/www.latribunedufaso.net\\\/wp-content\\\/uploads\\\/2020\\\/08\\\/Logo-Tribune-du-Faso-final-scaled.jpg\",\"width\":2560,\"height\":1856,\"caption\":\"La Tribune du Faso\"},\"image\":{\"@id\":\"https:\\\/\\\/www.latribunedufaso.net\\\/#\\\/schema\\\/logo\\\/image\\\/\"},\"sameAs\":[\"https:\\\/\\\/www.facebook.com\\\/LatribuneduFaso\\\/\"]},{\"@type\":\"Person\",\"@id\":\"https:\\\/\\\/www.latribunedufaso.net\\\/#\\\/schema\\\/person\\\/e54e64c5778a7e72cf80a318b7a622b0\",\"name\":\"Issouf Tapsoba\",\"image\":{\"@type\":\"ImageObject\",\"inLanguage\":\"fr-FR\",\"@id\":\"https:\\\/\\\/secure.gravatar.com\\\/avatar\\\/5e6c05150ce3230247d167f5b94d678eb05936197436d69b7921e3a95c9107ac?s=96&d=mm&r=g\",\"url\":\"https:\\\/\\\/secure.gravatar.com\\\/avatar\\\/5e6c05150ce3230247d167f5b94d678eb05936197436d69b7921e3a95c9107ac?s=96&d=mm&r=g\",\"contentUrl\":\"https:\\\/\\\/secure.gravatar.com\\\/avatar\\\/5e6c05150ce3230247d167f5b94d678eb05936197436d69b7921e3a95c9107ac?s=96&d=mm&r=g\",\"caption\":\"Issouf Tapsoba\"},\"url\":\"https:\\\/\\\/www.latribunedufaso.net\\\/?author=5\"}]}<\/script>\n<!-- \/ Yoast SEO plugin. -->","yoast_head_json":{"title":"SEERA 2024 : Le d\u00e9fi du stockage d'\u00e9nergie pour une transition \u00e9nerg\u00e9tique r\u00e9ussie en Afrique au coeur des \u00e9changes\u00a0 - La Tribune du Faso","robots":{"index":"index","follow":"follow","max-snippet":"max-snippet:-1","max-image-preview":"max-image-preview:large","max-video-preview":"max-video-preview:-1"},"canonical":"https:\/\/www.latribunedufaso.net\/?p=13349","og_locale":"fr_FR","og_type":"article","og_title":"SEERA 2024 : Le d\u00e9fi du stockage d'\u00e9nergie pour une transition \u00e9nerg\u00e9tique r\u00e9ussie en Afrique au coeur des \u00e9changes\u00a0 - La Tribune du Faso","og_description":"La 5e \u00e9dition de la Semaine des \u00e9nergies et \u00e9nergies renouvelables d\u2019Afrique (SEERA) se tient du 16 au 18 mai 2024 \u00e0 Ouagadougou sous le th\u00e8me : \u00ab Stockage d&rsquo;\u00e9nergie et efficacit\u00e9 \u00e9nerg\u00e9tique : levier d&rsquo;une transition \u00e9nerg\u00e9tique r\u00e9ussie \u00bb. Elle est plac\u00e9e sous le tr\u00e8s haut patronage du Pr\u00e9sident de la Transition, le Capitaine Ibrahim Traor\u00e9. Cette rencontre vise \u00e0 trouver des solutions aux d\u00e9fis afin d\u2019assurer une transition \u00e9nerg\u00e9tique r\u00e9ussie en Afrique, en g\u00e9n\u00e9ral, et au Burkina Faso en particulier.","og_url":"https:\/\/www.latribunedufaso.net\/?p=13349","og_site_name":"La Tribune du Faso","article_publisher":"https:\/\/www.facebook.com\/LatribuneduFaso\/","article_published_time":"2024-05-16T15:58:39+00:00","article_modified_time":"2024-05-16T20:58:56+00:00","og_image":[{"width":1280,"height":853,"url":"https:\/\/www.latribunedufaso.net\/wp-content\/uploads\/2024\/05\/IMG-20240516-WA0043.jpg","type":"image\/jpeg"}],"author":"Issouf Tapsoba","twitter_misc":{"\u00c9crit par":"Issouf Tapsoba","Dur\u00e9e de lecture estim\u00e9e":"3 minutes"},"schema":{"@context":"https:\/\/schema.org","@graph":[{"@type":"Article","@id":"https:\/\/www.latribunedufaso.net\/?p=13349#article","isPartOf":{"@id":"https:\/\/www.latribunedufaso.net\/?p=13349"},"author":{"name":"Issouf Tapsoba","@id":"https:\/\/www.latribunedufaso.net\/#\/schema\/person\/e54e64c5778a7e72cf80a318b7a622b0"},"headline":"SEERA 2024 : Le d\u00e9fi du stockage d&rsquo;\u00e9nergie pour une transition \u00e9nerg\u00e9tique r\u00e9ussie en Afrique au coeur des \u00e9changes\u00a0","datePublished":"2024-05-16T15:58:39+00:00","dateModified":"2024-05-16T20:58:56+00:00","mainEntityOfPage":{"@id":"https:\/\/www.latribunedufaso.net\/?p=13349"},"wordCount":549,"commentCount":0,"publisher":{"@id":"https:\/\/www.latribunedufaso.net\/#organization"},"image":{"@id":"https:\/\/www.latribunedufaso.net\/?p=13349#primaryimage"},"thumbnailUrl":"https:\/\/www.latribunedufaso.net\/wp-content\/uploads\/2024\/05\/IMG-20240516-WA0043.jpg","articleSection":["A la une","Actualit\u00e9","Energie"],"inLanguage":"fr-FR","potentialAction":[{"@type":"CommentAction","name":"Comment","target":["https:\/\/www.latribunedufaso.net\/?p=13349#respond"]}]},{"@type":"WebPage","@id":"https:\/\/www.latribunedufaso.net\/?p=13349","url":"https:\/\/www.latribunedufaso.net\/?p=13349","name":"SEERA 2024 : Le d\u00e9fi du stockage d'\u00e9nergie pour une transition \u00e9nerg\u00e9tique r\u00e9ussie en Afrique au coeur des \u00e9changes\u00a0 - La Tribune du Faso","isPartOf":{"@id":"https:\/\/www.latribunedufaso.net\/#website"},"primaryImageOfPage":{"@id":"https:\/\/www.latribunedufaso.net\/?p=13349#primaryimage"},"image":{"@id":"https:\/\/www.latribunedufaso.net\/?p=13349#primaryimage"},"thumbnailUrl":"https:\/\/www.latribunedufaso.net\/wp-content\/uploads\/2024\/05\/IMG-20240516-WA0043.jpg","datePublished":"2024-05-16T15:58:39+00:00","dateModified":"2024-05-16T20:58:56+00:00","breadcrumb":{"@id":"https:\/\/www.latribunedufaso.net\/?p=13349#breadcrumb"},"inLanguage":"fr-FR","potentialAction":[{"@type":"ReadAction","target":["https:\/\/www.latribunedufaso.net\/?p=13349"]}]},{"@type":"ImageObject","inLanguage":"fr-FR","@id":"https:\/\/www.latribunedufaso.net\/?p=13349#primaryimage","url":"https:\/\/www.latribunedufaso.net\/wp-content\/uploads\/2024\/05\/IMG-20240516-WA0043.jpg","contentUrl":"https:\/\/www.latribunedufaso.net\/wp-content\/uploads\/2024\/05\/IMG-20240516-WA0043.jpg","width":1280,"height":853},{"@type":"BreadcrumbList","@id":"https:\/\/www.latribunedufaso.net\/?p=13349#breadcrumb","itemListElement":[{"@type":"ListItem","position":1,"name":"Accueil","item":"https:\/\/www.latribunedufaso.net\/"},{"@type":"ListItem","position":2,"name":"SEERA 2024 : Le d\u00e9fi du stockage d&rsquo;\u00e9nergie pour une transition \u00e9nerg\u00e9tique r\u00e9ussie en Afrique au coeur des \u00e9changes\u00a0"}]},{"@type":"WebSite","@id":"https:\/\/www.latribunedufaso.net\/#website","url":"https:\/\/www.latribunedufaso.net\/","name":"La Tribune du Faso","description":"L&#039;information du monde rural en un clic","publisher":{"@id":"https:\/\/www.latribunedufaso.net\/#organization"},"potentialAction":[{"@type":"SearchAction","target":{"@type":"EntryPoint","urlTemplate":"https:\/\/www.latribunedufaso.net\/?s={search_term_string}"},"query-input":{"@type":"PropertyValueSpecification","valueRequired":true,"valueName":"search_term_string"}}],"inLanguage":"fr-FR"},{"@type":"Organization","@id":"https:\/\/www.latribunedufaso.net\/#organization","name":"La Tribune du Faso","url":"https:\/\/www.latribunedufaso.net\/","logo":{"@type":"ImageObject","inLanguage":"fr-FR","@id":"https:\/\/www.latribunedufaso.net\/#\/schema\/logo\/image\/","url":"https:\/\/www.latribunedufaso.net\/wp-content\/uploads\/2020\/08\/Logo-Tribune-du-Faso-final-scaled.jpg","contentUrl":"https:\/\/www.latribunedufaso.net\/wp-content\/uploads\/2020\/08\/Logo-Tribune-du-Faso-final-scaled.jpg","width":2560,"height":1856,"caption":"La Tribune du Faso"},"image":{"@id":"https:\/\/www.latribunedufaso.net\/#\/schema\/logo\/image\/"},"sameAs":["https:\/\/www.facebook.com\/LatribuneduFaso\/"]},{"@type":"Person","@id":"https:\/\/www.latribunedufaso.net\/#\/schema\/person\/e54e64c5778a7e72cf80a318b7a622b0","name":"Issouf Tapsoba","image":{"@type":"ImageObject","inLanguage":"fr-FR","@id":"https:\/\/secure.gravatar.com\/avatar\/5e6c05150ce3230247d167f5b94d678eb05936197436d69b7921e3a95c9107ac?s=96&d=mm&r=g","url":"https:\/\/secure.gravatar.com\/avatar\/5e6c05150ce3230247d167f5b94d678eb05936197436d69b7921e3a95c9107ac?s=96&d=mm&r=g","contentUrl":"https:\/\/secure.gravatar.com\/avatar\/5e6c05150ce3230247d167f5b94d678eb05936197436d69b7921e3a95c9107ac?s=96&d=mm&r=g","caption":"Issouf Tapsoba"},"url":"https:\/\/www.latribunedufaso.net\/?author=5"}]}},"_links":{"self":[{"href":"https:\/\/www.latribunedufaso.net\/index.php?rest_route=\/wp\/v2\/posts\/13349","targetHints":{"allow":["GET"]}}],"collection":[{"href":"https:\/\/www.latribunedufaso.net\/index.php?rest_route=\/wp\/v2\/posts"}],"about":[{"href":"https:\/\/www.latribunedufaso.net\/index.php?rest_route=\/wp\/v2\/types\/post"}],"author":[{"embeddable":true,"href":"https:\/\/www.latribunedufaso.net\/index.php?rest_route=\/wp\/v2\/users\/5"}],"replies":[{"embeddable":true,"href":"https:\/\/www.latribunedufaso.net\/index.php?rest_route=%2Fwp%2Fv2%2Fcomments&post=13349"}],"version-history":[{"count":1,"href":"https:\/\/www.latribunedufaso.net\/index.php?rest_route=\/wp\/v2\/posts\/13349\/revisions"}],"predecessor-version":[{"id":13356,"href":"https:\/\/www.latribunedufaso.net\/index.php?rest_route=\/wp\/v2\/posts\/13349\/revisions\/13356"}],"wp:featuredmedia":[{"embeddable":true,"href":"https:\/\/www.latribunedufaso.net\/index.php?rest_route=\/wp\/v2\/media\/13350"}],"wp:attachment":[{"href":"https:\/\/www.latribunedufaso.net\/index.php?rest_route=%2Fwp%2Fv2%2Fmedia&parent=13349"}],"wp:term":[{"taxonomy":"category","embeddable":true,"href":"https:\/\/www.latribunedufaso.net\/index.php?rest_route=%2Fwp%2Fv2%2Fcategories&post=13349"},{"taxonomy":"post_tag","embeddable":true,"href":"https:\/\/www.latribunedufaso.net\/index.php?rest_route=%2Fwp%2Fv2%2Ftags&post=13349"}],"curies":[{"name":"wp","href":"https:\/\/api.w.org\/{rel}","templated":true}]}}