{"id":13318,"date":"2024-05-13T17:58:42","date_gmt":"2024-05-13T17:58:42","guid":{"rendered":"https:\/\/www.latribunedufaso.net\/?p=13318"},"modified":"2024-05-13T17:58:42","modified_gmt":"2024-05-13T17:58:42","slug":"colloque-sur-la-journee-des-coutumes-et-traditions-lafrique-veut-sa-place-en-afrique-me-titinga-passere","status":"publish","type":"post","link":"https:\/\/www.latribunedufaso.net\/?p=13318","title":{"rendered":"Colloque sur la journ\u00e9e des Cout\u00fbmes et Traditions : \u00ab L\u2019Afrique veut sa place en Afrique \u00bb, Me Titinga Passer\u00e9"},"content":{"rendered":"<p><strong><span style=\"font-size: 1.0625rem;\">Le ministre d\u2019Etat, ministre de la Communication, des Arts et du Tourisme, Jean Emmanuel Ou\u00e9draogo a pr\u00e9sid\u00e9 ce lundi 13 mai 2024 \u00e0 Ouagadougou, la c\u00e9r\u00e9monie d\u2019ouverture du colloque sur la Journ\u00e9e des Cout\u00fbmes et Traditions.\u00a0<\/span><\/strong><br \/><!--more--><\/p>\n<p>Plac\u00e9 sous le th\u00e8me : \u00ab Spiritualit\u00e9, traditions et pratiques coutumi\u00e8res au Burkina Faso \u00bb, ce colloque a pour but de r\u00e9unir les acteurs de la tradition autour de la question centrale : comment sauvegarder et promouvoir les pratiques et manifestations culturelles en tant que patrimoine culturel mat\u00e9riel et immat\u00e9riel de notre pays ?<\/p>\n<figure id=\"attachment_13320\" aria-describedby=\"caption-attachment-13320\" style=\"width: 300px\" class=\"wp-caption alignleft\"><a href=\"https:\/\/www.latribunedufaso.net\/wp-content\/uploads\/2024\/05\/FB_IMG_1715622864345.jpg\"><img loading=\"lazy\" decoding=\"async\" class=\"wp-image-13320 size-medium\" src=\"https:\/\/www.latribunedufaso.net\/wp-content\/uploads\/2024\/05\/FB_IMG_1715622864345-300x200.jpg\" width=\"300\" height=\"200\" srcset=\"https:\/\/www.latribunedufaso.net\/wp-content\/uploads\/2024\/05\/FB_IMG_1715622864345-300x200.jpg 300w, https:\/\/www.latribunedufaso.net\/wp-content\/uploads\/2024\/05\/FB_IMG_1715622864345-120x80.jpg 120w, https:\/\/www.latribunedufaso.net\/wp-content\/uploads\/2024\/05\/FB_IMG_1715622864345-360x240.jpg 360w, https:\/\/www.latribunedufaso.net\/wp-content\/uploads\/2024\/05\/FB_IMG_1715622864345-600x400.jpg 600w, https:\/\/www.latribunedufaso.net\/wp-content\/uploads\/2024\/05\/FB_IMG_1715622864345.jpg 719w\" sizes=\"auto, (max-width: 300px) 100vw, 300px\" \/><\/a><figcaption id=\"caption-attachment-13320\" class=\"wp-caption-text\">Ministre d&rsquo;Etat, ministre de la Communication, de la Culture, des Arts et du Tourisme, Jean Emmanuel Ou\u00e9draogo<\/figcaption><\/figure>\n<p>Pour le ministre d\u2019Etat, Jean Emmanuel Ou\u00e9draogo, les r\u00e9ponses issues des \u00e9changes permettront au d\u00e9partement en charge de la culture de concr\u00e9tiser la vision du gouvernement dans sa volont\u00e9 de permettre la c\u00e9l\u00e9bration de nos traditions et cout\u00fbmes.\u00a0\u00a0<\/p>\n<p>Il a par ailleurs souhait\u00e9 que \u00ab les \u00e9changes au cours de ce colloque confortent l\u2019ascension de nos pratiques culturelles et contribuent davantage \u00e0 valoriser la journ\u00e9e des traditions et des cout\u00fbmes dont ils se tiennent en pr\u00e9lude \u00bb.\u00a0<\/p>\n<p>Communications, panels, ateliers de groupe, soir\u00e9e de l\u2019oralit\u00e9, telles sont les activit\u00e9s pr\u00e9vues \u00e0 l\u2019occasion de ce colloque de 48 heures.<\/p>\n<figure id=\"attachment_13321\" aria-describedby=\"caption-attachment-13321\" style=\"width: 300px\" class=\"wp-caption alignleft\"><a href=\"https:\/\/www.latribunedufaso.net\/wp-content\/uploads\/2024\/05\/FB_IMG_1715622887628.jpg\"><img loading=\"lazy\" decoding=\"async\" class=\"wp-image-13321 size-medium\" src=\"https:\/\/www.latribunedufaso.net\/wp-content\/uploads\/2024\/05\/FB_IMG_1715622887628-300x205.jpg\" width=\"300\" height=\"205\" srcset=\"https:\/\/www.latribunedufaso.net\/wp-content\/uploads\/2024\/05\/FB_IMG_1715622887628-300x205.jpg 300w, https:\/\/www.latribunedufaso.net\/wp-content\/uploads\/2024\/05\/FB_IMG_1715622887628.jpg 720w\" sizes=\"auto, (max-width: 300px) 100vw, 300px\" \/><\/a><figcaption id=\"caption-attachment-13321\" class=\"wp-caption-text\">A gauche, Me Titenga Passer\u00e9<\/figcaption><\/figure>\n<p>Dans sa communication introductive, Me Titinga Passer\u00e9 a, pour sa part, remerci\u00e9 le pr\u00e9sident de la Transition, Chef de l\u2019Etat le capitaine Ibrahim Traor\u00e9 pour la Journ\u00e9e. A l\u2019\u00e9couter, c\u2019est depuis 1905 que les premiers jours f\u00e9ri\u00e9s ont \u00e9t\u00e9 attribu\u00e9s aux religions r\u00e9v\u00e9l\u00e9es. Il explique donc, avoir en son nom propre et \u00e0 la demande des autres chefs dont Naaba Kiiba de Ouahigouya et celui du Liptako qui lui demandaient d&rsquo;intervenir pour solliciter les autorit\u00e9s l&rsquo;institution de 2 jours pour c\u00e9l\u00e9brer la culture africaine. Pour ce faire, il dit avoir adress\u00e9 un dossier de 119 pages au Chef de l&rsquo;Etat.<\/p>\n<figure id=\"attachment_13323\" aria-describedby=\"caption-attachment-13323\" style=\"width: 300px\" class=\"wp-caption alignleft\"><a href=\"https:\/\/www.latribunedufaso.net\/wp-content\/uploads\/2024\/05\/FB_IMG_1715622898519.jpg\"><img loading=\"lazy\" decoding=\"async\" class=\"size-medium wp-image-13323\" src=\"https:\/\/www.latribunedufaso.net\/wp-content\/uploads\/2024\/05\/FB_IMG_1715622898519-300x194.jpg\" alt=\"\" width=\"300\" height=\"194\" srcset=\"https:\/\/www.latribunedufaso.net\/wp-content\/uploads\/2024\/05\/FB_IMG_1715622898519-300x194.jpg 300w, https:\/\/www.latribunedufaso.net\/wp-content\/uploads\/2024\/05\/FB_IMG_1715622898519.jpg 720w\" sizes=\"auto, (max-width: 300px) 100vw, 300px\" \/><\/a><figcaption id=\"caption-attachment-13323\" class=\"wp-caption-text\">Les participants \u00e0 la c\u00e9r\u00e9monie d&rsquo;ouverture du colloque<\/figcaption><\/figure>\n<p>\u00ab Au jour d\u2019aujourd\u2019hui, en plus des 54 dimanches et 54 samedis qui sont des jours des religions r\u00e9v\u00e9l\u00e9es, les chr\u00e9tiens ont 8 jours f\u00e9ri\u00e9s , les musulmans 6 jours et rien pour les traditions. Je ne veux pas 10 jours parce que le repos n\u2019est pas une valeur en Afrique. J\u2019ai demand\u00e9 2 jours pour c\u00e9l\u00e9brer la culture. Un jour en d\u00e9but juin et l\u2019autre le 20 janvier \u00bb, a expliqu\u00e9 Me Titinga Passer\u00e9. De ces dires, il ressort que le premier jour, en juin allait consister \u00e0 recueillir les premi\u00e8res pluies et solliciter une bonne saison \u00e0 Dieu et aux anc\u00eatres. Le 20 janvier devrait \u00eatre une journ\u00e9e pour remercier Dieu et les anc\u00eatres pour la saison \u00e9coul\u00e9e.<\/p>\n<p>Ainsi, \u00ab J\u2019ai demand\u00e9 qu\u2019on n\u2019enl\u00e8ve pas un jour des religions r\u00e9v\u00e9l\u00e9es pour les traditions en Afrique. L\u2019Afrique veut sa place en Afrique \u00bb, a-t-il poursuivi, donnant plus de d\u00e9tails sur le contenu de son dossier de 119 pages.\u00a0\u00a0<\/p>\n<p>Cependant, m\u00eame s\u2019 il ne s\u2019est pas vu octroy\u00e9 les deux jours souhait\u00e9s, Me Titinga Passer\u00e9 est content. \u00ab Je suis tr\u00e8s content. Dans notre monde d\u2019aujourd\u2019hui si je dis que je ne suis pas content et le gouvernement me retire la seule journ\u00e9e, qu\u2019est ce que je deviens ? Donc je prends cette journ\u00e9e et le reste on verra \u00bb, a laiss\u00e9 entendre le Tr\u00e9sor humain vivant, Me Titinga Passer\u00e9 .<\/p>\n<p><strong>Nabintou Ouattara\u00a0<\/strong><\/p>\n<p><strong><span style=\"font-size: 1.0625rem;\">Latribunedufaso.net<a href=\"https:\/\/www.latribunedufaso.net\/wp-content\/uploads\/2024\/05\/IMG-20240513-WA0042.jpg\"><img loading=\"lazy\" decoding=\"async\" class=\"size-medium wp-image-13322 alignleft\" src=\"https:\/\/www.latribunedufaso.net\/wp-content\/uploads\/2024\/05\/IMG-20240513-WA0042-300x225.jpg\" alt=\"\" width=\"300\" height=\"225\" srcset=\"https:\/\/www.latribunedufaso.net\/wp-content\/uploads\/2024\/05\/IMG-20240513-WA0042-300x225.jpg 300w, https:\/\/www.latribunedufaso.net\/wp-content\/uploads\/2024\/05\/IMG-20240513-WA0042-1024x768.jpg 1024w, https:\/\/www.latribunedufaso.net\/wp-content\/uploads\/2024\/05\/IMG-20240513-WA0042-768x576.jpg 768w, https:\/\/www.latribunedufaso.net\/wp-content\/uploads\/2024\/05\/IMG-20240513-WA0042.jpg 1280w\" sizes=\"auto, (max-width: 300px) 100vw, 300px\" \/><\/a><\/span><\/strong><\/p>\n","protected":false},"excerpt":{"rendered":"<p>Le ministre d\u2019Etat, ministre de la Communication, des Arts et du Tourisme, Jean Emmanuel Ou\u00e9draogo a pr\u00e9sid\u00e9 ce lundi 13 mai 2024 \u00e0 Ouagadougou, la c\u00e9r\u00e9monie d\u2019ouverture du colloque sur la Journ\u00e9e des Cout\u00fbmes et Traditions.\u00a0<\/p>\n","protected":false},"author":5,"featured_media":13319,"comment_status":"open","ping_status":"open","sticky":false,"template":"","format":"standard","meta":{"footnotes":""},"categories":[13,1,30],"tags":[],"class_list":["post-13318","post","type-post","status-publish","format-standard","has-post-thumbnail","hentry","category-une","category-actu","category-art-et-culture"],"yoast_head":"<!-- This site is optimized with the Yoast SEO plugin v27.4 - https:\/\/yoast.com\/product\/yoast-seo-wordpress\/ -->\n<title>Colloque sur la journ\u00e9e des Cout\u00fbmes et Traditions : \u00ab L\u2019Afrique veut sa place en Afrique \u00bb, Me Titinga Passer\u00e9 - La Tribune du Faso<\/title>\n<meta name=\"robots\" content=\"index, follow, max-snippet:-1, max-image-preview:large, max-video-preview:-1\" \/>\n<link rel=\"canonical\" href=\"https:\/\/www.latribunedufaso.net\/?p=13318\" \/>\n<meta property=\"og:locale\" content=\"fr_FR\" \/>\n<meta property=\"og:type\" content=\"article\" \/>\n<meta property=\"og:title\" content=\"Colloque sur la journ\u00e9e des Cout\u00fbmes et Traditions : \u00ab L\u2019Afrique veut sa place en Afrique \u00bb, Me Titinga Passer\u00e9 - La Tribune du Faso\" \/>\n<meta property=\"og:description\" content=\"Le ministre d\u2019Etat, ministre de la Communication, des Arts et du Tourisme, Jean Emmanuel Ou\u00e9draogo a pr\u00e9sid\u00e9 ce lundi 13 mai 2024 \u00e0 Ouagadougou, la c\u00e9r\u00e9monie d\u2019ouverture du colloque sur la Journ\u00e9e des Cout\u00fbmes et Traditions.\u00a0\" \/>\n<meta property=\"og:url\" content=\"https:\/\/www.latribunedufaso.net\/?p=13318\" \/>\n<meta property=\"og:site_name\" content=\"La Tribune du Faso\" \/>\n<meta property=\"article:publisher\" content=\"https:\/\/www.facebook.com\/LatribuneduFaso\/\" \/>\n<meta property=\"article:published_time\" content=\"2024-05-13T17:58:42+00:00\" \/>\n<meta property=\"og:image\" content=\"https:\/\/www.latribunedufaso.net\/wp-content\/uploads\/2024\/05\/FB_IMG_1715622845015.jpg\" \/>\n\t<meta property=\"og:image:width\" content=\"720\" \/>\n\t<meta property=\"og:image:height\" content=\"480\" \/>\n\t<meta property=\"og:image:type\" content=\"image\/jpeg\" \/>\n<meta name=\"author\" content=\"Issouf Tapsoba\" \/>\n<meta name=\"twitter:label1\" content=\"\u00c9crit par\" \/>\n\t<meta name=\"twitter:data1\" content=\"Issouf Tapsoba\" \/>\n\t<meta name=\"twitter:label2\" content=\"Dur\u00e9e de lecture estim\u00e9e\" \/>\n\t<meta name=\"twitter:data2\" content=\"3 minutes\" \/>\n<script type=\"application\/ld+json\" class=\"yoast-schema-graph\">{\"@context\":\"https:\\\/\\\/schema.org\",\"@graph\":[{\"@type\":\"Article\",\"@id\":\"https:\\\/\\\/www.latribunedufaso.net\\\/?p=13318#article\",\"isPartOf\":{\"@id\":\"https:\\\/\\\/www.latribunedufaso.net\\\/?p=13318\"},\"author\":{\"name\":\"Issouf Tapsoba\",\"@id\":\"https:\\\/\\\/www.latribunedufaso.net\\\/#\\\/schema\\\/person\\\/e54e64c5778a7e72cf80a318b7a622b0\"},\"headline\":\"Colloque sur la journ\u00e9e des Cout\u00fbmes et Traditions : \u00ab L\u2019Afrique veut sa place en Afrique \u00bb, Me Titinga Passer\u00e9\",\"datePublished\":\"2024-05-13T17:58:42+00:00\",\"mainEntityOfPage\":{\"@id\":\"https:\\\/\\\/www.latribunedufaso.net\\\/?p=13318\"},\"wordCount\":646,\"commentCount\":0,\"publisher\":{\"@id\":\"https:\\\/\\\/www.latribunedufaso.net\\\/#organization\"},\"image\":{\"@id\":\"https:\\\/\\\/www.latribunedufaso.net\\\/?p=13318#primaryimage\"},\"thumbnailUrl\":\"https:\\\/\\\/www.latribunedufaso.net\\\/wp-content\\\/uploads\\\/2024\\\/05\\\/FB_IMG_1715622845015.jpg\",\"articleSection\":[\"A la une\",\"Actualit\u00e9\",\"Art et Culture\"],\"inLanguage\":\"fr-FR\",\"potentialAction\":[{\"@type\":\"CommentAction\",\"name\":\"Comment\",\"target\":[\"https:\\\/\\\/www.latribunedufaso.net\\\/?p=13318#respond\"]}]},{\"@type\":\"WebPage\",\"@id\":\"https:\\\/\\\/www.latribunedufaso.net\\\/?p=13318\",\"url\":\"https:\\\/\\\/www.latribunedufaso.net\\\/?p=13318\",\"name\":\"Colloque sur la journ\u00e9e des Cout\u00fbmes et Traditions : \u00ab L\u2019Afrique veut sa place en Afrique \u00bb, Me Titinga Passer\u00e9 - La Tribune du Faso\",\"isPartOf\":{\"@id\":\"https:\\\/\\\/www.latribunedufaso.net\\\/#website\"},\"primaryImageOfPage\":{\"@id\":\"https:\\\/\\\/www.latribunedufaso.net\\\/?p=13318#primaryimage\"},\"image\":{\"@id\":\"https:\\\/\\\/www.latribunedufaso.net\\\/?p=13318#primaryimage\"},\"thumbnailUrl\":\"https:\\\/\\\/www.latribunedufaso.net\\\/wp-content\\\/uploads\\\/2024\\\/05\\\/FB_IMG_1715622845015.jpg\",\"datePublished\":\"2024-05-13T17:58:42+00:00\",\"breadcrumb\":{\"@id\":\"https:\\\/\\\/www.latribunedufaso.net\\\/?p=13318#breadcrumb\"},\"inLanguage\":\"fr-FR\",\"potentialAction\":[{\"@type\":\"ReadAction\",\"target\":[\"https:\\\/\\\/www.latribunedufaso.net\\\/?p=13318\"]}]},{\"@type\":\"ImageObject\",\"inLanguage\":\"fr-FR\",\"@id\":\"https:\\\/\\\/www.latribunedufaso.net\\\/?p=13318#primaryimage\",\"url\":\"https:\\\/\\\/www.latribunedufaso.net\\\/wp-content\\\/uploads\\\/2024\\\/05\\\/FB_IMG_1715622845015.jpg\",\"contentUrl\":\"https:\\\/\\\/www.latribunedufaso.net\\\/wp-content\\\/uploads\\\/2024\\\/05\\\/FB_IMG_1715622845015.jpg\",\"width\":720,\"height\":480},{\"@type\":\"BreadcrumbList\",\"@id\":\"https:\\\/\\\/www.latribunedufaso.net\\\/?p=13318#breadcrumb\",\"itemListElement\":[{\"@type\":\"ListItem\",\"position\":1,\"name\":\"Accueil\",\"item\":\"https:\\\/\\\/www.latribunedufaso.net\\\/\"},{\"@type\":\"ListItem\",\"position\":2,\"name\":\"Colloque sur la journ\u00e9e des Cout\u00fbmes et Traditions : \u00ab L\u2019Afrique veut sa place en Afrique \u00bb, Me Titinga Passer\u00e9\"}]},{\"@type\":\"WebSite\",\"@id\":\"https:\\\/\\\/www.latribunedufaso.net\\\/#website\",\"url\":\"https:\\\/\\\/www.latribunedufaso.net\\\/\",\"name\":\"La Tribune du Faso\",\"description\":\"L&#039;information du monde rural en un clic\",\"publisher\":{\"@id\":\"https:\\\/\\\/www.latribunedufaso.net\\\/#organization\"},\"potentialAction\":[{\"@type\":\"SearchAction\",\"target\":{\"@type\":\"EntryPoint\",\"urlTemplate\":\"https:\\\/\\\/www.latribunedufaso.net\\\/?s={search_term_string}\"},\"query-input\":{\"@type\":\"PropertyValueSpecification\",\"valueRequired\":true,\"valueName\":\"search_term_string\"}}],\"inLanguage\":\"fr-FR\"},{\"@type\":\"Organization\",\"@id\":\"https:\\\/\\\/www.latribunedufaso.net\\\/#organization\",\"name\":\"La Tribune du Faso\",\"url\":\"https:\\\/\\\/www.latribunedufaso.net\\\/\",\"logo\":{\"@type\":\"ImageObject\",\"inLanguage\":\"fr-FR\",\"@id\":\"https:\\\/\\\/www.latribunedufaso.net\\\/#\\\/schema\\\/logo\\\/image\\\/\",\"url\":\"https:\\\/\\\/www.latribunedufaso.net\\\/wp-content\\\/uploads\\\/2020\\\/08\\\/Logo-Tribune-du-Faso-final-scaled.jpg\",\"contentUrl\":\"https:\\\/\\\/www.latribunedufaso.net\\\/wp-content\\\/uploads\\\/2020\\\/08\\\/Logo-Tribune-du-Faso-final-scaled.jpg\",\"width\":2560,\"height\":1856,\"caption\":\"La Tribune du Faso\"},\"image\":{\"@id\":\"https:\\\/\\\/www.latribunedufaso.net\\\/#\\\/schema\\\/logo\\\/image\\\/\"},\"sameAs\":[\"https:\\\/\\\/www.facebook.com\\\/LatribuneduFaso\\\/\"]},{\"@type\":\"Person\",\"@id\":\"https:\\\/\\\/www.latribunedufaso.net\\\/#\\\/schema\\\/person\\\/e54e64c5778a7e72cf80a318b7a622b0\",\"name\":\"Issouf Tapsoba\",\"image\":{\"@type\":\"ImageObject\",\"inLanguage\":\"fr-FR\",\"@id\":\"https:\\\/\\\/secure.gravatar.com\\\/avatar\\\/5e6c05150ce3230247d167f5b94d678eb05936197436d69b7921e3a95c9107ac?s=96&d=mm&r=g\",\"url\":\"https:\\\/\\\/secure.gravatar.com\\\/avatar\\\/5e6c05150ce3230247d167f5b94d678eb05936197436d69b7921e3a95c9107ac?s=96&d=mm&r=g\",\"contentUrl\":\"https:\\\/\\\/secure.gravatar.com\\\/avatar\\\/5e6c05150ce3230247d167f5b94d678eb05936197436d69b7921e3a95c9107ac?s=96&d=mm&r=g\",\"caption\":\"Issouf Tapsoba\"},\"url\":\"https:\\\/\\\/www.latribunedufaso.net\\\/?author=5\"}]}<\/script>\n<!-- \/ Yoast SEO plugin. -->","yoast_head_json":{"title":"Colloque sur la journ\u00e9e des Cout\u00fbmes et Traditions : \u00ab L\u2019Afrique veut sa place en Afrique \u00bb, Me Titinga Passer\u00e9 - La Tribune du Faso","robots":{"index":"index","follow":"follow","max-snippet":"max-snippet:-1","max-image-preview":"max-image-preview:large","max-video-preview":"max-video-preview:-1"},"canonical":"https:\/\/www.latribunedufaso.net\/?p=13318","og_locale":"fr_FR","og_type":"article","og_title":"Colloque sur la journ\u00e9e des Cout\u00fbmes et Traditions : \u00ab L\u2019Afrique veut sa place en Afrique \u00bb, Me Titinga Passer\u00e9 - La Tribune du Faso","og_description":"Le ministre d\u2019Etat, ministre de la Communication, des Arts et du Tourisme, Jean Emmanuel Ou\u00e9draogo a pr\u00e9sid\u00e9 ce lundi 13 mai 2024 \u00e0 Ouagadougou, la c\u00e9r\u00e9monie d\u2019ouverture du colloque sur la Journ\u00e9e des Cout\u00fbmes et Traditions.\u00a0","og_url":"https:\/\/www.latribunedufaso.net\/?p=13318","og_site_name":"La Tribune du Faso","article_publisher":"https:\/\/www.facebook.com\/LatribuneduFaso\/","article_published_time":"2024-05-13T17:58:42+00:00","og_image":[{"width":720,"height":480,"url":"https:\/\/www.latribunedufaso.net\/wp-content\/uploads\/2024\/05\/FB_IMG_1715622845015.jpg","type":"image\/jpeg"}],"author":"Issouf Tapsoba","twitter_misc":{"\u00c9crit par":"Issouf Tapsoba","Dur\u00e9e de lecture estim\u00e9e":"3 minutes"},"schema":{"@context":"https:\/\/schema.org","@graph":[{"@type":"Article","@id":"https:\/\/www.latribunedufaso.net\/?p=13318#article","isPartOf":{"@id":"https:\/\/www.latribunedufaso.net\/?p=13318"},"author":{"name":"Issouf Tapsoba","@id":"https:\/\/www.latribunedufaso.net\/#\/schema\/person\/e54e64c5778a7e72cf80a318b7a622b0"},"headline":"Colloque sur la journ\u00e9e des Cout\u00fbmes et Traditions : \u00ab L\u2019Afrique veut sa place en Afrique \u00bb, Me Titinga Passer\u00e9","datePublished":"2024-05-13T17:58:42+00:00","mainEntityOfPage":{"@id":"https:\/\/www.latribunedufaso.net\/?p=13318"},"wordCount":646,"commentCount":0,"publisher":{"@id":"https:\/\/www.latribunedufaso.net\/#organization"},"image":{"@id":"https:\/\/www.latribunedufaso.net\/?p=13318#primaryimage"},"thumbnailUrl":"https:\/\/www.latribunedufaso.net\/wp-content\/uploads\/2024\/05\/FB_IMG_1715622845015.jpg","articleSection":["A la une","Actualit\u00e9","Art et Culture"],"inLanguage":"fr-FR","potentialAction":[{"@type":"CommentAction","name":"Comment","target":["https:\/\/www.latribunedufaso.net\/?p=13318#respond"]}]},{"@type":"WebPage","@id":"https:\/\/www.latribunedufaso.net\/?p=13318","url":"https:\/\/www.latribunedufaso.net\/?p=13318","name":"Colloque sur la journ\u00e9e des Cout\u00fbmes et Traditions : \u00ab L\u2019Afrique veut sa place en Afrique \u00bb, Me Titinga Passer\u00e9 - La Tribune du Faso","isPartOf":{"@id":"https:\/\/www.latribunedufaso.net\/#website"},"primaryImageOfPage":{"@id":"https:\/\/www.latribunedufaso.net\/?p=13318#primaryimage"},"image":{"@id":"https:\/\/www.latribunedufaso.net\/?p=13318#primaryimage"},"thumbnailUrl":"https:\/\/www.latribunedufaso.net\/wp-content\/uploads\/2024\/05\/FB_IMG_1715622845015.jpg","datePublished":"2024-05-13T17:58:42+00:00","breadcrumb":{"@id":"https:\/\/www.latribunedufaso.net\/?p=13318#breadcrumb"},"inLanguage":"fr-FR","potentialAction":[{"@type":"ReadAction","target":["https:\/\/www.latribunedufaso.net\/?p=13318"]}]},{"@type":"ImageObject","inLanguage":"fr-FR","@id":"https:\/\/www.latribunedufaso.net\/?p=13318#primaryimage","url":"https:\/\/www.latribunedufaso.net\/wp-content\/uploads\/2024\/05\/FB_IMG_1715622845015.jpg","contentUrl":"https:\/\/www.latribunedufaso.net\/wp-content\/uploads\/2024\/05\/FB_IMG_1715622845015.jpg","width":720,"height":480},{"@type":"BreadcrumbList","@id":"https:\/\/www.latribunedufaso.net\/?p=13318#breadcrumb","itemListElement":[{"@type":"ListItem","position":1,"name":"Accueil","item":"https:\/\/www.latribunedufaso.net\/"},{"@type":"ListItem","position":2,"name":"Colloque sur la journ\u00e9e des Cout\u00fbmes et Traditions : \u00ab L\u2019Afrique veut sa place en Afrique \u00bb, Me Titinga Passer\u00e9"}]},{"@type":"WebSite","@id":"https:\/\/www.latribunedufaso.net\/#website","url":"https:\/\/www.latribunedufaso.net\/","name":"La Tribune du Faso","description":"L&#039;information du monde rural en un clic","publisher":{"@id":"https:\/\/www.latribunedufaso.net\/#organization"},"potentialAction":[{"@type":"SearchAction","target":{"@type":"EntryPoint","urlTemplate":"https:\/\/www.latribunedufaso.net\/?s={search_term_string}"},"query-input":{"@type":"PropertyValueSpecification","valueRequired":true,"valueName":"search_term_string"}}],"inLanguage":"fr-FR"},{"@type":"Organization","@id":"https:\/\/www.latribunedufaso.net\/#organization","name":"La Tribune du Faso","url":"https:\/\/www.latribunedufaso.net\/","logo":{"@type":"ImageObject","inLanguage":"fr-FR","@id":"https:\/\/www.latribunedufaso.net\/#\/schema\/logo\/image\/","url":"https:\/\/www.latribunedufaso.net\/wp-content\/uploads\/2020\/08\/Logo-Tribune-du-Faso-final-scaled.jpg","contentUrl":"https:\/\/www.latribunedufaso.net\/wp-content\/uploads\/2020\/08\/Logo-Tribune-du-Faso-final-scaled.jpg","width":2560,"height":1856,"caption":"La Tribune du Faso"},"image":{"@id":"https:\/\/www.latribunedufaso.net\/#\/schema\/logo\/image\/"},"sameAs":["https:\/\/www.facebook.com\/LatribuneduFaso\/"]},{"@type":"Person","@id":"https:\/\/www.latribunedufaso.net\/#\/schema\/person\/e54e64c5778a7e72cf80a318b7a622b0","name":"Issouf Tapsoba","image":{"@type":"ImageObject","inLanguage":"fr-FR","@id":"https:\/\/secure.gravatar.com\/avatar\/5e6c05150ce3230247d167f5b94d678eb05936197436d69b7921e3a95c9107ac?s=96&d=mm&r=g","url":"https:\/\/secure.gravatar.com\/avatar\/5e6c05150ce3230247d167f5b94d678eb05936197436d69b7921e3a95c9107ac?s=96&d=mm&r=g","contentUrl":"https:\/\/secure.gravatar.com\/avatar\/5e6c05150ce3230247d167f5b94d678eb05936197436d69b7921e3a95c9107ac?s=96&d=mm&r=g","caption":"Issouf Tapsoba"},"url":"https:\/\/www.latribunedufaso.net\/?author=5"}]}},"_links":{"self":[{"href":"https:\/\/www.latribunedufaso.net\/index.php?rest_route=\/wp\/v2\/posts\/13318","targetHints":{"allow":["GET"]}}],"collection":[{"href":"https:\/\/www.latribunedufaso.net\/index.php?rest_route=\/wp\/v2\/posts"}],"about":[{"href":"https:\/\/www.latribunedufaso.net\/index.php?rest_route=\/wp\/v2\/types\/post"}],"author":[{"embeddable":true,"href":"https:\/\/www.latribunedufaso.net\/index.php?rest_route=\/wp\/v2\/users\/5"}],"replies":[{"embeddable":true,"href":"https:\/\/www.latribunedufaso.net\/index.php?rest_route=%2Fwp%2Fv2%2Fcomments&post=13318"}],"version-history":[{"count":1,"href":"https:\/\/www.latribunedufaso.net\/index.php?rest_route=\/wp\/v2\/posts\/13318\/revisions"}],"predecessor-version":[{"id":13324,"href":"https:\/\/www.latribunedufaso.net\/index.php?rest_route=\/wp\/v2\/posts\/13318\/revisions\/13324"}],"wp:featuredmedia":[{"embeddable":true,"href":"https:\/\/www.latribunedufaso.net\/index.php?rest_route=\/wp\/v2\/media\/13319"}],"wp:attachment":[{"href":"https:\/\/www.latribunedufaso.net\/index.php?rest_route=%2Fwp%2Fv2%2Fmedia&parent=13318"}],"wp:term":[{"taxonomy":"category","embeddable":true,"href":"https:\/\/www.latribunedufaso.net\/index.php?rest_route=%2Fwp%2Fv2%2Fcategories&post=13318"},{"taxonomy":"post_tag","embeddable":true,"href":"https:\/\/www.latribunedufaso.net\/index.php?rest_route=%2Fwp%2Fv2%2Ftags&post=13318"}],"curies":[{"name":"wp","href":"https:\/\/api.w.org\/{rel}","templated":true}]}}