{"id":13299,"date":"2024-05-12T09:47:02","date_gmt":"2024-05-12T09:47:02","guid":{"rendered":"https:\/\/www.latribunedufaso.net\/?p=13299"},"modified":"2024-05-12T09:47:02","modified_gmt":"2024-05-12T09:47:02","slug":"presidence-de-lassociation-des-editeurs-et-professionnels-des-medias-en-ligne-aepml-dr-cyriaque-pare-passe-la-main-a-amidou-kabre","status":"publish","type":"post","link":"https:\/\/www.latribunedufaso.net\/?p=13299","title":{"rendered":"Pr\u00e9sidence de l\u2019Association des \u00c9diteurs et Professionnels des M\u00e9dias en Ligne (AEPML) : Dr Cyriaque Par\u00e9 passe la main \u00e0 Amidou Kabr\u00e9"},"content":{"rendered":"<p><strong style=\"font-size: 1.0625rem;\"><span style=\"font-size: 1.0625rem;\">L\u2019Association des \u00c9diteurs et Professionnels des M\u00e9dias en Ligne (AEPML) a proc\u00e9d\u00e9 au renouvellement de son bureau ex\u00e9cutif le samedi 11 mai 2024 \u00e0 Ouagadougou. Le bureau sortant dirig\u00e9 par le fondateur des \u00c9ditions LeFaso, Dr. Cyriaque Par\u00e9, a pass\u00e9 le t\u00e9moin \u00e0 un nouvel ex\u00e9cutif de 12 membres pr\u00e9sid\u00e9 par Amidou Kabr\u00e9, Directeur de publication de Toute Info et pr\u00e9c\u00e9demment Secr\u00e9taire g\u00e9n\u00e9ral.<\/span><\/strong><\/p>\n<p><!--more--><\/p>\n<p>La mise en place du nouveau bureau ex\u00e9cutif des m\u00e9dias en ligne du Burkina Faso est intervenue ce samedi 11 mai 2024 \u00e0 l\u2019issue d\u2019une assembl\u00e9e g\u00e9n\u00e9rale ordinaire \u00e0 Ouagadougou. Les douze membres qui composent d\u00e9sormais le nouveau bureau ont \u00e9t\u00e9 \u00e9lus \u00e0 l\u2019unanimit\u00e9 des participants.\u00a0 \u00a0<\/p>\n<p>L\u2019Assembl\u00e9e g\u00e9n\u00e9rale a \u00e9galement pass\u00e9 en revue le bilan moral et financier du mandat \u00e9coul\u00e9 et proc\u00e9d\u00e9 \u00e0 la relecture des textes de l\u2019association. Tout en \u00e9voquant quelques difficult\u00e9s rencontr\u00e9es, le pr\u00e9sident sortant s\u2019est r\u00e9joui des acquis engrang\u00e9s dont l\u2019ancrage institutionnel de l&rsquo;association, la contribution constante des membres aux d\u00e9bats, d\u00e9cisions et propositions de lois dans le domaine de l\u2019information et de la communication dans notre pays. Toutefois, il a estim\u00e9 qu\u2019un travail immense restait \u00e0 faire dans le sens de la professionnalisation des m\u00e9dias en ligne qui font face \u00e0 de nouveaux d\u00e9fis li\u00e9s aux \u00e9volutions technologiques comme l&rsquo;intelligence artificielle. D\u2019o\u00f9 un appel lanc\u00e9 aux membres \u00e0 demeurer mobilis\u00e9s en vue de relever efficacement les challenges qui ne manquent pas. Les participants \u00e0 l\u2019assembl\u00e9e g\u00e9n\u00e9rale ont f\u00e9licit\u00e9 le bureau sortant pour la qualit\u00e9 du travail accompli. Dr. Cyriaque Par\u00e9 reste membre actif de l\u2019association en qualit\u00e9 de Pr\u00e9sident d\u2019honneur.<\/p>\n<p>Au terme de l\u2019Assembl\u00e9e g\u00e9n\u00e9rale du samedi 11 mai 2024, le nouveau bureau ex\u00e9cutif de l\u2019Association des \u00c9diteurs et Professionnels des M\u00e9dias en Ligne (AEPML) se compose comme suit pour un mandat de 3 ans :\u00a0<\/p>\n<figure id=\"attachment_13300\" aria-describedby=\"caption-attachment-13300\" style=\"width: 300px\" class=\"wp-caption alignleft\"><a href=\"https:\/\/www.latribunedufaso.net\/wp-content\/uploads\/2024\/05\/IMG-20240512-WA0005.jpg\"><img loading=\"lazy\" decoding=\"async\" class=\"wp-image-13300 size-medium\" src=\"https:\/\/www.latribunedufaso.net\/wp-content\/uploads\/2024\/05\/IMG-20240512-WA0005-300x172.jpg\" width=\"300\" height=\"172\" srcset=\"https:\/\/www.latribunedufaso.net\/wp-content\/uploads\/2024\/05\/IMG-20240512-WA0005-300x172.jpg 300w, https:\/\/www.latribunedufaso.net\/wp-content\/uploads\/2024\/05\/IMG-20240512-WA0005-768x441.jpg 768w, https:\/\/www.latribunedufaso.net\/wp-content\/uploads\/2024\/05\/IMG-20240512-WA0005.jpg 800w\" sizes=\"auto, (max-width: 300px) 100vw, 300px\" \/><\/a><figcaption id=\"caption-attachment-13300\" class=\"wp-caption-text\">Le nouveau bureau de l&rsquo;AEPML<\/figcaption><\/figure>\n<p><strong>Pr\u00e9sident : Kabr\u00e9 Amidou<\/strong><\/p>\n<p><strong>Secr\u00e9taire g\u00e9n\u00e9ral : Gr\u00e9goire Bazi\u00e9<\/strong><\/p>\n<p><strong>Secr\u00e9taire g\u00e9n\u00e9ral adjoint : Abdoul Karim Ou\u00e9draogo<\/strong><\/p>\n<p><strong>Tr\u00e9sori\u00e8re : Fatoumata Ouattara\u00a0<\/strong><\/p>\n<p><strong>Tr\u00e9sorier adjoint : Siaka Gow<\/strong><\/p>\n<p><strong>Secr\u00e9taire \u00e0 l\u2019organisation : J\u00e9r\u00f4me Kabor\u00e9<\/strong><\/p>\n<p><strong>Secr\u00e9taire adjoint \u00e0 l\u2019organisation : Morin Yamongb\u00e9<\/strong><\/p>\n<p><strong>Secr\u00e9taire charg\u00e9 des questions d&rsquo;\u00e9thique et de d\u00e9ontologie : Richard Ti\u00e9n\u00e9<\/strong><\/p>\n<p><strong>Secr\u00e9taire charg\u00e9 de la professionnalisation et du renforcement de capacit\u00e9s : Albert Nagr\u00e9ongo<\/strong><\/p>\n<p><strong>Secr\u00e9taire charg\u00e9e de la communication : C\u00e9cile Sirima\u00a0<\/strong><\/p>\n<p><strong>Secr\u00e9taire adjoint charg\u00e9 de la communication : Marcus Kouaman<\/strong><\/p>\n<p><strong>Secr\u00e9taire charg\u00e9 des relations ext\u00e9rieures et de la coop\u00e9ration: Paul Tiemtor\u00e9<\/strong><\/p>\n<p><strong>Association des \u00c9diteurs et Professionnels des M\u00e9dias en Ligne (AEPML). Secr\u00e9tariat g\u00e9n\u00e9ral, contact : <\/strong><strong style=\"font-size: 1.0625rem;\">70339659<\/strong><\/p>\n<p><strong>Latribunedufaso.net<\/strong><\/p>\n<p><strong>Source : communiqu\u00e9 de presse AEPML<\/strong><\/p>\n","protected":false},"excerpt":{"rendered":"<p>L\u2019Association des \u00c9diteurs et Professionnels des M\u00e9dias en Ligne (AEPML) a proc\u00e9d\u00e9 au renouvellement de son bureau ex\u00e9cutif le samedi 11 mai 2024 \u00e0 Ouagadougou. Le bureau sortant dirig\u00e9 par le fondateur des \u00c9ditions LeFaso, Dr. Cyriaque Par\u00e9, a pass\u00e9 le t\u00e9moin \u00e0 un nouvel ex\u00e9cutif de 12 membres pr\u00e9sid\u00e9 par Amidou Kabr\u00e9, Directeur de publication de Toute Info et pr\u00e9c\u00e9demment Secr\u00e9taire g\u00e9n\u00e9ral.<\/p>\n","protected":false},"author":5,"featured_media":13301,"comment_status":"open","ping_status":"open","sticky":false,"template":"","format":"standard","meta":{"footnotes":""},"categories":[13,1,8],"tags":[],"class_list":["post-13299","post","type-post","status-publish","format-standard","has-post-thumbnail","hentry","category-une","category-actu","category-societe"],"yoast_head":"<!-- This site is optimized with the Yoast SEO plugin v27.5 - https:\/\/yoast.com\/product\/yoast-seo-wordpress\/ -->\n<title>Pr\u00e9sidence de l\u2019Association des \u00c9diteurs et Professionnels des M\u00e9dias en Ligne (AEPML) : Dr Cyriaque Par\u00e9 passe la main \u00e0 Amidou Kabr\u00e9 - La Tribune du Faso<\/title>\n<meta name=\"robots\" content=\"index, follow, max-snippet:-1, max-image-preview:large, max-video-preview:-1\" \/>\n<link rel=\"canonical\" href=\"https:\/\/www.latribunedufaso.net\/?p=13299\" \/>\n<meta property=\"og:locale\" content=\"fr_FR\" \/>\n<meta property=\"og:type\" content=\"article\" \/>\n<meta property=\"og:title\" content=\"Pr\u00e9sidence de l\u2019Association des \u00c9diteurs et Professionnels des M\u00e9dias en Ligne (AEPML) : Dr Cyriaque Par\u00e9 passe la main \u00e0 Amidou Kabr\u00e9 - La Tribune du Faso\" \/>\n<meta property=\"og:description\" content=\"L\u2019Association des \u00c9diteurs et Professionnels des M\u00e9dias en Ligne (AEPML) a proc\u00e9d\u00e9 au renouvellement de son bureau ex\u00e9cutif le samedi 11 mai 2024 \u00e0 Ouagadougou. Le bureau sortant dirig\u00e9 par le fondateur des \u00c9ditions LeFaso, Dr. Cyriaque Par\u00e9, a pass\u00e9 le t\u00e9moin \u00e0 un nouvel ex\u00e9cutif de 12 membres pr\u00e9sid\u00e9 par Amidou Kabr\u00e9, Directeur de publication de Toute Info et pr\u00e9c\u00e9demment Secr\u00e9taire g\u00e9n\u00e9ral.\" \/>\n<meta property=\"og:url\" content=\"https:\/\/www.latribunedufaso.net\/?p=13299\" \/>\n<meta property=\"og:site_name\" content=\"La Tribune du Faso\" \/>\n<meta property=\"article:publisher\" content=\"https:\/\/www.facebook.com\/LatribuneduFaso\/\" \/>\n<meta property=\"article:published_time\" content=\"2024-05-12T09:47:02+00:00\" \/>\n<meta property=\"og:image\" content=\"https:\/\/www.latribunedufaso.net\/wp-content\/uploads\/2024\/05\/IMG-20240512-WA0006.jpg\" \/>\n\t<meta property=\"og:image:width\" content=\"700\" \/>\n\t<meta property=\"og:image:height\" content=\"495\" \/>\n\t<meta property=\"og:image:type\" content=\"image\/jpeg\" \/>\n<meta name=\"author\" content=\"Issouf Tapsoba\" \/>\n<meta name=\"twitter:label1\" content=\"\u00c9crit par\" \/>\n\t<meta name=\"twitter:data1\" content=\"Issouf Tapsoba\" \/>\n\t<meta name=\"twitter:label2\" content=\"Dur\u00e9e de lecture estim\u00e9e\" \/>\n\t<meta name=\"twitter:data2\" content=\"2 minutes\" \/>\n<script type=\"application\/ld+json\" class=\"yoast-schema-graph\">{\"@context\":\"https:\\\/\\\/schema.org\",\"@graph\":[{\"@type\":\"Article\",\"@id\":\"https:\\\/\\\/www.latribunedufaso.net\\\/?p=13299#article\",\"isPartOf\":{\"@id\":\"https:\\\/\\\/www.latribunedufaso.net\\\/?p=13299\"},\"author\":{\"name\":\"Issouf Tapsoba\",\"@id\":\"https:\\\/\\\/www.latribunedufaso.net\\\/#\\\/schema\\\/person\\\/e54e64c5778a7e72cf80a318b7a622b0\"},\"headline\":\"Pr\u00e9sidence de l\u2019Association des \u00c9diteurs et Professionnels des M\u00e9dias en Ligne (AEPML) : Dr Cyriaque Par\u00e9 passe la main \u00e0 Amidou Kabr\u00e9\",\"datePublished\":\"2024-05-12T09:47:02+00:00\",\"mainEntityOfPage\":{\"@id\":\"https:\\\/\\\/www.latribunedufaso.net\\\/?p=13299\"},\"wordCount\":505,\"commentCount\":0,\"publisher\":{\"@id\":\"https:\\\/\\\/www.latribunedufaso.net\\\/#organization\"},\"image\":{\"@id\":\"https:\\\/\\\/www.latribunedufaso.net\\\/?p=13299#primaryimage\"},\"thumbnailUrl\":\"https:\\\/\\\/www.latribunedufaso.net\\\/wp-content\\\/uploads\\\/2024\\\/05\\\/IMG-20240512-WA0006.jpg\",\"articleSection\":[\"A la une\",\"Actualit\u00e9\",\"Soci\u00e9t\u00e9\"],\"inLanguage\":\"fr-FR\",\"potentialAction\":[{\"@type\":\"CommentAction\",\"name\":\"Comment\",\"target\":[\"https:\\\/\\\/www.latribunedufaso.net\\\/?p=13299#respond\"]}]},{\"@type\":\"WebPage\",\"@id\":\"https:\\\/\\\/www.latribunedufaso.net\\\/?p=13299\",\"url\":\"https:\\\/\\\/www.latribunedufaso.net\\\/?p=13299\",\"name\":\"Pr\u00e9sidence de l\u2019Association des \u00c9diteurs et Professionnels des M\u00e9dias en Ligne (AEPML) : Dr Cyriaque Par\u00e9 passe la main \u00e0 Amidou Kabr\u00e9 - La Tribune du Faso\",\"isPartOf\":{\"@id\":\"https:\\\/\\\/www.latribunedufaso.net\\\/#website\"},\"primaryImageOfPage\":{\"@id\":\"https:\\\/\\\/www.latribunedufaso.net\\\/?p=13299#primaryimage\"},\"image\":{\"@id\":\"https:\\\/\\\/www.latribunedufaso.net\\\/?p=13299#primaryimage\"},\"thumbnailUrl\":\"https:\\\/\\\/www.latribunedufaso.net\\\/wp-content\\\/uploads\\\/2024\\\/05\\\/IMG-20240512-WA0006.jpg\",\"datePublished\":\"2024-05-12T09:47:02+00:00\",\"breadcrumb\":{\"@id\":\"https:\\\/\\\/www.latribunedufaso.net\\\/?p=13299#breadcrumb\"},\"inLanguage\":\"fr-FR\",\"potentialAction\":[{\"@type\":\"ReadAction\",\"target\":[\"https:\\\/\\\/www.latribunedufaso.net\\\/?p=13299\"]}]},{\"@type\":\"ImageObject\",\"inLanguage\":\"fr-FR\",\"@id\":\"https:\\\/\\\/www.latribunedufaso.net\\\/?p=13299#primaryimage\",\"url\":\"https:\\\/\\\/www.latribunedufaso.net\\\/wp-content\\\/uploads\\\/2024\\\/05\\\/IMG-20240512-WA0006.jpg\",\"contentUrl\":\"https:\\\/\\\/www.latribunedufaso.net\\\/wp-content\\\/uploads\\\/2024\\\/05\\\/IMG-20240512-WA0006.jpg\",\"width\":700,\"height\":495},{\"@type\":\"BreadcrumbList\",\"@id\":\"https:\\\/\\\/www.latribunedufaso.net\\\/?p=13299#breadcrumb\",\"itemListElement\":[{\"@type\":\"ListItem\",\"position\":1,\"name\":\"Accueil\",\"item\":\"https:\\\/\\\/www.latribunedufaso.net\\\/\"},{\"@type\":\"ListItem\",\"position\":2,\"name\":\"Pr\u00e9sidence de l\u2019Association des \u00c9diteurs et Professionnels des M\u00e9dias en Ligne (AEPML) : Dr Cyriaque Par\u00e9 passe la main \u00e0 Amidou Kabr\u00e9\"}]},{\"@type\":\"WebSite\",\"@id\":\"https:\\\/\\\/www.latribunedufaso.net\\\/#website\",\"url\":\"https:\\\/\\\/www.latribunedufaso.net\\\/\",\"name\":\"La Tribune du Faso\",\"description\":\"L&#039;information du monde rural en un clic\",\"publisher\":{\"@id\":\"https:\\\/\\\/www.latribunedufaso.net\\\/#organization\"},\"potentialAction\":[{\"@type\":\"SearchAction\",\"target\":{\"@type\":\"EntryPoint\",\"urlTemplate\":\"https:\\\/\\\/www.latribunedufaso.net\\\/?s={search_term_string}\"},\"query-input\":{\"@type\":\"PropertyValueSpecification\",\"valueRequired\":true,\"valueName\":\"search_term_string\"}}],\"inLanguage\":\"fr-FR\"},{\"@type\":\"Organization\",\"@id\":\"https:\\\/\\\/www.latribunedufaso.net\\\/#organization\",\"name\":\"La Tribune du Faso\",\"url\":\"https:\\\/\\\/www.latribunedufaso.net\\\/\",\"logo\":{\"@type\":\"ImageObject\",\"inLanguage\":\"fr-FR\",\"@id\":\"https:\\\/\\\/www.latribunedufaso.net\\\/#\\\/schema\\\/logo\\\/image\\\/\",\"url\":\"https:\\\/\\\/www.latribunedufaso.net\\\/wp-content\\\/uploads\\\/2020\\\/08\\\/Logo-Tribune-du-Faso-final-scaled.jpg\",\"contentUrl\":\"https:\\\/\\\/www.latribunedufaso.net\\\/wp-content\\\/uploads\\\/2020\\\/08\\\/Logo-Tribune-du-Faso-final-scaled.jpg\",\"width\":2560,\"height\":1856,\"caption\":\"La Tribune du Faso\"},\"image\":{\"@id\":\"https:\\\/\\\/www.latribunedufaso.net\\\/#\\\/schema\\\/logo\\\/image\\\/\"},\"sameAs\":[\"https:\\\/\\\/www.facebook.com\\\/LatribuneduFaso\\\/\"]},{\"@type\":\"Person\",\"@id\":\"https:\\\/\\\/www.latribunedufaso.net\\\/#\\\/schema\\\/person\\\/e54e64c5778a7e72cf80a318b7a622b0\",\"name\":\"Issouf Tapsoba\",\"image\":{\"@type\":\"ImageObject\",\"inLanguage\":\"fr-FR\",\"@id\":\"https:\\\/\\\/secure.gravatar.com\\\/avatar\\\/5e6c05150ce3230247d167f5b94d678eb05936197436d69b7921e3a95c9107ac?s=96&d=mm&r=g\",\"url\":\"https:\\\/\\\/secure.gravatar.com\\\/avatar\\\/5e6c05150ce3230247d167f5b94d678eb05936197436d69b7921e3a95c9107ac?s=96&d=mm&r=g\",\"contentUrl\":\"https:\\\/\\\/secure.gravatar.com\\\/avatar\\\/5e6c05150ce3230247d167f5b94d678eb05936197436d69b7921e3a95c9107ac?s=96&d=mm&r=g\",\"caption\":\"Issouf Tapsoba\"},\"url\":\"https:\\\/\\\/www.latribunedufaso.net\\\/?author=5\"}]}<\/script>\n<!-- \/ Yoast SEO plugin. -->","yoast_head_json":{"title":"Pr\u00e9sidence de l\u2019Association des \u00c9diteurs et Professionnels des M\u00e9dias en Ligne (AEPML) : Dr Cyriaque Par\u00e9 passe la main \u00e0 Amidou Kabr\u00e9 - La Tribune du Faso","robots":{"index":"index","follow":"follow","max-snippet":"max-snippet:-1","max-image-preview":"max-image-preview:large","max-video-preview":"max-video-preview:-1"},"canonical":"https:\/\/www.latribunedufaso.net\/?p=13299","og_locale":"fr_FR","og_type":"article","og_title":"Pr\u00e9sidence de l\u2019Association des \u00c9diteurs et Professionnels des M\u00e9dias en Ligne (AEPML) : Dr Cyriaque Par\u00e9 passe la main \u00e0 Amidou Kabr\u00e9 - La Tribune du Faso","og_description":"L\u2019Association des \u00c9diteurs et Professionnels des M\u00e9dias en Ligne (AEPML) a proc\u00e9d\u00e9 au renouvellement de son bureau ex\u00e9cutif le samedi 11 mai 2024 \u00e0 Ouagadougou. Le bureau sortant dirig\u00e9 par le fondateur des \u00c9ditions LeFaso, Dr. Cyriaque Par\u00e9, a pass\u00e9 le t\u00e9moin \u00e0 un nouvel ex\u00e9cutif de 12 membres pr\u00e9sid\u00e9 par Amidou Kabr\u00e9, Directeur de publication de Toute Info et pr\u00e9c\u00e9demment Secr\u00e9taire g\u00e9n\u00e9ral.","og_url":"https:\/\/www.latribunedufaso.net\/?p=13299","og_site_name":"La Tribune du Faso","article_publisher":"https:\/\/www.facebook.com\/LatribuneduFaso\/","article_published_time":"2024-05-12T09:47:02+00:00","og_image":[{"width":700,"height":495,"url":"https:\/\/www.latribunedufaso.net\/wp-content\/uploads\/2024\/05\/IMG-20240512-WA0006.jpg","type":"image\/jpeg"}],"author":"Issouf Tapsoba","twitter_misc":{"\u00c9crit par":"Issouf Tapsoba","Dur\u00e9e de lecture estim\u00e9e":"2 minutes"},"schema":{"@context":"https:\/\/schema.org","@graph":[{"@type":"Article","@id":"https:\/\/www.latribunedufaso.net\/?p=13299#article","isPartOf":{"@id":"https:\/\/www.latribunedufaso.net\/?p=13299"},"author":{"name":"Issouf Tapsoba","@id":"https:\/\/www.latribunedufaso.net\/#\/schema\/person\/e54e64c5778a7e72cf80a318b7a622b0"},"headline":"Pr\u00e9sidence de l\u2019Association des \u00c9diteurs et Professionnels des M\u00e9dias en Ligne (AEPML) : Dr Cyriaque Par\u00e9 passe la main \u00e0 Amidou Kabr\u00e9","datePublished":"2024-05-12T09:47:02+00:00","mainEntityOfPage":{"@id":"https:\/\/www.latribunedufaso.net\/?p=13299"},"wordCount":505,"commentCount":0,"publisher":{"@id":"https:\/\/www.latribunedufaso.net\/#organization"},"image":{"@id":"https:\/\/www.latribunedufaso.net\/?p=13299#primaryimage"},"thumbnailUrl":"https:\/\/www.latribunedufaso.net\/wp-content\/uploads\/2024\/05\/IMG-20240512-WA0006.jpg","articleSection":["A la une","Actualit\u00e9","Soci\u00e9t\u00e9"],"inLanguage":"fr-FR","potentialAction":[{"@type":"CommentAction","name":"Comment","target":["https:\/\/www.latribunedufaso.net\/?p=13299#respond"]}]},{"@type":"WebPage","@id":"https:\/\/www.latribunedufaso.net\/?p=13299","url":"https:\/\/www.latribunedufaso.net\/?p=13299","name":"Pr\u00e9sidence de l\u2019Association des \u00c9diteurs et Professionnels des M\u00e9dias en Ligne (AEPML) : Dr Cyriaque Par\u00e9 passe la main \u00e0 Amidou Kabr\u00e9 - La Tribune du Faso","isPartOf":{"@id":"https:\/\/www.latribunedufaso.net\/#website"},"primaryImageOfPage":{"@id":"https:\/\/www.latribunedufaso.net\/?p=13299#primaryimage"},"image":{"@id":"https:\/\/www.latribunedufaso.net\/?p=13299#primaryimage"},"thumbnailUrl":"https:\/\/www.latribunedufaso.net\/wp-content\/uploads\/2024\/05\/IMG-20240512-WA0006.jpg","datePublished":"2024-05-12T09:47:02+00:00","breadcrumb":{"@id":"https:\/\/www.latribunedufaso.net\/?p=13299#breadcrumb"},"inLanguage":"fr-FR","potentialAction":[{"@type":"ReadAction","target":["https:\/\/www.latribunedufaso.net\/?p=13299"]}]},{"@type":"ImageObject","inLanguage":"fr-FR","@id":"https:\/\/www.latribunedufaso.net\/?p=13299#primaryimage","url":"https:\/\/www.latribunedufaso.net\/wp-content\/uploads\/2024\/05\/IMG-20240512-WA0006.jpg","contentUrl":"https:\/\/www.latribunedufaso.net\/wp-content\/uploads\/2024\/05\/IMG-20240512-WA0006.jpg","width":700,"height":495},{"@type":"BreadcrumbList","@id":"https:\/\/www.latribunedufaso.net\/?p=13299#breadcrumb","itemListElement":[{"@type":"ListItem","position":1,"name":"Accueil","item":"https:\/\/www.latribunedufaso.net\/"},{"@type":"ListItem","position":2,"name":"Pr\u00e9sidence de l\u2019Association des \u00c9diteurs et Professionnels des M\u00e9dias en Ligne (AEPML) : Dr Cyriaque Par\u00e9 passe la main \u00e0 Amidou Kabr\u00e9"}]},{"@type":"WebSite","@id":"https:\/\/www.latribunedufaso.net\/#website","url":"https:\/\/www.latribunedufaso.net\/","name":"La Tribune du Faso","description":"L&#039;information du monde rural en un clic","publisher":{"@id":"https:\/\/www.latribunedufaso.net\/#organization"},"potentialAction":[{"@type":"SearchAction","target":{"@type":"EntryPoint","urlTemplate":"https:\/\/www.latribunedufaso.net\/?s={search_term_string}"},"query-input":{"@type":"PropertyValueSpecification","valueRequired":true,"valueName":"search_term_string"}}],"inLanguage":"fr-FR"},{"@type":"Organization","@id":"https:\/\/www.latribunedufaso.net\/#organization","name":"La Tribune du Faso","url":"https:\/\/www.latribunedufaso.net\/","logo":{"@type":"ImageObject","inLanguage":"fr-FR","@id":"https:\/\/www.latribunedufaso.net\/#\/schema\/logo\/image\/","url":"https:\/\/www.latribunedufaso.net\/wp-content\/uploads\/2020\/08\/Logo-Tribune-du-Faso-final-scaled.jpg","contentUrl":"https:\/\/www.latribunedufaso.net\/wp-content\/uploads\/2020\/08\/Logo-Tribune-du-Faso-final-scaled.jpg","width":2560,"height":1856,"caption":"La Tribune du Faso"},"image":{"@id":"https:\/\/www.latribunedufaso.net\/#\/schema\/logo\/image\/"},"sameAs":["https:\/\/www.facebook.com\/LatribuneduFaso\/"]},{"@type":"Person","@id":"https:\/\/www.latribunedufaso.net\/#\/schema\/person\/e54e64c5778a7e72cf80a318b7a622b0","name":"Issouf Tapsoba","image":{"@type":"ImageObject","inLanguage":"fr-FR","@id":"https:\/\/secure.gravatar.com\/avatar\/5e6c05150ce3230247d167f5b94d678eb05936197436d69b7921e3a95c9107ac?s=96&d=mm&r=g","url":"https:\/\/secure.gravatar.com\/avatar\/5e6c05150ce3230247d167f5b94d678eb05936197436d69b7921e3a95c9107ac?s=96&d=mm&r=g","contentUrl":"https:\/\/secure.gravatar.com\/avatar\/5e6c05150ce3230247d167f5b94d678eb05936197436d69b7921e3a95c9107ac?s=96&d=mm&r=g","caption":"Issouf Tapsoba"},"url":"https:\/\/www.latribunedufaso.net\/?author=5"}]}},"_links":{"self":[{"href":"https:\/\/www.latribunedufaso.net\/index.php?rest_route=\/wp\/v2\/posts\/13299","targetHints":{"allow":["GET"]}}],"collection":[{"href":"https:\/\/www.latribunedufaso.net\/index.php?rest_route=\/wp\/v2\/posts"}],"about":[{"href":"https:\/\/www.latribunedufaso.net\/index.php?rest_route=\/wp\/v2\/types\/post"}],"author":[{"embeddable":true,"href":"https:\/\/www.latribunedufaso.net\/index.php?rest_route=\/wp\/v2\/users\/5"}],"replies":[{"embeddable":true,"href":"https:\/\/www.latribunedufaso.net\/index.php?rest_route=%2Fwp%2Fv2%2Fcomments&post=13299"}],"version-history":[{"count":2,"href":"https:\/\/www.latribunedufaso.net\/index.php?rest_route=\/wp\/v2\/posts\/13299\/revisions"}],"predecessor-version":[{"id":13303,"href":"https:\/\/www.latribunedufaso.net\/index.php?rest_route=\/wp\/v2\/posts\/13299\/revisions\/13303"}],"wp:featuredmedia":[{"embeddable":true,"href":"https:\/\/www.latribunedufaso.net\/index.php?rest_route=\/wp\/v2\/media\/13301"}],"wp:attachment":[{"href":"https:\/\/www.latribunedufaso.net\/index.php?rest_route=%2Fwp%2Fv2%2Fmedia&parent=13299"}],"wp:term":[{"taxonomy":"category","embeddable":true,"href":"https:\/\/www.latribunedufaso.net\/index.php?rest_route=%2Fwp%2Fv2%2Fcategories&post=13299"},{"taxonomy":"post_tag","embeddable":true,"href":"https:\/\/www.latribunedufaso.net\/index.php?rest_route=%2Fwp%2Fv2%2Ftags&post=13299"}],"curies":[{"name":"wp","href":"https:\/\/api.w.org\/{rel}","templated":true}]}}