{"id":13291,"date":"2024-05-11T00:45:04","date_gmt":"2024-05-11T00:45:04","guid":{"rendered":"https:\/\/www.latribunedufaso.net\/?p=13291"},"modified":"2024-05-10T22:45:28","modified_gmt":"2024-05-10T22:45:28","slug":"controle-de-la-qualite-des-produits-le-ministre-du-commerce-dans-les-locaux-de-labnorm","status":"publish","type":"post","link":"https:\/\/www.latribunedufaso.net\/?p=13291","title":{"rendered":"Contr\u00f4le de la qualit\u00e9 des produits : Le ministre du commerce dans les locaux de l\u2019ABNORM"},"content":{"rendered":"<p><strong><span style=\"font-size: 1.0625rem;\">Le Burkina Faso dispose d\u2019un laboratoire charg\u00e9 de la v\u00e9rification de la qualit\u00e9 conform\u00e9ment aux normes en vigueur de tous les produits \u00e0 l\u2019importation, \u00e0 l\u2019exportation comme au niveau local. L\u2019Agence burkinab\u00e8 de normalisation, de m\u00e9trologie et de la qualit\u00e9 (ABNORM) est la structure en charge de cette mission. Le ministre du D\u00e9veloppement Industriel, du Commerce, de l\u2019Artisanat et des Petites et Moyennes Entreprises (MDICAPME), Serge Poda, a effectu\u00e9 une visite ce vendredi 10 Mai 2024 dans ses locaux.<\/span><\/strong><br \/><!--more--><\/p>\n<p>Cette visite a eu lieu dans les diff\u00e9rentes sections de l\u2019ABNORM, notamment, le laboratoire d\u2019\u00e9lectricit\u00e9, de physico-chimie, d\u2019\u00e9lectro-m\u00e9canique, de volume, de masse, et de temp\u00e9rature.<\/p>\n<p><a href=\"https:\/\/www.latribunedufaso.net\/wp-content\/uploads\/2024\/05\/IMG-20240510-WA0143.jpg\"><img loading=\"lazy\" decoding=\"async\" class=\"size-medium wp-image-13292 alignleft\" src=\"https:\/\/www.latribunedufaso.net\/wp-content\/uploads\/2024\/05\/IMG-20240510-WA0143-300x225.jpg\" alt=\"\" width=\"300\" height=\"225\" srcset=\"https:\/\/www.latribunedufaso.net\/wp-content\/uploads\/2024\/05\/IMG-20240510-WA0143-300x225.jpg 300w, https:\/\/www.latribunedufaso.net\/wp-content\/uploads\/2024\/05\/IMG-20240510-WA0143-1024x767.jpg 1024w, https:\/\/www.latribunedufaso.net\/wp-content\/uploads\/2024\/05\/IMG-20240510-WA0143-768x575.jpg 768w, https:\/\/www.latribunedufaso.net\/wp-content\/uploads\/2024\/05\/IMG-20240510-WA0143.jpg 1080w\" sizes=\"auto, (max-width: 300px) 100vw, 300px\" \/><\/a>Selon le Directeur g\u00e9n\u00e9ral de l\u2019ABNORM, Abraham Somda, la structure est charg\u00e9e de l\u2019\u00e9laboration des normes et de la v\u00e9rification des instruments de mesure. \u00ab A l\u2019ABNORM, on \u00e9labore des normes. Les normes sont des sp\u00e9cifications techniques qui ont des exigences. On fait m\u00e9trologie, qui est l\u00e0 v\u00e9rification des instruments de mesures. Prenons les stations d\u2019essence, c\u2019est l\u2019ABNORM qui doit s\u2019assurer que quand on pompe 1L c\u2019est vraiment 1L. Aussi, on doit s\u2019assurer que le sac de 25 kg ou 50 kg de riz est effectivement 25 kg et 50 kg de riz. L\u2019ABNORM est charg\u00e9e de s\u2019assurer de la qualit\u00e9 de tous les produits conform\u00e9ment aux normes en vigueur au Burkina Faso \u00bb, a-t-il expliqu\u00e9.<\/p>\n<p><a href=\"https:\/\/www.latribunedufaso.net\/wp-content\/uploads\/2024\/05\/IMG-20240510-WA0145.jpg\"><img loading=\"lazy\" decoding=\"async\" class=\"size-medium wp-image-13296 alignleft\" src=\"https:\/\/www.latribunedufaso.net\/wp-content\/uploads\/2024\/05\/IMG-20240510-WA0145-300x225.jpg\" alt=\"\" width=\"300\" height=\"225\" srcset=\"https:\/\/www.latribunedufaso.net\/wp-content\/uploads\/2024\/05\/IMG-20240510-WA0145-300x225.jpg 300w, https:\/\/www.latribunedufaso.net\/wp-content\/uploads\/2024\/05\/IMG-20240510-WA0145-1024x767.jpg 1024w, https:\/\/www.latribunedufaso.net\/wp-content\/uploads\/2024\/05\/IMG-20240510-WA0145-768x575.jpg 768w, https:\/\/www.latribunedufaso.net\/wp-content\/uploads\/2024\/05\/IMG-20240510-WA0145.jpg 1080w\" sizes=\"auto, (max-width: 300px) 100vw, 300px\" \/><\/a>Pour mener \u00e0 bien cette mission, l\u2019agence dispose de plusieurs laboratoires au sein desquelles elle fait les analyses. \u00ab Quand on prend le laboratoire de m\u00e9trologie, il y a le laboratoire de masse, <span style=\"font-size: 1.0625rem;\">de volume, de temp\u00e9rature, certifi\u00e9 ISO-17025 qui atteste au niveau r\u00e9gional que tout l\u2019\u00e9talonnage fait des instruments de mesure en mati\u00e8re de temp\u00e9rature est l\u00e0 r\u00e9f\u00e9rence au niveau r\u00e9gional.<\/span><\/p>\n<p>Quand on prend au niveau du contr\u00f4le qualit\u00e9 de produit, le laboratoire d\u2019\u00e9lectricit\u00e9, le laboratoire d\u2019\u00e9lectro-mecanique, physicochimiques qui nous permet d\u2019analyser les produits alimentaires comme l\u2019huile afin de pouvoir d\u00e9livrer l\u2019autorisation de mise sur le march\u00e9 qui donne quitus au produit d\u2019\u00eatre commercialis\u00e9 \u00bb, a laiss\u00e9 entendre M. Somda<\/p>\n<p><a href=\"https:\/\/www.latribunedufaso.net\/wp-content\/uploads\/2024\/05\/IMG-20240510-WA0138.jpg\"><img loading=\"lazy\" decoding=\"async\" class=\"size-medium wp-image-13295 alignleft\" src=\"https:\/\/www.latribunedufaso.net\/wp-content\/uploads\/2024\/05\/IMG-20240510-WA0138-300x225.jpg\" alt=\"\" width=\"300\" height=\"225\" srcset=\"https:\/\/www.latribunedufaso.net\/wp-content\/uploads\/2024\/05\/IMG-20240510-WA0138-300x225.jpg 300w, https:\/\/www.latribunedufaso.net\/wp-content\/uploads\/2024\/05\/IMG-20240510-WA0138-1024x767.jpg 1024w, https:\/\/www.latribunedufaso.net\/wp-content\/uploads\/2024\/05\/IMG-20240510-WA0138-768x575.jpg 768w, https:\/\/www.latribunedufaso.net\/wp-content\/uploads\/2024\/05\/IMG-20240510-WA0138.jpg 1080w\" sizes=\"auto, (max-width: 300px) 100vw, 300px\" \/><\/a>A \u00e9couter le ministre du Commerce, Serge Poda, le laboratoire dispose d\u2019\u00e9quipements \u00e0 la pointe de la technologie pour pouvoir jouer ce r\u00f4le de v\u00e9rification des produits dans le souci de prot\u00e9ger le consommateur burkinab\u00e8.<\/p>\n<p>\u00ab Le tour que nous avons fait nous a r\u00e9conforter parce que nous nous rendons compte que nous avons un laboratoire qui est bien pris\u00e9 au plan sous r\u00e9gional, qui dispose de mat\u00e9riels de qualit\u00e9 \u00e0 la pointe de la technologie en d\u00e9pit de la modestie des moyens \u00bb a-t-il ajout\u00e9.<\/p>\n<p>Il a par ailleurs f\u00e9licit\u00e9 le personnel et prodiguer des conseils afin que cette mission de service public \u00e0 l\u2019endroit du peuple Burkinab\u00e8, de protection des consommateurs Burkinab\u00e8 puisse bien se mener.<\/p>\n<p><a href=\"https:\/\/www.latribunedufaso.net\/wp-content\/uploads\/2024\/05\/IMG-20240510-WA0139.jpg\"><img loading=\"lazy\" decoding=\"async\" class=\"size-medium wp-image-13294 alignleft\" src=\"https:\/\/www.latribunedufaso.net\/wp-content\/uploads\/2024\/05\/IMG-20240510-WA0139-300x225.jpg\" alt=\"\" width=\"300\" height=\"225\" srcset=\"https:\/\/www.latribunedufaso.net\/wp-content\/uploads\/2024\/05\/IMG-20240510-WA0139-300x225.jpg 300w, https:\/\/www.latribunedufaso.net\/wp-content\/uploads\/2024\/05\/IMG-20240510-WA0139-1024x767.jpg 1024w, https:\/\/www.latribunedufaso.net\/wp-content\/uploads\/2024\/05\/IMG-20240510-WA0139-768x575.jpg 768w, https:\/\/www.latribunedufaso.net\/wp-content\/uploads\/2024\/05\/IMG-20240510-WA0139.jpg 1080w\" sizes=\"auto, (max-width: 300px) 100vw, 300px\" \/><\/a>Le DG de l\u2019ABNORM a profit\u00e9 de cette visite pour exposer les difficult\u00e9s auxquelles l\u2019agence est confront\u00e9e.<span style=\"font-size: 1.0625rem;\">\u00a0\u00ab On a un probl\u00e8me de ressources humaines. On doit faire plusieurs choses, \u00e9laborer des normes, assurer la certification des produits, assurer le contr\u00f4le qualit\u00e9 des produits et assurer la v\u00e9rification, l\u2019\u00e9talonnage des instruments de mesure. Donc \u00e7a n\u00e9cessite un personnel \u00e9toff\u00e9 pour pourvoir couvrir tout le pays \u00bb, a-t-il laiss\u00e9 entendre.<\/span><\/p>\n<p>A l\u2019issue de la visite, le ministre Poda a rassur\u00e9 le personnel de l\u2019agence qu\u2019ils travailleront ensemble, dans la contrainte budg\u00e9taire existante, \u00e0 trouver des solutions aux difficult\u00e9s \u00e9voqu\u00e9es afin que l\u2019ABNORM joue pleinement son r\u00f4le.<\/p>\n<p><strong>Issouf Tapsoba <\/strong><\/p>\n<p><strong>Latribunedufaso.net<\/strong><\/p>\n","protected":false},"excerpt":{"rendered":"<p>Le Burkina Faso dispose d\u2019un laboratoire charg\u00e9 de la v\u00e9rification de la qualit\u00e9 conform\u00e9ment aux normes en vigueur de tous les produits \u00e0 l\u2019importation, \u00e0 l\u2019exportation comme au niveau local. L\u2019Agence burkinab\u00e8 de normalisation, de m\u00e9trologie et de la qualit\u00e9 (ABNORM) est la structure en charge de cette mission. Le ministre du D\u00e9veloppement Industriel, du Commerce, de l\u2019Artisanat et des Petites et Moyennes Entreprises (MDICAPME), Serge Poda, a effectu\u00e9 une visite ce vendredi 10 Mai 2024 dans ses locaux.<\/p>\n","protected":false},"author":5,"featured_media":13293,"comment_status":"open","ping_status":"open","sticky":false,"template":"","format":"standard","meta":{"footnotes":""},"categories":[13,1,8],"tags":[],"class_list":["post-13291","post","type-post","status-publish","format-standard","has-post-thumbnail","hentry","category-une","category-actu","category-societe"],"yoast_head":"<!-- This site is optimized with the Yoast SEO plugin v27.4 - https:\/\/yoast.com\/product\/yoast-seo-wordpress\/ -->\n<title>Contr\u00f4le de la qualit\u00e9 des produits : Le ministre du commerce dans les locaux de l\u2019ABNORM - La Tribune du Faso<\/title>\n<meta name=\"robots\" content=\"index, follow, max-snippet:-1, max-image-preview:large, max-video-preview:-1\" \/>\n<link rel=\"canonical\" href=\"https:\/\/www.latribunedufaso.net\/?p=13291\" \/>\n<meta property=\"og:locale\" content=\"fr_FR\" \/>\n<meta property=\"og:type\" content=\"article\" \/>\n<meta property=\"og:title\" content=\"Contr\u00f4le de la qualit\u00e9 des produits : Le ministre du commerce dans les locaux de l\u2019ABNORM - La Tribune du Faso\" \/>\n<meta property=\"og:description\" content=\"Le Burkina Faso dispose d\u2019un laboratoire charg\u00e9 de la v\u00e9rification de la qualit\u00e9 conform\u00e9ment aux normes en vigueur de tous les produits \u00e0 l\u2019importation, \u00e0 l\u2019exportation comme au niveau local. L\u2019Agence burkinab\u00e8 de normalisation, de m\u00e9trologie et de la qualit\u00e9 (ABNORM) est la structure en charge de cette mission. Le ministre du D\u00e9veloppement Industriel, du Commerce, de l\u2019Artisanat et des Petites et Moyennes Entreprises (MDICAPME), Serge Poda, a effectu\u00e9 une visite ce vendredi 10 Mai 2024 dans ses locaux.\" \/>\n<meta property=\"og:url\" content=\"https:\/\/www.latribunedufaso.net\/?p=13291\" \/>\n<meta property=\"og:site_name\" content=\"La Tribune du Faso\" \/>\n<meta property=\"article:publisher\" content=\"https:\/\/www.facebook.com\/LatribuneduFaso\/\" \/>\n<meta property=\"article:published_time\" content=\"2024-05-11T00:45:04+00:00\" \/>\n<meta property=\"og:image\" content=\"https:\/\/www.latribunedufaso.net\/wp-content\/uploads\/2024\/05\/IMG-20240510-WA0141.jpg\" \/>\n\t<meta property=\"og:image:width\" content=\"1080\" \/>\n\t<meta property=\"og:image:height\" content=\"809\" \/>\n\t<meta property=\"og:image:type\" content=\"image\/jpeg\" \/>\n<meta name=\"author\" content=\"Issouf Tapsoba\" \/>\n<meta name=\"twitter:label1\" content=\"\u00c9crit par\" \/>\n\t<meta name=\"twitter:data1\" content=\"Issouf Tapsoba\" \/>\n\t<meta name=\"twitter:label2\" content=\"Dur\u00e9e de lecture estim\u00e9e\" \/>\n\t<meta name=\"twitter:data2\" content=\"3 minutes\" \/>\n<script type=\"application\/ld+json\" class=\"yoast-schema-graph\">{\"@context\":\"https:\\\/\\\/schema.org\",\"@graph\":[{\"@type\":\"Article\",\"@id\":\"https:\\\/\\\/www.latribunedufaso.net\\\/?p=13291#article\",\"isPartOf\":{\"@id\":\"https:\\\/\\\/www.latribunedufaso.net\\\/?p=13291\"},\"author\":{\"name\":\"Issouf Tapsoba\",\"@id\":\"https:\\\/\\\/www.latribunedufaso.net\\\/#\\\/schema\\\/person\\\/e54e64c5778a7e72cf80a318b7a622b0\"},\"headline\":\"Contr\u00f4le de la qualit\u00e9 des produits : Le ministre du commerce dans les locaux de l\u2019ABNORM\",\"datePublished\":\"2024-05-11T00:45:04+00:00\",\"mainEntityOfPage\":{\"@id\":\"https:\\\/\\\/www.latribunedufaso.net\\\/?p=13291\"},\"wordCount\":634,\"commentCount\":0,\"publisher\":{\"@id\":\"https:\\\/\\\/www.latribunedufaso.net\\\/#organization\"},\"image\":{\"@id\":\"https:\\\/\\\/www.latribunedufaso.net\\\/?p=13291#primaryimage\"},\"thumbnailUrl\":\"https:\\\/\\\/www.latribunedufaso.net\\\/wp-content\\\/uploads\\\/2024\\\/05\\\/IMG-20240510-WA0141.jpg\",\"articleSection\":[\"A la une\",\"Actualit\u00e9\",\"Soci\u00e9t\u00e9\"],\"inLanguage\":\"fr-FR\",\"potentialAction\":[{\"@type\":\"CommentAction\",\"name\":\"Comment\",\"target\":[\"https:\\\/\\\/www.latribunedufaso.net\\\/?p=13291#respond\"]}]},{\"@type\":\"WebPage\",\"@id\":\"https:\\\/\\\/www.latribunedufaso.net\\\/?p=13291\",\"url\":\"https:\\\/\\\/www.latribunedufaso.net\\\/?p=13291\",\"name\":\"Contr\u00f4le de la qualit\u00e9 des produits : Le ministre du commerce dans les locaux de l\u2019ABNORM - La Tribune du Faso\",\"isPartOf\":{\"@id\":\"https:\\\/\\\/www.latribunedufaso.net\\\/#website\"},\"primaryImageOfPage\":{\"@id\":\"https:\\\/\\\/www.latribunedufaso.net\\\/?p=13291#primaryimage\"},\"image\":{\"@id\":\"https:\\\/\\\/www.latribunedufaso.net\\\/?p=13291#primaryimage\"},\"thumbnailUrl\":\"https:\\\/\\\/www.latribunedufaso.net\\\/wp-content\\\/uploads\\\/2024\\\/05\\\/IMG-20240510-WA0141.jpg\",\"datePublished\":\"2024-05-11T00:45:04+00:00\",\"breadcrumb\":{\"@id\":\"https:\\\/\\\/www.latribunedufaso.net\\\/?p=13291#breadcrumb\"},\"inLanguage\":\"fr-FR\",\"potentialAction\":[{\"@type\":\"ReadAction\",\"target\":[\"https:\\\/\\\/www.latribunedufaso.net\\\/?p=13291\"]}]},{\"@type\":\"ImageObject\",\"inLanguage\":\"fr-FR\",\"@id\":\"https:\\\/\\\/www.latribunedufaso.net\\\/?p=13291#primaryimage\",\"url\":\"https:\\\/\\\/www.latribunedufaso.net\\\/wp-content\\\/uploads\\\/2024\\\/05\\\/IMG-20240510-WA0141.jpg\",\"contentUrl\":\"https:\\\/\\\/www.latribunedufaso.net\\\/wp-content\\\/uploads\\\/2024\\\/05\\\/IMG-20240510-WA0141.jpg\",\"width\":1080,\"height\":809},{\"@type\":\"BreadcrumbList\",\"@id\":\"https:\\\/\\\/www.latribunedufaso.net\\\/?p=13291#breadcrumb\",\"itemListElement\":[{\"@type\":\"ListItem\",\"position\":1,\"name\":\"Accueil\",\"item\":\"https:\\\/\\\/www.latribunedufaso.net\\\/\"},{\"@type\":\"ListItem\",\"position\":2,\"name\":\"Contr\u00f4le de la qualit\u00e9 des produits : Le ministre du commerce dans les locaux de l\u2019ABNORM\"}]},{\"@type\":\"WebSite\",\"@id\":\"https:\\\/\\\/www.latribunedufaso.net\\\/#website\",\"url\":\"https:\\\/\\\/www.latribunedufaso.net\\\/\",\"name\":\"La Tribune du Faso\",\"description\":\"L&#039;information du monde rural en un clic\",\"publisher\":{\"@id\":\"https:\\\/\\\/www.latribunedufaso.net\\\/#organization\"},\"potentialAction\":[{\"@type\":\"SearchAction\",\"target\":{\"@type\":\"EntryPoint\",\"urlTemplate\":\"https:\\\/\\\/www.latribunedufaso.net\\\/?s={search_term_string}\"},\"query-input\":{\"@type\":\"PropertyValueSpecification\",\"valueRequired\":true,\"valueName\":\"search_term_string\"}}],\"inLanguage\":\"fr-FR\"},{\"@type\":\"Organization\",\"@id\":\"https:\\\/\\\/www.latribunedufaso.net\\\/#organization\",\"name\":\"La Tribune du Faso\",\"url\":\"https:\\\/\\\/www.latribunedufaso.net\\\/\",\"logo\":{\"@type\":\"ImageObject\",\"inLanguage\":\"fr-FR\",\"@id\":\"https:\\\/\\\/www.latribunedufaso.net\\\/#\\\/schema\\\/logo\\\/image\\\/\",\"url\":\"https:\\\/\\\/www.latribunedufaso.net\\\/wp-content\\\/uploads\\\/2020\\\/08\\\/Logo-Tribune-du-Faso-final-scaled.jpg\",\"contentUrl\":\"https:\\\/\\\/www.latribunedufaso.net\\\/wp-content\\\/uploads\\\/2020\\\/08\\\/Logo-Tribune-du-Faso-final-scaled.jpg\",\"width\":2560,\"height\":1856,\"caption\":\"La Tribune du Faso\"},\"image\":{\"@id\":\"https:\\\/\\\/www.latribunedufaso.net\\\/#\\\/schema\\\/logo\\\/image\\\/\"},\"sameAs\":[\"https:\\\/\\\/www.facebook.com\\\/LatribuneduFaso\\\/\"]},{\"@type\":\"Person\",\"@id\":\"https:\\\/\\\/www.latribunedufaso.net\\\/#\\\/schema\\\/person\\\/e54e64c5778a7e72cf80a318b7a622b0\",\"name\":\"Issouf Tapsoba\",\"image\":{\"@type\":\"ImageObject\",\"inLanguage\":\"fr-FR\",\"@id\":\"https:\\\/\\\/secure.gravatar.com\\\/avatar\\\/5e6c05150ce3230247d167f5b94d678eb05936197436d69b7921e3a95c9107ac?s=96&d=mm&r=g\",\"url\":\"https:\\\/\\\/secure.gravatar.com\\\/avatar\\\/5e6c05150ce3230247d167f5b94d678eb05936197436d69b7921e3a95c9107ac?s=96&d=mm&r=g\",\"contentUrl\":\"https:\\\/\\\/secure.gravatar.com\\\/avatar\\\/5e6c05150ce3230247d167f5b94d678eb05936197436d69b7921e3a95c9107ac?s=96&d=mm&r=g\",\"caption\":\"Issouf Tapsoba\"},\"url\":\"https:\\\/\\\/www.latribunedufaso.net\\\/?author=5\"}]}<\/script>\n<!-- \/ Yoast SEO plugin. -->","yoast_head_json":{"title":"Contr\u00f4le de la qualit\u00e9 des produits : Le ministre du commerce dans les locaux de l\u2019ABNORM - La Tribune du Faso","robots":{"index":"index","follow":"follow","max-snippet":"max-snippet:-1","max-image-preview":"max-image-preview:large","max-video-preview":"max-video-preview:-1"},"canonical":"https:\/\/www.latribunedufaso.net\/?p=13291","og_locale":"fr_FR","og_type":"article","og_title":"Contr\u00f4le de la qualit\u00e9 des produits : Le ministre du commerce dans les locaux de l\u2019ABNORM - La Tribune du Faso","og_description":"Le Burkina Faso dispose d\u2019un laboratoire charg\u00e9 de la v\u00e9rification de la qualit\u00e9 conform\u00e9ment aux normes en vigueur de tous les produits \u00e0 l\u2019importation, \u00e0 l\u2019exportation comme au niveau local. L\u2019Agence burkinab\u00e8 de normalisation, de m\u00e9trologie et de la qualit\u00e9 (ABNORM) est la structure en charge de cette mission. Le ministre du D\u00e9veloppement Industriel, du Commerce, de l\u2019Artisanat et des Petites et Moyennes Entreprises (MDICAPME), Serge Poda, a effectu\u00e9 une visite ce vendredi 10 Mai 2024 dans ses locaux.","og_url":"https:\/\/www.latribunedufaso.net\/?p=13291","og_site_name":"La Tribune du Faso","article_publisher":"https:\/\/www.facebook.com\/LatribuneduFaso\/","article_published_time":"2024-05-11T00:45:04+00:00","og_image":[{"width":1080,"height":809,"url":"https:\/\/www.latribunedufaso.net\/wp-content\/uploads\/2024\/05\/IMG-20240510-WA0141.jpg","type":"image\/jpeg"}],"author":"Issouf Tapsoba","twitter_misc":{"\u00c9crit par":"Issouf Tapsoba","Dur\u00e9e de lecture estim\u00e9e":"3 minutes"},"schema":{"@context":"https:\/\/schema.org","@graph":[{"@type":"Article","@id":"https:\/\/www.latribunedufaso.net\/?p=13291#article","isPartOf":{"@id":"https:\/\/www.latribunedufaso.net\/?p=13291"},"author":{"name":"Issouf Tapsoba","@id":"https:\/\/www.latribunedufaso.net\/#\/schema\/person\/e54e64c5778a7e72cf80a318b7a622b0"},"headline":"Contr\u00f4le de la qualit\u00e9 des produits : Le ministre du commerce dans les locaux de l\u2019ABNORM","datePublished":"2024-05-11T00:45:04+00:00","mainEntityOfPage":{"@id":"https:\/\/www.latribunedufaso.net\/?p=13291"},"wordCount":634,"commentCount":0,"publisher":{"@id":"https:\/\/www.latribunedufaso.net\/#organization"},"image":{"@id":"https:\/\/www.latribunedufaso.net\/?p=13291#primaryimage"},"thumbnailUrl":"https:\/\/www.latribunedufaso.net\/wp-content\/uploads\/2024\/05\/IMG-20240510-WA0141.jpg","articleSection":["A la une","Actualit\u00e9","Soci\u00e9t\u00e9"],"inLanguage":"fr-FR","potentialAction":[{"@type":"CommentAction","name":"Comment","target":["https:\/\/www.latribunedufaso.net\/?p=13291#respond"]}]},{"@type":"WebPage","@id":"https:\/\/www.latribunedufaso.net\/?p=13291","url":"https:\/\/www.latribunedufaso.net\/?p=13291","name":"Contr\u00f4le de la qualit\u00e9 des produits : Le ministre du commerce dans les locaux de l\u2019ABNORM - La Tribune du Faso","isPartOf":{"@id":"https:\/\/www.latribunedufaso.net\/#website"},"primaryImageOfPage":{"@id":"https:\/\/www.latribunedufaso.net\/?p=13291#primaryimage"},"image":{"@id":"https:\/\/www.latribunedufaso.net\/?p=13291#primaryimage"},"thumbnailUrl":"https:\/\/www.latribunedufaso.net\/wp-content\/uploads\/2024\/05\/IMG-20240510-WA0141.jpg","datePublished":"2024-05-11T00:45:04+00:00","breadcrumb":{"@id":"https:\/\/www.latribunedufaso.net\/?p=13291#breadcrumb"},"inLanguage":"fr-FR","potentialAction":[{"@type":"ReadAction","target":["https:\/\/www.latribunedufaso.net\/?p=13291"]}]},{"@type":"ImageObject","inLanguage":"fr-FR","@id":"https:\/\/www.latribunedufaso.net\/?p=13291#primaryimage","url":"https:\/\/www.latribunedufaso.net\/wp-content\/uploads\/2024\/05\/IMG-20240510-WA0141.jpg","contentUrl":"https:\/\/www.latribunedufaso.net\/wp-content\/uploads\/2024\/05\/IMG-20240510-WA0141.jpg","width":1080,"height":809},{"@type":"BreadcrumbList","@id":"https:\/\/www.latribunedufaso.net\/?p=13291#breadcrumb","itemListElement":[{"@type":"ListItem","position":1,"name":"Accueil","item":"https:\/\/www.latribunedufaso.net\/"},{"@type":"ListItem","position":2,"name":"Contr\u00f4le de la qualit\u00e9 des produits : Le ministre du commerce dans les locaux de l\u2019ABNORM"}]},{"@type":"WebSite","@id":"https:\/\/www.latribunedufaso.net\/#website","url":"https:\/\/www.latribunedufaso.net\/","name":"La Tribune du Faso","description":"L&#039;information du monde rural en un clic","publisher":{"@id":"https:\/\/www.latribunedufaso.net\/#organization"},"potentialAction":[{"@type":"SearchAction","target":{"@type":"EntryPoint","urlTemplate":"https:\/\/www.latribunedufaso.net\/?s={search_term_string}"},"query-input":{"@type":"PropertyValueSpecification","valueRequired":true,"valueName":"search_term_string"}}],"inLanguage":"fr-FR"},{"@type":"Organization","@id":"https:\/\/www.latribunedufaso.net\/#organization","name":"La Tribune du Faso","url":"https:\/\/www.latribunedufaso.net\/","logo":{"@type":"ImageObject","inLanguage":"fr-FR","@id":"https:\/\/www.latribunedufaso.net\/#\/schema\/logo\/image\/","url":"https:\/\/www.latribunedufaso.net\/wp-content\/uploads\/2020\/08\/Logo-Tribune-du-Faso-final-scaled.jpg","contentUrl":"https:\/\/www.latribunedufaso.net\/wp-content\/uploads\/2020\/08\/Logo-Tribune-du-Faso-final-scaled.jpg","width":2560,"height":1856,"caption":"La Tribune du Faso"},"image":{"@id":"https:\/\/www.latribunedufaso.net\/#\/schema\/logo\/image\/"},"sameAs":["https:\/\/www.facebook.com\/LatribuneduFaso\/"]},{"@type":"Person","@id":"https:\/\/www.latribunedufaso.net\/#\/schema\/person\/e54e64c5778a7e72cf80a318b7a622b0","name":"Issouf Tapsoba","image":{"@type":"ImageObject","inLanguage":"fr-FR","@id":"https:\/\/secure.gravatar.com\/avatar\/5e6c05150ce3230247d167f5b94d678eb05936197436d69b7921e3a95c9107ac?s=96&d=mm&r=g","url":"https:\/\/secure.gravatar.com\/avatar\/5e6c05150ce3230247d167f5b94d678eb05936197436d69b7921e3a95c9107ac?s=96&d=mm&r=g","contentUrl":"https:\/\/secure.gravatar.com\/avatar\/5e6c05150ce3230247d167f5b94d678eb05936197436d69b7921e3a95c9107ac?s=96&d=mm&r=g","caption":"Issouf Tapsoba"},"url":"https:\/\/www.latribunedufaso.net\/?author=5"}]}},"_links":{"self":[{"href":"https:\/\/www.latribunedufaso.net\/index.php?rest_route=\/wp\/v2\/posts\/13291","targetHints":{"allow":["GET"]}}],"collection":[{"href":"https:\/\/www.latribunedufaso.net\/index.php?rest_route=\/wp\/v2\/posts"}],"about":[{"href":"https:\/\/www.latribunedufaso.net\/index.php?rest_route=\/wp\/v2\/types\/post"}],"author":[{"embeddable":true,"href":"https:\/\/www.latribunedufaso.net\/index.php?rest_route=\/wp\/v2\/users\/5"}],"replies":[{"embeddable":true,"href":"https:\/\/www.latribunedufaso.net\/index.php?rest_route=%2Fwp%2Fv2%2Fcomments&post=13291"}],"version-history":[{"count":1,"href":"https:\/\/www.latribunedufaso.net\/index.php?rest_route=\/wp\/v2\/posts\/13291\/revisions"}],"predecessor-version":[{"id":13297,"href":"https:\/\/www.latribunedufaso.net\/index.php?rest_route=\/wp\/v2\/posts\/13291\/revisions\/13297"}],"wp:featuredmedia":[{"embeddable":true,"href":"https:\/\/www.latribunedufaso.net\/index.php?rest_route=\/wp\/v2\/media\/13293"}],"wp:attachment":[{"href":"https:\/\/www.latribunedufaso.net\/index.php?rest_route=%2Fwp%2Fv2%2Fmedia&parent=13291"}],"wp:term":[{"taxonomy":"category","embeddable":true,"href":"https:\/\/www.latribunedufaso.net\/index.php?rest_route=%2Fwp%2Fv2%2Fcategories&post=13291"},{"taxonomy":"post_tag","embeddable":true,"href":"https:\/\/www.latribunedufaso.net\/index.php?rest_route=%2Fwp%2Fv2%2Ftags&post=13291"}],"curies":[{"name":"wp","href":"https:\/\/api.w.org\/{rel}","templated":true}]}}