{"id":13222,"date":"2024-05-06T14:20:50","date_gmt":"2024-05-06T14:20:50","guid":{"rendered":"https:\/\/www.latribunedufaso.net\/?p=13222"},"modified":"2024-05-06T14:47:19","modified_gmt":"2024-05-06T14:47:19","slug":"affaire-adama-siguire-contre-la-cgt-b-reconnu-coupable-siguire-ecope-12-mois-ferme-et-500-milles-fcfa-damende-le-tout-assorti-de-sursis","status":"publish","type":"post","link":"https:\/\/www.latribunedufaso.net\/?p=13222","title":{"rendered":"Affaire Adama Siguir\u00e9 contre la CGT-B : Reconnu coupable, Siguir\u00e9 \u00e9cope 12 mois d&#8217;emprisonnement et 500 milles FCFA d&rsquo;amende le tout assorti de sursis\u00a0"},"content":{"rendered":"<p><strong style=\"font-size: 1.0625rem;\">Ouvert le lundi 15 janvier dernier au Tribunal de grande instance Ouaga 1, le d\u00e9lib\u00e9r\u00e9 sur l\u2019affaire opposant la Conf\u00e9d\u00e9ration G\u00e9n\u00e9rale des Travailleurs du Burkina (CGT-B) repr\u00e9sent\u00e9e par son Secr\u00e9taire g\u00e9n\u00e9ral, Moussa Diallo, \u00e0 l\u2019\u00e9crivain Adama Siguir\u00e9 est tomb\u00e9 ce lundi 6 mai 2024.\u00a0<\/strong><br \/><!--more--><\/p>\n<p>Reconnu coupable des faits de diffamation et d\u2019injures publiques qui lui \u00e9taient reproch\u00e9s, Adama Siguir\u00e9 \u00e9cope d\u2019 une peine d\u2019emprisonnement de 12 mois et d\u2019une amende de 500 milles FCFA le tout assorti de sursis.\u00a0<\/p>\n<p>Sur le plan civil, le tribunal a re\u00e7u la constitution en partie civile de Moussa Diallo et la CGT-B, l\u2019a d\u00e9clar\u00e9 partiellement fond\u00e9e et condamne Adama Siguir\u00e9 \u00e0 payer 500 milles FCFA \u00e0 chacun d\u2019eux.<\/p>\n<p>De plus, les avocats de la partie civile, c\u2019est-\u00e0-dire ceux de Moussa Diallo ont r\u00e9clam\u00e9 les honoraires qu\u2019ils avaient expos\u00e9s pour sa d\u00e9fense. 2 millions au d\u00e9part, cette somme a \u00e9t\u00e9 revue par le tribunal qui l\u2019a ramen\u00e9 \u00e0 500 milles FCFA.<\/p>\n<p>En conclusion, le tribunal a fix\u00e9 la contrainte judiciaire \u00e0 3 mois \u00e0 Adama Siguir\u00e9 pour le payement des int\u00e9r\u00eats civils.<\/p>\n<p>Apr\u00e8s le d\u00e9lib\u00e9r\u00e9, le tribunal a donn\u00e9 15 jours aux parties pour faire appel en cas d\u2019insatisfaction.\u00a0<\/p>\n<p>Ainsi, \u00e0 la question de savoir s\u2019il compte faire appel, un conseil de Siguir\u00e9 s\u2019exprime.<\/p>\n<p>\u00ab La voie classique pour un justiciable non satisfait d\u2019une d\u00e9cision de justice est la voie de l\u2019appel. Nous ne sommes pas satisfaits parce que nous estimons que les questions de formes que nous avons soulev\u00e9es \u00e9taient du pur droit. M\u00eame apr\u00e8s la mise en d\u00e9lib\u00e9r\u00e9 du dossier, nous avons appris que le monsieur qui avait servi les citations \u00e0 notre client a finalement pr\u00eat\u00e9 serment au TGI Ouaga Il. Donc ce que nous disons est fond\u00e9 et comme nous ne sommes pas d&rsquo;accord avec cette d\u00e9cision sur la forme et le fond . M\u00eame sans avoir vu la motivation du Juge nous pr\u00e9sageons d\u00e9j\u00e0 et naturellement nous allons faire appel contre cette d\u00e9cision \u00bb, a laiss\u00e9 entendre Me Adama Kondombo, conseil de Adama Siguir\u00e9.\u00a0<\/p>\n<p><strong>Nabintou Ouattara\u00a0<\/strong><\/p>\n<p><strong>Latribunedufaso.net\u00a0<\/strong><\/p>\n","protected":false},"excerpt":{"rendered":"<p>Ouvert le lundi 15 janvier dernier au Tribunal de grande instance Ouaga 1, le d\u00e9lib\u00e9r\u00e9 sur l\u2019affaire opposant la Conf\u00e9d\u00e9ration G\u00e9n\u00e9rale des Travailleurs du Burkina (CGT-B) repr\u00e9sent\u00e9e par son Secr\u00e9taire g\u00e9n\u00e9ral, Moussa Diallo, \u00e0 l\u2019\u00e9crivain Adama Siguir\u00e9 est tomb\u00e9 ce lundi 6 mai 2024.\u00a0<\/p>\n","protected":false},"author":5,"featured_media":13224,"comment_status":"open","ping_status":"open","sticky":false,"template":"","format":"standard","meta":{"footnotes":""},"categories":[13,1,8],"tags":[],"class_list":["post-13222","post","type-post","status-publish","format-standard","has-post-thumbnail","hentry","category-une","category-actu","category-societe"],"yoast_head":"<!-- This site is optimized with the Yoast SEO plugin v27.5 - https:\/\/yoast.com\/product\/yoast-seo-wordpress\/ -->\n<title>Affaire Adama Siguir\u00e9 contre la CGT-B : Reconnu coupable, Siguir\u00e9 \u00e9cope 12 mois d&#039;emprisonnement et 500 milles FCFA d&#039;amende le tout assorti de sursis\u00a0 - La Tribune du Faso<\/title>\n<meta name=\"robots\" content=\"index, follow, max-snippet:-1, max-image-preview:large, max-video-preview:-1\" \/>\n<link rel=\"canonical\" href=\"https:\/\/www.latribunedufaso.net\/?p=13222\" \/>\n<meta property=\"og:locale\" content=\"fr_FR\" \/>\n<meta property=\"og:type\" content=\"article\" \/>\n<meta property=\"og:title\" content=\"Affaire Adama Siguir\u00e9 contre la CGT-B : Reconnu coupable, Siguir\u00e9 \u00e9cope 12 mois d&#039;emprisonnement et 500 milles FCFA d&#039;amende le tout assorti de sursis\u00a0 - La Tribune du Faso\" \/>\n<meta property=\"og:description\" content=\"Ouvert le lundi 15 janvier dernier au Tribunal de grande instance Ouaga 1, le d\u00e9lib\u00e9r\u00e9 sur l\u2019affaire opposant la Conf\u00e9d\u00e9ration G\u00e9n\u00e9rale des Travailleurs du Burkina (CGT-B) repr\u00e9sent\u00e9e par son Secr\u00e9taire g\u00e9n\u00e9ral, Moussa Diallo, \u00e0 l\u2019\u00e9crivain Adama Siguir\u00e9 est tomb\u00e9 ce lundi 6 mai 2024.\u00a0\" \/>\n<meta property=\"og:url\" content=\"https:\/\/www.latribunedufaso.net\/?p=13222\" \/>\n<meta property=\"og:site_name\" content=\"La Tribune du Faso\" \/>\n<meta property=\"article:publisher\" content=\"https:\/\/www.facebook.com\/LatribuneduFaso\/\" \/>\n<meta property=\"article:published_time\" content=\"2024-05-06T14:20:50+00:00\" \/>\n<meta property=\"article:modified_time\" content=\"2024-05-06T14:47:19+00:00\" \/>\n<meta property=\"og:image\" content=\"https:\/\/www.latribunedufaso.net\/wp-content\/uploads\/2024\/05\/Palais-de-Justice.jpg\" \/>\n\t<meta property=\"og:image:width\" content=\"749\" \/>\n\t<meta property=\"og:image:height\" content=\"449\" \/>\n\t<meta property=\"og:image:type\" content=\"image\/jpeg\" \/>\n<meta name=\"author\" content=\"Issouf Tapsoba\" \/>\n<meta name=\"twitter:label1\" content=\"\u00c9crit par\" \/>\n\t<meta name=\"twitter:data1\" content=\"Issouf Tapsoba\" \/>\n\t<meta name=\"twitter:label2\" content=\"Dur\u00e9e de lecture estim\u00e9e\" \/>\n\t<meta name=\"twitter:data2\" content=\"2 minutes\" \/>\n<script type=\"application\/ld+json\" class=\"yoast-schema-graph\">{\"@context\":\"https:\\\/\\\/schema.org\",\"@graph\":[{\"@type\":\"Article\",\"@id\":\"https:\\\/\\\/www.latribunedufaso.net\\\/?p=13222#article\",\"isPartOf\":{\"@id\":\"https:\\\/\\\/www.latribunedufaso.net\\\/?p=13222\"},\"author\":{\"name\":\"Issouf Tapsoba\",\"@id\":\"https:\\\/\\\/www.latribunedufaso.net\\\/#\\\/schema\\\/person\\\/e54e64c5778a7e72cf80a318b7a622b0\"},\"headline\":\"Affaire Adama Siguir\u00e9 contre la CGT-B : Reconnu coupable, Siguir\u00e9 \u00e9cope 12 mois d&#8217;emprisonnement et 500 milles FCFA d&rsquo;amende le tout assorti de sursis\u00a0\",\"datePublished\":\"2024-05-06T14:20:50+00:00\",\"dateModified\":\"2024-05-06T14:47:19+00:00\",\"mainEntityOfPage\":{\"@id\":\"https:\\\/\\\/www.latribunedufaso.net\\\/?p=13222\"},\"wordCount\":392,\"commentCount\":0,\"publisher\":{\"@id\":\"https:\\\/\\\/www.latribunedufaso.net\\\/#organization\"},\"image\":{\"@id\":\"https:\\\/\\\/www.latribunedufaso.net\\\/?p=13222#primaryimage\"},\"thumbnailUrl\":\"https:\\\/\\\/www.latribunedufaso.net\\\/wp-content\\\/uploads\\\/2024\\\/05\\\/Palais-de-Justice.jpg\",\"articleSection\":[\"A la une\",\"Actualit\u00e9\",\"Soci\u00e9t\u00e9\"],\"inLanguage\":\"fr-FR\",\"potentialAction\":[{\"@type\":\"CommentAction\",\"name\":\"Comment\",\"target\":[\"https:\\\/\\\/www.latribunedufaso.net\\\/?p=13222#respond\"]}]},{\"@type\":\"WebPage\",\"@id\":\"https:\\\/\\\/www.latribunedufaso.net\\\/?p=13222\",\"url\":\"https:\\\/\\\/www.latribunedufaso.net\\\/?p=13222\",\"name\":\"Affaire Adama Siguir\u00e9 contre la CGT-B : Reconnu coupable, Siguir\u00e9 \u00e9cope 12 mois d'emprisonnement et 500 milles FCFA d'amende le tout assorti de sursis\u00a0 - La Tribune du Faso\",\"isPartOf\":{\"@id\":\"https:\\\/\\\/www.latribunedufaso.net\\\/#website\"},\"primaryImageOfPage\":{\"@id\":\"https:\\\/\\\/www.latribunedufaso.net\\\/?p=13222#primaryimage\"},\"image\":{\"@id\":\"https:\\\/\\\/www.latribunedufaso.net\\\/?p=13222#primaryimage\"},\"thumbnailUrl\":\"https:\\\/\\\/www.latribunedufaso.net\\\/wp-content\\\/uploads\\\/2024\\\/05\\\/Palais-de-Justice.jpg\",\"datePublished\":\"2024-05-06T14:20:50+00:00\",\"dateModified\":\"2024-05-06T14:47:19+00:00\",\"breadcrumb\":{\"@id\":\"https:\\\/\\\/www.latribunedufaso.net\\\/?p=13222#breadcrumb\"},\"inLanguage\":\"fr-FR\",\"potentialAction\":[{\"@type\":\"ReadAction\",\"target\":[\"https:\\\/\\\/www.latribunedufaso.net\\\/?p=13222\"]}]},{\"@type\":\"ImageObject\",\"inLanguage\":\"fr-FR\",\"@id\":\"https:\\\/\\\/www.latribunedufaso.net\\\/?p=13222#primaryimage\",\"url\":\"https:\\\/\\\/www.latribunedufaso.net\\\/wp-content\\\/uploads\\\/2024\\\/05\\\/Palais-de-Justice.jpg\",\"contentUrl\":\"https:\\\/\\\/www.latribunedufaso.net\\\/wp-content\\\/uploads\\\/2024\\\/05\\\/Palais-de-Justice.jpg\",\"width\":749,\"height\":449},{\"@type\":\"BreadcrumbList\",\"@id\":\"https:\\\/\\\/www.latribunedufaso.net\\\/?p=13222#breadcrumb\",\"itemListElement\":[{\"@type\":\"ListItem\",\"position\":1,\"name\":\"Accueil\",\"item\":\"https:\\\/\\\/www.latribunedufaso.net\\\/\"},{\"@type\":\"ListItem\",\"position\":2,\"name\":\"Affaire Adama Siguir\u00e9 contre la CGT-B : Reconnu coupable, Siguir\u00e9 \u00e9cope 12 mois d&#8217;emprisonnement et 500 milles FCFA d&rsquo;amende le tout assorti de sursis\u00a0\"}]},{\"@type\":\"WebSite\",\"@id\":\"https:\\\/\\\/www.latribunedufaso.net\\\/#website\",\"url\":\"https:\\\/\\\/www.latribunedufaso.net\\\/\",\"name\":\"La Tribune du Faso\",\"description\":\"L&#039;information du monde rural en un clic\",\"publisher\":{\"@id\":\"https:\\\/\\\/www.latribunedufaso.net\\\/#organization\"},\"potentialAction\":[{\"@type\":\"SearchAction\",\"target\":{\"@type\":\"EntryPoint\",\"urlTemplate\":\"https:\\\/\\\/www.latribunedufaso.net\\\/?s={search_term_string}\"},\"query-input\":{\"@type\":\"PropertyValueSpecification\",\"valueRequired\":true,\"valueName\":\"search_term_string\"}}],\"inLanguage\":\"fr-FR\"},{\"@type\":\"Organization\",\"@id\":\"https:\\\/\\\/www.latribunedufaso.net\\\/#organization\",\"name\":\"La Tribune du Faso\",\"url\":\"https:\\\/\\\/www.latribunedufaso.net\\\/\",\"logo\":{\"@type\":\"ImageObject\",\"inLanguage\":\"fr-FR\",\"@id\":\"https:\\\/\\\/www.latribunedufaso.net\\\/#\\\/schema\\\/logo\\\/image\\\/\",\"url\":\"https:\\\/\\\/www.latribunedufaso.net\\\/wp-content\\\/uploads\\\/2020\\\/08\\\/Logo-Tribune-du-Faso-final-scaled.jpg\",\"contentUrl\":\"https:\\\/\\\/www.latribunedufaso.net\\\/wp-content\\\/uploads\\\/2020\\\/08\\\/Logo-Tribune-du-Faso-final-scaled.jpg\",\"width\":2560,\"height\":1856,\"caption\":\"La Tribune du Faso\"},\"image\":{\"@id\":\"https:\\\/\\\/www.latribunedufaso.net\\\/#\\\/schema\\\/logo\\\/image\\\/\"},\"sameAs\":[\"https:\\\/\\\/www.facebook.com\\\/LatribuneduFaso\\\/\"]},{\"@type\":\"Person\",\"@id\":\"https:\\\/\\\/www.latribunedufaso.net\\\/#\\\/schema\\\/person\\\/e54e64c5778a7e72cf80a318b7a622b0\",\"name\":\"Issouf Tapsoba\",\"image\":{\"@type\":\"ImageObject\",\"inLanguage\":\"fr-FR\",\"@id\":\"https:\\\/\\\/secure.gravatar.com\\\/avatar\\\/5e6c05150ce3230247d167f5b94d678eb05936197436d69b7921e3a95c9107ac?s=96&d=mm&r=g\",\"url\":\"https:\\\/\\\/secure.gravatar.com\\\/avatar\\\/5e6c05150ce3230247d167f5b94d678eb05936197436d69b7921e3a95c9107ac?s=96&d=mm&r=g\",\"contentUrl\":\"https:\\\/\\\/secure.gravatar.com\\\/avatar\\\/5e6c05150ce3230247d167f5b94d678eb05936197436d69b7921e3a95c9107ac?s=96&d=mm&r=g\",\"caption\":\"Issouf Tapsoba\"},\"url\":\"https:\\\/\\\/www.latribunedufaso.net\\\/?author=5\"}]}<\/script>\n<!-- \/ Yoast SEO plugin. -->","yoast_head_json":{"title":"Affaire Adama Siguir\u00e9 contre la CGT-B : Reconnu coupable, Siguir\u00e9 \u00e9cope 12 mois d'emprisonnement et 500 milles FCFA d'amende le tout assorti de sursis\u00a0 - La Tribune du Faso","robots":{"index":"index","follow":"follow","max-snippet":"max-snippet:-1","max-image-preview":"max-image-preview:large","max-video-preview":"max-video-preview:-1"},"canonical":"https:\/\/www.latribunedufaso.net\/?p=13222","og_locale":"fr_FR","og_type":"article","og_title":"Affaire Adama Siguir\u00e9 contre la CGT-B : Reconnu coupable, Siguir\u00e9 \u00e9cope 12 mois d'emprisonnement et 500 milles FCFA d'amende le tout assorti de sursis\u00a0 - La Tribune du Faso","og_description":"Ouvert le lundi 15 janvier dernier au Tribunal de grande instance Ouaga 1, le d\u00e9lib\u00e9r\u00e9 sur l\u2019affaire opposant la Conf\u00e9d\u00e9ration G\u00e9n\u00e9rale des Travailleurs du Burkina (CGT-B) repr\u00e9sent\u00e9e par son Secr\u00e9taire g\u00e9n\u00e9ral, Moussa Diallo, \u00e0 l\u2019\u00e9crivain Adama Siguir\u00e9 est tomb\u00e9 ce lundi 6 mai 2024.\u00a0","og_url":"https:\/\/www.latribunedufaso.net\/?p=13222","og_site_name":"La Tribune du Faso","article_publisher":"https:\/\/www.facebook.com\/LatribuneduFaso\/","article_published_time":"2024-05-06T14:20:50+00:00","article_modified_time":"2024-05-06T14:47:19+00:00","og_image":[{"width":749,"height":449,"url":"https:\/\/www.latribunedufaso.net\/wp-content\/uploads\/2024\/05\/Palais-de-Justice.jpg","type":"image\/jpeg"}],"author":"Issouf Tapsoba","twitter_misc":{"\u00c9crit par":"Issouf Tapsoba","Dur\u00e9e de lecture estim\u00e9e":"2 minutes"},"schema":{"@context":"https:\/\/schema.org","@graph":[{"@type":"Article","@id":"https:\/\/www.latribunedufaso.net\/?p=13222#article","isPartOf":{"@id":"https:\/\/www.latribunedufaso.net\/?p=13222"},"author":{"name":"Issouf Tapsoba","@id":"https:\/\/www.latribunedufaso.net\/#\/schema\/person\/e54e64c5778a7e72cf80a318b7a622b0"},"headline":"Affaire Adama Siguir\u00e9 contre la CGT-B : Reconnu coupable, Siguir\u00e9 \u00e9cope 12 mois d&#8217;emprisonnement et 500 milles FCFA d&rsquo;amende le tout assorti de sursis\u00a0","datePublished":"2024-05-06T14:20:50+00:00","dateModified":"2024-05-06T14:47:19+00:00","mainEntityOfPage":{"@id":"https:\/\/www.latribunedufaso.net\/?p=13222"},"wordCount":392,"commentCount":0,"publisher":{"@id":"https:\/\/www.latribunedufaso.net\/#organization"},"image":{"@id":"https:\/\/www.latribunedufaso.net\/?p=13222#primaryimage"},"thumbnailUrl":"https:\/\/www.latribunedufaso.net\/wp-content\/uploads\/2024\/05\/Palais-de-Justice.jpg","articleSection":["A la une","Actualit\u00e9","Soci\u00e9t\u00e9"],"inLanguage":"fr-FR","potentialAction":[{"@type":"CommentAction","name":"Comment","target":["https:\/\/www.latribunedufaso.net\/?p=13222#respond"]}]},{"@type":"WebPage","@id":"https:\/\/www.latribunedufaso.net\/?p=13222","url":"https:\/\/www.latribunedufaso.net\/?p=13222","name":"Affaire Adama Siguir\u00e9 contre la CGT-B : Reconnu coupable, Siguir\u00e9 \u00e9cope 12 mois d'emprisonnement et 500 milles FCFA d'amende le tout assorti de sursis\u00a0 - La Tribune du Faso","isPartOf":{"@id":"https:\/\/www.latribunedufaso.net\/#website"},"primaryImageOfPage":{"@id":"https:\/\/www.latribunedufaso.net\/?p=13222#primaryimage"},"image":{"@id":"https:\/\/www.latribunedufaso.net\/?p=13222#primaryimage"},"thumbnailUrl":"https:\/\/www.latribunedufaso.net\/wp-content\/uploads\/2024\/05\/Palais-de-Justice.jpg","datePublished":"2024-05-06T14:20:50+00:00","dateModified":"2024-05-06T14:47:19+00:00","breadcrumb":{"@id":"https:\/\/www.latribunedufaso.net\/?p=13222#breadcrumb"},"inLanguage":"fr-FR","potentialAction":[{"@type":"ReadAction","target":["https:\/\/www.latribunedufaso.net\/?p=13222"]}]},{"@type":"ImageObject","inLanguage":"fr-FR","@id":"https:\/\/www.latribunedufaso.net\/?p=13222#primaryimage","url":"https:\/\/www.latribunedufaso.net\/wp-content\/uploads\/2024\/05\/Palais-de-Justice.jpg","contentUrl":"https:\/\/www.latribunedufaso.net\/wp-content\/uploads\/2024\/05\/Palais-de-Justice.jpg","width":749,"height":449},{"@type":"BreadcrumbList","@id":"https:\/\/www.latribunedufaso.net\/?p=13222#breadcrumb","itemListElement":[{"@type":"ListItem","position":1,"name":"Accueil","item":"https:\/\/www.latribunedufaso.net\/"},{"@type":"ListItem","position":2,"name":"Affaire Adama Siguir\u00e9 contre la CGT-B : Reconnu coupable, Siguir\u00e9 \u00e9cope 12 mois d&#8217;emprisonnement et 500 milles FCFA d&rsquo;amende le tout assorti de sursis\u00a0"}]},{"@type":"WebSite","@id":"https:\/\/www.latribunedufaso.net\/#website","url":"https:\/\/www.latribunedufaso.net\/","name":"La Tribune du Faso","description":"L&#039;information du monde rural en un clic","publisher":{"@id":"https:\/\/www.latribunedufaso.net\/#organization"},"potentialAction":[{"@type":"SearchAction","target":{"@type":"EntryPoint","urlTemplate":"https:\/\/www.latribunedufaso.net\/?s={search_term_string}"},"query-input":{"@type":"PropertyValueSpecification","valueRequired":true,"valueName":"search_term_string"}}],"inLanguage":"fr-FR"},{"@type":"Organization","@id":"https:\/\/www.latribunedufaso.net\/#organization","name":"La Tribune du Faso","url":"https:\/\/www.latribunedufaso.net\/","logo":{"@type":"ImageObject","inLanguage":"fr-FR","@id":"https:\/\/www.latribunedufaso.net\/#\/schema\/logo\/image\/","url":"https:\/\/www.latribunedufaso.net\/wp-content\/uploads\/2020\/08\/Logo-Tribune-du-Faso-final-scaled.jpg","contentUrl":"https:\/\/www.latribunedufaso.net\/wp-content\/uploads\/2020\/08\/Logo-Tribune-du-Faso-final-scaled.jpg","width":2560,"height":1856,"caption":"La Tribune du Faso"},"image":{"@id":"https:\/\/www.latribunedufaso.net\/#\/schema\/logo\/image\/"},"sameAs":["https:\/\/www.facebook.com\/LatribuneduFaso\/"]},{"@type":"Person","@id":"https:\/\/www.latribunedufaso.net\/#\/schema\/person\/e54e64c5778a7e72cf80a318b7a622b0","name":"Issouf Tapsoba","image":{"@type":"ImageObject","inLanguage":"fr-FR","@id":"https:\/\/secure.gravatar.com\/avatar\/5e6c05150ce3230247d167f5b94d678eb05936197436d69b7921e3a95c9107ac?s=96&d=mm&r=g","url":"https:\/\/secure.gravatar.com\/avatar\/5e6c05150ce3230247d167f5b94d678eb05936197436d69b7921e3a95c9107ac?s=96&d=mm&r=g","contentUrl":"https:\/\/secure.gravatar.com\/avatar\/5e6c05150ce3230247d167f5b94d678eb05936197436d69b7921e3a95c9107ac?s=96&d=mm&r=g","caption":"Issouf Tapsoba"},"url":"https:\/\/www.latribunedufaso.net\/?author=5"}]}},"_links":{"self":[{"href":"https:\/\/www.latribunedufaso.net\/index.php?rest_route=\/wp\/v2\/posts\/13222","targetHints":{"allow":["GET"]}}],"collection":[{"href":"https:\/\/www.latribunedufaso.net\/index.php?rest_route=\/wp\/v2\/posts"}],"about":[{"href":"https:\/\/www.latribunedufaso.net\/index.php?rest_route=\/wp\/v2\/types\/post"}],"author":[{"embeddable":true,"href":"https:\/\/www.latribunedufaso.net\/index.php?rest_route=\/wp\/v2\/users\/5"}],"replies":[{"embeddable":true,"href":"https:\/\/www.latribunedufaso.net\/index.php?rest_route=%2Fwp%2Fv2%2Fcomments&post=13222"}],"version-history":[{"count":2,"href":"https:\/\/www.latribunedufaso.net\/index.php?rest_route=\/wp\/v2\/posts\/13222\/revisions"}],"predecessor-version":[{"id":13225,"href":"https:\/\/www.latribunedufaso.net\/index.php?rest_route=\/wp\/v2\/posts\/13222\/revisions\/13225"}],"wp:featuredmedia":[{"embeddable":true,"href":"https:\/\/www.latribunedufaso.net\/index.php?rest_route=\/wp\/v2\/media\/13224"}],"wp:attachment":[{"href":"https:\/\/www.latribunedufaso.net\/index.php?rest_route=%2Fwp%2Fv2%2Fmedia&parent=13222"}],"wp:term":[{"taxonomy":"category","embeddable":true,"href":"https:\/\/www.latribunedufaso.net\/index.php?rest_route=%2Fwp%2Fv2%2Fcategories&post=13222"},{"taxonomy":"post_tag","embeddable":true,"href":"https:\/\/www.latribunedufaso.net\/index.php?rest_route=%2Fwp%2Fv2%2Ftags&post=13222"}],"curies":[{"name":"wp","href":"https:\/\/api.w.org\/{rel}","templated":true}]}}