{"id":13210,"date":"2024-05-04T18:17:59","date_gmt":"2024-05-04T18:17:59","guid":{"rendered":"https:\/\/www.latribunedufaso.net\/?p=13210"},"modified":"2024-05-04T18:50:54","modified_gmt":"2024-05-04T18:50:54","slug":"approvisionnement-du-burkina-en-marchandises-le-cbc-renforce-sa-visibilite-a-la-snc","status":"publish","type":"post","link":"https:\/\/www.latribunedufaso.net\/?p=13210","title":{"rendered":"Approvisionnement du Burkina en marchandises : Le CBC renforce sa visibilit\u00e9 \u00e0 la SNC"},"content":{"rendered":"<p><strong><span style=\"font-size: 1.0625rem;\">A l&rsquo;occasion de la 21e \u00e9dition de la Semaine nationale de la culture (SNC), le Conseil burkinab\u00e8 des chargeurs (CBC) s&rsquo;est mobilis\u00e9 sur le terrain. Objectif, se faire conna\u00eetre et promouvoir ses services. Une \u00e9quipe de Latribunedufaso.net a visit\u00e9 son stand au niveau du site de la foire artisanale et commerciale.\u00a0<\/span><\/strong><br \/><!--more--><\/p>\n<p>Selon le Directeur r\u00e9gional de l&rsquo;Ouest du CBC, Thierry Y\u00e9, la SNC est une opportunit\u00e9 pour renforcer leur visibilit\u00e9. \u00ab Ce que la SNC nous apporte, c&rsquo;est d\u00e9j\u00e0 de la visibilit\u00e9. Cela fait notre deuxi\u00e8me participation. Nous \u00e9tions pr\u00e9sents \u00e0 la 20e \u00e9dition. Nous participons \u00e9galement \u00e0 cette 21e \u00e9dition et nous allons continuer jusqu&rsquo;\u00e0 ce que la population toute enti\u00e8re du Burkina sache ce que c&rsquo;est que le CBC et ce que nous faisons r\u00e9ellement pour les populations \u00bb, a-t-il indiqu\u00e9.<\/p>\n<figure id=\"attachment_13211\" aria-describedby=\"caption-attachment-13211\" style=\"width: 300px\" class=\"wp-caption alignleft\"><a href=\"https:\/\/www.latribunedufaso.net\/wp-content\/uploads\/2024\/05\/IMG_20240502_151550-scaled.jpg\"><img loading=\"lazy\" decoding=\"async\" class=\"size-medium wp-image-13211\" src=\"https:\/\/www.latribunedufaso.net\/wp-content\/uploads\/2024\/05\/IMG_20240502_151550-300x226.jpg\" alt=\"\" width=\"300\" height=\"226\" srcset=\"https:\/\/www.latribunedufaso.net\/wp-content\/uploads\/2024\/05\/IMG_20240502_151550-300x226.jpg 300w, https:\/\/www.latribunedufaso.net\/wp-content\/uploads\/2024\/05\/IMG_20240502_151550-1024x771.jpg 1024w, https:\/\/www.latribunedufaso.net\/wp-content\/uploads\/2024\/05\/IMG_20240502_151550-768x578.jpg 768w, https:\/\/www.latribunedufaso.net\/wp-content\/uploads\/2024\/05\/IMG_20240502_151550-1536x1157.jpg 1536w, https:\/\/www.latribunedufaso.net\/wp-content\/uploads\/2024\/05\/IMG_20240502_151550-2048x1542.jpg 2048w\" sizes=\"auto, (max-width: 300px) 100vw, 300px\" \/><\/a><figcaption id=\"caption-attachment-13211\" class=\"wp-caption-text\">\u00ab Je peux estimer \u00e0 plus de 100 camions par jour que nous accompagnons, tout corridor confondu \u00bb, Thierry Y\u00e9, Directeur r\u00e9gional de l&rsquo;Ouest du CBC<\/figcaption><\/figure>\n<p>Le stand est anim\u00e9 par une \u00e9quipe qui re\u00e7oit les visiteurs pour les renseigner sur la structure. Selon Thierry Y\u00e9, la mission du CBC est de veiller \u00e0 l&rsquo;approvisionnement du Burkina Faso en marchandises et denr\u00e9es diverses dans les meilleures conditions de co\u00fbts, de c\u00e9l\u00e9rit\u00e9 et de s\u00e9curit\u00e9. \u00ab Autrement, il peut \u00eatre d\u00e9crit comme une grande association des chargeurs. Entendez par chargeurs, des op\u00e9rateurs \u00e9conomiques qui sont \u00e0 m\u00eame de faire des op\u00e9rations d&rsquo;importation et d&rsquo;exportation \u00bb, a-t-il poursuivi.\u00a0<\/p>\n<p>Le CBC a des repr\u00e9sentations dans des pays \u00e0 fa\u00e7ade maritime, \u00e0 partir desquels il approvisionne le Burkina Faso. Il s&rsquo;agit notamment du Ghana, de la C\u00f4te d&rsquo;Ivoire, du Togo, du B\u00e9nin etc.<\/p>\n<p><strong>Quel est le r\u00f4le du CBC dans l&rsquo;acheminement des marchandises au Burkina ?<\/strong><\/p>\n<p>\u00ab C&rsquo;est tout un processus. Le r\u00f4le du CBC est d&rsquo;assister les chargeurs, les transporteurs en leur venant en aide pour la facilitation des proc\u00e9dures. Au niveau de la d\u00e9claration, il s&rsquo;agit de faciliter la d\u00e9livrance des documents et leur trouver des camions pour proc\u00e9der au changement. En plus, nous les accompagnons dans la proc\u00e9dure \u00e0 suivre du pays \u00e0 fa\u00e7ade maritime jusqu&rsquo;\u00e0 l&rsquo;entr\u00e9e du Burkina Faso. Je peux estimer \u00e0 plus de 100 camions par jour que nous accompagnons, tout corridor confondu \u00bb, a expliqu\u00e9 Thierry Y\u00e9.<\/p>\n<p>En rappel, le CBC est un \u00c9tablissement public de l&rsquo;Etat \u00e0 caract\u00e8re professionnel cr\u00e9e en 1978. Son si\u00e8ge se trouve \u00e0 Ouagadougou. Il est plac\u00e9 sous la tutelle technique du minist\u00e8re en charge des Transports et celle financi\u00e8re du minist\u00e8re charg\u00e9 des Finances.<\/p>\n<p><strong>Issouf Tapsoba\u00a0<\/strong><\/p>\n<p><strong>Latribunedufaso.net<\/strong><\/p>\n","protected":false},"excerpt":{"rendered":"<p>A l&rsquo;occasion de la 21e \u00e9dition de la Semaine nationale de la culture (SNC), le Conseil burkinab\u00e8 des chargeurs (CBC) s&rsquo;est mobilis\u00e9 sur le terrain. Objectif, se faire conna\u00eetre et promouvoir ses services. Une \u00e9quipe de Latribunedufaso.net a visit\u00e9 son stand au niveau du site de la foire artisanale et commerciale.\u00a0<\/p>\n","protected":false},"author":5,"featured_media":13212,"comment_status":"open","ping_status":"open","sticky":false,"template":"","format":"standard","meta":{"footnotes":""},"categories":[13,1,30],"tags":[],"class_list":["post-13210","post","type-post","status-publish","format-standard","has-post-thumbnail","hentry","category-une","category-actu","category-art-et-culture"],"yoast_head":"<!-- This site is optimized with the Yoast SEO plugin v27.5 - https:\/\/yoast.com\/product\/yoast-seo-wordpress\/ -->\n<title>Approvisionnement du Burkina en marchandises : Le CBC renforce sa visibilit\u00e9 \u00e0 la SNC - La Tribune du Faso<\/title>\n<meta name=\"robots\" content=\"index, follow, max-snippet:-1, max-image-preview:large, max-video-preview:-1\" \/>\n<link rel=\"canonical\" href=\"https:\/\/www.latribunedufaso.net\/?p=13210\" \/>\n<meta property=\"og:locale\" content=\"fr_FR\" \/>\n<meta property=\"og:type\" content=\"article\" \/>\n<meta property=\"og:title\" content=\"Approvisionnement du Burkina en marchandises : Le CBC renforce sa visibilit\u00e9 \u00e0 la SNC - La Tribune du Faso\" \/>\n<meta property=\"og:description\" content=\"A l&rsquo;occasion de la 21e \u00e9dition de la Semaine nationale de la culture (SNC), le Conseil burkinab\u00e8 des chargeurs (CBC) s&rsquo;est mobilis\u00e9 sur le terrain. Objectif, se faire conna\u00eetre et promouvoir ses services. Une \u00e9quipe de Latribunedufaso.net a visit\u00e9 son stand au niveau du site de la foire artisanale et commerciale.\u00a0\" \/>\n<meta property=\"og:url\" content=\"https:\/\/www.latribunedufaso.net\/?p=13210\" \/>\n<meta property=\"og:site_name\" content=\"La Tribune du Faso\" \/>\n<meta property=\"article:publisher\" content=\"https:\/\/www.facebook.com\/LatribuneduFaso\/\" \/>\n<meta property=\"article:published_time\" content=\"2024-05-04T18:17:59+00:00\" \/>\n<meta property=\"article:modified_time\" content=\"2024-05-04T18:50:54+00:00\" \/>\n<meta property=\"og:image\" content=\"https:\/\/www.latribunedufaso.net\/wp-content\/uploads\/2024\/05\/IMG-20240504-WA0051.jpg\" \/>\n\t<meta property=\"og:image:width\" content=\"1020\" \/>\n\t<meta property=\"og:image:height\" content=\"768\" \/>\n\t<meta property=\"og:image:type\" content=\"image\/jpeg\" \/>\n<meta name=\"author\" content=\"Issouf Tapsoba\" \/>\n<meta name=\"twitter:label1\" content=\"\u00c9crit par\" \/>\n\t<meta name=\"twitter:data1\" content=\"Issouf Tapsoba\" \/>\n\t<meta name=\"twitter:label2\" content=\"Dur\u00e9e de lecture estim\u00e9e\" \/>\n\t<meta name=\"twitter:data2\" content=\"2 minutes\" \/>\n<script type=\"application\/ld+json\" class=\"yoast-schema-graph\">{\"@context\":\"https:\\\/\\\/schema.org\",\"@graph\":[{\"@type\":\"Article\",\"@id\":\"https:\\\/\\\/www.latribunedufaso.net\\\/?p=13210#article\",\"isPartOf\":{\"@id\":\"https:\\\/\\\/www.latribunedufaso.net\\\/?p=13210\"},\"author\":{\"name\":\"Issouf Tapsoba\",\"@id\":\"https:\\\/\\\/www.latribunedufaso.net\\\/#\\\/schema\\\/person\\\/e54e64c5778a7e72cf80a318b7a622b0\"},\"headline\":\"Approvisionnement du Burkina en marchandises : Le CBC renforce sa visibilit\u00e9 \u00e0 la SNC\",\"datePublished\":\"2024-05-04T18:17:59+00:00\",\"dateModified\":\"2024-05-04T18:50:54+00:00\",\"mainEntityOfPage\":{\"@id\":\"https:\\\/\\\/www.latribunedufaso.net\\\/?p=13210\"},\"wordCount\":470,\"commentCount\":0,\"publisher\":{\"@id\":\"https:\\\/\\\/www.latribunedufaso.net\\\/#organization\"},\"image\":{\"@id\":\"https:\\\/\\\/www.latribunedufaso.net\\\/?p=13210#primaryimage\"},\"thumbnailUrl\":\"https:\\\/\\\/www.latribunedufaso.net\\\/wp-content\\\/uploads\\\/2024\\\/05\\\/IMG-20240504-WA0051.jpg\",\"articleSection\":[\"A la une\",\"Actualit\u00e9\",\"Art et Culture\"],\"inLanguage\":\"fr-FR\",\"potentialAction\":[{\"@type\":\"CommentAction\",\"name\":\"Comment\",\"target\":[\"https:\\\/\\\/www.latribunedufaso.net\\\/?p=13210#respond\"]}]},{\"@type\":\"WebPage\",\"@id\":\"https:\\\/\\\/www.latribunedufaso.net\\\/?p=13210\",\"url\":\"https:\\\/\\\/www.latribunedufaso.net\\\/?p=13210\",\"name\":\"Approvisionnement du Burkina en marchandises : Le CBC renforce sa visibilit\u00e9 \u00e0 la SNC - La Tribune du Faso\",\"isPartOf\":{\"@id\":\"https:\\\/\\\/www.latribunedufaso.net\\\/#website\"},\"primaryImageOfPage\":{\"@id\":\"https:\\\/\\\/www.latribunedufaso.net\\\/?p=13210#primaryimage\"},\"image\":{\"@id\":\"https:\\\/\\\/www.latribunedufaso.net\\\/?p=13210#primaryimage\"},\"thumbnailUrl\":\"https:\\\/\\\/www.latribunedufaso.net\\\/wp-content\\\/uploads\\\/2024\\\/05\\\/IMG-20240504-WA0051.jpg\",\"datePublished\":\"2024-05-04T18:17:59+00:00\",\"dateModified\":\"2024-05-04T18:50:54+00:00\",\"breadcrumb\":{\"@id\":\"https:\\\/\\\/www.latribunedufaso.net\\\/?p=13210#breadcrumb\"},\"inLanguage\":\"fr-FR\",\"potentialAction\":[{\"@type\":\"ReadAction\",\"target\":[\"https:\\\/\\\/www.latribunedufaso.net\\\/?p=13210\"]}]},{\"@type\":\"ImageObject\",\"inLanguage\":\"fr-FR\",\"@id\":\"https:\\\/\\\/www.latribunedufaso.net\\\/?p=13210#primaryimage\",\"url\":\"https:\\\/\\\/www.latribunedufaso.net\\\/wp-content\\\/uploads\\\/2024\\\/05\\\/IMG-20240504-WA0051.jpg\",\"contentUrl\":\"https:\\\/\\\/www.latribunedufaso.net\\\/wp-content\\\/uploads\\\/2024\\\/05\\\/IMG-20240504-WA0051.jpg\",\"width\":1020,\"height\":768},{\"@type\":\"BreadcrumbList\",\"@id\":\"https:\\\/\\\/www.latribunedufaso.net\\\/?p=13210#breadcrumb\",\"itemListElement\":[{\"@type\":\"ListItem\",\"position\":1,\"name\":\"Accueil\",\"item\":\"https:\\\/\\\/www.latribunedufaso.net\\\/\"},{\"@type\":\"ListItem\",\"position\":2,\"name\":\"Approvisionnement du Burkina en marchandises : Le CBC renforce sa visibilit\u00e9 \u00e0 la SNC\"}]},{\"@type\":\"WebSite\",\"@id\":\"https:\\\/\\\/www.latribunedufaso.net\\\/#website\",\"url\":\"https:\\\/\\\/www.latribunedufaso.net\\\/\",\"name\":\"La Tribune du Faso\",\"description\":\"L&#039;information du monde rural en un clic\",\"publisher\":{\"@id\":\"https:\\\/\\\/www.latribunedufaso.net\\\/#organization\"},\"potentialAction\":[{\"@type\":\"SearchAction\",\"target\":{\"@type\":\"EntryPoint\",\"urlTemplate\":\"https:\\\/\\\/www.latribunedufaso.net\\\/?s={search_term_string}\"},\"query-input\":{\"@type\":\"PropertyValueSpecification\",\"valueRequired\":true,\"valueName\":\"search_term_string\"}}],\"inLanguage\":\"fr-FR\"},{\"@type\":\"Organization\",\"@id\":\"https:\\\/\\\/www.latribunedufaso.net\\\/#organization\",\"name\":\"La Tribune du Faso\",\"url\":\"https:\\\/\\\/www.latribunedufaso.net\\\/\",\"logo\":{\"@type\":\"ImageObject\",\"inLanguage\":\"fr-FR\",\"@id\":\"https:\\\/\\\/www.latribunedufaso.net\\\/#\\\/schema\\\/logo\\\/image\\\/\",\"url\":\"https:\\\/\\\/www.latribunedufaso.net\\\/wp-content\\\/uploads\\\/2020\\\/08\\\/Logo-Tribune-du-Faso-final-scaled.jpg\",\"contentUrl\":\"https:\\\/\\\/www.latribunedufaso.net\\\/wp-content\\\/uploads\\\/2020\\\/08\\\/Logo-Tribune-du-Faso-final-scaled.jpg\",\"width\":2560,\"height\":1856,\"caption\":\"La Tribune du Faso\"},\"image\":{\"@id\":\"https:\\\/\\\/www.latribunedufaso.net\\\/#\\\/schema\\\/logo\\\/image\\\/\"},\"sameAs\":[\"https:\\\/\\\/www.facebook.com\\\/LatribuneduFaso\\\/\"]},{\"@type\":\"Person\",\"@id\":\"https:\\\/\\\/www.latribunedufaso.net\\\/#\\\/schema\\\/person\\\/e54e64c5778a7e72cf80a318b7a622b0\",\"name\":\"Issouf Tapsoba\",\"image\":{\"@type\":\"ImageObject\",\"inLanguage\":\"fr-FR\",\"@id\":\"https:\\\/\\\/secure.gravatar.com\\\/avatar\\\/5e6c05150ce3230247d167f5b94d678eb05936197436d69b7921e3a95c9107ac?s=96&d=mm&r=g\",\"url\":\"https:\\\/\\\/secure.gravatar.com\\\/avatar\\\/5e6c05150ce3230247d167f5b94d678eb05936197436d69b7921e3a95c9107ac?s=96&d=mm&r=g\",\"contentUrl\":\"https:\\\/\\\/secure.gravatar.com\\\/avatar\\\/5e6c05150ce3230247d167f5b94d678eb05936197436d69b7921e3a95c9107ac?s=96&d=mm&r=g\",\"caption\":\"Issouf Tapsoba\"},\"url\":\"https:\\\/\\\/www.latribunedufaso.net\\\/?author=5\"}]}<\/script>\n<!-- \/ Yoast SEO plugin. -->","yoast_head_json":{"title":"Approvisionnement du Burkina en marchandises : Le CBC renforce sa visibilit\u00e9 \u00e0 la SNC - La Tribune du Faso","robots":{"index":"index","follow":"follow","max-snippet":"max-snippet:-1","max-image-preview":"max-image-preview:large","max-video-preview":"max-video-preview:-1"},"canonical":"https:\/\/www.latribunedufaso.net\/?p=13210","og_locale":"fr_FR","og_type":"article","og_title":"Approvisionnement du Burkina en marchandises : Le CBC renforce sa visibilit\u00e9 \u00e0 la SNC - La Tribune du Faso","og_description":"A l&rsquo;occasion de la 21e \u00e9dition de la Semaine nationale de la culture (SNC), le Conseil burkinab\u00e8 des chargeurs (CBC) s&rsquo;est mobilis\u00e9 sur le terrain. Objectif, se faire conna\u00eetre et promouvoir ses services. Une \u00e9quipe de Latribunedufaso.net a visit\u00e9 son stand au niveau du site de la foire artisanale et commerciale.\u00a0","og_url":"https:\/\/www.latribunedufaso.net\/?p=13210","og_site_name":"La Tribune du Faso","article_publisher":"https:\/\/www.facebook.com\/LatribuneduFaso\/","article_published_time":"2024-05-04T18:17:59+00:00","article_modified_time":"2024-05-04T18:50:54+00:00","og_image":[{"width":1020,"height":768,"url":"https:\/\/www.latribunedufaso.net\/wp-content\/uploads\/2024\/05\/IMG-20240504-WA0051.jpg","type":"image\/jpeg"}],"author":"Issouf Tapsoba","twitter_misc":{"\u00c9crit par":"Issouf Tapsoba","Dur\u00e9e de lecture estim\u00e9e":"2 minutes"},"schema":{"@context":"https:\/\/schema.org","@graph":[{"@type":"Article","@id":"https:\/\/www.latribunedufaso.net\/?p=13210#article","isPartOf":{"@id":"https:\/\/www.latribunedufaso.net\/?p=13210"},"author":{"name":"Issouf Tapsoba","@id":"https:\/\/www.latribunedufaso.net\/#\/schema\/person\/e54e64c5778a7e72cf80a318b7a622b0"},"headline":"Approvisionnement du Burkina en marchandises : Le CBC renforce sa visibilit\u00e9 \u00e0 la SNC","datePublished":"2024-05-04T18:17:59+00:00","dateModified":"2024-05-04T18:50:54+00:00","mainEntityOfPage":{"@id":"https:\/\/www.latribunedufaso.net\/?p=13210"},"wordCount":470,"commentCount":0,"publisher":{"@id":"https:\/\/www.latribunedufaso.net\/#organization"},"image":{"@id":"https:\/\/www.latribunedufaso.net\/?p=13210#primaryimage"},"thumbnailUrl":"https:\/\/www.latribunedufaso.net\/wp-content\/uploads\/2024\/05\/IMG-20240504-WA0051.jpg","articleSection":["A la une","Actualit\u00e9","Art et Culture"],"inLanguage":"fr-FR","potentialAction":[{"@type":"CommentAction","name":"Comment","target":["https:\/\/www.latribunedufaso.net\/?p=13210#respond"]}]},{"@type":"WebPage","@id":"https:\/\/www.latribunedufaso.net\/?p=13210","url":"https:\/\/www.latribunedufaso.net\/?p=13210","name":"Approvisionnement du Burkina en marchandises : Le CBC renforce sa visibilit\u00e9 \u00e0 la SNC - La Tribune du Faso","isPartOf":{"@id":"https:\/\/www.latribunedufaso.net\/#website"},"primaryImageOfPage":{"@id":"https:\/\/www.latribunedufaso.net\/?p=13210#primaryimage"},"image":{"@id":"https:\/\/www.latribunedufaso.net\/?p=13210#primaryimage"},"thumbnailUrl":"https:\/\/www.latribunedufaso.net\/wp-content\/uploads\/2024\/05\/IMG-20240504-WA0051.jpg","datePublished":"2024-05-04T18:17:59+00:00","dateModified":"2024-05-04T18:50:54+00:00","breadcrumb":{"@id":"https:\/\/www.latribunedufaso.net\/?p=13210#breadcrumb"},"inLanguage":"fr-FR","potentialAction":[{"@type":"ReadAction","target":["https:\/\/www.latribunedufaso.net\/?p=13210"]}]},{"@type":"ImageObject","inLanguage":"fr-FR","@id":"https:\/\/www.latribunedufaso.net\/?p=13210#primaryimage","url":"https:\/\/www.latribunedufaso.net\/wp-content\/uploads\/2024\/05\/IMG-20240504-WA0051.jpg","contentUrl":"https:\/\/www.latribunedufaso.net\/wp-content\/uploads\/2024\/05\/IMG-20240504-WA0051.jpg","width":1020,"height":768},{"@type":"BreadcrumbList","@id":"https:\/\/www.latribunedufaso.net\/?p=13210#breadcrumb","itemListElement":[{"@type":"ListItem","position":1,"name":"Accueil","item":"https:\/\/www.latribunedufaso.net\/"},{"@type":"ListItem","position":2,"name":"Approvisionnement du Burkina en marchandises : Le CBC renforce sa visibilit\u00e9 \u00e0 la SNC"}]},{"@type":"WebSite","@id":"https:\/\/www.latribunedufaso.net\/#website","url":"https:\/\/www.latribunedufaso.net\/","name":"La Tribune du Faso","description":"L&#039;information du monde rural en un clic","publisher":{"@id":"https:\/\/www.latribunedufaso.net\/#organization"},"potentialAction":[{"@type":"SearchAction","target":{"@type":"EntryPoint","urlTemplate":"https:\/\/www.latribunedufaso.net\/?s={search_term_string}"},"query-input":{"@type":"PropertyValueSpecification","valueRequired":true,"valueName":"search_term_string"}}],"inLanguage":"fr-FR"},{"@type":"Organization","@id":"https:\/\/www.latribunedufaso.net\/#organization","name":"La Tribune du Faso","url":"https:\/\/www.latribunedufaso.net\/","logo":{"@type":"ImageObject","inLanguage":"fr-FR","@id":"https:\/\/www.latribunedufaso.net\/#\/schema\/logo\/image\/","url":"https:\/\/www.latribunedufaso.net\/wp-content\/uploads\/2020\/08\/Logo-Tribune-du-Faso-final-scaled.jpg","contentUrl":"https:\/\/www.latribunedufaso.net\/wp-content\/uploads\/2020\/08\/Logo-Tribune-du-Faso-final-scaled.jpg","width":2560,"height":1856,"caption":"La Tribune du Faso"},"image":{"@id":"https:\/\/www.latribunedufaso.net\/#\/schema\/logo\/image\/"},"sameAs":["https:\/\/www.facebook.com\/LatribuneduFaso\/"]},{"@type":"Person","@id":"https:\/\/www.latribunedufaso.net\/#\/schema\/person\/e54e64c5778a7e72cf80a318b7a622b0","name":"Issouf Tapsoba","image":{"@type":"ImageObject","inLanguage":"fr-FR","@id":"https:\/\/secure.gravatar.com\/avatar\/5e6c05150ce3230247d167f5b94d678eb05936197436d69b7921e3a95c9107ac?s=96&d=mm&r=g","url":"https:\/\/secure.gravatar.com\/avatar\/5e6c05150ce3230247d167f5b94d678eb05936197436d69b7921e3a95c9107ac?s=96&d=mm&r=g","contentUrl":"https:\/\/secure.gravatar.com\/avatar\/5e6c05150ce3230247d167f5b94d678eb05936197436d69b7921e3a95c9107ac?s=96&d=mm&r=g","caption":"Issouf Tapsoba"},"url":"https:\/\/www.latribunedufaso.net\/?author=5"}]}},"_links":{"self":[{"href":"https:\/\/www.latribunedufaso.net\/index.php?rest_route=\/wp\/v2\/posts\/13210","targetHints":{"allow":["GET"]}}],"collection":[{"href":"https:\/\/www.latribunedufaso.net\/index.php?rest_route=\/wp\/v2\/posts"}],"about":[{"href":"https:\/\/www.latribunedufaso.net\/index.php?rest_route=\/wp\/v2\/types\/post"}],"author":[{"embeddable":true,"href":"https:\/\/www.latribunedufaso.net\/index.php?rest_route=\/wp\/v2\/users\/5"}],"replies":[{"embeddable":true,"href":"https:\/\/www.latribunedufaso.net\/index.php?rest_route=%2Fwp%2Fv2%2Fcomments&post=13210"}],"version-history":[{"count":2,"href":"https:\/\/www.latribunedufaso.net\/index.php?rest_route=\/wp\/v2\/posts\/13210\/revisions"}],"predecessor-version":[{"id":13214,"href":"https:\/\/www.latribunedufaso.net\/index.php?rest_route=\/wp\/v2\/posts\/13210\/revisions\/13214"}],"wp:featuredmedia":[{"embeddable":true,"href":"https:\/\/www.latribunedufaso.net\/index.php?rest_route=\/wp\/v2\/media\/13212"}],"wp:attachment":[{"href":"https:\/\/www.latribunedufaso.net\/index.php?rest_route=%2Fwp%2Fv2%2Fmedia&parent=13210"}],"wp:term":[{"taxonomy":"category","embeddable":true,"href":"https:\/\/www.latribunedufaso.net\/index.php?rest_route=%2Fwp%2Fv2%2Fcategories&post=13210"},{"taxonomy":"post_tag","embeddable":true,"href":"https:\/\/www.latribunedufaso.net\/index.php?rest_route=%2Fwp%2Fv2%2Ftags&post=13210"}],"curies":[{"name":"wp","href":"https:\/\/api.w.org\/{rel}","templated":true}]}}