{"id":13145,"date":"2024-05-01T12:42:14","date_gmt":"2024-05-01T12:42:14","guid":{"rendered":"https:\/\/www.latribunedufaso.net\/?p=13145"},"modified":"2024-05-01T13:32:28","modified_gmt":"2024-05-01T13:32:28","slug":"snc-bobo-2024-marche-des-arts-dramane-traore-presente-son-oeuvre-resilience","status":"publish","type":"post","link":"https:\/\/www.latribunedufaso.net\/?p=13145","title":{"rendered":"SNC Bobo 2024\/March\u00e9 des arts : Dramane Traor\u00e9 pr\u00e9sente son \u0153uvre \u00ab R\u00e9silience \u00bb"},"content":{"rendered":"<p><strong><span style=\"font-size: 1.0625rem;\">A l&rsquo;occasion de la 21e \u00e9dition de la Semaine nationale de la culture (SNC), la Maison de la Culture Mgr Anselme Titianma Sanon de Bobo-Dioulasso abrite le March\u00e9 des arts. C&rsquo;est une activit\u00e9 qui fait la promotion des arts plastiques. Dramane Traor\u00e9 est un artiste peintre Burkinab\u00e8. Il est venu exposer son \u0153uvre intitul\u00e9e \u00ab R\u00e9silience \u00bb. Il nous parle de son m\u00e9tier, la signification de son \u0153uvre et la source de son inspiration.\u00a0<\/span><\/strong><br \/><!--more--><\/p>\n<p>\u00ab Sur ce tableau, je parle de la r\u00e9silience. C&rsquo;est ce que repr\u00e9sentent les petits traits, les couleurs et les t\u00eates des oiseaux. Les diff\u00e9rents visages quant \u00e0 eux, montrent la tradition africaine au Burkina Faso. Qui parle de tradition, parle de culture. Nous sommes ici pour c\u00e9l\u00e9brer la culture burkinab\u00e8, donc on ne peut pas oublier la tradition \u00bb, a-t-il expliqu\u00e9 avant d&rsquo;ajouter que l&rsquo;\u0153uvre est vendue au prix de 150 000 FCFA.<\/p>\n<p>Dramane Traor\u00e9 est membre de l&rsquo;Association arts Burkina qui est install\u00e9e dans le quartier Lafiabougou de Bobo-Dioulasso. Il est passionn\u00e9 de peinture. \u00ab J&rsquo;ai commenc\u00e9 autodidacte. Mais par la suite, pour me perfectionner, je me suis fait form\u00e9. Je trouve mon inspiration dans ce que je vois dans la rue, les douleurs que j&rsquo;ai ressenties depuis mon enfance, les tares sociales etc. \u00bb, a-t-il confi\u00e9.<\/p>\n<figure id=\"attachment_13147\" aria-describedby=\"caption-attachment-13147\" style=\"width: 300px\" class=\"wp-caption alignleft\"><a href=\"https:\/\/www.latribunedufaso.net\/wp-content\/uploads\/2024\/05\/IMG_20240430_130140-scaled.jpg\"><img loading=\"lazy\" decoding=\"async\" class=\"size-medium wp-image-13147\" src=\"https:\/\/www.latribunedufaso.net\/wp-content\/uploads\/2024\/05\/IMG_20240430_130140-300x226.jpg\" alt=\"\" width=\"300\" height=\"226\" srcset=\"https:\/\/www.latribunedufaso.net\/wp-content\/uploads\/2024\/05\/IMG_20240430_130140-300x226.jpg 300w, https:\/\/www.latribunedufaso.net\/wp-content\/uploads\/2024\/05\/IMG_20240430_130140-1024x771.jpg 1024w, https:\/\/www.latribunedufaso.net\/wp-content\/uploads\/2024\/05\/IMG_20240430_130140-768x578.jpg 768w, https:\/\/www.latribunedufaso.net\/wp-content\/uploads\/2024\/05\/IMG_20240430_130140-1536x1157.jpg 1536w, https:\/\/www.latribunedufaso.net\/wp-content\/uploads\/2024\/05\/IMG_20240430_130140-2048x1542.jpg 2048w\" sizes=\"auto, (max-width: 300px) 100vw, 300px\" \/><\/a><figcaption id=\"caption-attachment-13147\" class=\"wp-caption-text\">\u00ab Sur ce tableau, je parle de la r\u00e9silience. C&rsquo;est ce que repr\u00e9sentent les petits traits, les couleurs et les t\u00eates des oiseaux \u00bb, Dramane Traor\u00e9, artiste peintre<\/figcaption><\/figure>\n<p>A l&rsquo;\u00e9couter, la peinture nourrit son homme. Mais au Burkina Faso, il ne faut pas se contenter de la peinture artistique car beaucoup de burkinab\u00e8 ne s&rsquo;y int\u00e9ressent pas. C&rsquo;est pour cela qu&rsquo;il a ajout\u00e9 des cordes \u00e0 son arc comme la peinture d\u00e9corative. \u00ab La peinture nourrit son homme, mais \u00e7a d\u00e9pend. Moi par exemple, je touche \u00e0 tout, les \u0153uvres d&rsquo;art, la calligraphie, la peinture b\u00e2timent. Sinon , si tu te contente de la peinture artistique seulement, \u00e7a ne marche pas au Burkina Faso \u00bb, a-t-il indiqu\u00e9.<\/p>\n<p>Gr\u00e2ce \u00e0 la peinture, Dramane Traor\u00e9 a d\u00e9j\u00e0 effectu\u00e9 des voyages. En 2022, il a \u00e9t\u00e9 au Maroc \u00e0 l&rsquo;occasion d&rsquo;une exposition. Aussi, a-t-il d\u00e9j\u00e0 repr\u00e9sent\u00e9 le Burkina Faso en 2023 \u00e0 Kinshasa aux Jeux de la Francophonie dans la cat\u00e9gorie peinture. Par ailleurs, notons que dans le cadre de la SNC, Dramane Traor\u00e9 participe \u00e9galement \u00e0 la comp\u00e9tition d&rsquo;art plastique o\u00f9 il est en finale.<\/p>\n<p><strong>Issouf Tapsoba\u00a0<\/strong><\/p>\n<p><strong>Latribunedufaso.net<a href=\"https:\/\/www.latribunedufaso.net\/wp-content\/uploads\/2024\/05\/IMG_20240430_130958-scaled.jpg\"><img loading=\"lazy\" decoding=\"async\" class=\"size-medium wp-image-13148 alignleft\" src=\"https:\/\/www.latribunedufaso.net\/wp-content\/uploads\/2024\/05\/IMG_20240430_130958-300x226.jpg\" alt=\"\" width=\"300\" height=\"226\" srcset=\"https:\/\/www.latribunedufaso.net\/wp-content\/uploads\/2024\/05\/IMG_20240430_130958-300x226.jpg 300w, https:\/\/www.latribunedufaso.net\/wp-content\/uploads\/2024\/05\/IMG_20240430_130958-1024x771.jpg 1024w, https:\/\/www.latribunedufaso.net\/wp-content\/uploads\/2024\/05\/IMG_20240430_130958-768x578.jpg 768w, https:\/\/www.latribunedufaso.net\/wp-content\/uploads\/2024\/05\/IMG_20240430_130958-1536x1157.jpg 1536w, https:\/\/www.latribunedufaso.net\/wp-content\/uploads\/2024\/05\/IMG_20240430_130958-2048x1542.jpg 2048w\" sizes=\"auto, (max-width: 300px) 100vw, 300px\" \/><\/a><\/strong><\/p>\n","protected":false},"excerpt":{"rendered":"<p>A l&rsquo;occasion de la 21e \u00e9dition de la Semaine nationale de la culture (SNC), la Maison de la Culture Mgr Anselme Titianma Sanon de Bobo-Dioulasso abrite le March\u00e9 des arts. C&rsquo;est une activit\u00e9 qui fait la promotion des arts plastiques. Dramane Traor\u00e9 est un artiste peintre Burkinab\u00e8. Il est venu exposer son \u0153uvre intitul\u00e9e \u00ab R\u00e9silience \u00bb. Il nous parle de son m\u00e9tier, la signification de son \u0153uvre et la source de son inspiration.\u00a0<\/p>\n","protected":false},"author":5,"featured_media":13146,"comment_status":"open","ping_status":"open","sticky":false,"template":"","format":"standard","meta":{"footnotes":""},"categories":[13,1,30],"tags":[],"class_list":["post-13145","post","type-post","status-publish","format-standard","has-post-thumbnail","hentry","category-une","category-actu","category-art-et-culture"],"yoast_head":"<!-- This site is optimized with the Yoast SEO plugin v27.5 - https:\/\/yoast.com\/product\/yoast-seo-wordpress\/ -->\n<title>SNC Bobo 2024\/March\u00e9 des arts : Dramane Traor\u00e9 pr\u00e9sente son \u0153uvre \u00ab R\u00e9silience \u00bb - La Tribune du Faso<\/title>\n<meta name=\"robots\" content=\"index, follow, max-snippet:-1, max-image-preview:large, max-video-preview:-1\" \/>\n<link rel=\"canonical\" href=\"https:\/\/www.latribunedufaso.net\/?p=13145\" \/>\n<meta property=\"og:locale\" content=\"fr_FR\" \/>\n<meta property=\"og:type\" content=\"article\" \/>\n<meta property=\"og:title\" content=\"SNC Bobo 2024\/March\u00e9 des arts : Dramane Traor\u00e9 pr\u00e9sente son \u0153uvre \u00ab R\u00e9silience \u00bb - La Tribune du Faso\" \/>\n<meta property=\"og:description\" content=\"A l&rsquo;occasion de la 21e \u00e9dition de la Semaine nationale de la culture (SNC), la Maison de la Culture Mgr Anselme Titianma Sanon de Bobo-Dioulasso abrite le March\u00e9 des arts. C&rsquo;est une activit\u00e9 qui fait la promotion des arts plastiques. Dramane Traor\u00e9 est un artiste peintre Burkinab\u00e8. Il est venu exposer son \u0153uvre intitul\u00e9e \u00ab R\u00e9silience \u00bb. Il nous parle de son m\u00e9tier, la signification de son \u0153uvre et la source de son inspiration.\u00a0\" \/>\n<meta property=\"og:url\" content=\"https:\/\/www.latribunedufaso.net\/?p=13145\" \/>\n<meta property=\"og:site_name\" content=\"La Tribune du Faso\" \/>\n<meta property=\"article:publisher\" content=\"https:\/\/www.facebook.com\/LatribuneduFaso\/\" \/>\n<meta property=\"article:published_time\" content=\"2024-05-01T12:42:14+00:00\" \/>\n<meta property=\"article:modified_time\" content=\"2024-05-01T13:32:28+00:00\" \/>\n<meta property=\"og:image\" content=\"https:\/\/www.latribunedufaso.net\/wp-content\/uploads\/2024\/05\/IMG_20240430_130136-scaled.jpg\" \/>\n\t<meta property=\"og:image:width\" content=\"2560\" \/>\n\t<meta property=\"og:image:height\" content=\"1928\" \/>\n\t<meta property=\"og:image:type\" content=\"image\/jpeg\" \/>\n<meta name=\"author\" content=\"Issouf Tapsoba\" \/>\n<meta name=\"twitter:label1\" content=\"\u00c9crit par\" \/>\n\t<meta name=\"twitter:data1\" content=\"Issouf Tapsoba\" \/>\n\t<meta name=\"twitter:label2\" content=\"Dur\u00e9e de lecture estim\u00e9e\" \/>\n\t<meta name=\"twitter:data2\" content=\"2 minutes\" \/>\n<script type=\"application\/ld+json\" class=\"yoast-schema-graph\">{\"@context\":\"https:\\\/\\\/schema.org\",\"@graph\":[{\"@type\":\"Article\",\"@id\":\"https:\\\/\\\/www.latribunedufaso.net\\\/?p=13145#article\",\"isPartOf\":{\"@id\":\"https:\\\/\\\/www.latribunedufaso.net\\\/?p=13145\"},\"author\":{\"name\":\"Issouf Tapsoba\",\"@id\":\"https:\\\/\\\/www.latribunedufaso.net\\\/#\\\/schema\\\/person\\\/e54e64c5778a7e72cf80a318b7a622b0\"},\"headline\":\"SNC Bobo 2024\\\/March\u00e9 des arts : Dramane Traor\u00e9 pr\u00e9sente son \u0153uvre \u00ab R\u00e9silience \u00bb\",\"datePublished\":\"2024-05-01T12:42:14+00:00\",\"dateModified\":\"2024-05-01T13:32:28+00:00\",\"mainEntityOfPage\":{\"@id\":\"https:\\\/\\\/www.latribunedufaso.net\\\/?p=13145\"},\"wordCount\":438,\"commentCount\":0,\"publisher\":{\"@id\":\"https:\\\/\\\/www.latribunedufaso.net\\\/#organization\"},\"image\":{\"@id\":\"https:\\\/\\\/www.latribunedufaso.net\\\/?p=13145#primaryimage\"},\"thumbnailUrl\":\"https:\\\/\\\/www.latribunedufaso.net\\\/wp-content\\\/uploads\\\/2024\\\/05\\\/IMG_20240430_130136-scaled.jpg\",\"articleSection\":[\"A la une\",\"Actualit\u00e9\",\"Art et Culture\"],\"inLanguage\":\"fr-FR\",\"potentialAction\":[{\"@type\":\"CommentAction\",\"name\":\"Comment\",\"target\":[\"https:\\\/\\\/www.latribunedufaso.net\\\/?p=13145#respond\"]}]},{\"@type\":\"WebPage\",\"@id\":\"https:\\\/\\\/www.latribunedufaso.net\\\/?p=13145\",\"url\":\"https:\\\/\\\/www.latribunedufaso.net\\\/?p=13145\",\"name\":\"SNC Bobo 2024\\\/March\u00e9 des arts : Dramane Traor\u00e9 pr\u00e9sente son \u0153uvre \u00ab R\u00e9silience \u00bb - La Tribune du Faso\",\"isPartOf\":{\"@id\":\"https:\\\/\\\/www.latribunedufaso.net\\\/#website\"},\"primaryImageOfPage\":{\"@id\":\"https:\\\/\\\/www.latribunedufaso.net\\\/?p=13145#primaryimage\"},\"image\":{\"@id\":\"https:\\\/\\\/www.latribunedufaso.net\\\/?p=13145#primaryimage\"},\"thumbnailUrl\":\"https:\\\/\\\/www.latribunedufaso.net\\\/wp-content\\\/uploads\\\/2024\\\/05\\\/IMG_20240430_130136-scaled.jpg\",\"datePublished\":\"2024-05-01T12:42:14+00:00\",\"dateModified\":\"2024-05-01T13:32:28+00:00\",\"breadcrumb\":{\"@id\":\"https:\\\/\\\/www.latribunedufaso.net\\\/?p=13145#breadcrumb\"},\"inLanguage\":\"fr-FR\",\"potentialAction\":[{\"@type\":\"ReadAction\",\"target\":[\"https:\\\/\\\/www.latribunedufaso.net\\\/?p=13145\"]}]},{\"@type\":\"ImageObject\",\"inLanguage\":\"fr-FR\",\"@id\":\"https:\\\/\\\/www.latribunedufaso.net\\\/?p=13145#primaryimage\",\"url\":\"https:\\\/\\\/www.latribunedufaso.net\\\/wp-content\\\/uploads\\\/2024\\\/05\\\/IMG_20240430_130136-scaled.jpg\",\"contentUrl\":\"https:\\\/\\\/www.latribunedufaso.net\\\/wp-content\\\/uploads\\\/2024\\\/05\\\/IMG_20240430_130136-scaled.jpg\",\"width\":2560,\"height\":1928},{\"@type\":\"BreadcrumbList\",\"@id\":\"https:\\\/\\\/www.latribunedufaso.net\\\/?p=13145#breadcrumb\",\"itemListElement\":[{\"@type\":\"ListItem\",\"position\":1,\"name\":\"Accueil\",\"item\":\"https:\\\/\\\/www.latribunedufaso.net\\\/\"},{\"@type\":\"ListItem\",\"position\":2,\"name\":\"SNC Bobo 2024\\\/March\u00e9 des arts : Dramane Traor\u00e9 pr\u00e9sente son \u0153uvre \u00ab R\u00e9silience \u00bb\"}]},{\"@type\":\"WebSite\",\"@id\":\"https:\\\/\\\/www.latribunedufaso.net\\\/#website\",\"url\":\"https:\\\/\\\/www.latribunedufaso.net\\\/\",\"name\":\"La Tribune du Faso\",\"description\":\"L&#039;information du monde rural en un clic\",\"publisher\":{\"@id\":\"https:\\\/\\\/www.latribunedufaso.net\\\/#organization\"},\"potentialAction\":[{\"@type\":\"SearchAction\",\"target\":{\"@type\":\"EntryPoint\",\"urlTemplate\":\"https:\\\/\\\/www.latribunedufaso.net\\\/?s={search_term_string}\"},\"query-input\":{\"@type\":\"PropertyValueSpecification\",\"valueRequired\":true,\"valueName\":\"search_term_string\"}}],\"inLanguage\":\"fr-FR\"},{\"@type\":\"Organization\",\"@id\":\"https:\\\/\\\/www.latribunedufaso.net\\\/#organization\",\"name\":\"La Tribune du Faso\",\"url\":\"https:\\\/\\\/www.latribunedufaso.net\\\/\",\"logo\":{\"@type\":\"ImageObject\",\"inLanguage\":\"fr-FR\",\"@id\":\"https:\\\/\\\/www.latribunedufaso.net\\\/#\\\/schema\\\/logo\\\/image\\\/\",\"url\":\"https:\\\/\\\/www.latribunedufaso.net\\\/wp-content\\\/uploads\\\/2020\\\/08\\\/Logo-Tribune-du-Faso-final-scaled.jpg\",\"contentUrl\":\"https:\\\/\\\/www.latribunedufaso.net\\\/wp-content\\\/uploads\\\/2020\\\/08\\\/Logo-Tribune-du-Faso-final-scaled.jpg\",\"width\":2560,\"height\":1856,\"caption\":\"La Tribune du Faso\"},\"image\":{\"@id\":\"https:\\\/\\\/www.latribunedufaso.net\\\/#\\\/schema\\\/logo\\\/image\\\/\"},\"sameAs\":[\"https:\\\/\\\/www.facebook.com\\\/LatribuneduFaso\\\/\"]},{\"@type\":\"Person\",\"@id\":\"https:\\\/\\\/www.latribunedufaso.net\\\/#\\\/schema\\\/person\\\/e54e64c5778a7e72cf80a318b7a622b0\",\"name\":\"Issouf Tapsoba\",\"image\":{\"@type\":\"ImageObject\",\"inLanguage\":\"fr-FR\",\"@id\":\"https:\\\/\\\/secure.gravatar.com\\\/avatar\\\/5e6c05150ce3230247d167f5b94d678eb05936197436d69b7921e3a95c9107ac?s=96&d=mm&r=g\",\"url\":\"https:\\\/\\\/secure.gravatar.com\\\/avatar\\\/5e6c05150ce3230247d167f5b94d678eb05936197436d69b7921e3a95c9107ac?s=96&d=mm&r=g\",\"contentUrl\":\"https:\\\/\\\/secure.gravatar.com\\\/avatar\\\/5e6c05150ce3230247d167f5b94d678eb05936197436d69b7921e3a95c9107ac?s=96&d=mm&r=g\",\"caption\":\"Issouf Tapsoba\"},\"url\":\"https:\\\/\\\/www.latribunedufaso.net\\\/?author=5\"}]}<\/script>\n<!-- \/ Yoast SEO plugin. -->","yoast_head_json":{"title":"SNC Bobo 2024\/March\u00e9 des arts : Dramane Traor\u00e9 pr\u00e9sente son \u0153uvre \u00ab R\u00e9silience \u00bb - La Tribune du Faso","robots":{"index":"index","follow":"follow","max-snippet":"max-snippet:-1","max-image-preview":"max-image-preview:large","max-video-preview":"max-video-preview:-1"},"canonical":"https:\/\/www.latribunedufaso.net\/?p=13145","og_locale":"fr_FR","og_type":"article","og_title":"SNC Bobo 2024\/March\u00e9 des arts : Dramane Traor\u00e9 pr\u00e9sente son \u0153uvre \u00ab R\u00e9silience \u00bb - La Tribune du Faso","og_description":"A l&rsquo;occasion de la 21e \u00e9dition de la Semaine nationale de la culture (SNC), la Maison de la Culture Mgr Anselme Titianma Sanon de Bobo-Dioulasso abrite le March\u00e9 des arts. C&rsquo;est une activit\u00e9 qui fait la promotion des arts plastiques. Dramane Traor\u00e9 est un artiste peintre Burkinab\u00e8. Il est venu exposer son \u0153uvre intitul\u00e9e \u00ab R\u00e9silience \u00bb. Il nous parle de son m\u00e9tier, la signification de son \u0153uvre et la source de son inspiration.\u00a0","og_url":"https:\/\/www.latribunedufaso.net\/?p=13145","og_site_name":"La Tribune du Faso","article_publisher":"https:\/\/www.facebook.com\/LatribuneduFaso\/","article_published_time":"2024-05-01T12:42:14+00:00","article_modified_time":"2024-05-01T13:32:28+00:00","og_image":[{"width":2560,"height":1928,"url":"https:\/\/www.latribunedufaso.net\/wp-content\/uploads\/2024\/05\/IMG_20240430_130136-scaled.jpg","type":"image\/jpeg"}],"author":"Issouf Tapsoba","twitter_misc":{"\u00c9crit par":"Issouf Tapsoba","Dur\u00e9e de lecture estim\u00e9e":"2 minutes"},"schema":{"@context":"https:\/\/schema.org","@graph":[{"@type":"Article","@id":"https:\/\/www.latribunedufaso.net\/?p=13145#article","isPartOf":{"@id":"https:\/\/www.latribunedufaso.net\/?p=13145"},"author":{"name":"Issouf Tapsoba","@id":"https:\/\/www.latribunedufaso.net\/#\/schema\/person\/e54e64c5778a7e72cf80a318b7a622b0"},"headline":"SNC Bobo 2024\/March\u00e9 des arts : Dramane Traor\u00e9 pr\u00e9sente son \u0153uvre \u00ab R\u00e9silience \u00bb","datePublished":"2024-05-01T12:42:14+00:00","dateModified":"2024-05-01T13:32:28+00:00","mainEntityOfPage":{"@id":"https:\/\/www.latribunedufaso.net\/?p=13145"},"wordCount":438,"commentCount":0,"publisher":{"@id":"https:\/\/www.latribunedufaso.net\/#organization"},"image":{"@id":"https:\/\/www.latribunedufaso.net\/?p=13145#primaryimage"},"thumbnailUrl":"https:\/\/www.latribunedufaso.net\/wp-content\/uploads\/2024\/05\/IMG_20240430_130136-scaled.jpg","articleSection":["A la une","Actualit\u00e9","Art et Culture"],"inLanguage":"fr-FR","potentialAction":[{"@type":"CommentAction","name":"Comment","target":["https:\/\/www.latribunedufaso.net\/?p=13145#respond"]}]},{"@type":"WebPage","@id":"https:\/\/www.latribunedufaso.net\/?p=13145","url":"https:\/\/www.latribunedufaso.net\/?p=13145","name":"SNC Bobo 2024\/March\u00e9 des arts : Dramane Traor\u00e9 pr\u00e9sente son \u0153uvre \u00ab R\u00e9silience \u00bb - La Tribune du Faso","isPartOf":{"@id":"https:\/\/www.latribunedufaso.net\/#website"},"primaryImageOfPage":{"@id":"https:\/\/www.latribunedufaso.net\/?p=13145#primaryimage"},"image":{"@id":"https:\/\/www.latribunedufaso.net\/?p=13145#primaryimage"},"thumbnailUrl":"https:\/\/www.latribunedufaso.net\/wp-content\/uploads\/2024\/05\/IMG_20240430_130136-scaled.jpg","datePublished":"2024-05-01T12:42:14+00:00","dateModified":"2024-05-01T13:32:28+00:00","breadcrumb":{"@id":"https:\/\/www.latribunedufaso.net\/?p=13145#breadcrumb"},"inLanguage":"fr-FR","potentialAction":[{"@type":"ReadAction","target":["https:\/\/www.latribunedufaso.net\/?p=13145"]}]},{"@type":"ImageObject","inLanguage":"fr-FR","@id":"https:\/\/www.latribunedufaso.net\/?p=13145#primaryimage","url":"https:\/\/www.latribunedufaso.net\/wp-content\/uploads\/2024\/05\/IMG_20240430_130136-scaled.jpg","contentUrl":"https:\/\/www.latribunedufaso.net\/wp-content\/uploads\/2024\/05\/IMG_20240430_130136-scaled.jpg","width":2560,"height":1928},{"@type":"BreadcrumbList","@id":"https:\/\/www.latribunedufaso.net\/?p=13145#breadcrumb","itemListElement":[{"@type":"ListItem","position":1,"name":"Accueil","item":"https:\/\/www.latribunedufaso.net\/"},{"@type":"ListItem","position":2,"name":"SNC Bobo 2024\/March\u00e9 des arts : Dramane Traor\u00e9 pr\u00e9sente son \u0153uvre \u00ab R\u00e9silience \u00bb"}]},{"@type":"WebSite","@id":"https:\/\/www.latribunedufaso.net\/#website","url":"https:\/\/www.latribunedufaso.net\/","name":"La Tribune du Faso","description":"L&#039;information du monde rural en un clic","publisher":{"@id":"https:\/\/www.latribunedufaso.net\/#organization"},"potentialAction":[{"@type":"SearchAction","target":{"@type":"EntryPoint","urlTemplate":"https:\/\/www.latribunedufaso.net\/?s={search_term_string}"},"query-input":{"@type":"PropertyValueSpecification","valueRequired":true,"valueName":"search_term_string"}}],"inLanguage":"fr-FR"},{"@type":"Organization","@id":"https:\/\/www.latribunedufaso.net\/#organization","name":"La Tribune du Faso","url":"https:\/\/www.latribunedufaso.net\/","logo":{"@type":"ImageObject","inLanguage":"fr-FR","@id":"https:\/\/www.latribunedufaso.net\/#\/schema\/logo\/image\/","url":"https:\/\/www.latribunedufaso.net\/wp-content\/uploads\/2020\/08\/Logo-Tribune-du-Faso-final-scaled.jpg","contentUrl":"https:\/\/www.latribunedufaso.net\/wp-content\/uploads\/2020\/08\/Logo-Tribune-du-Faso-final-scaled.jpg","width":2560,"height":1856,"caption":"La Tribune du Faso"},"image":{"@id":"https:\/\/www.latribunedufaso.net\/#\/schema\/logo\/image\/"},"sameAs":["https:\/\/www.facebook.com\/LatribuneduFaso\/"]},{"@type":"Person","@id":"https:\/\/www.latribunedufaso.net\/#\/schema\/person\/e54e64c5778a7e72cf80a318b7a622b0","name":"Issouf Tapsoba","image":{"@type":"ImageObject","inLanguage":"fr-FR","@id":"https:\/\/secure.gravatar.com\/avatar\/5e6c05150ce3230247d167f5b94d678eb05936197436d69b7921e3a95c9107ac?s=96&d=mm&r=g","url":"https:\/\/secure.gravatar.com\/avatar\/5e6c05150ce3230247d167f5b94d678eb05936197436d69b7921e3a95c9107ac?s=96&d=mm&r=g","contentUrl":"https:\/\/secure.gravatar.com\/avatar\/5e6c05150ce3230247d167f5b94d678eb05936197436d69b7921e3a95c9107ac?s=96&d=mm&r=g","caption":"Issouf Tapsoba"},"url":"https:\/\/www.latribunedufaso.net\/?author=5"}]}},"_links":{"self":[{"href":"https:\/\/www.latribunedufaso.net\/index.php?rest_route=\/wp\/v2\/posts\/13145","targetHints":{"allow":["GET"]}}],"collection":[{"href":"https:\/\/www.latribunedufaso.net\/index.php?rest_route=\/wp\/v2\/posts"}],"about":[{"href":"https:\/\/www.latribunedufaso.net\/index.php?rest_route=\/wp\/v2\/types\/post"}],"author":[{"embeddable":true,"href":"https:\/\/www.latribunedufaso.net\/index.php?rest_route=\/wp\/v2\/users\/5"}],"replies":[{"embeddable":true,"href":"https:\/\/www.latribunedufaso.net\/index.php?rest_route=%2Fwp%2Fv2%2Fcomments&post=13145"}],"version-history":[{"count":3,"href":"https:\/\/www.latribunedufaso.net\/index.php?rest_route=\/wp\/v2\/posts\/13145\/revisions"}],"predecessor-version":[{"id":13151,"href":"https:\/\/www.latribunedufaso.net\/index.php?rest_route=\/wp\/v2\/posts\/13145\/revisions\/13151"}],"wp:featuredmedia":[{"embeddable":true,"href":"https:\/\/www.latribunedufaso.net\/index.php?rest_route=\/wp\/v2\/media\/13146"}],"wp:attachment":[{"href":"https:\/\/www.latribunedufaso.net\/index.php?rest_route=%2Fwp%2Fv2%2Fmedia&parent=13145"}],"wp:term":[{"taxonomy":"category","embeddable":true,"href":"https:\/\/www.latribunedufaso.net\/index.php?rest_route=%2Fwp%2Fv2%2Fcategories&post=13145"},{"taxonomy":"post_tag","embeddable":true,"href":"https:\/\/www.latribunedufaso.net\/index.php?rest_route=%2Fwp%2Fv2%2Ftags&post=13145"}],"curies":[{"name":"wp","href":"https:\/\/api.w.org\/{rel}","templated":true}]}}