{"id":13012,"date":"2024-04-26T15:02:50","date_gmt":"2024-04-26T15:02:50","guid":{"rendered":"https:\/\/www.latribunedufaso.net\/?p=13012"},"modified":"2024-04-26T15:02:50","modified_gmt":"2024-04-26T15:02:50","slug":"cloture-de-la-16e-edition-du-festima-les-organisateurs-satisfaits-de-la-reussite-de-levenement","status":"publish","type":"post","link":"https:\/\/www.latribunedufaso.net\/?p=13012","title":{"rendered":"Cl\u00f4ture de la 16e \u00e9dition du FESTIMA : Les organisateurs satisfaits de la r\u00e9ussite de l\u2019\u00e9v\u00e8nement"},"content":{"rendered":"<p><strong><span style=\"font-size: 1.0625rem;\">Les rideaux sont tomb\u00e9s sur la 16e \u00e9dition du Festival international des masques et des arts de D\u00e9dougou (FESTIMA). C\u2019est un \u00e9v\u00e8nement organis\u00e9 par l\u2019Association pour la sauvegarde des masques (ASAMA). La c\u00e9r\u00e9monie de cl\u00f4ture a eu lieu ce jeudi 25 avril 2024 \u00e0 D\u00e9dougou. Elle \u00e9tait plac\u00e9e sous la pr\u00e9sidence du Gouverneur de la r\u00e9gion de la Boucle du Mouhoun, Babo Pierre Bassinga.\u00a0<\/span><\/strong><br \/><!--more--><\/p>\n<p><a href=\"https:\/\/www.latribunedufaso.net\/wp-content\/uploads\/2024\/04\/FB_IMG_1714143582346.jpg\"><img loading=\"lazy\" decoding=\"async\" class=\"size-medium wp-image-13016 alignleft\" src=\"https:\/\/www.latribunedufaso.net\/wp-content\/uploads\/2024\/04\/FB_IMG_1714143582346-300x226.jpg\" alt=\"\" width=\"300\" height=\"226\" srcset=\"https:\/\/www.latribunedufaso.net\/wp-content\/uploads\/2024\/04\/FB_IMG_1714143582346-300x226.jpg 300w, https:\/\/www.latribunedufaso.net\/wp-content\/uploads\/2024\/04\/FB_IMG_1714143582346.jpg 720w\" sizes=\"auto, (max-width: 300px) 100vw, 300px\" \/><\/a>Cette \u00e9dition du FESTIMA a \u00e9t\u00e9 marqu\u00e9e par la participation effective de 23 soci\u00e9t\u00e9s de masques qui ont constitu\u00e9es une d\u00e9l\u00e9gation de plus de 600 personnes et livr\u00e9es 22 prestations dont 7 de masques en feuilles, 8 de tissu et 7 en fibres. Le festival a permis \u00e0 des villages d\u00e9plac\u00e9s de mettre en \u0153uvre la pratique du masque.<\/p>\n<p>La foire qui a accompagn\u00e9 le festival a vu la participation de plus d\u2019une centaine d\u2019exposants originaires des quatre coins du pays et de pays fr\u00e8res \u00e0 savoir le Mali, le S\u00e9n\u00e9gal, le B\u00e9nin.<\/p>\n<p>Selon le Secr\u00e9taire ex\u00e9cutif de l\u2019ASAMA, Dr L\u00e9once Ki, pour un budget initial d\u2019environ 34 000 000 FCFA, les mobilisations en esp\u00e8ces s\u2019\u00e9l\u00e8vent \u00e0 ce jour \u00e0 8 995 900 FCFA dont 4 690 900 FCFA de recettes propres au titre de la location de stands d\u2019exposition et autres produits d\u00e9riv\u00e9s.<\/p>\n<p><a href=\"https:\/\/www.latribunedufaso.net\/wp-content\/uploads\/2024\/04\/FB_IMG_1714143589205.jpg\"><img loading=\"lazy\" decoding=\"async\" class=\"size-medium wp-image-13015 alignleft\" src=\"https:\/\/www.latribunedufaso.net\/wp-content\/uploads\/2024\/04\/FB_IMG_1714143589205-300x226.jpg\" alt=\"\" width=\"300\" height=\"226\" srcset=\"https:\/\/www.latribunedufaso.net\/wp-content\/uploads\/2024\/04\/FB_IMG_1714143589205-300x226.jpg 300w, https:\/\/www.latribunedufaso.net\/wp-content\/uploads\/2024\/04\/FB_IMG_1714143589205.jpg 720w\" sizes=\"auto, (max-width: 300px) 100vw, 300px\" \/><\/a>\u00ab Pour faire face \u00e0 certaines urgences, un pr\u00eat de 5 323 000 FCFA a \u00e9t\u00e9 sollicit\u00e9s. Les g\u00e9n\u00e9reuses contributions sont toujours la bienvenues pour nous aider \u00e0 faire face aux instances \u00bb, a-t-il poursuivi.<\/p>\n<p>En d\u00e9pit de ces difficult\u00e9s, les organisateurs sont satisfaits de la r\u00e9ussite de l\u2019\u00e9v\u00e8nement.<\/p>\n<p>\u00ab Nous voulons aller vers une manifestation annuelle au lieu d\u2019une biennale parce que le festival est vraiment une industrie culturelle qui, en 8 jours de prestation, g\u00e9n\u00e8re environ 1 milliard 500 milles FCFA. Mais en entendant nous allons tenir une manifestation grandiose, \u00e0 l\u2019occasion du 30\u00e8me anniversaire de l\u2019association \u00bb, a expliqu\u00e9 le secr\u00e9taire ex\u00e9cutif Dr L\u00e9once Ki. A l\u2019\u00e9couter, le rendez-vous pour les 30 ans du FESTIMA est pris pour 2026, avec \u00e0 la cl\u00e9 de nombreuses innovations pour rendre l\u2019\u00e9v\u00e8nement encore plus exceptionnel.<\/p>\n<p><a href=\"https:\/\/www.latribunedufaso.net\/wp-content\/uploads\/2024\/04\/FB_IMG_1714143575994.jpg\"><img loading=\"lazy\" decoding=\"async\" class=\"size-medium wp-image-13017 alignleft\" src=\"https:\/\/www.latribunedufaso.net\/wp-content\/uploads\/2024\/04\/FB_IMG_1714143575994-300x226.jpg\" alt=\"\" width=\"300\" height=\"226\" srcset=\"https:\/\/www.latribunedufaso.net\/wp-content\/uploads\/2024\/04\/FB_IMG_1714143575994-300x226.jpg 300w, https:\/\/www.latribunedufaso.net\/wp-content\/uploads\/2024\/04\/FB_IMG_1714143575994.jpg 720w\" sizes=\"auto, (max-width: 300px) 100vw, 300px\" \/><\/a>Le Gouverneur de la Boucle du Mouhoun, Babo\u00a0 Pierre Bassinga, a par ailleurs rendu un vibrant hommage aux organisateurs qui, selon lui, ont redonn\u00e9 au festival ses lettres de noblesse par la tenue de cette 16\u00e8me \u00e9dition. Il les a \u00e9galement inviter \u00e0 faire de la 17\u00e8me \u00e9dition prochaine une \u00e9dition d\u2019une tr\u00e8s grande envergure.<\/p>\n<p>\u00ab Les masques sont v\u00e9ritablement nos patrimoines mat\u00e9riel et immat\u00e9riel. Il faut que nous nous en approprions et que chaque acteur de la r\u00e9gion de la Boucle du Mouhoun soit un ambassadeur de cette diplomatie culturelle pour exporter notre patrimoine culturel \u00bb, a-t-il conclut.\u00a0<\/p>\n<p><strong>Nabintou Ouattara\u00a0<\/strong><\/p>\n<p><strong>Latribunedufaso.n<span style=\"font-size: 1.0625rem;\">et<a href=\"https:\/\/www.latribunedufaso.net\/wp-content\/uploads\/2024\/04\/FB_IMG_1714143728071.jpg\"><img loading=\"lazy\" decoding=\"async\" class=\"size-medium wp-image-13018 alignleft\" src=\"https:\/\/www.latribunedufaso.net\/wp-content\/uploads\/2024\/04\/FB_IMG_1714143728071-300x226.jpg\" alt=\"\" width=\"300\" height=\"226\" srcset=\"https:\/\/www.latribunedufaso.net\/wp-content\/uploads\/2024\/04\/FB_IMG_1714143728071-300x226.jpg 300w, https:\/\/www.latribunedufaso.net\/wp-content\/uploads\/2024\/04\/FB_IMG_1714143728071.jpg 720w\" sizes=\"auto, (max-width: 300px) 100vw, 300px\" \/><\/a><a href=\"https:\/\/www.latribunedufaso.net\/wp-content\/uploads\/2024\/04\/FB_IMG_1714143608610.jpg\"><img loading=\"lazy\" decoding=\"async\" class=\"size-medium wp-image-13013 alignleft\" src=\"https:\/\/www.latribunedufaso.net\/wp-content\/uploads\/2024\/04\/FB_IMG_1714143608610-300x226.jpg\" alt=\"\" width=\"300\" height=\"226\" srcset=\"https:\/\/www.latribunedufaso.net\/wp-content\/uploads\/2024\/04\/FB_IMG_1714143608610-300x226.jpg 300w, https:\/\/www.latribunedufaso.net\/wp-content\/uploads\/2024\/04\/FB_IMG_1714143608610.jpg 720w\" sizes=\"auto, (max-width: 300px) 100vw, 300px\" \/><\/a><\/span><\/strong><\/p>\n","protected":false},"excerpt":{"rendered":"<p>Les rideaux sont tomb\u00e9s sur la 16e \u00e9dition du Festival international des masques et des arts de D\u00e9dougou (FESTIMA). C\u2019est un \u00e9v\u00e8nement organis\u00e9 par l\u2019Association pour la sauvegarde des masques (ASAMA). La c\u00e9r\u00e9monie de cl\u00f4ture a eu lieu ce jeudi 25 avril 2024 \u00e0 D\u00e9dougou. Elle \u00e9tait plac\u00e9e sous la pr\u00e9sidence du Gouverneur de la r\u00e9gion de la Boucle du Mouhoun, Babo Pierre Bassinga.\u00a0<\/p>\n","protected":false},"author":5,"featured_media":13014,"comment_status":"open","ping_status":"open","sticky":false,"template":"","format":"standard","meta":{"footnotes":""},"categories":[13,1,30],"tags":[],"class_list":["post-13012","post","type-post","status-publish","format-standard","has-post-thumbnail","hentry","category-une","category-actu","category-art-et-culture"],"yoast_head":"<!-- This site is optimized with the Yoast SEO plugin v27.5 - https:\/\/yoast.com\/product\/yoast-seo-wordpress\/ -->\n<title>Cl\u00f4ture de la 16e \u00e9dition du FESTIMA : Les organisateurs satisfaits de la r\u00e9ussite de l\u2019\u00e9v\u00e8nement - La Tribune du Faso<\/title>\n<meta name=\"robots\" content=\"index, follow, max-snippet:-1, max-image-preview:large, max-video-preview:-1\" \/>\n<link rel=\"canonical\" href=\"https:\/\/www.latribunedufaso.net\/?p=13012\" \/>\n<meta property=\"og:locale\" content=\"fr_FR\" \/>\n<meta property=\"og:type\" content=\"article\" \/>\n<meta property=\"og:title\" content=\"Cl\u00f4ture de la 16e \u00e9dition du FESTIMA : Les organisateurs satisfaits de la r\u00e9ussite de l\u2019\u00e9v\u00e8nement - La Tribune du Faso\" \/>\n<meta property=\"og:description\" content=\"Les rideaux sont tomb\u00e9s sur la 16e \u00e9dition du Festival international des masques et des arts de D\u00e9dougou (FESTIMA). C\u2019est un \u00e9v\u00e8nement organis\u00e9 par l\u2019Association pour la sauvegarde des masques (ASAMA). La c\u00e9r\u00e9monie de cl\u00f4ture a eu lieu ce jeudi 25 avril 2024 \u00e0 D\u00e9dougou. Elle \u00e9tait plac\u00e9e sous la pr\u00e9sidence du Gouverneur de la r\u00e9gion de la Boucle du Mouhoun, Babo Pierre Bassinga.\u00a0\" \/>\n<meta property=\"og:url\" content=\"https:\/\/www.latribunedufaso.net\/?p=13012\" \/>\n<meta property=\"og:site_name\" content=\"La Tribune du Faso\" \/>\n<meta property=\"article:publisher\" content=\"https:\/\/www.facebook.com\/LatribuneduFaso\/\" \/>\n<meta property=\"article:published_time\" content=\"2024-04-26T15:02:50+00:00\" \/>\n<meta property=\"og:image\" content=\"https:\/\/www.latribunedufaso.net\/wp-content\/uploads\/2024\/04\/FB_IMG_1714143603610.jpg\" \/>\n\t<meta property=\"og:image:width\" content=\"720\" \/>\n\t<meta property=\"og:image:height\" content=\"542\" \/>\n\t<meta property=\"og:image:type\" content=\"image\/jpeg\" \/>\n<meta name=\"author\" content=\"Issouf Tapsoba\" \/>\n<meta name=\"twitter:label1\" content=\"\u00c9crit par\" \/>\n\t<meta name=\"twitter:data1\" content=\"Issouf Tapsoba\" \/>\n\t<meta name=\"twitter:label2\" content=\"Dur\u00e9e de lecture estim\u00e9e\" \/>\n\t<meta name=\"twitter:data2\" content=\"2 minutes\" \/>\n<script type=\"application\/ld+json\" class=\"yoast-schema-graph\">{\"@context\":\"https:\\\/\\\/schema.org\",\"@graph\":[{\"@type\":\"Article\",\"@id\":\"https:\\\/\\\/www.latribunedufaso.net\\\/?p=13012#article\",\"isPartOf\":{\"@id\":\"https:\\\/\\\/www.latribunedufaso.net\\\/?p=13012\"},\"author\":{\"name\":\"Issouf Tapsoba\",\"@id\":\"https:\\\/\\\/www.latribunedufaso.net\\\/#\\\/schema\\\/person\\\/e54e64c5778a7e72cf80a318b7a622b0\"},\"headline\":\"Cl\u00f4ture de la 16e \u00e9dition du FESTIMA : Les organisateurs satisfaits de la r\u00e9ussite de l\u2019\u00e9v\u00e8nement\",\"datePublished\":\"2024-04-26T15:02:50+00:00\",\"mainEntityOfPage\":{\"@id\":\"https:\\\/\\\/www.latribunedufaso.net\\\/?p=13012\"},\"wordCount\":488,\"commentCount\":0,\"publisher\":{\"@id\":\"https:\\\/\\\/www.latribunedufaso.net\\\/#organization\"},\"image\":{\"@id\":\"https:\\\/\\\/www.latribunedufaso.net\\\/?p=13012#primaryimage\"},\"thumbnailUrl\":\"https:\\\/\\\/www.latribunedufaso.net\\\/wp-content\\\/uploads\\\/2024\\\/04\\\/FB_IMG_1714143603610.jpg\",\"articleSection\":[\"A la une\",\"Actualit\u00e9\",\"Art et Culture\"],\"inLanguage\":\"fr-FR\",\"potentialAction\":[{\"@type\":\"CommentAction\",\"name\":\"Comment\",\"target\":[\"https:\\\/\\\/www.latribunedufaso.net\\\/?p=13012#respond\"]}]},{\"@type\":\"WebPage\",\"@id\":\"https:\\\/\\\/www.latribunedufaso.net\\\/?p=13012\",\"url\":\"https:\\\/\\\/www.latribunedufaso.net\\\/?p=13012\",\"name\":\"Cl\u00f4ture de la 16e \u00e9dition du FESTIMA : Les organisateurs satisfaits de la r\u00e9ussite de l\u2019\u00e9v\u00e8nement - La Tribune du Faso\",\"isPartOf\":{\"@id\":\"https:\\\/\\\/www.latribunedufaso.net\\\/#website\"},\"primaryImageOfPage\":{\"@id\":\"https:\\\/\\\/www.latribunedufaso.net\\\/?p=13012#primaryimage\"},\"image\":{\"@id\":\"https:\\\/\\\/www.latribunedufaso.net\\\/?p=13012#primaryimage\"},\"thumbnailUrl\":\"https:\\\/\\\/www.latribunedufaso.net\\\/wp-content\\\/uploads\\\/2024\\\/04\\\/FB_IMG_1714143603610.jpg\",\"datePublished\":\"2024-04-26T15:02:50+00:00\",\"breadcrumb\":{\"@id\":\"https:\\\/\\\/www.latribunedufaso.net\\\/?p=13012#breadcrumb\"},\"inLanguage\":\"fr-FR\",\"potentialAction\":[{\"@type\":\"ReadAction\",\"target\":[\"https:\\\/\\\/www.latribunedufaso.net\\\/?p=13012\"]}]},{\"@type\":\"ImageObject\",\"inLanguage\":\"fr-FR\",\"@id\":\"https:\\\/\\\/www.latribunedufaso.net\\\/?p=13012#primaryimage\",\"url\":\"https:\\\/\\\/www.latribunedufaso.net\\\/wp-content\\\/uploads\\\/2024\\\/04\\\/FB_IMG_1714143603610.jpg\",\"contentUrl\":\"https:\\\/\\\/www.latribunedufaso.net\\\/wp-content\\\/uploads\\\/2024\\\/04\\\/FB_IMG_1714143603610.jpg\",\"width\":720,\"height\":542},{\"@type\":\"BreadcrumbList\",\"@id\":\"https:\\\/\\\/www.latribunedufaso.net\\\/?p=13012#breadcrumb\",\"itemListElement\":[{\"@type\":\"ListItem\",\"position\":1,\"name\":\"Accueil\",\"item\":\"https:\\\/\\\/www.latribunedufaso.net\\\/\"},{\"@type\":\"ListItem\",\"position\":2,\"name\":\"Cl\u00f4ture de la 16e \u00e9dition du FESTIMA : Les organisateurs satisfaits de la r\u00e9ussite de l\u2019\u00e9v\u00e8nement\"}]},{\"@type\":\"WebSite\",\"@id\":\"https:\\\/\\\/www.latribunedufaso.net\\\/#website\",\"url\":\"https:\\\/\\\/www.latribunedufaso.net\\\/\",\"name\":\"La Tribune du Faso\",\"description\":\"L&#039;information du monde rural en un clic\",\"publisher\":{\"@id\":\"https:\\\/\\\/www.latribunedufaso.net\\\/#organization\"},\"potentialAction\":[{\"@type\":\"SearchAction\",\"target\":{\"@type\":\"EntryPoint\",\"urlTemplate\":\"https:\\\/\\\/www.latribunedufaso.net\\\/?s={search_term_string}\"},\"query-input\":{\"@type\":\"PropertyValueSpecification\",\"valueRequired\":true,\"valueName\":\"search_term_string\"}}],\"inLanguage\":\"fr-FR\"},{\"@type\":\"Organization\",\"@id\":\"https:\\\/\\\/www.latribunedufaso.net\\\/#organization\",\"name\":\"La Tribune du Faso\",\"url\":\"https:\\\/\\\/www.latribunedufaso.net\\\/\",\"logo\":{\"@type\":\"ImageObject\",\"inLanguage\":\"fr-FR\",\"@id\":\"https:\\\/\\\/www.latribunedufaso.net\\\/#\\\/schema\\\/logo\\\/image\\\/\",\"url\":\"https:\\\/\\\/www.latribunedufaso.net\\\/wp-content\\\/uploads\\\/2020\\\/08\\\/Logo-Tribune-du-Faso-final-scaled.jpg\",\"contentUrl\":\"https:\\\/\\\/www.latribunedufaso.net\\\/wp-content\\\/uploads\\\/2020\\\/08\\\/Logo-Tribune-du-Faso-final-scaled.jpg\",\"width\":2560,\"height\":1856,\"caption\":\"La Tribune du Faso\"},\"image\":{\"@id\":\"https:\\\/\\\/www.latribunedufaso.net\\\/#\\\/schema\\\/logo\\\/image\\\/\"},\"sameAs\":[\"https:\\\/\\\/www.facebook.com\\\/LatribuneduFaso\\\/\"]},{\"@type\":\"Person\",\"@id\":\"https:\\\/\\\/www.latribunedufaso.net\\\/#\\\/schema\\\/person\\\/e54e64c5778a7e72cf80a318b7a622b0\",\"name\":\"Issouf Tapsoba\",\"image\":{\"@type\":\"ImageObject\",\"inLanguage\":\"fr-FR\",\"@id\":\"https:\\\/\\\/secure.gravatar.com\\\/avatar\\\/5e6c05150ce3230247d167f5b94d678eb05936197436d69b7921e3a95c9107ac?s=96&d=mm&r=g\",\"url\":\"https:\\\/\\\/secure.gravatar.com\\\/avatar\\\/5e6c05150ce3230247d167f5b94d678eb05936197436d69b7921e3a95c9107ac?s=96&d=mm&r=g\",\"contentUrl\":\"https:\\\/\\\/secure.gravatar.com\\\/avatar\\\/5e6c05150ce3230247d167f5b94d678eb05936197436d69b7921e3a95c9107ac?s=96&d=mm&r=g\",\"caption\":\"Issouf Tapsoba\"},\"url\":\"https:\\\/\\\/www.latribunedufaso.net\\\/?author=5\"}]}<\/script>\n<!-- \/ Yoast SEO plugin. -->","yoast_head_json":{"title":"Cl\u00f4ture de la 16e \u00e9dition du FESTIMA : Les organisateurs satisfaits de la r\u00e9ussite de l\u2019\u00e9v\u00e8nement - La Tribune du Faso","robots":{"index":"index","follow":"follow","max-snippet":"max-snippet:-1","max-image-preview":"max-image-preview:large","max-video-preview":"max-video-preview:-1"},"canonical":"https:\/\/www.latribunedufaso.net\/?p=13012","og_locale":"fr_FR","og_type":"article","og_title":"Cl\u00f4ture de la 16e \u00e9dition du FESTIMA : Les organisateurs satisfaits de la r\u00e9ussite de l\u2019\u00e9v\u00e8nement - La Tribune du Faso","og_description":"Les rideaux sont tomb\u00e9s sur la 16e \u00e9dition du Festival international des masques et des arts de D\u00e9dougou (FESTIMA). C\u2019est un \u00e9v\u00e8nement organis\u00e9 par l\u2019Association pour la sauvegarde des masques (ASAMA). La c\u00e9r\u00e9monie de cl\u00f4ture a eu lieu ce jeudi 25 avril 2024 \u00e0 D\u00e9dougou. Elle \u00e9tait plac\u00e9e sous la pr\u00e9sidence du Gouverneur de la r\u00e9gion de la Boucle du Mouhoun, Babo Pierre Bassinga.\u00a0","og_url":"https:\/\/www.latribunedufaso.net\/?p=13012","og_site_name":"La Tribune du Faso","article_publisher":"https:\/\/www.facebook.com\/LatribuneduFaso\/","article_published_time":"2024-04-26T15:02:50+00:00","og_image":[{"width":720,"height":542,"url":"https:\/\/www.latribunedufaso.net\/wp-content\/uploads\/2024\/04\/FB_IMG_1714143603610.jpg","type":"image\/jpeg"}],"author":"Issouf Tapsoba","twitter_misc":{"\u00c9crit par":"Issouf Tapsoba","Dur\u00e9e de lecture estim\u00e9e":"2 minutes"},"schema":{"@context":"https:\/\/schema.org","@graph":[{"@type":"Article","@id":"https:\/\/www.latribunedufaso.net\/?p=13012#article","isPartOf":{"@id":"https:\/\/www.latribunedufaso.net\/?p=13012"},"author":{"name":"Issouf Tapsoba","@id":"https:\/\/www.latribunedufaso.net\/#\/schema\/person\/e54e64c5778a7e72cf80a318b7a622b0"},"headline":"Cl\u00f4ture de la 16e \u00e9dition du FESTIMA : Les organisateurs satisfaits de la r\u00e9ussite de l\u2019\u00e9v\u00e8nement","datePublished":"2024-04-26T15:02:50+00:00","mainEntityOfPage":{"@id":"https:\/\/www.latribunedufaso.net\/?p=13012"},"wordCount":488,"commentCount":0,"publisher":{"@id":"https:\/\/www.latribunedufaso.net\/#organization"},"image":{"@id":"https:\/\/www.latribunedufaso.net\/?p=13012#primaryimage"},"thumbnailUrl":"https:\/\/www.latribunedufaso.net\/wp-content\/uploads\/2024\/04\/FB_IMG_1714143603610.jpg","articleSection":["A la une","Actualit\u00e9","Art et Culture"],"inLanguage":"fr-FR","potentialAction":[{"@type":"CommentAction","name":"Comment","target":["https:\/\/www.latribunedufaso.net\/?p=13012#respond"]}]},{"@type":"WebPage","@id":"https:\/\/www.latribunedufaso.net\/?p=13012","url":"https:\/\/www.latribunedufaso.net\/?p=13012","name":"Cl\u00f4ture de la 16e \u00e9dition du FESTIMA : Les organisateurs satisfaits de la r\u00e9ussite de l\u2019\u00e9v\u00e8nement - La Tribune du Faso","isPartOf":{"@id":"https:\/\/www.latribunedufaso.net\/#website"},"primaryImageOfPage":{"@id":"https:\/\/www.latribunedufaso.net\/?p=13012#primaryimage"},"image":{"@id":"https:\/\/www.latribunedufaso.net\/?p=13012#primaryimage"},"thumbnailUrl":"https:\/\/www.latribunedufaso.net\/wp-content\/uploads\/2024\/04\/FB_IMG_1714143603610.jpg","datePublished":"2024-04-26T15:02:50+00:00","breadcrumb":{"@id":"https:\/\/www.latribunedufaso.net\/?p=13012#breadcrumb"},"inLanguage":"fr-FR","potentialAction":[{"@type":"ReadAction","target":["https:\/\/www.latribunedufaso.net\/?p=13012"]}]},{"@type":"ImageObject","inLanguage":"fr-FR","@id":"https:\/\/www.latribunedufaso.net\/?p=13012#primaryimage","url":"https:\/\/www.latribunedufaso.net\/wp-content\/uploads\/2024\/04\/FB_IMG_1714143603610.jpg","contentUrl":"https:\/\/www.latribunedufaso.net\/wp-content\/uploads\/2024\/04\/FB_IMG_1714143603610.jpg","width":720,"height":542},{"@type":"BreadcrumbList","@id":"https:\/\/www.latribunedufaso.net\/?p=13012#breadcrumb","itemListElement":[{"@type":"ListItem","position":1,"name":"Accueil","item":"https:\/\/www.latribunedufaso.net\/"},{"@type":"ListItem","position":2,"name":"Cl\u00f4ture de la 16e \u00e9dition du FESTIMA : Les organisateurs satisfaits de la r\u00e9ussite de l\u2019\u00e9v\u00e8nement"}]},{"@type":"WebSite","@id":"https:\/\/www.latribunedufaso.net\/#website","url":"https:\/\/www.latribunedufaso.net\/","name":"La Tribune du Faso","description":"L&#039;information du monde rural en un clic","publisher":{"@id":"https:\/\/www.latribunedufaso.net\/#organization"},"potentialAction":[{"@type":"SearchAction","target":{"@type":"EntryPoint","urlTemplate":"https:\/\/www.latribunedufaso.net\/?s={search_term_string}"},"query-input":{"@type":"PropertyValueSpecification","valueRequired":true,"valueName":"search_term_string"}}],"inLanguage":"fr-FR"},{"@type":"Organization","@id":"https:\/\/www.latribunedufaso.net\/#organization","name":"La Tribune du Faso","url":"https:\/\/www.latribunedufaso.net\/","logo":{"@type":"ImageObject","inLanguage":"fr-FR","@id":"https:\/\/www.latribunedufaso.net\/#\/schema\/logo\/image\/","url":"https:\/\/www.latribunedufaso.net\/wp-content\/uploads\/2020\/08\/Logo-Tribune-du-Faso-final-scaled.jpg","contentUrl":"https:\/\/www.latribunedufaso.net\/wp-content\/uploads\/2020\/08\/Logo-Tribune-du-Faso-final-scaled.jpg","width":2560,"height":1856,"caption":"La Tribune du Faso"},"image":{"@id":"https:\/\/www.latribunedufaso.net\/#\/schema\/logo\/image\/"},"sameAs":["https:\/\/www.facebook.com\/LatribuneduFaso\/"]},{"@type":"Person","@id":"https:\/\/www.latribunedufaso.net\/#\/schema\/person\/e54e64c5778a7e72cf80a318b7a622b0","name":"Issouf Tapsoba","image":{"@type":"ImageObject","inLanguage":"fr-FR","@id":"https:\/\/secure.gravatar.com\/avatar\/5e6c05150ce3230247d167f5b94d678eb05936197436d69b7921e3a95c9107ac?s=96&d=mm&r=g","url":"https:\/\/secure.gravatar.com\/avatar\/5e6c05150ce3230247d167f5b94d678eb05936197436d69b7921e3a95c9107ac?s=96&d=mm&r=g","contentUrl":"https:\/\/secure.gravatar.com\/avatar\/5e6c05150ce3230247d167f5b94d678eb05936197436d69b7921e3a95c9107ac?s=96&d=mm&r=g","caption":"Issouf Tapsoba"},"url":"https:\/\/www.latribunedufaso.net\/?author=5"}]}},"_links":{"self":[{"href":"https:\/\/www.latribunedufaso.net\/index.php?rest_route=\/wp\/v2\/posts\/13012","targetHints":{"allow":["GET"]}}],"collection":[{"href":"https:\/\/www.latribunedufaso.net\/index.php?rest_route=\/wp\/v2\/posts"}],"about":[{"href":"https:\/\/www.latribunedufaso.net\/index.php?rest_route=\/wp\/v2\/types\/post"}],"author":[{"embeddable":true,"href":"https:\/\/www.latribunedufaso.net\/index.php?rest_route=\/wp\/v2\/users\/5"}],"replies":[{"embeddable":true,"href":"https:\/\/www.latribunedufaso.net\/index.php?rest_route=%2Fwp%2Fv2%2Fcomments&post=13012"}],"version-history":[{"count":1,"href":"https:\/\/www.latribunedufaso.net\/index.php?rest_route=\/wp\/v2\/posts\/13012\/revisions"}],"predecessor-version":[{"id":13019,"href":"https:\/\/www.latribunedufaso.net\/index.php?rest_route=\/wp\/v2\/posts\/13012\/revisions\/13019"}],"wp:featuredmedia":[{"embeddable":true,"href":"https:\/\/www.latribunedufaso.net\/index.php?rest_route=\/wp\/v2\/media\/13014"}],"wp:attachment":[{"href":"https:\/\/www.latribunedufaso.net\/index.php?rest_route=%2Fwp%2Fv2%2Fmedia&parent=13012"}],"wp:term":[{"taxonomy":"category","embeddable":true,"href":"https:\/\/www.latribunedufaso.net\/index.php?rest_route=%2Fwp%2Fv2%2Fcategories&post=13012"},{"taxonomy":"post_tag","embeddable":true,"href":"https:\/\/www.latribunedufaso.net\/index.php?rest_route=%2Fwp%2Fv2%2Ftags&post=13012"}],"curies":[{"name":"wp","href":"https:\/\/api.w.org\/{rel}","templated":true}]}}