{"id":13006,"date":"2024-04-25T18:27:22","date_gmt":"2024-04-25T18:27:22","guid":{"rendered":"https:\/\/www.latribunedufaso.net\/?p=13006"},"modified":"2024-04-25T18:27:22","modified_gmt":"2024-04-25T18:27:22","slug":"conseil-des-ministres-la-sonabhy-le-bumigeb-et-le-ccva-retires-de-lassiette-de-privatisation","status":"publish","type":"post","link":"https:\/\/www.latribunedufaso.net\/?p=13006","title":{"rendered":"Conseil des ministres : la SONABHY, le BUMIGEB et le CCVA retir\u00e9s de l\u2019assiette de privatisation"},"content":{"rendered":"<p><strong><span style=\"font-size: 1.0625rem;\">(Bobo-Dioulasso, 25 avril 2024). Le Pr\u00e9sident de la Transition, Chef de l\u2019Etat, le Capitaine Ibrahim TRAORE a pr\u00e9sid\u00e9 ce jeudi, le Conseil des ministres d\u00e9localis\u00e9 \u00e0 Bobo-Dioulasso dans les Hauts-Bassins. Selon le Ministre d\u2019Etat, Porte-parole du gouvernement, Jean Emmanuel OUEDRAOGO, le Conseil a examin\u00e9 des dossiers et adopt\u00e9 plusieurs rapports importants pour la bonne marche de la Nation.<\/span><\/strong><br \/><!--more--><\/p>\n<p><a href=\"https:\/\/www.latribunedufaso.net\/wp-content\/uploads\/2024\/04\/FB_IMG_1714069335618.jpg\"><img loading=\"lazy\" decoding=\"async\" class=\"size-medium wp-image-13009 alignleft\" src=\"https:\/\/www.latribunedufaso.net\/wp-content\/uploads\/2024\/04\/FB_IMG_1714069335618-300x200.jpg\" alt=\"\" width=\"300\" height=\"200\" srcset=\"https:\/\/www.latribunedufaso.net\/wp-content\/uploads\/2024\/04\/FB_IMG_1714069335618-300x200.jpg 300w, https:\/\/www.latribunedufaso.net\/wp-content\/uploads\/2024\/04\/FB_IMG_1714069335618-120x80.jpg 120w, https:\/\/www.latribunedufaso.net\/wp-content\/uploads\/2024\/04\/FB_IMG_1714069335618-360x240.jpg 360w, https:\/\/www.latribunedufaso.net\/wp-content\/uploads\/2024\/04\/FB_IMG_1714069335618-600x400.jpg 600w, https:\/\/www.latribunedufaso.net\/wp-content\/uploads\/2024\/04\/FB_IMG_1714069335618.jpg 720w\" sizes=\"auto, (max-width: 300px) 100vw, 300px\" \/><\/a>Pour le compte du minist\u00e8re de l\u2019Education nationale, de l\u2019Alphab\u00e9tisation et de la Promotion des Langues nationales (MENAPLN), le Conseil a adopt\u00e9 un rapport portant suspension du transfert des ressources aux communes pour l\u2019acquisition de vivres et du cartable minimum.<\/p>\n<p>Selon le ministre en charge de l\u2019\u00e9ducation, Jacques Sosth\u00e8ne DINGARA, cette d\u00e9cision fait suite aux difficult\u00e9s constat\u00e9es dans l\u2019acquisition et aux retards dans la distribution des vivres pour les cantines scolaires et du cartable minimum au profit des \u00e9l\u00e8ves.\u00a0<\/p>\n<p>Ainsi, en prenant cette d\u00e9cision, l\u2019Etat veut proc\u00e9der \u00e0 une meilleure allocation des vivres et du cartable minimum. \u00ab De fa\u00e7on souveraine, le gouvernement a pris ses responsabilit\u00e9s en d\u00e9cidant de suspendre le transfert des ressources financi\u00e8res \u00e0 l\u2019ensemble des communes, et de proc\u00e9der \u00e0 une acquisition directe \u00bb, a expliqu\u00e9 M. DINGARA.<\/p>\n<p>Le Conseil a \u00e9galement adopt\u00e9 un projet de loi portant modification de l\u2019autorisation de privatisation d\u2019entreprises \u00e0 participation de fonds publics pour le compte du minist\u00e8re du D\u00e9veloppement industriel, du Commerce, de l\u2019Artisanat et des Petites et moyennes entreprises.<\/p>\n<p><a href=\"https:\/\/www.latribunedufaso.net\/wp-content\/uploads\/2024\/04\/FB_IMG_1714069339198.jpg\"><img loading=\"lazy\" decoding=\"async\" class=\"size-medium wp-image-13008 alignleft\" src=\"https:\/\/www.latribunedufaso.net\/wp-content\/uploads\/2024\/04\/FB_IMG_1714069339198-300x200.jpg\" alt=\"\" width=\"300\" height=\"200\" srcset=\"https:\/\/www.latribunedufaso.net\/wp-content\/uploads\/2024\/04\/FB_IMG_1714069339198-300x200.jpg 300w, https:\/\/www.latribunedufaso.net\/wp-content\/uploads\/2024\/04\/FB_IMG_1714069339198-120x80.jpg 120w, https:\/\/www.latribunedufaso.net\/wp-content\/uploads\/2024\/04\/FB_IMG_1714069339198-360x240.jpg 360w, https:\/\/www.latribunedufaso.net\/wp-content\/uploads\/2024\/04\/FB_IMG_1714069339198-600x400.jpg 600w, https:\/\/www.latribunedufaso.net\/wp-content\/uploads\/2024\/04\/FB_IMG_1714069339198.jpg 720w\" sizes=\"auto, (max-width: 300px) 100vw, 300px\" \/><\/a>Le ministre en charge des Transports, Roland SOMDA a expliqu\u00e9 que le Conseil a propos\u00e9 le retrait de trois structures de l\u2019assiette de privatisation. Il s\u2019agit de la Soci\u00e9t\u00e9 nationale burkinab\u00e8 d\u2019Hydrocarbures (SONABHY), du Bureau des Mines et de la G\u00e9ologie du Burkina (BUMIGEB) et du Centre de Contr\u00f4le de V\u00e9hicules automobiles (CCVA).<\/p>\n<p>Dans cette optique, le Conseil a adopt\u00e9 au titre du minist\u00e8re des Transports, de la Mobilit\u00e9 urbaine et de la S\u00e9curit\u00e9 routi\u00e8re, un rapport portant reprise de propri\u00e9t\u00e9 d\u2019actions de Burkina Contr\u00f4le SA, dans le capital du CCVA. \u00ab Partant de la nouvelle vision du gouvernement \u00e0 refonder l\u2019Etat et \u00e0 r\u00e9organiser les secteurs strat\u00e9giques en vue d\u2019une \u00e9conomie prosp\u00e8re et souveraine, le conseil a d\u00e9cid\u00e9 de la reprise des actions qui \u00e9taient jadis confi\u00e9es \u00e0 Burkina Contr\u00f4le \u00bb, a pr\u00e9cis\u00e9 Roland SOMDA.<\/p>\n<p>Au titre du minist\u00e8re de l\u2019Economie, des Finances et de la Prospective, le Conseil des ministres a d\u00e9cid\u00e9 de la cr\u00e9ation d\u2019un Centre de promotion de l\u2019aviculture et de multiplication des animaux performants (CPAMAP). Le ministre d\u00e9l\u00e9gu\u00e9 en charge des ressources animales, Amadou DICKO, a expliqu\u00e9 que le CPAMAP a pour mission d\u2019am\u00e9liorer le potentiel g\u00e9n\u00e9tique des animaux d\u2019\u00e9levage et le d\u00e9veloppement de l\u2019aviculture sur le plan national.<\/p>\n<p><strong>Latribunedufaso.net<\/strong><\/p>\n<p><strong>Source : Direction de la communication de la Pr\u00e9sidence du Faso<\/strong><\/p>\n","protected":false},"excerpt":{"rendered":"<p>(Bobo-Dioulasso, 25 avril 2024). Le Pr\u00e9sident de la Transition, Chef de l\u2019Etat, le Capitaine Ibrahim TRAORE a pr\u00e9sid\u00e9 ce jeudi, le Conseil des ministres d\u00e9localis\u00e9 \u00e0 Bobo-Dioulasso dans les Hauts-Bassins. Selon le Ministre d\u2019Etat, Porte-parole du gouvernement, Jean Emmanuel OUEDRAOGO, le Conseil a examin\u00e9 des dossiers et adopt\u00e9 plusieurs rapports importants pour la bonne marche de la Nation.<\/p>\n","protected":false},"author":5,"featured_media":13007,"comment_status":"open","ping_status":"open","sticky":false,"template":"","format":"standard","meta":{"footnotes":""},"categories":[13,1,21],"tags":[],"class_list":["post-13006","post","type-post","status-publish","format-standard","has-post-thumbnail","hentry","category-une","category-actu","category-conseil-des-ministres"],"yoast_head":"<!-- This site is optimized with the Yoast SEO plugin v27.4 - https:\/\/yoast.com\/product\/yoast-seo-wordpress\/ -->\n<title>Conseil des ministres : la SONABHY, le BUMIGEB et le CCVA retir\u00e9s de l\u2019assiette de privatisation - La Tribune du Faso<\/title>\n<meta name=\"robots\" content=\"index, follow, max-snippet:-1, max-image-preview:large, max-video-preview:-1\" \/>\n<link rel=\"canonical\" href=\"https:\/\/www.latribunedufaso.net\/?p=13006\" \/>\n<meta property=\"og:locale\" content=\"fr_FR\" \/>\n<meta property=\"og:type\" content=\"article\" \/>\n<meta property=\"og:title\" content=\"Conseil des ministres : la SONABHY, le BUMIGEB et le CCVA retir\u00e9s de l\u2019assiette de privatisation - La Tribune du Faso\" \/>\n<meta property=\"og:description\" content=\"(Bobo-Dioulasso, 25 avril 2024). Le Pr\u00e9sident de la Transition, Chef de l\u2019Etat, le Capitaine Ibrahim TRAORE a pr\u00e9sid\u00e9 ce jeudi, le Conseil des ministres d\u00e9localis\u00e9 \u00e0 Bobo-Dioulasso dans les Hauts-Bassins. Selon le Ministre d\u2019Etat, Porte-parole du gouvernement, Jean Emmanuel OUEDRAOGO, le Conseil a examin\u00e9 des dossiers et adopt\u00e9 plusieurs rapports importants pour la bonne marche de la Nation.\" \/>\n<meta property=\"og:url\" content=\"https:\/\/www.latribunedufaso.net\/?p=13006\" \/>\n<meta property=\"og:site_name\" content=\"La Tribune du Faso\" \/>\n<meta property=\"article:publisher\" content=\"https:\/\/www.facebook.com\/LatribuneduFaso\/\" \/>\n<meta property=\"article:published_time\" content=\"2024-04-25T18:27:22+00:00\" \/>\n<meta property=\"og:image\" content=\"https:\/\/www.latribunedufaso.net\/wp-content\/uploads\/2024\/04\/FB_IMG_1714069380228.jpg\" \/>\n\t<meta property=\"og:image:width\" content=\"720\" \/>\n\t<meta property=\"og:image:height\" content=\"480\" \/>\n\t<meta property=\"og:image:type\" content=\"image\/jpeg\" \/>\n<meta name=\"author\" content=\"Issouf Tapsoba\" \/>\n<meta name=\"twitter:label1\" content=\"\u00c9crit par\" \/>\n\t<meta name=\"twitter:data1\" content=\"Issouf Tapsoba\" \/>\n\t<meta name=\"twitter:label2\" content=\"Dur\u00e9e de lecture estim\u00e9e\" \/>\n\t<meta name=\"twitter:data2\" content=\"3 minutes\" \/>\n<script type=\"application\/ld+json\" class=\"yoast-schema-graph\">{\"@context\":\"https:\\\/\\\/schema.org\",\"@graph\":[{\"@type\":\"Article\",\"@id\":\"https:\\\/\\\/www.latribunedufaso.net\\\/?p=13006#article\",\"isPartOf\":{\"@id\":\"https:\\\/\\\/www.latribunedufaso.net\\\/?p=13006\"},\"author\":{\"name\":\"Issouf Tapsoba\",\"@id\":\"https:\\\/\\\/www.latribunedufaso.net\\\/#\\\/schema\\\/person\\\/e54e64c5778a7e72cf80a318b7a622b0\"},\"headline\":\"Conseil des ministres : la SONABHY, le BUMIGEB et le CCVA retir\u00e9s de l\u2019assiette de privatisation\",\"datePublished\":\"2024-04-25T18:27:22+00:00\",\"mainEntityOfPage\":{\"@id\":\"https:\\\/\\\/www.latribunedufaso.net\\\/?p=13006\"},\"wordCount\":517,\"commentCount\":0,\"publisher\":{\"@id\":\"https:\\\/\\\/www.latribunedufaso.net\\\/#organization\"},\"image\":{\"@id\":\"https:\\\/\\\/www.latribunedufaso.net\\\/?p=13006#primaryimage\"},\"thumbnailUrl\":\"https:\\\/\\\/www.latribunedufaso.net\\\/wp-content\\\/uploads\\\/2024\\\/04\\\/FB_IMG_1714069380228.jpg\",\"articleSection\":[\"A la une\",\"Actualit\u00e9\",\"Conseil des ministres\"],\"inLanguage\":\"fr-FR\",\"potentialAction\":[{\"@type\":\"CommentAction\",\"name\":\"Comment\",\"target\":[\"https:\\\/\\\/www.latribunedufaso.net\\\/?p=13006#respond\"]}]},{\"@type\":\"WebPage\",\"@id\":\"https:\\\/\\\/www.latribunedufaso.net\\\/?p=13006\",\"url\":\"https:\\\/\\\/www.latribunedufaso.net\\\/?p=13006\",\"name\":\"Conseil des ministres : la SONABHY, le BUMIGEB et le CCVA retir\u00e9s de l\u2019assiette de privatisation - La Tribune du Faso\",\"isPartOf\":{\"@id\":\"https:\\\/\\\/www.latribunedufaso.net\\\/#website\"},\"primaryImageOfPage\":{\"@id\":\"https:\\\/\\\/www.latribunedufaso.net\\\/?p=13006#primaryimage\"},\"image\":{\"@id\":\"https:\\\/\\\/www.latribunedufaso.net\\\/?p=13006#primaryimage\"},\"thumbnailUrl\":\"https:\\\/\\\/www.latribunedufaso.net\\\/wp-content\\\/uploads\\\/2024\\\/04\\\/FB_IMG_1714069380228.jpg\",\"datePublished\":\"2024-04-25T18:27:22+00:00\",\"breadcrumb\":{\"@id\":\"https:\\\/\\\/www.latribunedufaso.net\\\/?p=13006#breadcrumb\"},\"inLanguage\":\"fr-FR\",\"potentialAction\":[{\"@type\":\"ReadAction\",\"target\":[\"https:\\\/\\\/www.latribunedufaso.net\\\/?p=13006\"]}]},{\"@type\":\"ImageObject\",\"inLanguage\":\"fr-FR\",\"@id\":\"https:\\\/\\\/www.latribunedufaso.net\\\/?p=13006#primaryimage\",\"url\":\"https:\\\/\\\/www.latribunedufaso.net\\\/wp-content\\\/uploads\\\/2024\\\/04\\\/FB_IMG_1714069380228.jpg\",\"contentUrl\":\"https:\\\/\\\/www.latribunedufaso.net\\\/wp-content\\\/uploads\\\/2024\\\/04\\\/FB_IMG_1714069380228.jpg\",\"width\":720,\"height\":480},{\"@type\":\"BreadcrumbList\",\"@id\":\"https:\\\/\\\/www.latribunedufaso.net\\\/?p=13006#breadcrumb\",\"itemListElement\":[{\"@type\":\"ListItem\",\"position\":1,\"name\":\"Accueil\",\"item\":\"https:\\\/\\\/www.latribunedufaso.net\\\/\"},{\"@type\":\"ListItem\",\"position\":2,\"name\":\"Conseil des ministres : la SONABHY, le BUMIGEB et le CCVA retir\u00e9s de l\u2019assiette de privatisation\"}]},{\"@type\":\"WebSite\",\"@id\":\"https:\\\/\\\/www.latribunedufaso.net\\\/#website\",\"url\":\"https:\\\/\\\/www.latribunedufaso.net\\\/\",\"name\":\"La Tribune du Faso\",\"description\":\"L&#039;information du monde rural en un clic\",\"publisher\":{\"@id\":\"https:\\\/\\\/www.latribunedufaso.net\\\/#organization\"},\"potentialAction\":[{\"@type\":\"SearchAction\",\"target\":{\"@type\":\"EntryPoint\",\"urlTemplate\":\"https:\\\/\\\/www.latribunedufaso.net\\\/?s={search_term_string}\"},\"query-input\":{\"@type\":\"PropertyValueSpecification\",\"valueRequired\":true,\"valueName\":\"search_term_string\"}}],\"inLanguage\":\"fr-FR\"},{\"@type\":\"Organization\",\"@id\":\"https:\\\/\\\/www.latribunedufaso.net\\\/#organization\",\"name\":\"La Tribune du Faso\",\"url\":\"https:\\\/\\\/www.latribunedufaso.net\\\/\",\"logo\":{\"@type\":\"ImageObject\",\"inLanguage\":\"fr-FR\",\"@id\":\"https:\\\/\\\/www.latribunedufaso.net\\\/#\\\/schema\\\/logo\\\/image\\\/\",\"url\":\"https:\\\/\\\/www.latribunedufaso.net\\\/wp-content\\\/uploads\\\/2020\\\/08\\\/Logo-Tribune-du-Faso-final-scaled.jpg\",\"contentUrl\":\"https:\\\/\\\/www.latribunedufaso.net\\\/wp-content\\\/uploads\\\/2020\\\/08\\\/Logo-Tribune-du-Faso-final-scaled.jpg\",\"width\":2560,\"height\":1856,\"caption\":\"La Tribune du Faso\"},\"image\":{\"@id\":\"https:\\\/\\\/www.latribunedufaso.net\\\/#\\\/schema\\\/logo\\\/image\\\/\"},\"sameAs\":[\"https:\\\/\\\/www.facebook.com\\\/LatribuneduFaso\\\/\"]},{\"@type\":\"Person\",\"@id\":\"https:\\\/\\\/www.latribunedufaso.net\\\/#\\\/schema\\\/person\\\/e54e64c5778a7e72cf80a318b7a622b0\",\"name\":\"Issouf Tapsoba\",\"image\":{\"@type\":\"ImageObject\",\"inLanguage\":\"fr-FR\",\"@id\":\"https:\\\/\\\/secure.gravatar.com\\\/avatar\\\/5e6c05150ce3230247d167f5b94d678eb05936197436d69b7921e3a95c9107ac?s=96&d=mm&r=g\",\"url\":\"https:\\\/\\\/secure.gravatar.com\\\/avatar\\\/5e6c05150ce3230247d167f5b94d678eb05936197436d69b7921e3a95c9107ac?s=96&d=mm&r=g\",\"contentUrl\":\"https:\\\/\\\/secure.gravatar.com\\\/avatar\\\/5e6c05150ce3230247d167f5b94d678eb05936197436d69b7921e3a95c9107ac?s=96&d=mm&r=g\",\"caption\":\"Issouf Tapsoba\"},\"url\":\"https:\\\/\\\/www.latribunedufaso.net\\\/?author=5\"}]}<\/script>\n<!-- \/ Yoast SEO plugin. -->","yoast_head_json":{"title":"Conseil des ministres : la SONABHY, le BUMIGEB et le CCVA retir\u00e9s de l\u2019assiette de privatisation - La Tribune du Faso","robots":{"index":"index","follow":"follow","max-snippet":"max-snippet:-1","max-image-preview":"max-image-preview:large","max-video-preview":"max-video-preview:-1"},"canonical":"https:\/\/www.latribunedufaso.net\/?p=13006","og_locale":"fr_FR","og_type":"article","og_title":"Conseil des ministres : la SONABHY, le BUMIGEB et le CCVA retir\u00e9s de l\u2019assiette de privatisation - La Tribune du Faso","og_description":"(Bobo-Dioulasso, 25 avril 2024). Le Pr\u00e9sident de la Transition, Chef de l\u2019Etat, le Capitaine Ibrahim TRAORE a pr\u00e9sid\u00e9 ce jeudi, le Conseil des ministres d\u00e9localis\u00e9 \u00e0 Bobo-Dioulasso dans les Hauts-Bassins. Selon le Ministre d\u2019Etat, Porte-parole du gouvernement, Jean Emmanuel OUEDRAOGO, le Conseil a examin\u00e9 des dossiers et adopt\u00e9 plusieurs rapports importants pour la bonne marche de la Nation.","og_url":"https:\/\/www.latribunedufaso.net\/?p=13006","og_site_name":"La Tribune du Faso","article_publisher":"https:\/\/www.facebook.com\/LatribuneduFaso\/","article_published_time":"2024-04-25T18:27:22+00:00","og_image":[{"width":720,"height":480,"url":"https:\/\/www.latribunedufaso.net\/wp-content\/uploads\/2024\/04\/FB_IMG_1714069380228.jpg","type":"image\/jpeg"}],"author":"Issouf Tapsoba","twitter_misc":{"\u00c9crit par":"Issouf Tapsoba","Dur\u00e9e de lecture estim\u00e9e":"3 minutes"},"schema":{"@context":"https:\/\/schema.org","@graph":[{"@type":"Article","@id":"https:\/\/www.latribunedufaso.net\/?p=13006#article","isPartOf":{"@id":"https:\/\/www.latribunedufaso.net\/?p=13006"},"author":{"name":"Issouf Tapsoba","@id":"https:\/\/www.latribunedufaso.net\/#\/schema\/person\/e54e64c5778a7e72cf80a318b7a622b0"},"headline":"Conseil des ministres : la SONABHY, le BUMIGEB et le CCVA retir\u00e9s de l\u2019assiette de privatisation","datePublished":"2024-04-25T18:27:22+00:00","mainEntityOfPage":{"@id":"https:\/\/www.latribunedufaso.net\/?p=13006"},"wordCount":517,"commentCount":0,"publisher":{"@id":"https:\/\/www.latribunedufaso.net\/#organization"},"image":{"@id":"https:\/\/www.latribunedufaso.net\/?p=13006#primaryimage"},"thumbnailUrl":"https:\/\/www.latribunedufaso.net\/wp-content\/uploads\/2024\/04\/FB_IMG_1714069380228.jpg","articleSection":["A la une","Actualit\u00e9","Conseil des ministres"],"inLanguage":"fr-FR","potentialAction":[{"@type":"CommentAction","name":"Comment","target":["https:\/\/www.latribunedufaso.net\/?p=13006#respond"]}]},{"@type":"WebPage","@id":"https:\/\/www.latribunedufaso.net\/?p=13006","url":"https:\/\/www.latribunedufaso.net\/?p=13006","name":"Conseil des ministres : la SONABHY, le BUMIGEB et le CCVA retir\u00e9s de l\u2019assiette de privatisation - La Tribune du Faso","isPartOf":{"@id":"https:\/\/www.latribunedufaso.net\/#website"},"primaryImageOfPage":{"@id":"https:\/\/www.latribunedufaso.net\/?p=13006#primaryimage"},"image":{"@id":"https:\/\/www.latribunedufaso.net\/?p=13006#primaryimage"},"thumbnailUrl":"https:\/\/www.latribunedufaso.net\/wp-content\/uploads\/2024\/04\/FB_IMG_1714069380228.jpg","datePublished":"2024-04-25T18:27:22+00:00","breadcrumb":{"@id":"https:\/\/www.latribunedufaso.net\/?p=13006#breadcrumb"},"inLanguage":"fr-FR","potentialAction":[{"@type":"ReadAction","target":["https:\/\/www.latribunedufaso.net\/?p=13006"]}]},{"@type":"ImageObject","inLanguage":"fr-FR","@id":"https:\/\/www.latribunedufaso.net\/?p=13006#primaryimage","url":"https:\/\/www.latribunedufaso.net\/wp-content\/uploads\/2024\/04\/FB_IMG_1714069380228.jpg","contentUrl":"https:\/\/www.latribunedufaso.net\/wp-content\/uploads\/2024\/04\/FB_IMG_1714069380228.jpg","width":720,"height":480},{"@type":"BreadcrumbList","@id":"https:\/\/www.latribunedufaso.net\/?p=13006#breadcrumb","itemListElement":[{"@type":"ListItem","position":1,"name":"Accueil","item":"https:\/\/www.latribunedufaso.net\/"},{"@type":"ListItem","position":2,"name":"Conseil des ministres : la SONABHY, le BUMIGEB et le CCVA retir\u00e9s de l\u2019assiette de privatisation"}]},{"@type":"WebSite","@id":"https:\/\/www.latribunedufaso.net\/#website","url":"https:\/\/www.latribunedufaso.net\/","name":"La Tribune du Faso","description":"L&#039;information du monde rural en un clic","publisher":{"@id":"https:\/\/www.latribunedufaso.net\/#organization"},"potentialAction":[{"@type":"SearchAction","target":{"@type":"EntryPoint","urlTemplate":"https:\/\/www.latribunedufaso.net\/?s={search_term_string}"},"query-input":{"@type":"PropertyValueSpecification","valueRequired":true,"valueName":"search_term_string"}}],"inLanguage":"fr-FR"},{"@type":"Organization","@id":"https:\/\/www.latribunedufaso.net\/#organization","name":"La Tribune du Faso","url":"https:\/\/www.latribunedufaso.net\/","logo":{"@type":"ImageObject","inLanguage":"fr-FR","@id":"https:\/\/www.latribunedufaso.net\/#\/schema\/logo\/image\/","url":"https:\/\/www.latribunedufaso.net\/wp-content\/uploads\/2020\/08\/Logo-Tribune-du-Faso-final-scaled.jpg","contentUrl":"https:\/\/www.latribunedufaso.net\/wp-content\/uploads\/2020\/08\/Logo-Tribune-du-Faso-final-scaled.jpg","width":2560,"height":1856,"caption":"La Tribune du Faso"},"image":{"@id":"https:\/\/www.latribunedufaso.net\/#\/schema\/logo\/image\/"},"sameAs":["https:\/\/www.facebook.com\/LatribuneduFaso\/"]},{"@type":"Person","@id":"https:\/\/www.latribunedufaso.net\/#\/schema\/person\/e54e64c5778a7e72cf80a318b7a622b0","name":"Issouf Tapsoba","image":{"@type":"ImageObject","inLanguage":"fr-FR","@id":"https:\/\/secure.gravatar.com\/avatar\/5e6c05150ce3230247d167f5b94d678eb05936197436d69b7921e3a95c9107ac?s=96&d=mm&r=g","url":"https:\/\/secure.gravatar.com\/avatar\/5e6c05150ce3230247d167f5b94d678eb05936197436d69b7921e3a95c9107ac?s=96&d=mm&r=g","contentUrl":"https:\/\/secure.gravatar.com\/avatar\/5e6c05150ce3230247d167f5b94d678eb05936197436d69b7921e3a95c9107ac?s=96&d=mm&r=g","caption":"Issouf Tapsoba"},"url":"https:\/\/www.latribunedufaso.net\/?author=5"}]}},"_links":{"self":[{"href":"https:\/\/www.latribunedufaso.net\/index.php?rest_route=\/wp\/v2\/posts\/13006","targetHints":{"allow":["GET"]}}],"collection":[{"href":"https:\/\/www.latribunedufaso.net\/index.php?rest_route=\/wp\/v2\/posts"}],"about":[{"href":"https:\/\/www.latribunedufaso.net\/index.php?rest_route=\/wp\/v2\/types\/post"}],"author":[{"embeddable":true,"href":"https:\/\/www.latribunedufaso.net\/index.php?rest_route=\/wp\/v2\/users\/5"}],"replies":[{"embeddable":true,"href":"https:\/\/www.latribunedufaso.net\/index.php?rest_route=%2Fwp%2Fv2%2Fcomments&post=13006"}],"version-history":[{"count":1,"href":"https:\/\/www.latribunedufaso.net\/index.php?rest_route=\/wp\/v2\/posts\/13006\/revisions"}],"predecessor-version":[{"id":13011,"href":"https:\/\/www.latribunedufaso.net\/index.php?rest_route=\/wp\/v2\/posts\/13006\/revisions\/13011"}],"wp:featuredmedia":[{"embeddable":true,"href":"https:\/\/www.latribunedufaso.net\/index.php?rest_route=\/wp\/v2\/media\/13007"}],"wp:attachment":[{"href":"https:\/\/www.latribunedufaso.net\/index.php?rest_route=%2Fwp%2Fv2%2Fmedia&parent=13006"}],"wp:term":[{"taxonomy":"category","embeddable":true,"href":"https:\/\/www.latribunedufaso.net\/index.php?rest_route=%2Fwp%2Fv2%2Fcategories&post=13006"},{"taxonomy":"post_tag","embeddable":true,"href":"https:\/\/www.latribunedufaso.net\/index.php?rest_route=%2Fwp%2Fv2%2Ftags&post=13006"}],"curies":[{"name":"wp","href":"https:\/\/api.w.org\/{rel}","templated":true}]}}