{"id":12964,"date":"2024-04-23T10:10:29","date_gmt":"2024-04-23T10:10:29","guid":{"rendered":"https:\/\/www.latribunedufaso.net\/?p=12964"},"modified":"2024-04-23T20:10:42","modified_gmt":"2024-04-23T20:10:42","slug":"16e-edition-du-festima-lasama-reflechit-sur-lapport-de-la-culture-dans-la-resilience-en-temps-de-crise","status":"publish","type":"post","link":"https:\/\/www.latribunedufaso.net\/?p=12964","title":{"rendered":"16e \u00e9dition du FESTIMA : L\u2019ASAMA r\u00e9fl\u00e9chit sur l\u2019apport de la culture dans la r\u00e9silience en temps de crise"},"content":{"rendered":"<p><strong><span style=\"font-size: 1.0625rem;\">L\u2019Association pour la sauvegarde des masques (ASAMA) a organis\u00e9, le 22 avril 2024 \u00e0 D\u00e9dougou, une conf\u00e9rence publique sur le th\u00e8me : \u00ab Masque, culture et r\u00e9silience \u00bb. Elle s\u2019est tenue dans le cadre de la 16e \u00e9dition du Festival international des masques et des arts de D\u00e9dougou (FESTIMA) qui se tient du 18 au 25 avril 2024. La conf\u00e9rence a connu la participation des \u00e9tudiants de l\u2019Universit\u00e9 Daniel Ouezzin Coulibaly de D\u00e9dougou.<\/span><\/strong><br \/><!--more--><\/p>\n<p>Elle \u00e9tait anim\u00e9e par Dr L\u00e9once Ki, enseignant-chercheur en arch\u00e9ologie et Secr\u00e9taire ex\u00e9cutif de l\u2019Association pour la sauvegarde des masques (ASAMA). Selon lui, l\u2019objectif est d\u2019apporter des solutions aux probl\u00e8mes de l\u2019heure notamment la r\u00e9silience dans ce contexte difficile de crise s\u00e9curitaire.<\/p>\n<p><a href=\"https:\/\/www.latribunedufaso.net\/wp-content\/uploads\/2024\/04\/IMG-20240423-WA0061.jpg\"><img loading=\"lazy\" decoding=\"async\" class=\"size-medium wp-image-12968 alignleft\" src=\"https:\/\/www.latribunedufaso.net\/wp-content\/uploads\/2024\/04\/IMG-20240423-WA0061-300x226.jpg\" alt=\"\" width=\"300\" height=\"226\" srcset=\"https:\/\/www.latribunedufaso.net\/wp-content\/uploads\/2024\/04\/IMG-20240423-WA0061-300x226.jpg 300w, https:\/\/www.latribunedufaso.net\/wp-content\/uploads\/2024\/04\/IMG-20240423-WA0061-768x578.jpg 768w, https:\/\/www.latribunedufaso.net\/wp-content\/uploads\/2024\/04\/IMG-20240423-WA0061.jpg 1020w\" sizes=\"auto, (max-width: 300px) 100vw, 300px\" \/><\/a>A l\u2019\u00e9couter, c\u2019est une totologie de parler de masque, de culture et de r\u00e9silience du moment o\u00f9 la culture elle-m\u00eame n\u2019est autre que la r\u00e9sultante de l\u2019adaptation de l\u2019homme dans son environnement. Donc, a-t-il poursuivi, si l\u2019homme a pu s\u2019adapter, \u00e7a veut dire qu\u2019il a pu affronter tous les obstacles qui l\u2019emp\u00eachaient de vivre en harmonie avec son environnement physique et social.<\/p>\n<p>Par ailleurs, il ajoute que cette conf\u00e9rence permet de rappeler qu\u2019il faut s\u2019attacher \u00e0 la culture. \u00ab C\u2019est l\u2019une des meilleures fa\u00e7ons d\u2019\u00eatre en harmonie avec tout ce qui nous arrive. Nous n&rsquo;avons pas besoin de r\u00e9inventer la roue. La culture peut nous permettre de trouver des solutions pour vivre sans trop subir les effets n\u00e9fastes des difficult\u00e9s auxquelles nous sommes confront\u00e9es \u00bb, a-t-il ajout\u00e9.<\/p>\n<p><a href=\"https:\/\/www.latribunedufaso.net\/wp-content\/uploads\/2024\/04\/IMG-20240423-WA0060.jpg\"><img loading=\"lazy\" decoding=\"async\" class=\"size-medium wp-image-12970 alignleft\" src=\"https:\/\/www.latribunedufaso.net\/wp-content\/uploads\/2024\/04\/IMG-20240423-WA0060-300x226.jpg\" alt=\"\" width=\"300\" height=\"226\" srcset=\"https:\/\/www.latribunedufaso.net\/wp-content\/uploads\/2024\/04\/IMG-20240423-WA0060-300x226.jpg 300w, https:\/\/www.latribunedufaso.net\/wp-content\/uploads\/2024\/04\/IMG-20240423-WA0060-768x578.jpg 768w, https:\/\/www.latribunedufaso.net\/wp-content\/uploads\/2024\/04\/IMG-20240423-WA0060.jpg 1020w\" sizes=\"auto, (max-width: 300px) 100vw, 300px\" \/><\/a>Marius Bado, \u00e9tudiant en sociologie et anthropologie \u00e0 l\u2019Universit\u00e9 Daniel Ouezzin Coulibaly de D\u00e9dougou a profit\u00e9 de cette conf\u00e9rence pour pr\u00e9senter un expos\u00e9 qu\u2019il a prepar\u00e9 avec ses camarades. Il porte sur le th\u00e8me : \u00ab Comment les masques de D\u00e9dougou contribuent-ils \u00e0 la protection de la for\u00eat sacr\u00e9e ? \u00bb<\/p>\n<p>Selon lui, il ressort que les masques jouent un grand r\u00f4le dans la protection de la for\u00eat sacr\u00e9e de D\u00e9dougou. En effet, tout ce qui est li\u00e9 au masque est sacr\u00e9 avec des interdits qui emp\u00eachent les hommes de le d\u00e9truire. \u00ab J\u2019invite mes camarades \u00e0 valoriser la culture et \u00e0 reconna\u00eetre la part du masque dans la protection de l\u2019environnement. Le masque c\u2019est notre culture, notre identit\u00e9. Il ne faut pas perdre cette tradition \u00bb, a-t-il ajout\u00e9.<\/p>\n<p>Les participants, majoritairement des \u00e9tudiants ont activement particip\u00e9 aux \u00e9changes.<\/p>\n<p><a href=\"https:\/\/www.latribunedufaso.net\/wp-content\/uploads\/2024\/04\/IMG-20240423-WA0062.jpg\"><img loading=\"lazy\" decoding=\"async\" class=\"size-medium wp-image-12969 alignleft\" src=\"https:\/\/www.latribunedufaso.net\/wp-content\/uploads\/2024\/04\/IMG-20240423-WA0062-300x226.jpg\" alt=\"\" width=\"300\" height=\"226\" srcset=\"https:\/\/www.latribunedufaso.net\/wp-content\/uploads\/2024\/04\/IMG-20240423-WA0062-300x226.jpg 300w, https:\/\/www.latribunedufaso.net\/wp-content\/uploads\/2024\/04\/IMG-20240423-WA0062-768x578.jpg 768w, https:\/\/www.latribunedufaso.net\/wp-content\/uploads\/2024\/04\/IMG-20240423-WA0062.jpg 1020w\" sizes=\"auto, (max-width: 300px) 100vw, 300px\" \/><\/a>Pour Ad\u00e9la\u00efde Koussoub\u00e9, la conf\u00e9rence s\u2019est bien pass\u00e9e. Elle leur a permis d\u2019apprendre beaucoup sur l\u2019importance du masque et de la culture dans la soci\u00e9t\u00e9. Par ailleurs, elle estime qu\u2019il est urgent de sauvegarder les patrimoines culturels qui sont menac\u00e9s par la modernit\u00e9.<\/p>\n<p>La pr\u00e9sente \u00e9dition du FESTIMA a \u00e9galement \u00e9t\u00e9 l\u2019occasion pour les organisateurs d\u2019annoncer la c\u00e9l\u00e9bration des 30 ans de l\u2019ASAMA en 2026 qui sera coupl\u00e9e \u00e0 la prochaine \u00e9dition de l\u2019\u00e9v\u00e8nment. \u00ab C\u2019est pour informer la communaut\u00e9 internationale qui a l\u2019habitude de peindre en rouge ce qui est vert. Il faut voir les choses telles qu\u2019elles sont. Ils peuvent inscrire la prochaine \u00e9dition du FESTIMA dans leur agenda qui aura lieu du 28 f\u00e9vrier au 7 mars 2026 \u00bb, a-t-il annonc\u00e9.<\/p>\n<p><strong>Issouf Tapsoba <\/strong><\/p>\n<p><strong>Latribunedufaso.net<a href=\"https:\/\/www.latribunedufaso.net\/wp-content\/uploads\/2024\/04\/IMG_20240422_093130_626-scaled.jpg\"><img loading=\"lazy\" decoding=\"async\" class=\"size-medium wp-image-12966 alignleft\" src=\"https:\/\/www.latribunedufaso.net\/wp-content\/uploads\/2024\/04\/IMG_20240422_093130_626-300x225.jpg\" alt=\"\" width=\"300\" height=\"225\" srcset=\"https:\/\/www.latribunedufaso.net\/wp-content\/uploads\/2024\/04\/IMG_20240422_093130_626-300x225.jpg 300w, https:\/\/www.latribunedufaso.net\/wp-content\/uploads\/2024\/04\/IMG_20240422_093130_626-1024x768.jpg 1024w, https:\/\/www.latribunedufaso.net\/wp-content\/uploads\/2024\/04\/IMG_20240422_093130_626-768x576.jpg 768w, https:\/\/www.latribunedufaso.net\/wp-content\/uploads\/2024\/04\/IMG_20240422_093130_626-1536x1152.jpg 1536w, https:\/\/www.latribunedufaso.net\/wp-content\/uploads\/2024\/04\/IMG_20240422_093130_626-2048x1536.jpg 2048w\" sizes=\"auto, (max-width: 300px) 100vw, 300px\" \/><\/a><a href=\"https:\/\/www.latribunedufaso.net\/wp-content\/uploads\/2024\/04\/IMG_20240422_111451_031-scaled.jpg\"><img loading=\"lazy\" decoding=\"async\" class=\"size-medium wp-image-12965 alignleft\" src=\"https:\/\/www.latribunedufaso.net\/wp-content\/uploads\/2024\/04\/IMG_20240422_111451_031-300x225.jpg\" alt=\"\" width=\"300\" height=\"225\" srcset=\"https:\/\/www.latribunedufaso.net\/wp-content\/uploads\/2024\/04\/IMG_20240422_111451_031-300x225.jpg 300w, https:\/\/www.latribunedufaso.net\/wp-content\/uploads\/2024\/04\/IMG_20240422_111451_031-1024x768.jpg 1024w, https:\/\/www.latribunedufaso.net\/wp-content\/uploads\/2024\/04\/IMG_20240422_111451_031-768x576.jpg 768w, https:\/\/www.latribunedufaso.net\/wp-content\/uploads\/2024\/04\/IMG_20240422_111451_031-1536x1152.jpg 1536w, https:\/\/www.latribunedufaso.net\/wp-content\/uploads\/2024\/04\/IMG_20240422_111451_031-2048x1536.jpg 2048w\" sizes=\"auto, (max-width: 300px) 100vw, 300px\" \/><\/a><\/strong><\/p>\n<p>&nbsp;<\/p>\n","protected":false},"excerpt":{"rendered":"<p>L\u2019Association pour la sauvegarde des masques (ASAMA) a organis\u00e9, le 22 avril 2024 \u00e0 D\u00e9dougou, une conf\u00e9rence publique sur le th\u00e8me : \u00ab Masque, culture et r\u00e9silience \u00bb. Elle s\u2019est tenue dans le cadre de la 16e \u00e9dition du Festival international des masques et des arts de D\u00e9dougou (FESTIMA) qui se tient du 18 au 25 avril 2024. La conf\u00e9rence a connu la participation des \u00e9tudiants de l\u2019Universit\u00e9 Daniel Ouezzin Coulibaly de D\u00e9dougou.<\/p>\n","protected":false},"author":5,"featured_media":12967,"comment_status":"open","ping_status":"open","sticky":false,"template":"","format":"standard","meta":{"footnotes":""},"categories":[13,1,30],"tags":[],"class_list":["post-12964","post","type-post","status-publish","format-standard","has-post-thumbnail","hentry","category-une","category-actu","category-art-et-culture"],"yoast_head":"<!-- This site is optimized with the Yoast SEO plugin v27.5 - https:\/\/yoast.com\/product\/yoast-seo-wordpress\/ -->\n<title>16e \u00e9dition du FESTIMA : L\u2019ASAMA r\u00e9fl\u00e9chit sur l\u2019apport de la culture dans la r\u00e9silience en temps de crise - La Tribune du Faso<\/title>\n<meta name=\"robots\" content=\"index, follow, max-snippet:-1, max-image-preview:large, max-video-preview:-1\" \/>\n<link rel=\"canonical\" href=\"https:\/\/www.latribunedufaso.net\/?p=12964\" \/>\n<meta property=\"og:locale\" content=\"fr_FR\" \/>\n<meta property=\"og:type\" content=\"article\" \/>\n<meta property=\"og:title\" content=\"16e \u00e9dition du FESTIMA : L\u2019ASAMA r\u00e9fl\u00e9chit sur l\u2019apport de la culture dans la r\u00e9silience en temps de crise - La Tribune du Faso\" \/>\n<meta property=\"og:description\" content=\"L\u2019Association pour la sauvegarde des masques (ASAMA) a organis\u00e9, le 22 avril 2024 \u00e0 D\u00e9dougou, une conf\u00e9rence publique sur le th\u00e8me : \u00ab Masque, culture et r\u00e9silience \u00bb. Elle s\u2019est tenue dans le cadre de la 16e \u00e9dition du Festival international des masques et des arts de D\u00e9dougou (FESTIMA) qui se tient du 18 au 25 avril 2024. La conf\u00e9rence a connu la participation des \u00e9tudiants de l\u2019Universit\u00e9 Daniel Ouezzin Coulibaly de D\u00e9dougou.\" \/>\n<meta property=\"og:url\" content=\"https:\/\/www.latribunedufaso.net\/?p=12964\" \/>\n<meta property=\"og:site_name\" content=\"La Tribune du Faso\" \/>\n<meta property=\"article:publisher\" content=\"https:\/\/www.facebook.com\/LatribuneduFaso\/\" \/>\n<meta property=\"article:published_time\" content=\"2024-04-23T10:10:29+00:00\" \/>\n<meta property=\"article:modified_time\" content=\"2024-04-23T20:10:42+00:00\" \/>\n<meta property=\"og:image\" content=\"https:\/\/www.latribunedufaso.net\/wp-content\/uploads\/2024\/04\/IMG_20240422_093036_700-scaled.jpg\" \/>\n\t<meta property=\"og:image:width\" content=\"2560\" \/>\n\t<meta property=\"og:image:height\" content=\"1920\" \/>\n\t<meta property=\"og:image:type\" content=\"image\/jpeg\" \/>\n<meta name=\"author\" content=\"Issouf Tapsoba\" \/>\n<meta name=\"twitter:label1\" content=\"\u00c9crit par\" \/>\n\t<meta name=\"twitter:data1\" content=\"Issouf Tapsoba\" \/>\n\t<meta name=\"twitter:label2\" content=\"Dur\u00e9e de lecture estim\u00e9e\" \/>\n\t<meta name=\"twitter:data2\" content=\"3 minutes\" \/>\n<script type=\"application\/ld+json\" class=\"yoast-schema-graph\">{\"@context\":\"https:\\\/\\\/schema.org\",\"@graph\":[{\"@type\":\"Article\",\"@id\":\"https:\\\/\\\/www.latribunedufaso.net\\\/?p=12964#article\",\"isPartOf\":{\"@id\":\"https:\\\/\\\/www.latribunedufaso.net\\\/?p=12964\"},\"author\":{\"name\":\"Issouf Tapsoba\",\"@id\":\"https:\\\/\\\/www.latribunedufaso.net\\\/#\\\/schema\\\/person\\\/e54e64c5778a7e72cf80a318b7a622b0\"},\"headline\":\"16e \u00e9dition du FESTIMA : L\u2019ASAMA r\u00e9fl\u00e9chit sur l\u2019apport de la culture dans la r\u00e9silience en temps de crise\",\"datePublished\":\"2024-04-23T10:10:29+00:00\",\"dateModified\":\"2024-04-23T20:10:42+00:00\",\"mainEntityOfPage\":{\"@id\":\"https:\\\/\\\/www.latribunedufaso.net\\\/?p=12964\"},\"wordCount\":592,\"commentCount\":0,\"publisher\":{\"@id\":\"https:\\\/\\\/www.latribunedufaso.net\\\/#organization\"},\"image\":{\"@id\":\"https:\\\/\\\/www.latribunedufaso.net\\\/?p=12964#primaryimage\"},\"thumbnailUrl\":\"https:\\\/\\\/www.latribunedufaso.net\\\/wp-content\\\/uploads\\\/2024\\\/04\\\/IMG_20240422_093036_700-scaled.jpg\",\"articleSection\":[\"A la une\",\"Actualit\u00e9\",\"Art et Culture\"],\"inLanguage\":\"fr-FR\",\"potentialAction\":[{\"@type\":\"CommentAction\",\"name\":\"Comment\",\"target\":[\"https:\\\/\\\/www.latribunedufaso.net\\\/?p=12964#respond\"]}]},{\"@type\":\"WebPage\",\"@id\":\"https:\\\/\\\/www.latribunedufaso.net\\\/?p=12964\",\"url\":\"https:\\\/\\\/www.latribunedufaso.net\\\/?p=12964\",\"name\":\"16e \u00e9dition du FESTIMA : L\u2019ASAMA r\u00e9fl\u00e9chit sur l\u2019apport de la culture dans la r\u00e9silience en temps de crise - La Tribune du Faso\",\"isPartOf\":{\"@id\":\"https:\\\/\\\/www.latribunedufaso.net\\\/#website\"},\"primaryImageOfPage\":{\"@id\":\"https:\\\/\\\/www.latribunedufaso.net\\\/?p=12964#primaryimage\"},\"image\":{\"@id\":\"https:\\\/\\\/www.latribunedufaso.net\\\/?p=12964#primaryimage\"},\"thumbnailUrl\":\"https:\\\/\\\/www.latribunedufaso.net\\\/wp-content\\\/uploads\\\/2024\\\/04\\\/IMG_20240422_093036_700-scaled.jpg\",\"datePublished\":\"2024-04-23T10:10:29+00:00\",\"dateModified\":\"2024-04-23T20:10:42+00:00\",\"breadcrumb\":{\"@id\":\"https:\\\/\\\/www.latribunedufaso.net\\\/?p=12964#breadcrumb\"},\"inLanguage\":\"fr-FR\",\"potentialAction\":[{\"@type\":\"ReadAction\",\"target\":[\"https:\\\/\\\/www.latribunedufaso.net\\\/?p=12964\"]}]},{\"@type\":\"ImageObject\",\"inLanguage\":\"fr-FR\",\"@id\":\"https:\\\/\\\/www.latribunedufaso.net\\\/?p=12964#primaryimage\",\"url\":\"https:\\\/\\\/www.latribunedufaso.net\\\/wp-content\\\/uploads\\\/2024\\\/04\\\/IMG_20240422_093036_700-scaled.jpg\",\"contentUrl\":\"https:\\\/\\\/www.latribunedufaso.net\\\/wp-content\\\/uploads\\\/2024\\\/04\\\/IMG_20240422_093036_700-scaled.jpg\",\"width\":2560,\"height\":1920},{\"@type\":\"BreadcrumbList\",\"@id\":\"https:\\\/\\\/www.latribunedufaso.net\\\/?p=12964#breadcrumb\",\"itemListElement\":[{\"@type\":\"ListItem\",\"position\":1,\"name\":\"Accueil\",\"item\":\"https:\\\/\\\/www.latribunedufaso.net\\\/\"},{\"@type\":\"ListItem\",\"position\":2,\"name\":\"16e \u00e9dition du FESTIMA : L\u2019ASAMA r\u00e9fl\u00e9chit sur l\u2019apport de la culture dans la r\u00e9silience en temps de crise\"}]},{\"@type\":\"WebSite\",\"@id\":\"https:\\\/\\\/www.latribunedufaso.net\\\/#website\",\"url\":\"https:\\\/\\\/www.latribunedufaso.net\\\/\",\"name\":\"La Tribune du Faso\",\"description\":\"L&#039;information du monde rural en un clic\",\"publisher\":{\"@id\":\"https:\\\/\\\/www.latribunedufaso.net\\\/#organization\"},\"potentialAction\":[{\"@type\":\"SearchAction\",\"target\":{\"@type\":\"EntryPoint\",\"urlTemplate\":\"https:\\\/\\\/www.latribunedufaso.net\\\/?s={search_term_string}\"},\"query-input\":{\"@type\":\"PropertyValueSpecification\",\"valueRequired\":true,\"valueName\":\"search_term_string\"}}],\"inLanguage\":\"fr-FR\"},{\"@type\":\"Organization\",\"@id\":\"https:\\\/\\\/www.latribunedufaso.net\\\/#organization\",\"name\":\"La Tribune du Faso\",\"url\":\"https:\\\/\\\/www.latribunedufaso.net\\\/\",\"logo\":{\"@type\":\"ImageObject\",\"inLanguage\":\"fr-FR\",\"@id\":\"https:\\\/\\\/www.latribunedufaso.net\\\/#\\\/schema\\\/logo\\\/image\\\/\",\"url\":\"https:\\\/\\\/www.latribunedufaso.net\\\/wp-content\\\/uploads\\\/2020\\\/08\\\/Logo-Tribune-du-Faso-final-scaled.jpg\",\"contentUrl\":\"https:\\\/\\\/www.latribunedufaso.net\\\/wp-content\\\/uploads\\\/2020\\\/08\\\/Logo-Tribune-du-Faso-final-scaled.jpg\",\"width\":2560,\"height\":1856,\"caption\":\"La Tribune du Faso\"},\"image\":{\"@id\":\"https:\\\/\\\/www.latribunedufaso.net\\\/#\\\/schema\\\/logo\\\/image\\\/\"},\"sameAs\":[\"https:\\\/\\\/www.facebook.com\\\/LatribuneduFaso\\\/\"]},{\"@type\":\"Person\",\"@id\":\"https:\\\/\\\/www.latribunedufaso.net\\\/#\\\/schema\\\/person\\\/e54e64c5778a7e72cf80a318b7a622b0\",\"name\":\"Issouf Tapsoba\",\"image\":{\"@type\":\"ImageObject\",\"inLanguage\":\"fr-FR\",\"@id\":\"https:\\\/\\\/secure.gravatar.com\\\/avatar\\\/5e6c05150ce3230247d167f5b94d678eb05936197436d69b7921e3a95c9107ac?s=96&d=mm&r=g\",\"url\":\"https:\\\/\\\/secure.gravatar.com\\\/avatar\\\/5e6c05150ce3230247d167f5b94d678eb05936197436d69b7921e3a95c9107ac?s=96&d=mm&r=g\",\"contentUrl\":\"https:\\\/\\\/secure.gravatar.com\\\/avatar\\\/5e6c05150ce3230247d167f5b94d678eb05936197436d69b7921e3a95c9107ac?s=96&d=mm&r=g\",\"caption\":\"Issouf Tapsoba\"},\"url\":\"https:\\\/\\\/www.latribunedufaso.net\\\/?author=5\"}]}<\/script>\n<!-- \/ Yoast SEO plugin. -->","yoast_head_json":{"title":"16e \u00e9dition du FESTIMA : L\u2019ASAMA r\u00e9fl\u00e9chit sur l\u2019apport de la culture dans la r\u00e9silience en temps de crise - La Tribune du Faso","robots":{"index":"index","follow":"follow","max-snippet":"max-snippet:-1","max-image-preview":"max-image-preview:large","max-video-preview":"max-video-preview:-1"},"canonical":"https:\/\/www.latribunedufaso.net\/?p=12964","og_locale":"fr_FR","og_type":"article","og_title":"16e \u00e9dition du FESTIMA : L\u2019ASAMA r\u00e9fl\u00e9chit sur l\u2019apport de la culture dans la r\u00e9silience en temps de crise - La Tribune du Faso","og_description":"L\u2019Association pour la sauvegarde des masques (ASAMA) a organis\u00e9, le 22 avril 2024 \u00e0 D\u00e9dougou, une conf\u00e9rence publique sur le th\u00e8me : \u00ab Masque, culture et r\u00e9silience \u00bb. Elle s\u2019est tenue dans le cadre de la 16e \u00e9dition du Festival international des masques et des arts de D\u00e9dougou (FESTIMA) qui se tient du 18 au 25 avril 2024. La conf\u00e9rence a connu la participation des \u00e9tudiants de l\u2019Universit\u00e9 Daniel Ouezzin Coulibaly de D\u00e9dougou.","og_url":"https:\/\/www.latribunedufaso.net\/?p=12964","og_site_name":"La Tribune du Faso","article_publisher":"https:\/\/www.facebook.com\/LatribuneduFaso\/","article_published_time":"2024-04-23T10:10:29+00:00","article_modified_time":"2024-04-23T20:10:42+00:00","og_image":[{"width":2560,"height":1920,"url":"https:\/\/www.latribunedufaso.net\/wp-content\/uploads\/2024\/04\/IMG_20240422_093036_700-scaled.jpg","type":"image\/jpeg"}],"author":"Issouf Tapsoba","twitter_misc":{"\u00c9crit par":"Issouf Tapsoba","Dur\u00e9e de lecture estim\u00e9e":"3 minutes"},"schema":{"@context":"https:\/\/schema.org","@graph":[{"@type":"Article","@id":"https:\/\/www.latribunedufaso.net\/?p=12964#article","isPartOf":{"@id":"https:\/\/www.latribunedufaso.net\/?p=12964"},"author":{"name":"Issouf Tapsoba","@id":"https:\/\/www.latribunedufaso.net\/#\/schema\/person\/e54e64c5778a7e72cf80a318b7a622b0"},"headline":"16e \u00e9dition du FESTIMA : L\u2019ASAMA r\u00e9fl\u00e9chit sur l\u2019apport de la culture dans la r\u00e9silience en temps de crise","datePublished":"2024-04-23T10:10:29+00:00","dateModified":"2024-04-23T20:10:42+00:00","mainEntityOfPage":{"@id":"https:\/\/www.latribunedufaso.net\/?p=12964"},"wordCount":592,"commentCount":0,"publisher":{"@id":"https:\/\/www.latribunedufaso.net\/#organization"},"image":{"@id":"https:\/\/www.latribunedufaso.net\/?p=12964#primaryimage"},"thumbnailUrl":"https:\/\/www.latribunedufaso.net\/wp-content\/uploads\/2024\/04\/IMG_20240422_093036_700-scaled.jpg","articleSection":["A la une","Actualit\u00e9","Art et Culture"],"inLanguage":"fr-FR","potentialAction":[{"@type":"CommentAction","name":"Comment","target":["https:\/\/www.latribunedufaso.net\/?p=12964#respond"]}]},{"@type":"WebPage","@id":"https:\/\/www.latribunedufaso.net\/?p=12964","url":"https:\/\/www.latribunedufaso.net\/?p=12964","name":"16e \u00e9dition du FESTIMA : L\u2019ASAMA r\u00e9fl\u00e9chit sur l\u2019apport de la culture dans la r\u00e9silience en temps de crise - La Tribune du Faso","isPartOf":{"@id":"https:\/\/www.latribunedufaso.net\/#website"},"primaryImageOfPage":{"@id":"https:\/\/www.latribunedufaso.net\/?p=12964#primaryimage"},"image":{"@id":"https:\/\/www.latribunedufaso.net\/?p=12964#primaryimage"},"thumbnailUrl":"https:\/\/www.latribunedufaso.net\/wp-content\/uploads\/2024\/04\/IMG_20240422_093036_700-scaled.jpg","datePublished":"2024-04-23T10:10:29+00:00","dateModified":"2024-04-23T20:10:42+00:00","breadcrumb":{"@id":"https:\/\/www.latribunedufaso.net\/?p=12964#breadcrumb"},"inLanguage":"fr-FR","potentialAction":[{"@type":"ReadAction","target":["https:\/\/www.latribunedufaso.net\/?p=12964"]}]},{"@type":"ImageObject","inLanguage":"fr-FR","@id":"https:\/\/www.latribunedufaso.net\/?p=12964#primaryimage","url":"https:\/\/www.latribunedufaso.net\/wp-content\/uploads\/2024\/04\/IMG_20240422_093036_700-scaled.jpg","contentUrl":"https:\/\/www.latribunedufaso.net\/wp-content\/uploads\/2024\/04\/IMG_20240422_093036_700-scaled.jpg","width":2560,"height":1920},{"@type":"BreadcrumbList","@id":"https:\/\/www.latribunedufaso.net\/?p=12964#breadcrumb","itemListElement":[{"@type":"ListItem","position":1,"name":"Accueil","item":"https:\/\/www.latribunedufaso.net\/"},{"@type":"ListItem","position":2,"name":"16e \u00e9dition du FESTIMA : L\u2019ASAMA r\u00e9fl\u00e9chit sur l\u2019apport de la culture dans la r\u00e9silience en temps de crise"}]},{"@type":"WebSite","@id":"https:\/\/www.latribunedufaso.net\/#website","url":"https:\/\/www.latribunedufaso.net\/","name":"La Tribune du Faso","description":"L&#039;information du monde rural en un clic","publisher":{"@id":"https:\/\/www.latribunedufaso.net\/#organization"},"potentialAction":[{"@type":"SearchAction","target":{"@type":"EntryPoint","urlTemplate":"https:\/\/www.latribunedufaso.net\/?s={search_term_string}"},"query-input":{"@type":"PropertyValueSpecification","valueRequired":true,"valueName":"search_term_string"}}],"inLanguage":"fr-FR"},{"@type":"Organization","@id":"https:\/\/www.latribunedufaso.net\/#organization","name":"La Tribune du Faso","url":"https:\/\/www.latribunedufaso.net\/","logo":{"@type":"ImageObject","inLanguage":"fr-FR","@id":"https:\/\/www.latribunedufaso.net\/#\/schema\/logo\/image\/","url":"https:\/\/www.latribunedufaso.net\/wp-content\/uploads\/2020\/08\/Logo-Tribune-du-Faso-final-scaled.jpg","contentUrl":"https:\/\/www.latribunedufaso.net\/wp-content\/uploads\/2020\/08\/Logo-Tribune-du-Faso-final-scaled.jpg","width":2560,"height":1856,"caption":"La Tribune du Faso"},"image":{"@id":"https:\/\/www.latribunedufaso.net\/#\/schema\/logo\/image\/"},"sameAs":["https:\/\/www.facebook.com\/LatribuneduFaso\/"]},{"@type":"Person","@id":"https:\/\/www.latribunedufaso.net\/#\/schema\/person\/e54e64c5778a7e72cf80a318b7a622b0","name":"Issouf Tapsoba","image":{"@type":"ImageObject","inLanguage":"fr-FR","@id":"https:\/\/secure.gravatar.com\/avatar\/5e6c05150ce3230247d167f5b94d678eb05936197436d69b7921e3a95c9107ac?s=96&d=mm&r=g","url":"https:\/\/secure.gravatar.com\/avatar\/5e6c05150ce3230247d167f5b94d678eb05936197436d69b7921e3a95c9107ac?s=96&d=mm&r=g","contentUrl":"https:\/\/secure.gravatar.com\/avatar\/5e6c05150ce3230247d167f5b94d678eb05936197436d69b7921e3a95c9107ac?s=96&d=mm&r=g","caption":"Issouf Tapsoba"},"url":"https:\/\/www.latribunedufaso.net\/?author=5"}]}},"_links":{"self":[{"href":"https:\/\/www.latribunedufaso.net\/index.php?rest_route=\/wp\/v2\/posts\/12964","targetHints":{"allow":["GET"]}}],"collection":[{"href":"https:\/\/www.latribunedufaso.net\/index.php?rest_route=\/wp\/v2\/posts"}],"about":[{"href":"https:\/\/www.latribunedufaso.net\/index.php?rest_route=\/wp\/v2\/types\/post"}],"author":[{"embeddable":true,"href":"https:\/\/www.latribunedufaso.net\/index.php?rest_route=\/wp\/v2\/users\/5"}],"replies":[{"embeddable":true,"href":"https:\/\/www.latribunedufaso.net\/index.php?rest_route=%2Fwp%2Fv2%2Fcomments&post=12964"}],"version-history":[{"count":1,"href":"https:\/\/www.latribunedufaso.net\/index.php?rest_route=\/wp\/v2\/posts\/12964\/revisions"}],"predecessor-version":[{"id":12971,"href":"https:\/\/www.latribunedufaso.net\/index.php?rest_route=\/wp\/v2\/posts\/12964\/revisions\/12971"}],"wp:featuredmedia":[{"embeddable":true,"href":"https:\/\/www.latribunedufaso.net\/index.php?rest_route=\/wp\/v2\/media\/12967"}],"wp:attachment":[{"href":"https:\/\/www.latribunedufaso.net\/index.php?rest_route=%2Fwp%2Fv2%2Fmedia&parent=12964"}],"wp:term":[{"taxonomy":"category","embeddable":true,"href":"https:\/\/www.latribunedufaso.net\/index.php?rest_route=%2Fwp%2Fv2%2Fcategories&post=12964"},{"taxonomy":"post_tag","embeddable":true,"href":"https:\/\/www.latribunedufaso.net\/index.php?rest_route=%2Fwp%2Fv2%2Ftags&post=12964"}],"curies":[{"name":"wp","href":"https:\/\/api.w.org\/{rel}","templated":true}]}}