{"id":12826,"date":"2024-04-15T19:40:13","date_gmt":"2024-04-15T19:40:13","guid":{"rendered":"https:\/\/www.latribunedufaso.net\/?p=12826"},"modified":"2024-04-15T19:40:13","modified_gmt":"2024-04-15T19:40:13","slug":"1er-casem-2024-du-ministere-des-transports-les-problemes-de-mobilite-urbaine-dans-les-villes-en-reflexion","status":"publish","type":"post","link":"https:\/\/www.latribunedufaso.net\/?p=12826","title":{"rendered":"1er CASEM 2024 du minist\u00e8re des Transports : Les probl\u00e8mes de mobilit\u00e9 urbaine dans les villes en r\u00e9flexion\u00a0"},"content":{"rendered":"<p><strong><span style=\"font-size: 1.0625rem;\">Le minist\u00e8re des Transports, de la Mobilit\u00e9 urbaine et de la S\u00e9curit\u00e9 routi\u00e8re tient les 15 et 16 avril 2024 \u00e0 Ouagadougou, la premi\u00e8re session ordinaire 2024 du Conseil d\u2019administration du secteur minist\u00e9riel (CASEM). Elle porte sur le th\u00e8me : \u00ab Mobilit\u00e9 urbaine dans nos villes : D\u00e9fis et perspectives \u00bb. Cette rencontre vise \u00e0 \u00e9changer sur le bilan des activit\u00e9s de l&rsquo;ann\u00e9e 2023 et \u00e9galement sur le rapport global de performance des diff\u00e9rentes structures du minist\u00e8re. La c\u00e9r\u00e9monie d&rsquo;ouverture des travaux a eu lieu le 15 avril sous la pr\u00e9sidence du ministre des Transports, Roland Somda.<\/span><\/strong><br \/><!--more--><\/p>\n<p><a href=\"https:\/\/www.latribunedufaso.net\/wp-content\/uploads\/2024\/04\/IMG_20240415_094233_581-scaled.jpg\"><img loading=\"lazy\" decoding=\"async\" class=\"size-medium wp-image-12828 alignleft\" src=\"https:\/\/www.latribunedufaso.net\/wp-content\/uploads\/2024\/04\/IMG_20240415_094233_581-300x225.jpg\" alt=\"\" width=\"300\" height=\"225\" srcset=\"https:\/\/www.latribunedufaso.net\/wp-content\/uploads\/2024\/04\/IMG_20240415_094233_581-300x225.jpg 300w, https:\/\/www.latribunedufaso.net\/wp-content\/uploads\/2024\/04\/IMG_20240415_094233_581-1024x768.jpg 1024w, https:\/\/www.latribunedufaso.net\/wp-content\/uploads\/2024\/04\/IMG_20240415_094233_581-768x576.jpg 768w, https:\/\/www.latribunedufaso.net\/wp-content\/uploads\/2024\/04\/IMG_20240415_094233_581-1536x1152.jpg 1536w, https:\/\/www.latribunedufaso.net\/wp-content\/uploads\/2024\/04\/IMG_20240415_094233_581-2048x1536.jpg 2048w\" sizes=\"auto, (max-width: 300px) 100vw, 300px\" \/><\/a>77,96%, c&rsquo;est le taux de r\u00e9alisation physique des activit\u00e9s du minist\u00e8re en 2023. Selon la Secr\u00e9taire g\u00e9n\u00e9rale, Kiswensida Alice Ou\u00e9draogo,ce taux para\u00eet satisfaisant au regard du contexte s\u00e9curitaire et humanitaire difficile dans lequel les activit\u00e9s se sont r\u00e9alis\u00e9es. \u00ab Nous travaillerons \u00e0 l&rsquo;am\u00e9liorer. Du reste, l&rsquo;un des objectifs de cette session est de nous interroger sur les causes de nos contre-performances, les contraintes et comment faire en sorte de mitiger ces causes et att\u00e9nuer les faiblesses pour avoir de meilleures performances pour l&rsquo;ann\u00e9e 2024 \u00bb, a-t-elle ajout\u00e9.<\/p>\n<p>La rencontre sera \u00e9galement l&rsquo;occasion pour les acteurs du d\u00e9partement de r\u00e9fl\u00e9chir sur la probl\u00e9matique de la mobilit\u00e9 urbaine. Selon le ministre des Transports, Roland Somda, les centres urbains sont confront\u00e9s \u00e0 plusieurs d\u00e9fis de mobilit\u00e9 qui affectent la qualit\u00e9 de vie des habitants ainsi que le d\u00e9veloppement \u00e9conomique et social. Il s&rsquo;agit notamment de l\u2019augmentation des moyens individuels de transport, le faible d\u00e9veloppement des am\u00e9nagements urbains, l\u2019insuffisance des moyens de transports en commun, coupl\u00e9 \u00e0 l\u2019incivisme et \u00e0 la m\u00e9connaissance du code de la route.\u00a0<\/p>\n<p><a href=\"https:\/\/www.latribunedufaso.net\/wp-content\/uploads\/2024\/04\/IMG_20240415_091705_371-scaled.jpg\"><img loading=\"lazy\" decoding=\"async\" class=\"size-medium wp-image-12831 alignleft\" src=\"https:\/\/www.latribunedufaso.net\/wp-content\/uploads\/2024\/04\/IMG_20240415_091705_371-300x225.jpg\" alt=\"\" width=\"300\" height=\"225\" srcset=\"https:\/\/www.latribunedufaso.net\/wp-content\/uploads\/2024\/04\/IMG_20240415_091705_371-300x225.jpg 300w, https:\/\/www.latribunedufaso.net\/wp-content\/uploads\/2024\/04\/IMG_20240415_091705_371-1024x768.jpg 1024w, https:\/\/www.latribunedufaso.net\/wp-content\/uploads\/2024\/04\/IMG_20240415_091705_371-768x576.jpg 768w, https:\/\/www.latribunedufaso.net\/wp-content\/uploads\/2024\/04\/IMG_20240415_091705_371-1536x1152.jpg 1536w, https:\/\/www.latribunedufaso.net\/wp-content\/uploads\/2024\/04\/IMG_20240415_091705_371-2048x1536.jpg 2048w\" sizes=\"auto, (max-width: 300px) 100vw, 300px\" \/><\/a>A \u00e9couter le premier responsable du d\u00e9partement, Roland Somda, 5 communications en lien avec le th\u00e8me de la session seront pr\u00e9sent\u00e9es. Il s&rsquo;agit : (i)la probl\u00e9matique de la gouvernance des gares routi\u00e8res, (ii) la probl\u00e9matique de la circulation et du stationnement des v\u00e9hicules poids lourds dans les grandes villes du Burkina, (iii) le Projet de mobilit\u00e9 et de d\u00e9veloppement urbain des villes secondaires, et (iv) les innovations technologiques et la mobilit\u00e9 urbaine intelligente.<\/p>\n<p>Il a invit\u00e9 les participants \u00e0 une participation efficace et assidue aux travaux et \u00e0 faire preuve de rigueur et de pertinence dans l\u2019analyse des r\u00e9sultats.\u00a0<\/p>\n<p><a href=\"https:\/\/www.latribunedufaso.net\/wp-content\/uploads\/2024\/04\/IMG_20240415_090633_143-scaled.jpg\"><img loading=\"lazy\" decoding=\"async\" class=\"size-medium wp-image-12830 alignleft\" src=\"https:\/\/www.latribunedufaso.net\/wp-content\/uploads\/2024\/04\/IMG_20240415_090633_143-300x225.jpg\" alt=\"\" width=\"300\" height=\"225\" srcset=\"https:\/\/www.latribunedufaso.net\/wp-content\/uploads\/2024\/04\/IMG_20240415_090633_143-300x225.jpg 300w, https:\/\/www.latribunedufaso.net\/wp-content\/uploads\/2024\/04\/IMG_20240415_090633_143-1024x768.jpg 1024w, https:\/\/www.latribunedufaso.net\/wp-content\/uploads\/2024\/04\/IMG_20240415_090633_143-768x576.jpg 768w, https:\/\/www.latribunedufaso.net\/wp-content\/uploads\/2024\/04\/IMG_20240415_090633_143-1536x1152.jpg 1536w, https:\/\/www.latribunedufaso.net\/wp-content\/uploads\/2024\/04\/IMG_20240415_090633_143-2048x1536.jpg 2048w\" sizes=\"auto, (max-width: 300px) 100vw, 300px\" \/><\/a>A \u00e9couter Kiswensida Alice Ou\u00e9draogo, par ailleurs pr\u00e9sidente du comit\u00e9 d&rsquo;organisation, 3 innovations ont \u00e9t\u00e9 introduites dans cette session du CASEM. En effet, le ministre a tenu \u00e0 rendre hommage aux chauffeurs et transporteurs routiers pour leur t\u00e9moigner la reconnaissance de la Nation. A cela s&rsquo;ajoutent la pr\u00e9sentation par les responsables des diff\u00e9rents d\u00e9partements du bilan de leurs activit\u00e9s sur support vid\u00e9o avec les r\u00e9sultats majeurs de l&rsquo;ann\u00e9e.\u00a0<\/p>\n<p>La derni\u00e8re innovations est apport\u00e9e par le comit\u00e9 d&rsquo;\u00e9valuation des performances des structures du minist\u00e8re qui a introduit une \u00e9valuation comparative de leur performance sur plusieurs ann\u00e9es. \u00ab Cela permettra \u00e0 chaque structure de s&rsquo;assurer qu&rsquo;elle am\u00e9liore continuellement non seulement sa performance globale mais aussi sa performance selon chaque crit\u00e8res d\u00e9finis \u00bb,\u00a0<\/p>\n<p><strong>Issouf Tapsoba\u00a0<\/strong><\/p>\n<p><strong>Latribunedufaso.net<a href=\"https:\/\/www.latribunedufaso.net\/wp-content\/uploads\/2024\/04\/IMG_20240415_090517_722-scaled.jpg\"><img loading=\"lazy\" decoding=\"async\" class=\"size-medium wp-image-12829 alignleft\" src=\"https:\/\/www.latribunedufaso.net\/wp-content\/uploads\/2024\/04\/IMG_20240415_090517_722-300x225.jpg\" alt=\"\" width=\"300\" height=\"225\" srcset=\"https:\/\/www.latribunedufaso.net\/wp-content\/uploads\/2024\/04\/IMG_20240415_090517_722-300x225.jpg 300w, https:\/\/www.latribunedufaso.net\/wp-content\/uploads\/2024\/04\/IMG_20240415_090517_722-1024x768.jpg 1024w, https:\/\/www.latribunedufaso.net\/wp-content\/uploads\/2024\/04\/IMG_20240415_090517_722-768x576.jpg 768w, https:\/\/www.latribunedufaso.net\/wp-content\/uploads\/2024\/04\/IMG_20240415_090517_722-1536x1152.jpg 1536w, https:\/\/www.latribunedufaso.net\/wp-content\/uploads\/2024\/04\/IMG_20240415_090517_722-2048x1536.jpg 2048w\" sizes=\"auto, (max-width: 300px) 100vw, 300px\" \/><\/a><\/strong><\/p>\n","protected":false},"excerpt":{"rendered":"<p>Le minist\u00e8re des Transports, de la Mobilit\u00e9 urbaine et de la S\u00e9curit\u00e9 routi\u00e8re tient les 15 et 16 avril 2024 \u00e0 Ouagadougou, la premi\u00e8re session ordinaire 2024 du Conseil d\u2019administration du secteur minist\u00e9riel (CASEM). Elle porte sur le th\u00e8me : \u00ab Mobilit\u00e9 urbaine dans nos villes : D\u00e9fis et perspectives \u00bb. Cette rencontre vise \u00e0 \u00e9changer sur le bilan des activit\u00e9s de l&rsquo;ann\u00e9e 2023 et \u00e9galement sur le rapport global de performance des diff\u00e9rentes structures du minist\u00e8re. La c\u00e9r\u00e9monie d&rsquo;ouverture des travaux a eu lieu le 15 avril sous la pr\u00e9sidence du ministre des Transports, Roland Somda.<\/p>\n","protected":false},"author":5,"featured_media":12827,"comment_status":"open","ping_status":"open","sticky":false,"template":"","format":"standard","meta":{"footnotes":""},"categories":[13,1,22],"tags":[],"class_list":["post-12826","post","type-post","status-publish","format-standard","has-post-thumbnail","hentry","category-une","category-actu","category-securite-routiere"],"yoast_head":"<!-- This site is optimized with the Yoast SEO plugin v27.4 - https:\/\/yoast.com\/product\/yoast-seo-wordpress\/ -->\n<title>1er CASEM 2024 du minist\u00e8re des Transports : Les probl\u00e8mes de mobilit\u00e9 urbaine dans les villes en r\u00e9flexion\u00a0 - La Tribune du Faso<\/title>\n<meta name=\"robots\" content=\"index, follow, max-snippet:-1, max-image-preview:large, max-video-preview:-1\" \/>\n<link rel=\"canonical\" href=\"https:\/\/www.latribunedufaso.net\/?p=12826\" \/>\n<meta property=\"og:locale\" content=\"fr_FR\" \/>\n<meta property=\"og:type\" content=\"article\" \/>\n<meta property=\"og:title\" content=\"1er CASEM 2024 du minist\u00e8re des Transports : Les probl\u00e8mes de mobilit\u00e9 urbaine dans les villes en r\u00e9flexion\u00a0 - La Tribune du Faso\" \/>\n<meta property=\"og:description\" content=\"Le minist\u00e8re des Transports, de la Mobilit\u00e9 urbaine et de la S\u00e9curit\u00e9 routi\u00e8re tient les 15 et 16 avril 2024 \u00e0 Ouagadougou, la premi\u00e8re session ordinaire 2024 du Conseil d\u2019administration du secteur minist\u00e9riel (CASEM). Elle porte sur le th\u00e8me : \u00ab Mobilit\u00e9 urbaine dans nos villes : D\u00e9fis et perspectives \u00bb. Cette rencontre vise \u00e0 \u00e9changer sur le bilan des activit\u00e9s de l&rsquo;ann\u00e9e 2023 et \u00e9galement sur le rapport global de performance des diff\u00e9rentes structures du minist\u00e8re. La c\u00e9r\u00e9monie d&rsquo;ouverture des travaux a eu lieu le 15 avril sous la pr\u00e9sidence du ministre des Transports, Roland Somda.\" \/>\n<meta property=\"og:url\" content=\"https:\/\/www.latribunedufaso.net\/?p=12826\" \/>\n<meta property=\"og:site_name\" content=\"La Tribune du Faso\" \/>\n<meta property=\"article:publisher\" content=\"https:\/\/www.facebook.com\/LatribuneduFaso\/\" \/>\n<meta property=\"article:published_time\" content=\"2024-04-15T19:40:13+00:00\" \/>\n<meta property=\"og:image\" content=\"https:\/\/www.latribunedufaso.net\/wp-content\/uploads\/2024\/04\/IMG_20240415_091655_006-scaled.jpg\" \/>\n\t<meta property=\"og:image:width\" content=\"2560\" \/>\n\t<meta property=\"og:image:height\" content=\"1920\" \/>\n\t<meta property=\"og:image:type\" content=\"image\/jpeg\" \/>\n<meta name=\"author\" content=\"Issouf Tapsoba\" \/>\n<meta name=\"twitter:label1\" content=\"\u00c9crit par\" \/>\n\t<meta name=\"twitter:data1\" content=\"Issouf Tapsoba\" \/>\n\t<meta name=\"twitter:label2\" content=\"Dur\u00e9e de lecture estim\u00e9e\" \/>\n\t<meta name=\"twitter:data2\" content=\"3 minutes\" \/>\n<script type=\"application\/ld+json\" class=\"yoast-schema-graph\">{\"@context\":\"https:\\\/\\\/schema.org\",\"@graph\":[{\"@type\":\"Article\",\"@id\":\"https:\\\/\\\/www.latribunedufaso.net\\\/?p=12826#article\",\"isPartOf\":{\"@id\":\"https:\\\/\\\/www.latribunedufaso.net\\\/?p=12826\"},\"author\":{\"name\":\"Issouf Tapsoba\",\"@id\":\"https:\\\/\\\/www.latribunedufaso.net\\\/#\\\/schema\\\/person\\\/e54e64c5778a7e72cf80a318b7a622b0\"},\"headline\":\"1er CASEM 2024 du minist\u00e8re des Transports : Les probl\u00e8mes de mobilit\u00e9 urbaine dans les villes en r\u00e9flexion\u00a0\",\"datePublished\":\"2024-04-15T19:40:13+00:00\",\"mainEntityOfPage\":{\"@id\":\"https:\\\/\\\/www.latribunedufaso.net\\\/?p=12826\"},\"wordCount\":570,\"commentCount\":0,\"publisher\":{\"@id\":\"https:\\\/\\\/www.latribunedufaso.net\\\/#organization\"},\"image\":{\"@id\":\"https:\\\/\\\/www.latribunedufaso.net\\\/?p=12826#primaryimage\"},\"thumbnailUrl\":\"https:\\\/\\\/www.latribunedufaso.net\\\/wp-content\\\/uploads\\\/2024\\\/04\\\/IMG_20240415_091655_006-scaled.jpg\",\"articleSection\":[\"A la une\",\"Actualit\u00e9\",\"S\u00e9curit\u00e9 routi\u00e8re\"],\"inLanguage\":\"fr-FR\",\"potentialAction\":[{\"@type\":\"CommentAction\",\"name\":\"Comment\",\"target\":[\"https:\\\/\\\/www.latribunedufaso.net\\\/?p=12826#respond\"]}]},{\"@type\":\"WebPage\",\"@id\":\"https:\\\/\\\/www.latribunedufaso.net\\\/?p=12826\",\"url\":\"https:\\\/\\\/www.latribunedufaso.net\\\/?p=12826\",\"name\":\"1er CASEM 2024 du minist\u00e8re des Transports : Les probl\u00e8mes de mobilit\u00e9 urbaine dans les villes en r\u00e9flexion\u00a0 - La Tribune du Faso\",\"isPartOf\":{\"@id\":\"https:\\\/\\\/www.latribunedufaso.net\\\/#website\"},\"primaryImageOfPage\":{\"@id\":\"https:\\\/\\\/www.latribunedufaso.net\\\/?p=12826#primaryimage\"},\"image\":{\"@id\":\"https:\\\/\\\/www.latribunedufaso.net\\\/?p=12826#primaryimage\"},\"thumbnailUrl\":\"https:\\\/\\\/www.latribunedufaso.net\\\/wp-content\\\/uploads\\\/2024\\\/04\\\/IMG_20240415_091655_006-scaled.jpg\",\"datePublished\":\"2024-04-15T19:40:13+00:00\",\"breadcrumb\":{\"@id\":\"https:\\\/\\\/www.latribunedufaso.net\\\/?p=12826#breadcrumb\"},\"inLanguage\":\"fr-FR\",\"potentialAction\":[{\"@type\":\"ReadAction\",\"target\":[\"https:\\\/\\\/www.latribunedufaso.net\\\/?p=12826\"]}]},{\"@type\":\"ImageObject\",\"inLanguage\":\"fr-FR\",\"@id\":\"https:\\\/\\\/www.latribunedufaso.net\\\/?p=12826#primaryimage\",\"url\":\"https:\\\/\\\/www.latribunedufaso.net\\\/wp-content\\\/uploads\\\/2024\\\/04\\\/IMG_20240415_091655_006-scaled.jpg\",\"contentUrl\":\"https:\\\/\\\/www.latribunedufaso.net\\\/wp-content\\\/uploads\\\/2024\\\/04\\\/IMG_20240415_091655_006-scaled.jpg\",\"width\":2560,\"height\":1920},{\"@type\":\"BreadcrumbList\",\"@id\":\"https:\\\/\\\/www.latribunedufaso.net\\\/?p=12826#breadcrumb\",\"itemListElement\":[{\"@type\":\"ListItem\",\"position\":1,\"name\":\"Accueil\",\"item\":\"https:\\\/\\\/www.latribunedufaso.net\\\/\"},{\"@type\":\"ListItem\",\"position\":2,\"name\":\"1er CASEM 2024 du minist\u00e8re des Transports : Les probl\u00e8mes de mobilit\u00e9 urbaine dans les villes en r\u00e9flexion\u00a0\"}]},{\"@type\":\"WebSite\",\"@id\":\"https:\\\/\\\/www.latribunedufaso.net\\\/#website\",\"url\":\"https:\\\/\\\/www.latribunedufaso.net\\\/\",\"name\":\"La Tribune du Faso\",\"description\":\"L&#039;information du monde rural en un clic\",\"publisher\":{\"@id\":\"https:\\\/\\\/www.latribunedufaso.net\\\/#organization\"},\"potentialAction\":[{\"@type\":\"SearchAction\",\"target\":{\"@type\":\"EntryPoint\",\"urlTemplate\":\"https:\\\/\\\/www.latribunedufaso.net\\\/?s={search_term_string}\"},\"query-input\":{\"@type\":\"PropertyValueSpecification\",\"valueRequired\":true,\"valueName\":\"search_term_string\"}}],\"inLanguage\":\"fr-FR\"},{\"@type\":\"Organization\",\"@id\":\"https:\\\/\\\/www.latribunedufaso.net\\\/#organization\",\"name\":\"La Tribune du Faso\",\"url\":\"https:\\\/\\\/www.latribunedufaso.net\\\/\",\"logo\":{\"@type\":\"ImageObject\",\"inLanguage\":\"fr-FR\",\"@id\":\"https:\\\/\\\/www.latribunedufaso.net\\\/#\\\/schema\\\/logo\\\/image\\\/\",\"url\":\"https:\\\/\\\/www.latribunedufaso.net\\\/wp-content\\\/uploads\\\/2020\\\/08\\\/Logo-Tribune-du-Faso-final-scaled.jpg\",\"contentUrl\":\"https:\\\/\\\/www.latribunedufaso.net\\\/wp-content\\\/uploads\\\/2020\\\/08\\\/Logo-Tribune-du-Faso-final-scaled.jpg\",\"width\":2560,\"height\":1856,\"caption\":\"La Tribune du Faso\"},\"image\":{\"@id\":\"https:\\\/\\\/www.latribunedufaso.net\\\/#\\\/schema\\\/logo\\\/image\\\/\"},\"sameAs\":[\"https:\\\/\\\/www.facebook.com\\\/LatribuneduFaso\\\/\"]},{\"@type\":\"Person\",\"@id\":\"https:\\\/\\\/www.latribunedufaso.net\\\/#\\\/schema\\\/person\\\/e54e64c5778a7e72cf80a318b7a622b0\",\"name\":\"Issouf Tapsoba\",\"image\":{\"@type\":\"ImageObject\",\"inLanguage\":\"fr-FR\",\"@id\":\"https:\\\/\\\/secure.gravatar.com\\\/avatar\\\/5e6c05150ce3230247d167f5b94d678eb05936197436d69b7921e3a95c9107ac?s=96&d=mm&r=g\",\"url\":\"https:\\\/\\\/secure.gravatar.com\\\/avatar\\\/5e6c05150ce3230247d167f5b94d678eb05936197436d69b7921e3a95c9107ac?s=96&d=mm&r=g\",\"contentUrl\":\"https:\\\/\\\/secure.gravatar.com\\\/avatar\\\/5e6c05150ce3230247d167f5b94d678eb05936197436d69b7921e3a95c9107ac?s=96&d=mm&r=g\",\"caption\":\"Issouf Tapsoba\"},\"url\":\"https:\\\/\\\/www.latribunedufaso.net\\\/?author=5\"}]}<\/script>\n<!-- \/ Yoast SEO plugin. -->","yoast_head_json":{"title":"1er CASEM 2024 du minist\u00e8re des Transports : Les probl\u00e8mes de mobilit\u00e9 urbaine dans les villes en r\u00e9flexion\u00a0 - La Tribune du Faso","robots":{"index":"index","follow":"follow","max-snippet":"max-snippet:-1","max-image-preview":"max-image-preview:large","max-video-preview":"max-video-preview:-1"},"canonical":"https:\/\/www.latribunedufaso.net\/?p=12826","og_locale":"fr_FR","og_type":"article","og_title":"1er CASEM 2024 du minist\u00e8re des Transports : Les probl\u00e8mes de mobilit\u00e9 urbaine dans les villes en r\u00e9flexion\u00a0 - La Tribune du Faso","og_description":"Le minist\u00e8re des Transports, de la Mobilit\u00e9 urbaine et de la S\u00e9curit\u00e9 routi\u00e8re tient les 15 et 16 avril 2024 \u00e0 Ouagadougou, la premi\u00e8re session ordinaire 2024 du Conseil d\u2019administration du secteur minist\u00e9riel (CASEM). Elle porte sur le th\u00e8me : \u00ab Mobilit\u00e9 urbaine dans nos villes : D\u00e9fis et perspectives \u00bb. Cette rencontre vise \u00e0 \u00e9changer sur le bilan des activit\u00e9s de l&rsquo;ann\u00e9e 2023 et \u00e9galement sur le rapport global de performance des diff\u00e9rentes structures du minist\u00e8re. La c\u00e9r\u00e9monie d&rsquo;ouverture des travaux a eu lieu le 15 avril sous la pr\u00e9sidence du ministre des Transports, Roland Somda.","og_url":"https:\/\/www.latribunedufaso.net\/?p=12826","og_site_name":"La Tribune du Faso","article_publisher":"https:\/\/www.facebook.com\/LatribuneduFaso\/","article_published_time":"2024-04-15T19:40:13+00:00","og_image":[{"width":2560,"height":1920,"url":"https:\/\/www.latribunedufaso.net\/wp-content\/uploads\/2024\/04\/IMG_20240415_091655_006-scaled.jpg","type":"image\/jpeg"}],"author":"Issouf Tapsoba","twitter_misc":{"\u00c9crit par":"Issouf Tapsoba","Dur\u00e9e de lecture estim\u00e9e":"3 minutes"},"schema":{"@context":"https:\/\/schema.org","@graph":[{"@type":"Article","@id":"https:\/\/www.latribunedufaso.net\/?p=12826#article","isPartOf":{"@id":"https:\/\/www.latribunedufaso.net\/?p=12826"},"author":{"name":"Issouf Tapsoba","@id":"https:\/\/www.latribunedufaso.net\/#\/schema\/person\/e54e64c5778a7e72cf80a318b7a622b0"},"headline":"1er CASEM 2024 du minist\u00e8re des Transports : Les probl\u00e8mes de mobilit\u00e9 urbaine dans les villes en r\u00e9flexion\u00a0","datePublished":"2024-04-15T19:40:13+00:00","mainEntityOfPage":{"@id":"https:\/\/www.latribunedufaso.net\/?p=12826"},"wordCount":570,"commentCount":0,"publisher":{"@id":"https:\/\/www.latribunedufaso.net\/#organization"},"image":{"@id":"https:\/\/www.latribunedufaso.net\/?p=12826#primaryimage"},"thumbnailUrl":"https:\/\/www.latribunedufaso.net\/wp-content\/uploads\/2024\/04\/IMG_20240415_091655_006-scaled.jpg","articleSection":["A la une","Actualit\u00e9","S\u00e9curit\u00e9 routi\u00e8re"],"inLanguage":"fr-FR","potentialAction":[{"@type":"CommentAction","name":"Comment","target":["https:\/\/www.latribunedufaso.net\/?p=12826#respond"]}]},{"@type":"WebPage","@id":"https:\/\/www.latribunedufaso.net\/?p=12826","url":"https:\/\/www.latribunedufaso.net\/?p=12826","name":"1er CASEM 2024 du minist\u00e8re des Transports : Les probl\u00e8mes de mobilit\u00e9 urbaine dans les villes en r\u00e9flexion\u00a0 - La Tribune du Faso","isPartOf":{"@id":"https:\/\/www.latribunedufaso.net\/#website"},"primaryImageOfPage":{"@id":"https:\/\/www.latribunedufaso.net\/?p=12826#primaryimage"},"image":{"@id":"https:\/\/www.latribunedufaso.net\/?p=12826#primaryimage"},"thumbnailUrl":"https:\/\/www.latribunedufaso.net\/wp-content\/uploads\/2024\/04\/IMG_20240415_091655_006-scaled.jpg","datePublished":"2024-04-15T19:40:13+00:00","breadcrumb":{"@id":"https:\/\/www.latribunedufaso.net\/?p=12826#breadcrumb"},"inLanguage":"fr-FR","potentialAction":[{"@type":"ReadAction","target":["https:\/\/www.latribunedufaso.net\/?p=12826"]}]},{"@type":"ImageObject","inLanguage":"fr-FR","@id":"https:\/\/www.latribunedufaso.net\/?p=12826#primaryimage","url":"https:\/\/www.latribunedufaso.net\/wp-content\/uploads\/2024\/04\/IMG_20240415_091655_006-scaled.jpg","contentUrl":"https:\/\/www.latribunedufaso.net\/wp-content\/uploads\/2024\/04\/IMG_20240415_091655_006-scaled.jpg","width":2560,"height":1920},{"@type":"BreadcrumbList","@id":"https:\/\/www.latribunedufaso.net\/?p=12826#breadcrumb","itemListElement":[{"@type":"ListItem","position":1,"name":"Accueil","item":"https:\/\/www.latribunedufaso.net\/"},{"@type":"ListItem","position":2,"name":"1er CASEM 2024 du minist\u00e8re des Transports : Les probl\u00e8mes de mobilit\u00e9 urbaine dans les villes en r\u00e9flexion\u00a0"}]},{"@type":"WebSite","@id":"https:\/\/www.latribunedufaso.net\/#website","url":"https:\/\/www.latribunedufaso.net\/","name":"La Tribune du Faso","description":"L&#039;information du monde rural en un clic","publisher":{"@id":"https:\/\/www.latribunedufaso.net\/#organization"},"potentialAction":[{"@type":"SearchAction","target":{"@type":"EntryPoint","urlTemplate":"https:\/\/www.latribunedufaso.net\/?s={search_term_string}"},"query-input":{"@type":"PropertyValueSpecification","valueRequired":true,"valueName":"search_term_string"}}],"inLanguage":"fr-FR"},{"@type":"Organization","@id":"https:\/\/www.latribunedufaso.net\/#organization","name":"La Tribune du Faso","url":"https:\/\/www.latribunedufaso.net\/","logo":{"@type":"ImageObject","inLanguage":"fr-FR","@id":"https:\/\/www.latribunedufaso.net\/#\/schema\/logo\/image\/","url":"https:\/\/www.latribunedufaso.net\/wp-content\/uploads\/2020\/08\/Logo-Tribune-du-Faso-final-scaled.jpg","contentUrl":"https:\/\/www.latribunedufaso.net\/wp-content\/uploads\/2020\/08\/Logo-Tribune-du-Faso-final-scaled.jpg","width":2560,"height":1856,"caption":"La Tribune du Faso"},"image":{"@id":"https:\/\/www.latribunedufaso.net\/#\/schema\/logo\/image\/"},"sameAs":["https:\/\/www.facebook.com\/LatribuneduFaso\/"]},{"@type":"Person","@id":"https:\/\/www.latribunedufaso.net\/#\/schema\/person\/e54e64c5778a7e72cf80a318b7a622b0","name":"Issouf Tapsoba","image":{"@type":"ImageObject","inLanguage":"fr-FR","@id":"https:\/\/secure.gravatar.com\/avatar\/5e6c05150ce3230247d167f5b94d678eb05936197436d69b7921e3a95c9107ac?s=96&d=mm&r=g","url":"https:\/\/secure.gravatar.com\/avatar\/5e6c05150ce3230247d167f5b94d678eb05936197436d69b7921e3a95c9107ac?s=96&d=mm&r=g","contentUrl":"https:\/\/secure.gravatar.com\/avatar\/5e6c05150ce3230247d167f5b94d678eb05936197436d69b7921e3a95c9107ac?s=96&d=mm&r=g","caption":"Issouf Tapsoba"},"url":"https:\/\/www.latribunedufaso.net\/?author=5"}]}},"_links":{"self":[{"href":"https:\/\/www.latribunedufaso.net\/index.php?rest_route=\/wp\/v2\/posts\/12826","targetHints":{"allow":["GET"]}}],"collection":[{"href":"https:\/\/www.latribunedufaso.net\/index.php?rest_route=\/wp\/v2\/posts"}],"about":[{"href":"https:\/\/www.latribunedufaso.net\/index.php?rest_route=\/wp\/v2\/types\/post"}],"author":[{"embeddable":true,"href":"https:\/\/www.latribunedufaso.net\/index.php?rest_route=\/wp\/v2\/users\/5"}],"replies":[{"embeddable":true,"href":"https:\/\/www.latribunedufaso.net\/index.php?rest_route=%2Fwp%2Fv2%2Fcomments&post=12826"}],"version-history":[{"count":1,"href":"https:\/\/www.latribunedufaso.net\/index.php?rest_route=\/wp\/v2\/posts\/12826\/revisions"}],"predecessor-version":[{"id":12832,"href":"https:\/\/www.latribunedufaso.net\/index.php?rest_route=\/wp\/v2\/posts\/12826\/revisions\/12832"}],"wp:featuredmedia":[{"embeddable":true,"href":"https:\/\/www.latribunedufaso.net\/index.php?rest_route=\/wp\/v2\/media\/12827"}],"wp:attachment":[{"href":"https:\/\/www.latribunedufaso.net\/index.php?rest_route=%2Fwp%2Fv2%2Fmedia&parent=12826"}],"wp:term":[{"taxonomy":"category","embeddable":true,"href":"https:\/\/www.latribunedufaso.net\/index.php?rest_route=%2Fwp%2Fv2%2Fcategories&post=12826"},{"taxonomy":"post_tag","embeddable":true,"href":"https:\/\/www.latribunedufaso.net\/index.php?rest_route=%2Fwp%2Fv2%2Ftags&post=12826"}],"curies":[{"name":"wp","href":"https:\/\/api.w.org\/{rel}","templated":true}]}}