{"id":1271,"date":"2020-09-16T12:02:57","date_gmt":"2020-09-16T12:02:57","guid":{"rendered":"https:\/\/www.latribunedufaso.net\/?p=1271"},"modified":"2020-09-21T10:15:06","modified_gmt":"2020-09-21T10:15:06","slug":"lutte-contre-le-terrorisme-lespoir-renait-a-djibo","status":"publish","type":"post","link":"https:\/\/www.latribunedufaso.net\/?p=1271","title":{"rendered":"Lutte contre le terrorisme\u00a0: L\u2019espoir renait \u00e0 Djibo"},"content":{"rendered":"<p><strong><em>La lutte contre le terrorisme est \u00e2pre du c\u00f4t\u00e9 de Djibo. Les terroristes veulent en faire un sanctuaire \u00e0 partir duquel ils frapperont de nombreuses parties du territoire.\u00a0 Heureusement les forces de d\u00e9fense et de s\u00e9curit\u00e9 ne l\u2019entendent pas de cette oreille. Le 08 septembre dernier, le Pr\u00e9sident du Faso a d\u00e9cr\u00e9t\u00e9 la cr\u00e9ation d\u2019un corps de troupe au sein de la Premi\u00e8re R\u00e9gion Militaire, d\u00e9nomm\u00e9 14e r\u00e9giment interarmes (14e RIA). Ce r\u00e9giment est<\/em><\/strong> <strong><em>bas\u00e9 dans la garnison de Djibo dans le Sahel. Apr\u00e8s avoir quitt\u00e9\u00a0 Djibo de fa\u00e7on pr\u00e9cipit\u00e9e, il y a plus d\u2019un an, la police nationale y a fait \u00e9galement son retour le 13 septembre dernier. \u00a0Certains Djibolais qui avaient fini par \u00eatre gagn\u00e9s par le scepticisme se mettent \u00e0 nouveau \u00e0 revers \u00e0 des lendemains enchanteurs surtout que l\u2019administration se red\u00e9ploie progressivement dans la ville. Djibo, loin s\u2019en faut, ne sera pas pass\u00e9e \u00e0 pertes et profits.<\/em><\/strong><!--more--><\/p>\n<p><a href=\"https:\/\/latribunedufaso.net\/wp-content\/uploads\/2020\/09\/RIA.jpg\"><img loading=\"lazy\" decoding=\"async\" class=\" wp-image-1274 aligncenter\" src=\"https:\/\/latribunedufaso.net\/wp-content\/uploads\/2020\/09\/RIA-300x199.jpg\" alt=\"\" width=\"480\" height=\"318\" srcset=\"https:\/\/www.latribunedufaso.net\/wp-content\/uploads\/2020\/09\/RIA-300x199.jpg 300w, https:\/\/www.latribunedufaso.net\/wp-content\/uploads\/2020\/09\/RIA-120x80.jpg 120w, https:\/\/www.latribunedufaso.net\/wp-content\/uploads\/2020\/09\/RIA-360x240.jpg 360w, https:\/\/www.latribunedufaso.net\/wp-content\/uploads\/2020\/09\/RIA.jpg 440w\" sizes=\"auto, (max-width: 480px) 100vw, 480px\" \/><\/a><\/p>\n<p>C\u2019est un truisme que de dire que la situation s\u00e9curitaire est particuli\u00e8rement d\u00e9l\u00e9t\u00e8re \u00e0 Djibo. Les terroristes s\u2019en prennent aux pauvres populations civiles, aux FDS, aux guides religieux, aux hommes politiques,\u2026 Depuis le d\u00e9but de l\u2019ann\u00e9e le bilan macabre est particuli\u00e8rement lourd \u00e0 Djibo. C\u2019est la terreur sur l\u2019axe Namsiguia-Djibo que les terroristes contr\u00f4lent. C\u2019est sur cet axe que le d\u00e9put\u00e9- maire de Djbo (Oumarou Dicko) et l\u2019imam de la ville ( Souaibou Ciss\u00e9) \u00a0ont \u00e9t\u00e9 froidement abattus. Devant exercer\u00a0 son autorit\u00e9 sur toute l\u2019\u00e9tendue du territoire nationale, le gouvernement burkinab\u00e8 ne pouvait laisser cette situation perdurer. C\u2019est ainsi que le Pr\u00e9sident du Faso, Roch Kabor\u00e9 \u00a0a d\u00e9cid\u00e9 de prendre les taureaux par les cornes. Le 18 juin, il a effectu\u00e9 une visite \u00e0 Djibo\u00a0 au cours de laquelle il a rencontr\u00e9 les forces vives de la localit\u00e9.\u00a0 Au terme des \u00e9changes, il a pris \u00a0des engagements\u00a0: reprendre le terrain perdu, r\u00e9organiser l\u2019arm\u00e9e, mettre plus de moyens \u00e0 la disposition des FDS dans leur lutte acharn\u00e9e contre les terroristes,\u2026<\/p>\n<p>Le d\u00e9cret du 08 septembre \u00a0consacrant la cr\u00e9ation du <strong>\u00a0<\/strong><strong>14e RIA de Djibo<\/strong> traduit justement cette volont\u00e9 de ne point laisser Djibo sombrer dans les mains des terroristes. L\u2019embuscade \u00a0tendue \u00a0sur l\u2019axe Gaskind\u00e9-Djibo \u00a0contre ce r\u00e9giment moins d\u2019une semaine apr\u00e8s sa cr\u00e9ation \u00a0montre que \u00a0le combat sera rude et qu\u2019un tel r\u00e9giment avait justement sa raison d\u2019\u00eatre \u00e0 Djibo.\u00a0 Quatre \u00e9l\u00e9ments du r\u00e9giment sont tomb\u00e9s les armes \u00e0 la main pour la d\u00e9fense de la patrie. \u00a0Leur bapt\u00eame de feu s\u2019est fait dans le sang mais cela ne doit point \u00e9mousser la d\u00e9termination du 14\u00e8 RIA \u00e0 \u00a0neutraliser tous les terroristes de la zone. \u00a0Ce r\u00e9giment doit monter progressivement en puissance, s\u2019appuyer sur de bons r\u00e9seaux de renseignement, \u00a0interagir avec la police pour parvenir \u00e0 nettoyer de fond en comble la zone afin de permettre aux Djibolais de retrouver la qui\u00e9tude. \u00a0Les \u00e9l\u00e9ments du 14\u00e8 RIA doivent surtout rester en alerte maximale car les \u00a0terroristes les prendront imm\u00e9diatement pour cibles. Preuve en a \u00e9t\u00e9 donn\u00e9e avec l\u2019embuscade qui a d\u00e9j\u00e0 cout\u00e9 la vie \u00e0 4 FDS. Il faut absolument \u00e9viter le sc\u00e9nario de Nassoumbou. \u00a0En d\u00e9cembre 2016, une quarantaine d\u2019individus lourdement arm\u00e9s, avaient \u00a0en effet attaqu\u00e9 le poste militaire de Nassoumbou, localit\u00e9 situ\u00e9e \u00e0 45 km au Nord de Djibo et \u00e0 une trentaine de kilom\u00e8tres de la fronti\u00e8re malienne. Douze militaires \u00a0avaient \u00e9t\u00e9 tu\u00e9s.<\/p>\n<p>Plusieurs groupes terroristes op\u00e8rent \u00e0 Djibo. L\u2019un des plus en vue est le Groupe de soutien \u00e0 l\u2019islam et aux musulmans (GSIM), qui a pour mode op\u00e9ratoire les enl\u00e8vements, les attaques contre les symboles de l\u2019\u00c9tat et la pose d\u2019engins explosifs improvis\u00e9s. C\u2019est autour de cette organisation que gravitent Ansarul Islam (dont Malam Dicko fut le g\u00e9niteur en 2017) et des groupuscules de trafiquants et d\u00e9linquants qui \u00e9cumaient et contr\u00f4laient l\u2019\u00e9conomie grise avant l\u2019arriv\u00e9e des groupes terroristes.<\/p>\n<p>M\u00eame si la crise s\u00e9curitaire \u00e0 laquelle Djibo est confront\u00e9e \u00a0a plusieurs ramifications et qu\u2019elle ne saurait \u00eatre r\u00e9solue par \u00a0la voie militaire uniquement, force est tout de m\u00eame de constater que \u00a0l\u2019espoir renait avec la cr\u00e9ation du 14\u00e8 RIA.\u00a0 Avec une parfaite synchronisation des diff\u00e9rents acteurs, ce sera bient\u00f4t le chant du cygne pour les terroristes. Sur place, les Djibolais y croient. Fermement.<\/p>\n<p><strong><em>J\u00e9r\u00e9mie Yisso BATIONO<\/em><\/strong><\/p>\n<p><strong><em>Enseignant chercheur<\/em><\/strong><\/p>\n<p><strong><em>Ouagadougou<\/em><\/strong><\/p>\n","protected":false},"excerpt":{"rendered":"<p>La lutte contre le terrorisme est \u00e2pre du c\u00f4t\u00e9 de Djibo. Les terroristes veulent en faire un sanctuaire \u00e0 partir duquel ils frapperont de nombreuses parties du territoire.\u00a0 Heureusement les forces de d\u00e9fense et de s\u00e9curit\u00e9 ne l\u2019entendent pas de cette oreille. Le 08 septembre dernier, le Pr\u00e9sident du Faso a d\u00e9cr\u00e9t\u00e9 la cr\u00e9ation d\u2019un corps de troupe au sein de la Premi\u00e8re R\u00e9gion Militaire, d\u00e9nomm\u00e9 14e r\u00e9giment interarmes (14e RIA). Ce r\u00e9giment est bas\u00e9 dans la garnison de Djibo dans le Sahel. Apr\u00e8s avoir quitt\u00e9\u00a0 Djibo de fa\u00e7on pr\u00e9cipit\u00e9e, il y a plus d\u2019un an, la police nationale y a fait \u00e9galement son retour le 13 septembre dernier. \u00a0Certains Djibolais qui avaient fini par \u00eatre gagn\u00e9s par le scepticisme se mettent \u00e0 nouveau \u00e0 revers \u00e0 des lendemains enchanteurs surtout que l\u2019administration se red\u00e9ploie progressivement dans la ville. Djibo, loin s\u2019en faut, ne sera pas pass\u00e9e \u00e0 pertes et profits.<\/p>\n","protected":false},"author":2,"featured_media":1273,"comment_status":"open","ping_status":"open","sticky":false,"template":"","format":"standard","meta":{"footnotes":""},"categories":[1,8,25],"tags":[],"class_list":["post-1271","post","type-post","status-publish","format-standard","has-post-thumbnail","hentry","category-actu","category-societe","category-tribune"],"yoast_head":"<!-- This site is optimized with the Yoast SEO plugin v27.5 - https:\/\/yoast.com\/product\/yoast-seo-wordpress\/ -->\n<title>Lutte contre le terrorisme\u00a0: L\u2019espoir renait \u00e0 Djibo - La Tribune du Faso<\/title>\n<meta name=\"robots\" content=\"index, follow, max-snippet:-1, max-image-preview:large, max-video-preview:-1\" \/>\n<link rel=\"canonical\" href=\"https:\/\/www.latribunedufaso.net\/?p=1271\" \/>\n<meta property=\"og:locale\" content=\"fr_FR\" \/>\n<meta property=\"og:type\" content=\"article\" \/>\n<meta property=\"og:title\" content=\"Lutte contre le terrorisme\u00a0: L\u2019espoir renait \u00e0 Djibo - La Tribune du Faso\" \/>\n<meta property=\"og:description\" content=\"La lutte contre le terrorisme est \u00e2pre du c\u00f4t\u00e9 de Djibo. Les terroristes veulent en faire un sanctuaire \u00e0 partir duquel ils frapperont de nombreuses parties du territoire.\u00a0 Heureusement les forces de d\u00e9fense et de s\u00e9curit\u00e9 ne l\u2019entendent pas de cette oreille. Le 08 septembre dernier, le Pr\u00e9sident du Faso a d\u00e9cr\u00e9t\u00e9 la cr\u00e9ation d\u2019un corps de troupe au sein de la Premi\u00e8re R\u00e9gion Militaire, d\u00e9nomm\u00e9 14e r\u00e9giment interarmes (14e RIA). Ce r\u00e9giment est bas\u00e9 dans la garnison de Djibo dans le Sahel. Apr\u00e8s avoir quitt\u00e9\u00a0 Djibo de fa\u00e7on pr\u00e9cipit\u00e9e, il y a plus d\u2019un an, la police nationale y a fait \u00e9galement son retour le 13 septembre dernier. \u00a0Certains Djibolais qui avaient fini par \u00eatre gagn\u00e9s par le scepticisme se mettent \u00e0 nouveau \u00e0 revers \u00e0 des lendemains enchanteurs surtout que l\u2019administration se red\u00e9ploie progressivement dans la ville. Djibo, loin s\u2019en faut, ne sera pas pass\u00e9e \u00e0 pertes et profits.\" \/>\n<meta property=\"og:url\" content=\"https:\/\/www.latribunedufaso.net\/?p=1271\" \/>\n<meta property=\"og:site_name\" content=\"La Tribune du Faso\" \/>\n<meta property=\"article:publisher\" content=\"https:\/\/www.facebook.com\/LatribuneduFaso\/\" \/>\n<meta property=\"article:published_time\" content=\"2020-09-16T12:02:57+00:00\" \/>\n<meta property=\"article:modified_time\" content=\"2020-09-21T10:15:06+00:00\" \/>\n<meta property=\"og:image\" content=\"https:\/\/latribunedufaso.net\/wp-content\/uploads\/2020\/09\/Djibo.jpg\" \/>\n\t<meta property=\"og:image:width\" content=\"650\" \/>\n\t<meta property=\"og:image:height\" content=\"356\" \/>\n\t<meta property=\"og:image:type\" content=\"image\/jpeg\" \/>\n<meta name=\"author\" content=\"Administrateur\" \/>\n<meta name=\"twitter:label1\" content=\"\u00c9crit par\" \/>\n\t<meta name=\"twitter:data1\" content=\"Administrateur\" \/>\n\t<meta name=\"twitter:label2\" content=\"Dur\u00e9e de lecture estim\u00e9e\" \/>\n\t<meta name=\"twitter:data2\" content=\"4 minutes\" \/>\n<script type=\"application\/ld+json\" class=\"yoast-schema-graph\">{\"@context\":\"https:\\\/\\\/schema.org\",\"@graph\":[{\"@type\":\"Article\",\"@id\":\"https:\\\/\\\/www.latribunedufaso.net\\\/?p=1271#article\",\"isPartOf\":{\"@id\":\"https:\\\/\\\/www.latribunedufaso.net\\\/?p=1271\"},\"author\":{\"name\":\"Administrateur\",\"@id\":\"https:\\\/\\\/www.latribunedufaso.net\\\/#\\\/schema\\\/person\\\/a380782d0605bb8aae27c40ea93b35b1\"},\"headline\":\"Lutte contre le terrorisme\u00a0: L\u2019espoir renait \u00e0 Djibo\",\"datePublished\":\"2020-09-16T12:02:57+00:00\",\"dateModified\":\"2020-09-21T10:15:06+00:00\",\"mainEntityOfPage\":{\"@id\":\"https:\\\/\\\/www.latribunedufaso.net\\\/?p=1271\"},\"wordCount\":782,\"commentCount\":0,\"publisher\":{\"@id\":\"https:\\\/\\\/www.latribunedufaso.net\\\/#organization\"},\"image\":{\"@id\":\"https:\\\/\\\/www.latribunedufaso.net\\\/?p=1271#primaryimage\"},\"thumbnailUrl\":\"https:\\\/\\\/www.latribunedufaso.net\\\/wp-content\\\/uploads\\\/2020\\\/09\\\/Djibo.jpg\",\"articleSection\":[\"Actualit\u00e9\",\"Soci\u00e9t\u00e9\",\"Tribune\"],\"inLanguage\":\"fr-FR\",\"potentialAction\":[{\"@type\":\"CommentAction\",\"name\":\"Comment\",\"target\":[\"https:\\\/\\\/www.latribunedufaso.net\\\/?p=1271#respond\"]}]},{\"@type\":\"WebPage\",\"@id\":\"https:\\\/\\\/www.latribunedufaso.net\\\/?p=1271\",\"url\":\"https:\\\/\\\/www.latribunedufaso.net\\\/?p=1271\",\"name\":\"Lutte contre le terrorisme\u00a0: L\u2019espoir renait \u00e0 Djibo - La Tribune du Faso\",\"isPartOf\":{\"@id\":\"https:\\\/\\\/www.latribunedufaso.net\\\/#website\"},\"primaryImageOfPage\":{\"@id\":\"https:\\\/\\\/www.latribunedufaso.net\\\/?p=1271#primaryimage\"},\"image\":{\"@id\":\"https:\\\/\\\/www.latribunedufaso.net\\\/?p=1271#primaryimage\"},\"thumbnailUrl\":\"https:\\\/\\\/www.latribunedufaso.net\\\/wp-content\\\/uploads\\\/2020\\\/09\\\/Djibo.jpg\",\"datePublished\":\"2020-09-16T12:02:57+00:00\",\"dateModified\":\"2020-09-21T10:15:06+00:00\",\"breadcrumb\":{\"@id\":\"https:\\\/\\\/www.latribunedufaso.net\\\/?p=1271#breadcrumb\"},\"inLanguage\":\"fr-FR\",\"potentialAction\":[{\"@type\":\"ReadAction\",\"target\":[\"https:\\\/\\\/www.latribunedufaso.net\\\/?p=1271\"]}]},{\"@type\":\"ImageObject\",\"inLanguage\":\"fr-FR\",\"@id\":\"https:\\\/\\\/www.latribunedufaso.net\\\/?p=1271#primaryimage\",\"url\":\"https:\\\/\\\/www.latribunedufaso.net\\\/wp-content\\\/uploads\\\/2020\\\/09\\\/Djibo.jpg\",\"contentUrl\":\"https:\\\/\\\/www.latribunedufaso.net\\\/wp-content\\\/uploads\\\/2020\\\/09\\\/Djibo.jpg\",\"width\":650,\"height\":356},{\"@type\":\"BreadcrumbList\",\"@id\":\"https:\\\/\\\/www.latribunedufaso.net\\\/?p=1271#breadcrumb\",\"itemListElement\":[{\"@type\":\"ListItem\",\"position\":1,\"name\":\"Accueil\",\"item\":\"https:\\\/\\\/www.latribunedufaso.net\\\/\"},{\"@type\":\"ListItem\",\"position\":2,\"name\":\"Lutte contre le terrorisme\u00a0: L\u2019espoir renait \u00e0 Djibo\"}]},{\"@type\":\"WebSite\",\"@id\":\"https:\\\/\\\/www.latribunedufaso.net\\\/#website\",\"url\":\"https:\\\/\\\/www.latribunedufaso.net\\\/\",\"name\":\"La Tribune du Faso\",\"description\":\"L&#039;information du monde rural en un clic\",\"publisher\":{\"@id\":\"https:\\\/\\\/www.latribunedufaso.net\\\/#organization\"},\"potentialAction\":[{\"@type\":\"SearchAction\",\"target\":{\"@type\":\"EntryPoint\",\"urlTemplate\":\"https:\\\/\\\/www.latribunedufaso.net\\\/?s={search_term_string}\"},\"query-input\":{\"@type\":\"PropertyValueSpecification\",\"valueRequired\":true,\"valueName\":\"search_term_string\"}}],\"inLanguage\":\"fr-FR\"},{\"@type\":\"Organization\",\"@id\":\"https:\\\/\\\/www.latribunedufaso.net\\\/#organization\",\"name\":\"La Tribune du Faso\",\"url\":\"https:\\\/\\\/www.latribunedufaso.net\\\/\",\"logo\":{\"@type\":\"ImageObject\",\"inLanguage\":\"fr-FR\",\"@id\":\"https:\\\/\\\/www.latribunedufaso.net\\\/#\\\/schema\\\/logo\\\/image\\\/\",\"url\":\"https:\\\/\\\/www.latribunedufaso.net\\\/wp-content\\\/uploads\\\/2020\\\/08\\\/Logo-Tribune-du-Faso-final-scaled.jpg\",\"contentUrl\":\"https:\\\/\\\/www.latribunedufaso.net\\\/wp-content\\\/uploads\\\/2020\\\/08\\\/Logo-Tribune-du-Faso-final-scaled.jpg\",\"width\":2560,\"height\":1856,\"caption\":\"La Tribune du Faso\"},\"image\":{\"@id\":\"https:\\\/\\\/www.latribunedufaso.net\\\/#\\\/schema\\\/logo\\\/image\\\/\"},\"sameAs\":[\"https:\\\/\\\/www.facebook.com\\\/LatribuneduFaso\\\/\"]},{\"@type\":\"Person\",\"@id\":\"https:\\\/\\\/www.latribunedufaso.net\\\/#\\\/schema\\\/person\\\/a380782d0605bb8aae27c40ea93b35b1\",\"name\":\"Administrateur\",\"image\":{\"@type\":\"ImageObject\",\"inLanguage\":\"fr-FR\",\"@id\":\"https:\\\/\\\/secure.gravatar.com\\\/avatar\\\/e20266f97d741f0e80ba1f60283074a9b3317fd7bfb727e0d95b51dafbf854a1?s=96&d=mm&r=g\",\"url\":\"https:\\\/\\\/secure.gravatar.com\\\/avatar\\\/e20266f97d741f0e80ba1f60283074a9b3317fd7bfb727e0d95b51dafbf854a1?s=96&d=mm&r=g\",\"contentUrl\":\"https:\\\/\\\/secure.gravatar.com\\\/avatar\\\/e20266f97d741f0e80ba1f60283074a9b3317fd7bfb727e0d95b51dafbf854a1?s=96&d=mm&r=g\",\"caption\":\"Administrateur\"},\"url\":\"https:\\\/\\\/www.latribunedufaso.net\\\/?author=2\"}]}<\/script>\n<!-- \/ Yoast SEO plugin. -->","yoast_head_json":{"title":"Lutte contre le terrorisme\u00a0: L\u2019espoir renait \u00e0 Djibo - La Tribune du Faso","robots":{"index":"index","follow":"follow","max-snippet":"max-snippet:-1","max-image-preview":"max-image-preview:large","max-video-preview":"max-video-preview:-1"},"canonical":"https:\/\/www.latribunedufaso.net\/?p=1271","og_locale":"fr_FR","og_type":"article","og_title":"Lutte contre le terrorisme\u00a0: L\u2019espoir renait \u00e0 Djibo - La Tribune du Faso","og_description":"La lutte contre le terrorisme est \u00e2pre du c\u00f4t\u00e9 de Djibo. Les terroristes veulent en faire un sanctuaire \u00e0 partir duquel ils frapperont de nombreuses parties du territoire.\u00a0 Heureusement les forces de d\u00e9fense et de s\u00e9curit\u00e9 ne l\u2019entendent pas de cette oreille. Le 08 septembre dernier, le Pr\u00e9sident du Faso a d\u00e9cr\u00e9t\u00e9 la cr\u00e9ation d\u2019un corps de troupe au sein de la Premi\u00e8re R\u00e9gion Militaire, d\u00e9nomm\u00e9 14e r\u00e9giment interarmes (14e RIA). Ce r\u00e9giment est bas\u00e9 dans la garnison de Djibo dans le Sahel. Apr\u00e8s avoir quitt\u00e9\u00a0 Djibo de fa\u00e7on pr\u00e9cipit\u00e9e, il y a plus d\u2019un an, la police nationale y a fait \u00e9galement son retour le 13 septembre dernier. \u00a0Certains Djibolais qui avaient fini par \u00eatre gagn\u00e9s par le scepticisme se mettent \u00e0 nouveau \u00e0 revers \u00e0 des lendemains enchanteurs surtout que l\u2019administration se red\u00e9ploie progressivement dans la ville. Djibo, loin s\u2019en faut, ne sera pas pass\u00e9e \u00e0 pertes et profits.","og_url":"https:\/\/www.latribunedufaso.net\/?p=1271","og_site_name":"La Tribune du Faso","article_publisher":"https:\/\/www.facebook.com\/LatribuneduFaso\/","article_published_time":"2020-09-16T12:02:57+00:00","article_modified_time":"2020-09-21T10:15:06+00:00","og_image":[{"width":650,"height":356,"url":"https:\/\/latribunedufaso.net\/wp-content\/uploads\/2020\/09\/Djibo.jpg","type":"image\/jpeg"}],"author":"Administrateur","twitter_misc":{"\u00c9crit par":"Administrateur","Dur\u00e9e de lecture estim\u00e9e":"4 minutes"},"schema":{"@context":"https:\/\/schema.org","@graph":[{"@type":"Article","@id":"https:\/\/www.latribunedufaso.net\/?p=1271#article","isPartOf":{"@id":"https:\/\/www.latribunedufaso.net\/?p=1271"},"author":{"name":"Administrateur","@id":"https:\/\/www.latribunedufaso.net\/#\/schema\/person\/a380782d0605bb8aae27c40ea93b35b1"},"headline":"Lutte contre le terrorisme\u00a0: L\u2019espoir renait \u00e0 Djibo","datePublished":"2020-09-16T12:02:57+00:00","dateModified":"2020-09-21T10:15:06+00:00","mainEntityOfPage":{"@id":"https:\/\/www.latribunedufaso.net\/?p=1271"},"wordCount":782,"commentCount":0,"publisher":{"@id":"https:\/\/www.latribunedufaso.net\/#organization"},"image":{"@id":"https:\/\/www.latribunedufaso.net\/?p=1271#primaryimage"},"thumbnailUrl":"https:\/\/www.latribunedufaso.net\/wp-content\/uploads\/2020\/09\/Djibo.jpg","articleSection":["Actualit\u00e9","Soci\u00e9t\u00e9","Tribune"],"inLanguage":"fr-FR","potentialAction":[{"@type":"CommentAction","name":"Comment","target":["https:\/\/www.latribunedufaso.net\/?p=1271#respond"]}]},{"@type":"WebPage","@id":"https:\/\/www.latribunedufaso.net\/?p=1271","url":"https:\/\/www.latribunedufaso.net\/?p=1271","name":"Lutte contre le terrorisme\u00a0: L\u2019espoir renait \u00e0 Djibo - La Tribune du Faso","isPartOf":{"@id":"https:\/\/www.latribunedufaso.net\/#website"},"primaryImageOfPage":{"@id":"https:\/\/www.latribunedufaso.net\/?p=1271#primaryimage"},"image":{"@id":"https:\/\/www.latribunedufaso.net\/?p=1271#primaryimage"},"thumbnailUrl":"https:\/\/www.latribunedufaso.net\/wp-content\/uploads\/2020\/09\/Djibo.jpg","datePublished":"2020-09-16T12:02:57+00:00","dateModified":"2020-09-21T10:15:06+00:00","breadcrumb":{"@id":"https:\/\/www.latribunedufaso.net\/?p=1271#breadcrumb"},"inLanguage":"fr-FR","potentialAction":[{"@type":"ReadAction","target":["https:\/\/www.latribunedufaso.net\/?p=1271"]}]},{"@type":"ImageObject","inLanguage":"fr-FR","@id":"https:\/\/www.latribunedufaso.net\/?p=1271#primaryimage","url":"https:\/\/www.latribunedufaso.net\/wp-content\/uploads\/2020\/09\/Djibo.jpg","contentUrl":"https:\/\/www.latribunedufaso.net\/wp-content\/uploads\/2020\/09\/Djibo.jpg","width":650,"height":356},{"@type":"BreadcrumbList","@id":"https:\/\/www.latribunedufaso.net\/?p=1271#breadcrumb","itemListElement":[{"@type":"ListItem","position":1,"name":"Accueil","item":"https:\/\/www.latribunedufaso.net\/"},{"@type":"ListItem","position":2,"name":"Lutte contre le terrorisme\u00a0: L\u2019espoir renait \u00e0 Djibo"}]},{"@type":"WebSite","@id":"https:\/\/www.latribunedufaso.net\/#website","url":"https:\/\/www.latribunedufaso.net\/","name":"La Tribune du Faso","description":"L&#039;information du monde rural en un clic","publisher":{"@id":"https:\/\/www.latribunedufaso.net\/#organization"},"potentialAction":[{"@type":"SearchAction","target":{"@type":"EntryPoint","urlTemplate":"https:\/\/www.latribunedufaso.net\/?s={search_term_string}"},"query-input":{"@type":"PropertyValueSpecification","valueRequired":true,"valueName":"search_term_string"}}],"inLanguage":"fr-FR"},{"@type":"Organization","@id":"https:\/\/www.latribunedufaso.net\/#organization","name":"La Tribune du Faso","url":"https:\/\/www.latribunedufaso.net\/","logo":{"@type":"ImageObject","inLanguage":"fr-FR","@id":"https:\/\/www.latribunedufaso.net\/#\/schema\/logo\/image\/","url":"https:\/\/www.latribunedufaso.net\/wp-content\/uploads\/2020\/08\/Logo-Tribune-du-Faso-final-scaled.jpg","contentUrl":"https:\/\/www.latribunedufaso.net\/wp-content\/uploads\/2020\/08\/Logo-Tribune-du-Faso-final-scaled.jpg","width":2560,"height":1856,"caption":"La Tribune du Faso"},"image":{"@id":"https:\/\/www.latribunedufaso.net\/#\/schema\/logo\/image\/"},"sameAs":["https:\/\/www.facebook.com\/LatribuneduFaso\/"]},{"@type":"Person","@id":"https:\/\/www.latribunedufaso.net\/#\/schema\/person\/a380782d0605bb8aae27c40ea93b35b1","name":"Administrateur","image":{"@type":"ImageObject","inLanguage":"fr-FR","@id":"https:\/\/secure.gravatar.com\/avatar\/e20266f97d741f0e80ba1f60283074a9b3317fd7bfb727e0d95b51dafbf854a1?s=96&d=mm&r=g","url":"https:\/\/secure.gravatar.com\/avatar\/e20266f97d741f0e80ba1f60283074a9b3317fd7bfb727e0d95b51dafbf854a1?s=96&d=mm&r=g","contentUrl":"https:\/\/secure.gravatar.com\/avatar\/e20266f97d741f0e80ba1f60283074a9b3317fd7bfb727e0d95b51dafbf854a1?s=96&d=mm&r=g","caption":"Administrateur"},"url":"https:\/\/www.latribunedufaso.net\/?author=2"}]}},"_links":{"self":[{"href":"https:\/\/www.latribunedufaso.net\/index.php?rest_route=\/wp\/v2\/posts\/1271","targetHints":{"allow":["GET"]}}],"collection":[{"href":"https:\/\/www.latribunedufaso.net\/index.php?rest_route=\/wp\/v2\/posts"}],"about":[{"href":"https:\/\/www.latribunedufaso.net\/index.php?rest_route=\/wp\/v2\/types\/post"}],"author":[{"embeddable":true,"href":"https:\/\/www.latribunedufaso.net\/index.php?rest_route=\/wp\/v2\/users\/2"}],"replies":[{"embeddable":true,"href":"https:\/\/www.latribunedufaso.net\/index.php?rest_route=%2Fwp%2Fv2%2Fcomments&post=1271"}],"version-history":[{"count":1,"href":"https:\/\/www.latribunedufaso.net\/index.php?rest_route=\/wp\/v2\/posts\/1271\/revisions"}],"predecessor-version":[{"id":1275,"href":"https:\/\/www.latribunedufaso.net\/index.php?rest_route=\/wp\/v2\/posts\/1271\/revisions\/1275"}],"wp:featuredmedia":[{"embeddable":true,"href":"https:\/\/www.latribunedufaso.net\/index.php?rest_route=\/wp\/v2\/media\/1273"}],"wp:attachment":[{"href":"https:\/\/www.latribunedufaso.net\/index.php?rest_route=%2Fwp%2Fv2%2Fmedia&parent=1271"}],"wp:term":[{"taxonomy":"category","embeddable":true,"href":"https:\/\/www.latribunedufaso.net\/index.php?rest_route=%2Fwp%2Fv2%2Fcategories&post=1271"},{"taxonomy":"post_tag","embeddable":true,"href":"https:\/\/www.latribunedufaso.net\/index.php?rest_route=%2Fwp%2Fv2%2Ftags&post=1271"}],"curies":[{"name":"wp","href":"https:\/\/api.w.org\/{rel}","templated":true}]}}