{"id":12603,"date":"2024-03-29T17:06:04","date_gmt":"2024-03-29T17:06:04","guid":{"rendered":"https:\/\/www.latribunedufaso.net\/?p=12603"},"modified":"2024-03-29T17:06:04","modified_gmt":"2024-03-29T17:06:04","slug":"developpement-industriel-le-capitaine-ibrahim-traore-pose-la-premiere-pierre-du-complexe-textile-iro-texburkina","status":"publish","type":"post","link":"https:\/\/www.latribunedufaso.net\/?p=12603","title":{"rendered":"D\u00e9veloppement industriel : Le Capitaine Ibrahim Traor\u00e9 pose la premi\u00e8re pierre du complexe textile IRO-TEXBURKINA"},"content":{"rendered":"<p><strong><span style=\"font-size: 1.0625rem;\">Le Pr\u00e9sident de la Transition, le Capitaine Ibrahim Traor\u00e9 a proc\u00e9d\u00e9, le vendredi 29 mars 2024 \u00e0 Sourgou dans la province du Boulkiemd\u00e9, r\u00e9gion du Centre-Ouest, au lancement des travaux de construction du complexe textile \u00ab IRO-TEXBURKINA \u00bb.<\/span><\/strong><br \/><!--more--><\/p>\n<p>La construction de cette unit\u00e9 industrielle s\u2019inscrit en droite ligne de la vision du Chef de l\u2019Etat qui l\u2019a annonc\u00e9, en janvier dernier, lors de son s\u00e9jour \u00e0 Koudougou. \u00ab Cette zone a \u00e9t\u00e9 le fondement m\u00eame de la premi\u00e8re unit\u00e9 de transformation ; il \u00e9tait propice qu\u2019une unit\u00e9 de transformation de coton puisse s\u2019y implanter \u00bb, a d\u00e9clar\u00e9 le Pr\u00e9sident de la Transition, le Capitaine Ibrahim TRAORE.<\/p>\n<p><a href=\"https:\/\/www.latribunedufaso.net\/wp-content\/uploads\/2024\/03\/FB_IMG_1711731824490.jpg\"><img loading=\"lazy\" decoding=\"async\" class=\"size-medium wp-image-12605 alignleft\" src=\"https:\/\/www.latribunedufaso.net\/wp-content\/uploads\/2024\/03\/FB_IMG_1711731824490-300x200.jpg\" alt=\"\" width=\"300\" height=\"200\" srcset=\"https:\/\/www.latribunedufaso.net\/wp-content\/uploads\/2024\/03\/FB_IMG_1711731824490-300x200.jpg 300w, https:\/\/www.latribunedufaso.net\/wp-content\/uploads\/2024\/03\/FB_IMG_1711731824490-120x80.jpg 120w, https:\/\/www.latribunedufaso.net\/wp-content\/uploads\/2024\/03\/FB_IMG_1711731824490-360x240.jpg 360w, https:\/\/www.latribunedufaso.net\/wp-content\/uploads\/2024\/03\/FB_IMG_1711731824490-600x400.jpg 600w, https:\/\/www.latribunedufaso.net\/wp-content\/uploads\/2024\/03\/FB_IMG_1711731824490.jpg 720w\" sizes=\"auto, (max-width: 300px) 100vw, 300px\" \/><\/a>IRO-TEXBURKINA va construire une unit\u00e9 sur une superficie de 42 hectares \u00e0 Sourgou et une autre de 50 hectares \u00e0 Boromo avec un investissement total de 165 milliards de FCFA. \u00c0 terme, ce complexe textile va cr\u00e9er plus de 4000 emplois directs et 15 000 emplois indirects pour les deux sites.<\/p>\n<p>A \u00e9couter le Chef de l&rsquo;\u00c9tat, le gouvernement est engag\u00e9 dans ce projet avec la Soci\u00e9t\u00e9 burkinab\u00e8 de fibres textiles (SOFITEX), le Fonds burkinab\u00e8 de d\u00e9veloppement \u00e9conomique et social (FBDES) et l\u2019Union nationale des producteurs de coton du Burkina (UNPCB).<\/p>\n<p>Dans son allocution, Il a souhait\u00e9 que le projet puisse s\u2019ex\u00e9cuter vite et bien dans le strict respect des prescriptions du cahier des charges. Il a aussi demand\u00e9 aux populations de s\u2019approprier le projet.<\/p>\n<p><a href=\"https:\/\/www.latribunedufaso.net\/wp-content\/uploads\/2024\/03\/FB_IMG_1711731801624.jpg\"><img loading=\"lazy\" decoding=\"async\" class=\"size-medium wp-image-12607 alignleft\" src=\"https:\/\/www.latribunedufaso.net\/wp-content\/uploads\/2024\/03\/FB_IMG_1711731801624-300x200.jpg\" alt=\"\" width=\"300\" height=\"200\" srcset=\"https:\/\/www.latribunedufaso.net\/wp-content\/uploads\/2024\/03\/FB_IMG_1711731801624-300x200.jpg 300w, https:\/\/www.latribunedufaso.net\/wp-content\/uploads\/2024\/03\/FB_IMG_1711731801624-120x80.jpg 120w, https:\/\/www.latribunedufaso.net\/wp-content\/uploads\/2024\/03\/FB_IMG_1711731801624-360x240.jpg 360w, https:\/\/www.latribunedufaso.net\/wp-content\/uploads\/2024\/03\/FB_IMG_1711731801624-600x400.jpg 600w, https:\/\/www.latribunedufaso.net\/wp-content\/uploads\/2024\/03\/FB_IMG_1711731801624.jpg 720w\" sizes=\"auto, (max-width: 300px) 100vw, 300px\" \/><\/a>Par ailleurs, le Capitaine Ibrahim Traor\u00e9 a invit\u00e9 les op\u00e9rateurs \u00e9conomiques qui le d\u00e9sirent \u00e0 venir et \u00e0 investir au Burkina Faso. Il les a rassur\u00e9s de l\u2019engagement du gouvernement \u00e0 accompagner leurs initiatives \u00e0 travers des facilit\u00e9s qui leur seront accord\u00e9es.<\/p>\n<p><strong>Latribunedufaso.net<\/strong><\/p>\n<p><strong>Source : Pr\u00e9sidence du Faso<a href=\"https:\/\/www.latribunedufaso.net\/wp-content\/uploads\/2024\/03\/FB_IMG_1711731829642.jpg\"><img loading=\"lazy\" decoding=\"async\" class=\"size-medium wp-image-12604 alignleft\" src=\"https:\/\/www.latribunedufaso.net\/wp-content\/uploads\/2024\/03\/FB_IMG_1711731829642-300x237.jpg\" alt=\"\" width=\"300\" height=\"237\" srcset=\"https:\/\/www.latribunedufaso.net\/wp-content\/uploads\/2024\/03\/FB_IMG_1711731829642-300x237.jpg 300w, https:\/\/www.latribunedufaso.net\/wp-content\/uploads\/2024\/03\/FB_IMG_1711731829642.jpg 720w\" sizes=\"auto, (max-width: 300px) 100vw, 300px\" \/><\/a><\/strong><\/p>\n","protected":false},"excerpt":{"rendered":"<p>Le Pr\u00e9sident de la Transition, le Capitaine Ibrahim Traor\u00e9 a proc\u00e9d\u00e9, le vendredi 29 mars 2024 \u00e0 Sourgou dans la province du Boulkiemd\u00e9, r\u00e9gion du Centre-Ouest, au lancement des travaux de construction du complexe textile \u00ab IRO-TEXBURKINA \u00bb.<\/p>\n","protected":false},"author":5,"featured_media":12606,"comment_status":"open","ping_status":"open","sticky":false,"template":"","format":"standard","meta":{"footnotes":""},"categories":[13,1,10],"tags":[],"class_list":["post-12603","post","type-post","status-publish","format-standard","has-post-thumbnail","hentry","category-une","category-actu","category-eco"],"yoast_head":"<!-- This site is optimized with the Yoast SEO plugin v27.5 - https:\/\/yoast.com\/product\/yoast-seo-wordpress\/ -->\n<title>D\u00e9veloppement industriel : Le Capitaine Ibrahim Traor\u00e9 pose la premi\u00e8re pierre du complexe textile IRO-TEXBURKINA - La Tribune du Faso<\/title>\n<meta name=\"robots\" content=\"index, follow, max-snippet:-1, max-image-preview:large, max-video-preview:-1\" \/>\n<link rel=\"canonical\" href=\"https:\/\/www.latribunedufaso.net\/?p=12603\" \/>\n<meta property=\"og:locale\" content=\"fr_FR\" \/>\n<meta property=\"og:type\" content=\"article\" \/>\n<meta property=\"og:title\" content=\"D\u00e9veloppement industriel : Le Capitaine Ibrahim Traor\u00e9 pose la premi\u00e8re pierre du complexe textile IRO-TEXBURKINA - La Tribune du Faso\" \/>\n<meta property=\"og:description\" content=\"Le Pr\u00e9sident de la Transition, le Capitaine Ibrahim Traor\u00e9 a proc\u00e9d\u00e9, le vendredi 29 mars 2024 \u00e0 Sourgou dans la province du Boulkiemd\u00e9, r\u00e9gion du Centre-Ouest, au lancement des travaux de construction du complexe textile \u00ab IRO-TEXBURKINA \u00bb.\" \/>\n<meta property=\"og:url\" content=\"https:\/\/www.latribunedufaso.net\/?p=12603\" \/>\n<meta property=\"og:site_name\" content=\"La Tribune du Faso\" \/>\n<meta property=\"article:publisher\" content=\"https:\/\/www.facebook.com\/LatribuneduFaso\/\" \/>\n<meta property=\"article:published_time\" content=\"2024-03-29T17:06:04+00:00\" \/>\n<meta property=\"og:image\" content=\"https:\/\/www.latribunedufaso.net\/wp-content\/uploads\/2024\/03\/FB_IMG_1711731806744.jpg\" \/>\n\t<meta property=\"og:image:width\" content=\"720\" \/>\n\t<meta property=\"og:image:height\" content=\"480\" \/>\n\t<meta property=\"og:image:type\" content=\"image\/jpeg\" \/>\n<meta name=\"author\" content=\"Issouf Tapsoba\" \/>\n<meta name=\"twitter:label1\" content=\"\u00c9crit par\" \/>\n\t<meta name=\"twitter:data1\" content=\"Issouf Tapsoba\" \/>\n\t<meta name=\"twitter:label2\" content=\"Dur\u00e9e de lecture estim\u00e9e\" \/>\n\t<meta name=\"twitter:data2\" content=\"1 minute\" \/>\n<script type=\"application\/ld+json\" class=\"yoast-schema-graph\">{\"@context\":\"https:\\\/\\\/schema.org\",\"@graph\":[{\"@type\":\"Article\",\"@id\":\"https:\\\/\\\/www.latribunedufaso.net\\\/?p=12603#article\",\"isPartOf\":{\"@id\":\"https:\\\/\\\/www.latribunedufaso.net\\\/?p=12603\"},\"author\":{\"name\":\"Issouf Tapsoba\",\"@id\":\"https:\\\/\\\/www.latribunedufaso.net\\\/#\\\/schema\\\/person\\\/e54e64c5778a7e72cf80a318b7a622b0\"},\"headline\":\"D\u00e9veloppement industriel : Le Capitaine Ibrahim Traor\u00e9 pose la premi\u00e8re pierre du complexe textile IRO-TEXBURKINA\",\"datePublished\":\"2024-03-29T17:06:04+00:00\",\"mainEntityOfPage\":{\"@id\":\"https:\\\/\\\/www.latribunedufaso.net\\\/?p=12603\"},\"wordCount\":301,\"commentCount\":0,\"publisher\":{\"@id\":\"https:\\\/\\\/www.latribunedufaso.net\\\/#organization\"},\"image\":{\"@id\":\"https:\\\/\\\/www.latribunedufaso.net\\\/?p=12603#primaryimage\"},\"thumbnailUrl\":\"https:\\\/\\\/www.latribunedufaso.net\\\/wp-content\\\/uploads\\\/2024\\\/03\\\/FB_IMG_1711731806744.jpg\",\"articleSection\":[\"A la une\",\"Actualit\u00e9\",\"Economie\"],\"inLanguage\":\"fr-FR\",\"potentialAction\":[{\"@type\":\"CommentAction\",\"name\":\"Comment\",\"target\":[\"https:\\\/\\\/www.latribunedufaso.net\\\/?p=12603#respond\"]}]},{\"@type\":\"WebPage\",\"@id\":\"https:\\\/\\\/www.latribunedufaso.net\\\/?p=12603\",\"url\":\"https:\\\/\\\/www.latribunedufaso.net\\\/?p=12603\",\"name\":\"D\u00e9veloppement industriel : Le Capitaine Ibrahim Traor\u00e9 pose la premi\u00e8re pierre du complexe textile IRO-TEXBURKINA - La Tribune du Faso\",\"isPartOf\":{\"@id\":\"https:\\\/\\\/www.latribunedufaso.net\\\/#website\"},\"primaryImageOfPage\":{\"@id\":\"https:\\\/\\\/www.latribunedufaso.net\\\/?p=12603#primaryimage\"},\"image\":{\"@id\":\"https:\\\/\\\/www.latribunedufaso.net\\\/?p=12603#primaryimage\"},\"thumbnailUrl\":\"https:\\\/\\\/www.latribunedufaso.net\\\/wp-content\\\/uploads\\\/2024\\\/03\\\/FB_IMG_1711731806744.jpg\",\"datePublished\":\"2024-03-29T17:06:04+00:00\",\"breadcrumb\":{\"@id\":\"https:\\\/\\\/www.latribunedufaso.net\\\/?p=12603#breadcrumb\"},\"inLanguage\":\"fr-FR\",\"potentialAction\":[{\"@type\":\"ReadAction\",\"target\":[\"https:\\\/\\\/www.latribunedufaso.net\\\/?p=12603\"]}]},{\"@type\":\"ImageObject\",\"inLanguage\":\"fr-FR\",\"@id\":\"https:\\\/\\\/www.latribunedufaso.net\\\/?p=12603#primaryimage\",\"url\":\"https:\\\/\\\/www.latribunedufaso.net\\\/wp-content\\\/uploads\\\/2024\\\/03\\\/FB_IMG_1711731806744.jpg\",\"contentUrl\":\"https:\\\/\\\/www.latribunedufaso.net\\\/wp-content\\\/uploads\\\/2024\\\/03\\\/FB_IMG_1711731806744.jpg\",\"width\":720,\"height\":480},{\"@type\":\"BreadcrumbList\",\"@id\":\"https:\\\/\\\/www.latribunedufaso.net\\\/?p=12603#breadcrumb\",\"itemListElement\":[{\"@type\":\"ListItem\",\"position\":1,\"name\":\"Accueil\",\"item\":\"https:\\\/\\\/www.latribunedufaso.net\\\/\"},{\"@type\":\"ListItem\",\"position\":2,\"name\":\"D\u00e9veloppement industriel : Le Capitaine Ibrahim Traor\u00e9 pose la premi\u00e8re pierre du complexe textile IRO-TEXBURKINA\"}]},{\"@type\":\"WebSite\",\"@id\":\"https:\\\/\\\/www.latribunedufaso.net\\\/#website\",\"url\":\"https:\\\/\\\/www.latribunedufaso.net\\\/\",\"name\":\"La Tribune du Faso\",\"description\":\"L&#039;information du monde rural en un clic\",\"publisher\":{\"@id\":\"https:\\\/\\\/www.latribunedufaso.net\\\/#organization\"},\"potentialAction\":[{\"@type\":\"SearchAction\",\"target\":{\"@type\":\"EntryPoint\",\"urlTemplate\":\"https:\\\/\\\/www.latribunedufaso.net\\\/?s={search_term_string}\"},\"query-input\":{\"@type\":\"PropertyValueSpecification\",\"valueRequired\":true,\"valueName\":\"search_term_string\"}}],\"inLanguage\":\"fr-FR\"},{\"@type\":\"Organization\",\"@id\":\"https:\\\/\\\/www.latribunedufaso.net\\\/#organization\",\"name\":\"La Tribune du Faso\",\"url\":\"https:\\\/\\\/www.latribunedufaso.net\\\/\",\"logo\":{\"@type\":\"ImageObject\",\"inLanguage\":\"fr-FR\",\"@id\":\"https:\\\/\\\/www.latribunedufaso.net\\\/#\\\/schema\\\/logo\\\/image\\\/\",\"url\":\"https:\\\/\\\/www.latribunedufaso.net\\\/wp-content\\\/uploads\\\/2020\\\/08\\\/Logo-Tribune-du-Faso-final-scaled.jpg\",\"contentUrl\":\"https:\\\/\\\/www.latribunedufaso.net\\\/wp-content\\\/uploads\\\/2020\\\/08\\\/Logo-Tribune-du-Faso-final-scaled.jpg\",\"width\":2560,\"height\":1856,\"caption\":\"La Tribune du Faso\"},\"image\":{\"@id\":\"https:\\\/\\\/www.latribunedufaso.net\\\/#\\\/schema\\\/logo\\\/image\\\/\"},\"sameAs\":[\"https:\\\/\\\/www.facebook.com\\\/LatribuneduFaso\\\/\"]},{\"@type\":\"Person\",\"@id\":\"https:\\\/\\\/www.latribunedufaso.net\\\/#\\\/schema\\\/person\\\/e54e64c5778a7e72cf80a318b7a622b0\",\"name\":\"Issouf Tapsoba\",\"image\":{\"@type\":\"ImageObject\",\"inLanguage\":\"fr-FR\",\"@id\":\"https:\\\/\\\/secure.gravatar.com\\\/avatar\\\/5e6c05150ce3230247d167f5b94d678eb05936197436d69b7921e3a95c9107ac?s=96&d=mm&r=g\",\"url\":\"https:\\\/\\\/secure.gravatar.com\\\/avatar\\\/5e6c05150ce3230247d167f5b94d678eb05936197436d69b7921e3a95c9107ac?s=96&d=mm&r=g\",\"contentUrl\":\"https:\\\/\\\/secure.gravatar.com\\\/avatar\\\/5e6c05150ce3230247d167f5b94d678eb05936197436d69b7921e3a95c9107ac?s=96&d=mm&r=g\",\"caption\":\"Issouf Tapsoba\"},\"url\":\"https:\\\/\\\/www.latribunedufaso.net\\\/?author=5\"}]}<\/script>\n<!-- \/ Yoast SEO plugin. -->","yoast_head_json":{"title":"D\u00e9veloppement industriel : Le Capitaine Ibrahim Traor\u00e9 pose la premi\u00e8re pierre du complexe textile IRO-TEXBURKINA - La Tribune du Faso","robots":{"index":"index","follow":"follow","max-snippet":"max-snippet:-1","max-image-preview":"max-image-preview:large","max-video-preview":"max-video-preview:-1"},"canonical":"https:\/\/www.latribunedufaso.net\/?p=12603","og_locale":"fr_FR","og_type":"article","og_title":"D\u00e9veloppement industriel : Le Capitaine Ibrahim Traor\u00e9 pose la premi\u00e8re pierre du complexe textile IRO-TEXBURKINA - La Tribune du Faso","og_description":"Le Pr\u00e9sident de la Transition, le Capitaine Ibrahim Traor\u00e9 a proc\u00e9d\u00e9, le vendredi 29 mars 2024 \u00e0 Sourgou dans la province du Boulkiemd\u00e9, r\u00e9gion du Centre-Ouest, au lancement des travaux de construction du complexe textile \u00ab IRO-TEXBURKINA \u00bb.","og_url":"https:\/\/www.latribunedufaso.net\/?p=12603","og_site_name":"La Tribune du Faso","article_publisher":"https:\/\/www.facebook.com\/LatribuneduFaso\/","article_published_time":"2024-03-29T17:06:04+00:00","og_image":[{"width":720,"height":480,"url":"https:\/\/www.latribunedufaso.net\/wp-content\/uploads\/2024\/03\/FB_IMG_1711731806744.jpg","type":"image\/jpeg"}],"author":"Issouf Tapsoba","twitter_misc":{"\u00c9crit par":"Issouf Tapsoba","Dur\u00e9e de lecture estim\u00e9e":"1 minute"},"schema":{"@context":"https:\/\/schema.org","@graph":[{"@type":"Article","@id":"https:\/\/www.latribunedufaso.net\/?p=12603#article","isPartOf":{"@id":"https:\/\/www.latribunedufaso.net\/?p=12603"},"author":{"name":"Issouf Tapsoba","@id":"https:\/\/www.latribunedufaso.net\/#\/schema\/person\/e54e64c5778a7e72cf80a318b7a622b0"},"headline":"D\u00e9veloppement industriel : Le Capitaine Ibrahim Traor\u00e9 pose la premi\u00e8re pierre du complexe textile IRO-TEXBURKINA","datePublished":"2024-03-29T17:06:04+00:00","mainEntityOfPage":{"@id":"https:\/\/www.latribunedufaso.net\/?p=12603"},"wordCount":301,"commentCount":0,"publisher":{"@id":"https:\/\/www.latribunedufaso.net\/#organization"},"image":{"@id":"https:\/\/www.latribunedufaso.net\/?p=12603#primaryimage"},"thumbnailUrl":"https:\/\/www.latribunedufaso.net\/wp-content\/uploads\/2024\/03\/FB_IMG_1711731806744.jpg","articleSection":["A la une","Actualit\u00e9","Economie"],"inLanguage":"fr-FR","potentialAction":[{"@type":"CommentAction","name":"Comment","target":["https:\/\/www.latribunedufaso.net\/?p=12603#respond"]}]},{"@type":"WebPage","@id":"https:\/\/www.latribunedufaso.net\/?p=12603","url":"https:\/\/www.latribunedufaso.net\/?p=12603","name":"D\u00e9veloppement industriel : Le Capitaine Ibrahim Traor\u00e9 pose la premi\u00e8re pierre du complexe textile IRO-TEXBURKINA - La Tribune du Faso","isPartOf":{"@id":"https:\/\/www.latribunedufaso.net\/#website"},"primaryImageOfPage":{"@id":"https:\/\/www.latribunedufaso.net\/?p=12603#primaryimage"},"image":{"@id":"https:\/\/www.latribunedufaso.net\/?p=12603#primaryimage"},"thumbnailUrl":"https:\/\/www.latribunedufaso.net\/wp-content\/uploads\/2024\/03\/FB_IMG_1711731806744.jpg","datePublished":"2024-03-29T17:06:04+00:00","breadcrumb":{"@id":"https:\/\/www.latribunedufaso.net\/?p=12603#breadcrumb"},"inLanguage":"fr-FR","potentialAction":[{"@type":"ReadAction","target":["https:\/\/www.latribunedufaso.net\/?p=12603"]}]},{"@type":"ImageObject","inLanguage":"fr-FR","@id":"https:\/\/www.latribunedufaso.net\/?p=12603#primaryimage","url":"https:\/\/www.latribunedufaso.net\/wp-content\/uploads\/2024\/03\/FB_IMG_1711731806744.jpg","contentUrl":"https:\/\/www.latribunedufaso.net\/wp-content\/uploads\/2024\/03\/FB_IMG_1711731806744.jpg","width":720,"height":480},{"@type":"BreadcrumbList","@id":"https:\/\/www.latribunedufaso.net\/?p=12603#breadcrumb","itemListElement":[{"@type":"ListItem","position":1,"name":"Accueil","item":"https:\/\/www.latribunedufaso.net\/"},{"@type":"ListItem","position":2,"name":"D\u00e9veloppement industriel : Le Capitaine Ibrahim Traor\u00e9 pose la premi\u00e8re pierre du complexe textile IRO-TEXBURKINA"}]},{"@type":"WebSite","@id":"https:\/\/www.latribunedufaso.net\/#website","url":"https:\/\/www.latribunedufaso.net\/","name":"La Tribune du Faso","description":"L&#039;information du monde rural en un clic","publisher":{"@id":"https:\/\/www.latribunedufaso.net\/#organization"},"potentialAction":[{"@type":"SearchAction","target":{"@type":"EntryPoint","urlTemplate":"https:\/\/www.latribunedufaso.net\/?s={search_term_string}"},"query-input":{"@type":"PropertyValueSpecification","valueRequired":true,"valueName":"search_term_string"}}],"inLanguage":"fr-FR"},{"@type":"Organization","@id":"https:\/\/www.latribunedufaso.net\/#organization","name":"La Tribune du Faso","url":"https:\/\/www.latribunedufaso.net\/","logo":{"@type":"ImageObject","inLanguage":"fr-FR","@id":"https:\/\/www.latribunedufaso.net\/#\/schema\/logo\/image\/","url":"https:\/\/www.latribunedufaso.net\/wp-content\/uploads\/2020\/08\/Logo-Tribune-du-Faso-final-scaled.jpg","contentUrl":"https:\/\/www.latribunedufaso.net\/wp-content\/uploads\/2020\/08\/Logo-Tribune-du-Faso-final-scaled.jpg","width":2560,"height":1856,"caption":"La Tribune du Faso"},"image":{"@id":"https:\/\/www.latribunedufaso.net\/#\/schema\/logo\/image\/"},"sameAs":["https:\/\/www.facebook.com\/LatribuneduFaso\/"]},{"@type":"Person","@id":"https:\/\/www.latribunedufaso.net\/#\/schema\/person\/e54e64c5778a7e72cf80a318b7a622b0","name":"Issouf Tapsoba","image":{"@type":"ImageObject","inLanguage":"fr-FR","@id":"https:\/\/secure.gravatar.com\/avatar\/5e6c05150ce3230247d167f5b94d678eb05936197436d69b7921e3a95c9107ac?s=96&d=mm&r=g","url":"https:\/\/secure.gravatar.com\/avatar\/5e6c05150ce3230247d167f5b94d678eb05936197436d69b7921e3a95c9107ac?s=96&d=mm&r=g","contentUrl":"https:\/\/secure.gravatar.com\/avatar\/5e6c05150ce3230247d167f5b94d678eb05936197436d69b7921e3a95c9107ac?s=96&d=mm&r=g","caption":"Issouf Tapsoba"},"url":"https:\/\/www.latribunedufaso.net\/?author=5"}]}},"_links":{"self":[{"href":"https:\/\/www.latribunedufaso.net\/index.php?rest_route=\/wp\/v2\/posts\/12603","targetHints":{"allow":["GET"]}}],"collection":[{"href":"https:\/\/www.latribunedufaso.net\/index.php?rest_route=\/wp\/v2\/posts"}],"about":[{"href":"https:\/\/www.latribunedufaso.net\/index.php?rest_route=\/wp\/v2\/types\/post"}],"author":[{"embeddable":true,"href":"https:\/\/www.latribunedufaso.net\/index.php?rest_route=\/wp\/v2\/users\/5"}],"replies":[{"embeddable":true,"href":"https:\/\/www.latribunedufaso.net\/index.php?rest_route=%2Fwp%2Fv2%2Fcomments&post=12603"}],"version-history":[{"count":1,"href":"https:\/\/www.latribunedufaso.net\/index.php?rest_route=\/wp\/v2\/posts\/12603\/revisions"}],"predecessor-version":[{"id":12608,"href":"https:\/\/www.latribunedufaso.net\/index.php?rest_route=\/wp\/v2\/posts\/12603\/revisions\/12608"}],"wp:featuredmedia":[{"embeddable":true,"href":"https:\/\/www.latribunedufaso.net\/index.php?rest_route=\/wp\/v2\/media\/12606"}],"wp:attachment":[{"href":"https:\/\/www.latribunedufaso.net\/index.php?rest_route=%2Fwp%2Fv2%2Fmedia&parent=12603"}],"wp:term":[{"taxonomy":"category","embeddable":true,"href":"https:\/\/www.latribunedufaso.net\/index.php?rest_route=%2Fwp%2Fv2%2Fcategories&post=12603"},{"taxonomy":"post_tag","embeddable":true,"href":"https:\/\/www.latribunedufaso.net\/index.php?rest_route=%2Fwp%2Fv2%2Ftags&post=12603"}],"curies":[{"name":"wp","href":"https:\/\/api.w.org\/{rel}","templated":true}]}}