{"id":1260,"date":"2020-09-15T13:23:47","date_gmt":"2020-09-15T13:23:47","guid":{"rendered":"https:\/\/www.latribunedufaso.net\/?p=1260"},"modified":"2020-09-16T11:14:40","modified_gmt":"2020-09-16T11:14:40","slug":"covid-19-les-hauts-bassins-region-la-plus-active","status":"publish","type":"post","link":"https:\/\/www.latribunedufaso.net\/?p=1260","title":{"rendered":"COVID-19 : Les Hauts-Bassins, r\u00e9gion la plus active"},"content":{"rendered":"<p><strong>Chaque dernier vendredi du mois a lieu le traditionnel point de presse du Service d\u2019informatio du gouvernement (SIG) sur la situation de l\u2019\u00e9volution de la COVID-19 au Burkina Faso. Ce mardi 15 septembre 2020, exception a \u00e9t\u00e9 faite \u00e0 cette tradition voulue par le gouvernement et a donc vu la tenue de ladite conf\u00e9rence de presse. La raison principale de cette d\u00e9rogation, la d\u00e9tection de nouveaux cas \u00e0 Bobo-Dioulasso \u00e0 l\u2019occasion de la formation militaire des \u00e9narques (de l\u2019Ecole nationale d\u2019administration).<\/strong> <!--more--><\/p>\n<p><a href=\"https:\/\/latribunedufaso.net\/wp-content\/uploads\/2020\/09\/IMG-20200915-WA0006.jpg\"><img loading=\"lazy\" decoding=\"async\" class=\" wp-image-1261 aligncenter\" src=\"https:\/\/latribunedufaso.net\/wp-content\/uploads\/2020\/09\/IMG-20200915-WA0006-300x225.jpg\" alt=\"\" width=\"480\" height=\"360\" srcset=\"https:\/\/www.latribunedufaso.net\/wp-content\/uploads\/2020\/09\/IMG-20200915-WA0006-300x225.jpg 300w, https:\/\/www.latribunedufaso.net\/wp-content\/uploads\/2020\/09\/IMG-20200915-WA0006-1024x768.jpg 1024w, https:\/\/www.latribunedufaso.net\/wp-content\/uploads\/2020\/09\/IMG-20200915-WA0006-768x576.jpg 768w, https:\/\/www.latribunedufaso.net\/wp-content\/uploads\/2020\/09\/IMG-20200915-WA0006-600x450.jpg 600w, https:\/\/www.latribunedufaso.net\/wp-content\/uploads\/2020\/09\/IMG-20200915-WA0006.jpg 1040w\" sizes=\"auto, (max-width: 480px) 100vw, 480px\" \/><\/a><\/p>\n<p>Dr Brice Bicaba, directeur du Centre des op\u00e9rations de r\u00e9ponse aux urgences sanitaires (CORUS), en a \u00e9t\u00e9 le principal animateur. Il a alors \u00e9t\u00e9 question pour lui de faire le bilan de la maladie au niveau mondial, africain et au Burkina Faso et de faire savoir les perspectives du CORUS, les d\u00e9fis ainsi que les actions prochaines qui seront entreprises. De l\u2019avis de Dr Brice Bicaba, la contamination au COVID-19 dans le monde actuellement est de 29 049 134 cas et plus de 924 000 d\u00e9c\u00e8s. Le continent am\u00e9ricain est le plus touch\u00e9 avec plus de 14 000 000. Il est suivi de l\u2019Europe (4 000 000 de cas), qui s\u2019est fait devancer par l\u2019Asie qui occupe maintenant la seconde position.<\/p>\n<p>L\u2019Afrique vient en derni\u00e8re position avec plus d\u2019un million de cas. Les pays les plus touch\u00e9s sont l\u2019Afrique du Sud, l\u2019Egypte, le Nig\u00e9ria, l\u2019Alg\u00e9rie et le Ghana. Au niveau des pays de la CEDEAO, le Nig\u00e9ria reste en t\u00eate du classement et est suivi du Ghana, la C\u00f4te d\u2019Ivoire, le S\u00e9n\u00e9gal et la Guin\u00e9e. Pour ce qui concerne la situation de la maladie au Burkina Faso \u00e0 la date de ce mardi 15 septembre, le directeur du Centre des op\u00e9rations de r\u00e9ponse aux urgences sanitaires (CORUS) soutient que 467 \u00e9chantillons ont \u00e9t\u00e9 analys\u00e9s repartis entre 331 tests de d\u00e9pistage de voyage, 48 tests de personnes contacts, 32 tests de voyageurs, 3 tests de cas suspects et 53 tests de contr\u00f4le. Le nombre de cas confirm\u00e9s est de 16 dont 8 \u00e0 Ouagadougou, 6 \u00e0 Hound\u00e9 et 2 \u00e0 Bobo-Dioulasso. Le nombre de gu\u00e9ri est de 4 portant le nombre total de gu\u00e9rison \u00e0 1 141. Aucun d\u00e9c\u00e8s n\u2019a \u00e9t\u00e9 notifi\u00e9 donc le nombre total de d\u00e9c\u00e8s reste 56. Le nombre de cas actif est de 536 cas. Le nombre de cas confirm\u00e9 est de 1733 cas. Neuf (9) r\u00e9gions sont actives avec les Hauts-Bassins qui viennent en t\u00eate et suivi du Centre.<\/p>\n<p>Durant ces deux derniers mois, depuis l\u2019ouverture des fronti\u00e8res, poursuit-il, les cas test\u00e9s auront \u00e9volu\u00e9. Et cela serait d\u00fb \u00e0 la demande de tests par les compagnies de transport en commun avant tout embarquement. Ce qui donc permet d\u2019estimer la moyenne d\u2019analyse par semaine \u00e0 3 000 tests analys\u00e9s. La semaine derni\u00e8re, 3 513 \u00e9chantillons ont \u00e9t\u00e9 analys\u00e9s dont 254 cas positifs avec un taux de positivit\u00e9 de 7, 2%. Le total des \u00e9chantillons analys\u00e9s depuis le 9 mars est de 41 784. Nous vous revenons pour plus de d\u00e9tails.<\/p>\n<p><strong>TSP<\/strong><\/p>\n<p><strong>Latribunedufaso.net<\/strong><\/p>\n","protected":false},"excerpt":{"rendered":"<p>Chaque dernier vendredi du mois a lieu le traditionnel point de presse du Service d\u2019informatio du gouvernement (SIG) sur la situation de l\u2019\u00e9volution de la COVID-19 au Burkina Faso. Ce mardi 15 septembre 2020, exception a \u00e9t\u00e9 faite \u00e0 cette tradition voulue par le gouvernement et a donc vu la tenue de ladite conf\u00e9rence de presse. La raison principale de cette d\u00e9rogation, la d\u00e9tection de nouveaux cas \u00e0 Bobo-Dioulasso \u00e0 l\u2019occasion de la formation militaire des \u00e9narques (de l\u2019Ecole nationale d\u2019administration).<\/p>\n","protected":false},"author":2,"featured_media":1262,"comment_status":"open","ping_status":"open","sticky":false,"template":"","format":"standard","meta":{"footnotes":""},"categories":[1,7],"tags":[],"class_list":["post-1260","post","type-post","status-publish","format-standard","has-post-thumbnail","hentry","category-actu","category-sante"],"yoast_head":"<!-- This site is optimized with the Yoast SEO plugin v27.5 - https:\/\/yoast.com\/product\/yoast-seo-wordpress\/ -->\n<title>COVID-19 : Les Hauts-Bassins, r\u00e9gion la plus active - La Tribune du Faso<\/title>\n<meta name=\"robots\" content=\"index, follow, max-snippet:-1, max-image-preview:large, max-video-preview:-1\" \/>\n<link rel=\"canonical\" href=\"https:\/\/www.latribunedufaso.net\/?p=1260\" \/>\n<meta property=\"og:locale\" content=\"fr_FR\" \/>\n<meta property=\"og:type\" content=\"article\" \/>\n<meta property=\"og:title\" content=\"COVID-19 : Les Hauts-Bassins, r\u00e9gion la plus active - La Tribune du Faso\" \/>\n<meta property=\"og:description\" content=\"Chaque dernier vendredi du mois a lieu le traditionnel point de presse du Service d\u2019informatio du gouvernement (SIG) sur la situation de l\u2019\u00e9volution de la COVID-19 au Burkina Faso. Ce mardi 15 septembre 2020, exception a \u00e9t\u00e9 faite \u00e0 cette tradition voulue par le gouvernement et a donc vu la tenue de ladite conf\u00e9rence de presse. La raison principale de cette d\u00e9rogation, la d\u00e9tection de nouveaux cas \u00e0 Bobo-Dioulasso \u00e0 l\u2019occasion de la formation militaire des \u00e9narques (de l\u2019Ecole nationale d\u2019administration).\" \/>\n<meta property=\"og:url\" content=\"https:\/\/www.latribunedufaso.net\/?p=1260\" \/>\n<meta property=\"og:site_name\" content=\"La Tribune du Faso\" \/>\n<meta property=\"article:publisher\" content=\"https:\/\/www.facebook.com\/LatribuneduFaso\/\" \/>\n<meta property=\"article:published_time\" content=\"2020-09-15T13:23:47+00:00\" \/>\n<meta property=\"article:modified_time\" content=\"2020-09-16T11:14:40+00:00\" \/>\n<meta property=\"og:image\" content=\"https:\/\/latribunedufaso.net\/wp-content\/uploads\/2020\/09\/IMG-20200915-WA0007.jpg\" \/>\n\t<meta property=\"og:image:width\" content=\"1040\" \/>\n\t<meta property=\"og:image:height\" content=\"780\" \/>\n\t<meta property=\"og:image:type\" content=\"image\/jpeg\" \/>\n<meta name=\"author\" content=\"Administrateur\" \/>\n<meta name=\"twitter:label1\" content=\"\u00c9crit par\" \/>\n\t<meta name=\"twitter:data1\" content=\"Administrateur\" \/>\n\t<meta name=\"twitter:label2\" content=\"Dur\u00e9e de lecture estim\u00e9e\" \/>\n\t<meta name=\"twitter:data2\" content=\"3 minutes\" \/>\n<script type=\"application\/ld+json\" class=\"yoast-schema-graph\">{\"@context\":\"https:\\\/\\\/schema.org\",\"@graph\":[{\"@type\":\"Article\",\"@id\":\"https:\\\/\\\/www.latribunedufaso.net\\\/?p=1260#article\",\"isPartOf\":{\"@id\":\"https:\\\/\\\/www.latribunedufaso.net\\\/?p=1260\"},\"author\":{\"name\":\"Administrateur\",\"@id\":\"https:\\\/\\\/www.latribunedufaso.net\\\/#\\\/schema\\\/person\\\/a380782d0605bb8aae27c40ea93b35b1\"},\"headline\":\"COVID-19 : Les Hauts-Bassins, r\u00e9gion la plus active\",\"datePublished\":\"2020-09-15T13:23:47+00:00\",\"dateModified\":\"2020-09-16T11:14:40+00:00\",\"mainEntityOfPage\":{\"@id\":\"https:\\\/\\\/www.latribunedufaso.net\\\/?p=1260\"},\"wordCount\":513,\"commentCount\":0,\"publisher\":{\"@id\":\"https:\\\/\\\/www.latribunedufaso.net\\\/#organization\"},\"image\":{\"@id\":\"https:\\\/\\\/www.latribunedufaso.net\\\/?p=1260#primaryimage\"},\"thumbnailUrl\":\"https:\\\/\\\/www.latribunedufaso.net\\\/wp-content\\\/uploads\\\/2020\\\/09\\\/IMG-20200915-WA0007.jpg\",\"articleSection\":[\"Actualit\u00e9\",\"Sant\u00e9\"],\"inLanguage\":\"fr-FR\",\"potentialAction\":[{\"@type\":\"CommentAction\",\"name\":\"Comment\",\"target\":[\"https:\\\/\\\/www.latribunedufaso.net\\\/?p=1260#respond\"]}]},{\"@type\":\"WebPage\",\"@id\":\"https:\\\/\\\/www.latribunedufaso.net\\\/?p=1260\",\"url\":\"https:\\\/\\\/www.latribunedufaso.net\\\/?p=1260\",\"name\":\"COVID-19 : Les Hauts-Bassins, r\u00e9gion la plus active - La Tribune du Faso\",\"isPartOf\":{\"@id\":\"https:\\\/\\\/www.latribunedufaso.net\\\/#website\"},\"primaryImageOfPage\":{\"@id\":\"https:\\\/\\\/www.latribunedufaso.net\\\/?p=1260#primaryimage\"},\"image\":{\"@id\":\"https:\\\/\\\/www.latribunedufaso.net\\\/?p=1260#primaryimage\"},\"thumbnailUrl\":\"https:\\\/\\\/www.latribunedufaso.net\\\/wp-content\\\/uploads\\\/2020\\\/09\\\/IMG-20200915-WA0007.jpg\",\"datePublished\":\"2020-09-15T13:23:47+00:00\",\"dateModified\":\"2020-09-16T11:14:40+00:00\",\"breadcrumb\":{\"@id\":\"https:\\\/\\\/www.latribunedufaso.net\\\/?p=1260#breadcrumb\"},\"inLanguage\":\"fr-FR\",\"potentialAction\":[{\"@type\":\"ReadAction\",\"target\":[\"https:\\\/\\\/www.latribunedufaso.net\\\/?p=1260\"]}]},{\"@type\":\"ImageObject\",\"inLanguage\":\"fr-FR\",\"@id\":\"https:\\\/\\\/www.latribunedufaso.net\\\/?p=1260#primaryimage\",\"url\":\"https:\\\/\\\/www.latribunedufaso.net\\\/wp-content\\\/uploads\\\/2020\\\/09\\\/IMG-20200915-WA0007.jpg\",\"contentUrl\":\"https:\\\/\\\/www.latribunedufaso.net\\\/wp-content\\\/uploads\\\/2020\\\/09\\\/IMG-20200915-WA0007.jpg\",\"width\":1040,\"height\":780},{\"@type\":\"BreadcrumbList\",\"@id\":\"https:\\\/\\\/www.latribunedufaso.net\\\/?p=1260#breadcrumb\",\"itemListElement\":[{\"@type\":\"ListItem\",\"position\":1,\"name\":\"Accueil\",\"item\":\"https:\\\/\\\/www.latribunedufaso.net\\\/\"},{\"@type\":\"ListItem\",\"position\":2,\"name\":\"COVID-19 : Les Hauts-Bassins, r\u00e9gion la plus active\"}]},{\"@type\":\"WebSite\",\"@id\":\"https:\\\/\\\/www.latribunedufaso.net\\\/#website\",\"url\":\"https:\\\/\\\/www.latribunedufaso.net\\\/\",\"name\":\"La Tribune du Faso\",\"description\":\"L&#039;information du monde rural en un clic\",\"publisher\":{\"@id\":\"https:\\\/\\\/www.latribunedufaso.net\\\/#organization\"},\"potentialAction\":[{\"@type\":\"SearchAction\",\"target\":{\"@type\":\"EntryPoint\",\"urlTemplate\":\"https:\\\/\\\/www.latribunedufaso.net\\\/?s={search_term_string}\"},\"query-input\":{\"@type\":\"PropertyValueSpecification\",\"valueRequired\":true,\"valueName\":\"search_term_string\"}}],\"inLanguage\":\"fr-FR\"},{\"@type\":\"Organization\",\"@id\":\"https:\\\/\\\/www.latribunedufaso.net\\\/#organization\",\"name\":\"La Tribune du Faso\",\"url\":\"https:\\\/\\\/www.latribunedufaso.net\\\/\",\"logo\":{\"@type\":\"ImageObject\",\"inLanguage\":\"fr-FR\",\"@id\":\"https:\\\/\\\/www.latribunedufaso.net\\\/#\\\/schema\\\/logo\\\/image\\\/\",\"url\":\"https:\\\/\\\/www.latribunedufaso.net\\\/wp-content\\\/uploads\\\/2020\\\/08\\\/Logo-Tribune-du-Faso-final-scaled.jpg\",\"contentUrl\":\"https:\\\/\\\/www.latribunedufaso.net\\\/wp-content\\\/uploads\\\/2020\\\/08\\\/Logo-Tribune-du-Faso-final-scaled.jpg\",\"width\":2560,\"height\":1856,\"caption\":\"La Tribune du Faso\"},\"image\":{\"@id\":\"https:\\\/\\\/www.latribunedufaso.net\\\/#\\\/schema\\\/logo\\\/image\\\/\"},\"sameAs\":[\"https:\\\/\\\/www.facebook.com\\\/LatribuneduFaso\\\/\"]},{\"@type\":\"Person\",\"@id\":\"https:\\\/\\\/www.latribunedufaso.net\\\/#\\\/schema\\\/person\\\/a380782d0605bb8aae27c40ea93b35b1\",\"name\":\"Administrateur\",\"image\":{\"@type\":\"ImageObject\",\"inLanguage\":\"fr-FR\",\"@id\":\"https:\\\/\\\/secure.gravatar.com\\\/avatar\\\/e20266f97d741f0e80ba1f60283074a9b3317fd7bfb727e0d95b51dafbf854a1?s=96&d=mm&r=g\",\"url\":\"https:\\\/\\\/secure.gravatar.com\\\/avatar\\\/e20266f97d741f0e80ba1f60283074a9b3317fd7bfb727e0d95b51dafbf854a1?s=96&d=mm&r=g\",\"contentUrl\":\"https:\\\/\\\/secure.gravatar.com\\\/avatar\\\/e20266f97d741f0e80ba1f60283074a9b3317fd7bfb727e0d95b51dafbf854a1?s=96&d=mm&r=g\",\"caption\":\"Administrateur\"},\"url\":\"https:\\\/\\\/www.latribunedufaso.net\\\/?author=2\"}]}<\/script>\n<!-- \/ Yoast SEO plugin. -->","yoast_head_json":{"title":"COVID-19 : Les Hauts-Bassins, r\u00e9gion la plus active - La Tribune du Faso","robots":{"index":"index","follow":"follow","max-snippet":"max-snippet:-1","max-image-preview":"max-image-preview:large","max-video-preview":"max-video-preview:-1"},"canonical":"https:\/\/www.latribunedufaso.net\/?p=1260","og_locale":"fr_FR","og_type":"article","og_title":"COVID-19 : Les Hauts-Bassins, r\u00e9gion la plus active - La Tribune du Faso","og_description":"Chaque dernier vendredi du mois a lieu le traditionnel point de presse du Service d\u2019informatio du gouvernement (SIG) sur la situation de l\u2019\u00e9volution de la COVID-19 au Burkina Faso. Ce mardi 15 septembre 2020, exception a \u00e9t\u00e9 faite \u00e0 cette tradition voulue par le gouvernement et a donc vu la tenue de ladite conf\u00e9rence de presse. La raison principale de cette d\u00e9rogation, la d\u00e9tection de nouveaux cas \u00e0 Bobo-Dioulasso \u00e0 l\u2019occasion de la formation militaire des \u00e9narques (de l\u2019Ecole nationale d\u2019administration).","og_url":"https:\/\/www.latribunedufaso.net\/?p=1260","og_site_name":"La Tribune du Faso","article_publisher":"https:\/\/www.facebook.com\/LatribuneduFaso\/","article_published_time":"2020-09-15T13:23:47+00:00","article_modified_time":"2020-09-16T11:14:40+00:00","og_image":[{"width":1040,"height":780,"url":"https:\/\/latribunedufaso.net\/wp-content\/uploads\/2020\/09\/IMG-20200915-WA0007.jpg","type":"image\/jpeg"}],"author":"Administrateur","twitter_misc":{"\u00c9crit par":"Administrateur","Dur\u00e9e de lecture estim\u00e9e":"3 minutes"},"schema":{"@context":"https:\/\/schema.org","@graph":[{"@type":"Article","@id":"https:\/\/www.latribunedufaso.net\/?p=1260#article","isPartOf":{"@id":"https:\/\/www.latribunedufaso.net\/?p=1260"},"author":{"name":"Administrateur","@id":"https:\/\/www.latribunedufaso.net\/#\/schema\/person\/a380782d0605bb8aae27c40ea93b35b1"},"headline":"COVID-19 : Les Hauts-Bassins, r\u00e9gion la plus active","datePublished":"2020-09-15T13:23:47+00:00","dateModified":"2020-09-16T11:14:40+00:00","mainEntityOfPage":{"@id":"https:\/\/www.latribunedufaso.net\/?p=1260"},"wordCount":513,"commentCount":0,"publisher":{"@id":"https:\/\/www.latribunedufaso.net\/#organization"},"image":{"@id":"https:\/\/www.latribunedufaso.net\/?p=1260#primaryimage"},"thumbnailUrl":"https:\/\/www.latribunedufaso.net\/wp-content\/uploads\/2020\/09\/IMG-20200915-WA0007.jpg","articleSection":["Actualit\u00e9","Sant\u00e9"],"inLanguage":"fr-FR","potentialAction":[{"@type":"CommentAction","name":"Comment","target":["https:\/\/www.latribunedufaso.net\/?p=1260#respond"]}]},{"@type":"WebPage","@id":"https:\/\/www.latribunedufaso.net\/?p=1260","url":"https:\/\/www.latribunedufaso.net\/?p=1260","name":"COVID-19 : Les Hauts-Bassins, r\u00e9gion la plus active - La Tribune du Faso","isPartOf":{"@id":"https:\/\/www.latribunedufaso.net\/#website"},"primaryImageOfPage":{"@id":"https:\/\/www.latribunedufaso.net\/?p=1260#primaryimage"},"image":{"@id":"https:\/\/www.latribunedufaso.net\/?p=1260#primaryimage"},"thumbnailUrl":"https:\/\/www.latribunedufaso.net\/wp-content\/uploads\/2020\/09\/IMG-20200915-WA0007.jpg","datePublished":"2020-09-15T13:23:47+00:00","dateModified":"2020-09-16T11:14:40+00:00","breadcrumb":{"@id":"https:\/\/www.latribunedufaso.net\/?p=1260#breadcrumb"},"inLanguage":"fr-FR","potentialAction":[{"@type":"ReadAction","target":["https:\/\/www.latribunedufaso.net\/?p=1260"]}]},{"@type":"ImageObject","inLanguage":"fr-FR","@id":"https:\/\/www.latribunedufaso.net\/?p=1260#primaryimage","url":"https:\/\/www.latribunedufaso.net\/wp-content\/uploads\/2020\/09\/IMG-20200915-WA0007.jpg","contentUrl":"https:\/\/www.latribunedufaso.net\/wp-content\/uploads\/2020\/09\/IMG-20200915-WA0007.jpg","width":1040,"height":780},{"@type":"BreadcrumbList","@id":"https:\/\/www.latribunedufaso.net\/?p=1260#breadcrumb","itemListElement":[{"@type":"ListItem","position":1,"name":"Accueil","item":"https:\/\/www.latribunedufaso.net\/"},{"@type":"ListItem","position":2,"name":"COVID-19 : Les Hauts-Bassins, r\u00e9gion la plus active"}]},{"@type":"WebSite","@id":"https:\/\/www.latribunedufaso.net\/#website","url":"https:\/\/www.latribunedufaso.net\/","name":"La Tribune du Faso","description":"L&#039;information du monde rural en un clic","publisher":{"@id":"https:\/\/www.latribunedufaso.net\/#organization"},"potentialAction":[{"@type":"SearchAction","target":{"@type":"EntryPoint","urlTemplate":"https:\/\/www.latribunedufaso.net\/?s={search_term_string}"},"query-input":{"@type":"PropertyValueSpecification","valueRequired":true,"valueName":"search_term_string"}}],"inLanguage":"fr-FR"},{"@type":"Organization","@id":"https:\/\/www.latribunedufaso.net\/#organization","name":"La Tribune du Faso","url":"https:\/\/www.latribunedufaso.net\/","logo":{"@type":"ImageObject","inLanguage":"fr-FR","@id":"https:\/\/www.latribunedufaso.net\/#\/schema\/logo\/image\/","url":"https:\/\/www.latribunedufaso.net\/wp-content\/uploads\/2020\/08\/Logo-Tribune-du-Faso-final-scaled.jpg","contentUrl":"https:\/\/www.latribunedufaso.net\/wp-content\/uploads\/2020\/08\/Logo-Tribune-du-Faso-final-scaled.jpg","width":2560,"height":1856,"caption":"La Tribune du Faso"},"image":{"@id":"https:\/\/www.latribunedufaso.net\/#\/schema\/logo\/image\/"},"sameAs":["https:\/\/www.facebook.com\/LatribuneduFaso\/"]},{"@type":"Person","@id":"https:\/\/www.latribunedufaso.net\/#\/schema\/person\/a380782d0605bb8aae27c40ea93b35b1","name":"Administrateur","image":{"@type":"ImageObject","inLanguage":"fr-FR","@id":"https:\/\/secure.gravatar.com\/avatar\/e20266f97d741f0e80ba1f60283074a9b3317fd7bfb727e0d95b51dafbf854a1?s=96&d=mm&r=g","url":"https:\/\/secure.gravatar.com\/avatar\/e20266f97d741f0e80ba1f60283074a9b3317fd7bfb727e0d95b51dafbf854a1?s=96&d=mm&r=g","contentUrl":"https:\/\/secure.gravatar.com\/avatar\/e20266f97d741f0e80ba1f60283074a9b3317fd7bfb727e0d95b51dafbf854a1?s=96&d=mm&r=g","caption":"Administrateur"},"url":"https:\/\/www.latribunedufaso.net\/?author=2"}]}},"_links":{"self":[{"href":"https:\/\/www.latribunedufaso.net\/index.php?rest_route=\/wp\/v2\/posts\/1260","targetHints":{"allow":["GET"]}}],"collection":[{"href":"https:\/\/www.latribunedufaso.net\/index.php?rest_route=\/wp\/v2\/posts"}],"about":[{"href":"https:\/\/www.latribunedufaso.net\/index.php?rest_route=\/wp\/v2\/types\/post"}],"author":[{"embeddable":true,"href":"https:\/\/www.latribunedufaso.net\/index.php?rest_route=\/wp\/v2\/users\/2"}],"replies":[{"embeddable":true,"href":"https:\/\/www.latribunedufaso.net\/index.php?rest_route=%2Fwp%2Fv2%2Fcomments&post=1260"}],"version-history":[{"count":4,"href":"https:\/\/www.latribunedufaso.net\/index.php?rest_route=\/wp\/v2\/posts\/1260\/revisions"}],"predecessor-version":[{"id":1267,"href":"https:\/\/www.latribunedufaso.net\/index.php?rest_route=\/wp\/v2\/posts\/1260\/revisions\/1267"}],"wp:featuredmedia":[{"embeddable":true,"href":"https:\/\/www.latribunedufaso.net\/index.php?rest_route=\/wp\/v2\/media\/1262"}],"wp:attachment":[{"href":"https:\/\/www.latribunedufaso.net\/index.php?rest_route=%2Fwp%2Fv2%2Fmedia&parent=1260"}],"wp:term":[{"taxonomy":"category","embeddable":true,"href":"https:\/\/www.latribunedufaso.net\/index.php?rest_route=%2Fwp%2Fv2%2Fcategories&post=1260"},{"taxonomy":"post_tag","embeddable":true,"href":"https:\/\/www.latribunedufaso.net\/index.php?rest_route=%2Fwp%2Fv2%2Ftags&post=1260"}],"curies":[{"name":"wp","href":"https:\/\/api.w.org\/{rel}","templated":true}]}}