{"id":1250,"date":"2020-09-14T12:25:05","date_gmt":"2020-09-14T12:25:05","guid":{"rendered":"https:\/\/www.latribunedufaso.net\/?p=1250"},"modified":"2020-09-16T11:13:53","modified_gmt":"2020-09-16T11:13:53","slug":"couvertures-mediatiques-de-la-pre-campagne-me-farama-denonce-un-faux-debat","status":"publish","type":"post","link":"https:\/\/www.latribunedufaso.net\/?p=1250","title":{"rendered":"Couvertures m\u00e9diatiques de la pr\u00e9-campagne : Me Farama d\u00e9nonce \u00ab\u00a0un faux d\u00e9bat\u00a0\u00bb"},"content":{"rendered":"<p><strong>Apr\u00e8s un premier num\u00e9ro jug\u00e9 satisfaisant, le Centre national de presse Norbert Zongo (CNP\/NZ) a organis\u00e9 samedi 12 septembre 2020, \u00e0 Ouagadougou le 2e num\u00e9ro du club de la presse. Pour ce second num\u00e9ro, le th\u00e8me retenu est : \u00ab encadrement des activit\u00e9s de pr\u00e9-campagne \u00e9lectorale et libert\u00e9 de la presse au Burkina Faso : quelles lectures ? \u00bb. Maitre Prosp\u00e8re Farama, avocat de m\u00e9tier, a \u00e9t\u00e9 le principal conf\u00e9rencier invit\u00e9 \u00e0 s\u2019entretenir avec les Hommes de m\u00e9dias \u00e0 propos.<\/strong><!--more--><\/p>\n<p><a href=\"https:\/\/latribunedufaso.net\/wp-content\/uploads\/2020\/09\/IMG-20200914-WA0008.jpg\"><img loading=\"lazy\" decoding=\"async\" class=\"aligncenter wp-image-1251 \" src=\"https:\/\/latribunedufaso.net\/wp-content\/uploads\/2020\/09\/IMG-20200914-WA0008-e1600086399467-300x279.jpg\" alt=\"\" width=\"479\" height=\"445\" srcset=\"https:\/\/www.latribunedufaso.net\/wp-content\/uploads\/2020\/09\/IMG-20200914-WA0008-e1600086399467-300x279.jpg 300w, https:\/\/www.latribunedufaso.net\/wp-content\/uploads\/2020\/09\/IMG-20200914-WA0008-e1600086399467-768x715.jpg 768w, https:\/\/www.latribunedufaso.net\/wp-content\/uploads\/2020\/09\/IMG-20200914-WA0008-e1600086399467-600x558.jpg 600w, https:\/\/www.latribunedufaso.net\/wp-content\/uploads\/2020\/09\/IMG-20200914-WA0008-e1600086399467.jpg 779w\" sizes=\"auto, (max-width: 479px) 100vw, 479px\" \/><\/a><\/p>\n<p>En application de l\u2019article 68 bis de la loi n\u00b0034-2020\/AN du 25 ao\u00fbt 2020 portant modification de la loi n\u00b0014-2001\/AN du 03 juillet 2001 portant Code \u00e9lectoral, il est interdit la couverture m\u00e9diatique de toute campagne \u00e9lectorale d\u00e9guis\u00e9e pendant les 30 jours pr\u00e9c\u00e9dant l\u2019ouverture officielle de la campagne. C\u2019est une question qui fait couler beaucoup d\u2019encre et de salive dans le paysage m\u00e9diatique \u00e0 l\u2019approche des \u00e9lections coupl\u00e9es du 22 novembre 2020. C\u2019est tout le sens de ce 2e num\u00e9ro du club de la presse principalement anim\u00e9 par Maitre Prosp\u00e8re Farama.<br \/>\nPour ce dernier, le Conseil sup\u00e9rieur de la communication(CSC) fait un faux d\u00e9bat. Il est alors revenu sur la place de la presse dans un \u00c9tat en p\u00e9riode \u00e9lectorale et \u00e9galement sur les devoirs et les pr\u00e9rogatives du CSC. Pour ce qui est du r\u00f4le de la presse dans une p\u00e9riode \u00e9lectorale, Maitre Farama \u00e9voque la sensibilisation et un r\u00f4le d\u2019\u00e9veil afin de garantir la m\u00eame chance aux diff\u00e9rentes sensibilit\u00e9s politiques.<\/p>\n<p>Le r\u00f4le du CSC, selon lui, est de r\u00e9guler et apporter un soutien aux m\u00e9dias pour qu\u2019ils puissent mieux faire leur travail de sensibilisation. Mais le constat serait tout autre vu la restriction des activit\u00e9s de la presse en p\u00e9riode de pr\u00e9-campagne. Il pr\u00e9cise que ce n\u2019est pas le CSC qui a interdit la couverture m\u00e9diatique mais l\u2019article 68 bis du code \u00e9lectoral.<br \/>\nPour Prosp\u00e8re Farama, le terme pr\u00e9-campagne serait vide de sens en droit et en pratique\u00a0; il pense qu\u2019il faudrait donc parler de p\u00e9riode l\u00e9gale pour les campagnes \u00e9lectorales. \u00ab Un parti politique normal, ambitieux est toujours en campagne. Il faudrait plut\u00f4t parler de p\u00e9riode l\u00e9gale ou officielle de campagne\u00a0\u00bb, a-t-il indiqu\u00e9.<br \/>\nLa question de la libert\u00e9 de la presse a de m\u00eame \u00e9t\u00e9 au centre des \u00e9changes. Et, pour l\u2019orateur, avec les textes de la Charte africaine et certaines institutions internationales telles l\u2019Unesco, des restrictions et des encadrements sont pr\u00e9vues. Ces restrictions, soutient-il par ailleurs, doivent \u00eatre faites avec objectivit\u00e9 et doivent \u00eatre d\u2019int\u00e9r\u00eat g\u00e9n\u00e9ral. Elles ne doivent pas faire obstacle au d\u00e9bat d\u2019int\u00e9r\u00eat g\u00e9n\u00e9ral et doivent \u00e9galement \u00eatre d\u00e9finies par la loi et non laisser \u00e0 la discr\u00e9tion d\u2019une autorit\u00e9.<br \/>\n\u00ab Dans notre contexte actuel, le CSC a fait des ajouts \u00e0 la constitution. Il a pratiquement refait la loi ; ce qui n\u2019est pas de son ressort \u00bb, a poursuivi Maitre Farama qui au final, s\u2019est pench\u00e9 sur la question de l\u2019ind\u00e9pendance du CSC. \u00ab La restriction cr\u00e9e un d\u00e9s\u00e9quilibre du moment o\u00f9 elle ne concerne pas les activit\u00e9s des membres du gouvernement qui continue toujours leurs activit\u00e9s au nom du parti \u00bb, a expliqu\u00e9 le conf\u00e9rencier.<\/p>\n<p>La composition des membres du CSC (neuf au total dont trois d\u00e9sign\u00e9s par le Pr\u00e9sident du Faso, deux par le Pr\u00e9sident de l\u2019Assembl\u00e9e nationale, un par le Conseil constitutionnel et trois par les organisations professionnelles des m\u00e9dias), est assez \u00e9vocatrice, si l\u2019on s\u2019en tient aux propos de l\u2019avocat. \u00ab\u00a0Certains diront que ce n\u2019est pas parce qu\u2019il [le pr\u00e9sident du Faso] d\u00e9signe qu\u2019il contr\u00f4le l\u2019institution. Mais pour moi, qui d\u00e9signe, contr\u00f4le\u00a0\u00bb, a-t-il dit. Pour Maitre Farama, l\u2019objectivit\u00e9 de l\u2019institution est mise en cause d\u00e8s lors qu\u2019elle est dirig\u00e9e par un homme qui fut conseiller du chef de l\u2019Etat. \u00ab\u00a0Quand on est conseiller d\u2019un Pr\u00e9sident, on est d\u2019abord un conseiller politique\u00a0\u00bb, a-t-il rappel\u00e9.<\/p>\n<p><strong>Tiba Kassamse Ou\u00e9draogo (stagiaire)<\/strong><br \/>\n<strong>Latribunedufaso.net<\/strong><\/p>\n","protected":false},"excerpt":{"rendered":"<p>Apr\u00e8s un premier num\u00e9ro jug\u00e9 satisfaisant, le Centre national de presse Norbert Zongo (CNP\/NZ) a organis\u00e9 samedi 12 septembre 2020, \u00e0 Ouagadougou le 2e num\u00e9ro du club de la presse. Pour ce second num\u00e9ro, le th\u00e8me retenu est : \u00ab encadrement des activit\u00e9s de pr\u00e9-campagne \u00e9lectorale et libert\u00e9 de la presse au Burkina Faso : quelles lectures ? \u00bb. Maitre Prosp\u00e8re Farama, avocat de m\u00e9tier, a \u00e9t\u00e9 le principal conf\u00e9rencier invit\u00e9 \u00e0 s\u2019entretenir avec les Hommes de m\u00e9dias \u00e0 propos.<\/p>\n","protected":false},"author":2,"featured_media":1252,"comment_status":"open","ping_status":"open","sticky":false,"template":"","format":"standard","meta":{"footnotes":""},"categories":[1,8],"tags":[],"class_list":["post-1250","post","type-post","status-publish","format-standard","has-post-thumbnail","hentry","category-actu","category-societe"],"yoast_head":"<!-- This site is optimized with the Yoast SEO plugin v27.5 - https:\/\/yoast.com\/product\/yoast-seo-wordpress\/ -->\n<title>Couvertures m\u00e9diatiques de la pr\u00e9-campagne : Me Farama d\u00e9nonce \u00ab\u00a0un faux d\u00e9bat\u00a0\u00bb - La Tribune du Faso<\/title>\n<meta name=\"robots\" content=\"index, follow, max-snippet:-1, max-image-preview:large, max-video-preview:-1\" \/>\n<link rel=\"canonical\" href=\"https:\/\/www.latribunedufaso.net\/?p=1250\" \/>\n<meta property=\"og:locale\" content=\"fr_FR\" \/>\n<meta property=\"og:type\" content=\"article\" \/>\n<meta property=\"og:title\" content=\"Couvertures m\u00e9diatiques de la pr\u00e9-campagne : Me Farama d\u00e9nonce \u00ab\u00a0un faux d\u00e9bat\u00a0\u00bb - La Tribune du Faso\" \/>\n<meta property=\"og:description\" content=\"Apr\u00e8s un premier num\u00e9ro jug\u00e9 satisfaisant, le Centre national de presse Norbert Zongo (CNP\/NZ) a organis\u00e9 samedi 12 septembre 2020, \u00e0 Ouagadougou le 2e num\u00e9ro du club de la presse. Pour ce second num\u00e9ro, le th\u00e8me retenu est : \u00ab encadrement des activit\u00e9s de pr\u00e9-campagne \u00e9lectorale et libert\u00e9 de la presse au Burkina Faso : quelles lectures ? \u00bb. Maitre Prosp\u00e8re Farama, avocat de m\u00e9tier, a \u00e9t\u00e9 le principal conf\u00e9rencier invit\u00e9 \u00e0 s\u2019entretenir avec les Hommes de m\u00e9dias \u00e0 propos.\" \/>\n<meta property=\"og:url\" content=\"https:\/\/www.latribunedufaso.net\/?p=1250\" \/>\n<meta property=\"og:site_name\" content=\"La Tribune du Faso\" \/>\n<meta property=\"article:publisher\" content=\"https:\/\/www.facebook.com\/LatribuneduFaso\/\" \/>\n<meta property=\"article:published_time\" content=\"2020-09-14T12:25:05+00:00\" \/>\n<meta property=\"article:modified_time\" content=\"2020-09-16T11:13:53+00:00\" \/>\n<meta property=\"og:image\" content=\"https:\/\/latribunedufaso.net\/wp-content\/uploads\/2020\/09\/IMG-20200914-WA0009.jpg\" \/>\n\t<meta property=\"og:image:width\" content=\"1040\" \/>\n\t<meta property=\"og:image:height\" content=\"780\" \/>\n\t<meta property=\"og:image:type\" content=\"image\/jpeg\" \/>\n<meta name=\"author\" content=\"Administrateur\" \/>\n<meta name=\"twitter:label1\" content=\"\u00c9crit par\" \/>\n\t<meta name=\"twitter:data1\" content=\"Administrateur\" \/>\n\t<meta name=\"twitter:label2\" content=\"Dur\u00e9e de lecture estim\u00e9e\" \/>\n\t<meta name=\"twitter:data2\" content=\"4 minutes\" \/>\n<script type=\"application\/ld+json\" class=\"yoast-schema-graph\">{\"@context\":\"https:\\\/\\\/schema.org\",\"@graph\":[{\"@type\":\"Article\",\"@id\":\"https:\\\/\\\/www.latribunedufaso.net\\\/?p=1250#article\",\"isPartOf\":{\"@id\":\"https:\\\/\\\/www.latribunedufaso.net\\\/?p=1250\"},\"author\":{\"name\":\"Administrateur\",\"@id\":\"https:\\\/\\\/www.latribunedufaso.net\\\/#\\\/schema\\\/person\\\/a380782d0605bb8aae27c40ea93b35b1\"},\"headline\":\"Couvertures m\u00e9diatiques de la pr\u00e9-campagne : Me Farama d\u00e9nonce \u00ab\u00a0un faux d\u00e9bat\u00a0\u00bb\",\"datePublished\":\"2020-09-14T12:25:05+00:00\",\"dateModified\":\"2020-09-16T11:13:53+00:00\",\"mainEntityOfPage\":{\"@id\":\"https:\\\/\\\/www.latribunedufaso.net\\\/?p=1250\"},\"wordCount\":739,\"commentCount\":0,\"publisher\":{\"@id\":\"https:\\\/\\\/www.latribunedufaso.net\\\/#organization\"},\"image\":{\"@id\":\"https:\\\/\\\/www.latribunedufaso.net\\\/?p=1250#primaryimage\"},\"thumbnailUrl\":\"https:\\\/\\\/www.latribunedufaso.net\\\/wp-content\\\/uploads\\\/2020\\\/09\\\/IMG-20200914-WA0009.jpg\",\"articleSection\":[\"Actualit\u00e9\",\"Soci\u00e9t\u00e9\"],\"inLanguage\":\"fr-FR\",\"potentialAction\":[{\"@type\":\"CommentAction\",\"name\":\"Comment\",\"target\":[\"https:\\\/\\\/www.latribunedufaso.net\\\/?p=1250#respond\"]}]},{\"@type\":\"WebPage\",\"@id\":\"https:\\\/\\\/www.latribunedufaso.net\\\/?p=1250\",\"url\":\"https:\\\/\\\/www.latribunedufaso.net\\\/?p=1250\",\"name\":\"Couvertures m\u00e9diatiques de la pr\u00e9-campagne : Me Farama d\u00e9nonce \u00ab\u00a0un faux d\u00e9bat\u00a0\u00bb - La Tribune du Faso\",\"isPartOf\":{\"@id\":\"https:\\\/\\\/www.latribunedufaso.net\\\/#website\"},\"primaryImageOfPage\":{\"@id\":\"https:\\\/\\\/www.latribunedufaso.net\\\/?p=1250#primaryimage\"},\"image\":{\"@id\":\"https:\\\/\\\/www.latribunedufaso.net\\\/?p=1250#primaryimage\"},\"thumbnailUrl\":\"https:\\\/\\\/www.latribunedufaso.net\\\/wp-content\\\/uploads\\\/2020\\\/09\\\/IMG-20200914-WA0009.jpg\",\"datePublished\":\"2020-09-14T12:25:05+00:00\",\"dateModified\":\"2020-09-16T11:13:53+00:00\",\"breadcrumb\":{\"@id\":\"https:\\\/\\\/www.latribunedufaso.net\\\/?p=1250#breadcrumb\"},\"inLanguage\":\"fr-FR\",\"potentialAction\":[{\"@type\":\"ReadAction\",\"target\":[\"https:\\\/\\\/www.latribunedufaso.net\\\/?p=1250\"]}]},{\"@type\":\"ImageObject\",\"inLanguage\":\"fr-FR\",\"@id\":\"https:\\\/\\\/www.latribunedufaso.net\\\/?p=1250#primaryimage\",\"url\":\"https:\\\/\\\/www.latribunedufaso.net\\\/wp-content\\\/uploads\\\/2020\\\/09\\\/IMG-20200914-WA0009.jpg\",\"contentUrl\":\"https:\\\/\\\/www.latribunedufaso.net\\\/wp-content\\\/uploads\\\/2020\\\/09\\\/IMG-20200914-WA0009.jpg\",\"width\":1040,\"height\":780},{\"@type\":\"BreadcrumbList\",\"@id\":\"https:\\\/\\\/www.latribunedufaso.net\\\/?p=1250#breadcrumb\",\"itemListElement\":[{\"@type\":\"ListItem\",\"position\":1,\"name\":\"Accueil\",\"item\":\"https:\\\/\\\/www.latribunedufaso.net\\\/\"},{\"@type\":\"ListItem\",\"position\":2,\"name\":\"Couvertures m\u00e9diatiques de la pr\u00e9-campagne : Me Farama d\u00e9nonce \u00ab\u00a0un faux d\u00e9bat\u00a0\u00bb\"}]},{\"@type\":\"WebSite\",\"@id\":\"https:\\\/\\\/www.latribunedufaso.net\\\/#website\",\"url\":\"https:\\\/\\\/www.latribunedufaso.net\\\/\",\"name\":\"La Tribune du Faso\",\"description\":\"L&#039;information du monde rural en un clic\",\"publisher\":{\"@id\":\"https:\\\/\\\/www.latribunedufaso.net\\\/#organization\"},\"potentialAction\":[{\"@type\":\"SearchAction\",\"target\":{\"@type\":\"EntryPoint\",\"urlTemplate\":\"https:\\\/\\\/www.latribunedufaso.net\\\/?s={search_term_string}\"},\"query-input\":{\"@type\":\"PropertyValueSpecification\",\"valueRequired\":true,\"valueName\":\"search_term_string\"}}],\"inLanguage\":\"fr-FR\"},{\"@type\":\"Organization\",\"@id\":\"https:\\\/\\\/www.latribunedufaso.net\\\/#organization\",\"name\":\"La Tribune du Faso\",\"url\":\"https:\\\/\\\/www.latribunedufaso.net\\\/\",\"logo\":{\"@type\":\"ImageObject\",\"inLanguage\":\"fr-FR\",\"@id\":\"https:\\\/\\\/www.latribunedufaso.net\\\/#\\\/schema\\\/logo\\\/image\\\/\",\"url\":\"https:\\\/\\\/www.latribunedufaso.net\\\/wp-content\\\/uploads\\\/2020\\\/08\\\/Logo-Tribune-du-Faso-final-scaled.jpg\",\"contentUrl\":\"https:\\\/\\\/www.latribunedufaso.net\\\/wp-content\\\/uploads\\\/2020\\\/08\\\/Logo-Tribune-du-Faso-final-scaled.jpg\",\"width\":2560,\"height\":1856,\"caption\":\"La Tribune du Faso\"},\"image\":{\"@id\":\"https:\\\/\\\/www.latribunedufaso.net\\\/#\\\/schema\\\/logo\\\/image\\\/\"},\"sameAs\":[\"https:\\\/\\\/www.facebook.com\\\/LatribuneduFaso\\\/\"]},{\"@type\":\"Person\",\"@id\":\"https:\\\/\\\/www.latribunedufaso.net\\\/#\\\/schema\\\/person\\\/a380782d0605bb8aae27c40ea93b35b1\",\"name\":\"Administrateur\",\"image\":{\"@type\":\"ImageObject\",\"inLanguage\":\"fr-FR\",\"@id\":\"https:\\\/\\\/secure.gravatar.com\\\/avatar\\\/e20266f97d741f0e80ba1f60283074a9b3317fd7bfb727e0d95b51dafbf854a1?s=96&d=mm&r=g\",\"url\":\"https:\\\/\\\/secure.gravatar.com\\\/avatar\\\/e20266f97d741f0e80ba1f60283074a9b3317fd7bfb727e0d95b51dafbf854a1?s=96&d=mm&r=g\",\"contentUrl\":\"https:\\\/\\\/secure.gravatar.com\\\/avatar\\\/e20266f97d741f0e80ba1f60283074a9b3317fd7bfb727e0d95b51dafbf854a1?s=96&d=mm&r=g\",\"caption\":\"Administrateur\"},\"url\":\"https:\\\/\\\/www.latribunedufaso.net\\\/?author=2\"}]}<\/script>\n<!-- \/ Yoast SEO plugin. -->","yoast_head_json":{"title":"Couvertures m\u00e9diatiques de la pr\u00e9-campagne : Me Farama d\u00e9nonce \u00ab\u00a0un faux d\u00e9bat\u00a0\u00bb - La Tribune du Faso","robots":{"index":"index","follow":"follow","max-snippet":"max-snippet:-1","max-image-preview":"max-image-preview:large","max-video-preview":"max-video-preview:-1"},"canonical":"https:\/\/www.latribunedufaso.net\/?p=1250","og_locale":"fr_FR","og_type":"article","og_title":"Couvertures m\u00e9diatiques de la pr\u00e9-campagne : Me Farama d\u00e9nonce \u00ab\u00a0un faux d\u00e9bat\u00a0\u00bb - La Tribune du Faso","og_description":"Apr\u00e8s un premier num\u00e9ro jug\u00e9 satisfaisant, le Centre national de presse Norbert Zongo (CNP\/NZ) a organis\u00e9 samedi 12 septembre 2020, \u00e0 Ouagadougou le 2e num\u00e9ro du club de la presse. Pour ce second num\u00e9ro, le th\u00e8me retenu est : \u00ab encadrement des activit\u00e9s de pr\u00e9-campagne \u00e9lectorale et libert\u00e9 de la presse au Burkina Faso : quelles lectures ? \u00bb. Maitre Prosp\u00e8re Farama, avocat de m\u00e9tier, a \u00e9t\u00e9 le principal conf\u00e9rencier invit\u00e9 \u00e0 s\u2019entretenir avec les Hommes de m\u00e9dias \u00e0 propos.","og_url":"https:\/\/www.latribunedufaso.net\/?p=1250","og_site_name":"La Tribune du Faso","article_publisher":"https:\/\/www.facebook.com\/LatribuneduFaso\/","article_published_time":"2020-09-14T12:25:05+00:00","article_modified_time":"2020-09-16T11:13:53+00:00","og_image":[{"width":1040,"height":780,"url":"https:\/\/latribunedufaso.net\/wp-content\/uploads\/2020\/09\/IMG-20200914-WA0009.jpg","type":"image\/jpeg"}],"author":"Administrateur","twitter_misc":{"\u00c9crit par":"Administrateur","Dur\u00e9e de lecture estim\u00e9e":"4 minutes"},"schema":{"@context":"https:\/\/schema.org","@graph":[{"@type":"Article","@id":"https:\/\/www.latribunedufaso.net\/?p=1250#article","isPartOf":{"@id":"https:\/\/www.latribunedufaso.net\/?p=1250"},"author":{"name":"Administrateur","@id":"https:\/\/www.latribunedufaso.net\/#\/schema\/person\/a380782d0605bb8aae27c40ea93b35b1"},"headline":"Couvertures m\u00e9diatiques de la pr\u00e9-campagne : Me Farama d\u00e9nonce \u00ab\u00a0un faux d\u00e9bat\u00a0\u00bb","datePublished":"2020-09-14T12:25:05+00:00","dateModified":"2020-09-16T11:13:53+00:00","mainEntityOfPage":{"@id":"https:\/\/www.latribunedufaso.net\/?p=1250"},"wordCount":739,"commentCount":0,"publisher":{"@id":"https:\/\/www.latribunedufaso.net\/#organization"},"image":{"@id":"https:\/\/www.latribunedufaso.net\/?p=1250#primaryimage"},"thumbnailUrl":"https:\/\/www.latribunedufaso.net\/wp-content\/uploads\/2020\/09\/IMG-20200914-WA0009.jpg","articleSection":["Actualit\u00e9","Soci\u00e9t\u00e9"],"inLanguage":"fr-FR","potentialAction":[{"@type":"CommentAction","name":"Comment","target":["https:\/\/www.latribunedufaso.net\/?p=1250#respond"]}]},{"@type":"WebPage","@id":"https:\/\/www.latribunedufaso.net\/?p=1250","url":"https:\/\/www.latribunedufaso.net\/?p=1250","name":"Couvertures m\u00e9diatiques de la pr\u00e9-campagne : Me Farama d\u00e9nonce \u00ab\u00a0un faux d\u00e9bat\u00a0\u00bb - La Tribune du Faso","isPartOf":{"@id":"https:\/\/www.latribunedufaso.net\/#website"},"primaryImageOfPage":{"@id":"https:\/\/www.latribunedufaso.net\/?p=1250#primaryimage"},"image":{"@id":"https:\/\/www.latribunedufaso.net\/?p=1250#primaryimage"},"thumbnailUrl":"https:\/\/www.latribunedufaso.net\/wp-content\/uploads\/2020\/09\/IMG-20200914-WA0009.jpg","datePublished":"2020-09-14T12:25:05+00:00","dateModified":"2020-09-16T11:13:53+00:00","breadcrumb":{"@id":"https:\/\/www.latribunedufaso.net\/?p=1250#breadcrumb"},"inLanguage":"fr-FR","potentialAction":[{"@type":"ReadAction","target":["https:\/\/www.latribunedufaso.net\/?p=1250"]}]},{"@type":"ImageObject","inLanguage":"fr-FR","@id":"https:\/\/www.latribunedufaso.net\/?p=1250#primaryimage","url":"https:\/\/www.latribunedufaso.net\/wp-content\/uploads\/2020\/09\/IMG-20200914-WA0009.jpg","contentUrl":"https:\/\/www.latribunedufaso.net\/wp-content\/uploads\/2020\/09\/IMG-20200914-WA0009.jpg","width":1040,"height":780},{"@type":"BreadcrumbList","@id":"https:\/\/www.latribunedufaso.net\/?p=1250#breadcrumb","itemListElement":[{"@type":"ListItem","position":1,"name":"Accueil","item":"https:\/\/www.latribunedufaso.net\/"},{"@type":"ListItem","position":2,"name":"Couvertures m\u00e9diatiques de la pr\u00e9-campagne : Me Farama d\u00e9nonce \u00ab\u00a0un faux d\u00e9bat\u00a0\u00bb"}]},{"@type":"WebSite","@id":"https:\/\/www.latribunedufaso.net\/#website","url":"https:\/\/www.latribunedufaso.net\/","name":"La Tribune du Faso","description":"L&#039;information du monde rural en un clic","publisher":{"@id":"https:\/\/www.latribunedufaso.net\/#organization"},"potentialAction":[{"@type":"SearchAction","target":{"@type":"EntryPoint","urlTemplate":"https:\/\/www.latribunedufaso.net\/?s={search_term_string}"},"query-input":{"@type":"PropertyValueSpecification","valueRequired":true,"valueName":"search_term_string"}}],"inLanguage":"fr-FR"},{"@type":"Organization","@id":"https:\/\/www.latribunedufaso.net\/#organization","name":"La Tribune du Faso","url":"https:\/\/www.latribunedufaso.net\/","logo":{"@type":"ImageObject","inLanguage":"fr-FR","@id":"https:\/\/www.latribunedufaso.net\/#\/schema\/logo\/image\/","url":"https:\/\/www.latribunedufaso.net\/wp-content\/uploads\/2020\/08\/Logo-Tribune-du-Faso-final-scaled.jpg","contentUrl":"https:\/\/www.latribunedufaso.net\/wp-content\/uploads\/2020\/08\/Logo-Tribune-du-Faso-final-scaled.jpg","width":2560,"height":1856,"caption":"La Tribune du Faso"},"image":{"@id":"https:\/\/www.latribunedufaso.net\/#\/schema\/logo\/image\/"},"sameAs":["https:\/\/www.facebook.com\/LatribuneduFaso\/"]},{"@type":"Person","@id":"https:\/\/www.latribunedufaso.net\/#\/schema\/person\/a380782d0605bb8aae27c40ea93b35b1","name":"Administrateur","image":{"@type":"ImageObject","inLanguage":"fr-FR","@id":"https:\/\/secure.gravatar.com\/avatar\/e20266f97d741f0e80ba1f60283074a9b3317fd7bfb727e0d95b51dafbf854a1?s=96&d=mm&r=g","url":"https:\/\/secure.gravatar.com\/avatar\/e20266f97d741f0e80ba1f60283074a9b3317fd7bfb727e0d95b51dafbf854a1?s=96&d=mm&r=g","contentUrl":"https:\/\/secure.gravatar.com\/avatar\/e20266f97d741f0e80ba1f60283074a9b3317fd7bfb727e0d95b51dafbf854a1?s=96&d=mm&r=g","caption":"Administrateur"},"url":"https:\/\/www.latribunedufaso.net\/?author=2"}]}},"_links":{"self":[{"href":"https:\/\/www.latribunedufaso.net\/index.php?rest_route=\/wp\/v2\/posts\/1250","targetHints":{"allow":["GET"]}}],"collection":[{"href":"https:\/\/www.latribunedufaso.net\/index.php?rest_route=\/wp\/v2\/posts"}],"about":[{"href":"https:\/\/www.latribunedufaso.net\/index.php?rest_route=\/wp\/v2\/types\/post"}],"author":[{"embeddable":true,"href":"https:\/\/www.latribunedufaso.net\/index.php?rest_route=\/wp\/v2\/users\/2"}],"replies":[{"embeddable":true,"href":"https:\/\/www.latribunedufaso.net\/index.php?rest_route=%2Fwp%2Fv2%2Fcomments&post=1250"}],"version-history":[{"count":3,"href":"https:\/\/www.latribunedufaso.net\/index.php?rest_route=\/wp\/v2\/posts\/1250\/revisions"}],"predecessor-version":[{"id":1255,"href":"https:\/\/www.latribunedufaso.net\/index.php?rest_route=\/wp\/v2\/posts\/1250\/revisions\/1255"}],"wp:featuredmedia":[{"embeddable":true,"href":"https:\/\/www.latribunedufaso.net\/index.php?rest_route=\/wp\/v2\/media\/1252"}],"wp:attachment":[{"href":"https:\/\/www.latribunedufaso.net\/index.php?rest_route=%2Fwp%2Fv2%2Fmedia&parent=1250"}],"wp:term":[{"taxonomy":"category","embeddable":true,"href":"https:\/\/www.latribunedufaso.net\/index.php?rest_route=%2Fwp%2Fv2%2Fcategories&post=1250"},{"taxonomy":"post_tag","embeddable":true,"href":"https:\/\/www.latribunedufaso.net\/index.php?rest_route=%2Fwp%2Fv2%2Ftags&post=1250"}],"curies":[{"name":"wp","href":"https:\/\/api.w.org\/{rel}","templated":true}]}}