{"id":12364,"date":"2024-03-20T12:23:33","date_gmt":"2024-03-20T12:23:33","guid":{"rendered":"https:\/\/www.latribunedufaso.net\/?p=12364"},"modified":"2024-03-20T12:23:33","modified_gmt":"2024-03-20T12:23:33","slug":"cooperation-bilaterale-le-ministre-des-affaires-etrangeres-recoit-la-visite-dune-delegation-belge","status":"publish","type":"post","link":"https:\/\/www.latribunedufaso.net\/?p=12364","title":{"rendered":"Coop\u00e9ration bilat\u00e9rale : Le ministre des Affaires \u00e9trang\u00e8res re\u00e7oit la visite d&rsquo;une d\u00e9l\u00e9gation belge\u00a0"},"content":{"rendered":"<p><strong><span style=\"font-size: 1.0625rem;\">Ce mardi 19 mars 2024 \u00e0 Ouagadougou, le ministre des Affaires \u00e9trang\u00e8res de la Coop\u00e9ration r\u00e9gionale et des Burkinab\u00e8 de l\u2019Ext\u00e9rieur, Karamoko Jean Marie TRAORE , a re\u00e7u en audience une d\u00e9l\u00e9gation du Royaume de Belgique.<\/span><\/strong><br \/><!--more--><\/p>\n<p>Cette d\u00e9l\u00e9gation, conduite par l&rsquo;ambassadeur aupr\u00e8s du Burkina Faso, Jean jacques QUAIRIAT et l&rsquo;envoy\u00e9 sp\u00e9cial pour le Sahel, Bart De GROOF, dit \u00eatre venue r\u00e9affirmer l\u2019engagement du Royaume de Belgique aupr\u00e8s du Burkina Faso, \u00e0 travers une approche d&rsquo;\u00e9coute et de dialogue.\u00a0<\/p>\n<p><a href=\"https:\/\/www.latribunedufaso.net\/wp-content\/uploads\/2024\/03\/IMG-20240320-WA0037.jpg\"><img loading=\"lazy\" decoding=\"async\" class=\"size-medium wp-image-12365 alignleft\" src=\"https:\/\/www.latribunedufaso.net\/wp-content\/uploads\/2024\/03\/IMG-20240320-WA0037-300x200.jpg\" alt=\"\" width=\"300\" height=\"200\" srcset=\"https:\/\/www.latribunedufaso.net\/wp-content\/uploads\/2024\/03\/IMG-20240320-WA0037-300x200.jpg 300w, https:\/\/www.latribunedufaso.net\/wp-content\/uploads\/2024\/03\/IMG-20240320-WA0037-1024x682.jpg 1024w, https:\/\/www.latribunedufaso.net\/wp-content\/uploads\/2024\/03\/IMG-20240320-WA0037-768x512.jpg 768w, https:\/\/www.latribunedufaso.net\/wp-content\/uploads\/2024\/03\/IMG-20240320-WA0037-840x560.jpg 840w, https:\/\/www.latribunedufaso.net\/wp-content\/uploads\/2024\/03\/IMG-20240320-WA0037-120x80.jpg 120w, https:\/\/www.latribunedufaso.net\/wp-content\/uploads\/2024\/03\/IMG-20240320-WA0037-360x240.jpg 360w, https:\/\/www.latribunedufaso.net\/wp-content\/uploads\/2024\/03\/IMG-20240320-WA0037-600x400.jpg 600w, https:\/\/www.latribunedufaso.net\/wp-content\/uploads\/2024\/03\/IMG-20240320-WA0037.jpg 1081w\" sizes=\"auto, (max-width: 300px) 100vw, 300px\" \/><\/a>Selon l&rsquo;envoy\u00e9 sp\u00e9cial du Royaume de Belgique pour le Sahel, Bart De GROOF, cet engagement a tout son sens au regard du contexte humanitaire que conna\u00eet le Burkina Faso.<\/p>\n<p>En outre, cette visite avait pour objectif de recueillir aupr\u00e8s du chef de la diplomatie burkinab\u00e8, la vision de son pays et des autres pays de l&rsquo;AES sur le partenariat avec le Royaume de Belgique.<\/p>\n<p>Pour sa part, le ministre des Affaires \u00e9trang\u00e8res, Karamoko Jean Marie Traor\u00e9, a appr\u00e9ci\u00e9 cette approche. Il a, par ailleurs pr\u00e9sent\u00e9 le type de partenariat que les pays du Sahel souhaitent avoir dans ce contexte particulier. A l&rsquo;\u00e9couter, il s&rsquo;agit d&rsquo;un partenariat bas\u00e9 sur les r\u00e9alit\u00e9s de ces pays, et qui r\u00e9pond aux aspirations v\u00e9ritables de leurs citoyens.\u00a0<\/p>\n<p><a href=\"https:\/\/www.latribunedufaso.net\/wp-content\/uploads\/2024\/03\/IMG-20240320-WA0036.jpg\"><img loading=\"lazy\" decoding=\"async\" class=\"size-medium wp-image-12366 alignleft\" src=\"https:\/\/www.latribunedufaso.net\/wp-content\/uploads\/2024\/03\/IMG-20240320-WA0036-300x186.jpg\" alt=\"\" width=\"300\" height=\"186\" srcset=\"https:\/\/www.latribunedufaso.net\/wp-content\/uploads\/2024\/03\/IMG-20240320-WA0036-300x186.jpg 300w, https:\/\/www.latribunedufaso.net\/wp-content\/uploads\/2024\/03\/IMG-20240320-WA0036-1024x633.jpg 1024w, https:\/\/www.latribunedufaso.net\/wp-content\/uploads\/2024\/03\/IMG-20240320-WA0036-768x475.jpg 768w, https:\/\/www.latribunedufaso.net\/wp-content\/uploads\/2024\/03\/IMG-20240320-WA0036.jpg 1080w\" sizes=\"auto, (max-width: 300px) 100vw, 300px\" \/><\/a>Aussi, le ministre Karamoko Jean Marie Traor\u00e9, a invit\u00e9 les partenaires \u00e0 avoir un regard plus juste de la situation du Sahel, d\u00e9plorant au passage la mauvaise lecture faite par certains m\u00e9dias, qui pr\u00e9sentent les Transitions militaires comme un probl\u00e8me et non comme une cons\u00e9quence d&rsquo;une gestion inadapt\u00e9e de la crise s\u00e9curitaire qui pr\u00e9vaut depuis maintenant huit ans.<\/p>\n<p>\u00ab Les partenaires doivent \u00e9viter de venir au Sahel avec leurs propres priorit\u00e9s, avec des r\u00e9ponses toutes faites et m\u00eame des clich\u00e9s, sans avoir sond\u00e9 les populations de cet espace sur leurs attentes r\u00e9elles; cette fa\u00e7on de faire ne permet pas d&rsquo;apporter des r\u00e9ponses appropri\u00e9es aux probl\u00e8mes que vivent les populations et ces pays \u00bb, s&rsquo;est-il adress\u00e9 \u00e0 l&rsquo;endroit des membres de la d\u00e9l\u00e9gation.<\/p>\n<p><a href=\"https:\/\/www.latribunedufaso.net\/wp-content\/uploads\/2024\/03\/IMG-20240320-WA0034.jpg\"><img loading=\"lazy\" decoding=\"async\" class=\"size-medium wp-image-12368 alignleft\" src=\"https:\/\/www.latribunedufaso.net\/wp-content\/uploads\/2024\/03\/IMG-20240320-WA0034-300x185.jpg\" alt=\"\" width=\"300\" height=\"185\" srcset=\"https:\/\/www.latribunedufaso.net\/wp-content\/uploads\/2024\/03\/IMG-20240320-WA0034-300x185.jpg 300w, https:\/\/www.latribunedufaso.net\/wp-content\/uploads\/2024\/03\/IMG-20240320-WA0034-1024x631.jpg 1024w, https:\/\/www.latribunedufaso.net\/wp-content\/uploads\/2024\/03\/IMG-20240320-WA0034-768x473.jpg 768w, https:\/\/www.latribunedufaso.net\/wp-content\/uploads\/2024\/03\/IMG-20240320-WA0034.jpg 1080w\" sizes=\"auto, (max-width: 300px) 100vw, 300px\" \/><\/a>La d\u00e9l\u00e9gation, apr\u00e8s avoir \u00e9cout\u00e9 l&rsquo;\u00e9clairage \u00e0 elle apport\u00e9e par le ministre, Karamoko Jean Marie TRAORE, dit repartir \u00e9difi\u00e9e. Ainsi, elle a promis rendre compte de la vision pr\u00e9sent\u00e9e par le ministre aux autorit\u00e9s belges, mais \u00e9galement au niveau de l&rsquo;Union Europ\u00e9enne dont la Belgique assure actuellement la pr\u00e9sidence.<\/p>\n<p><strong><span style=\"font-size: 1.0625rem;\">Latribunedufaso.net<\/span><\/strong><\/p>\n<p><strong><span style=\"font-size: 1.0625rem;\">Source: MAECR-BE<a href=\"https:\/\/www.latribunedufaso.net\/wp-content\/uploads\/2024\/03\/IMG-20240320-WA0033.jpg\"><img loading=\"lazy\" decoding=\"async\" class=\"size-medium wp-image-12369 alignleft\" src=\"https:\/\/www.latribunedufaso.net\/wp-content\/uploads\/2024\/03\/IMG-20240320-WA0033-300x182.jpg\" alt=\"\" width=\"300\" height=\"182\" srcset=\"https:\/\/www.latribunedufaso.net\/wp-content\/uploads\/2024\/03\/IMG-20240320-WA0033-300x182.jpg 300w, https:\/\/www.latribunedufaso.net\/wp-content\/uploads\/2024\/03\/IMG-20240320-WA0033-1024x621.jpg 1024w, https:\/\/www.latribunedufaso.net\/wp-content\/uploads\/2024\/03\/IMG-20240320-WA0033-768x466.jpg 768w, https:\/\/www.latribunedufaso.net\/wp-content\/uploads\/2024\/03\/IMG-20240320-WA0033.jpg 1080w\" sizes=\"auto, (max-width: 300px) 100vw, 300px\" \/><\/a><\/span><\/strong><\/p>\n","protected":false},"excerpt":{"rendered":"<p>Ce mardi 19 mars 2024 \u00e0 Ouagadougou, le ministre des Affaires \u00e9trang\u00e8res de la Coop\u00e9ration r\u00e9gionale et des Burkinab\u00e8 de l\u2019Ext\u00e9rieur, Karamoko Jean Marie TRAORE , a re\u00e7u en audience une d\u00e9l\u00e9gation du Royaume de Belgique.<\/p>\n","protected":false},"author":5,"featured_media":12367,"comment_status":"open","ping_status":"open","sticky":false,"template":"","format":"standard","meta":{"footnotes":""},"categories":[13,1,8],"tags":[],"class_list":["post-12364","post","type-post","status-publish","format-standard","has-post-thumbnail","hentry","category-une","category-actu","category-societe"],"yoast_head":"<!-- This site is optimized with the Yoast SEO plugin v27.5 - https:\/\/yoast.com\/product\/yoast-seo-wordpress\/ -->\n<title>Coop\u00e9ration bilat\u00e9rale : Le ministre des Affaires \u00e9trang\u00e8res re\u00e7oit la visite d&#039;une d\u00e9l\u00e9gation belge\u00a0 - La Tribune du Faso<\/title>\n<meta name=\"robots\" content=\"index, follow, max-snippet:-1, max-image-preview:large, max-video-preview:-1\" \/>\n<link rel=\"canonical\" href=\"https:\/\/www.latribunedufaso.net\/?p=12364\" \/>\n<meta property=\"og:locale\" content=\"fr_FR\" \/>\n<meta property=\"og:type\" content=\"article\" \/>\n<meta property=\"og:title\" content=\"Coop\u00e9ration bilat\u00e9rale : Le ministre des Affaires \u00e9trang\u00e8res re\u00e7oit la visite d&#039;une d\u00e9l\u00e9gation belge\u00a0 - La Tribune du Faso\" \/>\n<meta property=\"og:description\" content=\"Ce mardi 19 mars 2024 \u00e0 Ouagadougou, le ministre des Affaires \u00e9trang\u00e8res de la Coop\u00e9ration r\u00e9gionale et des Burkinab\u00e8 de l\u2019Ext\u00e9rieur, Karamoko Jean Marie TRAORE , a re\u00e7u en audience une d\u00e9l\u00e9gation du Royaume de Belgique.\" \/>\n<meta property=\"og:url\" content=\"https:\/\/www.latribunedufaso.net\/?p=12364\" \/>\n<meta property=\"og:site_name\" content=\"La Tribune du Faso\" \/>\n<meta property=\"article:publisher\" content=\"https:\/\/www.facebook.com\/LatribuneduFaso\/\" \/>\n<meta property=\"article:published_time\" content=\"2024-03-20T12:23:33+00:00\" \/>\n<meta property=\"og:image\" content=\"https:\/\/www.latribunedufaso.net\/wp-content\/uploads\/2024\/03\/IMG-20240320-WA0035.jpg\" \/>\n\t<meta property=\"og:image:width\" content=\"1080\" \/>\n\t<meta property=\"og:image:height\" content=\"619\" \/>\n\t<meta property=\"og:image:type\" content=\"image\/jpeg\" \/>\n<meta name=\"author\" content=\"Issouf Tapsoba\" \/>\n<meta name=\"twitter:label1\" content=\"\u00c9crit par\" \/>\n\t<meta name=\"twitter:data1\" content=\"Issouf Tapsoba\" \/>\n\t<meta name=\"twitter:label2\" content=\"Dur\u00e9e de lecture estim\u00e9e\" \/>\n\t<meta name=\"twitter:data2\" content=\"2 minutes\" \/>\n<script type=\"application\/ld+json\" class=\"yoast-schema-graph\">{\"@context\":\"https:\\\/\\\/schema.org\",\"@graph\":[{\"@type\":\"Article\",\"@id\":\"https:\\\/\\\/www.latribunedufaso.net\\\/?p=12364#article\",\"isPartOf\":{\"@id\":\"https:\\\/\\\/www.latribunedufaso.net\\\/?p=12364\"},\"author\":{\"name\":\"Issouf Tapsoba\",\"@id\":\"https:\\\/\\\/www.latribunedufaso.net\\\/#\\\/schema\\\/person\\\/e54e64c5778a7e72cf80a318b7a622b0\"},\"headline\":\"Coop\u00e9ration bilat\u00e9rale : Le ministre des Affaires \u00e9trang\u00e8res re\u00e7oit la visite d&rsquo;une d\u00e9l\u00e9gation belge\u00a0\",\"datePublished\":\"2024-03-20T12:23:33+00:00\",\"mainEntityOfPage\":{\"@id\":\"https:\\\/\\\/www.latribunedufaso.net\\\/?p=12364\"},\"wordCount\":453,\"commentCount\":0,\"publisher\":{\"@id\":\"https:\\\/\\\/www.latribunedufaso.net\\\/#organization\"},\"image\":{\"@id\":\"https:\\\/\\\/www.latribunedufaso.net\\\/?p=12364#primaryimage\"},\"thumbnailUrl\":\"https:\\\/\\\/www.latribunedufaso.net\\\/wp-content\\\/uploads\\\/2024\\\/03\\\/IMG-20240320-WA0035.jpg\",\"articleSection\":[\"A la une\",\"Actualit\u00e9\",\"Soci\u00e9t\u00e9\"],\"inLanguage\":\"fr-FR\",\"potentialAction\":[{\"@type\":\"CommentAction\",\"name\":\"Comment\",\"target\":[\"https:\\\/\\\/www.latribunedufaso.net\\\/?p=12364#respond\"]}]},{\"@type\":\"WebPage\",\"@id\":\"https:\\\/\\\/www.latribunedufaso.net\\\/?p=12364\",\"url\":\"https:\\\/\\\/www.latribunedufaso.net\\\/?p=12364\",\"name\":\"Coop\u00e9ration bilat\u00e9rale : Le ministre des Affaires \u00e9trang\u00e8res re\u00e7oit la visite d'une d\u00e9l\u00e9gation belge\u00a0 - La Tribune du Faso\",\"isPartOf\":{\"@id\":\"https:\\\/\\\/www.latribunedufaso.net\\\/#website\"},\"primaryImageOfPage\":{\"@id\":\"https:\\\/\\\/www.latribunedufaso.net\\\/?p=12364#primaryimage\"},\"image\":{\"@id\":\"https:\\\/\\\/www.latribunedufaso.net\\\/?p=12364#primaryimage\"},\"thumbnailUrl\":\"https:\\\/\\\/www.latribunedufaso.net\\\/wp-content\\\/uploads\\\/2024\\\/03\\\/IMG-20240320-WA0035.jpg\",\"datePublished\":\"2024-03-20T12:23:33+00:00\",\"breadcrumb\":{\"@id\":\"https:\\\/\\\/www.latribunedufaso.net\\\/?p=12364#breadcrumb\"},\"inLanguage\":\"fr-FR\",\"potentialAction\":[{\"@type\":\"ReadAction\",\"target\":[\"https:\\\/\\\/www.latribunedufaso.net\\\/?p=12364\"]}]},{\"@type\":\"ImageObject\",\"inLanguage\":\"fr-FR\",\"@id\":\"https:\\\/\\\/www.latribunedufaso.net\\\/?p=12364#primaryimage\",\"url\":\"https:\\\/\\\/www.latribunedufaso.net\\\/wp-content\\\/uploads\\\/2024\\\/03\\\/IMG-20240320-WA0035.jpg\",\"contentUrl\":\"https:\\\/\\\/www.latribunedufaso.net\\\/wp-content\\\/uploads\\\/2024\\\/03\\\/IMG-20240320-WA0035.jpg\",\"width\":1080,\"height\":619},{\"@type\":\"BreadcrumbList\",\"@id\":\"https:\\\/\\\/www.latribunedufaso.net\\\/?p=12364#breadcrumb\",\"itemListElement\":[{\"@type\":\"ListItem\",\"position\":1,\"name\":\"Accueil\",\"item\":\"https:\\\/\\\/www.latribunedufaso.net\\\/\"},{\"@type\":\"ListItem\",\"position\":2,\"name\":\"Coop\u00e9ration bilat\u00e9rale : Le ministre des Affaires \u00e9trang\u00e8res re\u00e7oit la visite d&rsquo;une d\u00e9l\u00e9gation belge\u00a0\"}]},{\"@type\":\"WebSite\",\"@id\":\"https:\\\/\\\/www.latribunedufaso.net\\\/#website\",\"url\":\"https:\\\/\\\/www.latribunedufaso.net\\\/\",\"name\":\"La Tribune du Faso\",\"description\":\"L&#039;information du monde rural en un clic\",\"publisher\":{\"@id\":\"https:\\\/\\\/www.latribunedufaso.net\\\/#organization\"},\"potentialAction\":[{\"@type\":\"SearchAction\",\"target\":{\"@type\":\"EntryPoint\",\"urlTemplate\":\"https:\\\/\\\/www.latribunedufaso.net\\\/?s={search_term_string}\"},\"query-input\":{\"@type\":\"PropertyValueSpecification\",\"valueRequired\":true,\"valueName\":\"search_term_string\"}}],\"inLanguage\":\"fr-FR\"},{\"@type\":\"Organization\",\"@id\":\"https:\\\/\\\/www.latribunedufaso.net\\\/#organization\",\"name\":\"La Tribune du Faso\",\"url\":\"https:\\\/\\\/www.latribunedufaso.net\\\/\",\"logo\":{\"@type\":\"ImageObject\",\"inLanguage\":\"fr-FR\",\"@id\":\"https:\\\/\\\/www.latribunedufaso.net\\\/#\\\/schema\\\/logo\\\/image\\\/\",\"url\":\"https:\\\/\\\/www.latribunedufaso.net\\\/wp-content\\\/uploads\\\/2020\\\/08\\\/Logo-Tribune-du-Faso-final-scaled.jpg\",\"contentUrl\":\"https:\\\/\\\/www.latribunedufaso.net\\\/wp-content\\\/uploads\\\/2020\\\/08\\\/Logo-Tribune-du-Faso-final-scaled.jpg\",\"width\":2560,\"height\":1856,\"caption\":\"La Tribune du Faso\"},\"image\":{\"@id\":\"https:\\\/\\\/www.latribunedufaso.net\\\/#\\\/schema\\\/logo\\\/image\\\/\"},\"sameAs\":[\"https:\\\/\\\/www.facebook.com\\\/LatribuneduFaso\\\/\"]},{\"@type\":\"Person\",\"@id\":\"https:\\\/\\\/www.latribunedufaso.net\\\/#\\\/schema\\\/person\\\/e54e64c5778a7e72cf80a318b7a622b0\",\"name\":\"Issouf Tapsoba\",\"image\":{\"@type\":\"ImageObject\",\"inLanguage\":\"fr-FR\",\"@id\":\"https:\\\/\\\/secure.gravatar.com\\\/avatar\\\/5e6c05150ce3230247d167f5b94d678eb05936197436d69b7921e3a95c9107ac?s=96&d=mm&r=g\",\"url\":\"https:\\\/\\\/secure.gravatar.com\\\/avatar\\\/5e6c05150ce3230247d167f5b94d678eb05936197436d69b7921e3a95c9107ac?s=96&d=mm&r=g\",\"contentUrl\":\"https:\\\/\\\/secure.gravatar.com\\\/avatar\\\/5e6c05150ce3230247d167f5b94d678eb05936197436d69b7921e3a95c9107ac?s=96&d=mm&r=g\",\"caption\":\"Issouf Tapsoba\"},\"url\":\"https:\\\/\\\/www.latribunedufaso.net\\\/?author=5\"}]}<\/script>\n<!-- \/ Yoast SEO plugin. -->","yoast_head_json":{"title":"Coop\u00e9ration bilat\u00e9rale : Le ministre des Affaires \u00e9trang\u00e8res re\u00e7oit la visite d'une d\u00e9l\u00e9gation belge\u00a0 - La Tribune du Faso","robots":{"index":"index","follow":"follow","max-snippet":"max-snippet:-1","max-image-preview":"max-image-preview:large","max-video-preview":"max-video-preview:-1"},"canonical":"https:\/\/www.latribunedufaso.net\/?p=12364","og_locale":"fr_FR","og_type":"article","og_title":"Coop\u00e9ration bilat\u00e9rale : Le ministre des Affaires \u00e9trang\u00e8res re\u00e7oit la visite d'une d\u00e9l\u00e9gation belge\u00a0 - La Tribune du Faso","og_description":"Ce mardi 19 mars 2024 \u00e0 Ouagadougou, le ministre des Affaires \u00e9trang\u00e8res de la Coop\u00e9ration r\u00e9gionale et des Burkinab\u00e8 de l\u2019Ext\u00e9rieur, Karamoko Jean Marie TRAORE , a re\u00e7u en audience une d\u00e9l\u00e9gation du Royaume de Belgique.","og_url":"https:\/\/www.latribunedufaso.net\/?p=12364","og_site_name":"La Tribune du Faso","article_publisher":"https:\/\/www.facebook.com\/LatribuneduFaso\/","article_published_time":"2024-03-20T12:23:33+00:00","og_image":[{"width":1080,"height":619,"url":"https:\/\/www.latribunedufaso.net\/wp-content\/uploads\/2024\/03\/IMG-20240320-WA0035.jpg","type":"image\/jpeg"}],"author":"Issouf Tapsoba","twitter_misc":{"\u00c9crit par":"Issouf Tapsoba","Dur\u00e9e de lecture estim\u00e9e":"2 minutes"},"schema":{"@context":"https:\/\/schema.org","@graph":[{"@type":"Article","@id":"https:\/\/www.latribunedufaso.net\/?p=12364#article","isPartOf":{"@id":"https:\/\/www.latribunedufaso.net\/?p=12364"},"author":{"name":"Issouf Tapsoba","@id":"https:\/\/www.latribunedufaso.net\/#\/schema\/person\/e54e64c5778a7e72cf80a318b7a622b0"},"headline":"Coop\u00e9ration bilat\u00e9rale : Le ministre des Affaires \u00e9trang\u00e8res re\u00e7oit la visite d&rsquo;une d\u00e9l\u00e9gation belge\u00a0","datePublished":"2024-03-20T12:23:33+00:00","mainEntityOfPage":{"@id":"https:\/\/www.latribunedufaso.net\/?p=12364"},"wordCount":453,"commentCount":0,"publisher":{"@id":"https:\/\/www.latribunedufaso.net\/#organization"},"image":{"@id":"https:\/\/www.latribunedufaso.net\/?p=12364#primaryimage"},"thumbnailUrl":"https:\/\/www.latribunedufaso.net\/wp-content\/uploads\/2024\/03\/IMG-20240320-WA0035.jpg","articleSection":["A la une","Actualit\u00e9","Soci\u00e9t\u00e9"],"inLanguage":"fr-FR","potentialAction":[{"@type":"CommentAction","name":"Comment","target":["https:\/\/www.latribunedufaso.net\/?p=12364#respond"]}]},{"@type":"WebPage","@id":"https:\/\/www.latribunedufaso.net\/?p=12364","url":"https:\/\/www.latribunedufaso.net\/?p=12364","name":"Coop\u00e9ration bilat\u00e9rale : Le ministre des Affaires \u00e9trang\u00e8res re\u00e7oit la visite d'une d\u00e9l\u00e9gation belge\u00a0 - La Tribune du Faso","isPartOf":{"@id":"https:\/\/www.latribunedufaso.net\/#website"},"primaryImageOfPage":{"@id":"https:\/\/www.latribunedufaso.net\/?p=12364#primaryimage"},"image":{"@id":"https:\/\/www.latribunedufaso.net\/?p=12364#primaryimage"},"thumbnailUrl":"https:\/\/www.latribunedufaso.net\/wp-content\/uploads\/2024\/03\/IMG-20240320-WA0035.jpg","datePublished":"2024-03-20T12:23:33+00:00","breadcrumb":{"@id":"https:\/\/www.latribunedufaso.net\/?p=12364#breadcrumb"},"inLanguage":"fr-FR","potentialAction":[{"@type":"ReadAction","target":["https:\/\/www.latribunedufaso.net\/?p=12364"]}]},{"@type":"ImageObject","inLanguage":"fr-FR","@id":"https:\/\/www.latribunedufaso.net\/?p=12364#primaryimage","url":"https:\/\/www.latribunedufaso.net\/wp-content\/uploads\/2024\/03\/IMG-20240320-WA0035.jpg","contentUrl":"https:\/\/www.latribunedufaso.net\/wp-content\/uploads\/2024\/03\/IMG-20240320-WA0035.jpg","width":1080,"height":619},{"@type":"BreadcrumbList","@id":"https:\/\/www.latribunedufaso.net\/?p=12364#breadcrumb","itemListElement":[{"@type":"ListItem","position":1,"name":"Accueil","item":"https:\/\/www.latribunedufaso.net\/"},{"@type":"ListItem","position":2,"name":"Coop\u00e9ration bilat\u00e9rale : Le ministre des Affaires \u00e9trang\u00e8res re\u00e7oit la visite d&rsquo;une d\u00e9l\u00e9gation belge\u00a0"}]},{"@type":"WebSite","@id":"https:\/\/www.latribunedufaso.net\/#website","url":"https:\/\/www.latribunedufaso.net\/","name":"La Tribune du Faso","description":"L&#039;information du monde rural en un clic","publisher":{"@id":"https:\/\/www.latribunedufaso.net\/#organization"},"potentialAction":[{"@type":"SearchAction","target":{"@type":"EntryPoint","urlTemplate":"https:\/\/www.latribunedufaso.net\/?s={search_term_string}"},"query-input":{"@type":"PropertyValueSpecification","valueRequired":true,"valueName":"search_term_string"}}],"inLanguage":"fr-FR"},{"@type":"Organization","@id":"https:\/\/www.latribunedufaso.net\/#organization","name":"La Tribune du Faso","url":"https:\/\/www.latribunedufaso.net\/","logo":{"@type":"ImageObject","inLanguage":"fr-FR","@id":"https:\/\/www.latribunedufaso.net\/#\/schema\/logo\/image\/","url":"https:\/\/www.latribunedufaso.net\/wp-content\/uploads\/2020\/08\/Logo-Tribune-du-Faso-final-scaled.jpg","contentUrl":"https:\/\/www.latribunedufaso.net\/wp-content\/uploads\/2020\/08\/Logo-Tribune-du-Faso-final-scaled.jpg","width":2560,"height":1856,"caption":"La Tribune du Faso"},"image":{"@id":"https:\/\/www.latribunedufaso.net\/#\/schema\/logo\/image\/"},"sameAs":["https:\/\/www.facebook.com\/LatribuneduFaso\/"]},{"@type":"Person","@id":"https:\/\/www.latribunedufaso.net\/#\/schema\/person\/e54e64c5778a7e72cf80a318b7a622b0","name":"Issouf Tapsoba","image":{"@type":"ImageObject","inLanguage":"fr-FR","@id":"https:\/\/secure.gravatar.com\/avatar\/5e6c05150ce3230247d167f5b94d678eb05936197436d69b7921e3a95c9107ac?s=96&d=mm&r=g","url":"https:\/\/secure.gravatar.com\/avatar\/5e6c05150ce3230247d167f5b94d678eb05936197436d69b7921e3a95c9107ac?s=96&d=mm&r=g","contentUrl":"https:\/\/secure.gravatar.com\/avatar\/5e6c05150ce3230247d167f5b94d678eb05936197436d69b7921e3a95c9107ac?s=96&d=mm&r=g","caption":"Issouf Tapsoba"},"url":"https:\/\/www.latribunedufaso.net\/?author=5"}]}},"_links":{"self":[{"href":"https:\/\/www.latribunedufaso.net\/index.php?rest_route=\/wp\/v2\/posts\/12364","targetHints":{"allow":["GET"]}}],"collection":[{"href":"https:\/\/www.latribunedufaso.net\/index.php?rest_route=\/wp\/v2\/posts"}],"about":[{"href":"https:\/\/www.latribunedufaso.net\/index.php?rest_route=\/wp\/v2\/types\/post"}],"author":[{"embeddable":true,"href":"https:\/\/www.latribunedufaso.net\/index.php?rest_route=\/wp\/v2\/users\/5"}],"replies":[{"embeddable":true,"href":"https:\/\/www.latribunedufaso.net\/index.php?rest_route=%2Fwp%2Fv2%2Fcomments&post=12364"}],"version-history":[{"count":1,"href":"https:\/\/www.latribunedufaso.net\/index.php?rest_route=\/wp\/v2\/posts\/12364\/revisions"}],"predecessor-version":[{"id":12370,"href":"https:\/\/www.latribunedufaso.net\/index.php?rest_route=\/wp\/v2\/posts\/12364\/revisions\/12370"}],"wp:featuredmedia":[{"embeddable":true,"href":"https:\/\/www.latribunedufaso.net\/index.php?rest_route=\/wp\/v2\/media\/12367"}],"wp:attachment":[{"href":"https:\/\/www.latribunedufaso.net\/index.php?rest_route=%2Fwp%2Fv2%2Fmedia&parent=12364"}],"wp:term":[{"taxonomy":"category","embeddable":true,"href":"https:\/\/www.latribunedufaso.net\/index.php?rest_route=%2Fwp%2Fv2%2Fcategories&post=12364"},{"taxonomy":"post_tag","embeddable":true,"href":"https:\/\/www.latribunedufaso.net\/index.php?rest_route=%2Fwp%2Fv2%2Ftags&post=12364"}],"curies":[{"name":"wp","href":"https:\/\/api.w.org\/{rel}","templated":true}]}}