{"id":1234,"date":"2020-09-11T14:23:20","date_gmt":"2020-09-11T14:23:20","guid":{"rendered":"https:\/\/www.latribunedufaso.net\/?p=1234"},"modified":"2020-09-16T11:13:18","modified_gmt":"2020-09-16T11:13:18","slug":"balance-commerciale-un-excedent-de-558-milliards-fcfa-au-trimestre-dernier","status":"publish","type":"post","link":"https:\/\/www.latribunedufaso.net\/?p=1234","title":{"rendered":"Balance commerciale : Un exc\u00e9dent de 55,8 milliards FCFA au trimestre dernier\u00a0"},"content":{"rendered":"<p><strong><span style=\"font-size: 1.0625rem;\">T<\/span><\/strong><strong style=\"font-size: 1.0625rem;\">ous les trois (3) mois, en compl\u00e9ment des publications annuelles que sont la situation du commerce ext\u00e9rieur et l&rsquo;annuaire du commerce ext\u00e9rieur du Burkina Faso, l\u2019Institut national de la statistique et de la d\u00e9mographie (INSD) publie une note trimestrielle sur les statistiques du commerce ext\u00e9rieur. Respectueuse de cette tradition, l\u2019INSD a mis \u00e0 la disposition du grand public sa note du deuxi\u00e8me trimestre 2020, \u00e9dition d\u2019ao\u00fbt 2020. Le temps de revenir en long et en large sur ladite note \u00e9labor\u00e9e par le Service des statistiques d\u2019entreprises et du commerce (SSEC) de la Direction des statistiques et des synth\u00e8ses \u00e9conomiques (DSSE), un r\u00e9sum\u00e9 vous est propos\u00e9.<\/strong><!--more--><\/p>\n<p><a href=\"https:\/\/latribunedufaso.net\/wp-content\/uploads\/2020\/09\/nous-vous-aidons-a-importer.jpg\"><img loading=\"lazy\" decoding=\"async\" class=\" wp-image-1235 aligncenter\" src=\"https:\/\/latribunedufaso.net\/wp-content\/uploads\/2020\/09\/nous-vous-aidons-a-importer-300x188.jpg\" alt=\"\" width=\"481\" height=\"301\" srcset=\"https:\/\/www.latribunedufaso.net\/wp-content\/uploads\/2020\/09\/nous-vous-aidons-a-importer-300x188.jpg 300w, https:\/\/www.latribunedufaso.net\/wp-content\/uploads\/2020\/09\/nous-vous-aidons-a-importer.jpg 500w\" sizes=\"auto, (max-width: 481px) 100vw, 481px\" \/><\/a><\/p>\n<p>La note trimestrielle retra\u00e7ant la situation du commerce ext\u00e9rieur du Burkina Faso au cours du deuxi\u00e8me trimestre 2020 est tomb\u00e9e ! A ce deuxi\u00e8me trimestre, la balance commerciale, structurellement d\u00e9ficitaire, est exceptionnellement exc\u00e9dentaire. Elle est pass\u00e9e d\u2019un d\u00e9ficit de 18,7 milliards de FCFA au premier trimestre 2020 \u00e0 un exc\u00e9dent de 55,8 milliards de FCFA au deuxi\u00e8me trimestre 2020, r\u00e9alisant une am\u00e9lioration de 397,3 %.<\/p>\n<p>En ce qui concerne les exportations, elles enregistrent \u00e0 ce second trimestre une hausse de 3,6% par rapport au premier trimestre 2020. La Suisse renforce son positionnement de premier partenaire d\u2019exportations du Burkina Faso. Elle est la destination de 82,7% des exportations totales audit trimestre, en raison essentiellement de l\u2019exportation de l\u2019or non mon\u00e9taire.<br \/>\nLes importations, par contre, connaissent une baisse de 9% par rapport au premier trimestre 2020. Avec 64, 9 milliards de francs CFA des importations soit 12% de la valeur totale des importations. La R\u00e9publique populaire de Chine garde son rang de premier pays fournisseur du Burkina Faso en marchandises au cours de ce deuxi\u00e8me trimestre.<\/p>\n<p>Tout cela serait d\u00fb \u00e0 un effet combin\u00e9 de la hausse des exportations et de la baisse des importations qui pourrait \u00eatre imputable en partie aux effets de la pand\u00e9mie de COVID-19.<\/p>\n<p><strong>TSPZ<\/strong><br \/>\n<strong>Latribunedufaso.net<\/strong><br \/>\n<strong>Source\u00a0: http:\/\/www.insd.bf\/n\/contenu\/pub_periodiques\/ice\/SCE_T2_2020.pdf<\/strong><\/p>\n","protected":false},"excerpt":{"rendered":"<p>Tous les trois (3) mois, en compl\u00e9ment des publications annuelles que sont la situation du commerce ext\u00e9rieur et l&rsquo;annuaire du commerce ext\u00e9rieur du Burkina Faso, l\u2019Institut national de la statistique et de la d\u00e9mographie (INSD) publie une note trimestrielle sur les statistiques du commerce ext\u00e9rieur. Respectueuse de cette tradition, l\u2019INSD a mis \u00e0 la disposition du grand public sa note du deuxi\u00e8me trimestre 2020, \u00e9dition d\u2019ao\u00fbt 2020. Le temps de revenir en long et en large sur ladite note \u00e9labor\u00e9e par le Service des statistiques d\u2019entreprises et du commerce (SSEC) de la Direction des statistiques et des synth\u00e8ses \u00e9conomiques (DSSE), un r\u00e9sum\u00e9 vous est propos\u00e9.<\/p>\n","protected":false},"author":2,"featured_media":1237,"comment_status":"open","ping_status":"open","sticky":false,"template":"","format":"standard","meta":{"footnotes":""},"categories":[1,10],"tags":[],"class_list":["post-1234","post","type-post","status-publish","format-standard","has-post-thumbnail","hentry","category-actu","category-eco"],"yoast_head":"<!-- This site is optimized with the Yoast SEO plugin v27.5 - https:\/\/yoast.com\/product\/yoast-seo-wordpress\/ -->\n<title>Balance commerciale : Un exc\u00e9dent de 55,8 milliards FCFA au trimestre dernier\u00a0 - La Tribune du Faso<\/title>\n<meta name=\"robots\" content=\"index, follow, max-snippet:-1, max-image-preview:large, max-video-preview:-1\" \/>\n<link rel=\"canonical\" href=\"https:\/\/www.latribunedufaso.net\/?p=1234\" \/>\n<meta property=\"og:locale\" content=\"fr_FR\" \/>\n<meta property=\"og:type\" content=\"article\" \/>\n<meta property=\"og:title\" content=\"Balance commerciale : Un exc\u00e9dent de 55,8 milliards FCFA au trimestre dernier\u00a0 - La Tribune du Faso\" \/>\n<meta property=\"og:description\" content=\"Tous les trois (3) mois, en compl\u00e9ment des publications annuelles que sont la situation du commerce ext\u00e9rieur et l&rsquo;annuaire du commerce ext\u00e9rieur du Burkina Faso, l\u2019Institut national de la statistique et de la d\u00e9mographie (INSD) publie une note trimestrielle sur les statistiques du commerce ext\u00e9rieur. Respectueuse de cette tradition, l\u2019INSD a mis \u00e0 la disposition du grand public sa note du deuxi\u00e8me trimestre 2020, \u00e9dition d\u2019ao\u00fbt 2020. Le temps de revenir en long et en large sur ladite note \u00e9labor\u00e9e par le Service des statistiques d\u2019entreprises et du commerce (SSEC) de la Direction des statistiques et des synth\u00e8ses \u00e9conomiques (DSSE), un r\u00e9sum\u00e9 vous est propos\u00e9.\" \/>\n<meta property=\"og:url\" content=\"https:\/\/www.latribunedufaso.net\/?p=1234\" \/>\n<meta property=\"og:site_name\" content=\"La Tribune du Faso\" \/>\n<meta property=\"article:publisher\" content=\"https:\/\/www.facebook.com\/LatribuneduFaso\/\" \/>\n<meta property=\"article:published_time\" content=\"2020-09-11T14:23:20+00:00\" \/>\n<meta property=\"article:modified_time\" content=\"2020-09-16T11:13:18+00:00\" \/>\n<meta property=\"og:image\" content=\"https:\/\/latribunedufaso.net\/wp-content\/uploads\/2020\/09\/vignette-import-export.jpg\" \/>\n\t<meta property=\"og:image:width\" content=\"810\" \/>\n\t<meta property=\"og:image:height\" content=\"466\" \/>\n\t<meta property=\"og:image:type\" content=\"image\/jpeg\" \/>\n<meta name=\"author\" content=\"Administrateur\" \/>\n<meta name=\"twitter:label1\" content=\"\u00c9crit par\" \/>\n\t<meta name=\"twitter:data1\" content=\"Administrateur\" \/>\n\t<meta name=\"twitter:label2\" content=\"Dur\u00e9e de lecture estim\u00e9e\" \/>\n\t<meta name=\"twitter:data2\" content=\"2 minutes\" \/>\n<script type=\"application\/ld+json\" class=\"yoast-schema-graph\">{\"@context\":\"https:\\\/\\\/schema.org\",\"@graph\":[{\"@type\":\"Article\",\"@id\":\"https:\\\/\\\/www.latribunedufaso.net\\\/?p=1234#article\",\"isPartOf\":{\"@id\":\"https:\\\/\\\/www.latribunedufaso.net\\\/?p=1234\"},\"author\":{\"name\":\"Administrateur\",\"@id\":\"https:\\\/\\\/www.latribunedufaso.net\\\/#\\\/schema\\\/person\\\/a380782d0605bb8aae27c40ea93b35b1\"},\"headline\":\"Balance commerciale : Un exc\u00e9dent de 55,8 milliards FCFA au trimestre dernier\u00a0\",\"datePublished\":\"2020-09-11T14:23:20+00:00\",\"dateModified\":\"2020-09-16T11:13:18+00:00\",\"mainEntityOfPage\":{\"@id\":\"https:\\\/\\\/www.latribunedufaso.net\\\/?p=1234\"},\"wordCount\":352,\"commentCount\":0,\"publisher\":{\"@id\":\"https:\\\/\\\/www.latribunedufaso.net\\\/#organization\"},\"image\":{\"@id\":\"https:\\\/\\\/www.latribunedufaso.net\\\/?p=1234#primaryimage\"},\"thumbnailUrl\":\"https:\\\/\\\/www.latribunedufaso.net\\\/wp-content\\\/uploads\\\/2020\\\/09\\\/vignette-import-export.jpg\",\"articleSection\":[\"Actualit\u00e9\",\"Economie\"],\"inLanguage\":\"fr-FR\",\"potentialAction\":[{\"@type\":\"CommentAction\",\"name\":\"Comment\",\"target\":[\"https:\\\/\\\/www.latribunedufaso.net\\\/?p=1234#respond\"]}]},{\"@type\":\"WebPage\",\"@id\":\"https:\\\/\\\/www.latribunedufaso.net\\\/?p=1234\",\"url\":\"https:\\\/\\\/www.latribunedufaso.net\\\/?p=1234\",\"name\":\"Balance commerciale : Un exc\u00e9dent de 55,8 milliards FCFA au trimestre dernier\u00a0 - La Tribune du Faso\",\"isPartOf\":{\"@id\":\"https:\\\/\\\/www.latribunedufaso.net\\\/#website\"},\"primaryImageOfPage\":{\"@id\":\"https:\\\/\\\/www.latribunedufaso.net\\\/?p=1234#primaryimage\"},\"image\":{\"@id\":\"https:\\\/\\\/www.latribunedufaso.net\\\/?p=1234#primaryimage\"},\"thumbnailUrl\":\"https:\\\/\\\/www.latribunedufaso.net\\\/wp-content\\\/uploads\\\/2020\\\/09\\\/vignette-import-export.jpg\",\"datePublished\":\"2020-09-11T14:23:20+00:00\",\"dateModified\":\"2020-09-16T11:13:18+00:00\",\"breadcrumb\":{\"@id\":\"https:\\\/\\\/www.latribunedufaso.net\\\/?p=1234#breadcrumb\"},\"inLanguage\":\"fr-FR\",\"potentialAction\":[{\"@type\":\"ReadAction\",\"target\":[\"https:\\\/\\\/www.latribunedufaso.net\\\/?p=1234\"]}]},{\"@type\":\"ImageObject\",\"inLanguage\":\"fr-FR\",\"@id\":\"https:\\\/\\\/www.latribunedufaso.net\\\/?p=1234#primaryimage\",\"url\":\"https:\\\/\\\/www.latribunedufaso.net\\\/wp-content\\\/uploads\\\/2020\\\/09\\\/vignette-import-export.jpg\",\"contentUrl\":\"https:\\\/\\\/www.latribunedufaso.net\\\/wp-content\\\/uploads\\\/2020\\\/09\\\/vignette-import-export.jpg\",\"width\":810,\"height\":466},{\"@type\":\"BreadcrumbList\",\"@id\":\"https:\\\/\\\/www.latribunedufaso.net\\\/?p=1234#breadcrumb\",\"itemListElement\":[{\"@type\":\"ListItem\",\"position\":1,\"name\":\"Accueil\",\"item\":\"https:\\\/\\\/www.latribunedufaso.net\\\/\"},{\"@type\":\"ListItem\",\"position\":2,\"name\":\"Balance commerciale : Un exc\u00e9dent de 55,8 milliards FCFA au trimestre dernier\u00a0\"}]},{\"@type\":\"WebSite\",\"@id\":\"https:\\\/\\\/www.latribunedufaso.net\\\/#website\",\"url\":\"https:\\\/\\\/www.latribunedufaso.net\\\/\",\"name\":\"La Tribune du Faso\",\"description\":\"L&#039;information du monde rural en un clic\",\"publisher\":{\"@id\":\"https:\\\/\\\/www.latribunedufaso.net\\\/#organization\"},\"potentialAction\":[{\"@type\":\"SearchAction\",\"target\":{\"@type\":\"EntryPoint\",\"urlTemplate\":\"https:\\\/\\\/www.latribunedufaso.net\\\/?s={search_term_string}\"},\"query-input\":{\"@type\":\"PropertyValueSpecification\",\"valueRequired\":true,\"valueName\":\"search_term_string\"}}],\"inLanguage\":\"fr-FR\"},{\"@type\":\"Organization\",\"@id\":\"https:\\\/\\\/www.latribunedufaso.net\\\/#organization\",\"name\":\"La Tribune du Faso\",\"url\":\"https:\\\/\\\/www.latribunedufaso.net\\\/\",\"logo\":{\"@type\":\"ImageObject\",\"inLanguage\":\"fr-FR\",\"@id\":\"https:\\\/\\\/www.latribunedufaso.net\\\/#\\\/schema\\\/logo\\\/image\\\/\",\"url\":\"https:\\\/\\\/www.latribunedufaso.net\\\/wp-content\\\/uploads\\\/2020\\\/08\\\/Logo-Tribune-du-Faso-final-scaled.jpg\",\"contentUrl\":\"https:\\\/\\\/www.latribunedufaso.net\\\/wp-content\\\/uploads\\\/2020\\\/08\\\/Logo-Tribune-du-Faso-final-scaled.jpg\",\"width\":2560,\"height\":1856,\"caption\":\"La Tribune du Faso\"},\"image\":{\"@id\":\"https:\\\/\\\/www.latribunedufaso.net\\\/#\\\/schema\\\/logo\\\/image\\\/\"},\"sameAs\":[\"https:\\\/\\\/www.facebook.com\\\/LatribuneduFaso\\\/\"]},{\"@type\":\"Person\",\"@id\":\"https:\\\/\\\/www.latribunedufaso.net\\\/#\\\/schema\\\/person\\\/a380782d0605bb8aae27c40ea93b35b1\",\"name\":\"Administrateur\",\"image\":{\"@type\":\"ImageObject\",\"inLanguage\":\"fr-FR\",\"@id\":\"https:\\\/\\\/secure.gravatar.com\\\/avatar\\\/e20266f97d741f0e80ba1f60283074a9b3317fd7bfb727e0d95b51dafbf854a1?s=96&d=mm&r=g\",\"url\":\"https:\\\/\\\/secure.gravatar.com\\\/avatar\\\/e20266f97d741f0e80ba1f60283074a9b3317fd7bfb727e0d95b51dafbf854a1?s=96&d=mm&r=g\",\"contentUrl\":\"https:\\\/\\\/secure.gravatar.com\\\/avatar\\\/e20266f97d741f0e80ba1f60283074a9b3317fd7bfb727e0d95b51dafbf854a1?s=96&d=mm&r=g\",\"caption\":\"Administrateur\"},\"url\":\"https:\\\/\\\/www.latribunedufaso.net\\\/?author=2\"}]}<\/script>\n<!-- \/ Yoast SEO plugin. -->","yoast_head_json":{"title":"Balance commerciale : Un exc\u00e9dent de 55,8 milliards FCFA au trimestre dernier\u00a0 - La Tribune du Faso","robots":{"index":"index","follow":"follow","max-snippet":"max-snippet:-1","max-image-preview":"max-image-preview:large","max-video-preview":"max-video-preview:-1"},"canonical":"https:\/\/www.latribunedufaso.net\/?p=1234","og_locale":"fr_FR","og_type":"article","og_title":"Balance commerciale : Un exc\u00e9dent de 55,8 milliards FCFA au trimestre dernier\u00a0 - La Tribune du Faso","og_description":"Tous les trois (3) mois, en compl\u00e9ment des publications annuelles que sont la situation du commerce ext\u00e9rieur et l&rsquo;annuaire du commerce ext\u00e9rieur du Burkina Faso, l\u2019Institut national de la statistique et de la d\u00e9mographie (INSD) publie une note trimestrielle sur les statistiques du commerce ext\u00e9rieur. Respectueuse de cette tradition, l\u2019INSD a mis \u00e0 la disposition du grand public sa note du deuxi\u00e8me trimestre 2020, \u00e9dition d\u2019ao\u00fbt 2020. Le temps de revenir en long et en large sur ladite note \u00e9labor\u00e9e par le Service des statistiques d\u2019entreprises et du commerce (SSEC) de la Direction des statistiques et des synth\u00e8ses \u00e9conomiques (DSSE), un r\u00e9sum\u00e9 vous est propos\u00e9.","og_url":"https:\/\/www.latribunedufaso.net\/?p=1234","og_site_name":"La Tribune du Faso","article_publisher":"https:\/\/www.facebook.com\/LatribuneduFaso\/","article_published_time":"2020-09-11T14:23:20+00:00","article_modified_time":"2020-09-16T11:13:18+00:00","og_image":[{"width":810,"height":466,"url":"https:\/\/latribunedufaso.net\/wp-content\/uploads\/2020\/09\/vignette-import-export.jpg","type":"image\/jpeg"}],"author":"Administrateur","twitter_misc":{"\u00c9crit par":"Administrateur","Dur\u00e9e de lecture estim\u00e9e":"2 minutes"},"schema":{"@context":"https:\/\/schema.org","@graph":[{"@type":"Article","@id":"https:\/\/www.latribunedufaso.net\/?p=1234#article","isPartOf":{"@id":"https:\/\/www.latribunedufaso.net\/?p=1234"},"author":{"name":"Administrateur","@id":"https:\/\/www.latribunedufaso.net\/#\/schema\/person\/a380782d0605bb8aae27c40ea93b35b1"},"headline":"Balance commerciale : Un exc\u00e9dent de 55,8 milliards FCFA au trimestre dernier\u00a0","datePublished":"2020-09-11T14:23:20+00:00","dateModified":"2020-09-16T11:13:18+00:00","mainEntityOfPage":{"@id":"https:\/\/www.latribunedufaso.net\/?p=1234"},"wordCount":352,"commentCount":0,"publisher":{"@id":"https:\/\/www.latribunedufaso.net\/#organization"},"image":{"@id":"https:\/\/www.latribunedufaso.net\/?p=1234#primaryimage"},"thumbnailUrl":"https:\/\/www.latribunedufaso.net\/wp-content\/uploads\/2020\/09\/vignette-import-export.jpg","articleSection":["Actualit\u00e9","Economie"],"inLanguage":"fr-FR","potentialAction":[{"@type":"CommentAction","name":"Comment","target":["https:\/\/www.latribunedufaso.net\/?p=1234#respond"]}]},{"@type":"WebPage","@id":"https:\/\/www.latribunedufaso.net\/?p=1234","url":"https:\/\/www.latribunedufaso.net\/?p=1234","name":"Balance commerciale : Un exc\u00e9dent de 55,8 milliards FCFA au trimestre dernier\u00a0 - La Tribune du Faso","isPartOf":{"@id":"https:\/\/www.latribunedufaso.net\/#website"},"primaryImageOfPage":{"@id":"https:\/\/www.latribunedufaso.net\/?p=1234#primaryimage"},"image":{"@id":"https:\/\/www.latribunedufaso.net\/?p=1234#primaryimage"},"thumbnailUrl":"https:\/\/www.latribunedufaso.net\/wp-content\/uploads\/2020\/09\/vignette-import-export.jpg","datePublished":"2020-09-11T14:23:20+00:00","dateModified":"2020-09-16T11:13:18+00:00","breadcrumb":{"@id":"https:\/\/www.latribunedufaso.net\/?p=1234#breadcrumb"},"inLanguage":"fr-FR","potentialAction":[{"@type":"ReadAction","target":["https:\/\/www.latribunedufaso.net\/?p=1234"]}]},{"@type":"ImageObject","inLanguage":"fr-FR","@id":"https:\/\/www.latribunedufaso.net\/?p=1234#primaryimage","url":"https:\/\/www.latribunedufaso.net\/wp-content\/uploads\/2020\/09\/vignette-import-export.jpg","contentUrl":"https:\/\/www.latribunedufaso.net\/wp-content\/uploads\/2020\/09\/vignette-import-export.jpg","width":810,"height":466},{"@type":"BreadcrumbList","@id":"https:\/\/www.latribunedufaso.net\/?p=1234#breadcrumb","itemListElement":[{"@type":"ListItem","position":1,"name":"Accueil","item":"https:\/\/www.latribunedufaso.net\/"},{"@type":"ListItem","position":2,"name":"Balance commerciale : Un exc\u00e9dent de 55,8 milliards FCFA au trimestre dernier\u00a0"}]},{"@type":"WebSite","@id":"https:\/\/www.latribunedufaso.net\/#website","url":"https:\/\/www.latribunedufaso.net\/","name":"La Tribune du Faso","description":"L&#039;information du monde rural en un clic","publisher":{"@id":"https:\/\/www.latribunedufaso.net\/#organization"},"potentialAction":[{"@type":"SearchAction","target":{"@type":"EntryPoint","urlTemplate":"https:\/\/www.latribunedufaso.net\/?s={search_term_string}"},"query-input":{"@type":"PropertyValueSpecification","valueRequired":true,"valueName":"search_term_string"}}],"inLanguage":"fr-FR"},{"@type":"Organization","@id":"https:\/\/www.latribunedufaso.net\/#organization","name":"La Tribune du Faso","url":"https:\/\/www.latribunedufaso.net\/","logo":{"@type":"ImageObject","inLanguage":"fr-FR","@id":"https:\/\/www.latribunedufaso.net\/#\/schema\/logo\/image\/","url":"https:\/\/www.latribunedufaso.net\/wp-content\/uploads\/2020\/08\/Logo-Tribune-du-Faso-final-scaled.jpg","contentUrl":"https:\/\/www.latribunedufaso.net\/wp-content\/uploads\/2020\/08\/Logo-Tribune-du-Faso-final-scaled.jpg","width":2560,"height":1856,"caption":"La Tribune du Faso"},"image":{"@id":"https:\/\/www.latribunedufaso.net\/#\/schema\/logo\/image\/"},"sameAs":["https:\/\/www.facebook.com\/LatribuneduFaso\/"]},{"@type":"Person","@id":"https:\/\/www.latribunedufaso.net\/#\/schema\/person\/a380782d0605bb8aae27c40ea93b35b1","name":"Administrateur","image":{"@type":"ImageObject","inLanguage":"fr-FR","@id":"https:\/\/secure.gravatar.com\/avatar\/e20266f97d741f0e80ba1f60283074a9b3317fd7bfb727e0d95b51dafbf854a1?s=96&d=mm&r=g","url":"https:\/\/secure.gravatar.com\/avatar\/e20266f97d741f0e80ba1f60283074a9b3317fd7bfb727e0d95b51dafbf854a1?s=96&d=mm&r=g","contentUrl":"https:\/\/secure.gravatar.com\/avatar\/e20266f97d741f0e80ba1f60283074a9b3317fd7bfb727e0d95b51dafbf854a1?s=96&d=mm&r=g","caption":"Administrateur"},"url":"https:\/\/www.latribunedufaso.net\/?author=2"}]}},"_links":{"self":[{"href":"https:\/\/www.latribunedufaso.net\/index.php?rest_route=\/wp\/v2\/posts\/1234","targetHints":{"allow":["GET"]}}],"collection":[{"href":"https:\/\/www.latribunedufaso.net\/index.php?rest_route=\/wp\/v2\/posts"}],"about":[{"href":"https:\/\/www.latribunedufaso.net\/index.php?rest_route=\/wp\/v2\/types\/post"}],"author":[{"embeddable":true,"href":"https:\/\/www.latribunedufaso.net\/index.php?rest_route=\/wp\/v2\/users\/2"}],"replies":[{"embeddable":true,"href":"https:\/\/www.latribunedufaso.net\/index.php?rest_route=%2Fwp%2Fv2%2Fcomments&post=1234"}],"version-history":[{"count":2,"href":"https:\/\/www.latribunedufaso.net\/index.php?rest_route=\/wp\/v2\/posts\/1234\/revisions"}],"predecessor-version":[{"id":1239,"href":"https:\/\/www.latribunedufaso.net\/index.php?rest_route=\/wp\/v2\/posts\/1234\/revisions\/1239"}],"wp:featuredmedia":[{"embeddable":true,"href":"https:\/\/www.latribunedufaso.net\/index.php?rest_route=\/wp\/v2\/media\/1237"}],"wp:attachment":[{"href":"https:\/\/www.latribunedufaso.net\/index.php?rest_route=%2Fwp%2Fv2%2Fmedia&parent=1234"}],"wp:term":[{"taxonomy":"category","embeddable":true,"href":"https:\/\/www.latribunedufaso.net\/index.php?rest_route=%2Fwp%2Fv2%2Fcategories&post=1234"},{"taxonomy":"post_tag","embeddable":true,"href":"https:\/\/www.latribunedufaso.net\/index.php?rest_route=%2Fwp%2Fv2%2Ftags&post=1234"}],"curies":[{"name":"wp","href":"https:\/\/api.w.org\/{rel}","templated":true}]}}