{"id":12200,"date":"2024-03-14T12:54:00","date_gmt":"2024-03-14T12:54:00","guid":{"rendered":"https:\/\/www.latribunedufaso.net\/?p=12200"},"modified":"2024-03-14T12:54:00","modified_gmt":"2024-03-14T12:54:00","slug":"promotion-de-la-culture-et-de-la-paix-le-ministere-de-la-communication-et-le-systeme-des-nations-unies-signent-un-partenariat-de-273-millions-de-fcfa","status":"publish","type":"post","link":"https:\/\/www.latribunedufaso.net\/?p=12200","title":{"rendered":"Promotion de la culture et de la paix : Le minist\u00e8re de la Communication et le Syst\u00e8me des Nations Unies signent un partenariat de 273 millions de FCFA"},"content":{"rendered":"<p><strong><span style=\"font-size: 1.0625rem;\">Le minist\u00e8re de la Communication, de la Culture, des Arts et du Tourisme a sign\u00e9 un accord de partenariat entre le Syst\u00e8me des Nations Unies. La c\u00e9r\u00e9monie de signature s\u2019est tenue ce jeudi 14 mars 2024 \u00e0 Ouagadougou. Selon les termes de cet accord, cette derni\u00e8re, \u00e0 travers ses agences sp\u00e9cialis\u00e9es, s\u2019engage \u00e0 soutenir les activit\u00e9s du minist\u00e8re.<\/span><\/strong><br \/><!--more--><\/p>\n<p>Il s\u2019agit notamment de l\u2019UNICEF, de la FAO, de l\u2019UNFPA, de l\u2019OMS, du FIDA, du PNUD, du PAM et du HCR.<\/p>\n<p><a href=\"https:\/\/www.latribunedufaso.net\/wp-content\/uploads\/2024\/03\/IMG_20240314_102143_420-scaled.jpg\"><img loading=\"lazy\" decoding=\"async\" class=\"size-medium wp-image-12205 alignleft\" src=\"https:\/\/www.latribunedufaso.net\/wp-content\/uploads\/2024\/03\/IMG_20240314_102143_420-300x225.jpg\" alt=\"\" width=\"300\" height=\"225\" srcset=\"https:\/\/www.latribunedufaso.net\/wp-content\/uploads\/2024\/03\/IMG_20240314_102143_420-300x225.jpg 300w, https:\/\/www.latribunedufaso.net\/wp-content\/uploads\/2024\/03\/IMG_20240314_102143_420-1024x768.jpg 1024w, https:\/\/www.latribunedufaso.net\/wp-content\/uploads\/2024\/03\/IMG_20240314_102143_420-768x576.jpg 768w, https:\/\/www.latribunedufaso.net\/wp-content\/uploads\/2024\/03\/IMG_20240314_102143_420-1536x1152.jpg 1536w, https:\/\/www.latribunedufaso.net\/wp-content\/uploads\/2024\/03\/IMG_20240314_102143_420-2048x1536.jpg 2048w\" sizes=\"auto, (max-width: 300px) 100vw, 300px\" \/><\/a>Selon le Coordonnateur r\u00e9sident et humanitaire du Syst\u00e8me des Nations Unies, par Int\u00e9rim, Alain Akpadji, ce partenariat d\u2019un montant global de 273 millions de FCFA va permettre, entre autres, de contribuer \u00e0 la mise en \u0153uvre de la strat\u00e9gie de communication du gouvernement en temps de crise, de coproduire et d&rsquo;octroyer des prix lors des Galians et le FESPACO.<\/p>\n<p>En outre, cet accord permettra de d\u00e9velopper la cha\u00eene de valeur de l\u2019entrepreneuriat communautaire des femmes, de renforcer les capacit\u00e9s infrastructurelles et techniques de la SNC et de renforcer la capacit\u00e9 des structures m\u00e9diatiques du minist\u00e8re.<\/p>\n<p><a href=\"https:\/\/www.latribunedufaso.net\/wp-content\/uploads\/2024\/03\/IMG_20240314_103501_488-scaled.jpg\"><img loading=\"lazy\" decoding=\"async\" class=\"size-medium wp-image-12201 alignleft\" src=\"https:\/\/www.latribunedufaso.net\/wp-content\/uploads\/2024\/03\/IMG_20240314_103501_488-300x225.jpg\" alt=\"\" width=\"300\" height=\"225\" srcset=\"https:\/\/www.latribunedufaso.net\/wp-content\/uploads\/2024\/03\/IMG_20240314_103501_488-300x225.jpg 300w, https:\/\/www.latribunedufaso.net\/wp-content\/uploads\/2024\/03\/IMG_20240314_103501_488-1024x768.jpg 1024w, https:\/\/www.latribunedufaso.net\/wp-content\/uploads\/2024\/03\/IMG_20240314_103501_488-768x576.jpg 768w, https:\/\/www.latribunedufaso.net\/wp-content\/uploads\/2024\/03\/IMG_20240314_103501_488-1536x1152.jpg 1536w, https:\/\/www.latribunedufaso.net\/wp-content\/uploads\/2024\/03\/IMG_20240314_103501_488-2048x1536.jpg 2048w\" sizes=\"auto, (max-width: 300px) 100vw, 300px\" \/><\/a>Apr\u00e8s la signature des documents, le ministre de la Communication, Jean Emmanuel Ou\u00e9draogo a indiqu\u00e9 que cette initiative est l\u2019expression de la volont\u00e9 commune des 2 institutions de promouvoir les expressions culturelles, au service de la paix, du dialogue interculturel et de la coh\u00e9sion sociale. \u00ab Cet accord mat\u00e9rialise \u00e9galement notre engagement ferme \u00e0 d\u00e9fendre les droits culturels, les droits humains, et l\u2019acc\u00e8s \u00e0 l\u2019information, pour ne citer que ceux-l\u00e0 \u00bb, a-t-il ajout\u00e9.<\/p>\n<p>En rappel, depuis 75 ans, l\u2019Organisation des Nations Unies est engag\u00e9e aupr\u00e8s des gouvernements pour la construction d\u2019un monde meilleur. Pour Alain Akpadji, apr\u00e8s plusieurs r\u00e9alisations dans le monde en g\u00e9n\u00e9ral et au Burkina Faso en particulier, il faut reconna\u00eetre qu\u2019il faut fournir davantage d\u2019effort pour que l\u2019espoir revienne au sein des populations apr\u00e8s le COVID-19, les conflits et \u00e0 pr\u00e9sent le terrorisme.<\/p>\n<p><a href=\"https:\/\/www.latribunedufaso.net\/wp-content\/uploads\/2024\/03\/IMG_20240314_102939_936-scaled.jpg\"><img loading=\"lazy\" decoding=\"async\" class=\"size-medium wp-image-12204 alignleft\" src=\"https:\/\/www.latribunedufaso.net\/wp-content\/uploads\/2024\/03\/IMG_20240314_102939_936-300x225.jpg\" alt=\"\" width=\"300\" height=\"225\" srcset=\"https:\/\/www.latribunedufaso.net\/wp-content\/uploads\/2024\/03\/IMG_20240314_102939_936-300x225.jpg 300w, https:\/\/www.latribunedufaso.net\/wp-content\/uploads\/2024\/03\/IMG_20240314_102939_936-1024x768.jpg 1024w, https:\/\/www.latribunedufaso.net\/wp-content\/uploads\/2024\/03\/IMG_20240314_102939_936-768x576.jpg 768w, https:\/\/www.latribunedufaso.net\/wp-content\/uploads\/2024\/03\/IMG_20240314_102939_936-1536x1152.jpg 1536w, https:\/\/www.latribunedufaso.net\/wp-content\/uploads\/2024\/03\/IMG_20240314_102939_936-2048x1536.jpg 2048w\" sizes=\"auto, (max-width: 300px) 100vw, 300px\" \/><\/a>A l\u2019\u00e9couter, \u00e0 travers ce partenariat, le Syst\u00e8me des Nations Unies au Burkina Faso veut assurer son r\u00f4le de partenariat technique aupr\u00e8s du gouvernement et conjuguer toutes ses forces au service du pays, aussi bien dans le domaine de l\u2019\u00e9ducation, de la sant\u00e9, de l\u2019\u00e9galit\u00e9, de la lutte contre le changement climatique et de la s\u00e9curit\u00e9.<\/p>\n<p><strong>Issouf Tapsoba <\/strong><\/p>\n<p><strong>Latribunedufaso.net<a href=\"https:\/\/www.latribunedufaso.net\/wp-content\/uploads\/2024\/03\/IMG_20240314_100749_455-scaled.jpg\"><img loading=\"lazy\" decoding=\"async\" class=\"size-medium wp-image-12206 alignleft\" src=\"https:\/\/www.latribunedufaso.net\/wp-content\/uploads\/2024\/03\/IMG_20240314_100749_455-300x225.jpg\" alt=\"\" width=\"300\" height=\"225\" srcset=\"https:\/\/www.latribunedufaso.net\/wp-content\/uploads\/2024\/03\/IMG_20240314_100749_455-300x225.jpg 300w, https:\/\/www.latribunedufaso.net\/wp-content\/uploads\/2024\/03\/IMG_20240314_100749_455-1024x768.jpg 1024w, https:\/\/www.latribunedufaso.net\/wp-content\/uploads\/2024\/03\/IMG_20240314_100749_455-768x576.jpg 768w, https:\/\/www.latribunedufaso.net\/wp-content\/uploads\/2024\/03\/IMG_20240314_100749_455-1536x1152.jpg 1536w, https:\/\/www.latribunedufaso.net\/wp-content\/uploads\/2024\/03\/IMG_20240314_100749_455-2048x1536.jpg 2048w\" sizes=\"auto, (max-width: 300px) 100vw, 300px\" \/><\/a><a href=\"https:\/\/www.latribunedufaso.net\/wp-content\/uploads\/2024\/03\/IMG_20240314_103339_972-scaled.jpg\"><img loading=\"lazy\" decoding=\"async\" class=\"size-medium wp-image-12202 alignleft\" src=\"https:\/\/www.latribunedufaso.net\/wp-content\/uploads\/2024\/03\/IMG_20240314_103339_972-300x225.jpg\" alt=\"\" width=\"300\" height=\"225\" srcset=\"https:\/\/www.latribunedufaso.net\/wp-content\/uploads\/2024\/03\/IMG_20240314_103339_972-300x225.jpg 300w, https:\/\/www.latribunedufaso.net\/wp-content\/uploads\/2024\/03\/IMG_20240314_103339_972-1024x768.jpg 1024w, https:\/\/www.latribunedufaso.net\/wp-content\/uploads\/2024\/03\/IMG_20240314_103339_972-768x576.jpg 768w, https:\/\/www.latribunedufaso.net\/wp-content\/uploads\/2024\/03\/IMG_20240314_103339_972-1536x1152.jpg 1536w, https:\/\/www.latribunedufaso.net\/wp-content\/uploads\/2024\/03\/IMG_20240314_103339_972-2048x1536.jpg 2048w\" sizes=\"auto, (max-width: 300px) 100vw, 300px\" \/><\/a><\/strong><\/p>\n","protected":false},"excerpt":{"rendered":"<p>Le minist\u00e8re de la Communication, de la Culture, des Arts et du Tourisme a sign\u00e9 un accord de partenariat entre le Syst\u00e8me des Nations Unies. La c\u00e9r\u00e9monie de signature s\u2019est tenue ce jeudi 14 mars 2024 \u00e0 Ouagadougou. Selon les termes de cet accord, cette derni\u00e8re, \u00e0 travers ses agences sp\u00e9cialis\u00e9es, s\u2019engage \u00e0 soutenir les activit\u00e9s du minist\u00e8re.<\/p>\n","protected":false},"author":5,"featured_media":12203,"comment_status":"open","ping_status":"open","sticky":false,"template":"","format":"standard","meta":{"footnotes":""},"categories":[13,1,30],"tags":[],"class_list":["post-12200","post","type-post","status-publish","format-standard","has-post-thumbnail","hentry","category-une","category-actu","category-art-et-culture"],"yoast_head":"<!-- This site is optimized with the Yoast SEO plugin v27.4 - https:\/\/yoast.com\/product\/yoast-seo-wordpress\/ -->\n<title>Promotion de la culture et de la paix : Le minist\u00e8re de la Communication et le Syst\u00e8me des Nations Unies signent un partenariat de 273 millions de FCFA - La Tribune du Faso<\/title>\n<meta name=\"robots\" content=\"index, follow, max-snippet:-1, max-image-preview:large, max-video-preview:-1\" \/>\n<link rel=\"canonical\" href=\"https:\/\/www.latribunedufaso.net\/?p=12200\" \/>\n<meta property=\"og:locale\" content=\"fr_FR\" \/>\n<meta property=\"og:type\" content=\"article\" \/>\n<meta property=\"og:title\" content=\"Promotion de la culture et de la paix : Le minist\u00e8re de la Communication et le Syst\u00e8me des Nations Unies signent un partenariat de 273 millions de FCFA - La Tribune du Faso\" \/>\n<meta property=\"og:description\" content=\"Le minist\u00e8re de la Communication, de la Culture, des Arts et du Tourisme a sign\u00e9 un accord de partenariat entre le Syst\u00e8me des Nations Unies. La c\u00e9r\u00e9monie de signature s\u2019est tenue ce jeudi 14 mars 2024 \u00e0 Ouagadougou. Selon les termes de cet accord, cette derni\u00e8re, \u00e0 travers ses agences sp\u00e9cialis\u00e9es, s\u2019engage \u00e0 soutenir les activit\u00e9s du minist\u00e8re.\" \/>\n<meta property=\"og:url\" content=\"https:\/\/www.latribunedufaso.net\/?p=12200\" \/>\n<meta property=\"og:site_name\" content=\"La Tribune du Faso\" \/>\n<meta property=\"article:publisher\" content=\"https:\/\/www.facebook.com\/LatribuneduFaso\/\" \/>\n<meta property=\"article:published_time\" content=\"2024-03-14T12:54:00+00:00\" \/>\n<meta property=\"og:image\" content=\"https:\/\/www.latribunedufaso.net\/wp-content\/uploads\/2024\/03\/IMG_20240314_103040_384-scaled.jpg\" \/>\n\t<meta property=\"og:image:width\" content=\"2560\" \/>\n\t<meta property=\"og:image:height\" content=\"1920\" \/>\n\t<meta property=\"og:image:type\" content=\"image\/jpeg\" \/>\n<meta name=\"author\" content=\"Issouf Tapsoba\" \/>\n<meta name=\"twitter:label1\" content=\"\u00c9crit par\" \/>\n\t<meta name=\"twitter:data1\" content=\"Issouf Tapsoba\" \/>\n\t<meta name=\"twitter:label2\" content=\"Dur\u00e9e de lecture estim\u00e9e\" \/>\n\t<meta name=\"twitter:data2\" content=\"2 minutes\" \/>\n<script type=\"application\/ld+json\" class=\"yoast-schema-graph\">{\"@context\":\"https:\\\/\\\/schema.org\",\"@graph\":[{\"@type\":\"Article\",\"@id\":\"https:\\\/\\\/www.latribunedufaso.net\\\/?p=12200#article\",\"isPartOf\":{\"@id\":\"https:\\\/\\\/www.latribunedufaso.net\\\/?p=12200\"},\"author\":{\"name\":\"Issouf Tapsoba\",\"@id\":\"https:\\\/\\\/www.latribunedufaso.net\\\/#\\\/schema\\\/person\\\/e54e64c5778a7e72cf80a318b7a622b0\"},\"headline\":\"Promotion de la culture et de la paix : Le minist\u00e8re de la Communication et le Syst\u00e8me des Nations Unies signent un partenariat de 273 millions de FCFA\",\"datePublished\":\"2024-03-14T12:54:00+00:00\",\"mainEntityOfPage\":{\"@id\":\"https:\\\/\\\/www.latribunedufaso.net\\\/?p=12200\"},\"wordCount\":440,\"commentCount\":0,\"publisher\":{\"@id\":\"https:\\\/\\\/www.latribunedufaso.net\\\/#organization\"},\"image\":{\"@id\":\"https:\\\/\\\/www.latribunedufaso.net\\\/?p=12200#primaryimage\"},\"thumbnailUrl\":\"https:\\\/\\\/www.latribunedufaso.net\\\/wp-content\\\/uploads\\\/2024\\\/03\\\/IMG_20240314_103040_384-scaled.jpg\",\"articleSection\":[\"A la une\",\"Actualit\u00e9\",\"Art et Culture\"],\"inLanguage\":\"fr-FR\",\"potentialAction\":[{\"@type\":\"CommentAction\",\"name\":\"Comment\",\"target\":[\"https:\\\/\\\/www.latribunedufaso.net\\\/?p=12200#respond\"]}]},{\"@type\":\"WebPage\",\"@id\":\"https:\\\/\\\/www.latribunedufaso.net\\\/?p=12200\",\"url\":\"https:\\\/\\\/www.latribunedufaso.net\\\/?p=12200\",\"name\":\"Promotion de la culture et de la paix : Le minist\u00e8re de la Communication et le Syst\u00e8me des Nations Unies signent un partenariat de 273 millions de FCFA - La Tribune du Faso\",\"isPartOf\":{\"@id\":\"https:\\\/\\\/www.latribunedufaso.net\\\/#website\"},\"primaryImageOfPage\":{\"@id\":\"https:\\\/\\\/www.latribunedufaso.net\\\/?p=12200#primaryimage\"},\"image\":{\"@id\":\"https:\\\/\\\/www.latribunedufaso.net\\\/?p=12200#primaryimage\"},\"thumbnailUrl\":\"https:\\\/\\\/www.latribunedufaso.net\\\/wp-content\\\/uploads\\\/2024\\\/03\\\/IMG_20240314_103040_384-scaled.jpg\",\"datePublished\":\"2024-03-14T12:54:00+00:00\",\"breadcrumb\":{\"@id\":\"https:\\\/\\\/www.latribunedufaso.net\\\/?p=12200#breadcrumb\"},\"inLanguage\":\"fr-FR\",\"potentialAction\":[{\"@type\":\"ReadAction\",\"target\":[\"https:\\\/\\\/www.latribunedufaso.net\\\/?p=12200\"]}]},{\"@type\":\"ImageObject\",\"inLanguage\":\"fr-FR\",\"@id\":\"https:\\\/\\\/www.latribunedufaso.net\\\/?p=12200#primaryimage\",\"url\":\"https:\\\/\\\/www.latribunedufaso.net\\\/wp-content\\\/uploads\\\/2024\\\/03\\\/IMG_20240314_103040_384-scaled.jpg\",\"contentUrl\":\"https:\\\/\\\/www.latribunedufaso.net\\\/wp-content\\\/uploads\\\/2024\\\/03\\\/IMG_20240314_103040_384-scaled.jpg\",\"width\":2560,\"height\":1920},{\"@type\":\"BreadcrumbList\",\"@id\":\"https:\\\/\\\/www.latribunedufaso.net\\\/?p=12200#breadcrumb\",\"itemListElement\":[{\"@type\":\"ListItem\",\"position\":1,\"name\":\"Accueil\",\"item\":\"https:\\\/\\\/www.latribunedufaso.net\\\/\"},{\"@type\":\"ListItem\",\"position\":2,\"name\":\"Promotion de la culture et de la paix : Le minist\u00e8re de la Communication et le Syst\u00e8me des Nations Unies signent un partenariat de 273 millions de FCFA\"}]},{\"@type\":\"WebSite\",\"@id\":\"https:\\\/\\\/www.latribunedufaso.net\\\/#website\",\"url\":\"https:\\\/\\\/www.latribunedufaso.net\\\/\",\"name\":\"La Tribune du Faso\",\"description\":\"L&#039;information du monde rural en un clic\",\"publisher\":{\"@id\":\"https:\\\/\\\/www.latribunedufaso.net\\\/#organization\"},\"potentialAction\":[{\"@type\":\"SearchAction\",\"target\":{\"@type\":\"EntryPoint\",\"urlTemplate\":\"https:\\\/\\\/www.latribunedufaso.net\\\/?s={search_term_string}\"},\"query-input\":{\"@type\":\"PropertyValueSpecification\",\"valueRequired\":true,\"valueName\":\"search_term_string\"}}],\"inLanguage\":\"fr-FR\"},{\"@type\":\"Organization\",\"@id\":\"https:\\\/\\\/www.latribunedufaso.net\\\/#organization\",\"name\":\"La Tribune du Faso\",\"url\":\"https:\\\/\\\/www.latribunedufaso.net\\\/\",\"logo\":{\"@type\":\"ImageObject\",\"inLanguage\":\"fr-FR\",\"@id\":\"https:\\\/\\\/www.latribunedufaso.net\\\/#\\\/schema\\\/logo\\\/image\\\/\",\"url\":\"https:\\\/\\\/www.latribunedufaso.net\\\/wp-content\\\/uploads\\\/2020\\\/08\\\/Logo-Tribune-du-Faso-final-scaled.jpg\",\"contentUrl\":\"https:\\\/\\\/www.latribunedufaso.net\\\/wp-content\\\/uploads\\\/2020\\\/08\\\/Logo-Tribune-du-Faso-final-scaled.jpg\",\"width\":2560,\"height\":1856,\"caption\":\"La Tribune du Faso\"},\"image\":{\"@id\":\"https:\\\/\\\/www.latribunedufaso.net\\\/#\\\/schema\\\/logo\\\/image\\\/\"},\"sameAs\":[\"https:\\\/\\\/www.facebook.com\\\/LatribuneduFaso\\\/\"]},{\"@type\":\"Person\",\"@id\":\"https:\\\/\\\/www.latribunedufaso.net\\\/#\\\/schema\\\/person\\\/e54e64c5778a7e72cf80a318b7a622b0\",\"name\":\"Issouf Tapsoba\",\"image\":{\"@type\":\"ImageObject\",\"inLanguage\":\"fr-FR\",\"@id\":\"https:\\\/\\\/secure.gravatar.com\\\/avatar\\\/5e6c05150ce3230247d167f5b94d678eb05936197436d69b7921e3a95c9107ac?s=96&d=mm&r=g\",\"url\":\"https:\\\/\\\/secure.gravatar.com\\\/avatar\\\/5e6c05150ce3230247d167f5b94d678eb05936197436d69b7921e3a95c9107ac?s=96&d=mm&r=g\",\"contentUrl\":\"https:\\\/\\\/secure.gravatar.com\\\/avatar\\\/5e6c05150ce3230247d167f5b94d678eb05936197436d69b7921e3a95c9107ac?s=96&d=mm&r=g\",\"caption\":\"Issouf Tapsoba\"},\"url\":\"https:\\\/\\\/www.latribunedufaso.net\\\/?author=5\"}]}<\/script>\n<!-- \/ Yoast SEO plugin. -->","yoast_head_json":{"title":"Promotion de la culture et de la paix : Le minist\u00e8re de la Communication et le Syst\u00e8me des Nations Unies signent un partenariat de 273 millions de FCFA - La Tribune du Faso","robots":{"index":"index","follow":"follow","max-snippet":"max-snippet:-1","max-image-preview":"max-image-preview:large","max-video-preview":"max-video-preview:-1"},"canonical":"https:\/\/www.latribunedufaso.net\/?p=12200","og_locale":"fr_FR","og_type":"article","og_title":"Promotion de la culture et de la paix : Le minist\u00e8re de la Communication et le Syst\u00e8me des Nations Unies signent un partenariat de 273 millions de FCFA - La Tribune du Faso","og_description":"Le minist\u00e8re de la Communication, de la Culture, des Arts et du Tourisme a sign\u00e9 un accord de partenariat entre le Syst\u00e8me des Nations Unies. La c\u00e9r\u00e9monie de signature s\u2019est tenue ce jeudi 14 mars 2024 \u00e0 Ouagadougou. Selon les termes de cet accord, cette derni\u00e8re, \u00e0 travers ses agences sp\u00e9cialis\u00e9es, s\u2019engage \u00e0 soutenir les activit\u00e9s du minist\u00e8re.","og_url":"https:\/\/www.latribunedufaso.net\/?p=12200","og_site_name":"La Tribune du Faso","article_publisher":"https:\/\/www.facebook.com\/LatribuneduFaso\/","article_published_time":"2024-03-14T12:54:00+00:00","og_image":[{"width":2560,"height":1920,"url":"https:\/\/www.latribunedufaso.net\/wp-content\/uploads\/2024\/03\/IMG_20240314_103040_384-scaled.jpg","type":"image\/jpeg"}],"author":"Issouf Tapsoba","twitter_misc":{"\u00c9crit par":"Issouf Tapsoba","Dur\u00e9e de lecture estim\u00e9e":"2 minutes"},"schema":{"@context":"https:\/\/schema.org","@graph":[{"@type":"Article","@id":"https:\/\/www.latribunedufaso.net\/?p=12200#article","isPartOf":{"@id":"https:\/\/www.latribunedufaso.net\/?p=12200"},"author":{"name":"Issouf Tapsoba","@id":"https:\/\/www.latribunedufaso.net\/#\/schema\/person\/e54e64c5778a7e72cf80a318b7a622b0"},"headline":"Promotion de la culture et de la paix : Le minist\u00e8re de la Communication et le Syst\u00e8me des Nations Unies signent un partenariat de 273 millions de FCFA","datePublished":"2024-03-14T12:54:00+00:00","mainEntityOfPage":{"@id":"https:\/\/www.latribunedufaso.net\/?p=12200"},"wordCount":440,"commentCount":0,"publisher":{"@id":"https:\/\/www.latribunedufaso.net\/#organization"},"image":{"@id":"https:\/\/www.latribunedufaso.net\/?p=12200#primaryimage"},"thumbnailUrl":"https:\/\/www.latribunedufaso.net\/wp-content\/uploads\/2024\/03\/IMG_20240314_103040_384-scaled.jpg","articleSection":["A la une","Actualit\u00e9","Art et Culture"],"inLanguage":"fr-FR","potentialAction":[{"@type":"CommentAction","name":"Comment","target":["https:\/\/www.latribunedufaso.net\/?p=12200#respond"]}]},{"@type":"WebPage","@id":"https:\/\/www.latribunedufaso.net\/?p=12200","url":"https:\/\/www.latribunedufaso.net\/?p=12200","name":"Promotion de la culture et de la paix : Le minist\u00e8re de la Communication et le Syst\u00e8me des Nations Unies signent un partenariat de 273 millions de FCFA - La Tribune du Faso","isPartOf":{"@id":"https:\/\/www.latribunedufaso.net\/#website"},"primaryImageOfPage":{"@id":"https:\/\/www.latribunedufaso.net\/?p=12200#primaryimage"},"image":{"@id":"https:\/\/www.latribunedufaso.net\/?p=12200#primaryimage"},"thumbnailUrl":"https:\/\/www.latribunedufaso.net\/wp-content\/uploads\/2024\/03\/IMG_20240314_103040_384-scaled.jpg","datePublished":"2024-03-14T12:54:00+00:00","breadcrumb":{"@id":"https:\/\/www.latribunedufaso.net\/?p=12200#breadcrumb"},"inLanguage":"fr-FR","potentialAction":[{"@type":"ReadAction","target":["https:\/\/www.latribunedufaso.net\/?p=12200"]}]},{"@type":"ImageObject","inLanguage":"fr-FR","@id":"https:\/\/www.latribunedufaso.net\/?p=12200#primaryimage","url":"https:\/\/www.latribunedufaso.net\/wp-content\/uploads\/2024\/03\/IMG_20240314_103040_384-scaled.jpg","contentUrl":"https:\/\/www.latribunedufaso.net\/wp-content\/uploads\/2024\/03\/IMG_20240314_103040_384-scaled.jpg","width":2560,"height":1920},{"@type":"BreadcrumbList","@id":"https:\/\/www.latribunedufaso.net\/?p=12200#breadcrumb","itemListElement":[{"@type":"ListItem","position":1,"name":"Accueil","item":"https:\/\/www.latribunedufaso.net\/"},{"@type":"ListItem","position":2,"name":"Promotion de la culture et de la paix : Le minist\u00e8re de la Communication et le Syst\u00e8me des Nations Unies signent un partenariat de 273 millions de FCFA"}]},{"@type":"WebSite","@id":"https:\/\/www.latribunedufaso.net\/#website","url":"https:\/\/www.latribunedufaso.net\/","name":"La Tribune du Faso","description":"L&#039;information du monde rural en un clic","publisher":{"@id":"https:\/\/www.latribunedufaso.net\/#organization"},"potentialAction":[{"@type":"SearchAction","target":{"@type":"EntryPoint","urlTemplate":"https:\/\/www.latribunedufaso.net\/?s={search_term_string}"},"query-input":{"@type":"PropertyValueSpecification","valueRequired":true,"valueName":"search_term_string"}}],"inLanguage":"fr-FR"},{"@type":"Organization","@id":"https:\/\/www.latribunedufaso.net\/#organization","name":"La Tribune du Faso","url":"https:\/\/www.latribunedufaso.net\/","logo":{"@type":"ImageObject","inLanguage":"fr-FR","@id":"https:\/\/www.latribunedufaso.net\/#\/schema\/logo\/image\/","url":"https:\/\/www.latribunedufaso.net\/wp-content\/uploads\/2020\/08\/Logo-Tribune-du-Faso-final-scaled.jpg","contentUrl":"https:\/\/www.latribunedufaso.net\/wp-content\/uploads\/2020\/08\/Logo-Tribune-du-Faso-final-scaled.jpg","width":2560,"height":1856,"caption":"La Tribune du Faso"},"image":{"@id":"https:\/\/www.latribunedufaso.net\/#\/schema\/logo\/image\/"},"sameAs":["https:\/\/www.facebook.com\/LatribuneduFaso\/"]},{"@type":"Person","@id":"https:\/\/www.latribunedufaso.net\/#\/schema\/person\/e54e64c5778a7e72cf80a318b7a622b0","name":"Issouf Tapsoba","image":{"@type":"ImageObject","inLanguage":"fr-FR","@id":"https:\/\/secure.gravatar.com\/avatar\/5e6c05150ce3230247d167f5b94d678eb05936197436d69b7921e3a95c9107ac?s=96&d=mm&r=g","url":"https:\/\/secure.gravatar.com\/avatar\/5e6c05150ce3230247d167f5b94d678eb05936197436d69b7921e3a95c9107ac?s=96&d=mm&r=g","contentUrl":"https:\/\/secure.gravatar.com\/avatar\/5e6c05150ce3230247d167f5b94d678eb05936197436d69b7921e3a95c9107ac?s=96&d=mm&r=g","caption":"Issouf Tapsoba"},"url":"https:\/\/www.latribunedufaso.net\/?author=5"}]}},"_links":{"self":[{"href":"https:\/\/www.latribunedufaso.net\/index.php?rest_route=\/wp\/v2\/posts\/12200","targetHints":{"allow":["GET"]}}],"collection":[{"href":"https:\/\/www.latribunedufaso.net\/index.php?rest_route=\/wp\/v2\/posts"}],"about":[{"href":"https:\/\/www.latribunedufaso.net\/index.php?rest_route=\/wp\/v2\/types\/post"}],"author":[{"embeddable":true,"href":"https:\/\/www.latribunedufaso.net\/index.php?rest_route=\/wp\/v2\/users\/5"}],"replies":[{"embeddable":true,"href":"https:\/\/www.latribunedufaso.net\/index.php?rest_route=%2Fwp%2Fv2%2Fcomments&post=12200"}],"version-history":[{"count":1,"href":"https:\/\/www.latribunedufaso.net\/index.php?rest_route=\/wp\/v2\/posts\/12200\/revisions"}],"predecessor-version":[{"id":12207,"href":"https:\/\/www.latribunedufaso.net\/index.php?rest_route=\/wp\/v2\/posts\/12200\/revisions\/12207"}],"wp:featuredmedia":[{"embeddable":true,"href":"https:\/\/www.latribunedufaso.net\/index.php?rest_route=\/wp\/v2\/media\/12203"}],"wp:attachment":[{"href":"https:\/\/www.latribunedufaso.net\/index.php?rest_route=%2Fwp%2Fv2%2Fmedia&parent=12200"}],"wp:term":[{"taxonomy":"category","embeddable":true,"href":"https:\/\/www.latribunedufaso.net\/index.php?rest_route=%2Fwp%2Fv2%2Fcategories&post=12200"},{"taxonomy":"post_tag","embeddable":true,"href":"https:\/\/www.latribunedufaso.net\/index.php?rest_route=%2Fwp%2Fv2%2Ftags&post=12200"}],"curies":[{"name":"wp","href":"https:\/\/api.w.org\/{rel}","templated":true}]}}