{"id":12163,"date":"2024-03-12T15:22:17","date_gmt":"2024-03-12T15:22:17","guid":{"rendered":"https:\/\/www.latribunedufaso.net\/?p=12163"},"modified":"2024-03-12T15:22:17","modified_gmt":"2024-03-12T15:22:17","slug":"gestion-du-passif-immobilier-de-la-promotion-immobiliere-privee-les-acquereurs-invites-a-fournir-des-informations-sur-une-plateforme-numerique","status":"publish","type":"post","link":"https:\/\/www.latribunedufaso.net\/?p=12163","title":{"rendered":"Gestion du passif immobilier de la promotion immobili\u00e8re priv\u00e9e : Les acqu\u00e9reurs invit\u00e9s \u00e0 fournir des informations sur une plateforme num\u00e9rique"},"content":{"rendered":"<p><strong><span style=\"font-size: 1.0625rem;\">Le minist\u00e8re de l\u2019Urbanisme, des Affaires Fonci\u00e8res et de l\u2019Habitat a proc\u00e9d\u00e9 le mardi 12 mars 2024 \u00e0 Ouagadougou, au lancement de la plateforme num\u00e9rique de collecte de donn\u00e9es sur les parcelles et les logements acquis aupr\u00e8s des ex-promoteurs immobiliers priv\u00e9s. L\u2019objectif de cette op\u00e9ration est de faire un \u00e9tat des lieux, un audit du passif immobilier de la promotion immobili\u00e8re priv\u00e9e de 2008 \u00e0 nos jours.<\/span><\/strong><br \/><!--more--><\/p>\n<p>Selon le Secr\u00e9taire g\u00e9n\u00e9rale du minist\u00e8re, Maxime Tiendr\u00e9beogo, la plateforme num\u00e9rique concerne toute personne ayant acquis une parcelle ou un logement avec un promoteur immobilier pr\u00e9c\u00e9demment agr\u00e9\u00e9 ou une coop\u00e9rative d\u2019habitat.<\/p>\n<p>\u00ab C\u2019est apr\u00e8s avoir recueilli des informations aupr\u00e8s de l\u2019administration publique et aupr\u00e8s des promoteurs immobiliers ainsi que les coop\u00e9ratives d\u2019habitat, que le comit\u00e9 interminist\u00e9riel a d\u00e9cid\u00e9 de r\u00e9colter les informations aupr\u00e8s des b\u00e9n\u00e9ficiaires des biens immobiliers d\u2019o\u00f9 la n\u00e9cessit\u00e9 de la mise en place de cette plateforme \u00bb, a-t-il pr\u00e9cis\u00e9 avant d\u2019ajouter que la plateforme permettra \u00e0 terme de faire une contradiction et s&rsquo;en suivra une audition des promoteurs immobiliers en vue d&rsquo;avoir la situation r\u00e9elle sur le terrain.<\/p>\n<p>Ainsi, \u00e0 partir de ce jour 12 mars 2024, jusqu\u2019au vendredi 22 mars 2024, \u00e0 24 heures 00 minute, ces derniers sont invit\u00e9s \u00e0 fournir toutes informations relatives \u00e0 l\u2019acquisition de leurs parcelles ou logements sur la plateforme en se connectant sur le lien suivant : www.passif-immobilier.bf .<\/p>\n<p><a href=\"https:\/\/www.latribunedufaso.net\/wp-content\/uploads\/2024\/03\/IMG_20240312_100930_740-scaled.jpg\"><img loading=\"lazy\" decoding=\"async\" class=\"size-medium wp-image-12169 alignleft\" src=\"https:\/\/www.latribunedufaso.net\/wp-content\/uploads\/2024\/03\/IMG_20240312_100930_740-300x225.jpg\" alt=\"\" width=\"300\" height=\"225\" srcset=\"https:\/\/www.latribunedufaso.net\/wp-content\/uploads\/2024\/03\/IMG_20240312_100930_740-300x225.jpg 300w, https:\/\/www.latribunedufaso.net\/wp-content\/uploads\/2024\/03\/IMG_20240312_100930_740-1024x768.jpg 1024w, https:\/\/www.latribunedufaso.net\/wp-content\/uploads\/2024\/03\/IMG_20240312_100930_740-768x576.jpg 768w, https:\/\/www.latribunedufaso.net\/wp-content\/uploads\/2024\/03\/IMG_20240312_100930_740-1536x1152.jpg 1536w, https:\/\/www.latribunedufaso.net\/wp-content\/uploads\/2024\/03\/IMG_20240312_100930_740-2048x1536.jpg 2048w\" sizes=\"auto, (max-width: 300px) 100vw, 300px\" \/><\/a>Selon le SG du minist\u00e8re de l\u2019Urbanisme, l\u2019objectif n\u2019est pas de mater ni les promoteurs ind\u00e9licats, ni les acqu\u00e9reurs. Il s\u2019agit d\u2019avoir un point exact de ce qui a \u00e9t\u00e9 fait comme am\u00e9nagement. Le Burkina Faso a 274 000 km2. Il faut penser \u00e0 un d\u00e9veloppement coh\u00e9rent des villes et assurer l\u2019avenir des g\u00e9n\u00e9rations futures. \u00ab Ces donn\u00e9es qui seront collect\u00e9es vont permettre d\u2019avoir la situation r\u00e9elle sur le terrain afin de les confronter aux d\u00e9clarations des promoteurs, ce qui va nous permettre d\u2019avoir les meilleures statistiques possibles pour \u00e9clairer l\u2019autorit\u00e9 pour les d\u00e9cisions \u00e0 prendre \u00bb, a rassur\u00e9 M. Tiendr\u00e9beogo.<\/p>\n<p>Une pr\u00e9occupation a \u00e9t\u00e9 soulev\u00e9e sur le d\u00e9lai et les difficult\u00e9s que les acqu\u00e9reurs pourraient rencontrer pendant leur inscription. Le SG du minist\u00e8re de l\u2019Urbanisme s\u2019est voulu rassurant \u00e0 ce sujet. \u00ab Des dispositions techniques ont prises. Nous avions travaill\u00e9 \u00e0 ce que 2000 acqu\u00e9reurs puissent simultan\u00e9ment \u00eatre connect\u00e9s pour renseigner. A ce jour, un millier de personnes sont d\u00e9j\u00e0 inscrites sur la plateforme \u00bb, a-t-il laiss\u00e9 entendre.<\/p>\n<p><a href=\"https:\/\/www.latribunedufaso.net\/wp-content\/uploads\/2024\/03\/FB_IMG_1710256798836.jpg\"><img loading=\"lazy\" decoding=\"async\" class=\"size-medium wp-image-12167 alignleft\" src=\"https:\/\/www.latribunedufaso.net\/wp-content\/uploads\/2024\/03\/FB_IMG_1710256798836-300x155.jpg\" alt=\"\" width=\"300\" height=\"155\" srcset=\"https:\/\/www.latribunedufaso.net\/wp-content\/uploads\/2024\/03\/FB_IMG_1710256798836-300x155.jpg 300w, https:\/\/www.latribunedufaso.net\/wp-content\/uploads\/2024\/03\/FB_IMG_1710256798836.jpg 720w\" sizes=\"auto, (max-width: 300px) 100vw, 300px\" \/><\/a>Aussi, une cellule d\u2019assistance en ligne a \u00e9t\u00e9 mise en place pour accompagner les acqu\u00e9reurs qui auront des difficult\u00e9s \u00e0 renseigner la plateforme dont les num\u00e9ros sont entre autres : 78756757, 50555378, 86875726.<\/p>\n<p>Par ailleurs, il a invit\u00e9 tous les acqu\u00e9reurs au respect du d\u00e9lai, pour ne pas \u00eatre exclus du traitement futur.<\/p>\n<p><a href=\"https:\/\/www.latribunedufaso.net\/wp-content\/uploads\/2024\/03\/IMG-20240312-WA0029.jpg\"><img loading=\"lazy\" decoding=\"async\" class=\"size-medium wp-image-12168 alignleft\" src=\"https:\/\/www.latribunedufaso.net\/wp-content\/uploads\/2024\/03\/IMG-20240312-WA0029-300x169.jpg\" alt=\"\" width=\"300\" height=\"169\" srcset=\"https:\/\/www.latribunedufaso.net\/wp-content\/uploads\/2024\/03\/IMG-20240312-WA0029-300x169.jpg 300w, https:\/\/www.latribunedufaso.net\/wp-content\/uploads\/2024\/03\/IMG-20240312-WA0029-768x432.jpg 768w, https:\/\/www.latribunedufaso.net\/wp-content\/uploads\/2024\/03\/IMG-20240312-WA0029.jpg 960w\" sizes=\"auto, (max-width: 300px) 100vw, 300px\" \/><\/a>Notons que cette op\u00e9ration est la suite des travaux du comit\u00e9 interminist\u00e9riel mis en place par le minist\u00e8re de l\u2019Urbanisme pour \u00e9valuer le passif immobilier de la promotion immobili\u00e8re priv\u00e9e. Il regroupe les acteurs de gestion du foncier urbain du minist\u00e8re de l\u2019Urbanisme, celui de l\u2019Economie et celui en charge de l\u2019Administration territoriale.<\/p>\n<p><strong>Issouf Tapsoba <\/strong><\/p>\n<p><strong>Latribunedufaso.net<\/strong><\/p>\n","protected":false},"excerpt":{"rendered":"<p>Le minist\u00e8re de l\u2019Urbanisme, des Affaires Fonci\u00e8res et de l\u2019Habitat a proc\u00e9d\u00e9 le mardi 12 mars 2024 \u00e0 Ouagadougou, au lancement de la plateforme num\u00e9rique de collecte de donn\u00e9es sur les parcelles et les logements acquis aupr\u00e8s des ex-promoteurs immobiliers priv\u00e9s. L\u2019objectif de cette op\u00e9ration est de faire un \u00e9tat des lieux, un audit du passif immobilier de la promotion immobili\u00e8re priv\u00e9e de 2008 \u00e0 nos jours.<\/p>\n","protected":false},"author":5,"featured_media":12166,"comment_status":"open","ping_status":"open","sticky":false,"template":"","format":"standard","meta":{"footnotes":""},"categories":[13,1,8],"tags":[],"class_list":["post-12163","post","type-post","status-publish","format-standard","has-post-thumbnail","hentry","category-une","category-actu","category-societe"],"yoast_head":"<!-- This site is optimized with the Yoast SEO plugin v27.5 - https:\/\/yoast.com\/product\/yoast-seo-wordpress\/ -->\n<title>Gestion du passif immobilier de la promotion immobili\u00e8re priv\u00e9e : Les acqu\u00e9reurs invit\u00e9s \u00e0 fournir des informations sur une plateforme num\u00e9rique - La Tribune du Faso<\/title>\n<meta name=\"robots\" content=\"index, follow, max-snippet:-1, max-image-preview:large, max-video-preview:-1\" \/>\n<link rel=\"canonical\" href=\"https:\/\/www.latribunedufaso.net\/?p=12163\" \/>\n<meta property=\"og:locale\" content=\"fr_FR\" \/>\n<meta property=\"og:type\" content=\"article\" \/>\n<meta property=\"og:title\" content=\"Gestion du passif immobilier de la promotion immobili\u00e8re priv\u00e9e : Les acqu\u00e9reurs invit\u00e9s \u00e0 fournir des informations sur une plateforme num\u00e9rique - La Tribune du Faso\" \/>\n<meta property=\"og:description\" content=\"Le minist\u00e8re de l\u2019Urbanisme, des Affaires Fonci\u00e8res et de l\u2019Habitat a proc\u00e9d\u00e9 le mardi 12 mars 2024 \u00e0 Ouagadougou, au lancement de la plateforme num\u00e9rique de collecte de donn\u00e9es sur les parcelles et les logements acquis aupr\u00e8s des ex-promoteurs immobiliers priv\u00e9s. L\u2019objectif de cette op\u00e9ration est de faire un \u00e9tat des lieux, un audit du passif immobilier de la promotion immobili\u00e8re priv\u00e9e de 2008 \u00e0 nos jours.\" \/>\n<meta property=\"og:url\" content=\"https:\/\/www.latribunedufaso.net\/?p=12163\" \/>\n<meta property=\"og:site_name\" content=\"La Tribune du Faso\" \/>\n<meta property=\"article:publisher\" content=\"https:\/\/www.facebook.com\/LatribuneduFaso\/\" \/>\n<meta property=\"article:published_time\" content=\"2024-03-12T15:22:17+00:00\" \/>\n<meta property=\"og:image\" content=\"https:\/\/www.latribunedufaso.net\/wp-content\/uploads\/2024\/03\/IMG_20240312_100857_860-scaled.jpg\" \/>\n\t<meta property=\"og:image:width\" content=\"2560\" \/>\n\t<meta property=\"og:image:height\" content=\"1920\" \/>\n\t<meta property=\"og:image:type\" content=\"image\/jpeg\" \/>\n<meta name=\"author\" content=\"Issouf Tapsoba\" \/>\n<meta name=\"twitter:label1\" content=\"\u00c9crit par\" \/>\n\t<meta name=\"twitter:data1\" content=\"Issouf Tapsoba\" \/>\n\t<meta name=\"twitter:label2\" content=\"Dur\u00e9e de lecture estim\u00e9e\" \/>\n\t<meta name=\"twitter:data2\" content=\"3 minutes\" \/>\n<script type=\"application\/ld+json\" class=\"yoast-schema-graph\">{\"@context\":\"https:\\\/\\\/schema.org\",\"@graph\":[{\"@type\":\"Article\",\"@id\":\"https:\\\/\\\/www.latribunedufaso.net\\\/?p=12163#article\",\"isPartOf\":{\"@id\":\"https:\\\/\\\/www.latribunedufaso.net\\\/?p=12163\"},\"author\":{\"name\":\"Issouf Tapsoba\",\"@id\":\"https:\\\/\\\/www.latribunedufaso.net\\\/#\\\/schema\\\/person\\\/e54e64c5778a7e72cf80a318b7a622b0\"},\"headline\":\"Gestion du passif immobilier de la promotion immobili\u00e8re priv\u00e9e : Les acqu\u00e9reurs invit\u00e9s \u00e0 fournir des informations sur une plateforme num\u00e9rique\",\"datePublished\":\"2024-03-12T15:22:17+00:00\",\"mainEntityOfPage\":{\"@id\":\"https:\\\/\\\/www.latribunedufaso.net\\\/?p=12163\"},\"wordCount\":592,\"commentCount\":4,\"publisher\":{\"@id\":\"https:\\\/\\\/www.latribunedufaso.net\\\/#organization\"},\"image\":{\"@id\":\"https:\\\/\\\/www.latribunedufaso.net\\\/?p=12163#primaryimage\"},\"thumbnailUrl\":\"https:\\\/\\\/www.latribunedufaso.net\\\/wp-content\\\/uploads\\\/2024\\\/03\\\/IMG_20240312_100857_860-scaled.jpg\",\"articleSection\":[\"A la une\",\"Actualit\u00e9\",\"Soci\u00e9t\u00e9\"],\"inLanguage\":\"fr-FR\",\"potentialAction\":[{\"@type\":\"CommentAction\",\"name\":\"Comment\",\"target\":[\"https:\\\/\\\/www.latribunedufaso.net\\\/?p=12163#respond\"]}]},{\"@type\":\"WebPage\",\"@id\":\"https:\\\/\\\/www.latribunedufaso.net\\\/?p=12163\",\"url\":\"https:\\\/\\\/www.latribunedufaso.net\\\/?p=12163\",\"name\":\"Gestion du passif immobilier de la promotion immobili\u00e8re priv\u00e9e : Les acqu\u00e9reurs invit\u00e9s \u00e0 fournir des informations sur une plateforme num\u00e9rique - La Tribune du Faso\",\"isPartOf\":{\"@id\":\"https:\\\/\\\/www.latribunedufaso.net\\\/#website\"},\"primaryImageOfPage\":{\"@id\":\"https:\\\/\\\/www.latribunedufaso.net\\\/?p=12163#primaryimage\"},\"image\":{\"@id\":\"https:\\\/\\\/www.latribunedufaso.net\\\/?p=12163#primaryimage\"},\"thumbnailUrl\":\"https:\\\/\\\/www.latribunedufaso.net\\\/wp-content\\\/uploads\\\/2024\\\/03\\\/IMG_20240312_100857_860-scaled.jpg\",\"datePublished\":\"2024-03-12T15:22:17+00:00\",\"breadcrumb\":{\"@id\":\"https:\\\/\\\/www.latribunedufaso.net\\\/?p=12163#breadcrumb\"},\"inLanguage\":\"fr-FR\",\"potentialAction\":[{\"@type\":\"ReadAction\",\"target\":[\"https:\\\/\\\/www.latribunedufaso.net\\\/?p=12163\"]}]},{\"@type\":\"ImageObject\",\"inLanguage\":\"fr-FR\",\"@id\":\"https:\\\/\\\/www.latribunedufaso.net\\\/?p=12163#primaryimage\",\"url\":\"https:\\\/\\\/www.latribunedufaso.net\\\/wp-content\\\/uploads\\\/2024\\\/03\\\/IMG_20240312_100857_860-scaled.jpg\",\"contentUrl\":\"https:\\\/\\\/www.latribunedufaso.net\\\/wp-content\\\/uploads\\\/2024\\\/03\\\/IMG_20240312_100857_860-scaled.jpg\",\"width\":2560,\"height\":1920},{\"@type\":\"BreadcrumbList\",\"@id\":\"https:\\\/\\\/www.latribunedufaso.net\\\/?p=12163#breadcrumb\",\"itemListElement\":[{\"@type\":\"ListItem\",\"position\":1,\"name\":\"Accueil\",\"item\":\"https:\\\/\\\/www.latribunedufaso.net\\\/\"},{\"@type\":\"ListItem\",\"position\":2,\"name\":\"Gestion du passif immobilier de la promotion immobili\u00e8re priv\u00e9e : Les acqu\u00e9reurs invit\u00e9s \u00e0 fournir des informations sur une plateforme num\u00e9rique\"}]},{\"@type\":\"WebSite\",\"@id\":\"https:\\\/\\\/www.latribunedufaso.net\\\/#website\",\"url\":\"https:\\\/\\\/www.latribunedufaso.net\\\/\",\"name\":\"La Tribune du Faso\",\"description\":\"L&#039;information du monde rural en un clic\",\"publisher\":{\"@id\":\"https:\\\/\\\/www.latribunedufaso.net\\\/#organization\"},\"potentialAction\":[{\"@type\":\"SearchAction\",\"target\":{\"@type\":\"EntryPoint\",\"urlTemplate\":\"https:\\\/\\\/www.latribunedufaso.net\\\/?s={search_term_string}\"},\"query-input\":{\"@type\":\"PropertyValueSpecification\",\"valueRequired\":true,\"valueName\":\"search_term_string\"}}],\"inLanguage\":\"fr-FR\"},{\"@type\":\"Organization\",\"@id\":\"https:\\\/\\\/www.latribunedufaso.net\\\/#organization\",\"name\":\"La Tribune du Faso\",\"url\":\"https:\\\/\\\/www.latribunedufaso.net\\\/\",\"logo\":{\"@type\":\"ImageObject\",\"inLanguage\":\"fr-FR\",\"@id\":\"https:\\\/\\\/www.latribunedufaso.net\\\/#\\\/schema\\\/logo\\\/image\\\/\",\"url\":\"https:\\\/\\\/www.latribunedufaso.net\\\/wp-content\\\/uploads\\\/2020\\\/08\\\/Logo-Tribune-du-Faso-final-scaled.jpg\",\"contentUrl\":\"https:\\\/\\\/www.latribunedufaso.net\\\/wp-content\\\/uploads\\\/2020\\\/08\\\/Logo-Tribune-du-Faso-final-scaled.jpg\",\"width\":2560,\"height\":1856,\"caption\":\"La Tribune du Faso\"},\"image\":{\"@id\":\"https:\\\/\\\/www.latribunedufaso.net\\\/#\\\/schema\\\/logo\\\/image\\\/\"},\"sameAs\":[\"https:\\\/\\\/www.facebook.com\\\/LatribuneduFaso\\\/\"]},{\"@type\":\"Person\",\"@id\":\"https:\\\/\\\/www.latribunedufaso.net\\\/#\\\/schema\\\/person\\\/e54e64c5778a7e72cf80a318b7a622b0\",\"name\":\"Issouf Tapsoba\",\"image\":{\"@type\":\"ImageObject\",\"inLanguage\":\"fr-FR\",\"@id\":\"https:\\\/\\\/secure.gravatar.com\\\/avatar\\\/5e6c05150ce3230247d167f5b94d678eb05936197436d69b7921e3a95c9107ac?s=96&d=mm&r=g\",\"url\":\"https:\\\/\\\/secure.gravatar.com\\\/avatar\\\/5e6c05150ce3230247d167f5b94d678eb05936197436d69b7921e3a95c9107ac?s=96&d=mm&r=g\",\"contentUrl\":\"https:\\\/\\\/secure.gravatar.com\\\/avatar\\\/5e6c05150ce3230247d167f5b94d678eb05936197436d69b7921e3a95c9107ac?s=96&d=mm&r=g\",\"caption\":\"Issouf Tapsoba\"},\"url\":\"https:\\\/\\\/www.latribunedufaso.net\\\/?author=5\"}]}<\/script>\n<!-- \/ Yoast SEO plugin. -->","yoast_head_json":{"title":"Gestion du passif immobilier de la promotion immobili\u00e8re priv\u00e9e : Les acqu\u00e9reurs invit\u00e9s \u00e0 fournir des informations sur une plateforme num\u00e9rique - La Tribune du Faso","robots":{"index":"index","follow":"follow","max-snippet":"max-snippet:-1","max-image-preview":"max-image-preview:large","max-video-preview":"max-video-preview:-1"},"canonical":"https:\/\/www.latribunedufaso.net\/?p=12163","og_locale":"fr_FR","og_type":"article","og_title":"Gestion du passif immobilier de la promotion immobili\u00e8re priv\u00e9e : Les acqu\u00e9reurs invit\u00e9s \u00e0 fournir des informations sur une plateforme num\u00e9rique - La Tribune du Faso","og_description":"Le minist\u00e8re de l\u2019Urbanisme, des Affaires Fonci\u00e8res et de l\u2019Habitat a proc\u00e9d\u00e9 le mardi 12 mars 2024 \u00e0 Ouagadougou, au lancement de la plateforme num\u00e9rique de collecte de donn\u00e9es sur les parcelles et les logements acquis aupr\u00e8s des ex-promoteurs immobiliers priv\u00e9s. L\u2019objectif de cette op\u00e9ration est de faire un \u00e9tat des lieux, un audit du passif immobilier de la promotion immobili\u00e8re priv\u00e9e de 2008 \u00e0 nos jours.","og_url":"https:\/\/www.latribunedufaso.net\/?p=12163","og_site_name":"La Tribune du Faso","article_publisher":"https:\/\/www.facebook.com\/LatribuneduFaso\/","article_published_time":"2024-03-12T15:22:17+00:00","og_image":[{"width":2560,"height":1920,"url":"https:\/\/www.latribunedufaso.net\/wp-content\/uploads\/2024\/03\/IMG_20240312_100857_860-scaled.jpg","type":"image\/jpeg"}],"author":"Issouf Tapsoba","twitter_misc":{"\u00c9crit par":"Issouf Tapsoba","Dur\u00e9e de lecture estim\u00e9e":"3 minutes"},"schema":{"@context":"https:\/\/schema.org","@graph":[{"@type":"Article","@id":"https:\/\/www.latribunedufaso.net\/?p=12163#article","isPartOf":{"@id":"https:\/\/www.latribunedufaso.net\/?p=12163"},"author":{"name":"Issouf Tapsoba","@id":"https:\/\/www.latribunedufaso.net\/#\/schema\/person\/e54e64c5778a7e72cf80a318b7a622b0"},"headline":"Gestion du passif immobilier de la promotion immobili\u00e8re priv\u00e9e : Les acqu\u00e9reurs invit\u00e9s \u00e0 fournir des informations sur une plateforme num\u00e9rique","datePublished":"2024-03-12T15:22:17+00:00","mainEntityOfPage":{"@id":"https:\/\/www.latribunedufaso.net\/?p=12163"},"wordCount":592,"commentCount":4,"publisher":{"@id":"https:\/\/www.latribunedufaso.net\/#organization"},"image":{"@id":"https:\/\/www.latribunedufaso.net\/?p=12163#primaryimage"},"thumbnailUrl":"https:\/\/www.latribunedufaso.net\/wp-content\/uploads\/2024\/03\/IMG_20240312_100857_860-scaled.jpg","articleSection":["A la une","Actualit\u00e9","Soci\u00e9t\u00e9"],"inLanguage":"fr-FR","potentialAction":[{"@type":"CommentAction","name":"Comment","target":["https:\/\/www.latribunedufaso.net\/?p=12163#respond"]}]},{"@type":"WebPage","@id":"https:\/\/www.latribunedufaso.net\/?p=12163","url":"https:\/\/www.latribunedufaso.net\/?p=12163","name":"Gestion du passif immobilier de la promotion immobili\u00e8re priv\u00e9e : Les acqu\u00e9reurs invit\u00e9s \u00e0 fournir des informations sur une plateforme num\u00e9rique - La Tribune du Faso","isPartOf":{"@id":"https:\/\/www.latribunedufaso.net\/#website"},"primaryImageOfPage":{"@id":"https:\/\/www.latribunedufaso.net\/?p=12163#primaryimage"},"image":{"@id":"https:\/\/www.latribunedufaso.net\/?p=12163#primaryimage"},"thumbnailUrl":"https:\/\/www.latribunedufaso.net\/wp-content\/uploads\/2024\/03\/IMG_20240312_100857_860-scaled.jpg","datePublished":"2024-03-12T15:22:17+00:00","breadcrumb":{"@id":"https:\/\/www.latribunedufaso.net\/?p=12163#breadcrumb"},"inLanguage":"fr-FR","potentialAction":[{"@type":"ReadAction","target":["https:\/\/www.latribunedufaso.net\/?p=12163"]}]},{"@type":"ImageObject","inLanguage":"fr-FR","@id":"https:\/\/www.latribunedufaso.net\/?p=12163#primaryimage","url":"https:\/\/www.latribunedufaso.net\/wp-content\/uploads\/2024\/03\/IMG_20240312_100857_860-scaled.jpg","contentUrl":"https:\/\/www.latribunedufaso.net\/wp-content\/uploads\/2024\/03\/IMG_20240312_100857_860-scaled.jpg","width":2560,"height":1920},{"@type":"BreadcrumbList","@id":"https:\/\/www.latribunedufaso.net\/?p=12163#breadcrumb","itemListElement":[{"@type":"ListItem","position":1,"name":"Accueil","item":"https:\/\/www.latribunedufaso.net\/"},{"@type":"ListItem","position":2,"name":"Gestion du passif immobilier de la promotion immobili\u00e8re priv\u00e9e : Les acqu\u00e9reurs invit\u00e9s \u00e0 fournir des informations sur une plateforme num\u00e9rique"}]},{"@type":"WebSite","@id":"https:\/\/www.latribunedufaso.net\/#website","url":"https:\/\/www.latribunedufaso.net\/","name":"La Tribune du Faso","description":"L&#039;information du monde rural en un clic","publisher":{"@id":"https:\/\/www.latribunedufaso.net\/#organization"},"potentialAction":[{"@type":"SearchAction","target":{"@type":"EntryPoint","urlTemplate":"https:\/\/www.latribunedufaso.net\/?s={search_term_string}"},"query-input":{"@type":"PropertyValueSpecification","valueRequired":true,"valueName":"search_term_string"}}],"inLanguage":"fr-FR"},{"@type":"Organization","@id":"https:\/\/www.latribunedufaso.net\/#organization","name":"La Tribune du Faso","url":"https:\/\/www.latribunedufaso.net\/","logo":{"@type":"ImageObject","inLanguage":"fr-FR","@id":"https:\/\/www.latribunedufaso.net\/#\/schema\/logo\/image\/","url":"https:\/\/www.latribunedufaso.net\/wp-content\/uploads\/2020\/08\/Logo-Tribune-du-Faso-final-scaled.jpg","contentUrl":"https:\/\/www.latribunedufaso.net\/wp-content\/uploads\/2020\/08\/Logo-Tribune-du-Faso-final-scaled.jpg","width":2560,"height":1856,"caption":"La Tribune du Faso"},"image":{"@id":"https:\/\/www.latribunedufaso.net\/#\/schema\/logo\/image\/"},"sameAs":["https:\/\/www.facebook.com\/LatribuneduFaso\/"]},{"@type":"Person","@id":"https:\/\/www.latribunedufaso.net\/#\/schema\/person\/e54e64c5778a7e72cf80a318b7a622b0","name":"Issouf Tapsoba","image":{"@type":"ImageObject","inLanguage":"fr-FR","@id":"https:\/\/secure.gravatar.com\/avatar\/5e6c05150ce3230247d167f5b94d678eb05936197436d69b7921e3a95c9107ac?s=96&d=mm&r=g","url":"https:\/\/secure.gravatar.com\/avatar\/5e6c05150ce3230247d167f5b94d678eb05936197436d69b7921e3a95c9107ac?s=96&d=mm&r=g","contentUrl":"https:\/\/secure.gravatar.com\/avatar\/5e6c05150ce3230247d167f5b94d678eb05936197436d69b7921e3a95c9107ac?s=96&d=mm&r=g","caption":"Issouf Tapsoba"},"url":"https:\/\/www.latribunedufaso.net\/?author=5"}]}},"_links":{"self":[{"href":"https:\/\/www.latribunedufaso.net\/index.php?rest_route=\/wp\/v2\/posts\/12163","targetHints":{"allow":["GET"]}}],"collection":[{"href":"https:\/\/www.latribunedufaso.net\/index.php?rest_route=\/wp\/v2\/posts"}],"about":[{"href":"https:\/\/www.latribunedufaso.net\/index.php?rest_route=\/wp\/v2\/types\/post"}],"author":[{"embeddable":true,"href":"https:\/\/www.latribunedufaso.net\/index.php?rest_route=\/wp\/v2\/users\/5"}],"replies":[{"embeddable":true,"href":"https:\/\/www.latribunedufaso.net\/index.php?rest_route=%2Fwp%2Fv2%2Fcomments&post=12163"}],"version-history":[{"count":1,"href":"https:\/\/www.latribunedufaso.net\/index.php?rest_route=\/wp\/v2\/posts\/12163\/revisions"}],"predecessor-version":[{"id":12170,"href":"https:\/\/www.latribunedufaso.net\/index.php?rest_route=\/wp\/v2\/posts\/12163\/revisions\/12170"}],"wp:featuredmedia":[{"embeddable":true,"href":"https:\/\/www.latribunedufaso.net\/index.php?rest_route=\/wp\/v2\/media\/12166"}],"wp:attachment":[{"href":"https:\/\/www.latribunedufaso.net\/index.php?rest_route=%2Fwp%2Fv2%2Fmedia&parent=12163"}],"wp:term":[{"taxonomy":"category","embeddable":true,"href":"https:\/\/www.latribunedufaso.net\/index.php?rest_route=%2Fwp%2Fv2%2Fcategories&post=12163"},{"taxonomy":"post_tag","embeddable":true,"href":"https:\/\/www.latribunedufaso.net\/index.php?rest_route=%2Fwp%2Fv2%2Ftags&post=12163"}],"curies":[{"name":"wp","href":"https:\/\/api.w.org\/{rel}","templated":true}]}}