{"id":12144,"date":"2024-03-11T16:41:41","date_gmt":"2024-03-11T16:41:41","guid":{"rendered":"https:\/\/www.latribunedufaso.net\/?p=12144"},"modified":"2024-03-11T16:41:41","modified_gmt":"2024-03-11T16:41:41","slug":"football-brama-traore-est-le-nouveau-selectionneur-des-etalons","status":"publish","type":"post","link":"https:\/\/www.latribunedufaso.net\/?p=12144","title":{"rendered":"Football : Brama Traor\u00e9 est le nouveau s\u00e9lectionneur des \u00e9talons\u00a0"},"content":{"rendered":"<p><strong><span style=\"font-size: 1.0625rem;\">Brama Traor\u00e9 a \u00e9t\u00e9 nomm\u00e9 \u00e0 la t\u00eate de la s\u00e9lection nationale \u00ab A \u00bb des \u00e9talons. Cette information a \u00e9t\u00e9 donn\u00e9e par le pr\u00e9sident de la F\u00e9d\u00e9ration Burkinab\u00e8 de football (<\/span><\/strong><strong style=\"font-size: 1.0625rem;\"><span style=\"font-size: 1.0625rem;\">FBF), Lazare Banss\u00e9, lors d&rsquo;une conf\u00e9rence de presse organis\u00e9e le lundi 11 mars 2024 \u00e0 Ouagadougou.<\/span><\/strong><!--more--><\/p>\n<p>Avec 6 personnes sur la liste au d\u00e9part, c\u2019est finalement Brama Traor\u00e9 qui a attir\u00e9 l\u2019attention du comit\u00e9 ex\u00e9cutif de la FBF. <span style=\"font-size: 1.0625rem;\">A \u00e9couter le pr\u00e9sident Lazare Banss\u00e9, les crit\u00e8res ayant pr\u00e9valu ce choix sont sp\u00e9cialement ax\u00e9s sur son exp\u00e9rience.<\/span><\/p>\n<p>\u00ab Le coach Brama Traor\u00e9 est p\u00e9tri de talents. Son CV en dit long sur son exp\u00e9rience. Il a travaill\u00e9 dans l\u2019encadrement de plusieurs s\u00e9lectionneurs qui se sont pr\u00e9c\u00e9d\u00e9s au Burkina. Il a travaill\u00e9 dans l\u2019encadrement direct des \u00e9talons o\u00f9 il a accumul\u00e9 une somme d\u2019exp\u00e9rience. Il \u00e9tait sous contrat avec la f\u00e9d\u00e9ration en ce qui concerne les \u00e9quipes U20 et U23 et il s\u2019est brillamment comport\u00e9 pour cette mission qui lui avait \u00e9t\u00e9 confi\u00e9e. Nous avons estim\u00e9 qu\u2019il a eu des r\u00e9sultats. Il a l\u2019avantage de conna\u00eetre le championnat burkinab\u00e8 dans toute sa profondeur, car comme il l\u2019a dit, il a tenu tous ces joueurs depuis leurs bas \u00e2ge. Il a \u00e9t\u00e9 entraineur de plusieurs clubs, il a \u00e9t\u00e9 plusieurs fois champions. Il y a aussi le caract\u00e8re et le comportement. En ce qui le concerne, nous pensons qu\u2019il a le temp\u00e9rament qu\u2019il faut pour g\u00e9rer tous ses \u00e9gaux pr\u00e9sents dans les \u00e9quipes nationales. Il est pos\u00e9, pond\u00e9r\u00e9, p\u00e9tri de talent, il sait parler, galvaniser et motiver. Pour nous aujourd\u2019hui, Brama Traor\u00e9 nous a paru l\u2019homme de la situation apr\u00e8s tout ce que je vous ai dis \u00bb, a soulign\u00e9 le pr\u00e9sident de la FBF, Lazare Banss\u00e9.<\/p>\n<p>Quant aux objectifs, le comit\u00e9 ex\u00e9cutif de la FBF a expliqu\u00e9 que ce dont il attend du nouveau s\u00e9lectionneur national, Brama Traor\u00e9, est d\u2019abord la qualification \u00e0 la CAN au Maroc, le mondial en esp\u00e9rant \u00e9galement une qualification.<\/p>\n<p>Au-del\u00e0 de ces objectifs au niveaux des comp\u00e9titions, la FBF demande au nouveau s\u00e9lectionneur au sortir de cette CAN, de construire une \u00e9quipe, de la rajeunir, d\u2019apporter la discipline et d\u2019attirer les binationaux parce que nous sommes le pays qui a la plus grande diaspora au monde. Nous avons une diaspora avec des jeunes qui esp\u00e8rent jouer pour leur pays d\u2019origine m\u00eame s\u2019ils ne sont pas n\u00e9s ici qui ont la fibre patriotique.\u00a0<\/p>\n<p>Tous ces objectifs seront r\u00e9alisables car le projet est pr\u00e9vu pour \u00eatre ex\u00e9cut\u00e9 \u00e0 long terme. Selon le pr\u00e9sident Lazare Banss\u00e9, Nous estimons, pour la dur\u00e9e, que nous allons partir sur un projet \u00e0 long terme parce que c\u2019est important. Avec Brama Traor\u00e9, \u00e7a sera un projet de long terme assorti d\u2019un projet de formation des coach pour une expertise nationale o\u00f9 les anciens coach seront recycl\u00e9s, ils vont pouvoir faire des stages \u00bb.<\/p>\n<p>En plus de b\u00e9n\u00e9ficier d\u2019un projet \u00e0 long terme, le nouveaux s\u00e9lectionneur Brama Traor\u00e9 aura la latitude de choisir les personnes avec qui il veut travailler. \u00ab C\u2019est-\u00e0-dire que contrairement \u00e0 ce qui se faisait, c\u2019est le coach qui va composer son \u00e9quipe en ce qui concerne les principaux collaborateurs parce qu\u2019on a remarqu\u00e9 que lorsqu\u2019on imposait il y avait certaines difficult\u00e9s \u00bb, a expliqu\u00e9 le pr\u00e9sident de la FBF Lazare Banss\u00e9.\u00a0<\/p>\n<p>Cette conf\u00e9rence de presse a aussi \u00e9t\u00e9 l\u2019occasion pour le comit\u00e9 ex\u00e9cutif de la FBF de se prononcer sur la retenue des 25% de la bourse allou\u00e9e aux clubs.<\/p>\n<p>A ce sujet, le pr\u00e9sident a expliqu\u00e9 que dor\u00e9navant il n\u2019y aura plus de probl\u00e8me de 25% parce que la FBF et le minist\u00e8re des Sports ont sign\u00e9 un protocole dans lequel il est pr\u00e9cis\u00e9 que chaque club aura dor\u00e9navant son enveloppe pour l\u2019organisation et le financement. Le club qui souhaite avoir un avantage devra alors faire un plaidoyer et en discuter.<\/p>\n<p>\u00ab Nous avons fait une r\u00e9union du comit\u00e9 ex\u00e9cutif donc en ce qui concerne la FBF il n\u2019 y a pas d\u2019ambigu\u00eft\u00e9 possible avec le minist\u00e8re charg\u00e9 des Sports sur la question, nous sommes en phase. Cela veut dire que les comp\u00e9titions des petites cat\u00e9gories vont se jouer. Nous avons estimer que nous ne pouvons pas faire l\u2019impasse sur les comp\u00e9titions des petites cat\u00e9gories. Donc, l\u2019argent querell\u00e9 va servir \u00e0 organiser les comp\u00e9titions des petites cat\u00e9gories. Nous avons d\u00e9j\u00e0 pris les dispositions pour le faire, il y a d\u00e9j\u00e0 271 \u00e9quipes sur toute l\u2019\u00e9tendue du territoire qui se sont engag\u00e9es. Pour nous, il est important de pouvoir jouer les comp\u00e9titions des petites cat\u00e9gories. Il faut aussi savoir qu\u2019au niveau de la FIFA nous avons d\u00e9j\u00e0 pris des engagements pour amplifier la prise en charge des petites cat\u00e9gories et les exigences de la FIFA sont sans \u00e9quivoque. Il faut jouer les comp\u00e9titions des petites cat\u00e9gories sinon nous ne pourrons pas souscrire \u00e0 ces programmes. Nous ne serons pas \u00e9ligible. Nous avons \u00e9galement des projets d\u2019infrastructures avec la FIFA. Il s&rsquo;agit de la construction d&rsquo;un terrain synth\u00e9tique et d\u2019un terrain naturel. Il y a \u00e9galement le projet de la construction du si\u00e8ge de la FBF. Nous avons pris des engagements et le financement est boucl\u00e9. Tous ces programmes si nous ne faisons pas attention nous allons les perdre. Donc la FBF affirme qu\u2019elle est en phase avec le minist\u00e8re des sports sur la question \u00bb, a confi\u00e9 le pr\u00e9sident de la FBF, Lazare Banss\u00e9.\u00a0<\/p>\n<p><strong>Nabintou Ouattara\u00a0<\/strong><\/p>\n<p><strong><span style=\"font-size: 1.0625rem;\">Latribunedufas<\/span><span style=\"font-size: 1.0625rem;\">o.net<\/span><\/strong><\/p>\n","protected":false},"excerpt":{"rendered":"<p>Brama Traor\u00e9 a \u00e9t\u00e9 nomm\u00e9 \u00e0 la t\u00eate de la s\u00e9lection nationale \u00ab A \u00bb des \u00e9talons. Cette information a \u00e9t\u00e9 donn\u00e9e par le pr\u00e9sident de la F\u00e9d\u00e9ration Burkinab\u00e8 de football (FBF), Lazare Banss\u00e9, lors d&rsquo;une conf\u00e9rence de presse organis\u00e9e le lundi 11 mars 2024 \u00e0 Ouagadougou.<\/p>\n","protected":false},"author":5,"featured_media":12146,"comment_status":"open","ping_status":"open","sticky":false,"template":"","format":"standard","meta":{"footnotes":""},"categories":[13,1,17],"tags":[],"class_list":["post-12144","post","type-post","status-publish","format-standard","has-post-thumbnail","hentry","category-une","category-actu","category-sport"],"yoast_head":"<!-- This site is optimized with the Yoast SEO plugin v27.4 - https:\/\/yoast.com\/product\/yoast-seo-wordpress\/ -->\n<title>Football : Brama Traor\u00e9 est le nouveau s\u00e9lectionneur des \u00e9talons\u00a0 - La Tribune du Faso<\/title>\n<meta name=\"robots\" content=\"index, follow, max-snippet:-1, max-image-preview:large, max-video-preview:-1\" \/>\n<link rel=\"canonical\" href=\"https:\/\/www.latribunedufaso.net\/?p=12144\" \/>\n<meta property=\"og:locale\" content=\"fr_FR\" \/>\n<meta property=\"og:type\" content=\"article\" \/>\n<meta property=\"og:title\" content=\"Football : Brama Traor\u00e9 est le nouveau s\u00e9lectionneur des \u00e9talons\u00a0 - La Tribune du Faso\" \/>\n<meta property=\"og:description\" content=\"Brama Traor\u00e9 a \u00e9t\u00e9 nomm\u00e9 \u00e0 la t\u00eate de la s\u00e9lection nationale \u00ab A \u00bb des \u00e9talons. Cette information a \u00e9t\u00e9 donn\u00e9e par le pr\u00e9sident de la F\u00e9d\u00e9ration Burkinab\u00e8 de football (FBF), Lazare Banss\u00e9, lors d&rsquo;une conf\u00e9rence de presse organis\u00e9e le lundi 11 mars 2024 \u00e0 Ouagadougou.\" \/>\n<meta property=\"og:url\" content=\"https:\/\/www.latribunedufaso.net\/?p=12144\" \/>\n<meta property=\"og:site_name\" content=\"La Tribune du Faso\" \/>\n<meta property=\"article:publisher\" content=\"https:\/\/www.facebook.com\/LatribuneduFaso\/\" \/>\n<meta property=\"article:published_time\" content=\"2024-03-11T16:41:41+00:00\" \/>\n<meta property=\"og:image\" content=\"https:\/\/www.latribunedufaso.net\/wp-content\/uploads\/2024\/03\/IMG-20240311-WA0033.jpg\" \/>\n\t<meta property=\"og:image:width\" content=\"1020\" \/>\n\t<meta property=\"og:image:height\" content=\"459\" \/>\n\t<meta property=\"og:image:type\" content=\"image\/jpeg\" \/>\n<meta name=\"author\" content=\"Issouf Tapsoba\" \/>\n<meta name=\"twitter:label1\" content=\"\u00c9crit par\" \/>\n\t<meta name=\"twitter:data1\" content=\"Issouf Tapsoba\" \/>\n\t<meta name=\"twitter:label2\" content=\"Dur\u00e9e de lecture estim\u00e9e\" \/>\n\t<meta name=\"twitter:data2\" content=\"5 minutes\" \/>\n<script type=\"application\/ld+json\" class=\"yoast-schema-graph\">{\"@context\":\"https:\\\/\\\/schema.org\",\"@graph\":[{\"@type\":\"Article\",\"@id\":\"https:\\\/\\\/www.latribunedufaso.net\\\/?p=12144#article\",\"isPartOf\":{\"@id\":\"https:\\\/\\\/www.latribunedufaso.net\\\/?p=12144\"},\"author\":{\"name\":\"Issouf Tapsoba\",\"@id\":\"https:\\\/\\\/www.latribunedufaso.net\\\/#\\\/schema\\\/person\\\/e54e64c5778a7e72cf80a318b7a622b0\"},\"headline\":\"Football : Brama Traor\u00e9 est le nouveau s\u00e9lectionneur des \u00e9talons\u00a0\",\"datePublished\":\"2024-03-11T16:41:41+00:00\",\"mainEntityOfPage\":{\"@id\":\"https:\\\/\\\/www.latribunedufaso.net\\\/?p=12144\"},\"wordCount\":1003,\"commentCount\":0,\"publisher\":{\"@id\":\"https:\\\/\\\/www.latribunedufaso.net\\\/#organization\"},\"image\":{\"@id\":\"https:\\\/\\\/www.latribunedufaso.net\\\/?p=12144#primaryimage\"},\"thumbnailUrl\":\"https:\\\/\\\/www.latribunedufaso.net\\\/wp-content\\\/uploads\\\/2024\\\/03\\\/IMG-20240311-WA0033.jpg\",\"articleSection\":[\"A la une\",\"Actualit\u00e9\",\"Sport\"],\"inLanguage\":\"fr-FR\",\"potentialAction\":[{\"@type\":\"CommentAction\",\"name\":\"Comment\",\"target\":[\"https:\\\/\\\/www.latribunedufaso.net\\\/?p=12144#respond\"]}]},{\"@type\":\"WebPage\",\"@id\":\"https:\\\/\\\/www.latribunedufaso.net\\\/?p=12144\",\"url\":\"https:\\\/\\\/www.latribunedufaso.net\\\/?p=12144\",\"name\":\"Football : Brama Traor\u00e9 est le nouveau s\u00e9lectionneur des \u00e9talons\u00a0 - La Tribune du Faso\",\"isPartOf\":{\"@id\":\"https:\\\/\\\/www.latribunedufaso.net\\\/#website\"},\"primaryImageOfPage\":{\"@id\":\"https:\\\/\\\/www.latribunedufaso.net\\\/?p=12144#primaryimage\"},\"image\":{\"@id\":\"https:\\\/\\\/www.latribunedufaso.net\\\/?p=12144#primaryimage\"},\"thumbnailUrl\":\"https:\\\/\\\/www.latribunedufaso.net\\\/wp-content\\\/uploads\\\/2024\\\/03\\\/IMG-20240311-WA0033.jpg\",\"datePublished\":\"2024-03-11T16:41:41+00:00\",\"breadcrumb\":{\"@id\":\"https:\\\/\\\/www.latribunedufaso.net\\\/?p=12144#breadcrumb\"},\"inLanguage\":\"fr-FR\",\"potentialAction\":[{\"@type\":\"ReadAction\",\"target\":[\"https:\\\/\\\/www.latribunedufaso.net\\\/?p=12144\"]}]},{\"@type\":\"ImageObject\",\"inLanguage\":\"fr-FR\",\"@id\":\"https:\\\/\\\/www.latribunedufaso.net\\\/?p=12144#primaryimage\",\"url\":\"https:\\\/\\\/www.latribunedufaso.net\\\/wp-content\\\/uploads\\\/2024\\\/03\\\/IMG-20240311-WA0033.jpg\",\"contentUrl\":\"https:\\\/\\\/www.latribunedufaso.net\\\/wp-content\\\/uploads\\\/2024\\\/03\\\/IMG-20240311-WA0033.jpg\",\"width\":1020,\"height\":459},{\"@type\":\"BreadcrumbList\",\"@id\":\"https:\\\/\\\/www.latribunedufaso.net\\\/?p=12144#breadcrumb\",\"itemListElement\":[{\"@type\":\"ListItem\",\"position\":1,\"name\":\"Accueil\",\"item\":\"https:\\\/\\\/www.latribunedufaso.net\\\/\"},{\"@type\":\"ListItem\",\"position\":2,\"name\":\"Football : Brama Traor\u00e9 est le nouveau s\u00e9lectionneur des \u00e9talons\u00a0\"}]},{\"@type\":\"WebSite\",\"@id\":\"https:\\\/\\\/www.latribunedufaso.net\\\/#website\",\"url\":\"https:\\\/\\\/www.latribunedufaso.net\\\/\",\"name\":\"La Tribune du Faso\",\"description\":\"L&#039;information du monde rural en un clic\",\"publisher\":{\"@id\":\"https:\\\/\\\/www.latribunedufaso.net\\\/#organization\"},\"potentialAction\":[{\"@type\":\"SearchAction\",\"target\":{\"@type\":\"EntryPoint\",\"urlTemplate\":\"https:\\\/\\\/www.latribunedufaso.net\\\/?s={search_term_string}\"},\"query-input\":{\"@type\":\"PropertyValueSpecification\",\"valueRequired\":true,\"valueName\":\"search_term_string\"}}],\"inLanguage\":\"fr-FR\"},{\"@type\":\"Organization\",\"@id\":\"https:\\\/\\\/www.latribunedufaso.net\\\/#organization\",\"name\":\"La Tribune du Faso\",\"url\":\"https:\\\/\\\/www.latribunedufaso.net\\\/\",\"logo\":{\"@type\":\"ImageObject\",\"inLanguage\":\"fr-FR\",\"@id\":\"https:\\\/\\\/www.latribunedufaso.net\\\/#\\\/schema\\\/logo\\\/image\\\/\",\"url\":\"https:\\\/\\\/www.latribunedufaso.net\\\/wp-content\\\/uploads\\\/2020\\\/08\\\/Logo-Tribune-du-Faso-final-scaled.jpg\",\"contentUrl\":\"https:\\\/\\\/www.latribunedufaso.net\\\/wp-content\\\/uploads\\\/2020\\\/08\\\/Logo-Tribune-du-Faso-final-scaled.jpg\",\"width\":2560,\"height\":1856,\"caption\":\"La Tribune du Faso\"},\"image\":{\"@id\":\"https:\\\/\\\/www.latribunedufaso.net\\\/#\\\/schema\\\/logo\\\/image\\\/\"},\"sameAs\":[\"https:\\\/\\\/www.facebook.com\\\/LatribuneduFaso\\\/\"]},{\"@type\":\"Person\",\"@id\":\"https:\\\/\\\/www.latribunedufaso.net\\\/#\\\/schema\\\/person\\\/e54e64c5778a7e72cf80a318b7a622b0\",\"name\":\"Issouf Tapsoba\",\"image\":{\"@type\":\"ImageObject\",\"inLanguage\":\"fr-FR\",\"@id\":\"https:\\\/\\\/secure.gravatar.com\\\/avatar\\\/5e6c05150ce3230247d167f5b94d678eb05936197436d69b7921e3a95c9107ac?s=96&d=mm&r=g\",\"url\":\"https:\\\/\\\/secure.gravatar.com\\\/avatar\\\/5e6c05150ce3230247d167f5b94d678eb05936197436d69b7921e3a95c9107ac?s=96&d=mm&r=g\",\"contentUrl\":\"https:\\\/\\\/secure.gravatar.com\\\/avatar\\\/5e6c05150ce3230247d167f5b94d678eb05936197436d69b7921e3a95c9107ac?s=96&d=mm&r=g\",\"caption\":\"Issouf Tapsoba\"},\"url\":\"https:\\\/\\\/www.latribunedufaso.net\\\/?author=5\"}]}<\/script>\n<!-- \/ Yoast SEO plugin. -->","yoast_head_json":{"title":"Football : Brama Traor\u00e9 est le nouveau s\u00e9lectionneur des \u00e9talons\u00a0 - La Tribune du Faso","robots":{"index":"index","follow":"follow","max-snippet":"max-snippet:-1","max-image-preview":"max-image-preview:large","max-video-preview":"max-video-preview:-1"},"canonical":"https:\/\/www.latribunedufaso.net\/?p=12144","og_locale":"fr_FR","og_type":"article","og_title":"Football : Brama Traor\u00e9 est le nouveau s\u00e9lectionneur des \u00e9talons\u00a0 - La Tribune du Faso","og_description":"Brama Traor\u00e9 a \u00e9t\u00e9 nomm\u00e9 \u00e0 la t\u00eate de la s\u00e9lection nationale \u00ab A \u00bb des \u00e9talons. Cette information a \u00e9t\u00e9 donn\u00e9e par le pr\u00e9sident de la F\u00e9d\u00e9ration Burkinab\u00e8 de football (FBF), Lazare Banss\u00e9, lors d&rsquo;une conf\u00e9rence de presse organis\u00e9e le lundi 11 mars 2024 \u00e0 Ouagadougou.","og_url":"https:\/\/www.latribunedufaso.net\/?p=12144","og_site_name":"La Tribune du Faso","article_publisher":"https:\/\/www.facebook.com\/LatribuneduFaso\/","article_published_time":"2024-03-11T16:41:41+00:00","og_image":[{"width":1020,"height":459,"url":"https:\/\/www.latribunedufaso.net\/wp-content\/uploads\/2024\/03\/IMG-20240311-WA0033.jpg","type":"image\/jpeg"}],"author":"Issouf Tapsoba","twitter_misc":{"\u00c9crit par":"Issouf Tapsoba","Dur\u00e9e de lecture estim\u00e9e":"5 minutes"},"schema":{"@context":"https:\/\/schema.org","@graph":[{"@type":"Article","@id":"https:\/\/www.latribunedufaso.net\/?p=12144#article","isPartOf":{"@id":"https:\/\/www.latribunedufaso.net\/?p=12144"},"author":{"name":"Issouf Tapsoba","@id":"https:\/\/www.latribunedufaso.net\/#\/schema\/person\/e54e64c5778a7e72cf80a318b7a622b0"},"headline":"Football : Brama Traor\u00e9 est le nouveau s\u00e9lectionneur des \u00e9talons\u00a0","datePublished":"2024-03-11T16:41:41+00:00","mainEntityOfPage":{"@id":"https:\/\/www.latribunedufaso.net\/?p=12144"},"wordCount":1003,"commentCount":0,"publisher":{"@id":"https:\/\/www.latribunedufaso.net\/#organization"},"image":{"@id":"https:\/\/www.latribunedufaso.net\/?p=12144#primaryimage"},"thumbnailUrl":"https:\/\/www.latribunedufaso.net\/wp-content\/uploads\/2024\/03\/IMG-20240311-WA0033.jpg","articleSection":["A la une","Actualit\u00e9","Sport"],"inLanguage":"fr-FR","potentialAction":[{"@type":"CommentAction","name":"Comment","target":["https:\/\/www.latribunedufaso.net\/?p=12144#respond"]}]},{"@type":"WebPage","@id":"https:\/\/www.latribunedufaso.net\/?p=12144","url":"https:\/\/www.latribunedufaso.net\/?p=12144","name":"Football : Brama Traor\u00e9 est le nouveau s\u00e9lectionneur des \u00e9talons\u00a0 - La Tribune du Faso","isPartOf":{"@id":"https:\/\/www.latribunedufaso.net\/#website"},"primaryImageOfPage":{"@id":"https:\/\/www.latribunedufaso.net\/?p=12144#primaryimage"},"image":{"@id":"https:\/\/www.latribunedufaso.net\/?p=12144#primaryimage"},"thumbnailUrl":"https:\/\/www.latribunedufaso.net\/wp-content\/uploads\/2024\/03\/IMG-20240311-WA0033.jpg","datePublished":"2024-03-11T16:41:41+00:00","breadcrumb":{"@id":"https:\/\/www.latribunedufaso.net\/?p=12144#breadcrumb"},"inLanguage":"fr-FR","potentialAction":[{"@type":"ReadAction","target":["https:\/\/www.latribunedufaso.net\/?p=12144"]}]},{"@type":"ImageObject","inLanguage":"fr-FR","@id":"https:\/\/www.latribunedufaso.net\/?p=12144#primaryimage","url":"https:\/\/www.latribunedufaso.net\/wp-content\/uploads\/2024\/03\/IMG-20240311-WA0033.jpg","contentUrl":"https:\/\/www.latribunedufaso.net\/wp-content\/uploads\/2024\/03\/IMG-20240311-WA0033.jpg","width":1020,"height":459},{"@type":"BreadcrumbList","@id":"https:\/\/www.latribunedufaso.net\/?p=12144#breadcrumb","itemListElement":[{"@type":"ListItem","position":1,"name":"Accueil","item":"https:\/\/www.latribunedufaso.net\/"},{"@type":"ListItem","position":2,"name":"Football : Brama Traor\u00e9 est le nouveau s\u00e9lectionneur des \u00e9talons\u00a0"}]},{"@type":"WebSite","@id":"https:\/\/www.latribunedufaso.net\/#website","url":"https:\/\/www.latribunedufaso.net\/","name":"La Tribune du Faso","description":"L&#039;information du monde rural en un clic","publisher":{"@id":"https:\/\/www.latribunedufaso.net\/#organization"},"potentialAction":[{"@type":"SearchAction","target":{"@type":"EntryPoint","urlTemplate":"https:\/\/www.latribunedufaso.net\/?s={search_term_string}"},"query-input":{"@type":"PropertyValueSpecification","valueRequired":true,"valueName":"search_term_string"}}],"inLanguage":"fr-FR"},{"@type":"Organization","@id":"https:\/\/www.latribunedufaso.net\/#organization","name":"La Tribune du Faso","url":"https:\/\/www.latribunedufaso.net\/","logo":{"@type":"ImageObject","inLanguage":"fr-FR","@id":"https:\/\/www.latribunedufaso.net\/#\/schema\/logo\/image\/","url":"https:\/\/www.latribunedufaso.net\/wp-content\/uploads\/2020\/08\/Logo-Tribune-du-Faso-final-scaled.jpg","contentUrl":"https:\/\/www.latribunedufaso.net\/wp-content\/uploads\/2020\/08\/Logo-Tribune-du-Faso-final-scaled.jpg","width":2560,"height":1856,"caption":"La Tribune du Faso"},"image":{"@id":"https:\/\/www.latribunedufaso.net\/#\/schema\/logo\/image\/"},"sameAs":["https:\/\/www.facebook.com\/LatribuneduFaso\/"]},{"@type":"Person","@id":"https:\/\/www.latribunedufaso.net\/#\/schema\/person\/e54e64c5778a7e72cf80a318b7a622b0","name":"Issouf Tapsoba","image":{"@type":"ImageObject","inLanguage":"fr-FR","@id":"https:\/\/secure.gravatar.com\/avatar\/5e6c05150ce3230247d167f5b94d678eb05936197436d69b7921e3a95c9107ac?s=96&d=mm&r=g","url":"https:\/\/secure.gravatar.com\/avatar\/5e6c05150ce3230247d167f5b94d678eb05936197436d69b7921e3a95c9107ac?s=96&d=mm&r=g","contentUrl":"https:\/\/secure.gravatar.com\/avatar\/5e6c05150ce3230247d167f5b94d678eb05936197436d69b7921e3a95c9107ac?s=96&d=mm&r=g","caption":"Issouf Tapsoba"},"url":"https:\/\/www.latribunedufaso.net\/?author=5"}]}},"_links":{"self":[{"href":"https:\/\/www.latribunedufaso.net\/index.php?rest_route=\/wp\/v2\/posts\/12144","targetHints":{"allow":["GET"]}}],"collection":[{"href":"https:\/\/www.latribunedufaso.net\/index.php?rest_route=\/wp\/v2\/posts"}],"about":[{"href":"https:\/\/www.latribunedufaso.net\/index.php?rest_route=\/wp\/v2\/types\/post"}],"author":[{"embeddable":true,"href":"https:\/\/www.latribunedufaso.net\/index.php?rest_route=\/wp\/v2\/users\/5"}],"replies":[{"embeddable":true,"href":"https:\/\/www.latribunedufaso.net\/index.php?rest_route=%2Fwp%2Fv2%2Fcomments&post=12144"}],"version-history":[{"count":1,"href":"https:\/\/www.latribunedufaso.net\/index.php?rest_route=\/wp\/v2\/posts\/12144\/revisions"}],"predecessor-version":[{"id":12147,"href":"https:\/\/www.latribunedufaso.net\/index.php?rest_route=\/wp\/v2\/posts\/12144\/revisions\/12147"}],"wp:featuredmedia":[{"embeddable":true,"href":"https:\/\/www.latribunedufaso.net\/index.php?rest_route=\/wp\/v2\/media\/12146"}],"wp:attachment":[{"href":"https:\/\/www.latribunedufaso.net\/index.php?rest_route=%2Fwp%2Fv2%2Fmedia&parent=12144"}],"wp:term":[{"taxonomy":"category","embeddable":true,"href":"https:\/\/www.latribunedufaso.net\/index.php?rest_route=%2Fwp%2Fv2%2Fcategories&post=12144"},{"taxonomy":"post_tag","embeddable":true,"href":"https:\/\/www.latribunedufaso.net\/index.php?rest_route=%2Fwp%2Fv2%2Ftags&post=12144"}],"curies":[{"name":"wp","href":"https:\/\/api.w.org\/{rel}","templated":true}]}}