{"id":12120,"date":"2024-03-09T17:02:38","date_gmt":"2024-03-09T17:02:38","guid":{"rendered":"https:\/\/www.latribunedufaso.net\/?p=12120"},"modified":"2024-03-09T17:02:38","modified_gmt":"2024-03-09T17:02:38","slug":"production-agricole-le-chef-de-letat-felicite-les-etudiants-en-formation-sur-un-projet-incubateur-a-bagre","status":"publish","type":"post","link":"https:\/\/www.latribunedufaso.net\/?p=12120","title":{"rendered":"Production agricole : le Chef de l\u2019Etat f\u00e9licite les \u00e9tudiants en formation sur un projet incubateur \u00e0 Bagr\u00e9\u00a0"},"content":{"rendered":"<p><strong><span style=\"font-size: 1.0625rem;\">(Ouagadougou, 9 mars 2024). Le Pr\u00e9sident de la Transition, Chef de l\u2019Etat, le Capitaine Ibrahim TRAORE a visit\u00e9, le jeudi 7 mars, des exploitations agricoles \u00e0 Bagr\u00e9 o\u00f9 des \u00e9tudiants sont en immersion dans le secteur de l\u2019agriculture. La formation s\u2019inscrit dans le cadre du projet Incubateur de technologies dans le domaine agro-sylvo-pastoral et connexes de l\u2019Agence nationale de valorisation des r\u00e9sultats de la recherche et des innovations (ANVAR).\u00a0\u00a0<\/span><\/strong><br \/><!--more--><\/p>\n<p><a href=\"https:\/\/www.latribunedufaso.net\/wp-content\/uploads\/2024\/03\/FB_IMG_1710003060073.jpg\"><img loading=\"lazy\" decoding=\"async\" class=\"size-medium wp-image-12126 alignleft\" src=\"https:\/\/www.latribunedufaso.net\/wp-content\/uploads\/2024\/03\/FB_IMG_1710003060073-300x200.jpg\" alt=\"\" width=\"300\" height=\"200\" srcset=\"https:\/\/www.latribunedufaso.net\/wp-content\/uploads\/2024\/03\/FB_IMG_1710003060073-300x200.jpg 300w, https:\/\/www.latribunedufaso.net\/wp-content\/uploads\/2024\/03\/FB_IMG_1710003060073-120x80.jpg 120w, https:\/\/www.latribunedufaso.net\/wp-content\/uploads\/2024\/03\/FB_IMG_1710003060073-360x240.jpg 360w, https:\/\/www.latribunedufaso.net\/wp-content\/uploads\/2024\/03\/FB_IMG_1710003060073-600x400.jpg 600w, https:\/\/www.latribunedufaso.net\/wp-content\/uploads\/2024\/03\/FB_IMG_1710003060073.jpg 720w\" sizes=\"auto, (max-width: 300px) 100vw, 300px\" \/><\/a>Le Pr\u00e9sident de la Transition, fid\u00e8le \u00e0 ses engagements, a effectu\u00e9 cette visite en vue de constater ce qui est fait par les \u00e9tudiants en fin de cycle dans les fili\u00e8res agricoles et qui sont dans une phase pratique sur ce site strat\u00e9gique.\u00a0<\/p>\n<p>\u00ab L\u2019initiative, nous l\u2019avons lanc\u00e9e avec le ministre en charge de l\u2019enseignement sup\u00e9rieur et vous \u00eates les pionniers \u00bb, a rappel\u00e9 le Chef de l\u2019Etat qui a rassur\u00e9 ces \u00e9tudiants de l\u2019accompagnement \u00e0 leur endroit, chacun selon ses besoins superficiaires et mat\u00e9riels.<\/p>\n<p>Des forages et les premiers kits (intrants et semences) seront donc mis \u00e0 leur disposition \u00e0 l\u2019issue de leur incubation, afin qu\u2019ils puissent bien s\u2019installer et produire \u00e0 temps plein, dans la perspective de l\u2019autosuffisance alimentaire.<\/p>\n<p><a href=\"https:\/\/www.latribunedufaso.net\/wp-content\/uploads\/2024\/03\/FB_IMG_1710003080095.jpg\"><img loading=\"lazy\" decoding=\"async\" class=\"size-medium wp-image-12121 alignleft\" src=\"https:\/\/www.latribunedufaso.net\/wp-content\/uploads\/2024\/03\/FB_IMG_1710003080095-300x200.jpg\" alt=\"\" width=\"300\" height=\"200\" srcset=\"https:\/\/www.latribunedufaso.net\/wp-content\/uploads\/2024\/03\/FB_IMG_1710003080095-300x200.jpg 300w, https:\/\/www.latribunedufaso.net\/wp-content\/uploads\/2024\/03\/FB_IMG_1710003080095-120x80.jpg 120w, https:\/\/www.latribunedufaso.net\/wp-content\/uploads\/2024\/03\/FB_IMG_1710003080095-360x240.jpg 360w, https:\/\/www.latribunedufaso.net\/wp-content\/uploads\/2024\/03\/FB_IMG_1710003080095-600x400.jpg 600w, https:\/\/www.latribunedufaso.net\/wp-content\/uploads\/2024\/03\/FB_IMG_1710003080095.jpg 720w\" sizes=\"auto, (max-width: 300px) 100vw, 300px\" \/><\/a>\u00ab Nous souhaitons aussi que vous soyez bient\u00f4t des instructeurs. Ce que vous avez appris, forc\u00e9ment d\u2019autres personnes viendront travailler avec vous pour apprendre afin que nous puissions \u00e9largir la base de cette jeunesse agro businessman \u00bb, a soulign\u00e9 le Pr\u00e9sident de la Transition. Il a, en outre, f\u00e9licit\u00e9 et encourag\u00e9 les \u00e9tudiants pour leur engagement dans le domaine agricole.<\/p>\n<p>\u00ab Nous allons faire de vous des mod\u00e8les pour que vous puissiez \u00eatre une vitrine qui va attirer les autres jeunes \u00e0 s\u2019y investir (\u2026). Vous devrez amener les autres jeunes \u00e0 s\u2019int\u00e9resser \u00e0 la terre, \u00e0 produire et \u00e0 transformer \u00bb, a insist\u00e9 le Capitaine Ibrahim TRAORE.\u00a0<\/p>\n<p><a href=\"https:\/\/www.latribunedufaso.net\/wp-content\/uploads\/2024\/03\/FB_IMG_1710003064254.jpg\"><img loading=\"lazy\" decoding=\"async\" class=\"size-medium wp-image-12125 alignleft\" src=\"https:\/\/www.latribunedufaso.net\/wp-content\/uploads\/2024\/03\/FB_IMG_1710003064254-300x238.jpg\" alt=\"\" width=\"300\" height=\"238\" srcset=\"https:\/\/www.latribunedufaso.net\/wp-content\/uploads\/2024\/03\/FB_IMG_1710003064254-300x238.jpg 300w, https:\/\/www.latribunedufaso.net\/wp-content\/uploads\/2024\/03\/FB_IMG_1710003064254.jpg 720w\" sizes=\"auto, (max-width: 300px) 100vw, 300px\" \/><\/a>Surpris et surtout fiers de cette visite du Pr\u00e9sident de la Transition, ces jeunes \u00e9tudiants ont salu\u00e9 un acte fort qui restera grav\u00e9 dans leur esprit tout en r\u00e9affirmant leur engagement et leur choix.<\/p>\n<p>L\u2019agriculture est un domaine qui passionne beaucoup Roukia GUEBRE : \u00ab Nous sommes l\u00e0, il y a environ 8 mois. Nous avons fait la campagne pluvieuse, et nous faisons la campagne s\u00e8che. Nous produisons la tomate, la pomme de terre. Il y a le bl\u00e9 qu\u2019on produit aussi et l\u2019oignon \u00bb. Tout en lan\u00e7ant un appel aux autres jeunes \u00e0 adh\u00e9rer \u00e0 l\u2019initiative car \u00ab la terre rapporte beaucoup \u00bb, elle esp\u00e8re, \u00e0 la fin de l\u2019incubation, poss\u00e9der sa propre exploitation o\u00f9 elle produira beaucoup de sp\u00e9culations.\u00a0<\/p>\n<p><a href=\"https:\/\/www.latribunedufaso.net\/wp-content\/uploads\/2024\/03\/FB_IMG_1710003080095.jpg\"><img loading=\"lazy\" decoding=\"async\" class=\"size-medium wp-image-12121 alignleft\" src=\"https:\/\/www.latribunedufaso.net\/wp-content\/uploads\/2024\/03\/FB_IMG_1710003080095-300x200.jpg\" alt=\"\" width=\"300\" height=\"200\" srcset=\"https:\/\/www.latribunedufaso.net\/wp-content\/uploads\/2024\/03\/FB_IMG_1710003080095-300x200.jpg 300w, https:\/\/www.latribunedufaso.net\/wp-content\/uploads\/2024\/03\/FB_IMG_1710003080095-120x80.jpg 120w, https:\/\/www.latribunedufaso.net\/wp-content\/uploads\/2024\/03\/FB_IMG_1710003080095-360x240.jpg 360w, https:\/\/www.latribunedufaso.net\/wp-content\/uploads\/2024\/03\/FB_IMG_1710003080095-600x400.jpg 600w, https:\/\/www.latribunedufaso.net\/wp-content\/uploads\/2024\/03\/FB_IMG_1710003080095.jpg 720w\" sizes=\"auto, (max-width: 300px) 100vw, 300px\" \/><\/a>Soutonnoma Ga\u00ebl SORGHO \u00e9galement passionn\u00e9 de l\u2019agriculture, compte apr\u00e8s cette formation se lancer dans la production de semences. \u00ab Je vais veiller \u00e0 avoir mon agr\u00e9ment de commerce pour pouvoir produire et vendre \u00bb, a-t-il dit.<\/p>\n<p>Parlant de la visite du Chef de l\u2019Etat, il \u00e9voque un acte inoubliable. \u00ab Je vois que les plus hautes autorit\u00e9s du pays comptent sur nous. L\u2019opportunit\u00e9 qu\u2019on a eue de venir ici, \u00e9tait la meilleure pour moi \u00bb, a soutenu le jeune \u00e9tudiant.<\/p>\n<p><a href=\"https:\/\/www.latribunedufaso.net\/wp-content\/uploads\/2024\/03\/FB_IMG_1710003076399.jpg\"><img loading=\"lazy\" decoding=\"async\" class=\"size-medium wp-image-12122 alignleft\" src=\"https:\/\/www.latribunedufaso.net\/wp-content\/uploads\/2024\/03\/FB_IMG_1710003076399-300x200.jpg\" alt=\"\" width=\"300\" height=\"200\" srcset=\"https:\/\/www.latribunedufaso.net\/wp-content\/uploads\/2024\/03\/FB_IMG_1710003076399-300x200.jpg 300w, https:\/\/www.latribunedufaso.net\/wp-content\/uploads\/2024\/03\/FB_IMG_1710003076399-120x80.jpg 120w, https:\/\/www.latribunedufaso.net\/wp-content\/uploads\/2024\/03\/FB_IMG_1710003076399-360x240.jpg 360w, https:\/\/www.latribunedufaso.net\/wp-content\/uploads\/2024\/03\/FB_IMG_1710003076399-600x400.jpg 600w, https:\/\/www.latribunedufaso.net\/wp-content\/uploads\/2024\/03\/FB_IMG_1710003076399.jpg 720w\" sizes=\"auto, (max-width: 300px) 100vw, 300px\" \/><\/a>Dans la logique de sa vision pour l\u2019autosuffisance alimentaire, le Pr\u00e9sident de la Transition a \u00e9galement visit\u00e9 un champ de bl\u00e9 en exp\u00e9rimentation sur des dizaines d\u2019hectares dans le p\u00e9rim\u00e8tre irrigu\u00e9 de Bagr\u00e9p\u00f4le. Le Capitaine Ibrahim TRAORE a pu constater, au cours de cette visite, le succ\u00e8s de cette culture qui va accompagner la r\u00e9alisation de sa vision.<\/p>\n<p><strong>Latribunedufaso.net<\/strong><\/p>\n<p><strong>Source : Direction de la Communication de la Pr\u00e9sidence du Faso<a href=\"https:\/\/www.latribunedufaso.net\/wp-content\/uploads\/2024\/03\/FB_IMG_1710003056109.jpg\"><img loading=\"lazy\" decoding=\"async\" class=\"size-medium wp-image-12127 alignleft\" src=\"https:\/\/www.latribunedufaso.net\/wp-content\/uploads\/2024\/03\/FB_IMG_1710003056109-300x270.jpg\" alt=\"\" width=\"300\" height=\"270\" srcset=\"https:\/\/www.latribunedufaso.net\/wp-content\/uploads\/2024\/03\/FB_IMG_1710003056109-300x270.jpg 300w, https:\/\/www.latribunedufaso.net\/wp-content\/uploads\/2024\/03\/FB_IMG_1710003056109.jpg 720w\" sizes=\"auto, (max-width: 300px) 100vw, 300px\" \/><\/a><a href=\"https:\/\/www.latribunedufaso.net\/wp-content\/uploads\/2024\/03\/FB_IMG_1710003072919.jpg\"><img loading=\"lazy\" decoding=\"async\" class=\"size-medium wp-image-12123 alignleft\" src=\"https:\/\/www.latribunedufaso.net\/wp-content\/uploads\/2024\/03\/FB_IMG_1710003072919-300x200.jpg\" alt=\"\" width=\"300\" height=\"200\" srcset=\"https:\/\/www.latribunedufaso.net\/wp-content\/uploads\/2024\/03\/FB_IMG_1710003072919-300x200.jpg 300w, https:\/\/www.latribunedufaso.net\/wp-content\/uploads\/2024\/03\/FB_IMG_1710003072919-120x80.jpg 120w, https:\/\/www.latribunedufaso.net\/wp-content\/uploads\/2024\/03\/FB_IMG_1710003072919-360x240.jpg 360w, https:\/\/www.latribunedufaso.net\/wp-content\/uploads\/2024\/03\/FB_IMG_1710003072919-600x400.jpg 600w, https:\/\/www.latribunedufaso.net\/wp-content\/uploads\/2024\/03\/FB_IMG_1710003072919.jpg 720w\" sizes=\"auto, (max-width: 300px) 100vw, 300px\" \/><\/a><\/strong><\/p>\n","protected":false},"excerpt":{"rendered":"<p>(Ouagadougou, 9 mars 2024). Le Pr\u00e9sident de la Transition, Chef de l\u2019Etat, le Capitaine Ibrahim TRAORE a visit\u00e9, le jeudi 7 mars, des exploitations agricoles \u00e0 Bagr\u00e9 o\u00f9 des \u00e9tudiants sont en immersion dans le secteur de l\u2019agriculture. La formation s\u2019inscrit dans le cadre du projet Incubateur de technologies dans le domaine agro-sylvo-pastoral et connexes de l\u2019Agence nationale de valorisation des r\u00e9sultats de la recherche et des innovations (ANVAR).\u00a0\u00a0<\/p>\n","protected":false},"author":5,"featured_media":12124,"comment_status":"open","ping_status":"open","sticky":false,"template":"","format":"standard","meta":{"footnotes":""},"categories":[13,1,3],"tags":[],"class_list":["post-12120","post","type-post","status-publish","format-standard","has-post-thumbnail","hentry","category-une","category-actu","category-agri"],"yoast_head":"<!-- This site is optimized with the Yoast SEO plugin v27.5 - https:\/\/yoast.com\/product\/yoast-seo-wordpress\/ -->\n<title>Production agricole : le Chef de l\u2019Etat f\u00e9licite les \u00e9tudiants en formation sur un projet incubateur \u00e0 Bagr\u00e9\u00a0 - La Tribune du Faso<\/title>\n<meta name=\"robots\" content=\"index, follow, max-snippet:-1, max-image-preview:large, max-video-preview:-1\" \/>\n<link rel=\"canonical\" href=\"https:\/\/www.latribunedufaso.net\/?p=12120\" \/>\n<meta property=\"og:locale\" content=\"fr_FR\" \/>\n<meta property=\"og:type\" content=\"article\" \/>\n<meta property=\"og:title\" content=\"Production agricole : le Chef de l\u2019Etat f\u00e9licite les \u00e9tudiants en formation sur un projet incubateur \u00e0 Bagr\u00e9\u00a0 - La Tribune du Faso\" \/>\n<meta property=\"og:description\" content=\"(Ouagadougou, 9 mars 2024). Le Pr\u00e9sident de la Transition, Chef de l\u2019Etat, le Capitaine Ibrahim TRAORE a visit\u00e9, le jeudi 7 mars, des exploitations agricoles \u00e0 Bagr\u00e9 o\u00f9 des \u00e9tudiants sont en immersion dans le secteur de l\u2019agriculture. La formation s\u2019inscrit dans le cadre du projet Incubateur de technologies dans le domaine agro-sylvo-pastoral et connexes de l\u2019Agence nationale de valorisation des r\u00e9sultats de la recherche et des innovations (ANVAR).\u00a0\u00a0\" \/>\n<meta property=\"og:url\" content=\"https:\/\/www.latribunedufaso.net\/?p=12120\" \/>\n<meta property=\"og:site_name\" content=\"La Tribune du Faso\" \/>\n<meta property=\"article:publisher\" content=\"https:\/\/www.facebook.com\/LatribuneduFaso\/\" \/>\n<meta property=\"article:published_time\" content=\"2024-03-09T17:02:38+00:00\" \/>\n<meta property=\"og:image\" content=\"https:\/\/www.latribunedufaso.net\/wp-content\/uploads\/2024\/03\/FB_IMG_1710003068955.jpg\" \/>\n\t<meta property=\"og:image:width\" content=\"720\" \/>\n\t<meta property=\"og:image:height\" content=\"480\" \/>\n\t<meta property=\"og:image:type\" content=\"image\/jpeg\" \/>\n<meta name=\"author\" content=\"Issouf Tapsoba\" \/>\n<meta name=\"twitter:label1\" content=\"\u00c9crit par\" \/>\n\t<meta name=\"twitter:data1\" content=\"Issouf Tapsoba\" \/>\n\t<meta name=\"twitter:label2\" content=\"Dur\u00e9e de lecture estim\u00e9e\" \/>\n\t<meta name=\"twitter:data2\" content=\"3 minutes\" \/>\n<script type=\"application\/ld+json\" class=\"yoast-schema-graph\">{\"@context\":\"https:\\\/\\\/schema.org\",\"@graph\":[{\"@type\":\"Article\",\"@id\":\"https:\\\/\\\/www.latribunedufaso.net\\\/?p=12120#article\",\"isPartOf\":{\"@id\":\"https:\\\/\\\/www.latribunedufaso.net\\\/?p=12120\"},\"author\":{\"name\":\"Issouf Tapsoba\",\"@id\":\"https:\\\/\\\/www.latribunedufaso.net\\\/#\\\/schema\\\/person\\\/e54e64c5778a7e72cf80a318b7a622b0\"},\"headline\":\"Production agricole : le Chef de l\u2019Etat f\u00e9licite les \u00e9tudiants en formation sur un projet incubateur \u00e0 Bagr\u00e9\u00a0\",\"datePublished\":\"2024-03-09T17:02:38+00:00\",\"mainEntityOfPage\":{\"@id\":\"https:\\\/\\\/www.latribunedufaso.net\\\/?p=12120\"},\"wordCount\":615,\"commentCount\":0,\"publisher\":{\"@id\":\"https:\\\/\\\/www.latribunedufaso.net\\\/#organization\"},\"image\":{\"@id\":\"https:\\\/\\\/www.latribunedufaso.net\\\/?p=12120#primaryimage\"},\"thumbnailUrl\":\"https:\\\/\\\/www.latribunedufaso.net\\\/wp-content\\\/uploads\\\/2024\\\/03\\\/FB_IMG_1710003068955.jpg\",\"articleSection\":[\"A la une\",\"Actualit\u00e9\",\"Agriculture\"],\"inLanguage\":\"fr-FR\",\"potentialAction\":[{\"@type\":\"CommentAction\",\"name\":\"Comment\",\"target\":[\"https:\\\/\\\/www.latribunedufaso.net\\\/?p=12120#respond\"]}]},{\"@type\":\"WebPage\",\"@id\":\"https:\\\/\\\/www.latribunedufaso.net\\\/?p=12120\",\"url\":\"https:\\\/\\\/www.latribunedufaso.net\\\/?p=12120\",\"name\":\"Production agricole : le Chef de l\u2019Etat f\u00e9licite les \u00e9tudiants en formation sur un projet incubateur \u00e0 Bagr\u00e9\u00a0 - La Tribune du Faso\",\"isPartOf\":{\"@id\":\"https:\\\/\\\/www.latribunedufaso.net\\\/#website\"},\"primaryImageOfPage\":{\"@id\":\"https:\\\/\\\/www.latribunedufaso.net\\\/?p=12120#primaryimage\"},\"image\":{\"@id\":\"https:\\\/\\\/www.latribunedufaso.net\\\/?p=12120#primaryimage\"},\"thumbnailUrl\":\"https:\\\/\\\/www.latribunedufaso.net\\\/wp-content\\\/uploads\\\/2024\\\/03\\\/FB_IMG_1710003068955.jpg\",\"datePublished\":\"2024-03-09T17:02:38+00:00\",\"breadcrumb\":{\"@id\":\"https:\\\/\\\/www.latribunedufaso.net\\\/?p=12120#breadcrumb\"},\"inLanguage\":\"fr-FR\",\"potentialAction\":[{\"@type\":\"ReadAction\",\"target\":[\"https:\\\/\\\/www.latribunedufaso.net\\\/?p=12120\"]}]},{\"@type\":\"ImageObject\",\"inLanguage\":\"fr-FR\",\"@id\":\"https:\\\/\\\/www.latribunedufaso.net\\\/?p=12120#primaryimage\",\"url\":\"https:\\\/\\\/www.latribunedufaso.net\\\/wp-content\\\/uploads\\\/2024\\\/03\\\/FB_IMG_1710003068955.jpg\",\"contentUrl\":\"https:\\\/\\\/www.latribunedufaso.net\\\/wp-content\\\/uploads\\\/2024\\\/03\\\/FB_IMG_1710003068955.jpg\",\"width\":720,\"height\":480},{\"@type\":\"BreadcrumbList\",\"@id\":\"https:\\\/\\\/www.latribunedufaso.net\\\/?p=12120#breadcrumb\",\"itemListElement\":[{\"@type\":\"ListItem\",\"position\":1,\"name\":\"Accueil\",\"item\":\"https:\\\/\\\/www.latribunedufaso.net\\\/\"},{\"@type\":\"ListItem\",\"position\":2,\"name\":\"Production agricole : le Chef de l\u2019Etat f\u00e9licite les \u00e9tudiants en formation sur un projet incubateur \u00e0 Bagr\u00e9\u00a0\"}]},{\"@type\":\"WebSite\",\"@id\":\"https:\\\/\\\/www.latribunedufaso.net\\\/#website\",\"url\":\"https:\\\/\\\/www.latribunedufaso.net\\\/\",\"name\":\"La Tribune du Faso\",\"description\":\"L&#039;information du monde rural en un clic\",\"publisher\":{\"@id\":\"https:\\\/\\\/www.latribunedufaso.net\\\/#organization\"},\"potentialAction\":[{\"@type\":\"SearchAction\",\"target\":{\"@type\":\"EntryPoint\",\"urlTemplate\":\"https:\\\/\\\/www.latribunedufaso.net\\\/?s={search_term_string}\"},\"query-input\":{\"@type\":\"PropertyValueSpecification\",\"valueRequired\":true,\"valueName\":\"search_term_string\"}}],\"inLanguage\":\"fr-FR\"},{\"@type\":\"Organization\",\"@id\":\"https:\\\/\\\/www.latribunedufaso.net\\\/#organization\",\"name\":\"La Tribune du Faso\",\"url\":\"https:\\\/\\\/www.latribunedufaso.net\\\/\",\"logo\":{\"@type\":\"ImageObject\",\"inLanguage\":\"fr-FR\",\"@id\":\"https:\\\/\\\/www.latribunedufaso.net\\\/#\\\/schema\\\/logo\\\/image\\\/\",\"url\":\"https:\\\/\\\/www.latribunedufaso.net\\\/wp-content\\\/uploads\\\/2020\\\/08\\\/Logo-Tribune-du-Faso-final-scaled.jpg\",\"contentUrl\":\"https:\\\/\\\/www.latribunedufaso.net\\\/wp-content\\\/uploads\\\/2020\\\/08\\\/Logo-Tribune-du-Faso-final-scaled.jpg\",\"width\":2560,\"height\":1856,\"caption\":\"La Tribune du Faso\"},\"image\":{\"@id\":\"https:\\\/\\\/www.latribunedufaso.net\\\/#\\\/schema\\\/logo\\\/image\\\/\"},\"sameAs\":[\"https:\\\/\\\/www.facebook.com\\\/LatribuneduFaso\\\/\"]},{\"@type\":\"Person\",\"@id\":\"https:\\\/\\\/www.latribunedufaso.net\\\/#\\\/schema\\\/person\\\/e54e64c5778a7e72cf80a318b7a622b0\",\"name\":\"Issouf Tapsoba\",\"image\":{\"@type\":\"ImageObject\",\"inLanguage\":\"fr-FR\",\"@id\":\"https:\\\/\\\/secure.gravatar.com\\\/avatar\\\/5e6c05150ce3230247d167f5b94d678eb05936197436d69b7921e3a95c9107ac?s=96&d=mm&r=g\",\"url\":\"https:\\\/\\\/secure.gravatar.com\\\/avatar\\\/5e6c05150ce3230247d167f5b94d678eb05936197436d69b7921e3a95c9107ac?s=96&d=mm&r=g\",\"contentUrl\":\"https:\\\/\\\/secure.gravatar.com\\\/avatar\\\/5e6c05150ce3230247d167f5b94d678eb05936197436d69b7921e3a95c9107ac?s=96&d=mm&r=g\",\"caption\":\"Issouf Tapsoba\"},\"url\":\"https:\\\/\\\/www.latribunedufaso.net\\\/?author=5\"}]}<\/script>\n<!-- \/ Yoast SEO plugin. -->","yoast_head_json":{"title":"Production agricole : le Chef de l\u2019Etat f\u00e9licite les \u00e9tudiants en formation sur un projet incubateur \u00e0 Bagr\u00e9\u00a0 - La Tribune du Faso","robots":{"index":"index","follow":"follow","max-snippet":"max-snippet:-1","max-image-preview":"max-image-preview:large","max-video-preview":"max-video-preview:-1"},"canonical":"https:\/\/www.latribunedufaso.net\/?p=12120","og_locale":"fr_FR","og_type":"article","og_title":"Production agricole : le Chef de l\u2019Etat f\u00e9licite les \u00e9tudiants en formation sur un projet incubateur \u00e0 Bagr\u00e9\u00a0 - La Tribune du Faso","og_description":"(Ouagadougou, 9 mars 2024). Le Pr\u00e9sident de la Transition, Chef de l\u2019Etat, le Capitaine Ibrahim TRAORE a visit\u00e9, le jeudi 7 mars, des exploitations agricoles \u00e0 Bagr\u00e9 o\u00f9 des \u00e9tudiants sont en immersion dans le secteur de l\u2019agriculture. La formation s\u2019inscrit dans le cadre du projet Incubateur de technologies dans le domaine agro-sylvo-pastoral et connexes de l\u2019Agence nationale de valorisation des r\u00e9sultats de la recherche et des innovations (ANVAR).\u00a0\u00a0","og_url":"https:\/\/www.latribunedufaso.net\/?p=12120","og_site_name":"La Tribune du Faso","article_publisher":"https:\/\/www.facebook.com\/LatribuneduFaso\/","article_published_time":"2024-03-09T17:02:38+00:00","og_image":[{"width":720,"height":480,"url":"https:\/\/www.latribunedufaso.net\/wp-content\/uploads\/2024\/03\/FB_IMG_1710003068955.jpg","type":"image\/jpeg"}],"author":"Issouf Tapsoba","twitter_misc":{"\u00c9crit par":"Issouf Tapsoba","Dur\u00e9e de lecture estim\u00e9e":"3 minutes"},"schema":{"@context":"https:\/\/schema.org","@graph":[{"@type":"Article","@id":"https:\/\/www.latribunedufaso.net\/?p=12120#article","isPartOf":{"@id":"https:\/\/www.latribunedufaso.net\/?p=12120"},"author":{"name":"Issouf Tapsoba","@id":"https:\/\/www.latribunedufaso.net\/#\/schema\/person\/e54e64c5778a7e72cf80a318b7a622b0"},"headline":"Production agricole : le Chef de l\u2019Etat f\u00e9licite les \u00e9tudiants en formation sur un projet incubateur \u00e0 Bagr\u00e9\u00a0","datePublished":"2024-03-09T17:02:38+00:00","mainEntityOfPage":{"@id":"https:\/\/www.latribunedufaso.net\/?p=12120"},"wordCount":615,"commentCount":0,"publisher":{"@id":"https:\/\/www.latribunedufaso.net\/#organization"},"image":{"@id":"https:\/\/www.latribunedufaso.net\/?p=12120#primaryimage"},"thumbnailUrl":"https:\/\/www.latribunedufaso.net\/wp-content\/uploads\/2024\/03\/FB_IMG_1710003068955.jpg","articleSection":["A la une","Actualit\u00e9","Agriculture"],"inLanguage":"fr-FR","potentialAction":[{"@type":"CommentAction","name":"Comment","target":["https:\/\/www.latribunedufaso.net\/?p=12120#respond"]}]},{"@type":"WebPage","@id":"https:\/\/www.latribunedufaso.net\/?p=12120","url":"https:\/\/www.latribunedufaso.net\/?p=12120","name":"Production agricole : le Chef de l\u2019Etat f\u00e9licite les \u00e9tudiants en formation sur un projet incubateur \u00e0 Bagr\u00e9\u00a0 - La Tribune du Faso","isPartOf":{"@id":"https:\/\/www.latribunedufaso.net\/#website"},"primaryImageOfPage":{"@id":"https:\/\/www.latribunedufaso.net\/?p=12120#primaryimage"},"image":{"@id":"https:\/\/www.latribunedufaso.net\/?p=12120#primaryimage"},"thumbnailUrl":"https:\/\/www.latribunedufaso.net\/wp-content\/uploads\/2024\/03\/FB_IMG_1710003068955.jpg","datePublished":"2024-03-09T17:02:38+00:00","breadcrumb":{"@id":"https:\/\/www.latribunedufaso.net\/?p=12120#breadcrumb"},"inLanguage":"fr-FR","potentialAction":[{"@type":"ReadAction","target":["https:\/\/www.latribunedufaso.net\/?p=12120"]}]},{"@type":"ImageObject","inLanguage":"fr-FR","@id":"https:\/\/www.latribunedufaso.net\/?p=12120#primaryimage","url":"https:\/\/www.latribunedufaso.net\/wp-content\/uploads\/2024\/03\/FB_IMG_1710003068955.jpg","contentUrl":"https:\/\/www.latribunedufaso.net\/wp-content\/uploads\/2024\/03\/FB_IMG_1710003068955.jpg","width":720,"height":480},{"@type":"BreadcrumbList","@id":"https:\/\/www.latribunedufaso.net\/?p=12120#breadcrumb","itemListElement":[{"@type":"ListItem","position":1,"name":"Accueil","item":"https:\/\/www.latribunedufaso.net\/"},{"@type":"ListItem","position":2,"name":"Production agricole : le Chef de l\u2019Etat f\u00e9licite les \u00e9tudiants en formation sur un projet incubateur \u00e0 Bagr\u00e9\u00a0"}]},{"@type":"WebSite","@id":"https:\/\/www.latribunedufaso.net\/#website","url":"https:\/\/www.latribunedufaso.net\/","name":"La Tribune du Faso","description":"L&#039;information du monde rural en un clic","publisher":{"@id":"https:\/\/www.latribunedufaso.net\/#organization"},"potentialAction":[{"@type":"SearchAction","target":{"@type":"EntryPoint","urlTemplate":"https:\/\/www.latribunedufaso.net\/?s={search_term_string}"},"query-input":{"@type":"PropertyValueSpecification","valueRequired":true,"valueName":"search_term_string"}}],"inLanguage":"fr-FR"},{"@type":"Organization","@id":"https:\/\/www.latribunedufaso.net\/#organization","name":"La Tribune du Faso","url":"https:\/\/www.latribunedufaso.net\/","logo":{"@type":"ImageObject","inLanguage":"fr-FR","@id":"https:\/\/www.latribunedufaso.net\/#\/schema\/logo\/image\/","url":"https:\/\/www.latribunedufaso.net\/wp-content\/uploads\/2020\/08\/Logo-Tribune-du-Faso-final-scaled.jpg","contentUrl":"https:\/\/www.latribunedufaso.net\/wp-content\/uploads\/2020\/08\/Logo-Tribune-du-Faso-final-scaled.jpg","width":2560,"height":1856,"caption":"La Tribune du Faso"},"image":{"@id":"https:\/\/www.latribunedufaso.net\/#\/schema\/logo\/image\/"},"sameAs":["https:\/\/www.facebook.com\/LatribuneduFaso\/"]},{"@type":"Person","@id":"https:\/\/www.latribunedufaso.net\/#\/schema\/person\/e54e64c5778a7e72cf80a318b7a622b0","name":"Issouf Tapsoba","image":{"@type":"ImageObject","inLanguage":"fr-FR","@id":"https:\/\/secure.gravatar.com\/avatar\/5e6c05150ce3230247d167f5b94d678eb05936197436d69b7921e3a95c9107ac?s=96&d=mm&r=g","url":"https:\/\/secure.gravatar.com\/avatar\/5e6c05150ce3230247d167f5b94d678eb05936197436d69b7921e3a95c9107ac?s=96&d=mm&r=g","contentUrl":"https:\/\/secure.gravatar.com\/avatar\/5e6c05150ce3230247d167f5b94d678eb05936197436d69b7921e3a95c9107ac?s=96&d=mm&r=g","caption":"Issouf Tapsoba"},"url":"https:\/\/www.latribunedufaso.net\/?author=5"}]}},"_links":{"self":[{"href":"https:\/\/www.latribunedufaso.net\/index.php?rest_route=\/wp\/v2\/posts\/12120","targetHints":{"allow":["GET"]}}],"collection":[{"href":"https:\/\/www.latribunedufaso.net\/index.php?rest_route=\/wp\/v2\/posts"}],"about":[{"href":"https:\/\/www.latribunedufaso.net\/index.php?rest_route=\/wp\/v2\/types\/post"}],"author":[{"embeddable":true,"href":"https:\/\/www.latribunedufaso.net\/index.php?rest_route=\/wp\/v2\/users\/5"}],"replies":[{"embeddable":true,"href":"https:\/\/www.latribunedufaso.net\/index.php?rest_route=%2Fwp%2Fv2%2Fcomments&post=12120"}],"version-history":[{"count":1,"href":"https:\/\/www.latribunedufaso.net\/index.php?rest_route=\/wp\/v2\/posts\/12120\/revisions"}],"predecessor-version":[{"id":12128,"href":"https:\/\/www.latribunedufaso.net\/index.php?rest_route=\/wp\/v2\/posts\/12120\/revisions\/12128"}],"wp:featuredmedia":[{"embeddable":true,"href":"https:\/\/www.latribunedufaso.net\/index.php?rest_route=\/wp\/v2\/media\/12124"}],"wp:attachment":[{"href":"https:\/\/www.latribunedufaso.net\/index.php?rest_route=%2Fwp%2Fv2%2Fmedia&parent=12120"}],"wp:term":[{"taxonomy":"category","embeddable":true,"href":"https:\/\/www.latribunedufaso.net\/index.php?rest_route=%2Fwp%2Fv2%2Fcategories&post=12120"},{"taxonomy":"post_tag","embeddable":true,"href":"https:\/\/www.latribunedufaso.net\/index.php?rest_route=%2Fwp%2Fv2%2Ftags&post=12120"}],"curies":[{"name":"wp","href":"https:\/\/api.w.org\/{rel}","templated":true}]}}