{"id":12104,"date":"2024-03-09T00:13:11","date_gmt":"2024-03-09T00:13:11","guid":{"rendered":"https:\/\/www.latribunedufaso.net\/?p=12104"},"modified":"2024-03-09T00:13:11","modified_gmt":"2024-03-09T00:13:11","slug":"inauguration-du-musee-de-la-femme-du-village-de-kolgondiesse-une-banque-culturelle-au-service-du-developpement","status":"publish","type":"post","link":"https:\/\/www.latribunedufaso.net\/?p=12104","title":{"rendered":"Inauguration du Mus\u00e9e de la Femme du village de Kolgondiess\u00e9: une banque culturelle au service du d\u00e9veloppement\u00a0"},"content":{"rendered":"<p><strong><span style=\"font-size: 1.0625rem;\">Le Ministre d&rsquo;\u00c9tat, ministre de la Culture, des Arts et du Tourisme a inaugur\u00e9 ce 08 mars 2024 dans le village de Kolgondiess\u00e9 (commune de Ziniar\u00e9, r\u00e9gion du Plateau central) le Mus\u00e9e de la Femme de la Princesse Julie KONGO.<\/span><\/strong><br \/><!--more--><\/p>\n<p>L&rsquo;\u00e9rection de ce Mus\u00e9e initi\u00e9e depuis 2005 par la promotrice connait un aboutissement gr\u00e2ce \u00e0 l&rsquo;accompagnement du Minist\u00e8re en charge de la Culture \u00e0 travers l&rsquo;appui financier et technique du Fonds de d\u00e9veloppement culturel et touristique (FDCT) et du Mus\u00e9e National du Burkina.<\/p>\n<p><a href=\"https:\/\/www.latribunedufaso.net\/wp-content\/uploads\/2024\/03\/FB_IMG_1709942860216.jpg\"><img loading=\"lazy\" decoding=\"async\" class=\"size-medium wp-image-12105 alignleft\" src=\"https:\/\/www.latribunedufaso.net\/wp-content\/uploads\/2024\/03\/FB_IMG_1709942860216-300x200.jpg\" alt=\"\" width=\"300\" height=\"200\" srcset=\"https:\/\/www.latribunedufaso.net\/wp-content\/uploads\/2024\/03\/FB_IMG_1709942860216-300x200.jpg 300w, https:\/\/www.latribunedufaso.net\/wp-content\/uploads\/2024\/03\/FB_IMG_1709942860216-120x80.jpg 120w, https:\/\/www.latribunedufaso.net\/wp-content\/uploads\/2024\/03\/FB_IMG_1709942860216-360x240.jpg 360w, https:\/\/www.latribunedufaso.net\/wp-content\/uploads\/2024\/03\/FB_IMG_1709942860216-600x400.jpg 600w, https:\/\/www.latribunedufaso.net\/wp-content\/uploads\/2024\/03\/FB_IMG_1709942860216.jpg 720w\" sizes=\"auto, (max-width: 300px) 100vw, 300px\" \/><\/a>En inaugurant cet espace mus\u00e9al, le Ministre d&rsquo;\u00c9tat Jean Emmanuel OUEDRAOGO a salu\u00e9 la contribution de la promotrice \u00e0 la pr\u00e9servation de notre patrimoine culturel. Ce cadre offre donc l&rsquo;opportunit\u00e9 \u00e0 tous ceux qui veulent d\u00e9couvrir la vie authentique de la femme \u00ab\u00a0Moagha\u00a0\u00bb et des autres communaut\u00e9s \u00e0 travers les objets expos\u00e9s. \u00ab\u00a0Derri\u00e8re chaque objet se cachent des valeurs \u00e0 d\u00e9couvrir\u00a0\u00bb, a indiqu\u00e9 le chef du d\u00e9partement de la Culture qui souhaite que l&rsquo;initiative fasse \u00e9cole dans d&rsquo;autres r\u00e9gions.\u00a0<\/p>\n<p><a href=\"https:\/\/www.latribunedufaso.net\/wp-content\/uploads\/2024\/03\/FB_IMG_1709942842854.jpg\"><img loading=\"lazy\" decoding=\"async\" class=\"size-medium wp-image-12106 alignleft\" src=\"https:\/\/www.latribunedufaso.net\/wp-content\/uploads\/2024\/03\/FB_IMG_1709942842854-300x200.jpg\" alt=\"\" width=\"300\" height=\"200\" srcset=\"https:\/\/www.latribunedufaso.net\/wp-content\/uploads\/2024\/03\/FB_IMG_1709942842854-300x200.jpg 300w, https:\/\/www.latribunedufaso.net\/wp-content\/uploads\/2024\/03\/FB_IMG_1709942842854-120x80.jpg 120w, https:\/\/www.latribunedufaso.net\/wp-content\/uploads\/2024\/03\/FB_IMG_1709942842854-360x240.jpg 360w, https:\/\/www.latribunedufaso.net\/wp-content\/uploads\/2024\/03\/FB_IMG_1709942842854-600x400.jpg 600w, https:\/\/www.latribunedufaso.net\/wp-content\/uploads\/2024\/03\/FB_IMG_1709942842854.jpg 720w\" sizes=\"auto, (max-width: 300px) 100vw, 300px\" \/><\/a>Une des particularit\u00e9s de ce Mus\u00e9e selon la Princesse Julie KONGO, est \u00ab\u00a0qu&rsquo;il contient des objets de la reine-m\u00e8re de la cour royale du Moogho et fait la promotion des valeurs culturelles et ancestrales\u00a0\u00bb. Elle a par ailleurs salu\u00e9 de vive voix la d\u00e9cision forte du Gouvernement au dernier Conseil des Ministres, d&rsquo;instituer d\u00e9sormais la date du 15 mai \u00ab\u00a0Journ\u00e9e des coutumes et des traditions\u00a0\u00bb.<\/p>\n<p><a href=\"https:\/\/www.latribunedufaso.net\/wp-content\/uploads\/2024\/03\/FB_IMG_1709942821459.jpg\"><img loading=\"lazy\" decoding=\"async\" class=\"size-medium wp-image-12107 alignleft\" src=\"https:\/\/www.latribunedufaso.net\/wp-content\/uploads\/2024\/03\/FB_IMG_1709942821459-300x200.jpg\" alt=\"\" width=\"300\" height=\"200\" srcset=\"https:\/\/www.latribunedufaso.net\/wp-content\/uploads\/2024\/03\/FB_IMG_1709942821459-300x200.jpg 300w, https:\/\/www.latribunedufaso.net\/wp-content\/uploads\/2024\/03\/FB_IMG_1709942821459-120x80.jpg 120w, https:\/\/www.latribunedufaso.net\/wp-content\/uploads\/2024\/03\/FB_IMG_1709942821459-360x240.jpg 360w, https:\/\/www.latribunedufaso.net\/wp-content\/uploads\/2024\/03\/FB_IMG_1709942821459-600x400.jpg 600w, https:\/\/www.latribunedufaso.net\/wp-content\/uploads\/2024\/03\/FB_IMG_1709942821459.jpg 720w\" sizes=\"auto, (max-width: 300px) 100vw, 300px\" \/><\/a>A cette inauguration qui se tient le jour de la comm\u00e9moration de la Journ\u00e9e internationale des droits de la femme, le Ministre d&rsquo;Etat a rendu un hommage \u00e0 toutes les femmes du Burkina qui se distinguent par leur r\u00e9silience et par leur dignit\u00e9 en ces termes: \u00ab\u00a0la r\u00e9silience \u00e0 la crise a un visage f\u00e9minin\u00a0\u00bb. Dans son message, Jean Emmanuel OUEDRAOGO a invit\u00e9 l&rsquo;autre moiti\u00e9 du ciel \u00e0 continuer de soutenir le combat actuel pour la reconqu\u00eate de la souverainet\u00e9 du Burkina.<\/p>\n<p><strong>Latribunedufaso.net<\/strong><\/p>\n<p><strong>Source : DCRP\/MCCAT<a href=\"https:\/\/www.latribunedufaso.net\/wp-content\/uploads\/2024\/03\/FB_IMG_1709942908105.jpg\"><img loading=\"lazy\" decoding=\"async\" class=\"size-medium wp-image-12108 alignleft\" src=\"https:\/\/www.latribunedufaso.net\/wp-content\/uploads\/2024\/03\/FB_IMG_1709942908105-300x200.jpg\" alt=\"\" width=\"300\" height=\"200\" srcset=\"https:\/\/www.latribunedufaso.net\/wp-content\/uploads\/2024\/03\/FB_IMG_1709942908105-300x200.jpg 300w, https:\/\/www.latribunedufaso.net\/wp-content\/uploads\/2024\/03\/FB_IMG_1709942908105-120x80.jpg 120w, https:\/\/www.latribunedufaso.net\/wp-content\/uploads\/2024\/03\/FB_IMG_1709942908105-360x240.jpg 360w, https:\/\/www.latribunedufaso.net\/wp-content\/uploads\/2024\/03\/FB_IMG_1709942908105-600x400.jpg 600w, https:\/\/www.latribunedufaso.net\/wp-content\/uploads\/2024\/03\/FB_IMG_1709942908105.jpg 720w\" sizes=\"auto, (max-width: 300px) 100vw, 300px\" \/><\/a> <a href=\"https:\/\/www.latribunedufaso.net\/wp-content\/uploads\/2024\/03\/FB_IMG_1709942903003.jpg\"><img loading=\"lazy\" decoding=\"async\" class=\"size-medium wp-image-12109 alignleft\" src=\"https:\/\/www.latribunedufaso.net\/wp-content\/uploads\/2024\/03\/FB_IMG_1709942903003-300x208.jpg\" alt=\"\" width=\"300\" height=\"208\" srcset=\"https:\/\/www.latribunedufaso.net\/wp-content\/uploads\/2024\/03\/FB_IMG_1709942903003-300x208.jpg 300w, https:\/\/www.latribunedufaso.net\/wp-content\/uploads\/2024\/03\/FB_IMG_1709942903003.jpg 720w\" sizes=\"auto, (max-width: 300px) 100vw, 300px\" \/><\/a> <a href=\"https:\/\/www.latribunedufaso.net\/wp-content\/uploads\/2024\/03\/FB_IMG_1709942898301.jpg\"><img loading=\"lazy\" decoding=\"async\" class=\"size-medium wp-image-12110 alignleft\" src=\"https:\/\/www.latribunedufaso.net\/wp-content\/uploads\/2024\/03\/FB_IMG_1709942898301-300x200.jpg\" alt=\"\" width=\"300\" height=\"200\" srcset=\"https:\/\/www.latribunedufaso.net\/wp-content\/uploads\/2024\/03\/FB_IMG_1709942898301-300x200.jpg 300w, https:\/\/www.latribunedufaso.net\/wp-content\/uploads\/2024\/03\/FB_IMG_1709942898301-120x80.jpg 120w, https:\/\/www.latribunedufaso.net\/wp-content\/uploads\/2024\/03\/FB_IMG_1709942898301-360x240.jpg 360w, https:\/\/www.latribunedufaso.net\/wp-content\/uploads\/2024\/03\/FB_IMG_1709942898301-600x400.jpg 600w, https:\/\/www.latribunedufaso.net\/wp-content\/uploads\/2024\/03\/FB_IMG_1709942898301.jpg 720w\" sizes=\"auto, (max-width: 300px) 100vw, 300px\" \/><\/a> <a href=\"https:\/\/www.latribunedufaso.net\/wp-content\/uploads\/2024\/03\/FB_IMG_1709942894972.jpg\"><img loading=\"lazy\" decoding=\"async\" class=\"size-medium wp-image-12111 alignleft\" src=\"https:\/\/www.latribunedufaso.net\/wp-content\/uploads\/2024\/03\/FB_IMG_1709942894972-300x200.jpg\" alt=\"\" width=\"300\" height=\"200\" srcset=\"https:\/\/www.latribunedufaso.net\/wp-content\/uploads\/2024\/03\/FB_IMG_1709942894972-300x200.jpg 300w, https:\/\/www.latribunedufaso.net\/wp-content\/uploads\/2024\/03\/FB_IMG_1709942894972-120x80.jpg 120w, https:\/\/www.latribunedufaso.net\/wp-content\/uploads\/2024\/03\/FB_IMG_1709942894972-360x240.jpg 360w, https:\/\/www.latribunedufaso.net\/wp-content\/uploads\/2024\/03\/FB_IMG_1709942894972-600x400.jpg 600w, https:\/\/www.latribunedufaso.net\/wp-content\/uploads\/2024\/03\/FB_IMG_1709942894972.jpg 720w\" sizes=\"auto, (max-width: 300px) 100vw, 300px\" \/><\/a> <a href=\"https:\/\/www.latribunedufaso.net\/wp-content\/uploads\/2024\/03\/FB_IMG_1709942890910.jpg\"><img loading=\"lazy\" decoding=\"async\" class=\"size-medium wp-image-12112 alignleft\" src=\"https:\/\/www.latribunedufaso.net\/wp-content\/uploads\/2024\/03\/FB_IMG_1709942890910-300x200.jpg\" alt=\"\" width=\"300\" height=\"200\" srcset=\"https:\/\/www.latribunedufaso.net\/wp-content\/uploads\/2024\/03\/FB_IMG_1709942890910-300x200.jpg 300w, https:\/\/www.latribunedufaso.net\/wp-content\/uploads\/2024\/03\/FB_IMG_1709942890910-120x80.jpg 120w, https:\/\/www.latribunedufaso.net\/wp-content\/uploads\/2024\/03\/FB_IMG_1709942890910-360x240.jpg 360w, https:\/\/www.latribunedufaso.net\/wp-content\/uploads\/2024\/03\/FB_IMG_1709942890910-600x400.jpg 600w, https:\/\/www.latribunedufaso.net\/wp-content\/uploads\/2024\/03\/FB_IMG_1709942890910.jpg 720w\" sizes=\"auto, (max-width: 300px) 100vw, 300px\" \/><\/a><\/strong><\/p>\n","protected":false},"excerpt":{"rendered":"<p>Le Ministre d&rsquo;\u00c9tat, ministre de la Culture, des Arts et du Tourisme a inaugur\u00e9 ce 08 mars 2024 dans le village de Kolgondiess\u00e9 (commune de Ziniar\u00e9, r\u00e9gion du Plateau central) le Mus\u00e9e de la Femme de la Princesse Julie KONGO.<\/p>\n","protected":false},"author":5,"featured_media":12113,"comment_status":"open","ping_status":"open","sticky":false,"template":"","format":"standard","meta":{"footnotes":""},"categories":[13,1,30],"tags":[],"class_list":["post-12104","post","type-post","status-publish","format-standard","has-post-thumbnail","hentry","category-une","category-actu","category-art-et-culture"],"yoast_head":"<!-- This site is optimized with the Yoast SEO plugin v27.5 - https:\/\/yoast.com\/product\/yoast-seo-wordpress\/ -->\n<title>Inauguration du Mus\u00e9e de la Femme du village de Kolgondiess\u00e9: une banque culturelle au service du d\u00e9veloppement\u00a0 - La Tribune du Faso<\/title>\n<meta name=\"robots\" content=\"index, follow, max-snippet:-1, max-image-preview:large, max-video-preview:-1\" \/>\n<link rel=\"canonical\" href=\"https:\/\/www.latribunedufaso.net\/?p=12104\" \/>\n<meta property=\"og:locale\" content=\"fr_FR\" \/>\n<meta property=\"og:type\" content=\"article\" \/>\n<meta property=\"og:title\" content=\"Inauguration du Mus\u00e9e de la Femme du village de Kolgondiess\u00e9: une banque culturelle au service du d\u00e9veloppement\u00a0 - La Tribune du Faso\" \/>\n<meta property=\"og:description\" content=\"Le Ministre d&rsquo;\u00c9tat, ministre de la Culture, des Arts et du Tourisme a inaugur\u00e9 ce 08 mars 2024 dans le village de Kolgondiess\u00e9 (commune de Ziniar\u00e9, r\u00e9gion du Plateau central) le Mus\u00e9e de la Femme de la Princesse Julie KONGO.\" \/>\n<meta property=\"og:url\" content=\"https:\/\/www.latribunedufaso.net\/?p=12104\" \/>\n<meta property=\"og:site_name\" content=\"La Tribune du Faso\" \/>\n<meta property=\"article:publisher\" content=\"https:\/\/www.facebook.com\/LatribuneduFaso\/\" \/>\n<meta property=\"article:published_time\" content=\"2024-03-09T00:13:11+00:00\" \/>\n<meta property=\"og:image\" content=\"https:\/\/www.latribunedufaso.net\/wp-content\/uploads\/2024\/03\/FB_IMG_1709942925296.jpg\" \/>\n\t<meta property=\"og:image:width\" content=\"720\" \/>\n\t<meta property=\"og:image:height\" content=\"510\" \/>\n\t<meta property=\"og:image:type\" content=\"image\/jpeg\" \/>\n<meta name=\"author\" content=\"Issouf Tapsoba\" \/>\n<meta name=\"twitter:label1\" content=\"\u00c9crit par\" \/>\n\t<meta name=\"twitter:data1\" content=\"Issouf Tapsoba\" \/>\n\t<meta name=\"twitter:label2\" content=\"Dur\u00e9e de lecture estim\u00e9e\" \/>\n\t<meta name=\"twitter:data2\" content=\"2 minutes\" \/>\n<script type=\"application\/ld+json\" class=\"yoast-schema-graph\">{\"@context\":\"https:\\\/\\\/schema.org\",\"@graph\":[{\"@type\":\"Article\",\"@id\":\"https:\\\/\\\/www.latribunedufaso.net\\\/?p=12104#article\",\"isPartOf\":{\"@id\":\"https:\\\/\\\/www.latribunedufaso.net\\\/?p=12104\"},\"author\":{\"name\":\"Issouf Tapsoba\",\"@id\":\"https:\\\/\\\/www.latribunedufaso.net\\\/#\\\/schema\\\/person\\\/e54e64c5778a7e72cf80a318b7a622b0\"},\"headline\":\"Inauguration du Mus\u00e9e de la Femme du village de Kolgondiess\u00e9: une banque culturelle au service du d\u00e9veloppement\u00a0\",\"datePublished\":\"2024-03-09T00:13:11+00:00\",\"mainEntityOfPage\":{\"@id\":\"https:\\\/\\\/www.latribunedufaso.net\\\/?p=12104\"},\"wordCount\":361,\"commentCount\":0,\"publisher\":{\"@id\":\"https:\\\/\\\/www.latribunedufaso.net\\\/#organization\"},\"image\":{\"@id\":\"https:\\\/\\\/www.latribunedufaso.net\\\/?p=12104#primaryimage\"},\"thumbnailUrl\":\"https:\\\/\\\/www.latribunedufaso.net\\\/wp-content\\\/uploads\\\/2024\\\/03\\\/FB_IMG_1709942925296.jpg\",\"articleSection\":[\"A la une\",\"Actualit\u00e9\",\"Art et Culture\"],\"inLanguage\":\"fr-FR\",\"potentialAction\":[{\"@type\":\"CommentAction\",\"name\":\"Comment\",\"target\":[\"https:\\\/\\\/www.latribunedufaso.net\\\/?p=12104#respond\"]}]},{\"@type\":\"WebPage\",\"@id\":\"https:\\\/\\\/www.latribunedufaso.net\\\/?p=12104\",\"url\":\"https:\\\/\\\/www.latribunedufaso.net\\\/?p=12104\",\"name\":\"Inauguration du Mus\u00e9e de la Femme du village de Kolgondiess\u00e9: une banque culturelle au service du d\u00e9veloppement\u00a0 - La Tribune du Faso\",\"isPartOf\":{\"@id\":\"https:\\\/\\\/www.latribunedufaso.net\\\/#website\"},\"primaryImageOfPage\":{\"@id\":\"https:\\\/\\\/www.latribunedufaso.net\\\/?p=12104#primaryimage\"},\"image\":{\"@id\":\"https:\\\/\\\/www.latribunedufaso.net\\\/?p=12104#primaryimage\"},\"thumbnailUrl\":\"https:\\\/\\\/www.latribunedufaso.net\\\/wp-content\\\/uploads\\\/2024\\\/03\\\/FB_IMG_1709942925296.jpg\",\"datePublished\":\"2024-03-09T00:13:11+00:00\",\"breadcrumb\":{\"@id\":\"https:\\\/\\\/www.latribunedufaso.net\\\/?p=12104#breadcrumb\"},\"inLanguage\":\"fr-FR\",\"potentialAction\":[{\"@type\":\"ReadAction\",\"target\":[\"https:\\\/\\\/www.latribunedufaso.net\\\/?p=12104\"]}]},{\"@type\":\"ImageObject\",\"inLanguage\":\"fr-FR\",\"@id\":\"https:\\\/\\\/www.latribunedufaso.net\\\/?p=12104#primaryimage\",\"url\":\"https:\\\/\\\/www.latribunedufaso.net\\\/wp-content\\\/uploads\\\/2024\\\/03\\\/FB_IMG_1709942925296.jpg\",\"contentUrl\":\"https:\\\/\\\/www.latribunedufaso.net\\\/wp-content\\\/uploads\\\/2024\\\/03\\\/FB_IMG_1709942925296.jpg\",\"width\":720,\"height\":510},{\"@type\":\"BreadcrumbList\",\"@id\":\"https:\\\/\\\/www.latribunedufaso.net\\\/?p=12104#breadcrumb\",\"itemListElement\":[{\"@type\":\"ListItem\",\"position\":1,\"name\":\"Accueil\",\"item\":\"https:\\\/\\\/www.latribunedufaso.net\\\/\"},{\"@type\":\"ListItem\",\"position\":2,\"name\":\"Inauguration du Mus\u00e9e de la Femme du village de Kolgondiess\u00e9: une banque culturelle au service du d\u00e9veloppement\u00a0\"}]},{\"@type\":\"WebSite\",\"@id\":\"https:\\\/\\\/www.latribunedufaso.net\\\/#website\",\"url\":\"https:\\\/\\\/www.latribunedufaso.net\\\/\",\"name\":\"La Tribune du Faso\",\"description\":\"L&#039;information du monde rural en un clic\",\"publisher\":{\"@id\":\"https:\\\/\\\/www.latribunedufaso.net\\\/#organization\"},\"potentialAction\":[{\"@type\":\"SearchAction\",\"target\":{\"@type\":\"EntryPoint\",\"urlTemplate\":\"https:\\\/\\\/www.latribunedufaso.net\\\/?s={search_term_string}\"},\"query-input\":{\"@type\":\"PropertyValueSpecification\",\"valueRequired\":true,\"valueName\":\"search_term_string\"}}],\"inLanguage\":\"fr-FR\"},{\"@type\":\"Organization\",\"@id\":\"https:\\\/\\\/www.latribunedufaso.net\\\/#organization\",\"name\":\"La Tribune du Faso\",\"url\":\"https:\\\/\\\/www.latribunedufaso.net\\\/\",\"logo\":{\"@type\":\"ImageObject\",\"inLanguage\":\"fr-FR\",\"@id\":\"https:\\\/\\\/www.latribunedufaso.net\\\/#\\\/schema\\\/logo\\\/image\\\/\",\"url\":\"https:\\\/\\\/www.latribunedufaso.net\\\/wp-content\\\/uploads\\\/2020\\\/08\\\/Logo-Tribune-du-Faso-final-scaled.jpg\",\"contentUrl\":\"https:\\\/\\\/www.latribunedufaso.net\\\/wp-content\\\/uploads\\\/2020\\\/08\\\/Logo-Tribune-du-Faso-final-scaled.jpg\",\"width\":2560,\"height\":1856,\"caption\":\"La Tribune du Faso\"},\"image\":{\"@id\":\"https:\\\/\\\/www.latribunedufaso.net\\\/#\\\/schema\\\/logo\\\/image\\\/\"},\"sameAs\":[\"https:\\\/\\\/www.facebook.com\\\/LatribuneduFaso\\\/\"]},{\"@type\":\"Person\",\"@id\":\"https:\\\/\\\/www.latribunedufaso.net\\\/#\\\/schema\\\/person\\\/e54e64c5778a7e72cf80a318b7a622b0\",\"name\":\"Issouf Tapsoba\",\"image\":{\"@type\":\"ImageObject\",\"inLanguage\":\"fr-FR\",\"@id\":\"https:\\\/\\\/secure.gravatar.com\\\/avatar\\\/5e6c05150ce3230247d167f5b94d678eb05936197436d69b7921e3a95c9107ac?s=96&d=mm&r=g\",\"url\":\"https:\\\/\\\/secure.gravatar.com\\\/avatar\\\/5e6c05150ce3230247d167f5b94d678eb05936197436d69b7921e3a95c9107ac?s=96&d=mm&r=g\",\"contentUrl\":\"https:\\\/\\\/secure.gravatar.com\\\/avatar\\\/5e6c05150ce3230247d167f5b94d678eb05936197436d69b7921e3a95c9107ac?s=96&d=mm&r=g\",\"caption\":\"Issouf Tapsoba\"},\"url\":\"https:\\\/\\\/www.latribunedufaso.net\\\/?author=5\"}]}<\/script>\n<!-- \/ Yoast SEO plugin. -->","yoast_head_json":{"title":"Inauguration du Mus\u00e9e de la Femme du village de Kolgondiess\u00e9: une banque culturelle au service du d\u00e9veloppement\u00a0 - La Tribune du Faso","robots":{"index":"index","follow":"follow","max-snippet":"max-snippet:-1","max-image-preview":"max-image-preview:large","max-video-preview":"max-video-preview:-1"},"canonical":"https:\/\/www.latribunedufaso.net\/?p=12104","og_locale":"fr_FR","og_type":"article","og_title":"Inauguration du Mus\u00e9e de la Femme du village de Kolgondiess\u00e9: une banque culturelle au service du d\u00e9veloppement\u00a0 - La Tribune du Faso","og_description":"Le Ministre d&rsquo;\u00c9tat, ministre de la Culture, des Arts et du Tourisme a inaugur\u00e9 ce 08 mars 2024 dans le village de Kolgondiess\u00e9 (commune de Ziniar\u00e9, r\u00e9gion du Plateau central) le Mus\u00e9e de la Femme de la Princesse Julie KONGO.","og_url":"https:\/\/www.latribunedufaso.net\/?p=12104","og_site_name":"La Tribune du Faso","article_publisher":"https:\/\/www.facebook.com\/LatribuneduFaso\/","article_published_time":"2024-03-09T00:13:11+00:00","og_image":[{"width":720,"height":510,"url":"https:\/\/www.latribunedufaso.net\/wp-content\/uploads\/2024\/03\/FB_IMG_1709942925296.jpg","type":"image\/jpeg"}],"author":"Issouf Tapsoba","twitter_misc":{"\u00c9crit par":"Issouf Tapsoba","Dur\u00e9e de lecture estim\u00e9e":"2 minutes"},"schema":{"@context":"https:\/\/schema.org","@graph":[{"@type":"Article","@id":"https:\/\/www.latribunedufaso.net\/?p=12104#article","isPartOf":{"@id":"https:\/\/www.latribunedufaso.net\/?p=12104"},"author":{"name":"Issouf Tapsoba","@id":"https:\/\/www.latribunedufaso.net\/#\/schema\/person\/e54e64c5778a7e72cf80a318b7a622b0"},"headline":"Inauguration du Mus\u00e9e de la Femme du village de Kolgondiess\u00e9: une banque culturelle au service du d\u00e9veloppement\u00a0","datePublished":"2024-03-09T00:13:11+00:00","mainEntityOfPage":{"@id":"https:\/\/www.latribunedufaso.net\/?p=12104"},"wordCount":361,"commentCount":0,"publisher":{"@id":"https:\/\/www.latribunedufaso.net\/#organization"},"image":{"@id":"https:\/\/www.latribunedufaso.net\/?p=12104#primaryimage"},"thumbnailUrl":"https:\/\/www.latribunedufaso.net\/wp-content\/uploads\/2024\/03\/FB_IMG_1709942925296.jpg","articleSection":["A la une","Actualit\u00e9","Art et Culture"],"inLanguage":"fr-FR","potentialAction":[{"@type":"CommentAction","name":"Comment","target":["https:\/\/www.latribunedufaso.net\/?p=12104#respond"]}]},{"@type":"WebPage","@id":"https:\/\/www.latribunedufaso.net\/?p=12104","url":"https:\/\/www.latribunedufaso.net\/?p=12104","name":"Inauguration du Mus\u00e9e de la Femme du village de Kolgondiess\u00e9: une banque culturelle au service du d\u00e9veloppement\u00a0 - La Tribune du Faso","isPartOf":{"@id":"https:\/\/www.latribunedufaso.net\/#website"},"primaryImageOfPage":{"@id":"https:\/\/www.latribunedufaso.net\/?p=12104#primaryimage"},"image":{"@id":"https:\/\/www.latribunedufaso.net\/?p=12104#primaryimage"},"thumbnailUrl":"https:\/\/www.latribunedufaso.net\/wp-content\/uploads\/2024\/03\/FB_IMG_1709942925296.jpg","datePublished":"2024-03-09T00:13:11+00:00","breadcrumb":{"@id":"https:\/\/www.latribunedufaso.net\/?p=12104#breadcrumb"},"inLanguage":"fr-FR","potentialAction":[{"@type":"ReadAction","target":["https:\/\/www.latribunedufaso.net\/?p=12104"]}]},{"@type":"ImageObject","inLanguage":"fr-FR","@id":"https:\/\/www.latribunedufaso.net\/?p=12104#primaryimage","url":"https:\/\/www.latribunedufaso.net\/wp-content\/uploads\/2024\/03\/FB_IMG_1709942925296.jpg","contentUrl":"https:\/\/www.latribunedufaso.net\/wp-content\/uploads\/2024\/03\/FB_IMG_1709942925296.jpg","width":720,"height":510},{"@type":"BreadcrumbList","@id":"https:\/\/www.latribunedufaso.net\/?p=12104#breadcrumb","itemListElement":[{"@type":"ListItem","position":1,"name":"Accueil","item":"https:\/\/www.latribunedufaso.net\/"},{"@type":"ListItem","position":2,"name":"Inauguration du Mus\u00e9e de la Femme du village de Kolgondiess\u00e9: une banque culturelle au service du d\u00e9veloppement\u00a0"}]},{"@type":"WebSite","@id":"https:\/\/www.latribunedufaso.net\/#website","url":"https:\/\/www.latribunedufaso.net\/","name":"La Tribune du Faso","description":"L&#039;information du monde rural en un clic","publisher":{"@id":"https:\/\/www.latribunedufaso.net\/#organization"},"potentialAction":[{"@type":"SearchAction","target":{"@type":"EntryPoint","urlTemplate":"https:\/\/www.latribunedufaso.net\/?s={search_term_string}"},"query-input":{"@type":"PropertyValueSpecification","valueRequired":true,"valueName":"search_term_string"}}],"inLanguage":"fr-FR"},{"@type":"Organization","@id":"https:\/\/www.latribunedufaso.net\/#organization","name":"La Tribune du Faso","url":"https:\/\/www.latribunedufaso.net\/","logo":{"@type":"ImageObject","inLanguage":"fr-FR","@id":"https:\/\/www.latribunedufaso.net\/#\/schema\/logo\/image\/","url":"https:\/\/www.latribunedufaso.net\/wp-content\/uploads\/2020\/08\/Logo-Tribune-du-Faso-final-scaled.jpg","contentUrl":"https:\/\/www.latribunedufaso.net\/wp-content\/uploads\/2020\/08\/Logo-Tribune-du-Faso-final-scaled.jpg","width":2560,"height":1856,"caption":"La Tribune du Faso"},"image":{"@id":"https:\/\/www.latribunedufaso.net\/#\/schema\/logo\/image\/"},"sameAs":["https:\/\/www.facebook.com\/LatribuneduFaso\/"]},{"@type":"Person","@id":"https:\/\/www.latribunedufaso.net\/#\/schema\/person\/e54e64c5778a7e72cf80a318b7a622b0","name":"Issouf Tapsoba","image":{"@type":"ImageObject","inLanguage":"fr-FR","@id":"https:\/\/secure.gravatar.com\/avatar\/5e6c05150ce3230247d167f5b94d678eb05936197436d69b7921e3a95c9107ac?s=96&d=mm&r=g","url":"https:\/\/secure.gravatar.com\/avatar\/5e6c05150ce3230247d167f5b94d678eb05936197436d69b7921e3a95c9107ac?s=96&d=mm&r=g","contentUrl":"https:\/\/secure.gravatar.com\/avatar\/5e6c05150ce3230247d167f5b94d678eb05936197436d69b7921e3a95c9107ac?s=96&d=mm&r=g","caption":"Issouf Tapsoba"},"url":"https:\/\/www.latribunedufaso.net\/?author=5"}]}},"_links":{"self":[{"href":"https:\/\/www.latribunedufaso.net\/index.php?rest_route=\/wp\/v2\/posts\/12104","targetHints":{"allow":["GET"]}}],"collection":[{"href":"https:\/\/www.latribunedufaso.net\/index.php?rest_route=\/wp\/v2\/posts"}],"about":[{"href":"https:\/\/www.latribunedufaso.net\/index.php?rest_route=\/wp\/v2\/types\/post"}],"author":[{"embeddable":true,"href":"https:\/\/www.latribunedufaso.net\/index.php?rest_route=\/wp\/v2\/users\/5"}],"replies":[{"embeddable":true,"href":"https:\/\/www.latribunedufaso.net\/index.php?rest_route=%2Fwp%2Fv2%2Fcomments&post=12104"}],"version-history":[{"count":1,"href":"https:\/\/www.latribunedufaso.net\/index.php?rest_route=\/wp\/v2\/posts\/12104\/revisions"}],"predecessor-version":[{"id":12114,"href":"https:\/\/www.latribunedufaso.net\/index.php?rest_route=\/wp\/v2\/posts\/12104\/revisions\/12114"}],"wp:featuredmedia":[{"embeddable":true,"href":"https:\/\/www.latribunedufaso.net\/index.php?rest_route=\/wp\/v2\/media\/12113"}],"wp:attachment":[{"href":"https:\/\/www.latribunedufaso.net\/index.php?rest_route=%2Fwp%2Fv2%2Fmedia&parent=12104"}],"wp:term":[{"taxonomy":"category","embeddable":true,"href":"https:\/\/www.latribunedufaso.net\/index.php?rest_route=%2Fwp%2Fv2%2Fcategories&post=12104"},{"taxonomy":"post_tag","embeddable":true,"href":"https:\/\/www.latribunedufaso.net\/index.php?rest_route=%2Fwp%2Fv2%2Ftags&post=12104"}],"curies":[{"name":"wp","href":"https:\/\/api.w.org\/{rel}","templated":true}]}}