{"id":12095,"date":"2024-03-08T22:46:24","date_gmt":"2024-03-08T22:46:24","guid":{"rendered":"https:\/\/www.latribunedufaso.net\/?p=12095"},"modified":"2024-03-08T22:46:24","modified_gmt":"2024-03-08T22:46:24","slug":"8-mars-2024-lassociation-des-femmes-unies-et-solidaires-des-cites-bassinko-celebre-la-journee-a-travers-une-serie-dactivites","status":"publish","type":"post","link":"https:\/\/www.latribunedufaso.net\/?p=12095","title":{"rendered":"8 mars 2024 : L\u2019Association des Femmes Unies et Solidaires des cit\u00e9s Bassinko c\u00e9l\u00e8bre la journ\u00e9e \u00e0 travers une s\u00e9rie d\u2019activit\u00e9s"},"content":{"rendered":"<p><strong><span style=\"font-size: 1.0625rem;\">Chaque 8 mars, le monde entier comm\u00e9more la journ\u00e9e internationale des droits de la femme. Pour s\u2019inscrire \u00e0 cette coutume, l\u2019Association des femmes unies et solidaires des cit\u00e9s Bassinko (AFSCB) organise les 8 et 9 mars 2024, une s\u00e9rie d\u2019activit\u00e9s. Les travaux ont d\u00e9but\u00e9 dans la matin\u00e9e de ce vendredi 08 mars 2024 sur le plateau omnisport de ladite cit\u00e9 \u00e0 Ouagadougou.<\/span><\/strong><br \/><!--more--><\/p>\n<p>Une formation en saponification au profit de 15 femmes d\u00e9plac\u00e9es interne de la cit\u00e9e, une collecte de fond au profit des Forces de d\u00e9fense et de s\u00e9curit\u00e9 (FDS), une course cyclistes, voil\u00e0 entre autres les diff\u00e9rentes activit\u00e9s. Il est \u00e9galement pr\u00e9vu une causerie-d\u00e9bat sur le th\u00e8me \u00ab La s\u00e9curit\u00e9 routi\u00e8re \u00e0 Bassinko \u00bb, un concours de cuisine d\u00e9nomm\u00e9 spatule d\u2019or, une rue marchande et pour couronner le tout, une soir\u00e9e dansante.\u00a0<\/p>\n<p><a href=\"https:\/\/www.latribunedufaso.net\/wp-content\/uploads\/2024\/03\/IMG-20240308-WA0228.jpg\"><img loading=\"lazy\" decoding=\"async\" class=\"size-medium wp-image-12097 alignleft\" src=\"https:\/\/www.latribunedufaso.net\/wp-content\/uploads\/2024\/03\/IMG-20240308-WA0228-300x225.jpg\" alt=\"\" width=\"300\" height=\"225\" srcset=\"https:\/\/www.latribunedufaso.net\/wp-content\/uploads\/2024\/03\/IMG-20240308-WA0228-300x225.jpg 300w, https:\/\/www.latribunedufaso.net\/wp-content\/uploads\/2024\/03\/IMG-20240308-WA0228-1024x768.jpg 1024w, https:\/\/www.latribunedufaso.net\/wp-content\/uploads\/2024\/03\/IMG-20240308-WA0228-768x576.jpg 768w, https:\/\/www.latribunedufaso.net\/wp-content\/uploads\/2024\/03\/IMG-20240308-WA0228.jpg 1080w\" sizes=\"auto, (max-width: 300px) 100vw, 300px\" \/><\/a>\u00ab On a voulu partager cette journ\u00e9e avec nos s\u0153urs d\u00e9plac\u00e9es internes qui sont dans la cit\u00e9. Chaque ann\u00e9e on trie des habits et on leur donne des objets qu\u2019on n\u2019 utilise plus. Cette ann\u00e9e on a voulu c\u00e9l\u00e9brer avec elles, partager ce bon moment \u00bb, a laiss\u00e9 entendre la pr\u00e9sidente de l\u2019association, Korotimi Zonaga\/Sanon, quant \u00e0 l\u2019objectif de l\u2019\u00e9v\u00e8nement.<\/p>\n<p>Elle a par ailleurs indiqu\u00e9 qu\u2019\u00e0 l\u2019issue de la formation en saponification, des kits seront remis aux femmes b\u00e9n\u00e9ficiaires pour qu\u2019elles puissent d\u00e9marrer une activit\u00e9 g\u00e9n\u00e9ratrice de revenu. \u00ab Comme on le dit, au lieu de toujours donner du poisson \u00e0 quelqu\u2019un, il faut lui apprendre \u00e0 p\u00e9cher. Donc apr\u00e8s cette formation, nous allons leur remettre des kits, ce qui va leur permettre d\u2019avoir une activit\u00e9 r\u00e9mun\u00e9ratrice \u00bb, a-t-elle signifi\u00e9. A l\u2019\u00e9couter, les 5 premi\u00e8res de la course cycliste seront prim\u00e9s ainsi que les laur\u00e9ates du concours de cuisine.<\/p>\n<p><a href=\"https:\/\/www.latribunedufaso.net\/wp-content\/uploads\/2024\/03\/IMG-20240308-WA0232.jpg\"><img loading=\"lazy\" decoding=\"async\" class=\"size-medium wp-image-12101 alignleft\" src=\"https:\/\/www.latribunedufaso.net\/wp-content\/uploads\/2024\/03\/IMG-20240308-WA0232-300x226.jpg\" alt=\"\" width=\"300\" height=\"226\" srcset=\"https:\/\/www.latribunedufaso.net\/wp-content\/uploads\/2024\/03\/IMG-20240308-WA0232-300x226.jpg 300w, https:\/\/www.latribunedufaso.net\/wp-content\/uploads\/2024\/03\/IMG-20240308-WA0232-768x578.jpg 768w, https:\/\/www.latribunedufaso.net\/wp-content\/uploads\/2024\/03\/IMG-20240308-WA0232.jpg 1020w\" sizes=\"auto, (max-width: 300px) 100vw, 300px\" \/><\/a>Les femmes ont profit\u00e9 de l\u2019occasion pour soumettre une dol\u00e9ance aux autorit\u00e9s et \u00e0 toutes les bonnes volont\u00e9s. \u00ab Les femmes de Bassinko disposent d\u2019un terrain destin\u00e9 \u00e0 la construction de la maison de la femme qui est toujours vide au jour d\u2019aujourd\u2019hui. Par ma voie, elles sollicitent donc un accompagnement afin de construire leur maison, un cadre multiservices et de promotion qui permettra aux femmes d\u2019avoir en un seul lieu l\u2019acc\u00e8s aux informations utiles dans plusieurs domaines cl\u00e9s pour leur \u00e9panouissement et autonomisation \u00bb, a fait savoir la pr\u00e9sidente.<\/p>\n<p><a href=\"https:\/\/www.latribunedufaso.net\/wp-content\/uploads\/2024\/03\/IMG-20240308-WA0229.jpg\"><img loading=\"lazy\" decoding=\"async\" class=\"size-medium wp-image-12098 alignleft\" src=\"https:\/\/www.latribunedufaso.net\/wp-content\/uploads\/2024\/03\/IMG-20240308-WA0229-300x226.jpg\" alt=\"\" width=\"300\" height=\"226\" srcset=\"https:\/\/www.latribunedufaso.net\/wp-content\/uploads\/2024\/03\/IMG-20240308-WA0229-300x226.jpg 300w, https:\/\/www.latribunedufaso.net\/wp-content\/uploads\/2024\/03\/IMG-20240308-WA0229-768x578.jpg 768w, https:\/\/www.latribunedufaso.net\/wp-content\/uploads\/2024\/03\/IMG-20240308-WA0229.jpg 1020w\" sizes=\"auto, (max-width: 300px) 100vw, 300px\" \/><\/a>La marraine de cette pr\u00e9sente activit\u00e9 est Fatimata Bintou Sanon\/Ouattara, cadre de banque. Dans son allocution, elle a invit\u00e9 toutes les femmes du Burkina Faso \u00e0 rester debout et concentr\u00e9es pour que le d\u00e9veloppement se fasse. \u00ab Aux femmes du Burkina Faso, aux femmes du monde entier, les raisons qui ont emmen\u00e9 \u00e0 la c\u00e9l\u00e9bration du 8 mars, c\u2019est la d\u00e9fense des droits de la femmes. Ils sont nombreux, les droits de la femmes. Donc, que chacune r\u00e9fl\u00e9chisse v\u00e9ritablement sur comment elle peut contribuer, ce qu\u2019elle peut apporter pour pouvoir pr\u00f4ner ses droits \u00bb, a-t-elle ajout\u00e9.<\/p>\n<p><a href=\"https:\/\/www.latribunedufaso.net\/wp-content\/uploads\/2024\/03\/IMG-20240308-WA0226.jpg\"><img loading=\"lazy\" decoding=\"async\" class=\"size-medium wp-image-12096 alignleft\" src=\"https:\/\/www.latribunedufaso.net\/wp-content\/uploads\/2024\/03\/IMG-20240308-WA0226-292x300.jpg\" alt=\"\" width=\"292\" height=\"300\" srcset=\"https:\/\/www.latribunedufaso.net\/wp-content\/uploads\/2024\/03\/IMG-20240308-WA0226-292x300.jpg 292w, https:\/\/www.latribunedufaso.net\/wp-content\/uploads\/2024\/03\/IMG-20240308-WA0226-997x1024.jpg 997w, https:\/\/www.latribunedufaso.net\/wp-content\/uploads\/2024\/03\/IMG-20240308-WA0226-768x789.jpg 768w, https:\/\/www.latribunedufaso.net\/wp-content\/uploads\/2024\/03\/IMG-20240308-WA0226.jpg 1051w\" sizes=\"auto, (max-width: 292px) 100vw, 292px\" \/><\/a>Le Sam naaba Boulga de la cit\u00e9 de Bassinko a prit part au lancement des travaux. En prenant la parole, il a souhait\u00e9 que l\u2019on prenne plus en compte les femmes \u00ab en leur donnant ne serait-ce que des lopins de terre pour qu\u2019elles puissent produire quelques choses \u00bb. Ainsi, elles pourront plus s\u2019\u00e9panouir et contribu\u00e9 par ailleurs aux besoins de\u00a0 leurs familles.<\/p>\n<p>L\u2019AFSCB, faut-il le rappeler, a \u00e9t\u00e9 cr\u00e9\u00e9e il y a maintenant 9 ans de cela. A but non lucratif, l\u2019objectif de cette association est de promouvoir la coh\u00e9sion sociale au sein des cit\u00e9s de Bassinko.\u00a0<\/p>\n<p><a href=\"https:\/\/www.latribunedufaso.net\/wp-content\/uploads\/2024\/03\/IMG-20240308-WA0234.jpg\"><img loading=\"lazy\" decoding=\"async\" class=\"size-medium wp-image-12100 alignleft\" src=\"https:\/\/www.latribunedufaso.net\/wp-content\/uploads\/2024\/03\/IMG-20240308-WA0234-300x225.jpg\" alt=\"\" width=\"300\" height=\"225\" srcset=\"https:\/\/www.latribunedufaso.net\/wp-content\/uploads\/2024\/03\/IMG-20240308-WA0234-300x225.jpg 300w, https:\/\/www.latribunedufaso.net\/wp-content\/uploads\/2024\/03\/IMG-20240308-WA0234-1024x768.jpg 1024w, https:\/\/www.latribunedufaso.net\/wp-content\/uploads\/2024\/03\/IMG-20240308-WA0234-768x576.jpg 768w, https:\/\/www.latribunedufaso.net\/wp-content\/uploads\/2024\/03\/IMG-20240308-WA0234.jpg 1080w\" sizes=\"auto, (max-width: 300px) 100vw, 300px\" \/><\/a>Il faut noter que le 8 mars 2024 marque la 167\u00e8me Journ\u00e9e Internationale des droits de la femme. Le th\u00e8me international choisi est \u00ab Investir en faveur des femmes : acc\u00e9l\u00e9rer le rythme \u00bb. Au Burkina Faso, la journ\u00e9e est c\u00e9l\u00e9br\u00e9e sous le th\u00e8me \u00ab Promotion de l\u2019Entrepreneuriat communautaire : quelle contribution des femmes \u00bb.<\/p>\n<p><strong>Rosana Astride Kiendrebeogo\u00a0<\/strong><\/p>\n<p><strong>Latribunedufaso.net<\/strong><\/p>\n","protected":false},"excerpt":{"rendered":"<p>Chaque 8 mars, le monde entier comm\u00e9more la journ\u00e9e internationale des droits de la femme. Pour s\u2019inscrire \u00e0 cette coutume, l\u2019Association des femmes unies et solidaires des cit\u00e9s Bassinko (AFSCB) organise les 8 et 9 mars 2024, une s\u00e9rie d\u2019activit\u00e9s. Les travaux ont d\u00e9but\u00e9 dans la matin\u00e9e de ce vendredi 08 mars 2024 sur le plateau omnisport de ladite cit\u00e9 \u00e0 Ouagadougou.<\/p>\n","protected":false},"author":5,"featured_media":12099,"comment_status":"open","ping_status":"open","sticky":false,"template":"","format":"standard","meta":{"footnotes":""},"categories":[13,1,8],"tags":[],"class_list":["post-12095","post","type-post","status-publish","format-standard","has-post-thumbnail","hentry","category-une","category-actu","category-societe"],"yoast_head":"<!-- This site is optimized with the Yoast SEO plugin v27.4 - https:\/\/yoast.com\/product\/yoast-seo-wordpress\/ -->\n<title>8 mars 2024 : L\u2019Association des Femmes Unies et Solidaires des cit\u00e9s Bassinko c\u00e9l\u00e8bre la journ\u00e9e \u00e0 travers une s\u00e9rie d\u2019activit\u00e9s - La Tribune du Faso<\/title>\n<meta name=\"robots\" content=\"index, follow, max-snippet:-1, max-image-preview:large, max-video-preview:-1\" \/>\n<link rel=\"canonical\" href=\"https:\/\/www.latribunedufaso.net\/?p=12095\" \/>\n<meta property=\"og:locale\" content=\"fr_FR\" \/>\n<meta property=\"og:type\" content=\"article\" \/>\n<meta property=\"og:title\" content=\"8 mars 2024 : L\u2019Association des Femmes Unies et Solidaires des cit\u00e9s Bassinko c\u00e9l\u00e8bre la journ\u00e9e \u00e0 travers une s\u00e9rie d\u2019activit\u00e9s - La Tribune du Faso\" \/>\n<meta property=\"og:description\" content=\"Chaque 8 mars, le monde entier comm\u00e9more la journ\u00e9e internationale des droits de la femme. Pour s\u2019inscrire \u00e0 cette coutume, l\u2019Association des femmes unies et solidaires des cit\u00e9s Bassinko (AFSCB) organise les 8 et 9 mars 2024, une s\u00e9rie d\u2019activit\u00e9s. Les travaux ont d\u00e9but\u00e9 dans la matin\u00e9e de ce vendredi 08 mars 2024 sur le plateau omnisport de ladite cit\u00e9 \u00e0 Ouagadougou.\" \/>\n<meta property=\"og:url\" content=\"https:\/\/www.latribunedufaso.net\/?p=12095\" \/>\n<meta property=\"og:site_name\" content=\"La Tribune du Faso\" \/>\n<meta property=\"article:publisher\" content=\"https:\/\/www.facebook.com\/LatribuneduFaso\/\" \/>\n<meta property=\"article:published_time\" content=\"2024-03-08T22:46:24+00:00\" \/>\n<meta property=\"og:image\" content=\"https:\/\/www.latribunedufaso.net\/wp-content\/uploads\/2024\/03\/IMG-20240308-WA0235.jpg\" \/>\n\t<meta property=\"og:image:width\" content=\"1020\" \/>\n\t<meta property=\"og:image:height\" content=\"768\" \/>\n\t<meta property=\"og:image:type\" content=\"image\/jpeg\" \/>\n<meta name=\"author\" content=\"Issouf Tapsoba\" \/>\n<meta name=\"twitter:label1\" content=\"\u00c9crit par\" \/>\n\t<meta name=\"twitter:data1\" content=\"Issouf Tapsoba\" \/>\n\t<meta name=\"twitter:label2\" content=\"Dur\u00e9e de lecture estim\u00e9e\" \/>\n\t<meta name=\"twitter:data2\" content=\"3 minutes\" \/>\n<script type=\"application\/ld+json\" class=\"yoast-schema-graph\">{\"@context\":\"https:\\\/\\\/schema.org\",\"@graph\":[{\"@type\":\"Article\",\"@id\":\"https:\\\/\\\/www.latribunedufaso.net\\\/?p=12095#article\",\"isPartOf\":{\"@id\":\"https:\\\/\\\/www.latribunedufaso.net\\\/?p=12095\"},\"author\":{\"name\":\"Issouf Tapsoba\",\"@id\":\"https:\\\/\\\/www.latribunedufaso.net\\\/#\\\/schema\\\/person\\\/e54e64c5778a7e72cf80a318b7a622b0\"},\"headline\":\"8 mars 2024 : L\u2019Association des Femmes Unies et Solidaires des cit\u00e9s Bassinko c\u00e9l\u00e8bre la journ\u00e9e \u00e0 travers une s\u00e9rie d\u2019activit\u00e9s\",\"datePublished\":\"2024-03-08T22:46:24+00:00\",\"mainEntityOfPage\":{\"@id\":\"https:\\\/\\\/www.latribunedufaso.net\\\/?p=12095\"},\"wordCount\":711,\"commentCount\":0,\"publisher\":{\"@id\":\"https:\\\/\\\/www.latribunedufaso.net\\\/#organization\"},\"image\":{\"@id\":\"https:\\\/\\\/www.latribunedufaso.net\\\/?p=12095#primaryimage\"},\"thumbnailUrl\":\"https:\\\/\\\/www.latribunedufaso.net\\\/wp-content\\\/uploads\\\/2024\\\/03\\\/IMG-20240308-WA0235.jpg\",\"articleSection\":[\"A la une\",\"Actualit\u00e9\",\"Soci\u00e9t\u00e9\"],\"inLanguage\":\"fr-FR\",\"potentialAction\":[{\"@type\":\"CommentAction\",\"name\":\"Comment\",\"target\":[\"https:\\\/\\\/www.latribunedufaso.net\\\/?p=12095#respond\"]}]},{\"@type\":\"WebPage\",\"@id\":\"https:\\\/\\\/www.latribunedufaso.net\\\/?p=12095\",\"url\":\"https:\\\/\\\/www.latribunedufaso.net\\\/?p=12095\",\"name\":\"8 mars 2024 : L\u2019Association des Femmes Unies et Solidaires des cit\u00e9s Bassinko c\u00e9l\u00e8bre la journ\u00e9e \u00e0 travers une s\u00e9rie d\u2019activit\u00e9s - La Tribune du Faso\",\"isPartOf\":{\"@id\":\"https:\\\/\\\/www.latribunedufaso.net\\\/#website\"},\"primaryImageOfPage\":{\"@id\":\"https:\\\/\\\/www.latribunedufaso.net\\\/?p=12095#primaryimage\"},\"image\":{\"@id\":\"https:\\\/\\\/www.latribunedufaso.net\\\/?p=12095#primaryimage\"},\"thumbnailUrl\":\"https:\\\/\\\/www.latribunedufaso.net\\\/wp-content\\\/uploads\\\/2024\\\/03\\\/IMG-20240308-WA0235.jpg\",\"datePublished\":\"2024-03-08T22:46:24+00:00\",\"breadcrumb\":{\"@id\":\"https:\\\/\\\/www.latribunedufaso.net\\\/?p=12095#breadcrumb\"},\"inLanguage\":\"fr-FR\",\"potentialAction\":[{\"@type\":\"ReadAction\",\"target\":[\"https:\\\/\\\/www.latribunedufaso.net\\\/?p=12095\"]}]},{\"@type\":\"ImageObject\",\"inLanguage\":\"fr-FR\",\"@id\":\"https:\\\/\\\/www.latribunedufaso.net\\\/?p=12095#primaryimage\",\"url\":\"https:\\\/\\\/www.latribunedufaso.net\\\/wp-content\\\/uploads\\\/2024\\\/03\\\/IMG-20240308-WA0235.jpg\",\"contentUrl\":\"https:\\\/\\\/www.latribunedufaso.net\\\/wp-content\\\/uploads\\\/2024\\\/03\\\/IMG-20240308-WA0235.jpg\",\"width\":1020,\"height\":768},{\"@type\":\"BreadcrumbList\",\"@id\":\"https:\\\/\\\/www.latribunedufaso.net\\\/?p=12095#breadcrumb\",\"itemListElement\":[{\"@type\":\"ListItem\",\"position\":1,\"name\":\"Accueil\",\"item\":\"https:\\\/\\\/www.latribunedufaso.net\\\/\"},{\"@type\":\"ListItem\",\"position\":2,\"name\":\"8 mars 2024 : L\u2019Association des Femmes Unies et Solidaires des cit\u00e9s Bassinko c\u00e9l\u00e8bre la journ\u00e9e \u00e0 travers une s\u00e9rie d\u2019activit\u00e9s\"}]},{\"@type\":\"WebSite\",\"@id\":\"https:\\\/\\\/www.latribunedufaso.net\\\/#website\",\"url\":\"https:\\\/\\\/www.latribunedufaso.net\\\/\",\"name\":\"La Tribune du Faso\",\"description\":\"L&#039;information du monde rural en un clic\",\"publisher\":{\"@id\":\"https:\\\/\\\/www.latribunedufaso.net\\\/#organization\"},\"potentialAction\":[{\"@type\":\"SearchAction\",\"target\":{\"@type\":\"EntryPoint\",\"urlTemplate\":\"https:\\\/\\\/www.latribunedufaso.net\\\/?s={search_term_string}\"},\"query-input\":{\"@type\":\"PropertyValueSpecification\",\"valueRequired\":true,\"valueName\":\"search_term_string\"}}],\"inLanguage\":\"fr-FR\"},{\"@type\":\"Organization\",\"@id\":\"https:\\\/\\\/www.latribunedufaso.net\\\/#organization\",\"name\":\"La Tribune du Faso\",\"url\":\"https:\\\/\\\/www.latribunedufaso.net\\\/\",\"logo\":{\"@type\":\"ImageObject\",\"inLanguage\":\"fr-FR\",\"@id\":\"https:\\\/\\\/www.latribunedufaso.net\\\/#\\\/schema\\\/logo\\\/image\\\/\",\"url\":\"https:\\\/\\\/www.latribunedufaso.net\\\/wp-content\\\/uploads\\\/2020\\\/08\\\/Logo-Tribune-du-Faso-final-scaled.jpg\",\"contentUrl\":\"https:\\\/\\\/www.latribunedufaso.net\\\/wp-content\\\/uploads\\\/2020\\\/08\\\/Logo-Tribune-du-Faso-final-scaled.jpg\",\"width\":2560,\"height\":1856,\"caption\":\"La Tribune du Faso\"},\"image\":{\"@id\":\"https:\\\/\\\/www.latribunedufaso.net\\\/#\\\/schema\\\/logo\\\/image\\\/\"},\"sameAs\":[\"https:\\\/\\\/www.facebook.com\\\/LatribuneduFaso\\\/\"]},{\"@type\":\"Person\",\"@id\":\"https:\\\/\\\/www.latribunedufaso.net\\\/#\\\/schema\\\/person\\\/e54e64c5778a7e72cf80a318b7a622b0\",\"name\":\"Issouf Tapsoba\",\"image\":{\"@type\":\"ImageObject\",\"inLanguage\":\"fr-FR\",\"@id\":\"https:\\\/\\\/secure.gravatar.com\\\/avatar\\\/5e6c05150ce3230247d167f5b94d678eb05936197436d69b7921e3a95c9107ac?s=96&d=mm&r=g\",\"url\":\"https:\\\/\\\/secure.gravatar.com\\\/avatar\\\/5e6c05150ce3230247d167f5b94d678eb05936197436d69b7921e3a95c9107ac?s=96&d=mm&r=g\",\"contentUrl\":\"https:\\\/\\\/secure.gravatar.com\\\/avatar\\\/5e6c05150ce3230247d167f5b94d678eb05936197436d69b7921e3a95c9107ac?s=96&d=mm&r=g\",\"caption\":\"Issouf Tapsoba\"},\"url\":\"https:\\\/\\\/www.latribunedufaso.net\\\/?author=5\"}]}<\/script>\n<!-- \/ Yoast SEO plugin. -->","yoast_head_json":{"title":"8 mars 2024 : L\u2019Association des Femmes Unies et Solidaires des cit\u00e9s Bassinko c\u00e9l\u00e8bre la journ\u00e9e \u00e0 travers une s\u00e9rie d\u2019activit\u00e9s - La Tribune du Faso","robots":{"index":"index","follow":"follow","max-snippet":"max-snippet:-1","max-image-preview":"max-image-preview:large","max-video-preview":"max-video-preview:-1"},"canonical":"https:\/\/www.latribunedufaso.net\/?p=12095","og_locale":"fr_FR","og_type":"article","og_title":"8 mars 2024 : L\u2019Association des Femmes Unies et Solidaires des cit\u00e9s Bassinko c\u00e9l\u00e8bre la journ\u00e9e \u00e0 travers une s\u00e9rie d\u2019activit\u00e9s - La Tribune du Faso","og_description":"Chaque 8 mars, le monde entier comm\u00e9more la journ\u00e9e internationale des droits de la femme. Pour s\u2019inscrire \u00e0 cette coutume, l\u2019Association des femmes unies et solidaires des cit\u00e9s Bassinko (AFSCB) organise les 8 et 9 mars 2024, une s\u00e9rie d\u2019activit\u00e9s. Les travaux ont d\u00e9but\u00e9 dans la matin\u00e9e de ce vendredi 08 mars 2024 sur le plateau omnisport de ladite cit\u00e9 \u00e0 Ouagadougou.","og_url":"https:\/\/www.latribunedufaso.net\/?p=12095","og_site_name":"La Tribune du Faso","article_publisher":"https:\/\/www.facebook.com\/LatribuneduFaso\/","article_published_time":"2024-03-08T22:46:24+00:00","og_image":[{"width":1020,"height":768,"url":"https:\/\/www.latribunedufaso.net\/wp-content\/uploads\/2024\/03\/IMG-20240308-WA0235.jpg","type":"image\/jpeg"}],"author":"Issouf Tapsoba","twitter_misc":{"\u00c9crit par":"Issouf Tapsoba","Dur\u00e9e de lecture estim\u00e9e":"3 minutes"},"schema":{"@context":"https:\/\/schema.org","@graph":[{"@type":"Article","@id":"https:\/\/www.latribunedufaso.net\/?p=12095#article","isPartOf":{"@id":"https:\/\/www.latribunedufaso.net\/?p=12095"},"author":{"name":"Issouf Tapsoba","@id":"https:\/\/www.latribunedufaso.net\/#\/schema\/person\/e54e64c5778a7e72cf80a318b7a622b0"},"headline":"8 mars 2024 : L\u2019Association des Femmes Unies et Solidaires des cit\u00e9s Bassinko c\u00e9l\u00e8bre la journ\u00e9e \u00e0 travers une s\u00e9rie d\u2019activit\u00e9s","datePublished":"2024-03-08T22:46:24+00:00","mainEntityOfPage":{"@id":"https:\/\/www.latribunedufaso.net\/?p=12095"},"wordCount":711,"commentCount":0,"publisher":{"@id":"https:\/\/www.latribunedufaso.net\/#organization"},"image":{"@id":"https:\/\/www.latribunedufaso.net\/?p=12095#primaryimage"},"thumbnailUrl":"https:\/\/www.latribunedufaso.net\/wp-content\/uploads\/2024\/03\/IMG-20240308-WA0235.jpg","articleSection":["A la une","Actualit\u00e9","Soci\u00e9t\u00e9"],"inLanguage":"fr-FR","potentialAction":[{"@type":"CommentAction","name":"Comment","target":["https:\/\/www.latribunedufaso.net\/?p=12095#respond"]}]},{"@type":"WebPage","@id":"https:\/\/www.latribunedufaso.net\/?p=12095","url":"https:\/\/www.latribunedufaso.net\/?p=12095","name":"8 mars 2024 : L\u2019Association des Femmes Unies et Solidaires des cit\u00e9s Bassinko c\u00e9l\u00e8bre la journ\u00e9e \u00e0 travers une s\u00e9rie d\u2019activit\u00e9s - La Tribune du Faso","isPartOf":{"@id":"https:\/\/www.latribunedufaso.net\/#website"},"primaryImageOfPage":{"@id":"https:\/\/www.latribunedufaso.net\/?p=12095#primaryimage"},"image":{"@id":"https:\/\/www.latribunedufaso.net\/?p=12095#primaryimage"},"thumbnailUrl":"https:\/\/www.latribunedufaso.net\/wp-content\/uploads\/2024\/03\/IMG-20240308-WA0235.jpg","datePublished":"2024-03-08T22:46:24+00:00","breadcrumb":{"@id":"https:\/\/www.latribunedufaso.net\/?p=12095#breadcrumb"},"inLanguage":"fr-FR","potentialAction":[{"@type":"ReadAction","target":["https:\/\/www.latribunedufaso.net\/?p=12095"]}]},{"@type":"ImageObject","inLanguage":"fr-FR","@id":"https:\/\/www.latribunedufaso.net\/?p=12095#primaryimage","url":"https:\/\/www.latribunedufaso.net\/wp-content\/uploads\/2024\/03\/IMG-20240308-WA0235.jpg","contentUrl":"https:\/\/www.latribunedufaso.net\/wp-content\/uploads\/2024\/03\/IMG-20240308-WA0235.jpg","width":1020,"height":768},{"@type":"BreadcrumbList","@id":"https:\/\/www.latribunedufaso.net\/?p=12095#breadcrumb","itemListElement":[{"@type":"ListItem","position":1,"name":"Accueil","item":"https:\/\/www.latribunedufaso.net\/"},{"@type":"ListItem","position":2,"name":"8 mars 2024 : L\u2019Association des Femmes Unies et Solidaires des cit\u00e9s Bassinko c\u00e9l\u00e8bre la journ\u00e9e \u00e0 travers une s\u00e9rie d\u2019activit\u00e9s"}]},{"@type":"WebSite","@id":"https:\/\/www.latribunedufaso.net\/#website","url":"https:\/\/www.latribunedufaso.net\/","name":"La Tribune du Faso","description":"L&#039;information du monde rural en un clic","publisher":{"@id":"https:\/\/www.latribunedufaso.net\/#organization"},"potentialAction":[{"@type":"SearchAction","target":{"@type":"EntryPoint","urlTemplate":"https:\/\/www.latribunedufaso.net\/?s={search_term_string}"},"query-input":{"@type":"PropertyValueSpecification","valueRequired":true,"valueName":"search_term_string"}}],"inLanguage":"fr-FR"},{"@type":"Organization","@id":"https:\/\/www.latribunedufaso.net\/#organization","name":"La Tribune du Faso","url":"https:\/\/www.latribunedufaso.net\/","logo":{"@type":"ImageObject","inLanguage":"fr-FR","@id":"https:\/\/www.latribunedufaso.net\/#\/schema\/logo\/image\/","url":"https:\/\/www.latribunedufaso.net\/wp-content\/uploads\/2020\/08\/Logo-Tribune-du-Faso-final-scaled.jpg","contentUrl":"https:\/\/www.latribunedufaso.net\/wp-content\/uploads\/2020\/08\/Logo-Tribune-du-Faso-final-scaled.jpg","width":2560,"height":1856,"caption":"La Tribune du Faso"},"image":{"@id":"https:\/\/www.latribunedufaso.net\/#\/schema\/logo\/image\/"},"sameAs":["https:\/\/www.facebook.com\/LatribuneduFaso\/"]},{"@type":"Person","@id":"https:\/\/www.latribunedufaso.net\/#\/schema\/person\/e54e64c5778a7e72cf80a318b7a622b0","name":"Issouf Tapsoba","image":{"@type":"ImageObject","inLanguage":"fr-FR","@id":"https:\/\/secure.gravatar.com\/avatar\/5e6c05150ce3230247d167f5b94d678eb05936197436d69b7921e3a95c9107ac?s=96&d=mm&r=g","url":"https:\/\/secure.gravatar.com\/avatar\/5e6c05150ce3230247d167f5b94d678eb05936197436d69b7921e3a95c9107ac?s=96&d=mm&r=g","contentUrl":"https:\/\/secure.gravatar.com\/avatar\/5e6c05150ce3230247d167f5b94d678eb05936197436d69b7921e3a95c9107ac?s=96&d=mm&r=g","caption":"Issouf Tapsoba"},"url":"https:\/\/www.latribunedufaso.net\/?author=5"}]}},"_links":{"self":[{"href":"https:\/\/www.latribunedufaso.net\/index.php?rest_route=\/wp\/v2\/posts\/12095","targetHints":{"allow":["GET"]}}],"collection":[{"href":"https:\/\/www.latribunedufaso.net\/index.php?rest_route=\/wp\/v2\/posts"}],"about":[{"href":"https:\/\/www.latribunedufaso.net\/index.php?rest_route=\/wp\/v2\/types\/post"}],"author":[{"embeddable":true,"href":"https:\/\/www.latribunedufaso.net\/index.php?rest_route=\/wp\/v2\/users\/5"}],"replies":[{"embeddable":true,"href":"https:\/\/www.latribunedufaso.net\/index.php?rest_route=%2Fwp%2Fv2%2Fcomments&post=12095"}],"version-history":[{"count":2,"href":"https:\/\/www.latribunedufaso.net\/index.php?rest_route=\/wp\/v2\/posts\/12095\/revisions"}],"predecessor-version":[{"id":12103,"href":"https:\/\/www.latribunedufaso.net\/index.php?rest_route=\/wp\/v2\/posts\/12095\/revisions\/12103"}],"wp:featuredmedia":[{"embeddable":true,"href":"https:\/\/www.latribunedufaso.net\/index.php?rest_route=\/wp\/v2\/media\/12099"}],"wp:attachment":[{"href":"https:\/\/www.latribunedufaso.net\/index.php?rest_route=%2Fwp%2Fv2%2Fmedia&parent=12095"}],"wp:term":[{"taxonomy":"category","embeddable":true,"href":"https:\/\/www.latribunedufaso.net\/index.php?rest_route=%2Fwp%2Fv2%2Fcategories&post=12095"},{"taxonomy":"post_tag","embeddable":true,"href":"https:\/\/www.latribunedufaso.net\/index.php?rest_route=%2Fwp%2Fv2%2Ftags&post=12095"}],"curies":[{"name":"wp","href":"https:\/\/api.w.org\/{rel}","templated":true}]}}