{"id":11946,"date":"2024-02-28T19:19:54","date_gmt":"2024-02-28T19:19:54","guid":{"rendered":"https:\/\/www.latribunedufaso.net\/?p=11946"},"modified":"2024-02-28T19:26:27","modified_gmt":"2024-02-28T19:26:27","slug":"siael-2024-a-la-decouverte-de-jeunes-entrepreneurs-burkinabe","status":"publish","type":"post","link":"https:\/\/www.latribunedufaso.net\/?p=11946","title":{"rendered":"SIAEL 2024 : A la d\u00e9couverte de jeunes entrepreneurs burkinab\u00e8\u00a0"},"content":{"rendered":"<p><strong><span style=\"font-size: 1.0625rem;\">La premi\u00e8re \u00e9dition du SIAEL s\u2019est tenue du 20 au 27 f\u00e9vrier 2024 <\/span><\/strong><strong style=\"font-size: 1.0625rem;\"><span style=\"font-size: 1.0625rem;\">\u00e0 Ouagadougou plus pr\u00e9cis\u00e9ment \u00e0 Silmissin dans la commune rurale de Komsilga. Elle \u00e9tait plac\u00e9e sous la pr\u00e9sidence <\/span><\/strong><strong style=\"font-size: 1.0625rem;\"><span style=\"font-size: 1.0625rem;\">du Premier ministre Joachimson Kyelem de Tamb\u00e8la. Le pays d&rsquo;invit\u00e9 d&rsquo;honneur, le Mali, a \u00e9t\u00e9 repr\u00e9sent\u00e9 par le ministre malien de l\u2019Elevage et de la P\u00eache, Yaouba Bah.<\/span><\/strong><\/p>\n<p><!--more--><\/p>\n<p>Ce rendez-vous des acteurs du monde rural, a \u00e9galement connu la participation d\u2019une forte d\u00e9l\u00e9gation du Mali venue \u00e0 la suite du ministre, compos\u00e9e du Directeur g\u00e9n\u00e9ral de l\u2019Assembl\u00e9e permanente des chambres d\u2019agriculture du Mali (APCAM), l\u2019\u00e9quivalent de la Chambre national d\u2019agriculture au Burkina ainsi que 15 inter-professions maliens.<\/p>\n<p><a href=\"https:\/\/www.latribunedufaso.net\/wp-content\/uploads\/2024\/02\/IMG-20240228-WA0053.jpg\"><img loading=\"lazy\" decoding=\"async\" class=\"size-medium wp-image-11953 alignleft\" src=\"https:\/\/www.latribunedufaso.net\/wp-content\/uploads\/2024\/02\/IMG-20240228-WA0053-300x135.jpg\" alt=\"\" width=\"300\" height=\"135\" srcset=\"https:\/\/www.latribunedufaso.net\/wp-content\/uploads\/2024\/02\/IMG-20240228-WA0053-300x135.jpg 300w, https:\/\/www.latribunedufaso.net\/wp-content\/uploads\/2024\/02\/IMG-20240228-WA0053-1024x461.jpg 1024w, https:\/\/www.latribunedufaso.net\/wp-content\/uploads\/2024\/02\/IMG-20240228-WA0053-768x346.jpg 768w, https:\/\/www.latribunedufaso.net\/wp-content\/uploads\/2024\/02\/IMG-20240228-WA0053.jpg 1280w\" sizes=\"auto, (max-width: 300px) 100vw, 300px\" \/><\/a>Les participants \u00e0 ce salon, sont des agriculteurs, des \u00e9leveurs et les personnes exploitant de fa\u00e7on utilitaire la for\u00eat de fa\u00e7on utilitaire. En effet, venus des 4 coins du Burkinab\u00e8, ces acteurs du monde rural comptent montrer au monde entier que le Burkina \u00ab vit \u00bb, malgr\u00e9 le contexte difficile de crise s\u00e9curitaire.<\/p>\n<p>Il y a eu au programme des expositions-vente et des communications. Les meilleurs acteurs de chaque cat\u00e9gorie ont \u00e9t\u00e9 r\u00e9compens\u00e9. Une \u00e9quipe de Latribunedufaso.net<span style=\"font-size: 1.0625rem;\"> est all\u00e9 \u00e0 la d\u00e9couverte des jeunes entrepreneurs burkinab\u00e8, participants \u00e0 l\u2019exposition sur le site \u00e0 Silmissin.<\/span><\/p>\n<figure id=\"attachment_11947\" aria-describedby=\"caption-attachment-11947\" style=\"width: 300px\" class=\"wp-caption alignleft\"><a href=\"https:\/\/www.latribunedufaso.net\/wp-content\/uploads\/2024\/02\/IMG-20240228-WA0044.jpg\"><img loading=\"lazy\" decoding=\"async\" class=\"wp-image-11947 size-medium\" src=\"https:\/\/www.latribunedufaso.net\/wp-content\/uploads\/2024\/02\/IMG-20240228-WA0044-300x185.jpg\" width=\"300\" height=\"185\" srcset=\"https:\/\/www.latribunedufaso.net\/wp-content\/uploads\/2024\/02\/IMG-20240228-WA0044-300x185.jpg 300w, https:\/\/www.latribunedufaso.net\/wp-content\/uploads\/2024\/02\/IMG-20240228-WA0044-1024x631.jpg 1024w, https:\/\/www.latribunedufaso.net\/wp-content\/uploads\/2024\/02\/IMG-20240228-WA0044-768x473.jpg 768w, https:\/\/www.latribunedufaso.net\/wp-content\/uploads\/2024\/02\/IMG-20240228-WA0044.jpg 1080w\" sizes=\"auto, (max-width: 300px) 100vw, 300px\" \/><\/a><figcaption id=\"caption-attachment-11947\" class=\"wp-caption-text\">La responsable de l&rsquo;entreprise \u00ab\u00a0Kemiso service SARL\u00a0\u00bb, Florentine Sanou<\/figcaption><\/figure>\n<p>La premi\u00e8re se nomme Florentine Sanou. Elle est la responsable de l\u2019entreprise \u00ab Kemiso service SARL \u00bb qui est une entreprise \u00e9voluant dans la vente et la transformation des c\u00e9r\u00e9ales locales telles que le ma\u00efs, le petit mil et le riz. Cette jeune dame s\u2019est \u00e9galement sp\u00e9cialis\u00e9e dans la transformation des diff\u00e9rentes c\u00e9r\u00e9ales en repas pr\u00e9cuit et en repas instantan\u00e9.<\/p>\n<p><a href=\"https:\/\/www.latribunedufaso.net\/wp-content\/uploads\/2024\/02\/IMG-20240228-WA0045.jpg\"><img loading=\"lazy\" decoding=\"async\" class=\"size-medium wp-image-11948 alignleft\" src=\"https:\/\/www.latribunedufaso.net\/wp-content\/uploads\/2024\/02\/IMG-20240228-WA0045-300x135.jpg\" alt=\"\" width=\"300\" height=\"135\" srcset=\"https:\/\/www.latribunedufaso.net\/wp-content\/uploads\/2024\/02\/IMG-20240228-WA0045-300x135.jpg 300w, https:\/\/www.latribunedufaso.net\/wp-content\/uploads\/2024\/02\/IMG-20240228-WA0045-768x346.jpg 768w, https:\/\/www.latribunedufaso.net\/wp-content\/uploads\/2024\/02\/IMG-20240228-WA0045.jpg 1020w\" sizes=\"auto, (max-width: 300px) 100vw, 300px\" \/><\/a>Elle propose sur le march\u00e9 le riz gras au soumbala pr\u00e9cuit, le riz gras au haricot vert pr\u00e9cuit, le bassi SAP SAP. \u00ab Pour tous nos riz, il y a tout ce dont il faut pour la cuisson \u00e0 l\u2019 int\u00e9rieur. Tout ce qui va manquer au client c\u2019est de l\u2019eau et de l\u2019huile \u00bb, a expliqu\u00e9 la responsable de l\u2019entreprise. Quant \u00e0 la localisation de sa boutique, Florentine Sanou, dit \u00eatre \u00e0 Ouagadougou plus pr\u00e9cis\u00e9ment \u00e0 Tengandogo.<\/p>\n<figure id=\"attachment_11949\" aria-describedby=\"caption-attachment-11949\" style=\"width: 300px\" class=\"wp-caption alignleft\"><a href=\"https:\/\/www.latribunedufaso.net\/wp-content\/uploads\/2024\/02\/IMG-20240228-WA0046.jpg\"><img loading=\"lazy\" decoding=\"async\" class=\"wp-image-11949 size-medium\" src=\"https:\/\/www.latribunedufaso.net\/wp-content\/uploads\/2024\/02\/IMG-20240228-WA0046-300x135.jpg\" width=\"300\" height=\"135\" srcset=\"https:\/\/www.latribunedufaso.net\/wp-content\/uploads\/2024\/02\/IMG-20240228-WA0046-300x135.jpg 300w, https:\/\/www.latribunedufaso.net\/wp-content\/uploads\/2024\/02\/IMG-20240228-WA0046-768x346.jpg 768w, https:\/\/www.latribunedufaso.net\/wp-content\/uploads\/2024\/02\/IMG-20240228-WA0046.jpg 1020w\" sizes=\"auto, (max-width: 300px) 100vw, 300px\" \/><\/a><figcaption id=\"caption-attachment-11949\" class=\"wp-caption-text\">La promotrrice de l&rsquo;entreprise \u00ab\u00a0Latifa Mougou\u00a0\u00bb, Latifa Simboro<\/figcaption><\/figure>\n<p>Une autre participante au SIAEL, Latifa Simboro, a appr\u00e9ci\u00e9 l\u2019initiative. En effet, \u00e0 \u00e9couter la promotrice de l\u2019entreprise \u00ab Latifa Mougou \u00bb, \u00e9conomiste agricole de formation, \u00ab Le salon va permettre de tisser des collaborations avec des fournisseurs, avec des clients potentiels et \u00e9galement voir ce qui peut \u00eatre ajout\u00e9 aux produits parce qu\u2019il y a des diversit\u00e9s de produits qui nous permettent de voir ce que le voisin fait, ce que je peux faire pour am\u00e9liorer.\u00bb<\/p>\n<p><a href=\"https:\/\/www.latribunedufaso.net\/wp-content\/uploads\/2024\/02\/IMG-20240228-WA0047.jpg\"><img loading=\"lazy\" decoding=\"async\" class=\"size-medium wp-image-11950 alignleft\" src=\"https:\/\/www.latribunedufaso.net\/wp-content\/uploads\/2024\/02\/IMG-20240228-WA0047-300x130.jpg\" alt=\"\" width=\"300\" height=\"130\" srcset=\"https:\/\/www.latribunedufaso.net\/wp-content\/uploads\/2024\/02\/IMG-20240228-WA0047-300x130.jpg 300w, https:\/\/www.latribunedufaso.net\/wp-content\/uploads\/2024\/02\/IMG-20240228-WA0047-1024x445.jpg 1024w, https:\/\/www.latribunedufaso.net\/wp-content\/uploads\/2024\/02\/IMG-20240228-WA0047-768x334.jpg 768w, https:\/\/www.latribunedufaso.net\/wp-content\/uploads\/2024\/02\/IMG-20240228-WA0047.jpg 1080w\" sizes=\"auto, (max-width: 300px) 100vw, 300px\" \/><\/a>\u00ab Latifa Mougou \u00bb , est une entreprise qui \u00e9volue dans la transformation des produits agricoles du Burkina en farine et couscous. \u00ab Nous avons la farine de ma\u00efs qui se distingue en 5 cat\u00e9gories \u00e0 savoir la farine de ma\u00efs ordinaire o\u00f9 on a enlev\u00e9 le son, la farine de ma\u00efs compl\u00e8te avec le son, la farine de ma\u00efs potass\u00e9 avec la potasse, la farine de ma\u00efs bio-fortifi\u00e9e au moringa que nous avons enrichi au moringa et la farine de ma\u00efs riche au citron ou au tamarin. Nous avons \u00e9galement la farine de mil (sorgho blanc, rouge et le petit mil) qui sont des farines compl\u00e8tes \u00e9galement puisque on n&rsquo;a pas enlev\u00e9 le son. La farine de tubercules (farine d\u2019igname de manioc de haricot et les couscous)\u00bb, a pr\u00e9sent\u00e9 ses produits la promotrice, Latifa Simboro. L&rsquo;entreprise est bas\u00e9e \u00e0 Ouagadougou dans le quartier Pissy.<\/p>\n<p><strong>Sont \u00e9galement pr\u00e9sents au SIAEL, des entreprises de transformation du miel<\/strong><\/p>\n<figure id=\"attachment_11951\" aria-describedby=\"caption-attachment-11951\" style=\"width: 300px\" class=\"wp-caption alignleft\"><a href=\"https:\/\/www.latribunedufaso.net\/wp-content\/uploads\/2024\/02\/IMG-20240228-WA0048.jpg\"><img loading=\"lazy\" decoding=\"async\" class=\"size-medium wp-image-11951\" src=\"https:\/\/www.latribunedufaso.net\/wp-content\/uploads\/2024\/02\/IMG-20240228-WA0048-300x148.jpg\" alt=\"\" width=\"300\" height=\"148\" srcset=\"https:\/\/www.latribunedufaso.net\/wp-content\/uploads\/2024\/02\/IMG-20240228-WA0048-300x148.jpg 300w, https:\/\/www.latribunedufaso.net\/wp-content\/uploads\/2024\/02\/IMG-20240228-WA0048-1024x503.jpg 1024w, https:\/\/www.latribunedufaso.net\/wp-content\/uploads\/2024\/02\/IMG-20240228-WA0048-768x378.jpg 768w, https:\/\/www.latribunedufaso.net\/wp-content\/uploads\/2024\/02\/IMG-20240228-WA0048.jpg 1080w\" sizes=\"auto, (max-width: 300px) 100vw, 300px\" \/><\/a><figcaption id=\"caption-attachment-11951\" class=\"wp-caption-text\">La promotrice de l&rsquo;entreprise \u00a0\u00bb Honey new deal \u00a0\u00bb Dame Wali<\/figcaption><\/figure>\n<p>Dame Wali, dans son stand, a expos\u00e9 des produits fabriqu\u00e9s \u00e0 base de miel. \u00ab Nos produits sont essentiellement \u00e0 base de miel, (filtr\u00e9 et non filtr\u00e9). Nous avons des savons faits \u00e0 base de miel et de l\u2019argile verte. Nous avons \u00e9galement de la pommade faite \u00e0 base de la cire d\u2019abeille et du beurre de karit\u00e9 tr\u00e8s bien pour la peau \u00bb, a t\u00e9moign\u00e9 dame Wali, PDG de l\u2019entreprise \u00ab Honey new deal \u00bb du Burkina Faso. L\u2019entreprise est situ\u00e9e dans le quartier Dassasgho de Ouagadougou.<\/p>\n<p>Enfin, nous avons fait la rencontre de l\u2019assistant du PDG du laboratoire ODYSS, Abdoul-Aziz Zabsonr\u00e9. Selon ce dernier, l\u2019entreprise est subdivis\u00e9e en deux grandes branches que sont la cosm\u00e9tique et l\u2019agro-alimentaire. \u00ab Dans le volet cosm\u00e9tique nous utilisons le beurre de karit\u00e9 pour produire tous nos produits que n<span style=\"font-size: 1.0625rem;\">ous exposons ici. Nous produisons \u00e9galement des huiles qui sont \u00e0 base des fruits et l\u00e9gumes que nous cultivons dans nos jardins \u00bb, confie Abdoul-Aziz Zabsonr\u00e9.<\/span><\/p>\n<figure id=\"attachment_11952\" aria-describedby=\"caption-attachment-11952\" style=\"width: 300px\" class=\"wp-caption alignleft\"><a href=\"https:\/\/www.latribunedufaso.net\/wp-content\/uploads\/2024\/02\/IMG-20240228-WA0049.jpg\"><img loading=\"lazy\" decoding=\"async\" class=\"wp-image-11952 size-medium\" src=\"https:\/\/www.latribunedufaso.net\/wp-content\/uploads\/2024\/02\/IMG-20240228-WA0049-300x168.jpg\" width=\"300\" height=\"168\" srcset=\"https:\/\/www.latribunedufaso.net\/wp-content\/uploads\/2024\/02\/IMG-20240228-WA0049-300x168.jpg 300w, https:\/\/www.latribunedufaso.net\/wp-content\/uploads\/2024\/02\/IMG-20240228-WA0049-1024x573.jpg 1024w, https:\/\/www.latribunedufaso.net\/wp-content\/uploads\/2024\/02\/IMG-20240228-WA0049-768x430.jpg 768w, https:\/\/www.latribunedufaso.net\/wp-content\/uploads\/2024\/02\/IMG-20240228-WA0049.jpg 1280w\" sizes=\"auto, (max-width: 300px) 100vw, 300px\" \/><\/a><figcaption id=\"caption-attachment-11952\" class=\"wp-caption-text\">L&rsquo;assistant du PDG du laboratoire ODYSS, Zabsonr\u00e9 Abdoul-Aziz.<\/figcaption><\/figure>\n<p>Toutes ces entreprises, pr\u00e9sent\u00e9es ci-dessus, ont eu acc\u00e8s aux stands gr\u00e2ce au partenariat qui existe entre le programme national des jeunes burkinab\u00e8 et l\u2019ambassade des Pays-Bas. Cela est une preuve de l\u2019engagement de l\u2019ambassadrice des Pays-Bas, Esther Loeffen, marraine de cette 1\u00e8re \u00e9dition du SIAEL \u00e0 soutenir le Burkina Faso dans l\u2019atteinte de son objectif de parvenir \u00e0 la souverainet\u00e9 alimentaire \u00e0 l\u2019horizon 2025.<\/p>\n<p><strong>Nabintou Ouattara\u00a0<\/strong><\/p>\n<p><strong><span style=\"font-size: 1.0625rem;\">Latribunedufa<\/span><span style=\"font-size: 1.0625rem;\">so.net<\/span><\/strong><\/p>\n","protected":false},"excerpt":{"rendered":"<p>La premi\u00e8re \u00e9dition du SIAEL s\u2019est tenue du 20 au 27 f\u00e9vrier 2024 \u00e0 Ouagadougou plus pr\u00e9cis\u00e9ment \u00e0 Silmissin dans la commune rurale de Komsilga. Elle \u00e9tait plac\u00e9e sous la pr\u00e9sidence du Premier ministre Joachimson Kyelem de Tamb\u00e8la. Le pays d&rsquo;invit\u00e9 d&rsquo;honneur, le Mali, a \u00e9t\u00e9 repr\u00e9sent\u00e9 par le ministre malien de l\u2019Elevage et de la P\u00eache, Yaouba Bah.<\/p>\n","protected":false},"author":5,"featured_media":11954,"comment_status":"open","ping_status":"open","sticky":false,"template":"","format":"standard","meta":{"footnotes":""},"categories":[13,1,10],"tags":[],"class_list":["post-11946","post","type-post","status-publish","format-standard","has-post-thumbnail","hentry","category-une","category-actu","category-eco"],"yoast_head":"<!-- This site is optimized with the Yoast SEO plugin v27.4 - https:\/\/yoast.com\/product\/yoast-seo-wordpress\/ -->\n<title>SIAEL 2024 : A la d\u00e9couverte de jeunes entrepreneurs burkinab\u00e8\u00a0 - La Tribune du Faso<\/title>\n<meta name=\"robots\" content=\"index, follow, max-snippet:-1, max-image-preview:large, max-video-preview:-1\" \/>\n<link rel=\"canonical\" href=\"https:\/\/www.latribunedufaso.net\/?p=11946\" \/>\n<meta property=\"og:locale\" content=\"fr_FR\" \/>\n<meta property=\"og:type\" content=\"article\" \/>\n<meta property=\"og:title\" content=\"SIAEL 2024 : A la d\u00e9couverte de jeunes entrepreneurs burkinab\u00e8\u00a0 - La Tribune du Faso\" \/>\n<meta property=\"og:description\" content=\"La premi\u00e8re \u00e9dition du SIAEL s\u2019est tenue du 20 au 27 f\u00e9vrier 2024 \u00e0 Ouagadougou plus pr\u00e9cis\u00e9ment \u00e0 Silmissin dans la commune rurale de Komsilga. Elle \u00e9tait plac\u00e9e sous la pr\u00e9sidence du Premier ministre Joachimson Kyelem de Tamb\u00e8la. Le pays d&rsquo;invit\u00e9 d&rsquo;honneur, le Mali, a \u00e9t\u00e9 repr\u00e9sent\u00e9 par le ministre malien de l\u2019Elevage et de la P\u00eache, Yaouba Bah.\" \/>\n<meta property=\"og:url\" content=\"https:\/\/www.latribunedufaso.net\/?p=11946\" \/>\n<meta property=\"og:site_name\" content=\"La Tribune du Faso\" \/>\n<meta property=\"article:publisher\" content=\"https:\/\/www.facebook.com\/LatribuneduFaso\/\" \/>\n<meta property=\"article:published_time\" content=\"2024-02-28T19:19:54+00:00\" \/>\n<meta property=\"article:modified_time\" content=\"2024-02-28T19:26:27+00:00\" \/>\n<meta property=\"og:image\" content=\"https:\/\/www.latribunedufaso.net\/wp-content\/uploads\/2024\/02\/IMG-20240228-WA0051.jpg\" \/>\n\t<meta property=\"og:image:width\" content=\"1166\" \/>\n\t<meta property=\"og:image:height\" content=\"916\" \/>\n\t<meta property=\"og:image:type\" content=\"image\/jpeg\" \/>\n<meta name=\"author\" content=\"Issouf Tapsoba\" \/>\n<meta name=\"twitter:label1\" content=\"\u00c9crit par\" \/>\n\t<meta name=\"twitter:data1\" content=\"Issouf Tapsoba\" \/>\n\t<meta name=\"twitter:label2\" content=\"Dur\u00e9e de lecture estim\u00e9e\" \/>\n\t<meta name=\"twitter:data2\" content=\"5 minutes\" \/>\n<script type=\"application\/ld+json\" class=\"yoast-schema-graph\">{\"@context\":\"https:\\\/\\\/schema.org\",\"@graph\":[{\"@type\":\"Article\",\"@id\":\"https:\\\/\\\/www.latribunedufaso.net\\\/?p=11946#article\",\"isPartOf\":{\"@id\":\"https:\\\/\\\/www.latribunedufaso.net\\\/?p=11946\"},\"author\":{\"name\":\"Issouf Tapsoba\",\"@id\":\"https:\\\/\\\/www.latribunedufaso.net\\\/#\\\/schema\\\/person\\\/e54e64c5778a7e72cf80a318b7a622b0\"},\"headline\":\"SIAEL 2024 : A la d\u00e9couverte de jeunes entrepreneurs burkinab\u00e8\u00a0\",\"datePublished\":\"2024-02-28T19:19:54+00:00\",\"dateModified\":\"2024-02-28T19:26:27+00:00\",\"mainEntityOfPage\":{\"@id\":\"https:\\\/\\\/www.latribunedufaso.net\\\/?p=11946\"},\"wordCount\":931,\"commentCount\":0,\"publisher\":{\"@id\":\"https:\\\/\\\/www.latribunedufaso.net\\\/#organization\"},\"image\":{\"@id\":\"https:\\\/\\\/www.latribunedufaso.net\\\/?p=11946#primaryimage\"},\"thumbnailUrl\":\"https:\\\/\\\/www.latribunedufaso.net\\\/wp-content\\\/uploads\\\/2024\\\/02\\\/IMG-20240228-WA0051.jpg\",\"articleSection\":[\"A la une\",\"Actualit\u00e9\",\"Economie\"],\"inLanguage\":\"fr-FR\",\"potentialAction\":[{\"@type\":\"CommentAction\",\"name\":\"Comment\",\"target\":[\"https:\\\/\\\/www.latribunedufaso.net\\\/?p=11946#respond\"]}]},{\"@type\":\"WebPage\",\"@id\":\"https:\\\/\\\/www.latribunedufaso.net\\\/?p=11946\",\"url\":\"https:\\\/\\\/www.latribunedufaso.net\\\/?p=11946\",\"name\":\"SIAEL 2024 : A la d\u00e9couverte de jeunes entrepreneurs burkinab\u00e8\u00a0 - La Tribune du Faso\",\"isPartOf\":{\"@id\":\"https:\\\/\\\/www.latribunedufaso.net\\\/#website\"},\"primaryImageOfPage\":{\"@id\":\"https:\\\/\\\/www.latribunedufaso.net\\\/?p=11946#primaryimage\"},\"image\":{\"@id\":\"https:\\\/\\\/www.latribunedufaso.net\\\/?p=11946#primaryimage\"},\"thumbnailUrl\":\"https:\\\/\\\/www.latribunedufaso.net\\\/wp-content\\\/uploads\\\/2024\\\/02\\\/IMG-20240228-WA0051.jpg\",\"datePublished\":\"2024-02-28T19:19:54+00:00\",\"dateModified\":\"2024-02-28T19:26:27+00:00\",\"breadcrumb\":{\"@id\":\"https:\\\/\\\/www.latribunedufaso.net\\\/?p=11946#breadcrumb\"},\"inLanguage\":\"fr-FR\",\"potentialAction\":[{\"@type\":\"ReadAction\",\"target\":[\"https:\\\/\\\/www.latribunedufaso.net\\\/?p=11946\"]}]},{\"@type\":\"ImageObject\",\"inLanguage\":\"fr-FR\",\"@id\":\"https:\\\/\\\/www.latribunedufaso.net\\\/?p=11946#primaryimage\",\"url\":\"https:\\\/\\\/www.latribunedufaso.net\\\/wp-content\\\/uploads\\\/2024\\\/02\\\/IMG-20240228-WA0051.jpg\",\"contentUrl\":\"https:\\\/\\\/www.latribunedufaso.net\\\/wp-content\\\/uploads\\\/2024\\\/02\\\/IMG-20240228-WA0051.jpg\",\"width\":1166,\"height\":916},{\"@type\":\"BreadcrumbList\",\"@id\":\"https:\\\/\\\/www.latribunedufaso.net\\\/?p=11946#breadcrumb\",\"itemListElement\":[{\"@type\":\"ListItem\",\"position\":1,\"name\":\"Accueil\",\"item\":\"https:\\\/\\\/www.latribunedufaso.net\\\/\"},{\"@type\":\"ListItem\",\"position\":2,\"name\":\"SIAEL 2024 : A la d\u00e9couverte de jeunes entrepreneurs burkinab\u00e8\u00a0\"}]},{\"@type\":\"WebSite\",\"@id\":\"https:\\\/\\\/www.latribunedufaso.net\\\/#website\",\"url\":\"https:\\\/\\\/www.latribunedufaso.net\\\/\",\"name\":\"La Tribune du Faso\",\"description\":\"L&#039;information du monde rural en un clic\",\"publisher\":{\"@id\":\"https:\\\/\\\/www.latribunedufaso.net\\\/#organization\"},\"potentialAction\":[{\"@type\":\"SearchAction\",\"target\":{\"@type\":\"EntryPoint\",\"urlTemplate\":\"https:\\\/\\\/www.latribunedufaso.net\\\/?s={search_term_string}\"},\"query-input\":{\"@type\":\"PropertyValueSpecification\",\"valueRequired\":true,\"valueName\":\"search_term_string\"}}],\"inLanguage\":\"fr-FR\"},{\"@type\":\"Organization\",\"@id\":\"https:\\\/\\\/www.latribunedufaso.net\\\/#organization\",\"name\":\"La Tribune du Faso\",\"url\":\"https:\\\/\\\/www.latribunedufaso.net\\\/\",\"logo\":{\"@type\":\"ImageObject\",\"inLanguage\":\"fr-FR\",\"@id\":\"https:\\\/\\\/www.latribunedufaso.net\\\/#\\\/schema\\\/logo\\\/image\\\/\",\"url\":\"https:\\\/\\\/www.latribunedufaso.net\\\/wp-content\\\/uploads\\\/2020\\\/08\\\/Logo-Tribune-du-Faso-final-scaled.jpg\",\"contentUrl\":\"https:\\\/\\\/www.latribunedufaso.net\\\/wp-content\\\/uploads\\\/2020\\\/08\\\/Logo-Tribune-du-Faso-final-scaled.jpg\",\"width\":2560,\"height\":1856,\"caption\":\"La Tribune du Faso\"},\"image\":{\"@id\":\"https:\\\/\\\/www.latribunedufaso.net\\\/#\\\/schema\\\/logo\\\/image\\\/\"},\"sameAs\":[\"https:\\\/\\\/www.facebook.com\\\/LatribuneduFaso\\\/\"]},{\"@type\":\"Person\",\"@id\":\"https:\\\/\\\/www.latribunedufaso.net\\\/#\\\/schema\\\/person\\\/e54e64c5778a7e72cf80a318b7a622b0\",\"name\":\"Issouf Tapsoba\",\"image\":{\"@type\":\"ImageObject\",\"inLanguage\":\"fr-FR\",\"@id\":\"https:\\\/\\\/secure.gravatar.com\\\/avatar\\\/5e6c05150ce3230247d167f5b94d678eb05936197436d69b7921e3a95c9107ac?s=96&d=mm&r=g\",\"url\":\"https:\\\/\\\/secure.gravatar.com\\\/avatar\\\/5e6c05150ce3230247d167f5b94d678eb05936197436d69b7921e3a95c9107ac?s=96&d=mm&r=g\",\"contentUrl\":\"https:\\\/\\\/secure.gravatar.com\\\/avatar\\\/5e6c05150ce3230247d167f5b94d678eb05936197436d69b7921e3a95c9107ac?s=96&d=mm&r=g\",\"caption\":\"Issouf Tapsoba\"},\"url\":\"https:\\\/\\\/www.latribunedufaso.net\\\/?author=5\"}]}<\/script>\n<!-- \/ Yoast SEO plugin. -->","yoast_head_json":{"title":"SIAEL 2024 : A la d\u00e9couverte de jeunes entrepreneurs burkinab\u00e8\u00a0 - La Tribune du Faso","robots":{"index":"index","follow":"follow","max-snippet":"max-snippet:-1","max-image-preview":"max-image-preview:large","max-video-preview":"max-video-preview:-1"},"canonical":"https:\/\/www.latribunedufaso.net\/?p=11946","og_locale":"fr_FR","og_type":"article","og_title":"SIAEL 2024 : A la d\u00e9couverte de jeunes entrepreneurs burkinab\u00e8\u00a0 - La Tribune du Faso","og_description":"La premi\u00e8re \u00e9dition du SIAEL s\u2019est tenue du 20 au 27 f\u00e9vrier 2024 \u00e0 Ouagadougou plus pr\u00e9cis\u00e9ment \u00e0 Silmissin dans la commune rurale de Komsilga. Elle \u00e9tait plac\u00e9e sous la pr\u00e9sidence du Premier ministre Joachimson Kyelem de Tamb\u00e8la. Le pays d&rsquo;invit\u00e9 d&rsquo;honneur, le Mali, a \u00e9t\u00e9 repr\u00e9sent\u00e9 par le ministre malien de l\u2019Elevage et de la P\u00eache, Yaouba Bah.","og_url":"https:\/\/www.latribunedufaso.net\/?p=11946","og_site_name":"La Tribune du Faso","article_publisher":"https:\/\/www.facebook.com\/LatribuneduFaso\/","article_published_time":"2024-02-28T19:19:54+00:00","article_modified_time":"2024-02-28T19:26:27+00:00","og_image":[{"width":1166,"height":916,"url":"https:\/\/www.latribunedufaso.net\/wp-content\/uploads\/2024\/02\/IMG-20240228-WA0051.jpg","type":"image\/jpeg"}],"author":"Issouf Tapsoba","twitter_misc":{"\u00c9crit par":"Issouf Tapsoba","Dur\u00e9e de lecture estim\u00e9e":"5 minutes"},"schema":{"@context":"https:\/\/schema.org","@graph":[{"@type":"Article","@id":"https:\/\/www.latribunedufaso.net\/?p=11946#article","isPartOf":{"@id":"https:\/\/www.latribunedufaso.net\/?p=11946"},"author":{"name":"Issouf Tapsoba","@id":"https:\/\/www.latribunedufaso.net\/#\/schema\/person\/e54e64c5778a7e72cf80a318b7a622b0"},"headline":"SIAEL 2024 : A la d\u00e9couverte de jeunes entrepreneurs burkinab\u00e8\u00a0","datePublished":"2024-02-28T19:19:54+00:00","dateModified":"2024-02-28T19:26:27+00:00","mainEntityOfPage":{"@id":"https:\/\/www.latribunedufaso.net\/?p=11946"},"wordCount":931,"commentCount":0,"publisher":{"@id":"https:\/\/www.latribunedufaso.net\/#organization"},"image":{"@id":"https:\/\/www.latribunedufaso.net\/?p=11946#primaryimage"},"thumbnailUrl":"https:\/\/www.latribunedufaso.net\/wp-content\/uploads\/2024\/02\/IMG-20240228-WA0051.jpg","articleSection":["A la une","Actualit\u00e9","Economie"],"inLanguage":"fr-FR","potentialAction":[{"@type":"CommentAction","name":"Comment","target":["https:\/\/www.latribunedufaso.net\/?p=11946#respond"]}]},{"@type":"WebPage","@id":"https:\/\/www.latribunedufaso.net\/?p=11946","url":"https:\/\/www.latribunedufaso.net\/?p=11946","name":"SIAEL 2024 : A la d\u00e9couverte de jeunes entrepreneurs burkinab\u00e8\u00a0 - La Tribune du Faso","isPartOf":{"@id":"https:\/\/www.latribunedufaso.net\/#website"},"primaryImageOfPage":{"@id":"https:\/\/www.latribunedufaso.net\/?p=11946#primaryimage"},"image":{"@id":"https:\/\/www.latribunedufaso.net\/?p=11946#primaryimage"},"thumbnailUrl":"https:\/\/www.latribunedufaso.net\/wp-content\/uploads\/2024\/02\/IMG-20240228-WA0051.jpg","datePublished":"2024-02-28T19:19:54+00:00","dateModified":"2024-02-28T19:26:27+00:00","breadcrumb":{"@id":"https:\/\/www.latribunedufaso.net\/?p=11946#breadcrumb"},"inLanguage":"fr-FR","potentialAction":[{"@type":"ReadAction","target":["https:\/\/www.latribunedufaso.net\/?p=11946"]}]},{"@type":"ImageObject","inLanguage":"fr-FR","@id":"https:\/\/www.latribunedufaso.net\/?p=11946#primaryimage","url":"https:\/\/www.latribunedufaso.net\/wp-content\/uploads\/2024\/02\/IMG-20240228-WA0051.jpg","contentUrl":"https:\/\/www.latribunedufaso.net\/wp-content\/uploads\/2024\/02\/IMG-20240228-WA0051.jpg","width":1166,"height":916},{"@type":"BreadcrumbList","@id":"https:\/\/www.latribunedufaso.net\/?p=11946#breadcrumb","itemListElement":[{"@type":"ListItem","position":1,"name":"Accueil","item":"https:\/\/www.latribunedufaso.net\/"},{"@type":"ListItem","position":2,"name":"SIAEL 2024 : A la d\u00e9couverte de jeunes entrepreneurs burkinab\u00e8\u00a0"}]},{"@type":"WebSite","@id":"https:\/\/www.latribunedufaso.net\/#website","url":"https:\/\/www.latribunedufaso.net\/","name":"La Tribune du Faso","description":"L&#039;information du monde rural en un clic","publisher":{"@id":"https:\/\/www.latribunedufaso.net\/#organization"},"potentialAction":[{"@type":"SearchAction","target":{"@type":"EntryPoint","urlTemplate":"https:\/\/www.latribunedufaso.net\/?s={search_term_string}"},"query-input":{"@type":"PropertyValueSpecification","valueRequired":true,"valueName":"search_term_string"}}],"inLanguage":"fr-FR"},{"@type":"Organization","@id":"https:\/\/www.latribunedufaso.net\/#organization","name":"La Tribune du Faso","url":"https:\/\/www.latribunedufaso.net\/","logo":{"@type":"ImageObject","inLanguage":"fr-FR","@id":"https:\/\/www.latribunedufaso.net\/#\/schema\/logo\/image\/","url":"https:\/\/www.latribunedufaso.net\/wp-content\/uploads\/2020\/08\/Logo-Tribune-du-Faso-final-scaled.jpg","contentUrl":"https:\/\/www.latribunedufaso.net\/wp-content\/uploads\/2020\/08\/Logo-Tribune-du-Faso-final-scaled.jpg","width":2560,"height":1856,"caption":"La Tribune du Faso"},"image":{"@id":"https:\/\/www.latribunedufaso.net\/#\/schema\/logo\/image\/"},"sameAs":["https:\/\/www.facebook.com\/LatribuneduFaso\/"]},{"@type":"Person","@id":"https:\/\/www.latribunedufaso.net\/#\/schema\/person\/e54e64c5778a7e72cf80a318b7a622b0","name":"Issouf Tapsoba","image":{"@type":"ImageObject","inLanguage":"fr-FR","@id":"https:\/\/secure.gravatar.com\/avatar\/5e6c05150ce3230247d167f5b94d678eb05936197436d69b7921e3a95c9107ac?s=96&d=mm&r=g","url":"https:\/\/secure.gravatar.com\/avatar\/5e6c05150ce3230247d167f5b94d678eb05936197436d69b7921e3a95c9107ac?s=96&d=mm&r=g","contentUrl":"https:\/\/secure.gravatar.com\/avatar\/5e6c05150ce3230247d167f5b94d678eb05936197436d69b7921e3a95c9107ac?s=96&d=mm&r=g","caption":"Issouf Tapsoba"},"url":"https:\/\/www.latribunedufaso.net\/?author=5"}]}},"_links":{"self":[{"href":"https:\/\/www.latribunedufaso.net\/index.php?rest_route=\/wp\/v2\/posts\/11946","targetHints":{"allow":["GET"]}}],"collection":[{"href":"https:\/\/www.latribunedufaso.net\/index.php?rest_route=\/wp\/v2\/posts"}],"about":[{"href":"https:\/\/www.latribunedufaso.net\/index.php?rest_route=\/wp\/v2\/types\/post"}],"author":[{"embeddable":true,"href":"https:\/\/www.latribunedufaso.net\/index.php?rest_route=\/wp\/v2\/users\/5"}],"replies":[{"embeddable":true,"href":"https:\/\/www.latribunedufaso.net\/index.php?rest_route=%2Fwp%2Fv2%2Fcomments&post=11946"}],"version-history":[{"count":3,"href":"https:\/\/www.latribunedufaso.net\/index.php?rest_route=\/wp\/v2\/posts\/11946\/revisions"}],"predecessor-version":[{"id":11957,"href":"https:\/\/www.latribunedufaso.net\/index.php?rest_route=\/wp\/v2\/posts\/11946\/revisions\/11957"}],"wp:featuredmedia":[{"embeddable":true,"href":"https:\/\/www.latribunedufaso.net\/index.php?rest_route=\/wp\/v2\/media\/11954"}],"wp:attachment":[{"href":"https:\/\/www.latribunedufaso.net\/index.php?rest_route=%2Fwp%2Fv2%2Fmedia&parent=11946"}],"wp:term":[{"taxonomy":"category","embeddable":true,"href":"https:\/\/www.latribunedufaso.net\/index.php?rest_route=%2Fwp%2Fv2%2Fcategories&post=11946"},{"taxonomy":"post_tag","embeddable":true,"href":"https:\/\/www.latribunedufaso.net\/index.php?rest_route=%2Fwp%2Fv2%2Ftags&post=11946"}],"curies":[{"name":"wp","href":"https:\/\/api.w.org\/{rel}","templated":true}]}}