{"id":11934,"date":"2024-02-28T18:35:12","date_gmt":"2024-02-28T18:35:12","guid":{"rendered":"https:\/\/www.latribunedufaso.net\/?p=11934"},"modified":"2024-02-28T18:35:12","modified_gmt":"2024-02-28T18:35:12","slug":"conseil-des-ministres-le-gouvernement-dissout-lunite-speciale-dintervention-des-eaux-et-forets","status":"publish","type":"post","link":"https:\/\/www.latribunedufaso.net\/?p=11934","title":{"rendered":"Conseil des ministres : Le gouvernement dissout l\u2019Unit\u00e9 sp\u00e9ciale d\u2019intervention des Eaux et for\u00eats"},"content":{"rendered":"<p><strong><span style=\"font-size: 1.0625rem;\">(Ouagadougou, 28 f\u00e9vrier 2024). Le Pr\u00e9sident de la Transition, Chef de l\u2019Etat, le Capitaine Ibrahim TRAORE a pr\u00e9sid\u00e9 ce mercredi, le Conseil des ministres qui a examin\u00e9 et adopt\u00e9 des dossiers importants au titre de plusieurs d\u00e9partements minist\u00e9riels, selon le ministre d\u2019Etat, Porte-parole du gouvernement, Jean Emmanuel OUEDRAOGO.<\/span><\/strong><br \/><!--more--><\/p>\n<p>Au titre du minist\u00e8re de la Fonction publique, du Travail et de la Protection sociale, le Conseil a adopt\u00e9 un d\u00e9cret portant d\u00e9termination des conditions et des modalit\u00e9s de r\u00e9partition et de pr\u00e9l\u00e8vement de la cotisation ainsi que les d\u00e9lais de son versement \u00e0 la Caisse nationale d\u2019assurance maladie universelle. Pour le ministre d\u2019Etat Bassolma BAZIE, ce d\u00e9cret permettra \u00e0 toutes les couches sociales de notre pays d\u2019\u00eatre prises en compte et surtout de faire face, de fa\u00e7on efficace \u00e0 la question sanitaire.<\/p>\n<p><a href=\"https:\/\/www.latribunedufaso.net\/wp-content\/uploads\/2024\/02\/FB_IMG_1709144806640.jpg\"><img loading=\"lazy\" decoding=\"async\" class=\"size-medium wp-image-11936 alignleft\" src=\"https:\/\/www.latribunedufaso.net\/wp-content\/uploads\/2024\/02\/FB_IMG_1709144806640-300x229.jpg\" alt=\"\" width=\"300\" height=\"229\" srcset=\"https:\/\/www.latribunedufaso.net\/wp-content\/uploads\/2024\/02\/FB_IMG_1709144806640-300x229.jpg 300w, https:\/\/www.latribunedufaso.net\/wp-content\/uploads\/2024\/02\/FB_IMG_1709144806640.jpg 720w\" sizes=\"auto, (max-width: 300px) 100vw, 300px\" \/><\/a>\u00ab Ce n\u2019est pas au d\u00e9part, une obligation pour les populations dans la mesure o\u00f9 il faudra enregistrer les acteurs qui sont concern\u00e9s. Si vous ne vous \u00eates pas fait enregistrer, pour le moment, vous n\u2019\u00eates pas concern\u00e9s par la situation. L\u2019autre \u00e9l\u00e9ment, c\u2019est la temporalit\u00e9 de la mise en \u0153uvre qui va se faire sur une p\u00e9riode d\u2019essai \u00bb, a soutenu M. BAZIE. Il a invit\u00e9 l\u2019ensemble des acteurs du priv\u00e9, du secteur informel et du public, \u00e0 s\u2019engager afin que leur sant\u00e9 soit prise en charge de fa\u00e7on ad\u00e9quate.<\/p>\n<p>Au titre du minist\u00e8re de l\u2019Environnement, de l\u2019Eau et de l\u2019Assainissement, une communication orale a \u00e9t\u00e9 faite au Conseil sur la dissolution de l\u2019Unit\u00e9 sp\u00e9ciale d\u2019intervention des Eaux et for\u00eats \u00e0 la suite d\u2019un mouvement d\u2019humeur d\u2019une partie de l\u2019unit\u00e9, le 21 f\u00e9vrier dernier \u00e0 la Direction g\u00e9n\u00e9rale des Eaux et for\u00eats.<\/p>\n<p><a href=\"https:\/\/www.latribunedufaso.net\/wp-content\/uploads\/2024\/02\/FB_IMG_1709144803346.jpg\"><img loading=\"lazy\" decoding=\"async\" class=\"size-medium wp-image-11937 alignleft\" src=\"https:\/\/www.latribunedufaso.net\/wp-content\/uploads\/2024\/02\/FB_IMG_1709144803346-300x200.jpg\" alt=\"\" width=\"300\" height=\"200\" srcset=\"https:\/\/www.latribunedufaso.net\/wp-content\/uploads\/2024\/02\/FB_IMG_1709144803346-300x200.jpg 300w, https:\/\/www.latribunedufaso.net\/wp-content\/uploads\/2024\/02\/FB_IMG_1709144803346-120x80.jpg 120w, https:\/\/www.latribunedufaso.net\/wp-content\/uploads\/2024\/02\/FB_IMG_1709144803346-360x240.jpg 360w, https:\/\/www.latribunedufaso.net\/wp-content\/uploads\/2024\/02\/FB_IMG_1709144803346-600x400.jpg 600w, https:\/\/www.latribunedufaso.net\/wp-content\/uploads\/2024\/02\/FB_IMG_1709144803346.jpg 720w\" sizes=\"auto, (max-width: 300px) 100vw, 300px\" \/><\/a>\u00ab Cette unit\u00e9 a \u00e9t\u00e9 mandat\u00e9e pour une op\u00e9ration de s\u00e9curisation dans la r\u00e9gion des Hauts-Bassins. Des instructions ont \u00e9t\u00e9 donn\u00e9es pour qu\u2019elle replie sur un autre site dans le Centre-ouest. L\u2019unit\u00e9 a oppos\u00e9 une fin de non-recevoir. Elle a donc \u00e9t\u00e9 somm\u00e9e de regagner Ouagadougou. Une fois dans la capitale, elle a pris en otage, le Directeur g\u00e9n\u00e9ral des Eaux et for\u00eats en emp\u00eachant toute sortie. Apr\u00e8s moults tractations, l\u2019unit\u00e9 a \u00e9t\u00e9 d\u00e9sarm\u00e9e \u00bb, a expliqu\u00e9 le ministre Roger BARO.<\/p>\n<p>Pour lui, les faits constat\u00e9s sont tr\u00e8s graves et inadmissibles selon le r\u00e8glement de discipline g\u00e9n\u00e9rale des Eaux et for\u00eats. Le Conseil a donc d\u00e9cid\u00e9 de la dissolution de l\u2019Unit\u00e9. Les 165 \u00e9l\u00e9ments qui sont rentr\u00e9s en mouvement, a dit M. BARO, seront sanctionn\u00e9s conform\u00e9ment aux textes.<\/p>\n<p>En rappel, l\u2019unit\u00e9 sp\u00e9ciale d\u2019intervention des Eaux et for\u00eats a \u00e9t\u00e9 mise en place en 2023, puis rendue op\u00e9rationnelle \u00e0 partir du deuxi\u00e8me semestre de la m\u00eame ann\u00e9e avec un effectif de 250 hommes.<\/p>\n<p><strong>Latribunedufaso.net<\/strong><\/p>\n<p><strong>Source : Direction de la Communication de la Pr\u00e9sidence du Faso<\/strong><\/p>\n","protected":false},"excerpt":{"rendered":"<p>(Ouagadougou, 28 f\u00e9vrier 2024). Le Pr\u00e9sident de la Transition, Chef de l\u2019Etat, le Capitaine Ibrahim TRAORE a pr\u00e9sid\u00e9 ce mercredi, le Conseil des ministres qui a examin\u00e9 et adopt\u00e9 des dossiers importants au titre de plusieurs d\u00e9partements minist\u00e9riels, selon le ministre d\u2019Etat, Porte-parole du gouvernement, Jean Emmanuel OUEDRAOGO.<\/p>\n","protected":false},"author":5,"featured_media":11935,"comment_status":"open","ping_status":"open","sticky":false,"template":"","format":"standard","meta":{"footnotes":""},"categories":[13,1,21],"tags":[],"class_list":["post-11934","post","type-post","status-publish","format-standard","has-post-thumbnail","hentry","category-une","category-actu","category-conseil-des-ministres"],"yoast_head":"<!-- This site is optimized with the Yoast SEO plugin v27.4 - https:\/\/yoast.com\/product\/yoast-seo-wordpress\/ -->\n<title>Conseil des ministres : Le gouvernement dissout l\u2019Unit\u00e9 sp\u00e9ciale d\u2019intervention des Eaux et for\u00eats - La Tribune du Faso<\/title>\n<meta name=\"robots\" content=\"index, follow, max-snippet:-1, max-image-preview:large, max-video-preview:-1\" \/>\n<link rel=\"canonical\" href=\"https:\/\/www.latribunedufaso.net\/?p=11934\" \/>\n<meta property=\"og:locale\" content=\"fr_FR\" \/>\n<meta property=\"og:type\" content=\"article\" \/>\n<meta property=\"og:title\" content=\"Conseil des ministres : Le gouvernement dissout l\u2019Unit\u00e9 sp\u00e9ciale d\u2019intervention des Eaux et for\u00eats - La Tribune du Faso\" \/>\n<meta property=\"og:description\" content=\"(Ouagadougou, 28 f\u00e9vrier 2024). Le Pr\u00e9sident de la Transition, Chef de l\u2019Etat, le Capitaine Ibrahim TRAORE a pr\u00e9sid\u00e9 ce mercredi, le Conseil des ministres qui a examin\u00e9 et adopt\u00e9 des dossiers importants au titre de plusieurs d\u00e9partements minist\u00e9riels, selon le ministre d\u2019Etat, Porte-parole du gouvernement, Jean Emmanuel OUEDRAOGO.\" \/>\n<meta property=\"og:url\" content=\"https:\/\/www.latribunedufaso.net\/?p=11934\" \/>\n<meta property=\"og:site_name\" content=\"La Tribune du Faso\" \/>\n<meta property=\"article:publisher\" content=\"https:\/\/www.facebook.com\/LatribuneduFaso\/\" \/>\n<meta property=\"article:published_time\" content=\"2024-02-28T18:35:12+00:00\" \/>\n<meta property=\"og:image\" content=\"https:\/\/www.latribunedufaso.net\/wp-content\/uploads\/2024\/02\/FB_IMG_1709145086463.jpg\" \/>\n\t<meta property=\"og:image:width\" content=\"720\" \/>\n\t<meta property=\"og:image:height\" content=\"420\" \/>\n\t<meta property=\"og:image:type\" content=\"image\/jpeg\" \/>\n<meta name=\"author\" content=\"Issouf Tapsoba\" \/>\n<meta name=\"twitter:label1\" content=\"\u00c9crit par\" \/>\n\t<meta name=\"twitter:data1\" content=\"Issouf Tapsoba\" \/>\n\t<meta name=\"twitter:label2\" content=\"Dur\u00e9e de lecture estim\u00e9e\" \/>\n\t<meta name=\"twitter:data2\" content=\"3 minutes\" \/>\n<script type=\"application\/ld+json\" class=\"yoast-schema-graph\">{\"@context\":\"https:\\\/\\\/schema.org\",\"@graph\":[{\"@type\":\"Article\",\"@id\":\"https:\\\/\\\/www.latribunedufaso.net\\\/?p=11934#article\",\"isPartOf\":{\"@id\":\"https:\\\/\\\/www.latribunedufaso.net\\\/?p=11934\"},\"author\":{\"name\":\"Issouf Tapsoba\",\"@id\":\"https:\\\/\\\/www.latribunedufaso.net\\\/#\\\/schema\\\/person\\\/e54e64c5778a7e72cf80a318b7a622b0\"},\"headline\":\"Conseil des ministres : Le gouvernement dissout l\u2019Unit\u00e9 sp\u00e9ciale d\u2019intervention des Eaux et for\u00eats\",\"datePublished\":\"2024-02-28T18:35:12+00:00\",\"mainEntityOfPage\":{\"@id\":\"https:\\\/\\\/www.latribunedufaso.net\\\/?p=11934\"},\"wordCount\":535,\"commentCount\":0,\"publisher\":{\"@id\":\"https:\\\/\\\/www.latribunedufaso.net\\\/#organization\"},\"image\":{\"@id\":\"https:\\\/\\\/www.latribunedufaso.net\\\/?p=11934#primaryimage\"},\"thumbnailUrl\":\"https:\\\/\\\/www.latribunedufaso.net\\\/wp-content\\\/uploads\\\/2024\\\/02\\\/FB_IMG_1709145086463.jpg\",\"articleSection\":[\"A la une\",\"Actualit\u00e9\",\"Conseil des ministres\"],\"inLanguage\":\"fr-FR\",\"potentialAction\":[{\"@type\":\"CommentAction\",\"name\":\"Comment\",\"target\":[\"https:\\\/\\\/www.latribunedufaso.net\\\/?p=11934#respond\"]}]},{\"@type\":\"WebPage\",\"@id\":\"https:\\\/\\\/www.latribunedufaso.net\\\/?p=11934\",\"url\":\"https:\\\/\\\/www.latribunedufaso.net\\\/?p=11934\",\"name\":\"Conseil des ministres : Le gouvernement dissout l\u2019Unit\u00e9 sp\u00e9ciale d\u2019intervention des Eaux et for\u00eats - La Tribune du Faso\",\"isPartOf\":{\"@id\":\"https:\\\/\\\/www.latribunedufaso.net\\\/#website\"},\"primaryImageOfPage\":{\"@id\":\"https:\\\/\\\/www.latribunedufaso.net\\\/?p=11934#primaryimage\"},\"image\":{\"@id\":\"https:\\\/\\\/www.latribunedufaso.net\\\/?p=11934#primaryimage\"},\"thumbnailUrl\":\"https:\\\/\\\/www.latribunedufaso.net\\\/wp-content\\\/uploads\\\/2024\\\/02\\\/FB_IMG_1709145086463.jpg\",\"datePublished\":\"2024-02-28T18:35:12+00:00\",\"breadcrumb\":{\"@id\":\"https:\\\/\\\/www.latribunedufaso.net\\\/?p=11934#breadcrumb\"},\"inLanguage\":\"fr-FR\",\"potentialAction\":[{\"@type\":\"ReadAction\",\"target\":[\"https:\\\/\\\/www.latribunedufaso.net\\\/?p=11934\"]}]},{\"@type\":\"ImageObject\",\"inLanguage\":\"fr-FR\",\"@id\":\"https:\\\/\\\/www.latribunedufaso.net\\\/?p=11934#primaryimage\",\"url\":\"https:\\\/\\\/www.latribunedufaso.net\\\/wp-content\\\/uploads\\\/2024\\\/02\\\/FB_IMG_1709145086463.jpg\",\"contentUrl\":\"https:\\\/\\\/www.latribunedufaso.net\\\/wp-content\\\/uploads\\\/2024\\\/02\\\/FB_IMG_1709145086463.jpg\",\"width\":720,\"height\":420},{\"@type\":\"BreadcrumbList\",\"@id\":\"https:\\\/\\\/www.latribunedufaso.net\\\/?p=11934#breadcrumb\",\"itemListElement\":[{\"@type\":\"ListItem\",\"position\":1,\"name\":\"Accueil\",\"item\":\"https:\\\/\\\/www.latribunedufaso.net\\\/\"},{\"@type\":\"ListItem\",\"position\":2,\"name\":\"Conseil des ministres : Le gouvernement dissout l\u2019Unit\u00e9 sp\u00e9ciale d\u2019intervention des Eaux et for\u00eats\"}]},{\"@type\":\"WebSite\",\"@id\":\"https:\\\/\\\/www.latribunedufaso.net\\\/#website\",\"url\":\"https:\\\/\\\/www.latribunedufaso.net\\\/\",\"name\":\"La Tribune du Faso\",\"description\":\"L&#039;information du monde rural en un clic\",\"publisher\":{\"@id\":\"https:\\\/\\\/www.latribunedufaso.net\\\/#organization\"},\"potentialAction\":[{\"@type\":\"SearchAction\",\"target\":{\"@type\":\"EntryPoint\",\"urlTemplate\":\"https:\\\/\\\/www.latribunedufaso.net\\\/?s={search_term_string}\"},\"query-input\":{\"@type\":\"PropertyValueSpecification\",\"valueRequired\":true,\"valueName\":\"search_term_string\"}}],\"inLanguage\":\"fr-FR\"},{\"@type\":\"Organization\",\"@id\":\"https:\\\/\\\/www.latribunedufaso.net\\\/#organization\",\"name\":\"La Tribune du Faso\",\"url\":\"https:\\\/\\\/www.latribunedufaso.net\\\/\",\"logo\":{\"@type\":\"ImageObject\",\"inLanguage\":\"fr-FR\",\"@id\":\"https:\\\/\\\/www.latribunedufaso.net\\\/#\\\/schema\\\/logo\\\/image\\\/\",\"url\":\"https:\\\/\\\/www.latribunedufaso.net\\\/wp-content\\\/uploads\\\/2020\\\/08\\\/Logo-Tribune-du-Faso-final-scaled.jpg\",\"contentUrl\":\"https:\\\/\\\/www.latribunedufaso.net\\\/wp-content\\\/uploads\\\/2020\\\/08\\\/Logo-Tribune-du-Faso-final-scaled.jpg\",\"width\":2560,\"height\":1856,\"caption\":\"La Tribune du Faso\"},\"image\":{\"@id\":\"https:\\\/\\\/www.latribunedufaso.net\\\/#\\\/schema\\\/logo\\\/image\\\/\"},\"sameAs\":[\"https:\\\/\\\/www.facebook.com\\\/LatribuneduFaso\\\/\"]},{\"@type\":\"Person\",\"@id\":\"https:\\\/\\\/www.latribunedufaso.net\\\/#\\\/schema\\\/person\\\/e54e64c5778a7e72cf80a318b7a622b0\",\"name\":\"Issouf Tapsoba\",\"image\":{\"@type\":\"ImageObject\",\"inLanguage\":\"fr-FR\",\"@id\":\"https:\\\/\\\/secure.gravatar.com\\\/avatar\\\/5e6c05150ce3230247d167f5b94d678eb05936197436d69b7921e3a95c9107ac?s=96&d=mm&r=g\",\"url\":\"https:\\\/\\\/secure.gravatar.com\\\/avatar\\\/5e6c05150ce3230247d167f5b94d678eb05936197436d69b7921e3a95c9107ac?s=96&d=mm&r=g\",\"contentUrl\":\"https:\\\/\\\/secure.gravatar.com\\\/avatar\\\/5e6c05150ce3230247d167f5b94d678eb05936197436d69b7921e3a95c9107ac?s=96&d=mm&r=g\",\"caption\":\"Issouf Tapsoba\"},\"url\":\"https:\\\/\\\/www.latribunedufaso.net\\\/?author=5\"}]}<\/script>\n<!-- \/ Yoast SEO plugin. -->","yoast_head_json":{"title":"Conseil des ministres : Le gouvernement dissout l\u2019Unit\u00e9 sp\u00e9ciale d\u2019intervention des Eaux et for\u00eats - La Tribune du Faso","robots":{"index":"index","follow":"follow","max-snippet":"max-snippet:-1","max-image-preview":"max-image-preview:large","max-video-preview":"max-video-preview:-1"},"canonical":"https:\/\/www.latribunedufaso.net\/?p=11934","og_locale":"fr_FR","og_type":"article","og_title":"Conseil des ministres : Le gouvernement dissout l\u2019Unit\u00e9 sp\u00e9ciale d\u2019intervention des Eaux et for\u00eats - La Tribune du Faso","og_description":"(Ouagadougou, 28 f\u00e9vrier 2024). Le Pr\u00e9sident de la Transition, Chef de l\u2019Etat, le Capitaine Ibrahim TRAORE a pr\u00e9sid\u00e9 ce mercredi, le Conseil des ministres qui a examin\u00e9 et adopt\u00e9 des dossiers importants au titre de plusieurs d\u00e9partements minist\u00e9riels, selon le ministre d\u2019Etat, Porte-parole du gouvernement, Jean Emmanuel OUEDRAOGO.","og_url":"https:\/\/www.latribunedufaso.net\/?p=11934","og_site_name":"La Tribune du Faso","article_publisher":"https:\/\/www.facebook.com\/LatribuneduFaso\/","article_published_time":"2024-02-28T18:35:12+00:00","og_image":[{"width":720,"height":420,"url":"https:\/\/www.latribunedufaso.net\/wp-content\/uploads\/2024\/02\/FB_IMG_1709145086463.jpg","type":"image\/jpeg"}],"author":"Issouf Tapsoba","twitter_misc":{"\u00c9crit par":"Issouf Tapsoba","Dur\u00e9e de lecture estim\u00e9e":"3 minutes"},"schema":{"@context":"https:\/\/schema.org","@graph":[{"@type":"Article","@id":"https:\/\/www.latribunedufaso.net\/?p=11934#article","isPartOf":{"@id":"https:\/\/www.latribunedufaso.net\/?p=11934"},"author":{"name":"Issouf Tapsoba","@id":"https:\/\/www.latribunedufaso.net\/#\/schema\/person\/e54e64c5778a7e72cf80a318b7a622b0"},"headline":"Conseil des ministres : Le gouvernement dissout l\u2019Unit\u00e9 sp\u00e9ciale d\u2019intervention des Eaux et for\u00eats","datePublished":"2024-02-28T18:35:12+00:00","mainEntityOfPage":{"@id":"https:\/\/www.latribunedufaso.net\/?p=11934"},"wordCount":535,"commentCount":0,"publisher":{"@id":"https:\/\/www.latribunedufaso.net\/#organization"},"image":{"@id":"https:\/\/www.latribunedufaso.net\/?p=11934#primaryimage"},"thumbnailUrl":"https:\/\/www.latribunedufaso.net\/wp-content\/uploads\/2024\/02\/FB_IMG_1709145086463.jpg","articleSection":["A la une","Actualit\u00e9","Conseil des ministres"],"inLanguage":"fr-FR","potentialAction":[{"@type":"CommentAction","name":"Comment","target":["https:\/\/www.latribunedufaso.net\/?p=11934#respond"]}]},{"@type":"WebPage","@id":"https:\/\/www.latribunedufaso.net\/?p=11934","url":"https:\/\/www.latribunedufaso.net\/?p=11934","name":"Conseil des ministres : Le gouvernement dissout l\u2019Unit\u00e9 sp\u00e9ciale d\u2019intervention des Eaux et for\u00eats - La Tribune du Faso","isPartOf":{"@id":"https:\/\/www.latribunedufaso.net\/#website"},"primaryImageOfPage":{"@id":"https:\/\/www.latribunedufaso.net\/?p=11934#primaryimage"},"image":{"@id":"https:\/\/www.latribunedufaso.net\/?p=11934#primaryimage"},"thumbnailUrl":"https:\/\/www.latribunedufaso.net\/wp-content\/uploads\/2024\/02\/FB_IMG_1709145086463.jpg","datePublished":"2024-02-28T18:35:12+00:00","breadcrumb":{"@id":"https:\/\/www.latribunedufaso.net\/?p=11934#breadcrumb"},"inLanguage":"fr-FR","potentialAction":[{"@type":"ReadAction","target":["https:\/\/www.latribunedufaso.net\/?p=11934"]}]},{"@type":"ImageObject","inLanguage":"fr-FR","@id":"https:\/\/www.latribunedufaso.net\/?p=11934#primaryimage","url":"https:\/\/www.latribunedufaso.net\/wp-content\/uploads\/2024\/02\/FB_IMG_1709145086463.jpg","contentUrl":"https:\/\/www.latribunedufaso.net\/wp-content\/uploads\/2024\/02\/FB_IMG_1709145086463.jpg","width":720,"height":420},{"@type":"BreadcrumbList","@id":"https:\/\/www.latribunedufaso.net\/?p=11934#breadcrumb","itemListElement":[{"@type":"ListItem","position":1,"name":"Accueil","item":"https:\/\/www.latribunedufaso.net\/"},{"@type":"ListItem","position":2,"name":"Conseil des ministres : Le gouvernement dissout l\u2019Unit\u00e9 sp\u00e9ciale d\u2019intervention des Eaux et for\u00eats"}]},{"@type":"WebSite","@id":"https:\/\/www.latribunedufaso.net\/#website","url":"https:\/\/www.latribunedufaso.net\/","name":"La Tribune du Faso","description":"L&#039;information du monde rural en un clic","publisher":{"@id":"https:\/\/www.latribunedufaso.net\/#organization"},"potentialAction":[{"@type":"SearchAction","target":{"@type":"EntryPoint","urlTemplate":"https:\/\/www.latribunedufaso.net\/?s={search_term_string}"},"query-input":{"@type":"PropertyValueSpecification","valueRequired":true,"valueName":"search_term_string"}}],"inLanguage":"fr-FR"},{"@type":"Organization","@id":"https:\/\/www.latribunedufaso.net\/#organization","name":"La Tribune du Faso","url":"https:\/\/www.latribunedufaso.net\/","logo":{"@type":"ImageObject","inLanguage":"fr-FR","@id":"https:\/\/www.latribunedufaso.net\/#\/schema\/logo\/image\/","url":"https:\/\/www.latribunedufaso.net\/wp-content\/uploads\/2020\/08\/Logo-Tribune-du-Faso-final-scaled.jpg","contentUrl":"https:\/\/www.latribunedufaso.net\/wp-content\/uploads\/2020\/08\/Logo-Tribune-du-Faso-final-scaled.jpg","width":2560,"height":1856,"caption":"La Tribune du Faso"},"image":{"@id":"https:\/\/www.latribunedufaso.net\/#\/schema\/logo\/image\/"},"sameAs":["https:\/\/www.facebook.com\/LatribuneduFaso\/"]},{"@type":"Person","@id":"https:\/\/www.latribunedufaso.net\/#\/schema\/person\/e54e64c5778a7e72cf80a318b7a622b0","name":"Issouf Tapsoba","image":{"@type":"ImageObject","inLanguage":"fr-FR","@id":"https:\/\/secure.gravatar.com\/avatar\/5e6c05150ce3230247d167f5b94d678eb05936197436d69b7921e3a95c9107ac?s=96&d=mm&r=g","url":"https:\/\/secure.gravatar.com\/avatar\/5e6c05150ce3230247d167f5b94d678eb05936197436d69b7921e3a95c9107ac?s=96&d=mm&r=g","contentUrl":"https:\/\/secure.gravatar.com\/avatar\/5e6c05150ce3230247d167f5b94d678eb05936197436d69b7921e3a95c9107ac?s=96&d=mm&r=g","caption":"Issouf Tapsoba"},"url":"https:\/\/www.latribunedufaso.net\/?author=5"}]}},"_links":{"self":[{"href":"https:\/\/www.latribunedufaso.net\/index.php?rest_route=\/wp\/v2\/posts\/11934","targetHints":{"allow":["GET"]}}],"collection":[{"href":"https:\/\/www.latribunedufaso.net\/index.php?rest_route=\/wp\/v2\/posts"}],"about":[{"href":"https:\/\/www.latribunedufaso.net\/index.php?rest_route=\/wp\/v2\/types\/post"}],"author":[{"embeddable":true,"href":"https:\/\/www.latribunedufaso.net\/index.php?rest_route=\/wp\/v2\/users\/5"}],"replies":[{"embeddable":true,"href":"https:\/\/www.latribunedufaso.net\/index.php?rest_route=%2Fwp%2Fv2%2Fcomments&post=11934"}],"version-history":[{"count":1,"href":"https:\/\/www.latribunedufaso.net\/index.php?rest_route=\/wp\/v2\/posts\/11934\/revisions"}],"predecessor-version":[{"id":11938,"href":"https:\/\/www.latribunedufaso.net\/index.php?rest_route=\/wp\/v2\/posts\/11934\/revisions\/11938"}],"wp:featuredmedia":[{"embeddable":true,"href":"https:\/\/www.latribunedufaso.net\/index.php?rest_route=\/wp\/v2\/media\/11935"}],"wp:attachment":[{"href":"https:\/\/www.latribunedufaso.net\/index.php?rest_route=%2Fwp%2Fv2%2Fmedia&parent=11934"}],"wp:term":[{"taxonomy":"category","embeddable":true,"href":"https:\/\/www.latribunedufaso.net\/index.php?rest_route=%2Fwp%2Fv2%2Fcategories&post=11934"},{"taxonomy":"post_tag","embeddable":true,"href":"https:\/\/www.latribunedufaso.net\/index.php?rest_route=%2Fwp%2Fv2%2Ftags&post=11934"}],"curies":[{"name":"wp","href":"https:\/\/api.w.org\/{rel}","templated":true}]}}