{"id":1192,"date":"2020-09-08T18:53:50","date_gmt":"2020-09-08T18:53:50","guid":{"rendered":"https:\/\/www.latribunedufaso.net\/?p=1192"},"modified":"2020-09-16T11:10:42","modified_gmt":"2020-09-16T11:10:42","slug":"economie-informelle-bilan-satisfaisant-pour-la-mise-en-place-des-13-representations-regionales","status":"publish","type":"post","link":"https:\/\/www.latribunedufaso.net\/?p=1192","title":{"rendered":"\u00c9conomie informelle\u00a0: Bilan \u00ab\u00a0satisfaisant\u00a0\u00bb pour la mise en place des 13 repr\u00e9sentations r\u00e9gionales"},"content":{"rendered":"<p><strong>Le conseil national de l\u2019\u00e9conomie informelle du Burkina Faso (CNEI \u2013BF), \u00e0 l\u2019occasion d\u2019une conf\u00e9rence de presse tenue, mardi 08 septembre 2020, \u00e0 Ouagadougou, a fait le bilan de la mise en place des treize repr\u00e9sentations r\u00e9gionales du secteur informel. C\u2019\u00e9tait sous l\u2019\u00e9gide du Minist\u00e8re de la jeunesse et de la promotion de l\u2019entreprenariat des jeunes (MJPEJ).<\/strong><!--more--><\/p>\n<p><a href=\"https:\/\/latribunedufaso.net\/wp-content\/uploads\/2020\/09\/2.jpg\"><img loading=\"lazy\" decoding=\"async\" class=\" wp-image-1194 aligncenter\" src=\"https:\/\/latribunedufaso.net\/wp-content\/uploads\/2020\/09\/2-300x166.jpg\" alt=\"\" width=\"480\" height=\"266\" srcset=\"https:\/\/www.latribunedufaso.net\/wp-content\/uploads\/2020\/09\/2-300x166.jpg 300w, https:\/\/www.latribunedufaso.net\/wp-content\/uploads\/2020\/09\/2-768x426.jpg 768w, https:\/\/www.latribunedufaso.net\/wp-content\/uploads\/2020\/09\/2-600x332.jpg 600w, https:\/\/www.latribunedufaso.net\/wp-content\/uploads\/2020\/09\/2.jpg 989w\" sizes=\"auto, (max-width: 480px) 100vw, 480px\" \/><\/a><\/p>\n<p>C\u2019est un bilan satisfaisant que dresse le conseil national de l\u2019\u00e9conomie informelle du Burkina (CNEI \u2013BF) dans l\u2019ensemble du processus de d\u00e9signation des repr\u00e9sentants r\u00e9gionaux dans les 13 r\u00e9gions du pays. Le processus, de l\u2019avis du Directeur g\u00e9n\u00e9ral de l\u2019insertion professionnelle et de l\u2019emploi (DGIPE), Moumouni Ou\u00e9draogo, a \u00e9t\u00e9 transparent, participatif et inclusif. Le consensus a donc \u00e9t\u00e9 au c\u0153ur du processus dans la majorit\u00e9 des 13 r\u00e9gions. \u00ab\u00a0Nous pouvons affirmer haut et fort que le CNEI-BF est repr\u00e9sent\u00e9 dans toutes les treize r\u00e9gions du Burkina Faso par des bureaux r\u00e9gionaux mis en place par consensus\u00a0\u00bb, a-t-il indiqu\u00e9. Il pr\u00e9cise en outre que les objectifs de cette d\u00e9centralisation visent \u00e0 \u00eatre le plus pr\u00e8s possible de tous les acteurs du domaine\u00a0et pense qu\u2019avec les conseils r\u00e9gionaux de l\u2019\u00e9conomie informelle les acteurs devraient \u00eatre rassur\u00e9s, car ils porteront leurs difficult\u00e9s jusqu\u2019au plus haut niveau. Le processus d\u2019installation des bureaux r\u00e9gionaux a dur\u00e9 1 (un) mois, a rappel\u00e9 Moumouni Ou\u00e9draogo.<\/p>\n<p>A la suite du DGIPE, le pr\u00e9sident du CNEI- BF, Salif Niki\u00e9ma, a traduit sa joie quant \u00e0 l\u2019effectivit\u00e9 des conseils r\u00e9gionaux. Cependant, il plaide pour le respect de la r\u00e8glementation du commerce au Burkina, qui n\u2019est pas en faveur des acteurs de l\u2019\u00e9conomie informelle car dit-il, il faudrait que les gens d\u00e9finissent leurs domaines d\u2019activit\u00e9, que les grossistes restent grossiste et les d\u00e9taillants d\u00e9taillant.\u00a0 L\u2019organisation des fili\u00e8res du secteur est \u00e9galement un d\u00e9fi \u00e0 relever pour le CNEI- BF ainsi que la lutte pour que 15% du march\u00e9 reviennent au secteur informel. Pour Salif Niki\u00e9ma, le secteur informel burkinab\u00e8 traverse d\u2019\u00e9normes difficult\u00e9s malgr\u00e9 sa contribution tr\u00e8s importante dans l\u2019\u00e9conomie nationale qui serait de 90%. \u00a0Il propose d\u2019aller \u00e0 l\u2019\u00e9cole des pays ayant r\u00e9ussi dans le d\u00e9veloppement de l\u2019\u00e9conomie informelle \u00e0 l\u2019image du Rwanda et du S\u00e9n\u00e9gal m\u00eame si nous sommes des exemples pour des pays voisins tels la C\u00f4te d\u2019Ivoire.<\/p>\n<p>Pour la suite du processus, le minist\u00e8re de la jeunesse et de la promotion de l\u2019entreprenariat des jeunes compte poursuivre dans cette d\u00e9centralisation des repr\u00e9sentations de l\u2019\u00e9conomie informelle avec l\u2019instauration des bureaux provinciaux dans les 45 provinces en 2021 et en 2022, dans les 350 communes. Un accompagnement pour l\u2019\u00e9laboration de manuel de proc\u00e9dures et de plan d\u2019actions est \u00e9galement pr\u00e9vu en faveur du CNEI-BF.<\/p>\n<p>En rappel, le CNEI- BF est l\u2019une des recommandations fortes du dialogue direct des acteurs du secteur avec le pr\u00e9sident du Faso, Rock Kabor\u00e9, tenu le 22 juillet 2019, en marge du 3<sup>e<\/sup> forum national de l\u2019\u00e9conomie informelle.<\/p>\n<p><strong>Tiba Kassamse Ou\u00e9draogo (stagiaire)<\/strong><\/p>\n<p><strong>Latribunedufaso.net <\/strong><\/p>\n","protected":false},"excerpt":{"rendered":"<p>Le conseil national de l\u2019\u00e9conomie informelle du Burkina Faso (CNEI \u2013BF), \u00e0 l\u2019occasion d\u2019une conf\u00e9rence de presse tenue, mardi 08 septembre 2020, \u00e0 Ouagadougou, a fait le bilan de la mise en place des treize repr\u00e9sentations r\u00e9gionales du secteur informel. C\u2019\u00e9tait sous l\u2019\u00e9gide du Minist\u00e8re de la jeunesse et de la promotion de l\u2019entreprenariat des jeunes (MJPEJ).<\/p>\n","protected":false},"author":2,"featured_media":1195,"comment_status":"open","ping_status":"open","sticky":false,"template":"","format":"standard","meta":{"footnotes":""},"categories":[1,6,8],"tags":[],"class_list":["post-1192","post","type-post","status-publish","format-standard","has-post-thumbnail","hentry","category-actu","category-entrep","category-societe"],"yoast_head":"<!-- This site is optimized with the Yoast SEO plugin v27.5 - https:\/\/yoast.com\/product\/yoast-seo-wordpress\/ -->\n<title>\u00c9conomie informelle\u00a0: Bilan \u00ab\u00a0satisfaisant\u00a0\u00bb pour la mise en place des 13 repr\u00e9sentations r\u00e9gionales - La Tribune du Faso<\/title>\n<meta name=\"robots\" content=\"index, follow, max-snippet:-1, max-image-preview:large, max-video-preview:-1\" \/>\n<link rel=\"canonical\" href=\"https:\/\/www.latribunedufaso.net\/?p=1192\" \/>\n<meta property=\"og:locale\" content=\"fr_FR\" \/>\n<meta property=\"og:type\" content=\"article\" \/>\n<meta property=\"og:title\" content=\"\u00c9conomie informelle\u00a0: Bilan \u00ab\u00a0satisfaisant\u00a0\u00bb pour la mise en place des 13 repr\u00e9sentations r\u00e9gionales - La Tribune du Faso\" \/>\n<meta property=\"og:description\" content=\"Le conseil national de l\u2019\u00e9conomie informelle du Burkina Faso (CNEI \u2013BF), \u00e0 l\u2019occasion d\u2019une conf\u00e9rence de presse tenue, mardi 08 septembre 2020, \u00e0 Ouagadougou, a fait le bilan de la mise en place des treize repr\u00e9sentations r\u00e9gionales du secteur informel. C\u2019\u00e9tait sous l\u2019\u00e9gide du Minist\u00e8re de la jeunesse et de la promotion de l\u2019entreprenariat des jeunes (MJPEJ).\" \/>\n<meta property=\"og:url\" content=\"https:\/\/www.latribunedufaso.net\/?p=1192\" \/>\n<meta property=\"og:site_name\" content=\"La Tribune du Faso\" \/>\n<meta property=\"article:publisher\" content=\"https:\/\/www.facebook.com\/LatribuneduFaso\/\" \/>\n<meta property=\"article:published_time\" content=\"2020-09-08T18:53:50+00:00\" \/>\n<meta property=\"article:modified_time\" content=\"2020-09-16T11:10:42+00:00\" \/>\n<meta property=\"og:image\" content=\"https:\/\/latribunedufaso.net\/wp-content\/uploads\/2020\/09\/3.jpg\" \/>\n\t<meta property=\"og:image:width\" content=\"1065\" \/>\n\t<meta property=\"og:image:height\" content=\"538\" \/>\n\t<meta property=\"og:image:type\" content=\"image\/jpeg\" \/>\n<meta name=\"author\" content=\"Administrateur\" \/>\n<meta name=\"twitter:label1\" content=\"\u00c9crit par\" \/>\n\t<meta name=\"twitter:data1\" content=\"Administrateur\" \/>\n\t<meta name=\"twitter:label2\" content=\"Dur\u00e9e de lecture estim\u00e9e\" \/>\n\t<meta name=\"twitter:data2\" content=\"3 minutes\" \/>\n<script type=\"application\/ld+json\" class=\"yoast-schema-graph\">{\"@context\":\"https:\\\/\\\/schema.org\",\"@graph\":[{\"@type\":\"Article\",\"@id\":\"https:\\\/\\\/www.latribunedufaso.net\\\/?p=1192#article\",\"isPartOf\":{\"@id\":\"https:\\\/\\\/www.latribunedufaso.net\\\/?p=1192\"},\"author\":{\"name\":\"Administrateur\",\"@id\":\"https:\\\/\\\/www.latribunedufaso.net\\\/#\\\/schema\\\/person\\\/a380782d0605bb8aae27c40ea93b35b1\"},\"headline\":\"\u00c9conomie informelle\u00a0: Bilan \u00ab\u00a0satisfaisant\u00a0\u00bb pour la mise en place des 13 repr\u00e9sentations r\u00e9gionales\",\"datePublished\":\"2020-09-08T18:53:50+00:00\",\"dateModified\":\"2020-09-16T11:10:42+00:00\",\"mainEntityOfPage\":{\"@id\":\"https:\\\/\\\/www.latribunedufaso.net\\\/?p=1192\"},\"wordCount\":554,\"commentCount\":0,\"publisher\":{\"@id\":\"https:\\\/\\\/www.latribunedufaso.net\\\/#organization\"},\"image\":{\"@id\":\"https:\\\/\\\/www.latribunedufaso.net\\\/?p=1192#primaryimage\"},\"thumbnailUrl\":\"https:\\\/\\\/www.latribunedufaso.net\\\/wp-content\\\/uploads\\\/2020\\\/09\\\/3.jpg\",\"articleSection\":[\"Actualit\u00e9\",\"Entreprenariat\",\"Soci\u00e9t\u00e9\"],\"inLanguage\":\"fr-FR\",\"potentialAction\":[{\"@type\":\"CommentAction\",\"name\":\"Comment\",\"target\":[\"https:\\\/\\\/www.latribunedufaso.net\\\/?p=1192#respond\"]}]},{\"@type\":\"WebPage\",\"@id\":\"https:\\\/\\\/www.latribunedufaso.net\\\/?p=1192\",\"url\":\"https:\\\/\\\/www.latribunedufaso.net\\\/?p=1192\",\"name\":\"\u00c9conomie informelle\u00a0: Bilan \u00ab\u00a0satisfaisant\u00a0\u00bb pour la mise en place des 13 repr\u00e9sentations r\u00e9gionales - La Tribune du Faso\",\"isPartOf\":{\"@id\":\"https:\\\/\\\/www.latribunedufaso.net\\\/#website\"},\"primaryImageOfPage\":{\"@id\":\"https:\\\/\\\/www.latribunedufaso.net\\\/?p=1192#primaryimage\"},\"image\":{\"@id\":\"https:\\\/\\\/www.latribunedufaso.net\\\/?p=1192#primaryimage\"},\"thumbnailUrl\":\"https:\\\/\\\/www.latribunedufaso.net\\\/wp-content\\\/uploads\\\/2020\\\/09\\\/3.jpg\",\"datePublished\":\"2020-09-08T18:53:50+00:00\",\"dateModified\":\"2020-09-16T11:10:42+00:00\",\"breadcrumb\":{\"@id\":\"https:\\\/\\\/www.latribunedufaso.net\\\/?p=1192#breadcrumb\"},\"inLanguage\":\"fr-FR\",\"potentialAction\":[{\"@type\":\"ReadAction\",\"target\":[\"https:\\\/\\\/www.latribunedufaso.net\\\/?p=1192\"]}]},{\"@type\":\"ImageObject\",\"inLanguage\":\"fr-FR\",\"@id\":\"https:\\\/\\\/www.latribunedufaso.net\\\/?p=1192#primaryimage\",\"url\":\"https:\\\/\\\/www.latribunedufaso.net\\\/wp-content\\\/uploads\\\/2020\\\/09\\\/3.jpg\",\"contentUrl\":\"https:\\\/\\\/www.latribunedufaso.net\\\/wp-content\\\/uploads\\\/2020\\\/09\\\/3.jpg\",\"width\":1065,\"height\":538},{\"@type\":\"BreadcrumbList\",\"@id\":\"https:\\\/\\\/www.latribunedufaso.net\\\/?p=1192#breadcrumb\",\"itemListElement\":[{\"@type\":\"ListItem\",\"position\":1,\"name\":\"Accueil\",\"item\":\"https:\\\/\\\/www.latribunedufaso.net\\\/\"},{\"@type\":\"ListItem\",\"position\":2,\"name\":\"\u00c9conomie informelle\u00a0: Bilan \u00ab\u00a0satisfaisant\u00a0\u00bb pour la mise en place des 13 repr\u00e9sentations r\u00e9gionales\"}]},{\"@type\":\"WebSite\",\"@id\":\"https:\\\/\\\/www.latribunedufaso.net\\\/#website\",\"url\":\"https:\\\/\\\/www.latribunedufaso.net\\\/\",\"name\":\"La Tribune du Faso\",\"description\":\"L&#039;information du monde rural en un clic\",\"publisher\":{\"@id\":\"https:\\\/\\\/www.latribunedufaso.net\\\/#organization\"},\"potentialAction\":[{\"@type\":\"SearchAction\",\"target\":{\"@type\":\"EntryPoint\",\"urlTemplate\":\"https:\\\/\\\/www.latribunedufaso.net\\\/?s={search_term_string}\"},\"query-input\":{\"@type\":\"PropertyValueSpecification\",\"valueRequired\":true,\"valueName\":\"search_term_string\"}}],\"inLanguage\":\"fr-FR\"},{\"@type\":\"Organization\",\"@id\":\"https:\\\/\\\/www.latribunedufaso.net\\\/#organization\",\"name\":\"La Tribune du Faso\",\"url\":\"https:\\\/\\\/www.latribunedufaso.net\\\/\",\"logo\":{\"@type\":\"ImageObject\",\"inLanguage\":\"fr-FR\",\"@id\":\"https:\\\/\\\/www.latribunedufaso.net\\\/#\\\/schema\\\/logo\\\/image\\\/\",\"url\":\"https:\\\/\\\/www.latribunedufaso.net\\\/wp-content\\\/uploads\\\/2020\\\/08\\\/Logo-Tribune-du-Faso-final-scaled.jpg\",\"contentUrl\":\"https:\\\/\\\/www.latribunedufaso.net\\\/wp-content\\\/uploads\\\/2020\\\/08\\\/Logo-Tribune-du-Faso-final-scaled.jpg\",\"width\":2560,\"height\":1856,\"caption\":\"La Tribune du Faso\"},\"image\":{\"@id\":\"https:\\\/\\\/www.latribunedufaso.net\\\/#\\\/schema\\\/logo\\\/image\\\/\"},\"sameAs\":[\"https:\\\/\\\/www.facebook.com\\\/LatribuneduFaso\\\/\"]},{\"@type\":\"Person\",\"@id\":\"https:\\\/\\\/www.latribunedufaso.net\\\/#\\\/schema\\\/person\\\/a380782d0605bb8aae27c40ea93b35b1\",\"name\":\"Administrateur\",\"image\":{\"@type\":\"ImageObject\",\"inLanguage\":\"fr-FR\",\"@id\":\"https:\\\/\\\/secure.gravatar.com\\\/avatar\\\/e20266f97d741f0e80ba1f60283074a9b3317fd7bfb727e0d95b51dafbf854a1?s=96&d=mm&r=g\",\"url\":\"https:\\\/\\\/secure.gravatar.com\\\/avatar\\\/e20266f97d741f0e80ba1f60283074a9b3317fd7bfb727e0d95b51dafbf854a1?s=96&d=mm&r=g\",\"contentUrl\":\"https:\\\/\\\/secure.gravatar.com\\\/avatar\\\/e20266f97d741f0e80ba1f60283074a9b3317fd7bfb727e0d95b51dafbf854a1?s=96&d=mm&r=g\",\"caption\":\"Administrateur\"},\"url\":\"https:\\\/\\\/www.latribunedufaso.net\\\/?author=2\"}]}<\/script>\n<!-- \/ Yoast SEO plugin. -->","yoast_head_json":{"title":"\u00c9conomie informelle\u00a0: Bilan \u00ab\u00a0satisfaisant\u00a0\u00bb pour la mise en place des 13 repr\u00e9sentations r\u00e9gionales - La Tribune du Faso","robots":{"index":"index","follow":"follow","max-snippet":"max-snippet:-1","max-image-preview":"max-image-preview:large","max-video-preview":"max-video-preview:-1"},"canonical":"https:\/\/www.latribunedufaso.net\/?p=1192","og_locale":"fr_FR","og_type":"article","og_title":"\u00c9conomie informelle\u00a0: Bilan \u00ab\u00a0satisfaisant\u00a0\u00bb pour la mise en place des 13 repr\u00e9sentations r\u00e9gionales - La Tribune du Faso","og_description":"Le conseil national de l\u2019\u00e9conomie informelle du Burkina Faso (CNEI \u2013BF), \u00e0 l\u2019occasion d\u2019une conf\u00e9rence de presse tenue, mardi 08 septembre 2020, \u00e0 Ouagadougou, a fait le bilan de la mise en place des treize repr\u00e9sentations r\u00e9gionales du secteur informel. C\u2019\u00e9tait sous l\u2019\u00e9gide du Minist\u00e8re de la jeunesse et de la promotion de l\u2019entreprenariat des jeunes (MJPEJ).","og_url":"https:\/\/www.latribunedufaso.net\/?p=1192","og_site_name":"La Tribune du Faso","article_publisher":"https:\/\/www.facebook.com\/LatribuneduFaso\/","article_published_time":"2020-09-08T18:53:50+00:00","article_modified_time":"2020-09-16T11:10:42+00:00","og_image":[{"width":1065,"height":538,"url":"https:\/\/latribunedufaso.net\/wp-content\/uploads\/2020\/09\/3.jpg","type":"image\/jpeg"}],"author":"Administrateur","twitter_misc":{"\u00c9crit par":"Administrateur","Dur\u00e9e de lecture estim\u00e9e":"3 minutes"},"schema":{"@context":"https:\/\/schema.org","@graph":[{"@type":"Article","@id":"https:\/\/www.latribunedufaso.net\/?p=1192#article","isPartOf":{"@id":"https:\/\/www.latribunedufaso.net\/?p=1192"},"author":{"name":"Administrateur","@id":"https:\/\/www.latribunedufaso.net\/#\/schema\/person\/a380782d0605bb8aae27c40ea93b35b1"},"headline":"\u00c9conomie informelle\u00a0: Bilan \u00ab\u00a0satisfaisant\u00a0\u00bb pour la mise en place des 13 repr\u00e9sentations r\u00e9gionales","datePublished":"2020-09-08T18:53:50+00:00","dateModified":"2020-09-16T11:10:42+00:00","mainEntityOfPage":{"@id":"https:\/\/www.latribunedufaso.net\/?p=1192"},"wordCount":554,"commentCount":0,"publisher":{"@id":"https:\/\/www.latribunedufaso.net\/#organization"},"image":{"@id":"https:\/\/www.latribunedufaso.net\/?p=1192#primaryimage"},"thumbnailUrl":"https:\/\/www.latribunedufaso.net\/wp-content\/uploads\/2020\/09\/3.jpg","articleSection":["Actualit\u00e9","Entreprenariat","Soci\u00e9t\u00e9"],"inLanguage":"fr-FR","potentialAction":[{"@type":"CommentAction","name":"Comment","target":["https:\/\/www.latribunedufaso.net\/?p=1192#respond"]}]},{"@type":"WebPage","@id":"https:\/\/www.latribunedufaso.net\/?p=1192","url":"https:\/\/www.latribunedufaso.net\/?p=1192","name":"\u00c9conomie informelle\u00a0: Bilan \u00ab\u00a0satisfaisant\u00a0\u00bb pour la mise en place des 13 repr\u00e9sentations r\u00e9gionales - La Tribune du Faso","isPartOf":{"@id":"https:\/\/www.latribunedufaso.net\/#website"},"primaryImageOfPage":{"@id":"https:\/\/www.latribunedufaso.net\/?p=1192#primaryimage"},"image":{"@id":"https:\/\/www.latribunedufaso.net\/?p=1192#primaryimage"},"thumbnailUrl":"https:\/\/www.latribunedufaso.net\/wp-content\/uploads\/2020\/09\/3.jpg","datePublished":"2020-09-08T18:53:50+00:00","dateModified":"2020-09-16T11:10:42+00:00","breadcrumb":{"@id":"https:\/\/www.latribunedufaso.net\/?p=1192#breadcrumb"},"inLanguage":"fr-FR","potentialAction":[{"@type":"ReadAction","target":["https:\/\/www.latribunedufaso.net\/?p=1192"]}]},{"@type":"ImageObject","inLanguage":"fr-FR","@id":"https:\/\/www.latribunedufaso.net\/?p=1192#primaryimage","url":"https:\/\/www.latribunedufaso.net\/wp-content\/uploads\/2020\/09\/3.jpg","contentUrl":"https:\/\/www.latribunedufaso.net\/wp-content\/uploads\/2020\/09\/3.jpg","width":1065,"height":538},{"@type":"BreadcrumbList","@id":"https:\/\/www.latribunedufaso.net\/?p=1192#breadcrumb","itemListElement":[{"@type":"ListItem","position":1,"name":"Accueil","item":"https:\/\/www.latribunedufaso.net\/"},{"@type":"ListItem","position":2,"name":"\u00c9conomie informelle\u00a0: Bilan \u00ab\u00a0satisfaisant\u00a0\u00bb pour la mise en place des 13 repr\u00e9sentations r\u00e9gionales"}]},{"@type":"WebSite","@id":"https:\/\/www.latribunedufaso.net\/#website","url":"https:\/\/www.latribunedufaso.net\/","name":"La Tribune du Faso","description":"L&#039;information du monde rural en un clic","publisher":{"@id":"https:\/\/www.latribunedufaso.net\/#organization"},"potentialAction":[{"@type":"SearchAction","target":{"@type":"EntryPoint","urlTemplate":"https:\/\/www.latribunedufaso.net\/?s={search_term_string}"},"query-input":{"@type":"PropertyValueSpecification","valueRequired":true,"valueName":"search_term_string"}}],"inLanguage":"fr-FR"},{"@type":"Organization","@id":"https:\/\/www.latribunedufaso.net\/#organization","name":"La Tribune du Faso","url":"https:\/\/www.latribunedufaso.net\/","logo":{"@type":"ImageObject","inLanguage":"fr-FR","@id":"https:\/\/www.latribunedufaso.net\/#\/schema\/logo\/image\/","url":"https:\/\/www.latribunedufaso.net\/wp-content\/uploads\/2020\/08\/Logo-Tribune-du-Faso-final-scaled.jpg","contentUrl":"https:\/\/www.latribunedufaso.net\/wp-content\/uploads\/2020\/08\/Logo-Tribune-du-Faso-final-scaled.jpg","width":2560,"height":1856,"caption":"La Tribune du Faso"},"image":{"@id":"https:\/\/www.latribunedufaso.net\/#\/schema\/logo\/image\/"},"sameAs":["https:\/\/www.facebook.com\/LatribuneduFaso\/"]},{"@type":"Person","@id":"https:\/\/www.latribunedufaso.net\/#\/schema\/person\/a380782d0605bb8aae27c40ea93b35b1","name":"Administrateur","image":{"@type":"ImageObject","inLanguage":"fr-FR","@id":"https:\/\/secure.gravatar.com\/avatar\/e20266f97d741f0e80ba1f60283074a9b3317fd7bfb727e0d95b51dafbf854a1?s=96&d=mm&r=g","url":"https:\/\/secure.gravatar.com\/avatar\/e20266f97d741f0e80ba1f60283074a9b3317fd7bfb727e0d95b51dafbf854a1?s=96&d=mm&r=g","contentUrl":"https:\/\/secure.gravatar.com\/avatar\/e20266f97d741f0e80ba1f60283074a9b3317fd7bfb727e0d95b51dafbf854a1?s=96&d=mm&r=g","caption":"Administrateur"},"url":"https:\/\/www.latribunedufaso.net\/?author=2"}]}},"_links":{"self":[{"href":"https:\/\/www.latribunedufaso.net\/index.php?rest_route=\/wp\/v2\/posts\/1192","targetHints":{"allow":["GET"]}}],"collection":[{"href":"https:\/\/www.latribunedufaso.net\/index.php?rest_route=\/wp\/v2\/posts"}],"about":[{"href":"https:\/\/www.latribunedufaso.net\/index.php?rest_route=\/wp\/v2\/types\/post"}],"author":[{"embeddable":true,"href":"https:\/\/www.latribunedufaso.net\/index.php?rest_route=\/wp\/v2\/users\/2"}],"replies":[{"embeddable":true,"href":"https:\/\/www.latribunedufaso.net\/index.php?rest_route=%2Fwp%2Fv2%2Fcomments&post=1192"}],"version-history":[{"count":1,"href":"https:\/\/www.latribunedufaso.net\/index.php?rest_route=\/wp\/v2\/posts\/1192\/revisions"}],"predecessor-version":[{"id":1196,"href":"https:\/\/www.latribunedufaso.net\/index.php?rest_route=\/wp\/v2\/posts\/1192\/revisions\/1196"}],"wp:featuredmedia":[{"embeddable":true,"href":"https:\/\/www.latribunedufaso.net\/index.php?rest_route=\/wp\/v2\/media\/1195"}],"wp:attachment":[{"href":"https:\/\/www.latribunedufaso.net\/index.php?rest_route=%2Fwp%2Fv2%2Fmedia&parent=1192"}],"wp:term":[{"taxonomy":"category","embeddable":true,"href":"https:\/\/www.latribunedufaso.net\/index.php?rest_route=%2Fwp%2Fv2%2Fcategories&post=1192"},{"taxonomy":"post_tag","embeddable":true,"href":"https:\/\/www.latribunedufaso.net\/index.php?rest_route=%2Fwp%2Fv2%2Ftags&post=1192"}],"curies":[{"name":"wp","href":"https:\/\/api.w.org\/{rel}","templated":true}]}}