{"id":11908,"date":"2024-02-27T20:22:23","date_gmt":"2024-02-27T20:22:23","guid":{"rendered":"https:\/\/www.latribunedufaso.net\/?p=11908"},"modified":"2024-02-27T20:22:23","modified_gmt":"2024-02-27T20:22:23","slug":"cadre-sectoriel-de-dialogue-justice-et-droits-humains-plus-de-95-des-objectifs-de-2023-atteints","status":"publish","type":"post","link":"https:\/\/www.latribunedufaso.net\/?p=11908","title":{"rendered":"Cadre sectoriel de dialogue \u00ab Justice et Droits Humains \u00bb : Plus de 95% des objectifs de 2023 atteints"},"content":{"rendered":"<p><strong><span style=\"font-size: 1.0625rem;\">Le mardi 27 f\u00e9vrier 2024 \u00e0 Ouagadougou, a eu lieu la revue annuelle 2024 du Cadre sectoriel de dialogue \u00ab Justice et Droits Humains \u00bb (CSD-JDH). <\/span><span style=\"font-size: 1.0625rem;\">C\u2019\u00e9tait sous la pr\u00e9sidence du ministre de la Justice, chef de file du CSD-JDH, Rodrigue Bayala.<\/span><\/strong><br \/><!--more--><\/p>\n<p>Le cadre sectoriel de dialogue \u00ab Justice et Droits humains \u00bb a pour mission principale, le suivi de la mise en \u0153uvre de la Politique sectorielle \u00ab Justice et Droits humains \u00bb dont les actions s\u2019inscrivent dans la lutte contre le terrorisme et la restauration de l\u2019int\u00e9grit\u00e9 territoriale. Elles s&rsquo;inscrivent \u00e9galement dans la refondation de l\u2019Etat et l\u2019am\u00e9lioration de la gouvernance ainsi que dans le but d\u2019\u0153uvrer \u00e0 la r\u00e9conciliation et \u00e0 la coh\u00e9sion nationale.<\/p>\n<p><a href=\"https:\/\/www.latribunedufaso.net\/wp-content\/uploads\/2024\/02\/FB_IMG_1709065235519.jpg\"><img loading=\"lazy\" decoding=\"async\" class=\"size-medium wp-image-11914 alignleft\" src=\"https:\/\/www.latribunedufaso.net\/wp-content\/uploads\/2024\/02\/FB_IMG_1709065235519-300x259.jpg\" alt=\"\" width=\"300\" height=\"259\" srcset=\"https:\/\/www.latribunedufaso.net\/wp-content\/uploads\/2024\/02\/FB_IMG_1709065235519-300x259.jpg 300w, https:\/\/www.latribunedufaso.net\/wp-content\/uploads\/2024\/02\/FB_IMG_1709065235519-768x664.jpg 768w, https:\/\/www.latribunedufaso.net\/wp-content\/uploads\/2024\/02\/FB_IMG_1709065235519.jpg 960w\" sizes=\"auto, (max-width: 300px) 100vw, 300px\" \/><\/a>Pour le pr\u00e9sident dudit cadre, Rodrigue Bayala, Il s\u2019agira au cours de cette revue de proc\u00e9der \u00e0 l\u2019examen et \u00e0 la validation du rapport de performance annuelle 2023 et du plan d\u2019action pour la stabilisation et le d\u00e9veloppement 2024-2026 du secteur. \u00ab Nous avons atteint un taux d\u2019ex\u00e9cution de 84% pour l\u2019ex\u00e9cution physique et de 82% pour l\u2019ex\u00e9cution financi\u00e8re qui sont largement au dessus de ce qui a \u00e9t\u00e9 atteint en 2022 o\u00f9 nous \u00e9tions au tour de 74% \u00bb, confie t-il.<\/p>\n<p>A l&rsquo;\u00e9couter, ces taux ne sont pas \u00e0 confondre avec le taux d\u2019ex\u00e9cution des objectifs qui ont \u00e9t\u00e9 fix\u00e9s dans le contrat d\u2019objectif de chaque d\u00e9partement minist\u00e9riel en 2023 , qui est de 95, 30%.<\/p>\n<p><a href=\"https:\/\/www.latribunedufaso.net\/wp-content\/uploads\/2024\/02\/IMG-20240227-WA0002.jpg\"><img loading=\"lazy\" decoding=\"async\" class=\"size-medium wp-image-11910 alignleft\" src=\"https:\/\/www.latribunedufaso.net\/wp-content\/uploads\/2024\/02\/IMG-20240227-WA0002-300x151.jpg\" alt=\"\" width=\"300\" height=\"151\" srcset=\"https:\/\/www.latribunedufaso.net\/wp-content\/uploads\/2024\/02\/IMG-20240227-WA0002-300x151.jpg 300w, https:\/\/www.latribunedufaso.net\/wp-content\/uploads\/2024\/02\/IMG-20240227-WA0002-1024x514.jpg 1024w, https:\/\/www.latribunedufaso.net\/wp-content\/uploads\/2024\/02\/IMG-20240227-WA0002-768x385.jpg 768w, https:\/\/www.latribunedufaso.net\/wp-content\/uploads\/2024\/02\/IMG-20240227-WA0002-840x420.jpg 840w, https:\/\/www.latribunedufaso.net\/wp-content\/uploads\/2024\/02\/IMG-20240227-WA0002.jpg 1148w\" sizes=\"auto, (max-width: 300px) 100vw, 300px\" \/><\/a>En termes de r\u00e9alisations en 2023, le ministre a relev\u00e9 quelques unes. Il s\u2019agit entre autres de la r\u00e9ouverture des TGI de Kongoussi et de Dori ; du jugement de 184 dossiers lors des audiences des chambres criminelles des cours d\u2019appel ; du jugement de 60 dossiers impliquant 83 personnes poursuivies pour actes de terrorisme par le p\u00f4le anti-terroriste ; du jugement de 87 dossiers par les p\u00f4les sp\u00e9cialis\u00e9s dans la r\u00e9pression des infractions \u00e9conomiques et financi\u00e8res ; de la tenue de 53 audiences foraines ; de la d\u00e9livrance de 1031 d\u00e9cisions dont 94 arr\u00eats ont \u00e9t\u00e9 rendues, 927 certificats de nationalit\u00e9 et 464 casiers judiciaires ont \u00e9t\u00e9 d\u00e9livr\u00e9s ; de l\u2019octroi de l\u2019assistance judiciaire \u00e0 1235 personnes ; renforcement de la s\u00e9curit\u00e9 des juridictions par l\u2019op\u00e9rationnalisation de 02 nouvelles unit\u00e9s sp\u00e9ciales judiciaires etc..<\/p>\n<p>En outre, les acteurs du CSD-JDH se sont fix\u00e9s des objectifs en termes d\u2019indicateurs sur la p\u00e9riode 2024-2026. Elles portent principalement sur la poursuite de la sensibilisation des PDI et acteurs communautaires sur la culture de la paix, la pr\u00e9vention de la radicalisation et le renforcement de la r\u00e9silience\u00a0; la poursuite de la r\u00e9installation des juridictions d\u00e9localis\u00e9es\u00a0; et enfin le renforcement de la production p\u00e9nitentiaire en r\u00e9ponse \u00e0 l\u2019initiative pr\u00e9sidentielle pour la production agricole.<\/p>\n<p><a href=\"https:\/\/www.latribunedufaso.net\/wp-content\/uploads\/2024\/02\/IMG-20240227-WA0001.jpg\"><img loading=\"lazy\" decoding=\"async\" class=\"size-medium wp-image-11911 alignleft\" src=\"https:\/\/www.latribunedufaso.net\/wp-content\/uploads\/2024\/02\/IMG-20240227-WA0001-300x147.jpg\" alt=\"\" width=\"300\" height=\"147\" srcset=\"https:\/\/www.latribunedufaso.net\/wp-content\/uploads\/2024\/02\/IMG-20240227-WA0001-300x147.jpg 300w, https:\/\/www.latribunedufaso.net\/wp-content\/uploads\/2024\/02\/IMG-20240227-WA0001-1024x500.jpg 1024w, https:\/\/www.latribunedufaso.net\/wp-content\/uploads\/2024\/02\/IMG-20240227-WA0001-768x375.jpg 768w, https:\/\/www.latribunedufaso.net\/wp-content\/uploads\/2024\/02\/IMG-20240227-WA0001.jpg 1165w\" sizes=\"auto, (max-width: 300px) 100vw, 300px\" \/><\/a>Le CSD-JDH, faut-il le rappeler, regroupe le minist\u00e8re de la Justice et des Droits Humains, celui de l\u2019Administration territoriale, de la D\u00e9centralisation et de la S\u00e9curit\u00e9 et le minist\u00e8re de la Fonction publique, du Travail et de la Protection sociale. Il r\u00e9unit \u00e9galement tous les autres acteurs intervenant dans le domaine de la justice, des droits humains, du civisme et des relations avec les institutions notamment les organisations de la soci\u00e9t\u00e9 civile, du secteur priv\u00e9 et des partenaires techniques et financiers.<\/p>\n<p><strong>Nabintou Ouattara\u00a0<\/strong><\/p>\n<p><strong><span style=\"font-size: 1.0625rem;\">Latribunedufaso.net\u00a0<\/span><\/strong><\/p>\n","protected":false},"excerpt":{"rendered":"<p>Le mardi 27 f\u00e9vrier 2024 \u00e0 Ouagadougou, a eu lieu la revue annuelle 2024 du Cadre sectoriel de dialogue \u00ab Justice et Droits Humains \u00bb (CSD-JDH). C\u2019\u00e9tait sous la pr\u00e9sidence du ministre de la Justice, chef de file du CSD-JDH, Rodrigue Bayala.<\/p>\n","protected":false},"author":5,"featured_media":11913,"comment_status":"open","ping_status":"open","sticky":false,"template":"","format":"standard","meta":{"footnotes":""},"categories":[13,1,8],"tags":[],"class_list":["post-11908","post","type-post","status-publish","format-standard","has-post-thumbnail","hentry","category-une","category-actu","category-societe"],"yoast_head":"<!-- This site is optimized with the Yoast SEO plugin v27.5 - https:\/\/yoast.com\/product\/yoast-seo-wordpress\/ -->\n<title>Cadre sectoriel de dialogue \u00ab Justice et Droits Humains \u00bb : Plus de 95% des objectifs de 2023 atteints - La Tribune du Faso<\/title>\n<meta name=\"robots\" content=\"index, follow, max-snippet:-1, max-image-preview:large, max-video-preview:-1\" \/>\n<link rel=\"canonical\" href=\"https:\/\/www.latribunedufaso.net\/?p=11908\" \/>\n<meta property=\"og:locale\" content=\"fr_FR\" \/>\n<meta property=\"og:type\" content=\"article\" \/>\n<meta property=\"og:title\" content=\"Cadre sectoriel de dialogue \u00ab Justice et Droits Humains \u00bb : Plus de 95% des objectifs de 2023 atteints - La Tribune du Faso\" \/>\n<meta property=\"og:description\" content=\"Le mardi 27 f\u00e9vrier 2024 \u00e0 Ouagadougou, a eu lieu la revue annuelle 2024 du Cadre sectoriel de dialogue \u00ab Justice et Droits Humains \u00bb (CSD-JDH). C\u2019\u00e9tait sous la pr\u00e9sidence du ministre de la Justice, chef de file du CSD-JDH, Rodrigue Bayala.\" \/>\n<meta property=\"og:url\" content=\"https:\/\/www.latribunedufaso.net\/?p=11908\" \/>\n<meta property=\"og:site_name\" content=\"La Tribune du Faso\" \/>\n<meta property=\"article:publisher\" content=\"https:\/\/www.facebook.com\/LatribuneduFaso\/\" \/>\n<meta property=\"article:published_time\" content=\"2024-02-27T20:22:23+00:00\" \/>\n<meta property=\"og:image\" content=\"https:\/\/www.latribunedufaso.net\/wp-content\/uploads\/2024\/02\/FB_IMG_1709065254900.jpg\" \/>\n\t<meta property=\"og:image:width\" content=\"960\" \/>\n\t<meta property=\"og:image:height\" content=\"538\" \/>\n\t<meta property=\"og:image:type\" content=\"image\/jpeg\" \/>\n<meta name=\"author\" content=\"Issouf Tapsoba\" \/>\n<meta name=\"twitter:label1\" content=\"\u00c9crit par\" \/>\n\t<meta name=\"twitter:data1\" content=\"Issouf Tapsoba\" \/>\n\t<meta name=\"twitter:label2\" content=\"Dur\u00e9e de lecture estim\u00e9e\" \/>\n\t<meta name=\"twitter:data2\" content=\"3 minutes\" \/>\n<script type=\"application\/ld+json\" class=\"yoast-schema-graph\">{\"@context\":\"https:\\\/\\\/schema.org\",\"@graph\":[{\"@type\":\"Article\",\"@id\":\"https:\\\/\\\/www.latribunedufaso.net\\\/?p=11908#article\",\"isPartOf\":{\"@id\":\"https:\\\/\\\/www.latribunedufaso.net\\\/?p=11908\"},\"author\":{\"name\":\"Issouf Tapsoba\",\"@id\":\"https:\\\/\\\/www.latribunedufaso.net\\\/#\\\/schema\\\/person\\\/e54e64c5778a7e72cf80a318b7a622b0\"},\"headline\":\"Cadre sectoriel de dialogue \u00ab Justice et Droits Humains \u00bb : Plus de 95% des objectifs de 2023 atteints\",\"datePublished\":\"2024-02-27T20:22:23+00:00\",\"mainEntityOfPage\":{\"@id\":\"https:\\\/\\\/www.latribunedufaso.net\\\/?p=11908\"},\"wordCount\":568,\"commentCount\":0,\"publisher\":{\"@id\":\"https:\\\/\\\/www.latribunedufaso.net\\\/#organization\"},\"image\":{\"@id\":\"https:\\\/\\\/www.latribunedufaso.net\\\/?p=11908#primaryimage\"},\"thumbnailUrl\":\"https:\\\/\\\/www.latribunedufaso.net\\\/wp-content\\\/uploads\\\/2024\\\/02\\\/FB_IMG_1709065254900.jpg\",\"articleSection\":[\"A la une\",\"Actualit\u00e9\",\"Soci\u00e9t\u00e9\"],\"inLanguage\":\"fr-FR\",\"potentialAction\":[{\"@type\":\"CommentAction\",\"name\":\"Comment\",\"target\":[\"https:\\\/\\\/www.latribunedufaso.net\\\/?p=11908#respond\"]}]},{\"@type\":\"WebPage\",\"@id\":\"https:\\\/\\\/www.latribunedufaso.net\\\/?p=11908\",\"url\":\"https:\\\/\\\/www.latribunedufaso.net\\\/?p=11908\",\"name\":\"Cadre sectoriel de dialogue \u00ab Justice et Droits Humains \u00bb : Plus de 95% des objectifs de 2023 atteints - La Tribune du Faso\",\"isPartOf\":{\"@id\":\"https:\\\/\\\/www.latribunedufaso.net\\\/#website\"},\"primaryImageOfPage\":{\"@id\":\"https:\\\/\\\/www.latribunedufaso.net\\\/?p=11908#primaryimage\"},\"image\":{\"@id\":\"https:\\\/\\\/www.latribunedufaso.net\\\/?p=11908#primaryimage\"},\"thumbnailUrl\":\"https:\\\/\\\/www.latribunedufaso.net\\\/wp-content\\\/uploads\\\/2024\\\/02\\\/FB_IMG_1709065254900.jpg\",\"datePublished\":\"2024-02-27T20:22:23+00:00\",\"breadcrumb\":{\"@id\":\"https:\\\/\\\/www.latribunedufaso.net\\\/?p=11908#breadcrumb\"},\"inLanguage\":\"fr-FR\",\"potentialAction\":[{\"@type\":\"ReadAction\",\"target\":[\"https:\\\/\\\/www.latribunedufaso.net\\\/?p=11908\"]}]},{\"@type\":\"ImageObject\",\"inLanguage\":\"fr-FR\",\"@id\":\"https:\\\/\\\/www.latribunedufaso.net\\\/?p=11908#primaryimage\",\"url\":\"https:\\\/\\\/www.latribunedufaso.net\\\/wp-content\\\/uploads\\\/2024\\\/02\\\/FB_IMG_1709065254900.jpg\",\"contentUrl\":\"https:\\\/\\\/www.latribunedufaso.net\\\/wp-content\\\/uploads\\\/2024\\\/02\\\/FB_IMG_1709065254900.jpg\",\"width\":960,\"height\":538},{\"@type\":\"BreadcrumbList\",\"@id\":\"https:\\\/\\\/www.latribunedufaso.net\\\/?p=11908#breadcrumb\",\"itemListElement\":[{\"@type\":\"ListItem\",\"position\":1,\"name\":\"Accueil\",\"item\":\"https:\\\/\\\/www.latribunedufaso.net\\\/\"},{\"@type\":\"ListItem\",\"position\":2,\"name\":\"Cadre sectoriel de dialogue \u00ab Justice et Droits Humains \u00bb : Plus de 95% des objectifs de 2023 atteints\"}]},{\"@type\":\"WebSite\",\"@id\":\"https:\\\/\\\/www.latribunedufaso.net\\\/#website\",\"url\":\"https:\\\/\\\/www.latribunedufaso.net\\\/\",\"name\":\"La Tribune du Faso\",\"description\":\"L&#039;information du monde rural en un clic\",\"publisher\":{\"@id\":\"https:\\\/\\\/www.latribunedufaso.net\\\/#organization\"},\"potentialAction\":[{\"@type\":\"SearchAction\",\"target\":{\"@type\":\"EntryPoint\",\"urlTemplate\":\"https:\\\/\\\/www.latribunedufaso.net\\\/?s={search_term_string}\"},\"query-input\":{\"@type\":\"PropertyValueSpecification\",\"valueRequired\":true,\"valueName\":\"search_term_string\"}}],\"inLanguage\":\"fr-FR\"},{\"@type\":\"Organization\",\"@id\":\"https:\\\/\\\/www.latribunedufaso.net\\\/#organization\",\"name\":\"La Tribune du Faso\",\"url\":\"https:\\\/\\\/www.latribunedufaso.net\\\/\",\"logo\":{\"@type\":\"ImageObject\",\"inLanguage\":\"fr-FR\",\"@id\":\"https:\\\/\\\/www.latribunedufaso.net\\\/#\\\/schema\\\/logo\\\/image\\\/\",\"url\":\"https:\\\/\\\/www.latribunedufaso.net\\\/wp-content\\\/uploads\\\/2020\\\/08\\\/Logo-Tribune-du-Faso-final-scaled.jpg\",\"contentUrl\":\"https:\\\/\\\/www.latribunedufaso.net\\\/wp-content\\\/uploads\\\/2020\\\/08\\\/Logo-Tribune-du-Faso-final-scaled.jpg\",\"width\":2560,\"height\":1856,\"caption\":\"La Tribune du Faso\"},\"image\":{\"@id\":\"https:\\\/\\\/www.latribunedufaso.net\\\/#\\\/schema\\\/logo\\\/image\\\/\"},\"sameAs\":[\"https:\\\/\\\/www.facebook.com\\\/LatribuneduFaso\\\/\"]},{\"@type\":\"Person\",\"@id\":\"https:\\\/\\\/www.latribunedufaso.net\\\/#\\\/schema\\\/person\\\/e54e64c5778a7e72cf80a318b7a622b0\",\"name\":\"Issouf Tapsoba\",\"image\":{\"@type\":\"ImageObject\",\"inLanguage\":\"fr-FR\",\"@id\":\"https:\\\/\\\/secure.gravatar.com\\\/avatar\\\/5e6c05150ce3230247d167f5b94d678eb05936197436d69b7921e3a95c9107ac?s=96&d=mm&r=g\",\"url\":\"https:\\\/\\\/secure.gravatar.com\\\/avatar\\\/5e6c05150ce3230247d167f5b94d678eb05936197436d69b7921e3a95c9107ac?s=96&d=mm&r=g\",\"contentUrl\":\"https:\\\/\\\/secure.gravatar.com\\\/avatar\\\/5e6c05150ce3230247d167f5b94d678eb05936197436d69b7921e3a95c9107ac?s=96&d=mm&r=g\",\"caption\":\"Issouf Tapsoba\"},\"url\":\"https:\\\/\\\/www.latribunedufaso.net\\\/?author=5\"}]}<\/script>\n<!-- \/ Yoast SEO plugin. -->","yoast_head_json":{"title":"Cadre sectoriel de dialogue \u00ab Justice et Droits Humains \u00bb : Plus de 95% des objectifs de 2023 atteints - La Tribune du Faso","robots":{"index":"index","follow":"follow","max-snippet":"max-snippet:-1","max-image-preview":"max-image-preview:large","max-video-preview":"max-video-preview:-1"},"canonical":"https:\/\/www.latribunedufaso.net\/?p=11908","og_locale":"fr_FR","og_type":"article","og_title":"Cadre sectoriel de dialogue \u00ab Justice et Droits Humains \u00bb : Plus de 95% des objectifs de 2023 atteints - La Tribune du Faso","og_description":"Le mardi 27 f\u00e9vrier 2024 \u00e0 Ouagadougou, a eu lieu la revue annuelle 2024 du Cadre sectoriel de dialogue \u00ab Justice et Droits Humains \u00bb (CSD-JDH). C\u2019\u00e9tait sous la pr\u00e9sidence du ministre de la Justice, chef de file du CSD-JDH, Rodrigue Bayala.","og_url":"https:\/\/www.latribunedufaso.net\/?p=11908","og_site_name":"La Tribune du Faso","article_publisher":"https:\/\/www.facebook.com\/LatribuneduFaso\/","article_published_time":"2024-02-27T20:22:23+00:00","og_image":[{"width":960,"height":538,"url":"https:\/\/www.latribunedufaso.net\/wp-content\/uploads\/2024\/02\/FB_IMG_1709065254900.jpg","type":"image\/jpeg"}],"author":"Issouf Tapsoba","twitter_misc":{"\u00c9crit par":"Issouf Tapsoba","Dur\u00e9e de lecture estim\u00e9e":"3 minutes"},"schema":{"@context":"https:\/\/schema.org","@graph":[{"@type":"Article","@id":"https:\/\/www.latribunedufaso.net\/?p=11908#article","isPartOf":{"@id":"https:\/\/www.latribunedufaso.net\/?p=11908"},"author":{"name":"Issouf Tapsoba","@id":"https:\/\/www.latribunedufaso.net\/#\/schema\/person\/e54e64c5778a7e72cf80a318b7a622b0"},"headline":"Cadre sectoriel de dialogue \u00ab Justice et Droits Humains \u00bb : Plus de 95% des objectifs de 2023 atteints","datePublished":"2024-02-27T20:22:23+00:00","mainEntityOfPage":{"@id":"https:\/\/www.latribunedufaso.net\/?p=11908"},"wordCount":568,"commentCount":0,"publisher":{"@id":"https:\/\/www.latribunedufaso.net\/#organization"},"image":{"@id":"https:\/\/www.latribunedufaso.net\/?p=11908#primaryimage"},"thumbnailUrl":"https:\/\/www.latribunedufaso.net\/wp-content\/uploads\/2024\/02\/FB_IMG_1709065254900.jpg","articleSection":["A la une","Actualit\u00e9","Soci\u00e9t\u00e9"],"inLanguage":"fr-FR","potentialAction":[{"@type":"CommentAction","name":"Comment","target":["https:\/\/www.latribunedufaso.net\/?p=11908#respond"]}]},{"@type":"WebPage","@id":"https:\/\/www.latribunedufaso.net\/?p=11908","url":"https:\/\/www.latribunedufaso.net\/?p=11908","name":"Cadre sectoriel de dialogue \u00ab Justice et Droits Humains \u00bb : Plus de 95% des objectifs de 2023 atteints - La Tribune du Faso","isPartOf":{"@id":"https:\/\/www.latribunedufaso.net\/#website"},"primaryImageOfPage":{"@id":"https:\/\/www.latribunedufaso.net\/?p=11908#primaryimage"},"image":{"@id":"https:\/\/www.latribunedufaso.net\/?p=11908#primaryimage"},"thumbnailUrl":"https:\/\/www.latribunedufaso.net\/wp-content\/uploads\/2024\/02\/FB_IMG_1709065254900.jpg","datePublished":"2024-02-27T20:22:23+00:00","breadcrumb":{"@id":"https:\/\/www.latribunedufaso.net\/?p=11908#breadcrumb"},"inLanguage":"fr-FR","potentialAction":[{"@type":"ReadAction","target":["https:\/\/www.latribunedufaso.net\/?p=11908"]}]},{"@type":"ImageObject","inLanguage":"fr-FR","@id":"https:\/\/www.latribunedufaso.net\/?p=11908#primaryimage","url":"https:\/\/www.latribunedufaso.net\/wp-content\/uploads\/2024\/02\/FB_IMG_1709065254900.jpg","contentUrl":"https:\/\/www.latribunedufaso.net\/wp-content\/uploads\/2024\/02\/FB_IMG_1709065254900.jpg","width":960,"height":538},{"@type":"BreadcrumbList","@id":"https:\/\/www.latribunedufaso.net\/?p=11908#breadcrumb","itemListElement":[{"@type":"ListItem","position":1,"name":"Accueil","item":"https:\/\/www.latribunedufaso.net\/"},{"@type":"ListItem","position":2,"name":"Cadre sectoriel de dialogue \u00ab Justice et Droits Humains \u00bb : Plus de 95% des objectifs de 2023 atteints"}]},{"@type":"WebSite","@id":"https:\/\/www.latribunedufaso.net\/#website","url":"https:\/\/www.latribunedufaso.net\/","name":"La Tribune du Faso","description":"L&#039;information du monde rural en un clic","publisher":{"@id":"https:\/\/www.latribunedufaso.net\/#organization"},"potentialAction":[{"@type":"SearchAction","target":{"@type":"EntryPoint","urlTemplate":"https:\/\/www.latribunedufaso.net\/?s={search_term_string}"},"query-input":{"@type":"PropertyValueSpecification","valueRequired":true,"valueName":"search_term_string"}}],"inLanguage":"fr-FR"},{"@type":"Organization","@id":"https:\/\/www.latribunedufaso.net\/#organization","name":"La Tribune du Faso","url":"https:\/\/www.latribunedufaso.net\/","logo":{"@type":"ImageObject","inLanguage":"fr-FR","@id":"https:\/\/www.latribunedufaso.net\/#\/schema\/logo\/image\/","url":"https:\/\/www.latribunedufaso.net\/wp-content\/uploads\/2020\/08\/Logo-Tribune-du-Faso-final-scaled.jpg","contentUrl":"https:\/\/www.latribunedufaso.net\/wp-content\/uploads\/2020\/08\/Logo-Tribune-du-Faso-final-scaled.jpg","width":2560,"height":1856,"caption":"La Tribune du Faso"},"image":{"@id":"https:\/\/www.latribunedufaso.net\/#\/schema\/logo\/image\/"},"sameAs":["https:\/\/www.facebook.com\/LatribuneduFaso\/"]},{"@type":"Person","@id":"https:\/\/www.latribunedufaso.net\/#\/schema\/person\/e54e64c5778a7e72cf80a318b7a622b0","name":"Issouf Tapsoba","image":{"@type":"ImageObject","inLanguage":"fr-FR","@id":"https:\/\/secure.gravatar.com\/avatar\/5e6c05150ce3230247d167f5b94d678eb05936197436d69b7921e3a95c9107ac?s=96&d=mm&r=g","url":"https:\/\/secure.gravatar.com\/avatar\/5e6c05150ce3230247d167f5b94d678eb05936197436d69b7921e3a95c9107ac?s=96&d=mm&r=g","contentUrl":"https:\/\/secure.gravatar.com\/avatar\/5e6c05150ce3230247d167f5b94d678eb05936197436d69b7921e3a95c9107ac?s=96&d=mm&r=g","caption":"Issouf Tapsoba"},"url":"https:\/\/www.latribunedufaso.net\/?author=5"}]}},"_links":{"self":[{"href":"https:\/\/www.latribunedufaso.net\/index.php?rest_route=\/wp\/v2\/posts\/11908","targetHints":{"allow":["GET"]}}],"collection":[{"href":"https:\/\/www.latribunedufaso.net\/index.php?rest_route=\/wp\/v2\/posts"}],"about":[{"href":"https:\/\/www.latribunedufaso.net\/index.php?rest_route=\/wp\/v2\/types\/post"}],"author":[{"embeddable":true,"href":"https:\/\/www.latribunedufaso.net\/index.php?rest_route=\/wp\/v2\/users\/5"}],"replies":[{"embeddable":true,"href":"https:\/\/www.latribunedufaso.net\/index.php?rest_route=%2Fwp%2Fv2%2Fcomments&post=11908"}],"version-history":[{"count":2,"href":"https:\/\/www.latribunedufaso.net\/index.php?rest_route=\/wp\/v2\/posts\/11908\/revisions"}],"predecessor-version":[{"id":11917,"href":"https:\/\/www.latribunedufaso.net\/index.php?rest_route=\/wp\/v2\/posts\/11908\/revisions\/11917"}],"wp:featuredmedia":[{"embeddable":true,"href":"https:\/\/www.latribunedufaso.net\/index.php?rest_route=\/wp\/v2\/media\/11913"}],"wp:attachment":[{"href":"https:\/\/www.latribunedufaso.net\/index.php?rest_route=%2Fwp%2Fv2%2Fmedia&parent=11908"}],"wp:term":[{"taxonomy":"category","embeddable":true,"href":"https:\/\/www.latribunedufaso.net\/index.php?rest_route=%2Fwp%2Fv2%2Fcategories&post=11908"},{"taxonomy":"post_tag","embeddable":true,"href":"https:\/\/www.latribunedufaso.net\/index.php?rest_route=%2Fwp%2Fv2%2Ftags&post=11908"}],"curies":[{"name":"wp","href":"https:\/\/api.w.org\/{rel}","templated":true}]}}