{"id":11867,"date":"2024-02-24T16:31:34","date_gmt":"2024-02-24T16:31:34","guid":{"rendered":"https:\/\/www.latribunedufaso.net\/?p=11867"},"modified":"2024-02-24T16:31:34","modified_gmt":"2024-02-24T16:31:34","slug":"sommet-extraordinaire-des-chefs-detat-de-la-cedeao-jexhorte-les-trois-etats-qui-ont-decide-de-se-retirer-de-la-cedeao-a-revoir-leurs-decisions-et-a-ne-pas-percevoir-lorganisation","status":"publish","type":"post","link":"https:\/\/www.latribunedufaso.net\/?p=11867","title":{"rendered":"Sommet extraordinaire des chefs d&rsquo;\u00c9tat de la CEDEAO : \u00a0\u00ab J&rsquo;exhorte les trois \u00c9tats qui ont d\u00e9cid\u00e9 de se retirer de la CEDEAO \u00e0 revoir leurs d\u00e9cisions et \u00e0 ne pas percevoir l&rsquo;organisation comme ennemi \u00bb, Bola Ahmed Tinubu"},"content":{"rendered":"<p><strong><span style=\"font-size: 1.0625rem;\">L&rsquo;Autorit\u00e9 des Chefs d&rsquo;\u00c9tat de la Communaut\u00e9 \u00e9conomique des \u00c9tats de l&rsquo;Afrique de l&rsquo;Ouest (CEDEAO) s&rsquo;est r\u00e9unie ce 24 f\u00e9vrier 2024 \u00e0 Abuja lors d&rsquo;un sommet extraordinaire pour discuter de la d\u00e9cision du Burkina Faso, du Mali et du Niger de se retirer de l&rsquo;institution.<\/span><\/strong><br \/><!--more--><\/p>\n<p><span style=\"font-size: 1.0625rem;\">Le Pr\u00e9sident de l&rsquo;Autorit\u00e9, S.E. Bola Ahmed Tinubu, Pr\u00e9sident de la R\u00e9publique f\u00e9d\u00e9rale du Nig\u00e9ria, a d\u00e9clar\u00e9 que les questions \u00ab bien qu&rsquo;intimidantes, \u00e9taient une occasion pour la CEDEAO de r\u00e9affirmer son attachement \u00e0 la vision de nos p\u00e8res fondateurs et aux principes qui sous-tendent notre engagement en faveur de la paix, de la s\u00e9curit\u00e9 et de l&rsquo;int\u00e9gration \u00bb. <\/span><span style=\"font-size: 1.0625rem;\">Il a soulign\u00e9 que la situation actuelle dans la sous-r\u00e9gion exigeait des d\u00e9cisions difficiles mais courageuses qui placent le sort de la population au centre des d\u00e9lib\u00e9rations.<\/span><\/p>\n<p><a href=\"https:\/\/www.latribunedufaso.net\/wp-content\/uploads\/2024\/02\/FB_IMG_1708790332956.jpg\"><img loading=\"lazy\" decoding=\"async\" class=\"size-medium wp-image-11868 alignleft\" src=\"https:\/\/www.latribunedufaso.net\/wp-content\/uploads\/2024\/02\/FB_IMG_1708790332956-300x202.jpg\" alt=\"\" width=\"300\" height=\"202\" srcset=\"https:\/\/www.latribunedufaso.net\/wp-content\/uploads\/2024\/02\/FB_IMG_1708790332956-300x202.jpg 300w, https:\/\/www.latribunedufaso.net\/wp-content\/uploads\/2024\/02\/FB_IMG_1708790332956-120x80.jpg 120w, https:\/\/www.latribunedufaso.net\/wp-content\/uploads\/2024\/02\/FB_IMG_1708790332956.jpg 720w\" sizes=\"auto, (max-width: 300px) 100vw, 300px\" \/><\/a>Dans ce contexte, le Pr\u00e9sident de la CEDEAO a d\u00e9clar\u00e9 que \u00ab la d\u00e9mocratie n&rsquo;est rien d&rsquo;autre que le cadre politique et la voie \u00e0 suivre pour r\u00e9pondre aux besoins et aspirations fondamentaux du peuple. \u00ab C&rsquo;est pourquoi nous devons r\u00e9examiner notre approche actuelle de la qu\u00eate de l&rsquo;ordre constitutionnel dans quatre de nos \u00c9tats membres \u00bb, a-t-il ajout\u00e9.<\/p>\n<p>Il a \u00e9galement exhort\u00e9 les trois \u00c9tats qui ont d\u00e9cid\u00e9 de se retirer de la CEDEAO \u00e0 revoir leurs d\u00e9cisions et \u00e0 ne pas percevoir l&rsquo;<span style=\"font-size: 1.0625rem;\">organisation comme ennemi.<\/span><\/p>\n<p><a href=\"https:\/\/www.latribunedufaso.net\/wp-content\/uploads\/2024\/02\/FB_IMG_1708790349148.jpg\"><img loading=\"lazy\" decoding=\"async\" class=\"size-medium wp-image-11871 alignleft\" src=\"https:\/\/www.latribunedufaso.net\/wp-content\/uploads\/2024\/02\/FB_IMG_1708790349148-300x253.jpg\" alt=\"\" width=\"300\" height=\"253\" srcset=\"https:\/\/www.latribunedufaso.net\/wp-content\/uploads\/2024\/02\/FB_IMG_1708790349148-300x253.jpg 300w, https:\/\/www.latribunedufaso.net\/wp-content\/uploads\/2024\/02\/FB_IMG_1708790349148.jpg 720w\" sizes=\"auto, (max-width: 300px) 100vw, 300px\" \/><\/a>Le Pr\u00e9sident Tinubu a exhort\u00e9 ses coll\u00e8gues Chefs d&rsquo;\u00c9tat \u00e0 d\u00e9lib\u00e9rer sur le m\u00e9morandum qui sera pr\u00e9sent\u00e9 par le Pr\u00e9sident de la Commission de la CEDEAO sur la paix et la s\u00e9curit\u00e9 dans la r\u00e9gion ainsi que sur la situation politique au Burkina Faso, en Guin\u00e9e, au Mali et au Niger avec un sentiment d&rsquo;unit\u00e9 et d&rsquo;engagement envers le bien-\u00eatre du peuple.<\/p>\n<p>Il a \u00e9galement demand\u00e9 instamment que les d\u00e9lib\u00e9rations tiennent compte de la n\u00e9cessit\u00e9 de veiller \u00e0 ce que les citoyens de ces pays ne se voient pas refuser les avantages des initiatives d&rsquo;int\u00e9gration r\u00e9gionale.<\/p>\n<p>Un communiqu\u00e9 est attendu \u00e0 la fin du sommet extraordinaire.<\/p>\n<p><a href=\"https:\/\/www.latribunedufaso.net\/wp-content\/uploads\/2024\/02\/FB_IMG_1708790380023.jpg\"><img loading=\"lazy\" decoding=\"async\" class=\"size-medium wp-image-11870 alignleft\" src=\"https:\/\/www.latribunedufaso.net\/wp-content\/uploads\/2024\/02\/FB_IMG_1708790380023-300x200.jpg\" alt=\"\" width=\"300\" height=\"200\" srcset=\"https:\/\/www.latribunedufaso.net\/wp-content\/uploads\/2024\/02\/FB_IMG_1708790380023-300x200.jpg 300w, https:\/\/www.latribunedufaso.net\/wp-content\/uploads\/2024\/02\/FB_IMG_1708790380023-120x80.jpg 120w, https:\/\/www.latribunedufaso.net\/wp-content\/uploads\/2024\/02\/FB_IMG_1708790380023-360x240.jpg 360w, https:\/\/www.latribunedufaso.net\/wp-content\/uploads\/2024\/02\/FB_IMG_1708790380023-600x400.jpg 600w, https:\/\/www.latribunedufaso.net\/wp-content\/uploads\/2024\/02\/FB_IMG_1708790380023.jpg 720w\" sizes=\"auto, (max-width: 300px) 100vw, 300px\" \/><\/a>Plus t\u00f4t cette semaine, le seul p\u00e8re fondateur survivant de la CEDEAO et ancien chef de l&rsquo;\u00c9tat nig\u00e9rian, le g\u00e9n\u00e9ral Yakubu Gowon, dans une lettre ouverte aux chefs d&rsquo;\u00c9tat et de gouvernement de la CEDEAO, les a exhort\u00e9 \u00e0 lever les sanctions contre le Burkina Faso, le Mali et le Niger et a \u00e9galement exhort\u00e9 les trois pays \u00e0 retirer leur d\u00e9cision de quitter l&rsquo;organisation.<\/p>\n<p>Latribunedufaso.net<\/p>\n<p>Source : CEDEAO<a href=\"https:\/\/www.latribunedufaso.net\/wp-content\/uploads\/2024\/02\/FB_IMG_1708790344713.jpg\"><img loading=\"lazy\" decoding=\"async\" class=\"size-medium wp-image-11872 alignleft\" src=\"https:\/\/www.latribunedufaso.net\/wp-content\/uploads\/2024\/02\/FB_IMG_1708790344713-300x175.jpg\" alt=\"\" width=\"300\" height=\"175\" srcset=\"https:\/\/www.latribunedufaso.net\/wp-content\/uploads\/2024\/02\/FB_IMG_1708790344713-300x175.jpg 300w, https:\/\/www.latribunedufaso.net\/wp-content\/uploads\/2024\/02\/FB_IMG_1708790344713.jpg 720w\" sizes=\"auto, (max-width: 300px) 100vw, 300px\" \/><\/a><\/p>\n","protected":false},"excerpt":{"rendered":"<p>L&rsquo;Autorit\u00e9 des Chefs d&rsquo;\u00c9tat de la Communaut\u00e9 \u00e9conomique des \u00c9tats de l&rsquo;Afrique de l&rsquo;Ouest (CEDEAO) s&rsquo;est r\u00e9unie ce 24 f\u00e9vrier 2024 \u00e0 Abuja lors d&rsquo;un sommet extraordinaire pour discuter de la d\u00e9cision du Burkina Faso, du Mali et du Niger de se retirer de l&rsquo;institution.<\/p>\n","protected":false},"author":5,"featured_media":11869,"comment_status":"open","ping_status":"open","sticky":false,"template":"","format":"standard","meta":{"footnotes":""},"categories":[13,1,9],"tags":[],"class_list":["post-11867","post","type-post","status-publish","format-standard","has-post-thumbnail","hentry","category-une","category-actu","category-inter"],"yoast_head":"<!-- This site is optimized with the Yoast SEO plugin v27.4 - https:\/\/yoast.com\/product\/yoast-seo-wordpress\/ -->\n<title>Sommet extraordinaire des chefs d&#039;\u00c9tat de la CEDEAO : \u00a0\u00ab J&#039;exhorte les trois \u00c9tats qui ont d\u00e9cid\u00e9 de se retirer de la CEDEAO \u00e0 revoir leurs d\u00e9cisions et \u00e0 ne pas percevoir l&#039;organisation comme ennemi \u00bb, Bola Ahmed Tinubu - La Tribune du Faso<\/title>\n<meta name=\"robots\" content=\"index, follow, max-snippet:-1, max-image-preview:large, max-video-preview:-1\" \/>\n<link rel=\"canonical\" href=\"https:\/\/www.latribunedufaso.net\/?p=11867\" \/>\n<meta property=\"og:locale\" content=\"fr_FR\" \/>\n<meta property=\"og:type\" content=\"article\" \/>\n<meta property=\"og:title\" content=\"Sommet extraordinaire des chefs d&#039;\u00c9tat de la CEDEAO : \u00a0\u00ab J&#039;exhorte les trois \u00c9tats qui ont d\u00e9cid\u00e9 de se retirer de la CEDEAO \u00e0 revoir leurs d\u00e9cisions et \u00e0 ne pas percevoir l&#039;organisation comme ennemi \u00bb, Bola Ahmed Tinubu - La Tribune du Faso\" \/>\n<meta property=\"og:description\" content=\"L&rsquo;Autorit\u00e9 des Chefs d&rsquo;\u00c9tat de la Communaut\u00e9 \u00e9conomique des \u00c9tats de l&rsquo;Afrique de l&rsquo;Ouest (CEDEAO) s&rsquo;est r\u00e9unie ce 24 f\u00e9vrier 2024 \u00e0 Abuja lors d&rsquo;un sommet extraordinaire pour discuter de la d\u00e9cision du Burkina Faso, du Mali et du Niger de se retirer de l&rsquo;institution.\" \/>\n<meta property=\"og:url\" content=\"https:\/\/www.latribunedufaso.net\/?p=11867\" \/>\n<meta property=\"og:site_name\" content=\"La Tribune du Faso\" \/>\n<meta property=\"article:publisher\" content=\"https:\/\/www.facebook.com\/LatribuneduFaso\/\" \/>\n<meta property=\"article:published_time\" content=\"2024-02-24T16:31:34+00:00\" \/>\n<meta property=\"og:image\" content=\"https:\/\/www.latribunedufaso.net\/wp-content\/uploads\/2024\/02\/FB_IMG_1708790330943.jpg\" \/>\n\t<meta property=\"og:image:width\" content=\"720\" \/>\n\t<meta property=\"og:image:height\" content=\"413\" \/>\n\t<meta property=\"og:image:type\" content=\"image\/jpeg\" \/>\n<meta name=\"author\" content=\"Issouf Tapsoba\" \/>\n<meta name=\"twitter:label1\" content=\"\u00c9crit par\" \/>\n\t<meta name=\"twitter:data1\" content=\"Issouf Tapsoba\" \/>\n\t<meta name=\"twitter:label2\" content=\"Dur\u00e9e de lecture estim\u00e9e\" \/>\n\t<meta name=\"twitter:data2\" content=\"2 minutes\" \/>\n<script type=\"application\/ld+json\" class=\"yoast-schema-graph\">{\"@context\":\"https:\\\/\\\/schema.org\",\"@graph\":[{\"@type\":\"Article\",\"@id\":\"https:\\\/\\\/www.latribunedufaso.net\\\/?p=11867#article\",\"isPartOf\":{\"@id\":\"https:\\\/\\\/www.latribunedufaso.net\\\/?p=11867\"},\"author\":{\"name\":\"Issouf Tapsoba\",\"@id\":\"https:\\\/\\\/www.latribunedufaso.net\\\/#\\\/schema\\\/person\\\/e54e64c5778a7e72cf80a318b7a622b0\"},\"headline\":\"Sommet extraordinaire des chefs d&rsquo;\u00c9tat de la CEDEAO : \u00a0\u00ab J&rsquo;exhorte les trois \u00c9tats qui ont d\u00e9cid\u00e9 de se retirer de la CEDEAO \u00e0 revoir leurs d\u00e9cisions et \u00e0 ne pas percevoir l&rsquo;organisation comme ennemi \u00bb, Bola Ahmed Tinubu\",\"datePublished\":\"2024-02-24T16:31:34+00:00\",\"mainEntityOfPage\":{\"@id\":\"https:\\\/\\\/www.latribunedufaso.net\\\/?p=11867\"},\"wordCount\":486,\"commentCount\":0,\"publisher\":{\"@id\":\"https:\\\/\\\/www.latribunedufaso.net\\\/#organization\"},\"image\":{\"@id\":\"https:\\\/\\\/www.latribunedufaso.net\\\/?p=11867#primaryimage\"},\"thumbnailUrl\":\"https:\\\/\\\/www.latribunedufaso.net\\\/wp-content\\\/uploads\\\/2024\\\/02\\\/FB_IMG_1708790330943.jpg\",\"articleSection\":[\"A la une\",\"Actualit\u00e9\",\"International\"],\"inLanguage\":\"fr-FR\",\"potentialAction\":[{\"@type\":\"CommentAction\",\"name\":\"Comment\",\"target\":[\"https:\\\/\\\/www.latribunedufaso.net\\\/?p=11867#respond\"]}]},{\"@type\":\"WebPage\",\"@id\":\"https:\\\/\\\/www.latribunedufaso.net\\\/?p=11867\",\"url\":\"https:\\\/\\\/www.latribunedufaso.net\\\/?p=11867\",\"name\":\"Sommet extraordinaire des chefs d'\u00c9tat de la CEDEAO : \u00a0\u00ab J'exhorte les trois \u00c9tats qui ont d\u00e9cid\u00e9 de se retirer de la CEDEAO \u00e0 revoir leurs d\u00e9cisions et \u00e0 ne pas percevoir l'organisation comme ennemi \u00bb, Bola Ahmed Tinubu - La Tribune du Faso\",\"isPartOf\":{\"@id\":\"https:\\\/\\\/www.latribunedufaso.net\\\/#website\"},\"primaryImageOfPage\":{\"@id\":\"https:\\\/\\\/www.latribunedufaso.net\\\/?p=11867#primaryimage\"},\"image\":{\"@id\":\"https:\\\/\\\/www.latribunedufaso.net\\\/?p=11867#primaryimage\"},\"thumbnailUrl\":\"https:\\\/\\\/www.latribunedufaso.net\\\/wp-content\\\/uploads\\\/2024\\\/02\\\/FB_IMG_1708790330943.jpg\",\"datePublished\":\"2024-02-24T16:31:34+00:00\",\"breadcrumb\":{\"@id\":\"https:\\\/\\\/www.latribunedufaso.net\\\/?p=11867#breadcrumb\"},\"inLanguage\":\"fr-FR\",\"potentialAction\":[{\"@type\":\"ReadAction\",\"target\":[\"https:\\\/\\\/www.latribunedufaso.net\\\/?p=11867\"]}]},{\"@type\":\"ImageObject\",\"inLanguage\":\"fr-FR\",\"@id\":\"https:\\\/\\\/www.latribunedufaso.net\\\/?p=11867#primaryimage\",\"url\":\"https:\\\/\\\/www.latribunedufaso.net\\\/wp-content\\\/uploads\\\/2024\\\/02\\\/FB_IMG_1708790330943.jpg\",\"contentUrl\":\"https:\\\/\\\/www.latribunedufaso.net\\\/wp-content\\\/uploads\\\/2024\\\/02\\\/FB_IMG_1708790330943.jpg\",\"width\":720,\"height\":413},{\"@type\":\"BreadcrumbList\",\"@id\":\"https:\\\/\\\/www.latribunedufaso.net\\\/?p=11867#breadcrumb\",\"itemListElement\":[{\"@type\":\"ListItem\",\"position\":1,\"name\":\"Accueil\",\"item\":\"https:\\\/\\\/www.latribunedufaso.net\\\/\"},{\"@type\":\"ListItem\",\"position\":2,\"name\":\"Sommet extraordinaire des chefs d&rsquo;\u00c9tat de la CEDEAO : \u00a0\u00ab J&rsquo;exhorte les trois \u00c9tats qui ont d\u00e9cid\u00e9 de se retirer de la CEDEAO \u00e0 revoir leurs d\u00e9cisions et \u00e0 ne pas percevoir l&rsquo;organisation comme ennemi \u00bb, Bola Ahmed Tinubu\"}]},{\"@type\":\"WebSite\",\"@id\":\"https:\\\/\\\/www.latribunedufaso.net\\\/#website\",\"url\":\"https:\\\/\\\/www.latribunedufaso.net\\\/\",\"name\":\"La Tribune du Faso\",\"description\":\"L&#039;information du monde rural en un clic\",\"publisher\":{\"@id\":\"https:\\\/\\\/www.latribunedufaso.net\\\/#organization\"},\"potentialAction\":[{\"@type\":\"SearchAction\",\"target\":{\"@type\":\"EntryPoint\",\"urlTemplate\":\"https:\\\/\\\/www.latribunedufaso.net\\\/?s={search_term_string}\"},\"query-input\":{\"@type\":\"PropertyValueSpecification\",\"valueRequired\":true,\"valueName\":\"search_term_string\"}}],\"inLanguage\":\"fr-FR\"},{\"@type\":\"Organization\",\"@id\":\"https:\\\/\\\/www.latribunedufaso.net\\\/#organization\",\"name\":\"La Tribune du Faso\",\"url\":\"https:\\\/\\\/www.latribunedufaso.net\\\/\",\"logo\":{\"@type\":\"ImageObject\",\"inLanguage\":\"fr-FR\",\"@id\":\"https:\\\/\\\/www.latribunedufaso.net\\\/#\\\/schema\\\/logo\\\/image\\\/\",\"url\":\"https:\\\/\\\/www.latribunedufaso.net\\\/wp-content\\\/uploads\\\/2020\\\/08\\\/Logo-Tribune-du-Faso-final-scaled.jpg\",\"contentUrl\":\"https:\\\/\\\/www.latribunedufaso.net\\\/wp-content\\\/uploads\\\/2020\\\/08\\\/Logo-Tribune-du-Faso-final-scaled.jpg\",\"width\":2560,\"height\":1856,\"caption\":\"La Tribune du Faso\"},\"image\":{\"@id\":\"https:\\\/\\\/www.latribunedufaso.net\\\/#\\\/schema\\\/logo\\\/image\\\/\"},\"sameAs\":[\"https:\\\/\\\/www.facebook.com\\\/LatribuneduFaso\\\/\"]},{\"@type\":\"Person\",\"@id\":\"https:\\\/\\\/www.latribunedufaso.net\\\/#\\\/schema\\\/person\\\/e54e64c5778a7e72cf80a318b7a622b0\",\"name\":\"Issouf Tapsoba\",\"image\":{\"@type\":\"ImageObject\",\"inLanguage\":\"fr-FR\",\"@id\":\"https:\\\/\\\/secure.gravatar.com\\\/avatar\\\/5e6c05150ce3230247d167f5b94d678eb05936197436d69b7921e3a95c9107ac?s=96&d=mm&r=g\",\"url\":\"https:\\\/\\\/secure.gravatar.com\\\/avatar\\\/5e6c05150ce3230247d167f5b94d678eb05936197436d69b7921e3a95c9107ac?s=96&d=mm&r=g\",\"contentUrl\":\"https:\\\/\\\/secure.gravatar.com\\\/avatar\\\/5e6c05150ce3230247d167f5b94d678eb05936197436d69b7921e3a95c9107ac?s=96&d=mm&r=g\",\"caption\":\"Issouf Tapsoba\"},\"url\":\"https:\\\/\\\/www.latribunedufaso.net\\\/?author=5\"}]}<\/script>\n<!-- \/ Yoast SEO plugin. -->","yoast_head_json":{"title":"Sommet extraordinaire des chefs d'\u00c9tat de la CEDEAO : \u00a0\u00ab J'exhorte les trois \u00c9tats qui ont d\u00e9cid\u00e9 de se retirer de la CEDEAO \u00e0 revoir leurs d\u00e9cisions et \u00e0 ne pas percevoir l'organisation comme ennemi \u00bb, Bola Ahmed Tinubu - La Tribune du Faso","robots":{"index":"index","follow":"follow","max-snippet":"max-snippet:-1","max-image-preview":"max-image-preview:large","max-video-preview":"max-video-preview:-1"},"canonical":"https:\/\/www.latribunedufaso.net\/?p=11867","og_locale":"fr_FR","og_type":"article","og_title":"Sommet extraordinaire des chefs d'\u00c9tat de la CEDEAO : \u00a0\u00ab J'exhorte les trois \u00c9tats qui ont d\u00e9cid\u00e9 de se retirer de la CEDEAO \u00e0 revoir leurs d\u00e9cisions et \u00e0 ne pas percevoir l'organisation comme ennemi \u00bb, Bola Ahmed Tinubu - La Tribune du Faso","og_description":"L&rsquo;Autorit\u00e9 des Chefs d&rsquo;\u00c9tat de la Communaut\u00e9 \u00e9conomique des \u00c9tats de l&rsquo;Afrique de l&rsquo;Ouest (CEDEAO) s&rsquo;est r\u00e9unie ce 24 f\u00e9vrier 2024 \u00e0 Abuja lors d&rsquo;un sommet extraordinaire pour discuter de la d\u00e9cision du Burkina Faso, du Mali et du Niger de se retirer de l&rsquo;institution.","og_url":"https:\/\/www.latribunedufaso.net\/?p=11867","og_site_name":"La Tribune du Faso","article_publisher":"https:\/\/www.facebook.com\/LatribuneduFaso\/","article_published_time":"2024-02-24T16:31:34+00:00","og_image":[{"width":720,"height":413,"url":"https:\/\/www.latribunedufaso.net\/wp-content\/uploads\/2024\/02\/FB_IMG_1708790330943.jpg","type":"image\/jpeg"}],"author":"Issouf Tapsoba","twitter_misc":{"\u00c9crit par":"Issouf Tapsoba","Dur\u00e9e de lecture estim\u00e9e":"2 minutes"},"schema":{"@context":"https:\/\/schema.org","@graph":[{"@type":"Article","@id":"https:\/\/www.latribunedufaso.net\/?p=11867#article","isPartOf":{"@id":"https:\/\/www.latribunedufaso.net\/?p=11867"},"author":{"name":"Issouf Tapsoba","@id":"https:\/\/www.latribunedufaso.net\/#\/schema\/person\/e54e64c5778a7e72cf80a318b7a622b0"},"headline":"Sommet extraordinaire des chefs d&rsquo;\u00c9tat de la CEDEAO : \u00a0\u00ab J&rsquo;exhorte les trois \u00c9tats qui ont d\u00e9cid\u00e9 de se retirer de la CEDEAO \u00e0 revoir leurs d\u00e9cisions et \u00e0 ne pas percevoir l&rsquo;organisation comme ennemi \u00bb, Bola Ahmed Tinubu","datePublished":"2024-02-24T16:31:34+00:00","mainEntityOfPage":{"@id":"https:\/\/www.latribunedufaso.net\/?p=11867"},"wordCount":486,"commentCount":0,"publisher":{"@id":"https:\/\/www.latribunedufaso.net\/#organization"},"image":{"@id":"https:\/\/www.latribunedufaso.net\/?p=11867#primaryimage"},"thumbnailUrl":"https:\/\/www.latribunedufaso.net\/wp-content\/uploads\/2024\/02\/FB_IMG_1708790330943.jpg","articleSection":["A la une","Actualit\u00e9","International"],"inLanguage":"fr-FR","potentialAction":[{"@type":"CommentAction","name":"Comment","target":["https:\/\/www.latribunedufaso.net\/?p=11867#respond"]}]},{"@type":"WebPage","@id":"https:\/\/www.latribunedufaso.net\/?p=11867","url":"https:\/\/www.latribunedufaso.net\/?p=11867","name":"Sommet extraordinaire des chefs d'\u00c9tat de la CEDEAO : \u00a0\u00ab J'exhorte les trois \u00c9tats qui ont d\u00e9cid\u00e9 de se retirer de la CEDEAO \u00e0 revoir leurs d\u00e9cisions et \u00e0 ne pas percevoir l'organisation comme ennemi \u00bb, Bola Ahmed Tinubu - La Tribune du Faso","isPartOf":{"@id":"https:\/\/www.latribunedufaso.net\/#website"},"primaryImageOfPage":{"@id":"https:\/\/www.latribunedufaso.net\/?p=11867#primaryimage"},"image":{"@id":"https:\/\/www.latribunedufaso.net\/?p=11867#primaryimage"},"thumbnailUrl":"https:\/\/www.latribunedufaso.net\/wp-content\/uploads\/2024\/02\/FB_IMG_1708790330943.jpg","datePublished":"2024-02-24T16:31:34+00:00","breadcrumb":{"@id":"https:\/\/www.latribunedufaso.net\/?p=11867#breadcrumb"},"inLanguage":"fr-FR","potentialAction":[{"@type":"ReadAction","target":["https:\/\/www.latribunedufaso.net\/?p=11867"]}]},{"@type":"ImageObject","inLanguage":"fr-FR","@id":"https:\/\/www.latribunedufaso.net\/?p=11867#primaryimage","url":"https:\/\/www.latribunedufaso.net\/wp-content\/uploads\/2024\/02\/FB_IMG_1708790330943.jpg","contentUrl":"https:\/\/www.latribunedufaso.net\/wp-content\/uploads\/2024\/02\/FB_IMG_1708790330943.jpg","width":720,"height":413},{"@type":"BreadcrumbList","@id":"https:\/\/www.latribunedufaso.net\/?p=11867#breadcrumb","itemListElement":[{"@type":"ListItem","position":1,"name":"Accueil","item":"https:\/\/www.latribunedufaso.net\/"},{"@type":"ListItem","position":2,"name":"Sommet extraordinaire des chefs d&rsquo;\u00c9tat de la CEDEAO : \u00a0\u00ab J&rsquo;exhorte les trois \u00c9tats qui ont d\u00e9cid\u00e9 de se retirer de la CEDEAO \u00e0 revoir leurs d\u00e9cisions et \u00e0 ne pas percevoir l&rsquo;organisation comme ennemi \u00bb, Bola Ahmed Tinubu"}]},{"@type":"WebSite","@id":"https:\/\/www.latribunedufaso.net\/#website","url":"https:\/\/www.latribunedufaso.net\/","name":"La Tribune du Faso","description":"L&#039;information du monde rural en un clic","publisher":{"@id":"https:\/\/www.latribunedufaso.net\/#organization"},"potentialAction":[{"@type":"SearchAction","target":{"@type":"EntryPoint","urlTemplate":"https:\/\/www.latribunedufaso.net\/?s={search_term_string}"},"query-input":{"@type":"PropertyValueSpecification","valueRequired":true,"valueName":"search_term_string"}}],"inLanguage":"fr-FR"},{"@type":"Organization","@id":"https:\/\/www.latribunedufaso.net\/#organization","name":"La Tribune du Faso","url":"https:\/\/www.latribunedufaso.net\/","logo":{"@type":"ImageObject","inLanguage":"fr-FR","@id":"https:\/\/www.latribunedufaso.net\/#\/schema\/logo\/image\/","url":"https:\/\/www.latribunedufaso.net\/wp-content\/uploads\/2020\/08\/Logo-Tribune-du-Faso-final-scaled.jpg","contentUrl":"https:\/\/www.latribunedufaso.net\/wp-content\/uploads\/2020\/08\/Logo-Tribune-du-Faso-final-scaled.jpg","width":2560,"height":1856,"caption":"La Tribune du Faso"},"image":{"@id":"https:\/\/www.latribunedufaso.net\/#\/schema\/logo\/image\/"},"sameAs":["https:\/\/www.facebook.com\/LatribuneduFaso\/"]},{"@type":"Person","@id":"https:\/\/www.latribunedufaso.net\/#\/schema\/person\/e54e64c5778a7e72cf80a318b7a622b0","name":"Issouf Tapsoba","image":{"@type":"ImageObject","inLanguage":"fr-FR","@id":"https:\/\/secure.gravatar.com\/avatar\/5e6c05150ce3230247d167f5b94d678eb05936197436d69b7921e3a95c9107ac?s=96&d=mm&r=g","url":"https:\/\/secure.gravatar.com\/avatar\/5e6c05150ce3230247d167f5b94d678eb05936197436d69b7921e3a95c9107ac?s=96&d=mm&r=g","contentUrl":"https:\/\/secure.gravatar.com\/avatar\/5e6c05150ce3230247d167f5b94d678eb05936197436d69b7921e3a95c9107ac?s=96&d=mm&r=g","caption":"Issouf Tapsoba"},"url":"https:\/\/www.latribunedufaso.net\/?author=5"}]}},"_links":{"self":[{"href":"https:\/\/www.latribunedufaso.net\/index.php?rest_route=\/wp\/v2\/posts\/11867","targetHints":{"allow":["GET"]}}],"collection":[{"href":"https:\/\/www.latribunedufaso.net\/index.php?rest_route=\/wp\/v2\/posts"}],"about":[{"href":"https:\/\/www.latribunedufaso.net\/index.php?rest_route=\/wp\/v2\/types\/post"}],"author":[{"embeddable":true,"href":"https:\/\/www.latribunedufaso.net\/index.php?rest_route=\/wp\/v2\/users\/5"}],"replies":[{"embeddable":true,"href":"https:\/\/www.latribunedufaso.net\/index.php?rest_route=%2Fwp%2Fv2%2Fcomments&post=11867"}],"version-history":[{"count":1,"href":"https:\/\/www.latribunedufaso.net\/index.php?rest_route=\/wp\/v2\/posts\/11867\/revisions"}],"predecessor-version":[{"id":11873,"href":"https:\/\/www.latribunedufaso.net\/index.php?rest_route=\/wp\/v2\/posts\/11867\/revisions\/11873"}],"wp:featuredmedia":[{"embeddable":true,"href":"https:\/\/www.latribunedufaso.net\/index.php?rest_route=\/wp\/v2\/media\/11869"}],"wp:attachment":[{"href":"https:\/\/www.latribunedufaso.net\/index.php?rest_route=%2Fwp%2Fv2%2Fmedia&parent=11867"}],"wp:term":[{"taxonomy":"category","embeddable":true,"href":"https:\/\/www.latribunedufaso.net\/index.php?rest_route=%2Fwp%2Fv2%2Fcategories&post=11867"},{"taxonomy":"post_tag","embeddable":true,"href":"https:\/\/www.latribunedufaso.net\/index.php?rest_route=%2Fwp%2Fv2%2Ftags&post=11867"}],"curies":[{"name":"wp","href":"https:\/\/api.w.org\/{rel}","templated":true}]}}