{"id":11858,"date":"2024-02-23T17:26:12","date_gmt":"2024-02-23T17:26:12","guid":{"rendered":"https:\/\/www.latribunedufaso.net\/?p=11858"},"modified":"2024-02-23T17:26:12","modified_gmt":"2024-02-23T17:26:12","slug":"ressources-extractives-en-afrique-de-louest-comment-mutualiser-les-forces-pour-mieux-rentabiliser","status":"publish","type":"post","link":"https:\/\/www.latribunedufaso.net\/?p=11858","title":{"rendered":"Ressources extractives en Afrique de l&rsquo;ouest : Comment mutualiser les forces pour mieux rentabiliser"},"content":{"rendered":"<p style=\"text-align: justify;\"><strong><span style=\"font-size: 1.0625rem;\">\u00ab\u00a0Ressources geo-extractives et technologies : quelles strat\u00e9gies de mutualisation pour la cr\u00e9ation de valeur ajout\u00e9e en Afrique de l\u2019Ouest\u00a0\u00bb. C&rsquo;est sous ce th\u00e8me que se tient la 4e Edition du Forum des des mines et du p\u00e9trole de la CEDEAO (ECOMOF), du 22 au 24 f\u00e9vrier 2024, au Palais des congr\u00e8s de Cotonou (B\u00e9nin).<\/span><\/strong><br \/><!--more--><\/p>\n<p style=\"text-align: justify;\"><a href=\"https:\/\/www.latribunedufaso.net\/wp-content\/uploads\/2024\/02\/1708605555389.jpg\"><img loading=\"lazy\" decoding=\"async\" class=\"size-medium wp-image-11859 alignleft\" src=\"https:\/\/www.latribunedufaso.net\/wp-content\/uploads\/2024\/02\/1708605555389-300x225.jpg\" alt=\"\" width=\"300\" height=\"225\" srcset=\"https:\/\/www.latribunedufaso.net\/wp-content\/uploads\/2024\/02\/1708605555389-300x225.jpg 300w, https:\/\/www.latribunedufaso.net\/wp-content\/uploads\/2024\/02\/1708605555389-768x576.jpg 768w, https:\/\/www.latribunedufaso.net\/wp-content\/uploads\/2024\/02\/1708605555389.jpg 1024w\" sizes=\"auto, (max-width: 300px) 100vw, 300px\" \/><\/a> Ce forum r\u00e9gional vise \u00e0 promouvoir les secteurs minier et p\u00e9trolier pour favoriser le d\u00e9veloppement \u00e9conomique et social des pays membres de la CEDEAO. Pour le ministre de l&rsquo;Eau, de l&rsquo;\u00e9nergie et des mines du Benin, Samou Seidou Adambi, participer \u00e0 cette vitrine institu\u00e9e en 2012 par la conf\u00e9rence des chefs d&rsquo;Etat et de gouvernement de la CEDEAO, a pour ambition de promouvoir une contribution durable du secteur des mines et des hydrocarbures \u00e0 la croissance \u00e9conomique et au d\u00e9veloppement durable de la communaut\u00e9 tout en respectant les principes universels de d\u00e9veloppement durable. \u00ab Ce qui cadre parfaitement avec la vision globale du programme d&rsquo;action du gouvernement de 2021-2026 de Son excellence Monsieur le Pr\u00e9sident de la r\u00e9publique Patrice Talon\u00bb, a-t-il laiss\u00e9 entendre.\u00a0<\/p>\n<p style=\"text-align: justify;\">Le ministre Adambi a regrett\u00e9 le fait que l&rsquo;Afrique malgr\u00e9 son potentiel immense continue de subir les cons\u00e9quences de l&rsquo;exploitation de ses mati\u00e8res premi\u00e8res qui se traduit par l&rsquo;exportation de produits bruts \u00e0 faible valeurs ajout\u00e9es et d&rsquo;importations de produits fini \u00e0 fort valeurs ajout\u00e9es. Une dynamique asym\u00e9trique qui a perdur\u00e9 pendant des d\u00e9cennies contribuant \u00e0 appauvrir collectivement l&rsquo;Afrique. Pour lui, il est donc temps que l&rsquo;Afrique travaille ensemble pour renforcer la cha\u00eene de valeurs.<\/p>\n<p style=\"text-align: justify;\"><a href=\"https:\/\/www.latribunedufaso.net\/wp-content\/uploads\/2024\/02\/1708605558526.jpg\"><img loading=\"lazy\" decoding=\"async\" class=\"size-medium wp-image-11861 alignleft\" src=\"https:\/\/www.latribunedufaso.net\/wp-content\/uploads\/2024\/02\/1708605558526-300x225.jpg\" alt=\"\" width=\"300\" height=\"225\" srcset=\"https:\/\/www.latribunedufaso.net\/wp-content\/uploads\/2024\/02\/1708605558526-300x225.jpg 300w, https:\/\/www.latribunedufaso.net\/wp-content\/uploads\/2024\/02\/1708605558526-768x576.jpg 768w, https:\/\/www.latribunedufaso.net\/wp-content\/uploads\/2024\/02\/1708605558526.jpg 1024w\" sizes=\"auto, (max-width: 300px) 100vw, 300px\" \/><\/a> Repr\u00e9sentant le chef de l&rsquo;Etat, Patrice Talon, le ministre d&rsquo;Etat charg\u00e9 du plan et du d\u00e9veloppement, Abdoulaye Biotchian\u00e9, a donn\u00e9 5 centres d&rsquo;int\u00e9r\u00eats \u00e0 prendre en compte pour une meilleure exploitation des ressources extractives en Afrique de l&rsquo;ouest. Il s&rsquo;agit d&rsquo;am\u00e9liorer la capacit\u00e9 de n\u00e9gociation avec les soci\u00e9t\u00e9s extractives en mutualisant les ressources ; de la r\u00e9duire les co\u00fbts d&rsquo;exploitation car l&rsquo;exploitation n\u00e9cessite de gros investissements ; de partager les risques ; de promouvoir le d\u00e9veloppement r\u00e9gional et de renforcer l&rsquo;int\u00e9gration r\u00e9gionale en partageant nos connaissances. \u00ab Des disposition doivent donc \u00eatre prise pour que la mutualisation ne se fasse pas au d\u00e9triment des int\u00e9r\u00eats nationaux de chaque pays. Il faut des principes de transparence, la bonne gouvernance et de respect des droits humains et environnementaux.<\/p>\n<p style=\"text-align: justify;\"><strong>Marcus Kouaman<\/strong><\/p>\n<p style=\"text-align: justify;\"><strong>kmagju@gmail.com<\/strong><\/p>\n<p style=\"text-align: justify;\"><strong>#Latribunedufaso.net<\/strong><\/p>\n<p><a href=\"https:\/\/www.latribunedufaso.net\/wp-content\/uploads\/2024\/02\/IMG-20240223-WA0030.jpg\"><img loading=\"lazy\" decoding=\"async\" class=\"alignnone size-medium wp-image-11863\" src=\"https:\/\/www.latribunedufaso.net\/wp-content\/uploads\/2024\/02\/IMG-20240223-WA0030-300x225.jpg\" alt=\"\" width=\"300\" height=\"225\" srcset=\"https:\/\/www.latribunedufaso.net\/wp-content\/uploads\/2024\/02\/IMG-20240223-WA0030-300x225.jpg 300w, https:\/\/www.latribunedufaso.net\/wp-content\/uploads\/2024\/02\/IMG-20240223-WA0030-768x576.jpg 768w, https:\/\/www.latribunedufaso.net\/wp-content\/uploads\/2024\/02\/IMG-20240223-WA0030.jpg 1024w\" sizes=\"auto, (max-width: 300px) 100vw, 300px\" \/><\/a><a href=\"https:\/\/www.latribunedufaso.net\/wp-content\/uploads\/2024\/02\/1708605549551.jpg\"><img loading=\"lazy\" decoding=\"async\" class=\"alignnone size-medium wp-image-11860\" src=\"https:\/\/www.latribunedufaso.net\/wp-content\/uploads\/2024\/02\/1708605549551-300x225.jpg\" alt=\"\" width=\"300\" height=\"225\" srcset=\"https:\/\/www.latribunedufaso.net\/wp-content\/uploads\/2024\/02\/1708605549551-300x225.jpg 300w, https:\/\/www.latribunedufaso.net\/wp-content\/uploads\/2024\/02\/1708605549551-768x576.jpg 768w, https:\/\/www.latribunedufaso.net\/wp-content\/uploads\/2024\/02\/1708605549551.jpg 1024w\" sizes=\"auto, (max-width: 300px) 100vw, 300px\" \/><\/a><\/p>\n","protected":false},"excerpt":{"rendered":"<p>\u00ab\u00a0Ressources geo-extractives et technologies : quelles strat\u00e9gies de mutualisation pour la cr\u00e9ation de valeur ajout\u00e9e en Afrique de l\u2019Ouest\u00a0\u00bb. C&rsquo;est sous ce th\u00e8me que se tient la 4e Edition du Forum des des mines et du p\u00e9trole de la CEDEAO (ECOMOF), du 22 au 24 f\u00e9vrier 2024, au Palais des congr\u00e8s de Cotonou (B\u00e9nin).<\/p>\n","protected":false},"author":2,"featured_media":11862,"comment_status":"open","ping_status":"open","sticky":false,"template":"","format":"standard","meta":{"footnotes":""},"categories":[13,1,9,19],"tags":[],"class_list":["post-11858","post","type-post","status-publish","format-standard","has-post-thumbnail","hentry","category-une","category-actu","category-inter","category-mines-et-carrieres"],"yoast_head":"<!-- This site is optimized with the Yoast SEO plugin v27.5 - https:\/\/yoast.com\/product\/yoast-seo-wordpress\/ -->\n<title>Ressources extractives en Afrique de l&#039;ouest : Comment mutualiser les forces pour mieux rentabiliser - La Tribune du Faso<\/title>\n<meta name=\"robots\" content=\"index, follow, max-snippet:-1, max-image-preview:large, max-video-preview:-1\" \/>\n<link rel=\"canonical\" href=\"https:\/\/www.latribunedufaso.net\/?p=11858\" \/>\n<meta property=\"og:locale\" content=\"fr_FR\" \/>\n<meta property=\"og:type\" content=\"article\" \/>\n<meta property=\"og:title\" content=\"Ressources extractives en Afrique de l&#039;ouest : Comment mutualiser les forces pour mieux rentabiliser - La Tribune du Faso\" \/>\n<meta property=\"og:description\" content=\"\u00ab\u00a0Ressources geo-extractives et technologies : quelles strat\u00e9gies de mutualisation pour la cr\u00e9ation de valeur ajout\u00e9e en Afrique de l\u2019Ouest\u00a0\u00bb. C&rsquo;est sous ce th\u00e8me que se tient la 4e Edition du Forum des des mines et du p\u00e9trole de la CEDEAO (ECOMOF), du 22 au 24 f\u00e9vrier 2024, au Palais des congr\u00e8s de Cotonou (B\u00e9nin).\" \/>\n<meta property=\"og:url\" content=\"https:\/\/www.latribunedufaso.net\/?p=11858\" \/>\n<meta property=\"og:site_name\" content=\"La Tribune du Faso\" \/>\n<meta property=\"article:publisher\" content=\"https:\/\/www.facebook.com\/LatribuneduFaso\/\" \/>\n<meta property=\"article:published_time\" content=\"2024-02-23T17:26:12+00:00\" \/>\n<meta property=\"og:image\" content=\"https:\/\/www.latribunedufaso.net\/wp-content\/uploads\/2024\/02\/IMG-20240223-WA0029.jpg\" \/>\n\t<meta property=\"og:image:width\" content=\"1080\" \/>\n\t<meta property=\"og:image:height\" content=\"810\" \/>\n\t<meta property=\"og:image:type\" content=\"image\/jpeg\" \/>\n<meta name=\"author\" content=\"Administrateur\" \/>\n<meta name=\"twitter:label1\" content=\"\u00c9crit par\" \/>\n\t<meta name=\"twitter:data1\" content=\"Administrateur\" \/>\n\t<meta name=\"twitter:label2\" content=\"Dur\u00e9e de lecture estim\u00e9e\" \/>\n\t<meta name=\"twitter:data2\" content=\"2 minutes\" \/>\n<script type=\"application\/ld+json\" class=\"yoast-schema-graph\">{\"@context\":\"https:\\\/\\\/schema.org\",\"@graph\":[{\"@type\":\"Article\",\"@id\":\"https:\\\/\\\/www.latribunedufaso.net\\\/?p=11858#article\",\"isPartOf\":{\"@id\":\"https:\\\/\\\/www.latribunedufaso.net\\\/?p=11858\"},\"author\":{\"name\":\"Administrateur\",\"@id\":\"https:\\\/\\\/www.latribunedufaso.net\\\/#\\\/schema\\\/person\\\/a380782d0605bb8aae27c40ea93b35b1\"},\"headline\":\"Ressources extractives en Afrique de l&rsquo;ouest : Comment mutualiser les forces pour mieux rentabiliser\",\"datePublished\":\"2024-02-23T17:26:12+00:00\",\"mainEntityOfPage\":{\"@id\":\"https:\\\/\\\/www.latribunedufaso.net\\\/?p=11858\"},\"wordCount\":445,\"commentCount\":0,\"publisher\":{\"@id\":\"https:\\\/\\\/www.latribunedufaso.net\\\/#organization\"},\"image\":{\"@id\":\"https:\\\/\\\/www.latribunedufaso.net\\\/?p=11858#primaryimage\"},\"thumbnailUrl\":\"https:\\\/\\\/www.latribunedufaso.net\\\/wp-content\\\/uploads\\\/2024\\\/02\\\/IMG-20240223-WA0029.jpg\",\"articleSection\":[\"A la une\",\"Actualit\u00e9\",\"International\",\"Mines et Carri\u00e8res\"],\"inLanguage\":\"fr-FR\",\"potentialAction\":[{\"@type\":\"CommentAction\",\"name\":\"Comment\",\"target\":[\"https:\\\/\\\/www.latribunedufaso.net\\\/?p=11858#respond\"]}]},{\"@type\":\"WebPage\",\"@id\":\"https:\\\/\\\/www.latribunedufaso.net\\\/?p=11858\",\"url\":\"https:\\\/\\\/www.latribunedufaso.net\\\/?p=11858\",\"name\":\"Ressources extractives en Afrique de l'ouest : Comment mutualiser les forces pour mieux rentabiliser - La Tribune du Faso\",\"isPartOf\":{\"@id\":\"https:\\\/\\\/www.latribunedufaso.net\\\/#website\"},\"primaryImageOfPage\":{\"@id\":\"https:\\\/\\\/www.latribunedufaso.net\\\/?p=11858#primaryimage\"},\"image\":{\"@id\":\"https:\\\/\\\/www.latribunedufaso.net\\\/?p=11858#primaryimage\"},\"thumbnailUrl\":\"https:\\\/\\\/www.latribunedufaso.net\\\/wp-content\\\/uploads\\\/2024\\\/02\\\/IMG-20240223-WA0029.jpg\",\"datePublished\":\"2024-02-23T17:26:12+00:00\",\"breadcrumb\":{\"@id\":\"https:\\\/\\\/www.latribunedufaso.net\\\/?p=11858#breadcrumb\"},\"inLanguage\":\"fr-FR\",\"potentialAction\":[{\"@type\":\"ReadAction\",\"target\":[\"https:\\\/\\\/www.latribunedufaso.net\\\/?p=11858\"]}]},{\"@type\":\"ImageObject\",\"inLanguage\":\"fr-FR\",\"@id\":\"https:\\\/\\\/www.latribunedufaso.net\\\/?p=11858#primaryimage\",\"url\":\"https:\\\/\\\/www.latribunedufaso.net\\\/wp-content\\\/uploads\\\/2024\\\/02\\\/IMG-20240223-WA0029.jpg\",\"contentUrl\":\"https:\\\/\\\/www.latribunedufaso.net\\\/wp-content\\\/uploads\\\/2024\\\/02\\\/IMG-20240223-WA0029.jpg\",\"width\":1080,\"height\":810},{\"@type\":\"BreadcrumbList\",\"@id\":\"https:\\\/\\\/www.latribunedufaso.net\\\/?p=11858#breadcrumb\",\"itemListElement\":[{\"@type\":\"ListItem\",\"position\":1,\"name\":\"Accueil\",\"item\":\"https:\\\/\\\/www.latribunedufaso.net\\\/\"},{\"@type\":\"ListItem\",\"position\":2,\"name\":\"Ressources extractives en Afrique de l&rsquo;ouest : Comment mutualiser les forces pour mieux rentabiliser\"}]},{\"@type\":\"WebSite\",\"@id\":\"https:\\\/\\\/www.latribunedufaso.net\\\/#website\",\"url\":\"https:\\\/\\\/www.latribunedufaso.net\\\/\",\"name\":\"La Tribune du Faso\",\"description\":\"L&#039;information du monde rural en un clic\",\"publisher\":{\"@id\":\"https:\\\/\\\/www.latribunedufaso.net\\\/#organization\"},\"potentialAction\":[{\"@type\":\"SearchAction\",\"target\":{\"@type\":\"EntryPoint\",\"urlTemplate\":\"https:\\\/\\\/www.latribunedufaso.net\\\/?s={search_term_string}\"},\"query-input\":{\"@type\":\"PropertyValueSpecification\",\"valueRequired\":true,\"valueName\":\"search_term_string\"}}],\"inLanguage\":\"fr-FR\"},{\"@type\":\"Organization\",\"@id\":\"https:\\\/\\\/www.latribunedufaso.net\\\/#organization\",\"name\":\"La Tribune du Faso\",\"url\":\"https:\\\/\\\/www.latribunedufaso.net\\\/\",\"logo\":{\"@type\":\"ImageObject\",\"inLanguage\":\"fr-FR\",\"@id\":\"https:\\\/\\\/www.latribunedufaso.net\\\/#\\\/schema\\\/logo\\\/image\\\/\",\"url\":\"https:\\\/\\\/www.latribunedufaso.net\\\/wp-content\\\/uploads\\\/2020\\\/08\\\/Logo-Tribune-du-Faso-final-scaled.jpg\",\"contentUrl\":\"https:\\\/\\\/www.latribunedufaso.net\\\/wp-content\\\/uploads\\\/2020\\\/08\\\/Logo-Tribune-du-Faso-final-scaled.jpg\",\"width\":2560,\"height\":1856,\"caption\":\"La Tribune du Faso\"},\"image\":{\"@id\":\"https:\\\/\\\/www.latribunedufaso.net\\\/#\\\/schema\\\/logo\\\/image\\\/\"},\"sameAs\":[\"https:\\\/\\\/www.facebook.com\\\/LatribuneduFaso\\\/\"]},{\"@type\":\"Person\",\"@id\":\"https:\\\/\\\/www.latribunedufaso.net\\\/#\\\/schema\\\/person\\\/a380782d0605bb8aae27c40ea93b35b1\",\"name\":\"Administrateur\",\"image\":{\"@type\":\"ImageObject\",\"inLanguage\":\"fr-FR\",\"@id\":\"https:\\\/\\\/secure.gravatar.com\\\/avatar\\\/e20266f97d741f0e80ba1f60283074a9b3317fd7bfb727e0d95b51dafbf854a1?s=96&d=mm&r=g\",\"url\":\"https:\\\/\\\/secure.gravatar.com\\\/avatar\\\/e20266f97d741f0e80ba1f60283074a9b3317fd7bfb727e0d95b51dafbf854a1?s=96&d=mm&r=g\",\"contentUrl\":\"https:\\\/\\\/secure.gravatar.com\\\/avatar\\\/e20266f97d741f0e80ba1f60283074a9b3317fd7bfb727e0d95b51dafbf854a1?s=96&d=mm&r=g\",\"caption\":\"Administrateur\"},\"url\":\"https:\\\/\\\/www.latribunedufaso.net\\\/?author=2\"}]}<\/script>\n<!-- \/ Yoast SEO plugin. -->","yoast_head_json":{"title":"Ressources extractives en Afrique de l'ouest : Comment mutualiser les forces pour mieux rentabiliser - La Tribune du Faso","robots":{"index":"index","follow":"follow","max-snippet":"max-snippet:-1","max-image-preview":"max-image-preview:large","max-video-preview":"max-video-preview:-1"},"canonical":"https:\/\/www.latribunedufaso.net\/?p=11858","og_locale":"fr_FR","og_type":"article","og_title":"Ressources extractives en Afrique de l'ouest : Comment mutualiser les forces pour mieux rentabiliser - La Tribune du Faso","og_description":"\u00ab\u00a0Ressources geo-extractives et technologies : quelles strat\u00e9gies de mutualisation pour la cr\u00e9ation de valeur ajout\u00e9e en Afrique de l\u2019Ouest\u00a0\u00bb. C&rsquo;est sous ce th\u00e8me que se tient la 4e Edition du Forum des des mines et du p\u00e9trole de la CEDEAO (ECOMOF), du 22 au 24 f\u00e9vrier 2024, au Palais des congr\u00e8s de Cotonou (B\u00e9nin).","og_url":"https:\/\/www.latribunedufaso.net\/?p=11858","og_site_name":"La Tribune du Faso","article_publisher":"https:\/\/www.facebook.com\/LatribuneduFaso\/","article_published_time":"2024-02-23T17:26:12+00:00","og_image":[{"width":1080,"height":810,"url":"https:\/\/www.latribunedufaso.net\/wp-content\/uploads\/2024\/02\/IMG-20240223-WA0029.jpg","type":"image\/jpeg"}],"author":"Administrateur","twitter_misc":{"\u00c9crit par":"Administrateur","Dur\u00e9e de lecture estim\u00e9e":"2 minutes"},"schema":{"@context":"https:\/\/schema.org","@graph":[{"@type":"Article","@id":"https:\/\/www.latribunedufaso.net\/?p=11858#article","isPartOf":{"@id":"https:\/\/www.latribunedufaso.net\/?p=11858"},"author":{"name":"Administrateur","@id":"https:\/\/www.latribunedufaso.net\/#\/schema\/person\/a380782d0605bb8aae27c40ea93b35b1"},"headline":"Ressources extractives en Afrique de l&rsquo;ouest : Comment mutualiser les forces pour mieux rentabiliser","datePublished":"2024-02-23T17:26:12+00:00","mainEntityOfPage":{"@id":"https:\/\/www.latribunedufaso.net\/?p=11858"},"wordCount":445,"commentCount":0,"publisher":{"@id":"https:\/\/www.latribunedufaso.net\/#organization"},"image":{"@id":"https:\/\/www.latribunedufaso.net\/?p=11858#primaryimage"},"thumbnailUrl":"https:\/\/www.latribunedufaso.net\/wp-content\/uploads\/2024\/02\/IMG-20240223-WA0029.jpg","articleSection":["A la une","Actualit\u00e9","International","Mines et Carri\u00e8res"],"inLanguage":"fr-FR","potentialAction":[{"@type":"CommentAction","name":"Comment","target":["https:\/\/www.latribunedufaso.net\/?p=11858#respond"]}]},{"@type":"WebPage","@id":"https:\/\/www.latribunedufaso.net\/?p=11858","url":"https:\/\/www.latribunedufaso.net\/?p=11858","name":"Ressources extractives en Afrique de l'ouest : Comment mutualiser les forces pour mieux rentabiliser - La Tribune du Faso","isPartOf":{"@id":"https:\/\/www.latribunedufaso.net\/#website"},"primaryImageOfPage":{"@id":"https:\/\/www.latribunedufaso.net\/?p=11858#primaryimage"},"image":{"@id":"https:\/\/www.latribunedufaso.net\/?p=11858#primaryimage"},"thumbnailUrl":"https:\/\/www.latribunedufaso.net\/wp-content\/uploads\/2024\/02\/IMG-20240223-WA0029.jpg","datePublished":"2024-02-23T17:26:12+00:00","breadcrumb":{"@id":"https:\/\/www.latribunedufaso.net\/?p=11858#breadcrumb"},"inLanguage":"fr-FR","potentialAction":[{"@type":"ReadAction","target":["https:\/\/www.latribunedufaso.net\/?p=11858"]}]},{"@type":"ImageObject","inLanguage":"fr-FR","@id":"https:\/\/www.latribunedufaso.net\/?p=11858#primaryimage","url":"https:\/\/www.latribunedufaso.net\/wp-content\/uploads\/2024\/02\/IMG-20240223-WA0029.jpg","contentUrl":"https:\/\/www.latribunedufaso.net\/wp-content\/uploads\/2024\/02\/IMG-20240223-WA0029.jpg","width":1080,"height":810},{"@type":"BreadcrumbList","@id":"https:\/\/www.latribunedufaso.net\/?p=11858#breadcrumb","itemListElement":[{"@type":"ListItem","position":1,"name":"Accueil","item":"https:\/\/www.latribunedufaso.net\/"},{"@type":"ListItem","position":2,"name":"Ressources extractives en Afrique de l&rsquo;ouest : Comment mutualiser les forces pour mieux rentabiliser"}]},{"@type":"WebSite","@id":"https:\/\/www.latribunedufaso.net\/#website","url":"https:\/\/www.latribunedufaso.net\/","name":"La Tribune du Faso","description":"L&#039;information du monde rural en un clic","publisher":{"@id":"https:\/\/www.latribunedufaso.net\/#organization"},"potentialAction":[{"@type":"SearchAction","target":{"@type":"EntryPoint","urlTemplate":"https:\/\/www.latribunedufaso.net\/?s={search_term_string}"},"query-input":{"@type":"PropertyValueSpecification","valueRequired":true,"valueName":"search_term_string"}}],"inLanguage":"fr-FR"},{"@type":"Organization","@id":"https:\/\/www.latribunedufaso.net\/#organization","name":"La Tribune du Faso","url":"https:\/\/www.latribunedufaso.net\/","logo":{"@type":"ImageObject","inLanguage":"fr-FR","@id":"https:\/\/www.latribunedufaso.net\/#\/schema\/logo\/image\/","url":"https:\/\/www.latribunedufaso.net\/wp-content\/uploads\/2020\/08\/Logo-Tribune-du-Faso-final-scaled.jpg","contentUrl":"https:\/\/www.latribunedufaso.net\/wp-content\/uploads\/2020\/08\/Logo-Tribune-du-Faso-final-scaled.jpg","width":2560,"height":1856,"caption":"La Tribune du Faso"},"image":{"@id":"https:\/\/www.latribunedufaso.net\/#\/schema\/logo\/image\/"},"sameAs":["https:\/\/www.facebook.com\/LatribuneduFaso\/"]},{"@type":"Person","@id":"https:\/\/www.latribunedufaso.net\/#\/schema\/person\/a380782d0605bb8aae27c40ea93b35b1","name":"Administrateur","image":{"@type":"ImageObject","inLanguage":"fr-FR","@id":"https:\/\/secure.gravatar.com\/avatar\/e20266f97d741f0e80ba1f60283074a9b3317fd7bfb727e0d95b51dafbf854a1?s=96&d=mm&r=g","url":"https:\/\/secure.gravatar.com\/avatar\/e20266f97d741f0e80ba1f60283074a9b3317fd7bfb727e0d95b51dafbf854a1?s=96&d=mm&r=g","contentUrl":"https:\/\/secure.gravatar.com\/avatar\/e20266f97d741f0e80ba1f60283074a9b3317fd7bfb727e0d95b51dafbf854a1?s=96&d=mm&r=g","caption":"Administrateur"},"url":"https:\/\/www.latribunedufaso.net\/?author=2"}]}},"_links":{"self":[{"href":"https:\/\/www.latribunedufaso.net\/index.php?rest_route=\/wp\/v2\/posts\/11858","targetHints":{"allow":["GET"]}}],"collection":[{"href":"https:\/\/www.latribunedufaso.net\/index.php?rest_route=\/wp\/v2\/posts"}],"about":[{"href":"https:\/\/www.latribunedufaso.net\/index.php?rest_route=\/wp\/v2\/types\/post"}],"author":[{"embeddable":true,"href":"https:\/\/www.latribunedufaso.net\/index.php?rest_route=\/wp\/v2\/users\/2"}],"replies":[{"embeddable":true,"href":"https:\/\/www.latribunedufaso.net\/index.php?rest_route=%2Fwp%2Fv2%2Fcomments&post=11858"}],"version-history":[{"count":1,"href":"https:\/\/www.latribunedufaso.net\/index.php?rest_route=\/wp\/v2\/posts\/11858\/revisions"}],"predecessor-version":[{"id":11865,"href":"https:\/\/www.latribunedufaso.net\/index.php?rest_route=\/wp\/v2\/posts\/11858\/revisions\/11865"}],"wp:featuredmedia":[{"embeddable":true,"href":"https:\/\/www.latribunedufaso.net\/index.php?rest_route=\/wp\/v2\/media\/11862"}],"wp:attachment":[{"href":"https:\/\/www.latribunedufaso.net\/index.php?rest_route=%2Fwp%2Fv2%2Fmedia&parent=11858"}],"wp:term":[{"taxonomy":"category","embeddable":true,"href":"https:\/\/www.latribunedufaso.net\/index.php?rest_route=%2Fwp%2Fv2%2Fcategories&post=11858"},{"taxonomy":"post_tag","embeddable":true,"href":"https:\/\/www.latribunedufaso.net\/index.php?rest_route=%2Fwp%2Fv2%2Ftags&post=11858"}],"curies":[{"name":"wp","href":"https:\/\/api.w.org\/{rel}","templated":true}]}}