{"id":11753,"date":"2024-02-19T22:10:08","date_gmt":"2024-02-19T22:10:08","guid":{"rendered":"https:\/\/www.latribunedufaso.net\/?p=11753"},"modified":"2024-02-19T22:10:08","modified_gmt":"2024-02-19T22:10:08","slug":"infrastructure-de-transport-124-milliards-de-fcfa-pour-lamelioration-de-la-mobilite-urbaine-a-bobo-dioulasso-kaya-et-ouahigouya","status":"publish","type":"post","link":"https:\/\/www.latribunedufaso.net\/?p=11753","title":{"rendered":"Infrastructure de transport : 124 milliards de FCFA pour l&rsquo;am\u00e9lioration de la mobilit\u00e9 urbaine \u00e0 Bobo-Dioulasso, Kaya et Ouahigouya"},"content":{"rendered":"<p><strong style=\"font-size: 1.0625rem;\">Le samedi 17 f\u00e9vrier 2024 \u00e0 Bobo-Dioulasso, a eu lieu la c\u00e9r\u00e9monie de lancement officiel du Projet de Mobilit\u00e9 Urbaine et de D\u00e9veloppement Urbain des Villes Secondaires (PMDUVS). <\/strong><span style=\"font-size: 1.0625rem;\"><strong>C\u2019\u00e9tait sous la pr\u00e9sidence du Premier ministre, Dr Joachimson KYELEM de Tamb\u00e8la, repr\u00e9sent\u00e9 par le Ministre d\u2019Etat, Ministre de la Communication, de la Culture, des Arts et du Tourisme, Jean Emmanuel OUEDRAOGO.<\/strong><\/span><\/p>\n<p><!--more--><\/p>\n<p>Le PMDUVS b\u00e9n\u00e9ficiant de l\u2019appui de la Banque mondiale, a pour but d\u2019am\u00e9liorer la mobilit\u00e9 urbaine, l\u2019acc\u00e8s aux services de base et aux opportunit\u00e9s \u00e9conomiques. Aussi, il va permettre de renforcer les capacit\u00e9s institutionnelles de gestion urbaine dans des villes secondaires s\u00e9lectionn\u00e9es au Burkina Faso que sont Bobo-Dioulasso, Kaya et Ouahigouya.<\/p>\n<p><a href=\"https:\/\/www.latribunedufaso.net\/wp-content\/uploads\/2024\/02\/FB_IMG_1708379717128.jpg\"><img loading=\"lazy\" decoding=\"async\" class=\"size-medium wp-image-11754 alignleft\" src=\"https:\/\/www.latribunedufaso.net\/wp-content\/uploads\/2024\/02\/FB_IMG_1708379717128-300x200.jpg\" alt=\"\" width=\"300\" height=\"200\" srcset=\"https:\/\/www.latribunedufaso.net\/wp-content\/uploads\/2024\/02\/FB_IMG_1708379717128-300x200.jpg 300w, https:\/\/www.latribunedufaso.net\/wp-content\/uploads\/2024\/02\/FB_IMG_1708379717128-120x80.jpg 120w, https:\/\/www.latribunedufaso.net\/wp-content\/uploads\/2024\/02\/FB_IMG_1708379717128-360x240.jpg 360w, https:\/\/www.latribunedufaso.net\/wp-content\/uploads\/2024\/02\/FB_IMG_1708379717128-600x400.jpg 600w, https:\/\/www.latribunedufaso.net\/wp-content\/uploads\/2024\/02\/FB_IMG_1708379717128.jpg 720w\" sizes=\"auto, (max-width: 300px) 100vw, 300px\" \/><\/a>Le co\u00fbt de l\u2019investissement est reparti ainsi qu\u2019il suit pour les trois villes : Bobo-Dioulasso (51 milliards de F CFA) ; Kaya (29 milliards de F CFA) et Ouahigouya (30 milliards de F CFA).<\/p>\n<p>Ainsi, le projet permettra de mener des activit\u00e9s phares telles que <span style=\"font-size: 1.0625rem;\">le soutien \u00e0 l\u2019achat de v\u00e9hicules \u00e9lectriques \u00e0 trois roues et \u00e0 l\u2019infrastructure associ\u00e9e, <\/span><span style=\"font-size: 1.0625rem;\">l\u2019am\u00e9lioration des voiries dans les trois villes et la cr\u00e9ation de 11 000 emplois journaliers. Aussi, il permettra <\/span><span style=\"font-size: 1.0625rem;\">la construction et la remise en \u00e9tat des syst\u00e8mes de drainage dans les trois villes (90 kilom\u00e8tres de canaux d\u2019\u00e9vacuation des eaux pluviales sont construits dans les zones inondables des villes urbaines b\u00e9n\u00e9ficiaires) et l<\/span><span style=\"font-size: 1.0625rem;\">a remise en \u00e9tat et l\u2019am\u00e9lioration d\u2019espaces verts et publics dans les trois villes.<\/span><\/p>\n<p><a href=\"https:\/\/www.latribunedufaso.net\/wp-content\/uploads\/2024\/02\/FB_IMG_1708379709217.jpg\"><img loading=\"lazy\" decoding=\"async\" class=\"size-medium wp-image-11755 alignleft\" src=\"https:\/\/www.latribunedufaso.net\/wp-content\/uploads\/2024\/02\/FB_IMG_1708379709217-300x200.jpg\" alt=\"\" width=\"300\" height=\"200\" srcset=\"https:\/\/www.latribunedufaso.net\/wp-content\/uploads\/2024\/02\/FB_IMG_1708379709217-300x200.jpg 300w, https:\/\/www.latribunedufaso.net\/wp-content\/uploads\/2024\/02\/FB_IMG_1708379709217-120x80.jpg 120w, https:\/\/www.latribunedufaso.net\/wp-content\/uploads\/2024\/02\/FB_IMG_1708379709217-360x240.jpg 360w, https:\/\/www.latribunedufaso.net\/wp-content\/uploads\/2024\/02\/FB_IMG_1708379709217-600x400.jpg 600w, https:\/\/www.latribunedufaso.net\/wp-content\/uploads\/2024\/02\/FB_IMG_1708379709217.jpg 720w\" sizes=\"auto, (max-width: 300px) 100vw, 300px\" \/><\/a>Le ministre d\u2019Etat, Jean Emmanuel OUEDRAOGO, a rassur\u00e9 que le Gouvernement porte une attention particuli\u00e8re \u00e0 ce projet tr\u00e8s important d\u2019une dur\u00e9e de cinq ans qui contribuera \u00e0 am\u00e9liorer les conditions de vie des populations. La pr\u00e9sence de l\u2019Etat sera alors renforc\u00e9e gr\u00e2ce \u00e0 l\u2019am\u00e9lioration des capacit\u00e9s des villes \u00e0 r\u00e9pondre aux besoins de la population et \u00e0 pr\u00e9venir les conflits.<\/p>\n<p><strong>Latribunedufaso.net\u00a0<\/strong><\/p>\n<p><strong><span style=\"font-size: 1.0625rem;\">Source : DCRP\/MCCAT<a href=\"https:\/\/www.latribunedufaso.net\/wp-content\/uploads\/2024\/02\/FB_IMG_1708379705570.jpg\"><img loading=\"lazy\" decoding=\"async\" class=\"size-medium wp-image-11756 alignleft\" src=\"https:\/\/www.latribunedufaso.net\/wp-content\/uploads\/2024\/02\/FB_IMG_1708379705570-300x200.jpg\" alt=\"\" width=\"300\" height=\"200\" srcset=\"https:\/\/www.latribunedufaso.net\/wp-content\/uploads\/2024\/02\/FB_IMG_1708379705570-300x200.jpg 300w, https:\/\/www.latribunedufaso.net\/wp-content\/uploads\/2024\/02\/FB_IMG_1708379705570-120x80.jpg 120w, https:\/\/www.latribunedufaso.net\/wp-content\/uploads\/2024\/02\/FB_IMG_1708379705570-360x240.jpg 360w, https:\/\/www.latribunedufaso.net\/wp-content\/uploads\/2024\/02\/FB_IMG_1708379705570-600x400.jpg 600w, https:\/\/www.latribunedufaso.net\/wp-content\/uploads\/2024\/02\/FB_IMG_1708379705570.jpg 720w\" sizes=\"auto, (max-width: 300px) 100vw, 300px\" \/><\/a><\/span><\/strong><\/p>\n","protected":false},"excerpt":{"rendered":"<p>Le samedi 17 f\u00e9vrier 2024 \u00e0 Bobo-Dioulasso, a eu lieu la c\u00e9r\u00e9monie de lancement officiel du Projet de Mobilit\u00e9 Urbaine et de D\u00e9veloppement Urbain des Villes Secondaires (PMDUVS). C\u2019\u00e9tait sous la pr\u00e9sidence du Premier ministre, Dr Joachimson KYELEM de Tamb\u00e8la, repr\u00e9sent\u00e9 par le Ministre d\u2019Etat, Ministre de la Communication, de la Culture, des Arts et du Tourisme, Jean Emmanuel OUEDRAOGO.<\/p>\n","protected":false},"author":5,"featured_media":11757,"comment_status":"open","ping_status":"open","sticky":false,"template":"","format":"standard","meta":{"footnotes":""},"categories":[13,1,8],"tags":[],"class_list":["post-11753","post","type-post","status-publish","format-standard","has-post-thumbnail","hentry","category-une","category-actu","category-societe"],"yoast_head":"<!-- This site is optimized with the Yoast SEO plugin v27.5 - https:\/\/yoast.com\/product\/yoast-seo-wordpress\/ -->\n<title>Infrastructure de transport : 124 milliards de FCFA pour l&#039;am\u00e9lioration de la mobilit\u00e9 urbaine \u00e0 Bobo-Dioulasso, Kaya et Ouahigouya - La Tribune du Faso<\/title>\n<meta name=\"robots\" content=\"index, follow, max-snippet:-1, max-image-preview:large, max-video-preview:-1\" \/>\n<link rel=\"canonical\" href=\"https:\/\/www.latribunedufaso.net\/?p=11753\" \/>\n<meta property=\"og:locale\" content=\"fr_FR\" \/>\n<meta property=\"og:type\" content=\"article\" \/>\n<meta property=\"og:title\" content=\"Infrastructure de transport : 124 milliards de FCFA pour l&#039;am\u00e9lioration de la mobilit\u00e9 urbaine \u00e0 Bobo-Dioulasso, Kaya et Ouahigouya - La Tribune du Faso\" \/>\n<meta property=\"og:description\" content=\"Le samedi 17 f\u00e9vrier 2024 \u00e0 Bobo-Dioulasso, a eu lieu la c\u00e9r\u00e9monie de lancement officiel du Projet de Mobilit\u00e9 Urbaine et de D\u00e9veloppement Urbain des Villes Secondaires (PMDUVS). C\u2019\u00e9tait sous la pr\u00e9sidence du Premier ministre, Dr Joachimson KYELEM de Tamb\u00e8la, repr\u00e9sent\u00e9 par le Ministre d\u2019Etat, Ministre de la Communication, de la Culture, des Arts et du Tourisme, Jean Emmanuel OUEDRAOGO.\" \/>\n<meta property=\"og:url\" content=\"https:\/\/www.latribunedufaso.net\/?p=11753\" \/>\n<meta property=\"og:site_name\" content=\"La Tribune du Faso\" \/>\n<meta property=\"article:publisher\" content=\"https:\/\/www.facebook.com\/LatribuneduFaso\/\" \/>\n<meta property=\"article:published_time\" content=\"2024-02-19T22:10:08+00:00\" \/>\n<meta property=\"og:image\" content=\"https:\/\/www.latribunedufaso.net\/wp-content\/uploads\/2024\/02\/FB_IMG_1708379691936.jpg\" \/>\n\t<meta property=\"og:image:width\" content=\"720\" \/>\n\t<meta property=\"og:image:height\" content=\"480\" \/>\n\t<meta property=\"og:image:type\" content=\"image\/jpeg\" \/>\n<meta name=\"author\" content=\"Issouf Tapsoba\" \/>\n<meta name=\"twitter:label1\" content=\"\u00c9crit par\" \/>\n\t<meta name=\"twitter:data1\" content=\"Issouf Tapsoba\" \/>\n\t<meta name=\"twitter:label2\" content=\"Dur\u00e9e de lecture estim\u00e9e\" \/>\n\t<meta name=\"twitter:data2\" content=\"2 minutes\" \/>\n<script type=\"application\/ld+json\" class=\"yoast-schema-graph\">{\"@context\":\"https:\\\/\\\/schema.org\",\"@graph\":[{\"@type\":\"Article\",\"@id\":\"https:\\\/\\\/www.latribunedufaso.net\\\/?p=11753#article\",\"isPartOf\":{\"@id\":\"https:\\\/\\\/www.latribunedufaso.net\\\/?p=11753\"},\"author\":{\"name\":\"Issouf Tapsoba\",\"@id\":\"https:\\\/\\\/www.latribunedufaso.net\\\/#\\\/schema\\\/person\\\/e54e64c5778a7e72cf80a318b7a622b0\"},\"headline\":\"Infrastructure de transport : 124 milliards de FCFA pour l&rsquo;am\u00e9lioration de la mobilit\u00e9 urbaine \u00e0 Bobo-Dioulasso, Kaya et Ouahigouya\",\"datePublished\":\"2024-02-19T22:10:08+00:00\",\"mainEntityOfPage\":{\"@id\":\"https:\\\/\\\/www.latribunedufaso.net\\\/?p=11753\"},\"wordCount\":356,\"commentCount\":0,\"publisher\":{\"@id\":\"https:\\\/\\\/www.latribunedufaso.net\\\/#organization\"},\"image\":{\"@id\":\"https:\\\/\\\/www.latribunedufaso.net\\\/?p=11753#primaryimage\"},\"thumbnailUrl\":\"https:\\\/\\\/www.latribunedufaso.net\\\/wp-content\\\/uploads\\\/2024\\\/02\\\/FB_IMG_1708379691936.jpg\",\"articleSection\":[\"A la une\",\"Actualit\u00e9\",\"Soci\u00e9t\u00e9\"],\"inLanguage\":\"fr-FR\",\"potentialAction\":[{\"@type\":\"CommentAction\",\"name\":\"Comment\",\"target\":[\"https:\\\/\\\/www.latribunedufaso.net\\\/?p=11753#respond\"]}]},{\"@type\":\"WebPage\",\"@id\":\"https:\\\/\\\/www.latribunedufaso.net\\\/?p=11753\",\"url\":\"https:\\\/\\\/www.latribunedufaso.net\\\/?p=11753\",\"name\":\"Infrastructure de transport : 124 milliards de FCFA pour l'am\u00e9lioration de la mobilit\u00e9 urbaine \u00e0 Bobo-Dioulasso, Kaya et Ouahigouya - La Tribune du Faso\",\"isPartOf\":{\"@id\":\"https:\\\/\\\/www.latribunedufaso.net\\\/#website\"},\"primaryImageOfPage\":{\"@id\":\"https:\\\/\\\/www.latribunedufaso.net\\\/?p=11753#primaryimage\"},\"image\":{\"@id\":\"https:\\\/\\\/www.latribunedufaso.net\\\/?p=11753#primaryimage\"},\"thumbnailUrl\":\"https:\\\/\\\/www.latribunedufaso.net\\\/wp-content\\\/uploads\\\/2024\\\/02\\\/FB_IMG_1708379691936.jpg\",\"datePublished\":\"2024-02-19T22:10:08+00:00\",\"breadcrumb\":{\"@id\":\"https:\\\/\\\/www.latribunedufaso.net\\\/?p=11753#breadcrumb\"},\"inLanguage\":\"fr-FR\",\"potentialAction\":[{\"@type\":\"ReadAction\",\"target\":[\"https:\\\/\\\/www.latribunedufaso.net\\\/?p=11753\"]}]},{\"@type\":\"ImageObject\",\"inLanguage\":\"fr-FR\",\"@id\":\"https:\\\/\\\/www.latribunedufaso.net\\\/?p=11753#primaryimage\",\"url\":\"https:\\\/\\\/www.latribunedufaso.net\\\/wp-content\\\/uploads\\\/2024\\\/02\\\/FB_IMG_1708379691936.jpg\",\"contentUrl\":\"https:\\\/\\\/www.latribunedufaso.net\\\/wp-content\\\/uploads\\\/2024\\\/02\\\/FB_IMG_1708379691936.jpg\",\"width\":720,\"height\":480},{\"@type\":\"BreadcrumbList\",\"@id\":\"https:\\\/\\\/www.latribunedufaso.net\\\/?p=11753#breadcrumb\",\"itemListElement\":[{\"@type\":\"ListItem\",\"position\":1,\"name\":\"Accueil\",\"item\":\"https:\\\/\\\/www.latribunedufaso.net\\\/\"},{\"@type\":\"ListItem\",\"position\":2,\"name\":\"Infrastructure de transport : 124 milliards de FCFA pour l&rsquo;am\u00e9lioration de la mobilit\u00e9 urbaine \u00e0 Bobo-Dioulasso, Kaya et Ouahigouya\"}]},{\"@type\":\"WebSite\",\"@id\":\"https:\\\/\\\/www.latribunedufaso.net\\\/#website\",\"url\":\"https:\\\/\\\/www.latribunedufaso.net\\\/\",\"name\":\"La Tribune du Faso\",\"description\":\"L&#039;information du monde rural en un clic\",\"publisher\":{\"@id\":\"https:\\\/\\\/www.latribunedufaso.net\\\/#organization\"},\"potentialAction\":[{\"@type\":\"SearchAction\",\"target\":{\"@type\":\"EntryPoint\",\"urlTemplate\":\"https:\\\/\\\/www.latribunedufaso.net\\\/?s={search_term_string}\"},\"query-input\":{\"@type\":\"PropertyValueSpecification\",\"valueRequired\":true,\"valueName\":\"search_term_string\"}}],\"inLanguage\":\"fr-FR\"},{\"@type\":\"Organization\",\"@id\":\"https:\\\/\\\/www.latribunedufaso.net\\\/#organization\",\"name\":\"La Tribune du Faso\",\"url\":\"https:\\\/\\\/www.latribunedufaso.net\\\/\",\"logo\":{\"@type\":\"ImageObject\",\"inLanguage\":\"fr-FR\",\"@id\":\"https:\\\/\\\/www.latribunedufaso.net\\\/#\\\/schema\\\/logo\\\/image\\\/\",\"url\":\"https:\\\/\\\/www.latribunedufaso.net\\\/wp-content\\\/uploads\\\/2020\\\/08\\\/Logo-Tribune-du-Faso-final-scaled.jpg\",\"contentUrl\":\"https:\\\/\\\/www.latribunedufaso.net\\\/wp-content\\\/uploads\\\/2020\\\/08\\\/Logo-Tribune-du-Faso-final-scaled.jpg\",\"width\":2560,\"height\":1856,\"caption\":\"La Tribune du Faso\"},\"image\":{\"@id\":\"https:\\\/\\\/www.latribunedufaso.net\\\/#\\\/schema\\\/logo\\\/image\\\/\"},\"sameAs\":[\"https:\\\/\\\/www.facebook.com\\\/LatribuneduFaso\\\/\"]},{\"@type\":\"Person\",\"@id\":\"https:\\\/\\\/www.latribunedufaso.net\\\/#\\\/schema\\\/person\\\/e54e64c5778a7e72cf80a318b7a622b0\",\"name\":\"Issouf Tapsoba\",\"image\":{\"@type\":\"ImageObject\",\"inLanguage\":\"fr-FR\",\"@id\":\"https:\\\/\\\/secure.gravatar.com\\\/avatar\\\/5e6c05150ce3230247d167f5b94d678eb05936197436d69b7921e3a95c9107ac?s=96&d=mm&r=g\",\"url\":\"https:\\\/\\\/secure.gravatar.com\\\/avatar\\\/5e6c05150ce3230247d167f5b94d678eb05936197436d69b7921e3a95c9107ac?s=96&d=mm&r=g\",\"contentUrl\":\"https:\\\/\\\/secure.gravatar.com\\\/avatar\\\/5e6c05150ce3230247d167f5b94d678eb05936197436d69b7921e3a95c9107ac?s=96&d=mm&r=g\",\"caption\":\"Issouf Tapsoba\"},\"url\":\"https:\\\/\\\/www.latribunedufaso.net\\\/?author=5\"}]}<\/script>\n<!-- \/ Yoast SEO plugin. -->","yoast_head_json":{"title":"Infrastructure de transport : 124 milliards de FCFA pour l'am\u00e9lioration de la mobilit\u00e9 urbaine \u00e0 Bobo-Dioulasso, Kaya et Ouahigouya - La Tribune du Faso","robots":{"index":"index","follow":"follow","max-snippet":"max-snippet:-1","max-image-preview":"max-image-preview:large","max-video-preview":"max-video-preview:-1"},"canonical":"https:\/\/www.latribunedufaso.net\/?p=11753","og_locale":"fr_FR","og_type":"article","og_title":"Infrastructure de transport : 124 milliards de FCFA pour l'am\u00e9lioration de la mobilit\u00e9 urbaine \u00e0 Bobo-Dioulasso, Kaya et Ouahigouya - La Tribune du Faso","og_description":"Le samedi 17 f\u00e9vrier 2024 \u00e0 Bobo-Dioulasso, a eu lieu la c\u00e9r\u00e9monie de lancement officiel du Projet de Mobilit\u00e9 Urbaine et de D\u00e9veloppement Urbain des Villes Secondaires (PMDUVS). C\u2019\u00e9tait sous la pr\u00e9sidence du Premier ministre, Dr Joachimson KYELEM de Tamb\u00e8la, repr\u00e9sent\u00e9 par le Ministre d\u2019Etat, Ministre de la Communication, de la Culture, des Arts et du Tourisme, Jean Emmanuel OUEDRAOGO.","og_url":"https:\/\/www.latribunedufaso.net\/?p=11753","og_site_name":"La Tribune du Faso","article_publisher":"https:\/\/www.facebook.com\/LatribuneduFaso\/","article_published_time":"2024-02-19T22:10:08+00:00","og_image":[{"width":720,"height":480,"url":"https:\/\/www.latribunedufaso.net\/wp-content\/uploads\/2024\/02\/FB_IMG_1708379691936.jpg","type":"image\/jpeg"}],"author":"Issouf Tapsoba","twitter_misc":{"\u00c9crit par":"Issouf Tapsoba","Dur\u00e9e de lecture estim\u00e9e":"2 minutes"},"schema":{"@context":"https:\/\/schema.org","@graph":[{"@type":"Article","@id":"https:\/\/www.latribunedufaso.net\/?p=11753#article","isPartOf":{"@id":"https:\/\/www.latribunedufaso.net\/?p=11753"},"author":{"name":"Issouf Tapsoba","@id":"https:\/\/www.latribunedufaso.net\/#\/schema\/person\/e54e64c5778a7e72cf80a318b7a622b0"},"headline":"Infrastructure de transport : 124 milliards de FCFA pour l&rsquo;am\u00e9lioration de la mobilit\u00e9 urbaine \u00e0 Bobo-Dioulasso, Kaya et Ouahigouya","datePublished":"2024-02-19T22:10:08+00:00","mainEntityOfPage":{"@id":"https:\/\/www.latribunedufaso.net\/?p=11753"},"wordCount":356,"commentCount":0,"publisher":{"@id":"https:\/\/www.latribunedufaso.net\/#organization"},"image":{"@id":"https:\/\/www.latribunedufaso.net\/?p=11753#primaryimage"},"thumbnailUrl":"https:\/\/www.latribunedufaso.net\/wp-content\/uploads\/2024\/02\/FB_IMG_1708379691936.jpg","articleSection":["A la une","Actualit\u00e9","Soci\u00e9t\u00e9"],"inLanguage":"fr-FR","potentialAction":[{"@type":"CommentAction","name":"Comment","target":["https:\/\/www.latribunedufaso.net\/?p=11753#respond"]}]},{"@type":"WebPage","@id":"https:\/\/www.latribunedufaso.net\/?p=11753","url":"https:\/\/www.latribunedufaso.net\/?p=11753","name":"Infrastructure de transport : 124 milliards de FCFA pour l'am\u00e9lioration de la mobilit\u00e9 urbaine \u00e0 Bobo-Dioulasso, Kaya et Ouahigouya - La Tribune du Faso","isPartOf":{"@id":"https:\/\/www.latribunedufaso.net\/#website"},"primaryImageOfPage":{"@id":"https:\/\/www.latribunedufaso.net\/?p=11753#primaryimage"},"image":{"@id":"https:\/\/www.latribunedufaso.net\/?p=11753#primaryimage"},"thumbnailUrl":"https:\/\/www.latribunedufaso.net\/wp-content\/uploads\/2024\/02\/FB_IMG_1708379691936.jpg","datePublished":"2024-02-19T22:10:08+00:00","breadcrumb":{"@id":"https:\/\/www.latribunedufaso.net\/?p=11753#breadcrumb"},"inLanguage":"fr-FR","potentialAction":[{"@type":"ReadAction","target":["https:\/\/www.latribunedufaso.net\/?p=11753"]}]},{"@type":"ImageObject","inLanguage":"fr-FR","@id":"https:\/\/www.latribunedufaso.net\/?p=11753#primaryimage","url":"https:\/\/www.latribunedufaso.net\/wp-content\/uploads\/2024\/02\/FB_IMG_1708379691936.jpg","contentUrl":"https:\/\/www.latribunedufaso.net\/wp-content\/uploads\/2024\/02\/FB_IMG_1708379691936.jpg","width":720,"height":480},{"@type":"BreadcrumbList","@id":"https:\/\/www.latribunedufaso.net\/?p=11753#breadcrumb","itemListElement":[{"@type":"ListItem","position":1,"name":"Accueil","item":"https:\/\/www.latribunedufaso.net\/"},{"@type":"ListItem","position":2,"name":"Infrastructure de transport : 124 milliards de FCFA pour l&rsquo;am\u00e9lioration de la mobilit\u00e9 urbaine \u00e0 Bobo-Dioulasso, Kaya et Ouahigouya"}]},{"@type":"WebSite","@id":"https:\/\/www.latribunedufaso.net\/#website","url":"https:\/\/www.latribunedufaso.net\/","name":"La Tribune du Faso","description":"L&#039;information du monde rural en un clic","publisher":{"@id":"https:\/\/www.latribunedufaso.net\/#organization"},"potentialAction":[{"@type":"SearchAction","target":{"@type":"EntryPoint","urlTemplate":"https:\/\/www.latribunedufaso.net\/?s={search_term_string}"},"query-input":{"@type":"PropertyValueSpecification","valueRequired":true,"valueName":"search_term_string"}}],"inLanguage":"fr-FR"},{"@type":"Organization","@id":"https:\/\/www.latribunedufaso.net\/#organization","name":"La Tribune du Faso","url":"https:\/\/www.latribunedufaso.net\/","logo":{"@type":"ImageObject","inLanguage":"fr-FR","@id":"https:\/\/www.latribunedufaso.net\/#\/schema\/logo\/image\/","url":"https:\/\/www.latribunedufaso.net\/wp-content\/uploads\/2020\/08\/Logo-Tribune-du-Faso-final-scaled.jpg","contentUrl":"https:\/\/www.latribunedufaso.net\/wp-content\/uploads\/2020\/08\/Logo-Tribune-du-Faso-final-scaled.jpg","width":2560,"height":1856,"caption":"La Tribune du Faso"},"image":{"@id":"https:\/\/www.latribunedufaso.net\/#\/schema\/logo\/image\/"},"sameAs":["https:\/\/www.facebook.com\/LatribuneduFaso\/"]},{"@type":"Person","@id":"https:\/\/www.latribunedufaso.net\/#\/schema\/person\/e54e64c5778a7e72cf80a318b7a622b0","name":"Issouf Tapsoba","image":{"@type":"ImageObject","inLanguage":"fr-FR","@id":"https:\/\/secure.gravatar.com\/avatar\/5e6c05150ce3230247d167f5b94d678eb05936197436d69b7921e3a95c9107ac?s=96&d=mm&r=g","url":"https:\/\/secure.gravatar.com\/avatar\/5e6c05150ce3230247d167f5b94d678eb05936197436d69b7921e3a95c9107ac?s=96&d=mm&r=g","contentUrl":"https:\/\/secure.gravatar.com\/avatar\/5e6c05150ce3230247d167f5b94d678eb05936197436d69b7921e3a95c9107ac?s=96&d=mm&r=g","caption":"Issouf Tapsoba"},"url":"https:\/\/www.latribunedufaso.net\/?author=5"}]}},"_links":{"self":[{"href":"https:\/\/www.latribunedufaso.net\/index.php?rest_route=\/wp\/v2\/posts\/11753","targetHints":{"allow":["GET"]}}],"collection":[{"href":"https:\/\/www.latribunedufaso.net\/index.php?rest_route=\/wp\/v2\/posts"}],"about":[{"href":"https:\/\/www.latribunedufaso.net\/index.php?rest_route=\/wp\/v2\/types\/post"}],"author":[{"embeddable":true,"href":"https:\/\/www.latribunedufaso.net\/index.php?rest_route=\/wp\/v2\/users\/5"}],"replies":[{"embeddable":true,"href":"https:\/\/www.latribunedufaso.net\/index.php?rest_route=%2Fwp%2Fv2%2Fcomments&post=11753"}],"version-history":[{"count":1,"href":"https:\/\/www.latribunedufaso.net\/index.php?rest_route=\/wp\/v2\/posts\/11753\/revisions"}],"predecessor-version":[{"id":11758,"href":"https:\/\/www.latribunedufaso.net\/index.php?rest_route=\/wp\/v2\/posts\/11753\/revisions\/11758"}],"wp:featuredmedia":[{"embeddable":true,"href":"https:\/\/www.latribunedufaso.net\/index.php?rest_route=\/wp\/v2\/media\/11757"}],"wp:attachment":[{"href":"https:\/\/www.latribunedufaso.net\/index.php?rest_route=%2Fwp%2Fv2%2Fmedia&parent=11753"}],"wp:term":[{"taxonomy":"category","embeddable":true,"href":"https:\/\/www.latribunedufaso.net\/index.php?rest_route=%2Fwp%2Fv2%2Fcategories&post=11753"},{"taxonomy":"post_tag","embeddable":true,"href":"https:\/\/www.latribunedufaso.net\/index.php?rest_route=%2Fwp%2Fv2%2Ftags&post=11753"}],"curies":[{"name":"wp","href":"https:\/\/api.w.org\/{rel}","templated":true}]}}