{"id":11741,"date":"2024-02-18T18:00:56","date_gmt":"2024-02-18T18:00:56","guid":{"rendered":"https:\/\/www.latribunedufaso.net\/?p=11741"},"modified":"2024-02-18T18:00:56","modified_gmt":"2024-02-18T18:00:56","slug":"rehabilitation-du-marche-de-sankar-yaare-de-ouagadougou-le-chantier-enregistre-une-progression-de-pres-de-50","status":"publish","type":"post","link":"https:\/\/www.latribunedufaso.net\/?p=11741","title":{"rendered":"R\u00e9habilitation du march\u00e9 de Sankar-Yaar\u00e9 de Ouagadougou : Le chantier enregistre une progression de pr\u00e8s de 50%"},"content":{"rendered":"<p><strong style=\"font-size: 1.0625rem;\">Le vendredi 16 f\u00e9vrier 2024, le Pr\u00e9sident de la d\u00e9l\u00e9gation sp\u00e9ciale de la Commune de Ouagadougou, Maurice Konat\u00e9, a effectu\u00e9 une visite sur le chantier de r\u00e9habilitation du march\u00e9 de Sankar-yaar\u00e9. Il \u00e9tait accompagn\u00e9 par ses collaborateurs. L&rsquo;objectif de c<span style=\"font-size: 1.0625rem;\">ette visite \u00e9tait <\/span><span style=\"font-size: 1.0625rem;\">d\u2019\u00e9valuer directement l\u2019avancement des travaux.<\/span><\/strong><\/p>\n<p><!--more--><\/p>\n<p><a href=\"https:\/\/www.latribunedufaso.net\/wp-content\/uploads\/2024\/02\/FB_IMG_1708279032205.jpg\"><img loading=\"lazy\" decoding=\"async\" class=\"size-medium wp-image-11745 alignleft\" src=\"https:\/\/www.latribunedufaso.net\/wp-content\/uploads\/2024\/02\/FB_IMG_1708279032205-300x200.jpg\" alt=\"\" width=\"300\" height=\"200\" srcset=\"https:\/\/www.latribunedufaso.net\/wp-content\/uploads\/2024\/02\/FB_IMG_1708279032205-300x200.jpg 300w, https:\/\/www.latribunedufaso.net\/wp-content\/uploads\/2024\/02\/FB_IMG_1708279032205-120x80.jpg 120w, https:\/\/www.latribunedufaso.net\/wp-content\/uploads\/2024\/02\/FB_IMG_1708279032205-360x240.jpg 360w, https:\/\/www.latribunedufaso.net\/wp-content\/uploads\/2024\/02\/FB_IMG_1708279032205-600x400.jpg 600w, https:\/\/www.latribunedufaso.net\/wp-content\/uploads\/2024\/02\/FB_IMG_1708279032205.jpg 720w\" sizes=\"auto, (max-width: 300px) 100vw, 300px\" \/><\/a>La d\u00e9l\u00e9gation, guid\u00e9e par le responsable de la mission de contr\u00f4le technique, Lassan\u00e9 Wango, a constat\u00e9 une progression d\u2019environ 50% en seulement 38% du d\u00e9lai pr\u00e9vu.\u00a0<\/p>\n<p><a href=\"https:\/\/www.latribunedufaso.net\/wp-content\/uploads\/2024\/02\/FB_IMG_1708279008335.jpg\"><img loading=\"lazy\" decoding=\"async\" class=\"size-medium wp-image-11746 alignleft\" src=\"https:\/\/www.latribunedufaso.net\/wp-content\/uploads\/2024\/02\/FB_IMG_1708279008335-300x200.jpg\" alt=\"\" width=\"300\" height=\"200\" srcset=\"https:\/\/www.latribunedufaso.net\/wp-content\/uploads\/2024\/02\/FB_IMG_1708279008335-300x200.jpg 300w, https:\/\/www.latribunedufaso.net\/wp-content\/uploads\/2024\/02\/FB_IMG_1708279008335-120x80.jpg 120w, https:\/\/www.latribunedufaso.net\/wp-content\/uploads\/2024\/02\/FB_IMG_1708279008335-360x240.jpg 360w, https:\/\/www.latribunedufaso.net\/wp-content\/uploads\/2024\/02\/FB_IMG_1708279008335-600x400.jpg 600w, https:\/\/www.latribunedufaso.net\/wp-content\/uploads\/2024\/02\/FB_IMG_1708279008335.jpg 720w\" sizes=\"auto, (max-width: 300px) 100vw, 300px\" \/><\/a>Le Pr\u00e9sident de la d\u00e9l\u00e9gation sp\u00e9ciale, Maurice Konat\u00e9 s\u2019est montr\u00e9 satisfait de cette avanc\u00e9e. Ainsi, Il a encourag\u00e9 les entreprises \u00e0 respecter les d\u00e9lais tout en appelant les responsables du march\u00e9 \u00e0 faciliter le travail.\u00a0<\/p>\n<p><a href=\"https:\/\/www.latribunedufaso.net\/wp-content\/uploads\/2024\/02\/FB_IMG_1708279008335.jpg\"><img loading=\"lazy\" decoding=\"async\" class=\"size-medium wp-image-11746 alignleft\" src=\"https:\/\/www.latribunedufaso.net\/wp-content\/uploads\/2024\/02\/FB_IMG_1708279008335-300x200.jpg\" alt=\"\" width=\"300\" height=\"200\" srcset=\"https:\/\/www.latribunedufaso.net\/wp-content\/uploads\/2024\/02\/FB_IMG_1708279008335-300x200.jpg 300w, https:\/\/www.latribunedufaso.net\/wp-content\/uploads\/2024\/02\/FB_IMG_1708279008335-120x80.jpg 120w, https:\/\/www.latribunedufaso.net\/wp-content\/uploads\/2024\/02\/FB_IMG_1708279008335-360x240.jpg 360w, https:\/\/www.latribunedufaso.net\/wp-content\/uploads\/2024\/02\/FB_IMG_1708279008335-600x400.jpg 600w, https:\/\/www.latribunedufaso.net\/wp-content\/uploads\/2024\/02\/FB_IMG_1708279008335.jpg 720w\" sizes=\"auto, (max-width: 300px) 100vw, 300px\" \/><\/a>Les commer\u00e7ants, quant \u00e0 eux, heureux de cette visite, ont exprim\u00e9 leur satisfaction quant \u00e0 l\u2019\u00e9tat d\u2019avancement du chantier, esp\u00e9rant retrouver leurs boutiques dans les meilleurs d\u00e9lais.<\/p>\n<p><strong>Latribunedmdufaso.net\u00a0<\/strong><\/p>\n<p><strong>Source : DCRP<span style=\"font-size: 1.0625rem;\">-CO<a href=\"https:\/\/www.latribunedufaso.net\/wp-content\/uploads\/2024\/02\/FB_IMG_1708279039448.jpg\"><img loading=\"lazy\" decoding=\"async\" class=\"size-medium wp-image-11744 alignleft\" src=\"https:\/\/www.latribunedufaso.net\/wp-content\/uploads\/2024\/02\/FB_IMG_1708279039448-300x200.jpg\" alt=\"\" width=\"300\" height=\"200\" srcset=\"https:\/\/www.latribunedufaso.net\/wp-content\/uploads\/2024\/02\/FB_IMG_1708279039448-300x200.jpg 300w, https:\/\/www.latribunedufaso.net\/wp-content\/uploads\/2024\/02\/FB_IMG_1708279039448-120x80.jpg 120w, https:\/\/www.latribunedufaso.net\/wp-content\/uploads\/2024\/02\/FB_IMG_1708279039448-360x240.jpg 360w, https:\/\/www.latribunedufaso.net\/wp-content\/uploads\/2024\/02\/FB_IMG_1708279039448-600x400.jpg 600w, https:\/\/www.latribunedufaso.net\/wp-content\/uploads\/2024\/02\/FB_IMG_1708279039448.jpg 720w\" sizes=\"auto, (max-width: 300px) 100vw, 300px\" \/><\/a><\/span><\/strong><\/p>\n","protected":false},"excerpt":{"rendered":"<p>Le vendredi 16 f\u00e9vrier 2024, le Pr\u00e9sident de la d\u00e9l\u00e9gation sp\u00e9ciale de la Commune de Ouagadougou, Maurice Konat\u00e9, a effectu\u00e9 une visite sur le chantier de r\u00e9habilitation du march\u00e9 de Sankar-yaar\u00e9. Il \u00e9tait accompagn\u00e9 par ses collaborateurs. L&rsquo;objectif de cette visite \u00e9tait d\u2019\u00e9valuer directement l\u2019avancement des travaux.<\/p>\n","protected":false},"author":5,"featured_media":11743,"comment_status":"open","ping_status":"open","sticky":false,"template":"","format":"standard","meta":{"footnotes":""},"categories":[13,1,10],"tags":[],"class_list":["post-11741","post","type-post","status-publish","format-standard","has-post-thumbnail","hentry","category-une","category-actu","category-eco"],"yoast_head":"<!-- This site is optimized with the Yoast SEO plugin v27.5 - https:\/\/yoast.com\/product\/yoast-seo-wordpress\/ -->\n<title>R\u00e9habilitation du march\u00e9 de Sankar-Yaar\u00e9 de Ouagadougou : Le chantier enregistre une progression de pr\u00e8s de 50% - La Tribune du Faso<\/title>\n<meta name=\"robots\" content=\"index, follow, max-snippet:-1, max-image-preview:large, max-video-preview:-1\" \/>\n<link rel=\"canonical\" href=\"https:\/\/www.latribunedufaso.net\/?p=11741\" \/>\n<meta property=\"og:locale\" content=\"fr_FR\" \/>\n<meta property=\"og:type\" content=\"article\" \/>\n<meta property=\"og:title\" content=\"R\u00e9habilitation du march\u00e9 de Sankar-Yaar\u00e9 de Ouagadougou : Le chantier enregistre une progression de pr\u00e8s de 50% - La Tribune du Faso\" \/>\n<meta property=\"og:description\" content=\"Le vendredi 16 f\u00e9vrier 2024, le Pr\u00e9sident de la d\u00e9l\u00e9gation sp\u00e9ciale de la Commune de Ouagadougou, Maurice Konat\u00e9, a effectu\u00e9 une visite sur le chantier de r\u00e9habilitation du march\u00e9 de Sankar-yaar\u00e9. Il \u00e9tait accompagn\u00e9 par ses collaborateurs. L&rsquo;objectif de cette visite \u00e9tait d\u2019\u00e9valuer directement l\u2019avancement des travaux.\" \/>\n<meta property=\"og:url\" content=\"https:\/\/www.latribunedufaso.net\/?p=11741\" \/>\n<meta property=\"og:site_name\" content=\"La Tribune du Faso\" \/>\n<meta property=\"article:publisher\" content=\"https:\/\/www.facebook.com\/LatribuneduFaso\/\" \/>\n<meta property=\"article:published_time\" content=\"2024-02-18T18:00:56+00:00\" \/>\n<meta property=\"og:image\" content=\"https:\/\/www.latribunedufaso.net\/wp-content\/uploads\/2024\/02\/FB_IMG_1708279052812.jpg\" \/>\n\t<meta property=\"og:image:width\" content=\"720\" \/>\n\t<meta property=\"og:image:height\" content=\"480\" \/>\n\t<meta property=\"og:image:type\" content=\"image\/jpeg\" \/>\n<meta name=\"author\" content=\"Issouf Tapsoba\" \/>\n<meta name=\"twitter:label1\" content=\"\u00c9crit par\" \/>\n\t<meta name=\"twitter:data1\" content=\"Issouf Tapsoba\" \/>\n\t<meta name=\"twitter:label2\" content=\"Dur\u00e9e de lecture estim\u00e9e\" \/>\n\t<meta name=\"twitter:data2\" content=\"1 minute\" \/>\n<script type=\"application\/ld+json\" class=\"yoast-schema-graph\">{\"@context\":\"https:\\\/\\\/schema.org\",\"@graph\":[{\"@type\":\"Article\",\"@id\":\"https:\\\/\\\/www.latribunedufaso.net\\\/?p=11741#article\",\"isPartOf\":{\"@id\":\"https:\\\/\\\/www.latribunedufaso.net\\\/?p=11741\"},\"author\":{\"name\":\"Issouf Tapsoba\",\"@id\":\"https:\\\/\\\/www.latribunedufaso.net\\\/#\\\/schema\\\/person\\\/e54e64c5778a7e72cf80a318b7a622b0\"},\"headline\":\"R\u00e9habilitation du march\u00e9 de Sankar-Yaar\u00e9 de Ouagadougou : Le chantier enregistre une progression de pr\u00e8s de 50%\",\"datePublished\":\"2024-02-18T18:00:56+00:00\",\"mainEntityOfPage\":{\"@id\":\"https:\\\/\\\/www.latribunedufaso.net\\\/?p=11741\"},\"wordCount\":176,\"commentCount\":0,\"publisher\":{\"@id\":\"https:\\\/\\\/www.latribunedufaso.net\\\/#organization\"},\"image\":{\"@id\":\"https:\\\/\\\/www.latribunedufaso.net\\\/?p=11741#primaryimage\"},\"thumbnailUrl\":\"https:\\\/\\\/www.latribunedufaso.net\\\/wp-content\\\/uploads\\\/2024\\\/02\\\/FB_IMG_1708279052812.jpg\",\"articleSection\":[\"A la une\",\"Actualit\u00e9\",\"Economie\"],\"inLanguage\":\"fr-FR\",\"potentialAction\":[{\"@type\":\"CommentAction\",\"name\":\"Comment\",\"target\":[\"https:\\\/\\\/www.latribunedufaso.net\\\/?p=11741#respond\"]}]},{\"@type\":\"WebPage\",\"@id\":\"https:\\\/\\\/www.latribunedufaso.net\\\/?p=11741\",\"url\":\"https:\\\/\\\/www.latribunedufaso.net\\\/?p=11741\",\"name\":\"R\u00e9habilitation du march\u00e9 de Sankar-Yaar\u00e9 de Ouagadougou : Le chantier enregistre une progression de pr\u00e8s de 50% - La Tribune du Faso\",\"isPartOf\":{\"@id\":\"https:\\\/\\\/www.latribunedufaso.net\\\/#website\"},\"primaryImageOfPage\":{\"@id\":\"https:\\\/\\\/www.latribunedufaso.net\\\/?p=11741#primaryimage\"},\"image\":{\"@id\":\"https:\\\/\\\/www.latribunedufaso.net\\\/?p=11741#primaryimage\"},\"thumbnailUrl\":\"https:\\\/\\\/www.latribunedufaso.net\\\/wp-content\\\/uploads\\\/2024\\\/02\\\/FB_IMG_1708279052812.jpg\",\"datePublished\":\"2024-02-18T18:00:56+00:00\",\"breadcrumb\":{\"@id\":\"https:\\\/\\\/www.latribunedufaso.net\\\/?p=11741#breadcrumb\"},\"inLanguage\":\"fr-FR\",\"potentialAction\":[{\"@type\":\"ReadAction\",\"target\":[\"https:\\\/\\\/www.latribunedufaso.net\\\/?p=11741\"]}]},{\"@type\":\"ImageObject\",\"inLanguage\":\"fr-FR\",\"@id\":\"https:\\\/\\\/www.latribunedufaso.net\\\/?p=11741#primaryimage\",\"url\":\"https:\\\/\\\/www.latribunedufaso.net\\\/wp-content\\\/uploads\\\/2024\\\/02\\\/FB_IMG_1708279052812.jpg\",\"contentUrl\":\"https:\\\/\\\/www.latribunedufaso.net\\\/wp-content\\\/uploads\\\/2024\\\/02\\\/FB_IMG_1708279052812.jpg\",\"width\":720,\"height\":480},{\"@type\":\"BreadcrumbList\",\"@id\":\"https:\\\/\\\/www.latribunedufaso.net\\\/?p=11741#breadcrumb\",\"itemListElement\":[{\"@type\":\"ListItem\",\"position\":1,\"name\":\"Accueil\",\"item\":\"https:\\\/\\\/www.latribunedufaso.net\\\/\"},{\"@type\":\"ListItem\",\"position\":2,\"name\":\"R\u00e9habilitation du march\u00e9 de Sankar-Yaar\u00e9 de Ouagadougou : Le chantier enregistre une progression de pr\u00e8s de 50%\"}]},{\"@type\":\"WebSite\",\"@id\":\"https:\\\/\\\/www.latribunedufaso.net\\\/#website\",\"url\":\"https:\\\/\\\/www.latribunedufaso.net\\\/\",\"name\":\"La Tribune du Faso\",\"description\":\"L&#039;information du monde rural en un clic\",\"publisher\":{\"@id\":\"https:\\\/\\\/www.latribunedufaso.net\\\/#organization\"},\"potentialAction\":[{\"@type\":\"SearchAction\",\"target\":{\"@type\":\"EntryPoint\",\"urlTemplate\":\"https:\\\/\\\/www.latribunedufaso.net\\\/?s={search_term_string}\"},\"query-input\":{\"@type\":\"PropertyValueSpecification\",\"valueRequired\":true,\"valueName\":\"search_term_string\"}}],\"inLanguage\":\"fr-FR\"},{\"@type\":\"Organization\",\"@id\":\"https:\\\/\\\/www.latribunedufaso.net\\\/#organization\",\"name\":\"La Tribune du Faso\",\"url\":\"https:\\\/\\\/www.latribunedufaso.net\\\/\",\"logo\":{\"@type\":\"ImageObject\",\"inLanguage\":\"fr-FR\",\"@id\":\"https:\\\/\\\/www.latribunedufaso.net\\\/#\\\/schema\\\/logo\\\/image\\\/\",\"url\":\"https:\\\/\\\/www.latribunedufaso.net\\\/wp-content\\\/uploads\\\/2020\\\/08\\\/Logo-Tribune-du-Faso-final-scaled.jpg\",\"contentUrl\":\"https:\\\/\\\/www.latribunedufaso.net\\\/wp-content\\\/uploads\\\/2020\\\/08\\\/Logo-Tribune-du-Faso-final-scaled.jpg\",\"width\":2560,\"height\":1856,\"caption\":\"La Tribune du Faso\"},\"image\":{\"@id\":\"https:\\\/\\\/www.latribunedufaso.net\\\/#\\\/schema\\\/logo\\\/image\\\/\"},\"sameAs\":[\"https:\\\/\\\/www.facebook.com\\\/LatribuneduFaso\\\/\"]},{\"@type\":\"Person\",\"@id\":\"https:\\\/\\\/www.latribunedufaso.net\\\/#\\\/schema\\\/person\\\/e54e64c5778a7e72cf80a318b7a622b0\",\"name\":\"Issouf Tapsoba\",\"image\":{\"@type\":\"ImageObject\",\"inLanguage\":\"fr-FR\",\"@id\":\"https:\\\/\\\/secure.gravatar.com\\\/avatar\\\/5e6c05150ce3230247d167f5b94d678eb05936197436d69b7921e3a95c9107ac?s=96&d=mm&r=g\",\"url\":\"https:\\\/\\\/secure.gravatar.com\\\/avatar\\\/5e6c05150ce3230247d167f5b94d678eb05936197436d69b7921e3a95c9107ac?s=96&d=mm&r=g\",\"contentUrl\":\"https:\\\/\\\/secure.gravatar.com\\\/avatar\\\/5e6c05150ce3230247d167f5b94d678eb05936197436d69b7921e3a95c9107ac?s=96&d=mm&r=g\",\"caption\":\"Issouf Tapsoba\"},\"url\":\"https:\\\/\\\/www.latribunedufaso.net\\\/?author=5\"}]}<\/script>\n<!-- \/ Yoast SEO plugin. -->","yoast_head_json":{"title":"R\u00e9habilitation du march\u00e9 de Sankar-Yaar\u00e9 de Ouagadougou : Le chantier enregistre une progression de pr\u00e8s de 50% - La Tribune du Faso","robots":{"index":"index","follow":"follow","max-snippet":"max-snippet:-1","max-image-preview":"max-image-preview:large","max-video-preview":"max-video-preview:-1"},"canonical":"https:\/\/www.latribunedufaso.net\/?p=11741","og_locale":"fr_FR","og_type":"article","og_title":"R\u00e9habilitation du march\u00e9 de Sankar-Yaar\u00e9 de Ouagadougou : Le chantier enregistre une progression de pr\u00e8s de 50% - La Tribune du Faso","og_description":"Le vendredi 16 f\u00e9vrier 2024, le Pr\u00e9sident de la d\u00e9l\u00e9gation sp\u00e9ciale de la Commune de Ouagadougou, Maurice Konat\u00e9, a effectu\u00e9 une visite sur le chantier de r\u00e9habilitation du march\u00e9 de Sankar-yaar\u00e9. Il \u00e9tait accompagn\u00e9 par ses collaborateurs. L&rsquo;objectif de cette visite \u00e9tait d\u2019\u00e9valuer directement l\u2019avancement des travaux.","og_url":"https:\/\/www.latribunedufaso.net\/?p=11741","og_site_name":"La Tribune du Faso","article_publisher":"https:\/\/www.facebook.com\/LatribuneduFaso\/","article_published_time":"2024-02-18T18:00:56+00:00","og_image":[{"width":720,"height":480,"url":"https:\/\/www.latribunedufaso.net\/wp-content\/uploads\/2024\/02\/FB_IMG_1708279052812.jpg","type":"image\/jpeg"}],"author":"Issouf Tapsoba","twitter_misc":{"\u00c9crit par":"Issouf Tapsoba","Dur\u00e9e de lecture estim\u00e9e":"1 minute"},"schema":{"@context":"https:\/\/schema.org","@graph":[{"@type":"Article","@id":"https:\/\/www.latribunedufaso.net\/?p=11741#article","isPartOf":{"@id":"https:\/\/www.latribunedufaso.net\/?p=11741"},"author":{"name":"Issouf Tapsoba","@id":"https:\/\/www.latribunedufaso.net\/#\/schema\/person\/e54e64c5778a7e72cf80a318b7a622b0"},"headline":"R\u00e9habilitation du march\u00e9 de Sankar-Yaar\u00e9 de Ouagadougou : Le chantier enregistre une progression de pr\u00e8s de 50%","datePublished":"2024-02-18T18:00:56+00:00","mainEntityOfPage":{"@id":"https:\/\/www.latribunedufaso.net\/?p=11741"},"wordCount":176,"commentCount":0,"publisher":{"@id":"https:\/\/www.latribunedufaso.net\/#organization"},"image":{"@id":"https:\/\/www.latribunedufaso.net\/?p=11741#primaryimage"},"thumbnailUrl":"https:\/\/www.latribunedufaso.net\/wp-content\/uploads\/2024\/02\/FB_IMG_1708279052812.jpg","articleSection":["A la une","Actualit\u00e9","Economie"],"inLanguage":"fr-FR","potentialAction":[{"@type":"CommentAction","name":"Comment","target":["https:\/\/www.latribunedufaso.net\/?p=11741#respond"]}]},{"@type":"WebPage","@id":"https:\/\/www.latribunedufaso.net\/?p=11741","url":"https:\/\/www.latribunedufaso.net\/?p=11741","name":"R\u00e9habilitation du march\u00e9 de Sankar-Yaar\u00e9 de Ouagadougou : Le chantier enregistre une progression de pr\u00e8s de 50% - La Tribune du Faso","isPartOf":{"@id":"https:\/\/www.latribunedufaso.net\/#website"},"primaryImageOfPage":{"@id":"https:\/\/www.latribunedufaso.net\/?p=11741#primaryimage"},"image":{"@id":"https:\/\/www.latribunedufaso.net\/?p=11741#primaryimage"},"thumbnailUrl":"https:\/\/www.latribunedufaso.net\/wp-content\/uploads\/2024\/02\/FB_IMG_1708279052812.jpg","datePublished":"2024-02-18T18:00:56+00:00","breadcrumb":{"@id":"https:\/\/www.latribunedufaso.net\/?p=11741#breadcrumb"},"inLanguage":"fr-FR","potentialAction":[{"@type":"ReadAction","target":["https:\/\/www.latribunedufaso.net\/?p=11741"]}]},{"@type":"ImageObject","inLanguage":"fr-FR","@id":"https:\/\/www.latribunedufaso.net\/?p=11741#primaryimage","url":"https:\/\/www.latribunedufaso.net\/wp-content\/uploads\/2024\/02\/FB_IMG_1708279052812.jpg","contentUrl":"https:\/\/www.latribunedufaso.net\/wp-content\/uploads\/2024\/02\/FB_IMG_1708279052812.jpg","width":720,"height":480},{"@type":"BreadcrumbList","@id":"https:\/\/www.latribunedufaso.net\/?p=11741#breadcrumb","itemListElement":[{"@type":"ListItem","position":1,"name":"Accueil","item":"https:\/\/www.latribunedufaso.net\/"},{"@type":"ListItem","position":2,"name":"R\u00e9habilitation du march\u00e9 de Sankar-Yaar\u00e9 de Ouagadougou : Le chantier enregistre une progression de pr\u00e8s de 50%"}]},{"@type":"WebSite","@id":"https:\/\/www.latribunedufaso.net\/#website","url":"https:\/\/www.latribunedufaso.net\/","name":"La Tribune du Faso","description":"L&#039;information du monde rural en un clic","publisher":{"@id":"https:\/\/www.latribunedufaso.net\/#organization"},"potentialAction":[{"@type":"SearchAction","target":{"@type":"EntryPoint","urlTemplate":"https:\/\/www.latribunedufaso.net\/?s={search_term_string}"},"query-input":{"@type":"PropertyValueSpecification","valueRequired":true,"valueName":"search_term_string"}}],"inLanguage":"fr-FR"},{"@type":"Organization","@id":"https:\/\/www.latribunedufaso.net\/#organization","name":"La Tribune du Faso","url":"https:\/\/www.latribunedufaso.net\/","logo":{"@type":"ImageObject","inLanguage":"fr-FR","@id":"https:\/\/www.latribunedufaso.net\/#\/schema\/logo\/image\/","url":"https:\/\/www.latribunedufaso.net\/wp-content\/uploads\/2020\/08\/Logo-Tribune-du-Faso-final-scaled.jpg","contentUrl":"https:\/\/www.latribunedufaso.net\/wp-content\/uploads\/2020\/08\/Logo-Tribune-du-Faso-final-scaled.jpg","width":2560,"height":1856,"caption":"La Tribune du Faso"},"image":{"@id":"https:\/\/www.latribunedufaso.net\/#\/schema\/logo\/image\/"},"sameAs":["https:\/\/www.facebook.com\/LatribuneduFaso\/"]},{"@type":"Person","@id":"https:\/\/www.latribunedufaso.net\/#\/schema\/person\/e54e64c5778a7e72cf80a318b7a622b0","name":"Issouf Tapsoba","image":{"@type":"ImageObject","inLanguage":"fr-FR","@id":"https:\/\/secure.gravatar.com\/avatar\/5e6c05150ce3230247d167f5b94d678eb05936197436d69b7921e3a95c9107ac?s=96&d=mm&r=g","url":"https:\/\/secure.gravatar.com\/avatar\/5e6c05150ce3230247d167f5b94d678eb05936197436d69b7921e3a95c9107ac?s=96&d=mm&r=g","contentUrl":"https:\/\/secure.gravatar.com\/avatar\/5e6c05150ce3230247d167f5b94d678eb05936197436d69b7921e3a95c9107ac?s=96&d=mm&r=g","caption":"Issouf Tapsoba"},"url":"https:\/\/www.latribunedufaso.net\/?author=5"}]}},"_links":{"self":[{"href":"https:\/\/www.latribunedufaso.net\/index.php?rest_route=\/wp\/v2\/posts\/11741","targetHints":{"allow":["GET"]}}],"collection":[{"href":"https:\/\/www.latribunedufaso.net\/index.php?rest_route=\/wp\/v2\/posts"}],"about":[{"href":"https:\/\/www.latribunedufaso.net\/index.php?rest_route=\/wp\/v2\/types\/post"}],"author":[{"embeddable":true,"href":"https:\/\/www.latribunedufaso.net\/index.php?rest_route=\/wp\/v2\/users\/5"}],"replies":[{"embeddable":true,"href":"https:\/\/www.latribunedufaso.net\/index.php?rest_route=%2Fwp%2Fv2%2Fcomments&post=11741"}],"version-history":[{"count":1,"href":"https:\/\/www.latribunedufaso.net\/index.php?rest_route=\/wp\/v2\/posts\/11741\/revisions"}],"predecessor-version":[{"id":11747,"href":"https:\/\/www.latribunedufaso.net\/index.php?rest_route=\/wp\/v2\/posts\/11741\/revisions\/11747"}],"wp:featuredmedia":[{"embeddable":true,"href":"https:\/\/www.latribunedufaso.net\/index.php?rest_route=\/wp\/v2\/media\/11743"}],"wp:attachment":[{"href":"https:\/\/www.latribunedufaso.net\/index.php?rest_route=%2Fwp%2Fv2%2Fmedia&parent=11741"}],"wp:term":[{"taxonomy":"category","embeddable":true,"href":"https:\/\/www.latribunedufaso.net\/index.php?rest_route=%2Fwp%2Fv2%2Fcategories&post=11741"},{"taxonomy":"post_tag","embeddable":true,"href":"https:\/\/www.latribunedufaso.net\/index.php?rest_route=%2Fwp%2Fv2%2Ftags&post=11741"}],"curies":[{"name":"wp","href":"https:\/\/api.w.org\/{rel}","templated":true}]}}