{"id":11556,"date":"2024-02-08T11:43:17","date_gmt":"2024-02-08T11:43:17","guid":{"rendered":"https:\/\/www.latribunedufaso.net\/?p=11556"},"modified":"2024-02-08T11:43:17","modified_gmt":"2024-02-08T11:43:17","slug":"rencontres-internationales-de-peinture-de-ouagadougou-la-5eme-edition-aura-lieu-du-13-au-18-fevrier-2024-a-ouagadougou","status":"publish","type":"post","link":"https:\/\/www.latribunedufaso.net\/?p=11556","title":{"rendered":"Rencontres Internationales de peinture de Ouagadougou : La 5\u00e8me \u00e9dition aura lieu du 13 au 18 f\u00e9vrier 2024 \u00e0 Ouagadougou\u00a0"},"content":{"rendered":"<p><strong><span style=\"font-size: 1.0625rem;\">Le mercredi 07 f\u00e9vrier 2024 \u00e0 Ouagadougou, la pr\u00e9sidente de l\u2019Association pour la promotion des arts plastiques (APAP), Suzanne Songa\/ Ou\u00e9draogo a proc\u00e9d\u00e9, au cours d\u2019une conf\u00e9rence de presse, au lancement officiel de la 5\u00e8me \u00e9dition des Rencontres internationales de peinture de Ouagadougou (RIPO).<\/span><\/strong><br \/><!--more--><\/p>\n<p>Pr\u00e9vue du 13 au 18 f\u00e9vrier 2024 \u00e0 Ouagadougou, cette \u00e9dition est plac\u00e9e sous le patronage du ministre de la Communication, des Arts et du Tourisme, Jean Emmanuel Ou\u00e9draogo. Elle a pour th\u00e8me : \u00ab Trait_D\u2019union \u00bb et regroupera 40 artistes d\u2019Afrique et d\u2019ailleurs sur trois sites que sont le centre culturel Naneego, le centre Napambeogo et le Goethe institut.\u00a0<\/p>\n<p>Le choix de ce th\u00e8me, selon la pr\u00e9sidente de l\u2019APAP, Suzanne Songa\/ Ou\u00e9draogo est en lien avec le contexte d\u2019ins\u00e9curit\u00e9, de repli de soi et de stigmatisation.\u00a0<\/p>\n<p><a href=\"https:\/\/www.latribunedufaso.net\/wp-content\/uploads\/2024\/02\/IMG-20240208-WA0001.jpg\"><img loading=\"lazy\" decoding=\"async\" class=\"size-medium wp-image-11558 alignleft\" src=\"https:\/\/www.latribunedufaso.net\/wp-content\/uploads\/2024\/02\/IMG-20240208-WA0001-300x174.jpg\" alt=\"\" width=\"300\" height=\"174\" srcset=\"https:\/\/www.latribunedufaso.net\/wp-content\/uploads\/2024\/02\/IMG-20240208-WA0001-300x174.jpg 300w, https:\/\/www.latribunedufaso.net\/wp-content\/uploads\/2024\/02\/IMG-20240208-WA0001-1024x595.jpg 1024w, https:\/\/www.latribunedufaso.net\/wp-content\/uploads\/2024\/02\/IMG-20240208-WA0001-768x447.jpg 768w, https:\/\/www.latribunedufaso.net\/wp-content\/uploads\/2024\/02\/IMG-20240208-WA0001.jpg 1080w\" sizes=\"auto, (max-width: 300px) 100vw, 300px\" \/><\/a>Pour elle, des innovations sont en vue pour cette \u00e9dition. Il s\u2019agit du format nouveau, celui de l\u2019itin\u00e9rance des RIPO intitul\u00e9 \u00ab RIPO itin\u00e9rant \u00bb. A l\u2019\u00e9couter, les artistes choisis auront l\u2019occasion, cette ann\u00e9e, de voyager \u00e0 travers le monde en commen\u00e7ant par le Maroc, pays parrain de ladite c\u00e9r\u00e9monie.\u00a0<\/p>\n<p>\u00ab Durant ces 5 jours, les professionnels de la peinture et des arts visuels se retrouveront autour de diverses activit\u00e9s pour d\u00e9velopper leurs imaginaires et leurs aspirations en se posant en terreau fertile \u00e0 l\u2019\u00e9closion de moments de convivialit\u00e9 et de vivre ensemble \u00bb, a expliqu\u00e9 Suzanne Songa\/ Ou\u00e9draogo. <span style=\"font-size: 1.0625rem;\">Une multitude d\u2019activit\u00e9s favorisant les rencontres et partages telles que une exposition, une conf\u00e9rence, des ateliers de formations, une rue marchande, une excursion, des panels sera au programme.<\/span><\/p>\n<p><strong>Nabintou Ouattara\u00a0<\/strong><\/p>\n<p><strong>Latribunedufaso.net<\/strong><\/p>\n","protected":false},"excerpt":{"rendered":"<p>Le mercredi 07 f\u00e9vrier 2024 \u00e0 Ouagadougou, la pr\u00e9sidente de l\u2019Association pour la promotion des arts plastiques (APAP), Suzanne Songa\/ Ou\u00e9draogo a proc\u00e9d\u00e9, au cours d\u2019une conf\u00e9rence de presse, au lancement officiel de la 5\u00e8me \u00e9dition des Rencontres internationales de peinture de Ouagadougou (RIPO).<\/p>\n","protected":false},"author":5,"featured_media":11557,"comment_status":"open","ping_status":"open","sticky":false,"template":"","format":"standard","meta":{"footnotes":""},"categories":[13,1,30],"tags":[],"class_list":["post-11556","post","type-post","status-publish","format-standard","has-post-thumbnail","hentry","category-une","category-actu","category-art-et-culture"],"yoast_head":"<!-- This site is optimized with the Yoast SEO plugin v27.5 - https:\/\/yoast.com\/product\/yoast-seo-wordpress\/ -->\n<title>Rencontres Internationales de peinture de Ouagadougou : La 5\u00e8me \u00e9dition aura lieu du 13 au 18 f\u00e9vrier 2024 \u00e0 Ouagadougou\u00a0 - La Tribune du Faso<\/title>\n<meta name=\"robots\" content=\"index, follow, max-snippet:-1, max-image-preview:large, max-video-preview:-1\" \/>\n<link rel=\"canonical\" href=\"https:\/\/www.latribunedufaso.net\/?p=11556\" \/>\n<meta property=\"og:locale\" content=\"fr_FR\" \/>\n<meta property=\"og:type\" content=\"article\" \/>\n<meta property=\"og:title\" content=\"Rencontres Internationales de peinture de Ouagadougou : La 5\u00e8me \u00e9dition aura lieu du 13 au 18 f\u00e9vrier 2024 \u00e0 Ouagadougou\u00a0 - La Tribune du Faso\" \/>\n<meta property=\"og:description\" content=\"Le mercredi 07 f\u00e9vrier 2024 \u00e0 Ouagadougou, la pr\u00e9sidente de l\u2019Association pour la promotion des arts plastiques (APAP), Suzanne Songa\/ Ou\u00e9draogo a proc\u00e9d\u00e9, au cours d\u2019une conf\u00e9rence de presse, au lancement officiel de la 5\u00e8me \u00e9dition des Rencontres internationales de peinture de Ouagadougou (RIPO).\" \/>\n<meta property=\"og:url\" content=\"https:\/\/www.latribunedufaso.net\/?p=11556\" \/>\n<meta property=\"og:site_name\" content=\"La Tribune du Faso\" \/>\n<meta property=\"article:publisher\" content=\"https:\/\/www.facebook.com\/LatribuneduFaso\/\" \/>\n<meta property=\"article:published_time\" content=\"2024-02-08T11:43:17+00:00\" \/>\n<meta property=\"og:image\" content=\"https:\/\/www.latribunedufaso.net\/wp-content\/uploads\/2024\/02\/IMG-20240208-WA0000.jpg\" \/>\n\t<meta property=\"og:image:width\" content=\"1080\" \/>\n\t<meta property=\"og:image:height\" content=\"538\" \/>\n\t<meta property=\"og:image:type\" content=\"image\/jpeg\" \/>\n<meta name=\"author\" content=\"Issouf Tapsoba\" \/>\n<meta name=\"twitter:label1\" content=\"\u00c9crit par\" \/>\n\t<meta name=\"twitter:data1\" content=\"Issouf Tapsoba\" \/>\n\t<meta name=\"twitter:label2\" content=\"Dur\u00e9e de lecture estim\u00e9e\" \/>\n\t<meta name=\"twitter:data2\" content=\"1 minute\" \/>\n<script type=\"application\/ld+json\" class=\"yoast-schema-graph\">{\"@context\":\"https:\\\/\\\/schema.org\",\"@graph\":[{\"@type\":\"Article\",\"@id\":\"https:\\\/\\\/www.latribunedufaso.net\\\/?p=11556#article\",\"isPartOf\":{\"@id\":\"https:\\\/\\\/www.latribunedufaso.net\\\/?p=11556\"},\"author\":{\"name\":\"Issouf Tapsoba\",\"@id\":\"https:\\\/\\\/www.latribunedufaso.net\\\/#\\\/schema\\\/person\\\/e54e64c5778a7e72cf80a318b7a622b0\"},\"headline\":\"Rencontres Internationales de peinture de Ouagadougou : La 5\u00e8me \u00e9dition aura lieu du 13 au 18 f\u00e9vrier 2024 \u00e0 Ouagadougou\u00a0\",\"datePublished\":\"2024-02-08T11:43:17+00:00\",\"mainEntityOfPage\":{\"@id\":\"https:\\\/\\\/www.latribunedufaso.net\\\/?p=11556\"},\"wordCount\":299,\"commentCount\":0,\"publisher\":{\"@id\":\"https:\\\/\\\/www.latribunedufaso.net\\\/#organization\"},\"image\":{\"@id\":\"https:\\\/\\\/www.latribunedufaso.net\\\/?p=11556#primaryimage\"},\"thumbnailUrl\":\"https:\\\/\\\/www.latribunedufaso.net\\\/wp-content\\\/uploads\\\/2024\\\/02\\\/IMG-20240208-WA0000.jpg\",\"articleSection\":[\"A la une\",\"Actualit\u00e9\",\"Art et Culture\"],\"inLanguage\":\"fr-FR\",\"potentialAction\":[{\"@type\":\"CommentAction\",\"name\":\"Comment\",\"target\":[\"https:\\\/\\\/www.latribunedufaso.net\\\/?p=11556#respond\"]}]},{\"@type\":\"WebPage\",\"@id\":\"https:\\\/\\\/www.latribunedufaso.net\\\/?p=11556\",\"url\":\"https:\\\/\\\/www.latribunedufaso.net\\\/?p=11556\",\"name\":\"Rencontres Internationales de peinture de Ouagadougou : La 5\u00e8me \u00e9dition aura lieu du 13 au 18 f\u00e9vrier 2024 \u00e0 Ouagadougou\u00a0 - La Tribune du Faso\",\"isPartOf\":{\"@id\":\"https:\\\/\\\/www.latribunedufaso.net\\\/#website\"},\"primaryImageOfPage\":{\"@id\":\"https:\\\/\\\/www.latribunedufaso.net\\\/?p=11556#primaryimage\"},\"image\":{\"@id\":\"https:\\\/\\\/www.latribunedufaso.net\\\/?p=11556#primaryimage\"},\"thumbnailUrl\":\"https:\\\/\\\/www.latribunedufaso.net\\\/wp-content\\\/uploads\\\/2024\\\/02\\\/IMG-20240208-WA0000.jpg\",\"datePublished\":\"2024-02-08T11:43:17+00:00\",\"breadcrumb\":{\"@id\":\"https:\\\/\\\/www.latribunedufaso.net\\\/?p=11556#breadcrumb\"},\"inLanguage\":\"fr-FR\",\"potentialAction\":[{\"@type\":\"ReadAction\",\"target\":[\"https:\\\/\\\/www.latribunedufaso.net\\\/?p=11556\"]}]},{\"@type\":\"ImageObject\",\"inLanguage\":\"fr-FR\",\"@id\":\"https:\\\/\\\/www.latribunedufaso.net\\\/?p=11556#primaryimage\",\"url\":\"https:\\\/\\\/www.latribunedufaso.net\\\/wp-content\\\/uploads\\\/2024\\\/02\\\/IMG-20240208-WA0000.jpg\",\"contentUrl\":\"https:\\\/\\\/www.latribunedufaso.net\\\/wp-content\\\/uploads\\\/2024\\\/02\\\/IMG-20240208-WA0000.jpg\",\"width\":1080,\"height\":538},{\"@type\":\"BreadcrumbList\",\"@id\":\"https:\\\/\\\/www.latribunedufaso.net\\\/?p=11556#breadcrumb\",\"itemListElement\":[{\"@type\":\"ListItem\",\"position\":1,\"name\":\"Accueil\",\"item\":\"https:\\\/\\\/www.latribunedufaso.net\\\/\"},{\"@type\":\"ListItem\",\"position\":2,\"name\":\"Rencontres Internationales de peinture de Ouagadougou : La 5\u00e8me \u00e9dition aura lieu du 13 au 18 f\u00e9vrier 2024 \u00e0 Ouagadougou\u00a0\"}]},{\"@type\":\"WebSite\",\"@id\":\"https:\\\/\\\/www.latribunedufaso.net\\\/#website\",\"url\":\"https:\\\/\\\/www.latribunedufaso.net\\\/\",\"name\":\"La Tribune du Faso\",\"description\":\"L&#039;information du monde rural en un clic\",\"publisher\":{\"@id\":\"https:\\\/\\\/www.latribunedufaso.net\\\/#organization\"},\"potentialAction\":[{\"@type\":\"SearchAction\",\"target\":{\"@type\":\"EntryPoint\",\"urlTemplate\":\"https:\\\/\\\/www.latribunedufaso.net\\\/?s={search_term_string}\"},\"query-input\":{\"@type\":\"PropertyValueSpecification\",\"valueRequired\":true,\"valueName\":\"search_term_string\"}}],\"inLanguage\":\"fr-FR\"},{\"@type\":\"Organization\",\"@id\":\"https:\\\/\\\/www.latribunedufaso.net\\\/#organization\",\"name\":\"La Tribune du Faso\",\"url\":\"https:\\\/\\\/www.latribunedufaso.net\\\/\",\"logo\":{\"@type\":\"ImageObject\",\"inLanguage\":\"fr-FR\",\"@id\":\"https:\\\/\\\/www.latribunedufaso.net\\\/#\\\/schema\\\/logo\\\/image\\\/\",\"url\":\"https:\\\/\\\/www.latribunedufaso.net\\\/wp-content\\\/uploads\\\/2020\\\/08\\\/Logo-Tribune-du-Faso-final-scaled.jpg\",\"contentUrl\":\"https:\\\/\\\/www.latribunedufaso.net\\\/wp-content\\\/uploads\\\/2020\\\/08\\\/Logo-Tribune-du-Faso-final-scaled.jpg\",\"width\":2560,\"height\":1856,\"caption\":\"La Tribune du Faso\"},\"image\":{\"@id\":\"https:\\\/\\\/www.latribunedufaso.net\\\/#\\\/schema\\\/logo\\\/image\\\/\"},\"sameAs\":[\"https:\\\/\\\/www.facebook.com\\\/LatribuneduFaso\\\/\"]},{\"@type\":\"Person\",\"@id\":\"https:\\\/\\\/www.latribunedufaso.net\\\/#\\\/schema\\\/person\\\/e54e64c5778a7e72cf80a318b7a622b0\",\"name\":\"Issouf Tapsoba\",\"image\":{\"@type\":\"ImageObject\",\"inLanguage\":\"fr-FR\",\"@id\":\"https:\\\/\\\/secure.gravatar.com\\\/avatar\\\/5e6c05150ce3230247d167f5b94d678eb05936197436d69b7921e3a95c9107ac?s=96&d=mm&r=g\",\"url\":\"https:\\\/\\\/secure.gravatar.com\\\/avatar\\\/5e6c05150ce3230247d167f5b94d678eb05936197436d69b7921e3a95c9107ac?s=96&d=mm&r=g\",\"contentUrl\":\"https:\\\/\\\/secure.gravatar.com\\\/avatar\\\/5e6c05150ce3230247d167f5b94d678eb05936197436d69b7921e3a95c9107ac?s=96&d=mm&r=g\",\"caption\":\"Issouf Tapsoba\"},\"url\":\"https:\\\/\\\/www.latribunedufaso.net\\\/?author=5\"}]}<\/script>\n<!-- \/ Yoast SEO plugin. -->","yoast_head_json":{"title":"Rencontres Internationales de peinture de Ouagadougou : La 5\u00e8me \u00e9dition aura lieu du 13 au 18 f\u00e9vrier 2024 \u00e0 Ouagadougou\u00a0 - La Tribune du Faso","robots":{"index":"index","follow":"follow","max-snippet":"max-snippet:-1","max-image-preview":"max-image-preview:large","max-video-preview":"max-video-preview:-1"},"canonical":"https:\/\/www.latribunedufaso.net\/?p=11556","og_locale":"fr_FR","og_type":"article","og_title":"Rencontres Internationales de peinture de Ouagadougou : La 5\u00e8me \u00e9dition aura lieu du 13 au 18 f\u00e9vrier 2024 \u00e0 Ouagadougou\u00a0 - La Tribune du Faso","og_description":"Le mercredi 07 f\u00e9vrier 2024 \u00e0 Ouagadougou, la pr\u00e9sidente de l\u2019Association pour la promotion des arts plastiques (APAP), Suzanne Songa\/ Ou\u00e9draogo a proc\u00e9d\u00e9, au cours d\u2019une conf\u00e9rence de presse, au lancement officiel de la 5\u00e8me \u00e9dition des Rencontres internationales de peinture de Ouagadougou (RIPO).","og_url":"https:\/\/www.latribunedufaso.net\/?p=11556","og_site_name":"La Tribune du Faso","article_publisher":"https:\/\/www.facebook.com\/LatribuneduFaso\/","article_published_time":"2024-02-08T11:43:17+00:00","og_image":[{"width":1080,"height":538,"url":"https:\/\/www.latribunedufaso.net\/wp-content\/uploads\/2024\/02\/IMG-20240208-WA0000.jpg","type":"image\/jpeg"}],"author":"Issouf Tapsoba","twitter_misc":{"\u00c9crit par":"Issouf Tapsoba","Dur\u00e9e de lecture estim\u00e9e":"1 minute"},"schema":{"@context":"https:\/\/schema.org","@graph":[{"@type":"Article","@id":"https:\/\/www.latribunedufaso.net\/?p=11556#article","isPartOf":{"@id":"https:\/\/www.latribunedufaso.net\/?p=11556"},"author":{"name":"Issouf Tapsoba","@id":"https:\/\/www.latribunedufaso.net\/#\/schema\/person\/e54e64c5778a7e72cf80a318b7a622b0"},"headline":"Rencontres Internationales de peinture de Ouagadougou : La 5\u00e8me \u00e9dition aura lieu du 13 au 18 f\u00e9vrier 2024 \u00e0 Ouagadougou\u00a0","datePublished":"2024-02-08T11:43:17+00:00","mainEntityOfPage":{"@id":"https:\/\/www.latribunedufaso.net\/?p=11556"},"wordCount":299,"commentCount":0,"publisher":{"@id":"https:\/\/www.latribunedufaso.net\/#organization"},"image":{"@id":"https:\/\/www.latribunedufaso.net\/?p=11556#primaryimage"},"thumbnailUrl":"https:\/\/www.latribunedufaso.net\/wp-content\/uploads\/2024\/02\/IMG-20240208-WA0000.jpg","articleSection":["A la une","Actualit\u00e9","Art et Culture"],"inLanguage":"fr-FR","potentialAction":[{"@type":"CommentAction","name":"Comment","target":["https:\/\/www.latribunedufaso.net\/?p=11556#respond"]}]},{"@type":"WebPage","@id":"https:\/\/www.latribunedufaso.net\/?p=11556","url":"https:\/\/www.latribunedufaso.net\/?p=11556","name":"Rencontres Internationales de peinture de Ouagadougou : La 5\u00e8me \u00e9dition aura lieu du 13 au 18 f\u00e9vrier 2024 \u00e0 Ouagadougou\u00a0 - La Tribune du Faso","isPartOf":{"@id":"https:\/\/www.latribunedufaso.net\/#website"},"primaryImageOfPage":{"@id":"https:\/\/www.latribunedufaso.net\/?p=11556#primaryimage"},"image":{"@id":"https:\/\/www.latribunedufaso.net\/?p=11556#primaryimage"},"thumbnailUrl":"https:\/\/www.latribunedufaso.net\/wp-content\/uploads\/2024\/02\/IMG-20240208-WA0000.jpg","datePublished":"2024-02-08T11:43:17+00:00","breadcrumb":{"@id":"https:\/\/www.latribunedufaso.net\/?p=11556#breadcrumb"},"inLanguage":"fr-FR","potentialAction":[{"@type":"ReadAction","target":["https:\/\/www.latribunedufaso.net\/?p=11556"]}]},{"@type":"ImageObject","inLanguage":"fr-FR","@id":"https:\/\/www.latribunedufaso.net\/?p=11556#primaryimage","url":"https:\/\/www.latribunedufaso.net\/wp-content\/uploads\/2024\/02\/IMG-20240208-WA0000.jpg","contentUrl":"https:\/\/www.latribunedufaso.net\/wp-content\/uploads\/2024\/02\/IMG-20240208-WA0000.jpg","width":1080,"height":538},{"@type":"BreadcrumbList","@id":"https:\/\/www.latribunedufaso.net\/?p=11556#breadcrumb","itemListElement":[{"@type":"ListItem","position":1,"name":"Accueil","item":"https:\/\/www.latribunedufaso.net\/"},{"@type":"ListItem","position":2,"name":"Rencontres Internationales de peinture de Ouagadougou : La 5\u00e8me \u00e9dition aura lieu du 13 au 18 f\u00e9vrier 2024 \u00e0 Ouagadougou\u00a0"}]},{"@type":"WebSite","@id":"https:\/\/www.latribunedufaso.net\/#website","url":"https:\/\/www.latribunedufaso.net\/","name":"La Tribune du Faso","description":"L&#039;information du monde rural en un clic","publisher":{"@id":"https:\/\/www.latribunedufaso.net\/#organization"},"potentialAction":[{"@type":"SearchAction","target":{"@type":"EntryPoint","urlTemplate":"https:\/\/www.latribunedufaso.net\/?s={search_term_string}"},"query-input":{"@type":"PropertyValueSpecification","valueRequired":true,"valueName":"search_term_string"}}],"inLanguage":"fr-FR"},{"@type":"Organization","@id":"https:\/\/www.latribunedufaso.net\/#organization","name":"La Tribune du Faso","url":"https:\/\/www.latribunedufaso.net\/","logo":{"@type":"ImageObject","inLanguage":"fr-FR","@id":"https:\/\/www.latribunedufaso.net\/#\/schema\/logo\/image\/","url":"https:\/\/www.latribunedufaso.net\/wp-content\/uploads\/2020\/08\/Logo-Tribune-du-Faso-final-scaled.jpg","contentUrl":"https:\/\/www.latribunedufaso.net\/wp-content\/uploads\/2020\/08\/Logo-Tribune-du-Faso-final-scaled.jpg","width":2560,"height":1856,"caption":"La Tribune du Faso"},"image":{"@id":"https:\/\/www.latribunedufaso.net\/#\/schema\/logo\/image\/"},"sameAs":["https:\/\/www.facebook.com\/LatribuneduFaso\/"]},{"@type":"Person","@id":"https:\/\/www.latribunedufaso.net\/#\/schema\/person\/e54e64c5778a7e72cf80a318b7a622b0","name":"Issouf Tapsoba","image":{"@type":"ImageObject","inLanguage":"fr-FR","@id":"https:\/\/secure.gravatar.com\/avatar\/5e6c05150ce3230247d167f5b94d678eb05936197436d69b7921e3a95c9107ac?s=96&d=mm&r=g","url":"https:\/\/secure.gravatar.com\/avatar\/5e6c05150ce3230247d167f5b94d678eb05936197436d69b7921e3a95c9107ac?s=96&d=mm&r=g","contentUrl":"https:\/\/secure.gravatar.com\/avatar\/5e6c05150ce3230247d167f5b94d678eb05936197436d69b7921e3a95c9107ac?s=96&d=mm&r=g","caption":"Issouf Tapsoba"},"url":"https:\/\/www.latribunedufaso.net\/?author=5"}]}},"_links":{"self":[{"href":"https:\/\/www.latribunedufaso.net\/index.php?rest_route=\/wp\/v2\/posts\/11556","targetHints":{"allow":["GET"]}}],"collection":[{"href":"https:\/\/www.latribunedufaso.net\/index.php?rest_route=\/wp\/v2\/posts"}],"about":[{"href":"https:\/\/www.latribunedufaso.net\/index.php?rest_route=\/wp\/v2\/types\/post"}],"author":[{"embeddable":true,"href":"https:\/\/www.latribunedufaso.net\/index.php?rest_route=\/wp\/v2\/users\/5"}],"replies":[{"embeddable":true,"href":"https:\/\/www.latribunedufaso.net\/index.php?rest_route=%2Fwp%2Fv2%2Fcomments&post=11556"}],"version-history":[{"count":1,"href":"https:\/\/www.latribunedufaso.net\/index.php?rest_route=\/wp\/v2\/posts\/11556\/revisions"}],"predecessor-version":[{"id":11559,"href":"https:\/\/www.latribunedufaso.net\/index.php?rest_route=\/wp\/v2\/posts\/11556\/revisions\/11559"}],"wp:featuredmedia":[{"embeddable":true,"href":"https:\/\/www.latribunedufaso.net\/index.php?rest_route=\/wp\/v2\/media\/11557"}],"wp:attachment":[{"href":"https:\/\/www.latribunedufaso.net\/index.php?rest_route=%2Fwp%2Fv2%2Fmedia&parent=11556"}],"wp:term":[{"taxonomy":"category","embeddable":true,"href":"https:\/\/www.latribunedufaso.net\/index.php?rest_route=%2Fwp%2Fv2%2Fcategories&post=11556"},{"taxonomy":"post_tag","embeddable":true,"href":"https:\/\/www.latribunedufaso.net\/index.php?rest_route=%2Fwp%2Fv2%2Ftags&post=11556"}],"curies":[{"name":"wp","href":"https:\/\/api.w.org\/{rel}","templated":true}]}}